{"id":85603,"date":"2025-12-10T05:58:58","date_gmt":"2025-12-10T04:58:58","guid":{"rendered":"https:\/\/vosgesinfo.fr\/gerardmerinfo\/?p=85603"},"modified":"2025-12-09T16:19:27","modified_gmt":"2025-12-09T15:19:27","slug":"lehpad-lea-andre-devoile-son-nouveau-projet-artistique-tisser-les-saisons","status":"publish","type":"post","link":"https:\/\/vosgesinfo.fr\/gerardmerinfo\/2025\/12\/lehpad-lea-andre-devoile-son-nouveau-projet-artistique-tisser-les-saisons\/","title":{"rendered":"L\u2019EHPAD L\u00e9a Andr\u00e9 d\u00e9voile son nouveau projet artistique \u00ab Tisser les saisons \u00bb"},"content":{"rendered":"<div id=\"attachment_85605\" style=\"width: 1034px\" class=\"wp-caption aligncenter\"><a href=\"https:\/\/vosgesinfo.fr\/app\/uploads\/sites\/6\/2025\/12\/tissons-les-saisons-ehpad-lea-andre-gerardmer-2.jpg\"><img decoding=\"async\" aria-describedby=\"caption-attachment-85605\" class=\"wp-image-85605 size-large\" src=\"https:\/\/vosgesinfo.fr\/app\/uploads\/sites\/6\/2025\/12\/tissons-les-saisons-ehpad-lea-andre-gerardmer-2-1024x768.jpg\" alt=\"\" width=\"1024\" height=\"768\" srcset=\"https:\/\/vosgesinfo.fr\/app\/uploads\/sites\/6\/2025\/12\/tissons-les-saisons-ehpad-lea-andre-gerardmer-2-1024x768.jpg 1024w, https:\/\/vosgesinfo.fr\/app\/uploads\/sites\/6\/2025\/12\/tissons-les-saisons-ehpad-lea-andre-gerardmer-2-300x225.jpg 300w, https:\/\/vosgesinfo.fr\/app\/uploads\/sites\/6\/2025\/12\/tissons-les-saisons-ehpad-lea-andre-gerardmer-2-768x576.jpg 768w, https:\/\/vosgesinfo.fr\/app\/uploads\/sites\/6\/2025\/12\/tissons-les-saisons-ehpad-lea-andre-gerardmer-2.jpg 1440w\" sizes=\"(max-width: 1024px) 100vw, 1024px\" \/><\/a><p id=\"caption-attachment-85605\" class=\"wp-caption-text\">Jeanne Mentrel pr\u00e9sente le projet \u00ab\u00a0Tisser les saisons\u00a0\u00bb en pr\u00e9sence de la trentaine de participants \u00e0 ce projet artistique assez unique en son genre.<\/p><\/div>\n<p data-pm-slice=\"1 1 []\">\n<p data-pm-slice=\"1 1 []\"><strong>Ce mardi apr\u00e8s-midi, l\u2019EHPAD L\u00e9a Andr\u00e9 de G\u00e9rardmer proc\u00e9dait \u00e0 une premi\u00e8re restitution d\u2019un projet artistique original et sensible : \u00ab Tissons les saisons \u00bb est une cr\u00e9ation textile collective men\u00e9e depuis plusieurs mois avec les r\u00e9sidents, sous l\u2019impulsion de deux jeunes artistes vosgiennes et des deux animatrices de l\u2019\u00e9tablissement, Julie et Marie-Christine.\u00a0<\/strong><\/p>\n<p>N\u00e9 d\u2019une premi\u00e8re sensibilisation \u00e0 l\u2019art textile contemporain en 2024, comprenant visite d\u2019exposition et ateliers cr\u00e9atifs, ce parcours artistique vise \u00e0 r\u00e9veiller les sens, stimuler les gestes et valoriser les savoir-faire. Pour orchestrer cette initiative lanc\u00e9e il y a environ 4 mois, l&rsquo;EHPAD avait \u00e0 nouveau fait appel \u00e0 Jeanne Mentrel, artiste plasticienne, \u00e9paul\u00e9e cette fois par Elise Py, costumi\u00e8re dont la mission \u00e9tait de trouver des solutions pratiques afin de rendre accessibles le projet et les techniques \u00e0 l&rsquo;ensemble des participants de l&rsquo;EHPAD, mais aussi du Foyer des Essis et de l\u2019accueil de jour.<\/p>\n<p><strong>Tisser ensemble<\/strong><\/p>\n<div id=\"attachment_85606\" style=\"width: 310px\" class=\"wp-caption alignright\"><a href=\"https:\/\/vosgesinfo.fr\/app\/uploads\/sites\/6\/2025\/12\/tissons-les-saisons-ehpad-lea-andre-gerardmer-3.jpg\"><img decoding=\"async\" aria-describedby=\"caption-attachment-85606\" class=\"size-medium wp-image-85606\" src=\"https:\/\/vosgesinfo.fr\/app\/uploads\/sites\/6\/2025\/12\/tissons-les-saisons-ehpad-lea-andre-gerardmer-3-300x225.jpg\" alt=\"\" width=\"300\" height=\"225\" srcset=\"https:\/\/vosgesinfo.fr\/app\/uploads\/sites\/6\/2025\/12\/tissons-les-saisons-ehpad-lea-andre-gerardmer-3-300x225.jpg 300w, https:\/\/vosgesinfo.fr\/app\/uploads\/sites\/6\/2025\/12\/tissons-les-saisons-ehpad-lea-andre-gerardmer-3-1024x768.jpg 1024w, https:\/\/vosgesinfo.fr\/app\/uploads\/sites\/6\/2025\/12\/tissons-les-saisons-ehpad-lea-andre-gerardmer-3-768x576.jpg 768w, https:\/\/vosgesinfo.fr\/app\/uploads\/sites\/6\/2025\/12\/tissons-les-saisons-ehpad-lea-andre-gerardmer-3.jpg 1440w\" sizes=\"(max-width: 300px) 100vw, 300px\" \/><\/a><p id=\"caption-attachment-85606\" class=\"wp-caption-text\">jeanne Mentrel &amp; Elise Py.<\/p><\/div>\n<p>Avec Tissons les Saisons\u00a0\u00bb, l\u2019objectif premier n\u2019est pas n\u00e9cessairement de \u00ab faire beau \u00bb, mais de faire ensemble, de laisser libre cours \u00e0 la perception, aux \u00e9motions et au toucher. Chaque saison poss\u00e8de ainsi sa propre gamme de tonalit\u00e9s et de textures que les participants s&rsquo;approprient et d\u00e9veloppent. Les modules, reli\u00e9s par des lani\u00e8res, peuvent \u00eatre assembl\u00e9s de multiples fa\u00e7ons pour s\u2019adapter aux lieux et aux moments de pr\u00e9sentation. Pour cette premi\u00e8re phase qui a fait l&rsquo;objet d&rsquo;une restitution, les participants ont concentr\u00e9 leur travail sur l\u2019\u00e9t\u00e9 et l\u2019automne. L\u2019\u0153uvre pr\u00e9sent\u00e9e est une sculpture textile non figurative, compos\u00e9e de modules inspir\u00e9s des caract\u00e9ristiques sensorielles des saisons : mati\u00e8res douces ou r\u00eaches, textiles l\u00e9gers ou \u00e9pais, couleurs chaudes ou froides, imprim\u00e9s frais ou motifs tartan\u2026<\/p>\n<p><a href=\"https:\/\/vosgesinfo.fr\/app\/uploads\/sites\/6\/2025\/12\/tissons-les-saisons-ehpad-lea-andre-gerardmer-1.jpg\"><img decoding=\"async\" class=\"alignright size-medium wp-image-85607\" src=\"https:\/\/vosgesinfo.fr\/app\/uploads\/sites\/6\/2025\/12\/tissons-les-saisons-ehpad-lea-andre-gerardmer-1-300x225.jpg\" alt=\"\" width=\"300\" height=\"225\" srcset=\"https:\/\/vosgesinfo.fr\/app\/uploads\/sites\/6\/2025\/12\/tissons-les-saisons-ehpad-lea-andre-gerardmer-1-300x225.jpg 300w, https:\/\/vosgesinfo.fr\/app\/uploads\/sites\/6\/2025\/12\/tissons-les-saisons-ehpad-lea-andre-gerardmer-1-1024x768.jpg 1024w, https:\/\/vosgesinfo.fr\/app\/uploads\/sites\/6\/2025\/12\/tissons-les-saisons-ehpad-lea-andre-gerardmer-1-768x576.jpg 768w, https:\/\/vosgesinfo.fr\/app\/uploads\/sites\/6\/2025\/12\/tissons-les-saisons-ehpad-lea-andre-gerardmer-1.jpg 1440w\" sizes=\"(max-width: 300px) 100vw, 300px\" \/><\/a>Cette restitution constituait\u00a0une \u00e9tape importante d\u2019un projet qui, au-del\u00e0 de l\u2019aspect artistique, renforce le lien social, stimule la m\u00e9moire et valorise l\u2019expression de chacun. Un rendez-vous sensible, cr\u00e9atif et profond\u00e9ment humain, \u00e0 l\u2019image des saisons que l\u2019on tisse\u2026 ensemble. Et les participants vous donnent rendez-vous au printemps pour la restitution du travail sur l&rsquo;hiver et le printemps, les 4 saisons seront alors r\u00e9unies !<\/p>\n<p><strong>Un projet collectif port\u00e9 par de nombreux partenaires<\/strong><\/p>\n<p>Les animatrices ont profit\u00e9 de ce moment pour remercier les partenaires de l&rsquo;op\u00e9ration. En effet, le projet a \u00e9t\u00e9 enrichi par le soutien d&rsquo;un large r\u00e9seau d&rsquo;institutions et de priv\u00e9s mobilis\u00e9s autour de la cr\u00e9ation textile : le Conseil D\u00e9partemental, la DRAC et l&rsquo;ARS Grand Est bien entendu, mais aussi le Foyer de vie <em>Les Essis<\/em> du Beillard (FMS des Vosges), la MSVS (b\u00e9n\u00e9ficiaires de minima sociaux du bassin de G\u00e9rardmer), le Secours Catholique de G\u00e9rardmer (club couture et tricot), les familles des r\u00e9sidents, l&rsquo;association VMEH, engag\u00e9e dans la visite des malades et des r\u00e9sidents, l&rsquo;entreprise Garnier-Thiebaut, qui a accueilli les participants et fourni des mati\u00e8res, ou encore le mus\u00e9e du Textile de Ventron, qui a propos\u00e9 une visite adapt\u00e9e et des \u00e9changes sur le patrimoine du textile vosgien.<\/p>\n","protected":false},"excerpt":{"rendered":"<p>Ce mardi apr\u00e8s-midi, l\u2019EHPAD L\u00e9a Andr\u00e9 de G\u00e9rardmer proc\u00e9dait \u00e0 une premi\u00e8re restitution d\u2019un projet artistique original et sensible : [&hellip;]<\/p>\n","protected":false},"author":42,"featured_media":85605,"comment_status":"open","ping_status":"open","sticky":false,"template":"","format":"standard","meta":{"footnotes":""},"categories":[20,4,25,5647,12],"tags":[],"class_list":["post-85603","post","type-post","status-publish","format-standard","has-post-thumbnail","hentry","category-a-la-une","category-culture","category-gerardmer","category-gerardmer-autres-sites","category-sante"],"acf":[],"yoast_head":"<!-- This site is optimized with the Yoast SEO plugin v22.5 - https:\/\/yoast.com\/wordpress\/plugins\/seo\/ -->\n<title>L\u2019EHPAD L\u00e9a Andr\u00e9 d\u00e9voile son nouveau projet artistique \u00ab Tisser les saisons \u00bb - Gerardmer Info<\/title>\n<meta name=\"robots\" content=\"index, follow, max-snippet:-1, max-image-preview:large, max-video-preview:-1\" \/>\n<link rel=\"canonical\" href=\"https:\/\/vosgesinfo.fr\/gerardmerinfo\/2025\/12\/lehpad-lea-andre-devoile-son-nouveau-projet-artistique-tisser-les-saisons\/\" \/>\n<meta name=\"twitter:card\" content=\"summary_large_image\" \/>\n<meta name=\"twitter:title\" content=\"L\u2019EHPAD L\u00e9a Andr\u00e9 d\u00e9voile son nouveau projet artistique \u00ab Tisser les saisons \u00bb - Gerardmer Info\" \/>\n<meta name=\"twitter:description\" content=\"Ce mardi apr\u00e8s-midi, l\u2019EHPAD L\u00e9a Andr\u00e9 de G\u00e9rardmer proc\u00e9dait \u00e0 une premi\u00e8re restitution d\u2019un projet artistique original et sensible : [&hellip;]\" \/>\n<meta name=\"twitter:image\" content=\"https:\/\/vosgesinfo.fr\/app\/uploads\/sites\/6\/2025\/12\/tissons-les-saisons-ehpad-lea-andre-gerardmer-2.jpg\" \/>\n<meta name=\"twitter:creator\" content=\"@VosgesInfo88\" \/>\n<meta name=\"twitter:site\" content=\"@VosgesInfo88\" \/>\n<meta name=\"twitter:label1\" content=\"\u00c9crit par\" \/>\n\t<meta name=\"twitter:data1\" content=\"QG\" \/>\n\t<meta name=\"twitter:label2\" content=\"Dur\u00e9e de lecture estim\u00e9e\" \/>\n\t<meta name=\"twitter:data2\" content=\"4 minutes\" \/>\n<script type=\"application\/ld+json\" class=\"yoast-schema-graph\">{\"@context\":\"https:\/\/schema.org\",\"@graph\":[{\"@type\":\"Article\",\"@id\":\"https:\/\/vosgesinfo.fr\/gerardmerinfo\/2025\/12\/lehpad-lea-andre-devoile-son-nouveau-projet-artistique-tisser-les-saisons\/#article\",\"isPartOf\":{\"@id\":\"https:\/\/vosgesinfo.fr\/gerardmerinfo\/2025\/12\/lehpad-lea-andre-devoile-son-nouveau-projet-artistique-tisser-les-saisons\/\"},\"author\":{\"name\":\"QG\",\"@id\":\"https:\/\/vosgesinfo.fr\/gerardmerinfo\/#\/schema\/person\/db5605779a843dad16b5368f3e7613a5\"},\"headline\":\"L\u2019EHPAD L\u00e9a Andr\u00e9 d\u00e9voile son nouveau projet artistique \u00ab Tisser les saisons \u00bb\",\"datePublished\":\"2025-12-10T04:58:58+00:00\",\"dateModified\":\"2025-12-09T15:19:27+00:00\",\"mainEntityOfPage\":{\"@id\":\"https:\/\/vosgesinfo.fr\/gerardmerinfo\/2025\/12\/lehpad-lea-andre-devoile-son-nouveau-projet-artistique-tisser-les-saisons\/\"},\"wordCount\":600,\"commentCount\":0,\"publisher\":{\"@id\":\"https:\/\/vosgesinfo.fr\/gerardmerinfo\/#organization\"},\"image\":{\"@id\":\"https:\/\/vosgesinfo.fr\/gerardmerinfo\/2025\/12\/lehpad-lea-andre-devoile-son-nouveau-projet-artistique-tisser-les-saisons\/#primaryimage\"},\"thumbnailUrl\":\"https:\/\/vosgesinfo.fr\/app\/uploads\/sites\/6\/2025\/12\/tissons-les-saisons-ehpad-lea-andre-gerardmer-2.jpg\",\"articleSection\":[\"A la une\",\"Culture\",\"G\u00e9rardmer\",\"Gerardmer\",\"Sant\u00e9\"],\"inLanguage\":\"fr-FR\",\"potentialAction\":[{\"@type\":\"CommentAction\",\"name\":\"Comment\",\"target\":[\"https:\/\/vosgesinfo.fr\/gerardmerinfo\/2025\/12\/lehpad-lea-andre-devoile-son-nouveau-projet-artistique-tisser-les-saisons\/#respond\"]}]},{\"@type\":\"WebPage\",\"@id\":\"https:\/\/vosgesinfo.fr\/gerardmerinfo\/2025\/12\/lehpad-lea-andre-devoile-son-nouveau-projet-artistique-tisser-les-saisons\/\",\"url\":\"https:\/\/vosgesinfo.fr\/gerardmerinfo\/2025\/12\/lehpad-lea-andre-devoile-son-nouveau-projet-artistique-tisser-les-saisons\/\",\"name\":\"L\u2019EHPAD L\u00e9a Andr\u00e9 d\u00e9voile son nouveau projet artistique \u00ab Tisser les saisons \u00bb - Gerardmer Info\",\"isPartOf\":{\"@id\":\"https:\/\/vosgesinfo.fr\/gerardmerinfo\/#website\"},\"primaryImageOfPage\":{\"@id\":\"https:\/\/vosgesinfo.fr\/gerardmerinfo\/2025\/12\/lehpad-lea-andre-devoile-son-nouveau-projet-artistique-tisser-les-saisons\/#primaryimage\"},\"image\":{\"@id\":\"https:\/\/vosgesinfo.fr\/gerardmerinfo\/2025\/12\/lehpad-lea-andre-devoile-son-nouveau-projet-artistique-tisser-les-saisons\/#primaryimage\"},\"thumbnailUrl\":\"https:\/\/vosgesinfo.fr\/app\/uploads\/sites\/6\/2025\/12\/tissons-les-saisons-ehpad-lea-andre-gerardmer-2.jpg\",\"datePublished\":\"2025-12-10T04:58:58+00:00\",\"dateModified\":\"2025-12-09T15:19:27+00:00\",\"breadcrumb\":{\"@id\":\"https:\/\/vosgesinfo.fr\/gerardmerinfo\/2025\/12\/lehpad-lea-andre-devoile-son-nouveau-projet-artistique-tisser-les-saisons\/#breadcrumb\"},\"inLanguage\":\"fr-FR\",\"potentialAction\":[{\"@type\":\"ReadAction\",\"target\":[\"https:\/\/vosgesinfo.fr\/gerardmerinfo\/2025\/12\/lehpad-lea-andre-devoile-son-nouveau-projet-artistique-tisser-les-saisons\/\"]}]},{\"@type\":\"ImageObject\",\"inLanguage\":\"fr-FR\",\"@id\":\"https:\/\/vosgesinfo.fr\/gerardmerinfo\/2025\/12\/lehpad-lea-andre-devoile-son-nouveau-projet-artistique-tisser-les-saisons\/#primaryimage\",\"url\":\"https:\/\/vosgesinfo.fr\/app\/uploads\/sites\/6\/2025\/12\/tissons-les-saisons-ehpad-lea-andre-gerardmer-2.jpg\",\"contentUrl\":\"https:\/\/vosgesinfo.fr\/app\/uploads\/sites\/6\/2025\/12\/tissons-les-saisons-ehpad-lea-andre-gerardmer-2.jpg\",\"width\":1440,\"height\":1080},{\"@type\":\"BreadcrumbList\",\"@id\":\"https:\/\/vosgesinfo.fr\/gerardmerinfo\/2025\/12\/lehpad-lea-andre-devoile-son-nouveau-projet-artistique-tisser-les-saisons\/#breadcrumb\",\"itemListElement\":[{\"@type\":\"ListItem\",\"position\":1,\"name\":\"Home\",\"item\":\"https:\/\/vosgesinfo.fr\/gerardmerinfo\/\"},{\"@type\":\"ListItem\",\"position\":2,\"name\":\"L\u2019EHPAD L\u00e9a Andr\u00e9 d\u00e9voile son nouveau projet artistique \u00ab Tisser les saisons \u00bb\"}]},{\"@type\":\"WebSite\",\"@id\":\"https:\/\/vosgesinfo.fr\/gerardmerinfo\/#website\",\"url\":\"https:\/\/vosgesinfo.fr\/gerardmerinfo\/\",\"name\":\"Gerardmer Info\",\"description\":\"Toute l&#039;actualit\u00e9 de G\u00e9rardmer\",\"publisher\":{\"@id\":\"https:\/\/vosgesinfo.fr\/gerardmerinfo\/#organization\"},\"alternateName\":\"Toute l'actualit\u00e9 de G\u00e9rardmer\",\"potentialAction\":[{\"@type\":\"SearchAction\",\"target\":{\"@type\":\"EntryPoint\",\"urlTemplate\":\"https:\/\/vosgesinfo.fr\/gerardmerinfo\/?s={search_term_string}\"},\"query-input\":\"required name=search_term_string\"}],\"inLanguage\":\"fr-FR\"},{\"@type\":\"Organization\",\"@id\":\"https:\/\/vosgesinfo.fr\/gerardmerinfo\/#organization\",\"name\":\"Gerardmer Info\",\"url\":\"https:\/\/vosgesinfo.fr\/gerardmerinfo\/\",\"logo\":{\"@type\":\"ImageObject\",\"inLanguage\":\"fr-FR\",\"@id\":\"https:\/\/vosgesinfo.fr\/gerardmerinfo\/#\/schema\/logo\/image\/\",\"url\":\"https:\/\/vosgesinfo.fr\/app\/uploads\/sites\/6\/2023\/08\/favicon-gerardmerinfo.png\",\"contentUrl\":\"https:\/\/vosgesinfo.fr\/app\/uploads\/sites\/6\/2023\/08\/favicon-gerardmerinfo.png\",\"width\":512,\"height\":512,\"caption\":\"Gerardmer Info\"},\"image\":{\"@id\":\"https:\/\/vosgesinfo.fr\/gerardmerinfo\/#\/schema\/logo\/image\/\"},\"sameAs\":[\"https:\/\/www.facebook.com\/profile.php?id=100049475262660\",\"https:\/\/x.com\/VosgesInfo88\",\"https:\/\/www.youtube.com\/@vosgesinfo\"]},{\"@type\":\"Person\",\"@id\":\"https:\/\/vosgesinfo.fr\/gerardmerinfo\/#\/schema\/person\/db5605779a843dad16b5368f3e7613a5\",\"name\":\"QG\",\"image\":{\"@type\":\"ImageObject\",\"inLanguage\":\"fr-FR\",\"@id\":\"https:\/\/vosgesinfo.fr\/gerardmerinfo\/#\/schema\/person\/image\/\",\"url\":\"https:\/\/secure.gravatar.com\/avatar\/ea80c42c204b534408512832fde52504ecabb9706bcb6151cf6175e5b64e6793?s=96&d=mm&r=g\",\"contentUrl\":\"https:\/\/secure.gravatar.com\/avatar\/ea80c42c204b534408512832fde52504ecabb9706bcb6151cf6175e5b64e6793?s=96&d=mm&r=g\",\"caption\":\"QG\"},\"url\":\"https:\/\/vosgesinfo.fr\/gerardmerinfo\/author\/quentin88\/\"}]}<\/script>\n<!-- \/ Yoast SEO plugin. -->","yoast_head_json":{"title":"L\u2019EHPAD L\u00e9a Andr\u00e9 d\u00e9voile son nouveau projet artistique \u00ab Tisser les saisons \u00bb - Gerardmer Info","robots":{"index":"index","follow":"follow","max-snippet":"max-snippet:-1","max-image-preview":"max-image-preview:large","max-video-preview":"max-video-preview:-1"},"canonical":"https:\/\/vosgesinfo.fr\/gerardmerinfo\/2025\/12\/lehpad-lea-andre-devoile-son-nouveau-projet-artistique-tisser-les-saisons\/","twitter_card":"summary_large_image","twitter_title":"L\u2019EHPAD L\u00e9a Andr\u00e9 d\u00e9voile son nouveau projet artistique \u00ab Tisser les saisons \u00bb - Gerardmer Info","twitter_description":"Ce mardi apr\u00e8s-midi, l\u2019EHPAD L\u00e9a Andr\u00e9 de G\u00e9rardmer proc\u00e9dait \u00e0 une premi\u00e8re restitution d\u2019un projet artistique original et sensible : [&hellip;]","twitter_image":"https:\/\/vosgesinfo.fr\/app\/uploads\/sites\/6\/2025\/12\/tissons-les-saisons-ehpad-lea-andre-gerardmer-2.jpg","twitter_creator":"@VosgesInfo88","twitter_site":"@VosgesInfo88","twitter_misc":{"\u00c9crit par":"QG","Dur\u00e9e de lecture estim\u00e9e":"4 minutes"},"schema":{"@context":"https:\/\/schema.org","@graph":[{"@type":"Article","@id":"https:\/\/vosgesinfo.fr\/gerardmerinfo\/2025\/12\/lehpad-lea-andre-devoile-son-nouveau-projet-artistique-tisser-les-saisons\/#article","isPartOf":{"@id":"https:\/\/vosgesinfo.fr\/gerardmerinfo\/2025\/12\/lehpad-lea-andre-devoile-son-nouveau-projet-artistique-tisser-les-saisons\/"},"author":{"name":"QG","@id":"https:\/\/vosgesinfo.fr\/gerardmerinfo\/#\/schema\/person\/db5605779a843dad16b5368f3e7613a5"},"headline":"L\u2019EHPAD L\u00e9a Andr\u00e9 d\u00e9voile son nouveau projet artistique \u00ab Tisser les saisons \u00bb","datePublished":"2025-12-10T04:58:58+00:00","dateModified":"2025-12-09T15:19:27+00:00","mainEntityOfPage":{"@id":"https:\/\/vosgesinfo.fr\/gerardmerinfo\/2025\/12\/lehpad-lea-andre-devoile-son-nouveau-projet-artistique-tisser-les-saisons\/"},"wordCount":600,"commentCount":0,"publisher":{"@id":"https:\/\/vosgesinfo.fr\/gerardmerinfo\/#organization"},"image":{"@id":"https:\/\/vosgesinfo.fr\/gerardmerinfo\/2025\/12\/lehpad-lea-andre-devoile-son-nouveau-projet-artistique-tisser-les-saisons\/#primaryimage"},"thumbnailUrl":"https:\/\/vosgesinfo.fr\/app\/uploads\/sites\/6\/2025\/12\/tissons-les-saisons-ehpad-lea-andre-gerardmer-2.jpg","articleSection":["A la une","Culture","G\u00e9rardmer","Gerardmer","Sant\u00e9"],"inLanguage":"fr-FR","potentialAction":[{"@type":"CommentAction","name":"Comment","target":["https:\/\/vosgesinfo.fr\/gerardmerinfo\/2025\/12\/lehpad-lea-andre-devoile-son-nouveau-projet-artistique-tisser-les-saisons\/#respond"]}]},{"@type":"WebPage","@id":"https:\/\/vosgesinfo.fr\/gerardmerinfo\/2025\/12\/lehpad-lea-andre-devoile-son-nouveau-projet-artistique-tisser-les-saisons\/","url":"https:\/\/vosgesinfo.fr\/gerardmerinfo\/2025\/12\/lehpad-lea-andre-devoile-son-nouveau-projet-artistique-tisser-les-saisons\/","name":"L\u2019EHPAD L\u00e9a Andr\u00e9 d\u00e9voile son nouveau projet artistique \u00ab Tisser les saisons \u00bb - Gerardmer Info","isPartOf":{"@id":"https:\/\/vosgesinfo.fr\/gerardmerinfo\/#website"},"primaryImageOfPage":{"@id":"https:\/\/vosgesinfo.fr\/gerardmerinfo\/2025\/12\/lehpad-lea-andre-devoile-son-nouveau-projet-artistique-tisser-les-saisons\/#primaryimage"},"image":{"@id":"https:\/\/vosgesinfo.fr\/gerardmerinfo\/2025\/12\/lehpad-lea-andre-devoile-son-nouveau-projet-artistique-tisser-les-saisons\/#primaryimage"},"thumbnailUrl":"https:\/\/vosgesinfo.fr\/app\/uploads\/sites\/6\/2025\/12\/tissons-les-saisons-ehpad-lea-andre-gerardmer-2.jpg","datePublished":"2025-12-10T04:58:58+00:00","dateModified":"2025-12-09T15:19:27+00:00","breadcrumb":{"@id":"https:\/\/vosgesinfo.fr\/gerardmerinfo\/2025\/12\/lehpad-lea-andre-devoile-son-nouveau-projet-artistique-tisser-les-saisons\/#breadcrumb"},"inLanguage":"fr-FR","potentialAction":[{"@type":"ReadAction","target":["https:\/\/vosgesinfo.fr\/gerardmerinfo\/2025\/12\/lehpad-lea-andre-devoile-son-nouveau-projet-artistique-tisser-les-saisons\/"]}]},{"@type":"ImageObject","inLanguage":"fr-FR","@id":"https:\/\/vosgesinfo.fr\/gerardmerinfo\/2025\/12\/lehpad-lea-andre-devoile-son-nouveau-projet-artistique-tisser-les-saisons\/#primaryimage","url":"https:\/\/vosgesinfo.fr\/app\/uploads\/sites\/6\/2025\/12\/tissons-les-saisons-ehpad-lea-andre-gerardmer-2.jpg","contentUrl":"https:\/\/vosgesinfo.fr\/app\/uploads\/sites\/6\/2025\/12\/tissons-les-saisons-ehpad-lea-andre-gerardmer-2.jpg","width":1440,"height":1080},{"@type":"BreadcrumbList","@id":"https:\/\/vosgesinfo.fr\/gerardmerinfo\/2025\/12\/lehpad-lea-andre-devoile-son-nouveau-projet-artistique-tisser-les-saisons\/#breadcrumb","itemListElement":[{"@type":"ListItem","position":1,"name":"Home","item":"https:\/\/vosgesinfo.fr\/gerardmerinfo\/"},{"@type":"ListItem","position":2,"name":"L\u2019EHPAD L\u00e9a Andr\u00e9 d\u00e9voile son nouveau projet artistique \u00ab Tisser les saisons \u00bb"}]},{"@type":"WebSite","@id":"https:\/\/vosgesinfo.fr\/gerardmerinfo\/#website","url":"https:\/\/vosgesinfo.fr\/gerardmerinfo\/","name":"Gerardmer Info","description":"Toute l&#039;actualit\u00e9 de G\u00e9rardmer","publisher":{"@id":"https:\/\/vosgesinfo.fr\/gerardmerinfo\/#organization"},"alternateName":"Toute l'actualit\u00e9 de G\u00e9rardmer","potentialAction":[{"@type":"SearchAction","target":{"@type":"EntryPoint","urlTemplate":"https:\/\/vosgesinfo.fr\/gerardmerinfo\/?s={search_term_string}"},"query-input":"required name=search_term_string"}],"inLanguage":"fr-FR"},{"@type":"Organization","@id":"https:\/\/vosgesinfo.fr\/gerardmerinfo\/#organization","name":"Gerardmer Info","url":"https:\/\/vosgesinfo.fr\/gerardmerinfo\/","logo":{"@type":"ImageObject","inLanguage":"fr-FR","@id":"https:\/\/vosgesinfo.fr\/gerardmerinfo\/#\/schema\/logo\/image\/","url":"https:\/\/vosgesinfo.fr\/app\/uploads\/sites\/6\/2023\/08\/favicon-gerardmerinfo.png","contentUrl":"https:\/\/vosgesinfo.fr\/app\/uploads\/sites\/6\/2023\/08\/favicon-gerardmerinfo.png","width":512,"height":512,"caption":"Gerardmer Info"},"image":{"@id":"https:\/\/vosgesinfo.fr\/gerardmerinfo\/#\/schema\/logo\/image\/"},"sameAs":["https:\/\/www.facebook.com\/profile.php?id=100049475262660","https:\/\/x.com\/VosgesInfo88","https:\/\/www.youtube.com\/@vosgesinfo"]},{"@type":"Person","@id":"https:\/\/vosgesinfo.fr\/gerardmerinfo\/#\/schema\/person\/db5605779a843dad16b5368f3e7613a5","name":"QG","image":{"@type":"ImageObject","inLanguage":"fr-FR","@id":"https:\/\/vosgesinfo.fr\/gerardmerinfo\/#\/schema\/person\/image\/","url":"https:\/\/secure.gravatar.com\/avatar\/ea80c42c204b534408512832fde52504ecabb9706bcb6151cf6175e5b64e6793?s=96&d=mm&r=g","contentUrl":"https:\/\/secure.gravatar.com\/avatar\/ea80c42c204b534408512832fde52504ecabb9706bcb6151cf6175e5b64e6793?s=96&d=mm&r=g","caption":"QG"},"url":"https:\/\/vosgesinfo.fr\/gerardmerinfo\/author\/quentin88\/"}]}},"_links":{"self":[{"href":"https:\/\/vosgesinfo.fr\/gerardmerinfo\/wp-json\/wp\/v2\/posts\/85603","targetHints":{"allow":["GET"]}}],"collection":[{"href":"https:\/\/vosgesinfo.fr\/gerardmerinfo\/wp-json\/wp\/v2\/posts"}],"about":[{"href":"https:\/\/vosgesinfo.fr\/gerardmerinfo\/wp-json\/wp\/v2\/types\/post"}],"author":[{"embeddable":true,"href":"https:\/\/vosgesinfo.fr\/gerardmerinfo\/wp-json\/wp\/v2\/users\/42"}],"replies":[{"embeddable":true,"href":"https:\/\/vosgesinfo.fr\/gerardmerinfo\/wp-json\/wp\/v2\/comments?post=85603"}],"version-history":[{"count":4,"href":"https:\/\/vosgesinfo.fr\/gerardmerinfo\/wp-json\/wp\/v2\/posts\/85603\/revisions"}],"predecessor-version":[{"id":85610,"href":"https:\/\/vosgesinfo.fr\/gerardmerinfo\/wp-json\/wp\/v2\/posts\/85603\/revisions\/85610"}],"wp:featuredmedia":[{"embeddable":true,"href":"https:\/\/vosgesinfo.fr\/gerardmerinfo\/wp-json\/wp\/v2\/media\/85605"}],"wp:attachment":[{"href":"https:\/\/vosgesinfo.fr\/gerardmerinfo\/wp-json\/wp\/v2\/media?parent=85603"}],"wp:term":[{"taxonomy":"category","embeddable":true,"href":"https:\/\/vosgesinfo.fr\/gerardmerinfo\/wp-json\/wp\/v2\/categories?post=85603"},{"taxonomy":"post_tag","embeddable":true,"href":"https:\/\/vosgesinfo.fr\/gerardmerinfo\/wp-json\/wp\/v2\/tags?post=85603"}],"curies":[{"name":"wp","href":"https:\/\/api.w.org\/{rel}","templated":true}]}}