{"id":85618,"date":"2025-12-10T05:57:42","date_gmt":"2025-12-10T04:57:42","guid":{"rendered":"https:\/\/vosgesinfo.fr\/gerardmerinfo\/?p=85618"},"modified":"2025-12-09T18:44:37","modified_gmt":"2025-12-09T17:44:37","slug":"des-vaches-sans-abri-ne-nourriture-le-ras-le-bols-de-certains-riverains-des-bas-rupts","status":"publish","type":"post","link":"https:\/\/vosgesinfo.fr\/gerardmerinfo\/2025\/12\/des-vaches-sans-abri-ne-nourriture-le-ras-le-bols-de-certains-riverains-des-bas-rupts\/","title":{"rendered":"Des vaches sans abri ne nourriture : le ras-le-bols de certains riverains des Bas-Rupts"},"content":{"rendered":"<p>Cette ann\u00e9e encore, des habitants des Bas-Rupts tirent la sonnette d&rsquo;alarme concernant la situation de plusieurs vaches laiss\u00e9es selon eux sans nourriture et sans abri ouvert alors que l&rsquo;hiver a point\u00e9 le bout de son nez et que l&rsquo;herbe ne pousse plus depuis pr\u00e8s d&rsquo;un mois. \u00ab\u00a0<em>Nous avons \u00e0 nouveau averti la mairie et les services v\u00e9t\u00e9rinaires depuis le 26 novembre dernier, qui nous ont fait remplir une fiche de signalement pour maltraitance mais nous n&rsquo;avons pas eu de nouvelles depuis, et nous n&rsquo;avons pas eu de r\u00e9ponse de la mairie de G\u00e9rardmer pour le moment. L&rsquo;ann\u00e9e derni\u00e8re, nous avions d\u00e9j\u00e0 fait de m\u00eame, et les choses avaient boug\u00e9 peu de temps apr\u00e8s la parution d&rsquo;un article dans la presse. (&#8230;) Nous n&rsquo;attendons rien du paysan lui-m\u00eame, \u00e7a fait 20 ans que \u00e7a dure, pendant la canicule \u00e9galement la situation \u00e9tait critique pour les vaches. Nous savons bien que les proc\u00e9dures sont lentes, mais nous ne comprenons pas pourquoi, syst\u00e9matiquement, ce sont des citoyens qui sonnent l&rsquo;alarme alors que c&rsquo;est chaque ann\u00e9e la m\u00eame chose. Nous ne sommes pas seuls \u00e0 le faire, mais nous devons porter \u00e7a et souvent, en plus, l&rsquo;agriculteur vient nous agresser verbalement \u00e0 notre domicile. Et pour nous dire qu&rsquo;on n&rsquo;y conna\u00eet rien etc. alors qu&rsquo;il a d\u00e9j\u00e0 eu affaire \u00e0 la Gendarmerie et aux services de la pr\u00e9fecture plusieurs fois&#8230; Il y a un risque qui est r\u00e9el, pour la sant\u00e9 des animaux bien s\u00fbr, mais on sait aussi que les vaches finiront par s&rsquo;\u00e9chapper du parc si elles sont affam\u00e9es, avec le risque d&rsquo;un accident de la route grave. Faut-il attendre d&rsquo;en arriver l\u00e0 ?!\u00a0\u00bb<\/em> d\u00e9clarent les riverains, r\u00e9volt\u00e9s et exc\u00e9d\u00e9s par cette situation.<\/p>\n","protected":false},"excerpt":{"rendered":"<p>Cette ann\u00e9e encore, des habitants des Bas-Rupts tirent la sonnette d&rsquo;alarme concernant la situation de plusieurs vaches laiss\u00e9es selon eux [&hellip;]<\/p>\n","protected":false},"author":42,"featured_media":17569,"comment_status":"closed","ping_status":"open","sticky":false,"template":"","format":"standard","meta":{"footnotes":""},"categories":[20,8,5647,18,31],"tags":[],"class_list":["post-85618","post","type-post","status-publish","format-standard","has-post-thumbnail","hentry","category-a-la-une","category-faits-divers","category-gerardmer-autres-sites","category-vosges","category-vosges-faits-divers"],"acf":[],"yoast_head":"<!-- This site is optimized with the Yoast SEO plugin v22.5 - https:\/\/yoast.com\/wordpress\/plugins\/seo\/ -->\n<title>Des vaches sans abri ne nourriture : le ras-le-bols de certains riverains des Bas-Rupts - Gerardmer Info<\/title>\n<meta name=\"robots\" content=\"index, follow, max-snippet:-1, max-image-preview:large, max-video-preview:-1\" \/>\n<link rel=\"canonical\" href=\"https:\/\/vosgesinfo.fr\/gerardmerinfo\/2025\/12\/des-vaches-sans-abri-ne-nourriture-le-ras-le-bols-de-certains-riverains-des-bas-rupts\/\" \/>\n<meta name=\"twitter:card\" content=\"summary_large_image\" \/>\n<meta name=\"twitter:title\" content=\"Des vaches sans abri ne nourriture : le ras-le-bols de certains riverains des Bas-Rupts - Gerardmer Info\" \/>\n<meta name=\"twitter:description\" content=\"Cette ann\u00e9e encore, des habitants des Bas-Rupts tirent la sonnette d&rsquo;alarme concernant la situation de plusieurs vaches laiss\u00e9es selon eux [&hellip;]\" \/>\n<meta name=\"twitter:image\" content=\"https:\/\/vosgesinfo.fr\/app\/uploads\/sites\/6\/2024\/07\/201602vaches-vosgiennes.jpg\" \/>\n<meta name=\"twitter:creator\" content=\"@VosgesInfo88\" \/>\n<meta name=\"twitter:site\" content=\"@VosgesInfo88\" \/>\n<meta name=\"twitter:label1\" content=\"\u00c9crit par\" \/>\n\t<meta name=\"twitter:data1\" content=\"QG\" \/>\n\t<meta name=\"twitter:label2\" content=\"Dur\u00e9e de lecture estim\u00e9e\" \/>\n\t<meta name=\"twitter:data2\" content=\"2 minutes\" \/>\n<script type=\"application\/ld+json\" class=\"yoast-schema-graph\">{\"@context\":\"https:\/\/schema.org\",\"@graph\":[{\"@type\":\"Article\",\"@id\":\"https:\/\/vosgesinfo.fr\/gerardmerinfo\/2025\/12\/des-vaches-sans-abri-ne-nourriture-le-ras-le-bols-de-certains-riverains-des-bas-rupts\/#article\",\"isPartOf\":{\"@id\":\"https:\/\/vosgesinfo.fr\/gerardmerinfo\/2025\/12\/des-vaches-sans-abri-ne-nourriture-le-ras-le-bols-de-certains-riverains-des-bas-rupts\/\"},\"author\":{\"name\":\"QG\",\"@id\":\"https:\/\/vosgesinfo.fr\/gerardmerinfo\/#\/schema\/person\/db5605779a843dad16b5368f3e7613a5\"},\"headline\":\"Des vaches sans abri ne nourriture : le ras-le-bols de certains riverains des Bas-Rupts\",\"datePublished\":\"2025-12-10T04:57:42+00:00\",\"dateModified\":\"2025-12-09T17:44:37+00:00\",\"mainEntityOfPage\":{\"@id\":\"https:\/\/vosgesinfo.fr\/gerardmerinfo\/2025\/12\/des-vaches-sans-abri-ne-nourriture-le-ras-le-bols-de-certains-riverains-des-bas-rupts\/\"},\"wordCount\":332,\"publisher\":{\"@id\":\"https:\/\/vosgesinfo.fr\/gerardmerinfo\/#organization\"},\"image\":{\"@id\":\"https:\/\/vosgesinfo.fr\/gerardmerinfo\/2025\/12\/des-vaches-sans-abri-ne-nourriture-le-ras-le-bols-de-certains-riverains-des-bas-rupts\/#primaryimage\"},\"thumbnailUrl\":\"https:\/\/vosgesinfo.fr\/app\/uploads\/sites\/6\/2024\/07\/201602vaches-vosgiennes.jpg\",\"articleSection\":[\"A la une\",\"Faits-divers\",\"Gerardmer\",\"Vosges\",\"Vosges\"],\"inLanguage\":\"fr-FR\"},{\"@type\":\"WebPage\",\"@id\":\"https:\/\/vosgesinfo.fr\/gerardmerinfo\/2025\/12\/des-vaches-sans-abri-ne-nourriture-le-ras-le-bols-de-certains-riverains-des-bas-rupts\/\",\"url\":\"https:\/\/vosgesinfo.fr\/gerardmerinfo\/2025\/12\/des-vaches-sans-abri-ne-nourriture-le-ras-le-bols-de-certains-riverains-des-bas-rupts\/\",\"name\":\"Des vaches sans abri ne nourriture : le ras-le-bols de certains riverains des Bas-Rupts - Gerardmer Info\",\"isPartOf\":{\"@id\":\"https:\/\/vosgesinfo.fr\/gerardmerinfo\/#website\"},\"primaryImageOfPage\":{\"@id\":\"https:\/\/vosgesinfo.fr\/gerardmerinfo\/2025\/12\/des-vaches-sans-abri-ne-nourriture-le-ras-le-bols-de-certains-riverains-des-bas-rupts\/#primaryimage\"},\"image\":{\"@id\":\"https:\/\/vosgesinfo.fr\/gerardmerinfo\/2025\/12\/des-vaches-sans-abri-ne-nourriture-le-ras-le-bols-de-certains-riverains-des-bas-rupts\/#primaryimage\"},\"thumbnailUrl\":\"https:\/\/vosgesinfo.fr\/app\/uploads\/sites\/6\/2024\/07\/201602vaches-vosgiennes.jpg\",\"datePublished\":\"2025-12-10T04:57:42+00:00\",\"dateModified\":\"2025-12-09T17:44:37+00:00\",\"breadcrumb\":{\"@id\":\"https:\/\/vosgesinfo.fr\/gerardmerinfo\/2025\/12\/des-vaches-sans-abri-ne-nourriture-le-ras-le-bols-de-certains-riverains-des-bas-rupts\/#breadcrumb\"},\"inLanguage\":\"fr-FR\",\"potentialAction\":[{\"@type\":\"ReadAction\",\"target\":[\"https:\/\/vosgesinfo.fr\/gerardmerinfo\/2025\/12\/des-vaches-sans-abri-ne-nourriture-le-ras-le-bols-de-certains-riverains-des-bas-rupts\/\"]}]},{\"@type\":\"ImageObject\",\"inLanguage\":\"fr-FR\",\"@id\":\"https:\/\/vosgesinfo.fr\/gerardmerinfo\/2025\/12\/des-vaches-sans-abri-ne-nourriture-le-ras-le-bols-de-certains-riverains-des-bas-rupts\/#primaryimage\",\"url\":\"https:\/\/vosgesinfo.fr\/app\/uploads\/sites\/6\/2024\/07\/201602vaches-vosgiennes.jpg\",\"contentUrl\":\"https:\/\/vosgesinfo.fr\/app\/uploads\/sites\/6\/2024\/07\/201602vaches-vosgiennes.jpg\",\"width\":294,\"height\":333},{\"@type\":\"BreadcrumbList\",\"@id\":\"https:\/\/vosgesinfo.fr\/gerardmerinfo\/2025\/12\/des-vaches-sans-abri-ne-nourriture-le-ras-le-bols-de-certains-riverains-des-bas-rupts\/#breadcrumb\",\"itemListElement\":[{\"@type\":\"ListItem\",\"position\":1,\"name\":\"Home\",\"item\":\"https:\/\/vosgesinfo.fr\/gerardmerinfo\/\"},{\"@type\":\"ListItem\",\"position\":2,\"name\":\"Des vaches sans abri ne nourriture : le ras-le-bols de certains riverains des Bas-Rupts\"}]},{\"@type\":\"WebSite\",\"@id\":\"https:\/\/vosgesinfo.fr\/gerardmerinfo\/#website\",\"url\":\"https:\/\/vosgesinfo.fr\/gerardmerinfo\/\",\"name\":\"Gerardmer Info\",\"description\":\"Toute l&#039;actualit\u00e9 de G\u00e9rardmer\",\"publisher\":{\"@id\":\"https:\/\/vosgesinfo.fr\/gerardmerinfo\/#organization\"},\"alternateName\":\"Toute l'actualit\u00e9 de G\u00e9rardmer\",\"potentialAction\":[{\"@type\":\"SearchAction\",\"target\":{\"@type\":\"EntryPoint\",\"urlTemplate\":\"https:\/\/vosgesinfo.fr\/gerardmerinfo\/?s={search_term_string}\"},\"query-input\":\"required name=search_term_string\"}],\"inLanguage\":\"fr-FR\"},{\"@type\":\"Organization\",\"@id\":\"https:\/\/vosgesinfo.fr\/gerardmerinfo\/#organization\",\"name\":\"Gerardmer Info\",\"url\":\"https:\/\/vosgesinfo.fr\/gerardmerinfo\/\",\"logo\":{\"@type\":\"ImageObject\",\"inLanguage\":\"fr-FR\",\"@id\":\"https:\/\/vosgesinfo.fr\/gerardmerinfo\/#\/schema\/logo\/image\/\",\"url\":\"https:\/\/vosgesinfo.fr\/app\/uploads\/sites\/6\/2023\/08\/favicon-gerardmerinfo.png\",\"contentUrl\":\"https:\/\/vosgesinfo.fr\/app\/uploads\/sites\/6\/2023\/08\/favicon-gerardmerinfo.png\",\"width\":512,\"height\":512,\"caption\":\"Gerardmer Info\"},\"image\":{\"@id\":\"https:\/\/vosgesinfo.fr\/gerardmerinfo\/#\/schema\/logo\/image\/\"},\"sameAs\":[\"https:\/\/www.facebook.com\/profile.php?id=100049475262660\",\"https:\/\/x.com\/VosgesInfo88\",\"https:\/\/www.youtube.com\/@vosgesinfo\"]},{\"@type\":\"Person\",\"@id\":\"https:\/\/vosgesinfo.fr\/gerardmerinfo\/#\/schema\/person\/db5605779a843dad16b5368f3e7613a5\",\"name\":\"QG\",\"image\":{\"@type\":\"ImageObject\",\"inLanguage\":\"fr-FR\",\"@id\":\"https:\/\/vosgesinfo.fr\/gerardmerinfo\/#\/schema\/person\/image\/\",\"url\":\"https:\/\/secure.gravatar.com\/avatar\/ea80c42c204b534408512832fde52504ecabb9706bcb6151cf6175e5b64e6793?s=96&d=mm&r=g\",\"contentUrl\":\"https:\/\/secure.gravatar.com\/avatar\/ea80c42c204b534408512832fde52504ecabb9706bcb6151cf6175e5b64e6793?s=96&d=mm&r=g\",\"caption\":\"QG\"},\"url\":\"https:\/\/vosgesinfo.fr\/gerardmerinfo\/author\/quentin88\/\"}]}<\/script>\n<!-- \/ Yoast SEO plugin. -->","yoast_head_json":{"title":"Des vaches sans abri ne nourriture : le ras-le-bols de certains riverains des Bas-Rupts - Gerardmer Info","robots":{"index":"index","follow":"follow","max-snippet":"max-snippet:-1","max-image-preview":"max-image-preview:large","max-video-preview":"max-video-preview:-1"},"canonical":"https:\/\/vosgesinfo.fr\/gerardmerinfo\/2025\/12\/des-vaches-sans-abri-ne-nourriture-le-ras-le-bols-de-certains-riverains-des-bas-rupts\/","twitter_card":"summary_large_image","twitter_title":"Des vaches sans abri ne nourriture : le ras-le-bols de certains riverains des Bas-Rupts - Gerardmer Info","twitter_description":"Cette ann\u00e9e encore, des habitants des Bas-Rupts tirent la sonnette d&rsquo;alarme concernant la situation de plusieurs vaches laiss\u00e9es selon eux [&hellip;]","twitter_image":"https:\/\/vosgesinfo.fr\/app\/uploads\/sites\/6\/2024\/07\/201602vaches-vosgiennes.jpg","twitter_creator":"@VosgesInfo88","twitter_site":"@VosgesInfo88","twitter_misc":{"\u00c9crit par":"QG","Dur\u00e9e de lecture estim\u00e9e":"2 minutes"},"schema":{"@context":"https:\/\/schema.org","@graph":[{"@type":"Article","@id":"https:\/\/vosgesinfo.fr\/gerardmerinfo\/2025\/12\/des-vaches-sans-abri-ne-nourriture-le-ras-le-bols-de-certains-riverains-des-bas-rupts\/#article","isPartOf":{"@id":"https:\/\/vosgesinfo.fr\/gerardmerinfo\/2025\/12\/des-vaches-sans-abri-ne-nourriture-le-ras-le-bols-de-certains-riverains-des-bas-rupts\/"},"author":{"name":"QG","@id":"https:\/\/vosgesinfo.fr\/gerardmerinfo\/#\/schema\/person\/db5605779a843dad16b5368f3e7613a5"},"headline":"Des vaches sans abri ne nourriture : le ras-le-bols de certains riverains des Bas-Rupts","datePublished":"2025-12-10T04:57:42+00:00","dateModified":"2025-12-09T17:44:37+00:00","mainEntityOfPage":{"@id":"https:\/\/vosgesinfo.fr\/gerardmerinfo\/2025\/12\/des-vaches-sans-abri-ne-nourriture-le-ras-le-bols-de-certains-riverains-des-bas-rupts\/"},"wordCount":332,"publisher":{"@id":"https:\/\/vosgesinfo.fr\/gerardmerinfo\/#organization"},"image":{"@id":"https:\/\/vosgesinfo.fr\/gerardmerinfo\/2025\/12\/des-vaches-sans-abri-ne-nourriture-le-ras-le-bols-de-certains-riverains-des-bas-rupts\/#primaryimage"},"thumbnailUrl":"https:\/\/vosgesinfo.fr\/app\/uploads\/sites\/6\/2024\/07\/201602vaches-vosgiennes.jpg","articleSection":["A la une","Faits-divers","Gerardmer","Vosges","Vosges"],"inLanguage":"fr-FR"},{"@type":"WebPage","@id":"https:\/\/vosgesinfo.fr\/gerardmerinfo\/2025\/12\/des-vaches-sans-abri-ne-nourriture-le-ras-le-bols-de-certains-riverains-des-bas-rupts\/","url":"https:\/\/vosgesinfo.fr\/gerardmerinfo\/2025\/12\/des-vaches-sans-abri-ne-nourriture-le-ras-le-bols-de-certains-riverains-des-bas-rupts\/","name":"Des vaches sans abri ne nourriture : le ras-le-bols de certains riverains des Bas-Rupts - Gerardmer Info","isPartOf":{"@id":"https:\/\/vosgesinfo.fr\/gerardmerinfo\/#website"},"primaryImageOfPage":{"@id":"https:\/\/vosgesinfo.fr\/gerardmerinfo\/2025\/12\/des-vaches-sans-abri-ne-nourriture-le-ras-le-bols-de-certains-riverains-des-bas-rupts\/#primaryimage"},"image":{"@id":"https:\/\/vosgesinfo.fr\/gerardmerinfo\/2025\/12\/des-vaches-sans-abri-ne-nourriture-le-ras-le-bols-de-certains-riverains-des-bas-rupts\/#primaryimage"},"thumbnailUrl":"https:\/\/vosgesinfo.fr\/app\/uploads\/sites\/6\/2024\/07\/201602vaches-vosgiennes.jpg","datePublished":"2025-12-10T04:57:42+00:00","dateModified":"2025-12-09T17:44:37+00:00","breadcrumb":{"@id":"https:\/\/vosgesinfo.fr\/gerardmerinfo\/2025\/12\/des-vaches-sans-abri-ne-nourriture-le-ras-le-bols-de-certains-riverains-des-bas-rupts\/#breadcrumb"},"inLanguage":"fr-FR","potentialAction":[{"@type":"ReadAction","target":["https:\/\/vosgesinfo.fr\/gerardmerinfo\/2025\/12\/des-vaches-sans-abri-ne-nourriture-le-ras-le-bols-de-certains-riverains-des-bas-rupts\/"]}]},{"@type":"ImageObject","inLanguage":"fr-FR","@id":"https:\/\/vosgesinfo.fr\/gerardmerinfo\/2025\/12\/des-vaches-sans-abri-ne-nourriture-le-ras-le-bols-de-certains-riverains-des-bas-rupts\/#primaryimage","url":"https:\/\/vosgesinfo.fr\/app\/uploads\/sites\/6\/2024\/07\/201602vaches-vosgiennes.jpg","contentUrl":"https:\/\/vosgesinfo.fr\/app\/uploads\/sites\/6\/2024\/07\/201602vaches-vosgiennes.jpg","width":294,"height":333},{"@type":"BreadcrumbList","@id":"https:\/\/vosgesinfo.fr\/gerardmerinfo\/2025\/12\/des-vaches-sans-abri-ne-nourriture-le-ras-le-bols-de-certains-riverains-des-bas-rupts\/#breadcrumb","itemListElement":[{"@type":"ListItem","position":1,"name":"Home","item":"https:\/\/vosgesinfo.fr\/gerardmerinfo\/"},{"@type":"ListItem","position":2,"name":"Des vaches sans abri ne nourriture : le ras-le-bols de certains riverains des Bas-Rupts"}]},{"@type":"WebSite","@id":"https:\/\/vosgesinfo.fr\/gerardmerinfo\/#website","url":"https:\/\/vosgesinfo.fr\/gerardmerinfo\/","name":"Gerardmer Info","description":"Toute l&#039;actualit\u00e9 de G\u00e9rardmer","publisher":{"@id":"https:\/\/vosgesinfo.fr\/gerardmerinfo\/#organization"},"alternateName":"Toute l'actualit\u00e9 de G\u00e9rardmer","potentialAction":[{"@type":"SearchAction","target":{"@type":"EntryPoint","urlTemplate":"https:\/\/vosgesinfo.fr\/gerardmerinfo\/?s={search_term_string}"},"query-input":"required name=search_term_string"}],"inLanguage":"fr-FR"},{"@type":"Organization","@id":"https:\/\/vosgesinfo.fr\/gerardmerinfo\/#organization","name":"Gerardmer Info","url":"https:\/\/vosgesinfo.fr\/gerardmerinfo\/","logo":{"@type":"ImageObject","inLanguage":"fr-FR","@id":"https:\/\/vosgesinfo.fr\/gerardmerinfo\/#\/schema\/logo\/image\/","url":"https:\/\/vosgesinfo.fr\/app\/uploads\/sites\/6\/2023\/08\/favicon-gerardmerinfo.png","contentUrl":"https:\/\/vosgesinfo.fr\/app\/uploads\/sites\/6\/2023\/08\/favicon-gerardmerinfo.png","width":512,"height":512,"caption":"Gerardmer Info"},"image":{"@id":"https:\/\/vosgesinfo.fr\/gerardmerinfo\/#\/schema\/logo\/image\/"},"sameAs":["https:\/\/www.facebook.com\/profile.php?id=100049475262660","https:\/\/x.com\/VosgesInfo88","https:\/\/www.youtube.com\/@vosgesinfo"]},{"@type":"Person","@id":"https:\/\/vosgesinfo.fr\/gerardmerinfo\/#\/schema\/person\/db5605779a843dad16b5368f3e7613a5","name":"QG","image":{"@type":"ImageObject","inLanguage":"fr-FR","@id":"https:\/\/vosgesinfo.fr\/gerardmerinfo\/#\/schema\/person\/image\/","url":"https:\/\/secure.gravatar.com\/avatar\/ea80c42c204b534408512832fde52504ecabb9706bcb6151cf6175e5b64e6793?s=96&d=mm&r=g","contentUrl":"https:\/\/secure.gravatar.com\/avatar\/ea80c42c204b534408512832fde52504ecabb9706bcb6151cf6175e5b64e6793?s=96&d=mm&r=g","caption":"QG"},"url":"https:\/\/vosgesinfo.fr\/gerardmerinfo\/author\/quentin88\/"}]}},"_links":{"self":[{"href":"https:\/\/vosgesinfo.fr\/gerardmerinfo\/wp-json\/wp\/v2\/posts\/85618","targetHints":{"allow":["GET"]}}],"collection":[{"href":"https:\/\/vosgesinfo.fr\/gerardmerinfo\/wp-json\/wp\/v2\/posts"}],"about":[{"href":"https:\/\/vosgesinfo.fr\/gerardmerinfo\/wp-json\/wp\/v2\/types\/post"}],"author":[{"embeddable":true,"href":"https:\/\/vosgesinfo.fr\/gerardmerinfo\/wp-json\/wp\/v2\/users\/42"}],"replies":[{"embeddable":true,"href":"https:\/\/vosgesinfo.fr\/gerardmerinfo\/wp-json\/wp\/v2\/comments?post=85618"}],"version-history":[{"count":4,"href":"https:\/\/vosgesinfo.fr\/gerardmerinfo\/wp-json\/wp\/v2\/posts\/85618\/revisions"}],"predecessor-version":[{"id":85622,"href":"https:\/\/vosgesinfo.fr\/gerardmerinfo\/wp-json\/wp\/v2\/posts\/85618\/revisions\/85622"}],"wp:featuredmedia":[{"embeddable":true,"href":"https:\/\/vosgesinfo.fr\/gerardmerinfo\/wp-json\/wp\/v2\/media\/17569"}],"wp:attachment":[{"href":"https:\/\/vosgesinfo.fr\/gerardmerinfo\/wp-json\/wp\/v2\/media?parent=85618"}],"wp:term":[{"taxonomy":"category","embeddable":true,"href":"https:\/\/vosgesinfo.fr\/gerardmerinfo\/wp-json\/wp\/v2\/categories?post=85618"},{"taxonomy":"post_tag","embeddable":true,"href":"https:\/\/vosgesinfo.fr\/gerardmerinfo\/wp-json\/wp\/v2\/tags?post=85618"}],"curies":[{"name":"wp","href":"https:\/\/api.w.org\/{rel}","templated":true}]}}