{"id":85627,"date":"2025-12-10T05:55:14","date_gmt":"2025-12-10T04:55:14","guid":{"rendered":"https:\/\/vosgesinfo.fr\/gerardmerinfo\/?p=85627"},"modified":"2025-12-10T05:55:14","modified_gmt":"2025-12-10T04:55:14","slug":"installation-dune-nouvelle-kinesitherapeute-dans-la-vallee-de-cleurie","status":"publish","type":"post","link":"https:\/\/vosgesinfo.fr\/gerardmerinfo\/2025\/12\/installation-dune-nouvelle-kinesitherapeute-dans-la-vallee-de-cleurie\/","title":{"rendered":"Installation d&rsquo;une nouvelle kin\u00e9sith\u00e9rapeute dans la vall\u00e9e de Cleurie"},"content":{"rendered":"<p><a href=\"https:\/\/vosgesinfo.fr\/app\/uploads\/sites\/5\/2025\/12\/kine-masseuse-melanie-santos.jpg\"><img decoding=\"async\" class=\"aligncenter size-medium wp-image-87255\" src=\"https:\/\/vosgesinfo.fr\/app\/uploads\/sites\/5\/2025\/12\/kine-masseuse-melanie-santos-297x300.jpg\" alt=\"\" width=\"297\" height=\"300\" \/><\/a><\/p>\n<p><span style=\"font-size: 12pt;\">M\u00e9lanie Santos a r\u00e9cemment ouvert son cabinet situ\u00e9 dans les anciens locaux d\u2019Anne de Sol\u00e8ne. Elle est d\u00e9sormais install\u00e9e <\/span><span style=\"font-size: 12pt;\">en tant que masseur-kin\u00e9sith\u00e9rapeute dans la Vall\u00e9e de Cleurie, \u00e0 Julienrupt (Le Syndicat). o\u00f9 elle exerce depuis la mi-novembre.<\/span><\/p>\n<p><span style=\"font-size: 12pt;\">Apr\u00e8s deux ann\u00e9es d&rsquo;exp\u00e9rience en milieu hospitalier, suivies de sept ann\u00e9es en lib\u00e9ral, elle poursuit d\u00e9sormais son activit\u00e9 au sein de ce tout nouveau cabinet.<\/span><\/p>\n<p><span style=\"font-size: 12pt;\"><br \/>\nM\u00e9lanie Santos &#8211; Masseur-kin\u00e9sith\u00e9rapeute dipl\u00f4m\u00e9e d\u2019\u00c9tat (IFMK de Nancy)<br \/>\n\u2013 Adresse : 29 route de l\u2019Usine, 88120 Le Syndicat<br \/>\n\u2013\u00a0Modalit\u00e9s de consultation : uniquement sur rendez-vous<\/span><\/p>\n<p><span style=\"font-size: 12pt;\">&#8211; Contact : 06 86 62 04 42 \/ <\/span><a href=\"mailto:melaniesantos.mk@gmail.com\" target=\"_blank\" rel=\"noopener\"><span style=\"font-size: 12pt;\">melaniesantos.mk@gmail.com<\/span><\/a><\/p>\n","protected":false},"excerpt":{"rendered":"<p>M\u00e9lanie Santos a r\u00e9cemment ouvert son cabinet situ\u00e9 dans les anciens locaux d\u2019Anne de Sol\u00e8ne. Elle est d\u00e9sormais install\u00e9e en [&hellip;]<\/p>\n","protected":false},"author":391,"featured_media":85628,"comment_status":"open","ping_status":"open","sticky":false,"template":"","format":"standard","meta":{"footnotes":""},"categories":[20,25,868,12],"tags":[],"class_list":["post-85627","post","type-post","status-publish","format-standard","has-post-thumbnail","hentry","category-a-la-une","category-gerardmer","category-remiremont","category-sante"],"acf":[],"yoast_head":"<!-- This site is optimized with the Yoast SEO plugin v22.5 - https:\/\/yoast.com\/wordpress\/plugins\/seo\/ -->\n<title>Installation d&#039;une nouvelle kin\u00e9sith\u00e9rapeute dans la vall\u00e9e de Cleurie - Gerardmer Info<\/title>\n<meta name=\"robots\" content=\"index, follow, max-snippet:-1, max-image-preview:large, max-video-preview:-1\" \/>\n<link rel=\"canonical\" href=\"https:\/\/vosgesinfo.fr\/gerardmerinfo\/2025\/12\/installation-dune-nouvelle-kinesitherapeute-dans-la-vallee-de-cleurie\/\" \/>\n<meta name=\"twitter:card\" content=\"summary_large_image\" \/>\n<meta name=\"twitter:title\" content=\"Installation d&#039;une nouvelle kin\u00e9sith\u00e9rapeute dans la vall\u00e9e de Cleurie - Gerardmer Info\" \/>\n<meta name=\"twitter:description\" content=\"M\u00e9lanie Santos a r\u00e9cemment ouvert son cabinet situ\u00e9 dans les anciens locaux d\u2019Anne de Sol\u00e8ne. Elle est d\u00e9sormais install\u00e9e en [&hellip;]\" \/>\n<meta name=\"twitter:image\" content=\"https:\/\/vosgesinfo.fr\/app\/uploads\/sites\/6\/2025\/12\/kine-masseuse-melanie-santos.jpg\" \/>\n<meta name=\"twitter:creator\" content=\"@VosgesInfo88\" \/>\n<meta name=\"twitter:site\" content=\"@VosgesInfo88\" \/>\n<meta name=\"twitter:label1\" content=\"\u00c9crit par\" \/>\n\t<meta name=\"twitter:data1\" content=\"La redaction\" \/>\n\t<meta name=\"twitter:label2\" content=\"Dur\u00e9e de lecture estim\u00e9e\" \/>\n\t<meta name=\"twitter:data2\" content=\"1 minute\" \/>\n<script type=\"application\/ld+json\" class=\"yoast-schema-graph\">{\"@context\":\"https:\/\/schema.org\",\"@graph\":[{\"@type\":\"Article\",\"@id\":\"https:\/\/vosgesinfo.fr\/gerardmerinfo\/2025\/12\/installation-dune-nouvelle-kinesitherapeute-dans-la-vallee-de-cleurie\/#article\",\"isPartOf\":{\"@id\":\"https:\/\/vosgesinfo.fr\/gerardmerinfo\/2025\/12\/installation-dune-nouvelle-kinesitherapeute-dans-la-vallee-de-cleurie\/\"},\"author\":{\"name\":\"La redaction\",\"@id\":\"https:\/\/vosgesinfo.fr\/gerardmerinfo\/#\/schema\/person\/27a3695b06db98895b354c0765cdfc31\"},\"headline\":\"Installation d&rsquo;une nouvelle kin\u00e9sith\u00e9rapeute dans la vall\u00e9e de Cleurie\",\"datePublished\":\"2025-12-10T04:55:14+00:00\",\"dateModified\":\"2025-12-10T04:55:14+00:00\",\"mainEntityOfPage\":{\"@id\":\"https:\/\/vosgesinfo.fr\/gerardmerinfo\/2025\/12\/installation-dune-nouvelle-kinesitherapeute-dans-la-vallee-de-cleurie\/\"},\"wordCount\":126,\"commentCount\":0,\"publisher\":{\"@id\":\"https:\/\/vosgesinfo.fr\/gerardmerinfo\/#organization\"},\"image\":{\"@id\":\"https:\/\/vosgesinfo.fr\/gerardmerinfo\/2025\/12\/installation-dune-nouvelle-kinesitherapeute-dans-la-vallee-de-cleurie\/#primaryimage\"},\"thumbnailUrl\":\"https:\/\/vosgesinfo.fr\/app\/uploads\/sites\/6\/2025\/12\/kine-masseuse-melanie-santos.jpg\",\"articleSection\":[\"A la une\",\"G\u00e9rardmer\",\"Remiremont\",\"Sant\u00e9\"],\"inLanguage\":\"fr-FR\",\"potentialAction\":[{\"@type\":\"CommentAction\",\"name\":\"Comment\",\"target\":[\"https:\/\/vosgesinfo.fr\/gerardmerinfo\/2025\/12\/installation-dune-nouvelle-kinesitherapeute-dans-la-vallee-de-cleurie\/#respond\"]}]},{\"@type\":\"WebPage\",\"@id\":\"https:\/\/vosgesinfo.fr\/gerardmerinfo\/2025\/12\/installation-dune-nouvelle-kinesitherapeute-dans-la-vallee-de-cleurie\/\",\"url\":\"https:\/\/vosgesinfo.fr\/gerardmerinfo\/2025\/12\/installation-dune-nouvelle-kinesitherapeute-dans-la-vallee-de-cleurie\/\",\"name\":\"Installation d'une nouvelle kin\u00e9sith\u00e9rapeute dans la vall\u00e9e de Cleurie - Gerardmer Info\",\"isPartOf\":{\"@id\":\"https:\/\/vosgesinfo.fr\/gerardmerinfo\/#website\"},\"primaryImageOfPage\":{\"@id\":\"https:\/\/vosgesinfo.fr\/gerardmerinfo\/2025\/12\/installation-dune-nouvelle-kinesitherapeute-dans-la-vallee-de-cleurie\/#primaryimage\"},\"image\":{\"@id\":\"https:\/\/vosgesinfo.fr\/gerardmerinfo\/2025\/12\/installation-dune-nouvelle-kinesitherapeute-dans-la-vallee-de-cleurie\/#primaryimage\"},\"thumbnailUrl\":\"https:\/\/vosgesinfo.fr\/app\/uploads\/sites\/6\/2025\/12\/kine-masseuse-melanie-santos.jpg\",\"datePublished\":\"2025-12-10T04:55:14+00:00\",\"dateModified\":\"2025-12-10T04:55:14+00:00\",\"breadcrumb\":{\"@id\":\"https:\/\/vosgesinfo.fr\/gerardmerinfo\/2025\/12\/installation-dune-nouvelle-kinesitherapeute-dans-la-vallee-de-cleurie\/#breadcrumb\"},\"inLanguage\":\"fr-FR\",\"potentialAction\":[{\"@type\":\"ReadAction\",\"target\":[\"https:\/\/vosgesinfo.fr\/gerardmerinfo\/2025\/12\/installation-dune-nouvelle-kinesitherapeute-dans-la-vallee-de-cleurie\/\"]}]},{\"@type\":\"ImageObject\",\"inLanguage\":\"fr-FR\",\"@id\":\"https:\/\/vosgesinfo.fr\/gerardmerinfo\/2025\/12\/installation-dune-nouvelle-kinesitherapeute-dans-la-vallee-de-cleurie\/#primaryimage\",\"url\":\"https:\/\/vosgesinfo.fr\/app\/uploads\/sites\/6\/2025\/12\/kine-masseuse-melanie-santos.jpg\",\"contentUrl\":\"https:\/\/vosgesinfo.fr\/app\/uploads\/sites\/6\/2025\/12\/kine-masseuse-melanie-santos.jpg\",\"width\":1069,\"height\":1080},{\"@type\":\"BreadcrumbList\",\"@id\":\"https:\/\/vosgesinfo.fr\/gerardmerinfo\/2025\/12\/installation-dune-nouvelle-kinesitherapeute-dans-la-vallee-de-cleurie\/#breadcrumb\",\"itemListElement\":[{\"@type\":\"ListItem\",\"position\":1,\"name\":\"Home\",\"item\":\"https:\/\/vosgesinfo.fr\/gerardmerinfo\/\"},{\"@type\":\"ListItem\",\"position\":2,\"name\":\"Installation d&rsquo;une nouvelle kin\u00e9sith\u00e9rapeute dans la vall\u00e9e de Cleurie\"}]},{\"@type\":\"WebSite\",\"@id\":\"https:\/\/vosgesinfo.fr\/gerardmerinfo\/#website\",\"url\":\"https:\/\/vosgesinfo.fr\/gerardmerinfo\/\",\"name\":\"Gerardmer Info\",\"description\":\"Toute l&#039;actualit\u00e9 de G\u00e9rardmer\",\"publisher\":{\"@id\":\"https:\/\/vosgesinfo.fr\/gerardmerinfo\/#organization\"},\"alternateName\":\"Toute l'actualit\u00e9 de G\u00e9rardmer\",\"potentialAction\":[{\"@type\":\"SearchAction\",\"target\":{\"@type\":\"EntryPoint\",\"urlTemplate\":\"https:\/\/vosgesinfo.fr\/gerardmerinfo\/?s={search_term_string}\"},\"query-input\":\"required name=search_term_string\"}],\"inLanguage\":\"fr-FR\"},{\"@type\":\"Organization\",\"@id\":\"https:\/\/vosgesinfo.fr\/gerardmerinfo\/#organization\",\"name\":\"Gerardmer Info\",\"url\":\"https:\/\/vosgesinfo.fr\/gerardmerinfo\/\",\"logo\":{\"@type\":\"ImageObject\",\"inLanguage\":\"fr-FR\",\"@id\":\"https:\/\/vosgesinfo.fr\/gerardmerinfo\/#\/schema\/logo\/image\/\",\"url\":\"https:\/\/vosgesinfo.fr\/app\/uploads\/sites\/6\/2023\/08\/favicon-gerardmerinfo.png\",\"contentUrl\":\"https:\/\/vosgesinfo.fr\/app\/uploads\/sites\/6\/2023\/08\/favicon-gerardmerinfo.png\",\"width\":512,\"height\":512,\"caption\":\"Gerardmer Info\"},\"image\":{\"@id\":\"https:\/\/vosgesinfo.fr\/gerardmerinfo\/#\/schema\/logo\/image\/\"},\"sameAs\":[\"https:\/\/www.facebook.com\/profile.php?id=100049475262660\",\"https:\/\/x.com\/VosgesInfo88\",\"https:\/\/www.youtube.com\/@vosgesinfo\"]},{\"@type\":\"Person\",\"@id\":\"https:\/\/vosgesinfo.fr\/gerardmerinfo\/#\/schema\/person\/27a3695b06db98895b354c0765cdfc31\",\"name\":\"La redaction\",\"image\":{\"@type\":\"ImageObject\",\"inLanguage\":\"fr-FR\",\"@id\":\"https:\/\/vosgesinfo.fr\/gerardmerinfo\/#\/schema\/person\/image\/\",\"url\":\"https:\/\/secure.gravatar.com\/avatar\/64c76a78e501cedee55736f43f332df901e1896ae9cd8fad269ae2236dd0e8b6?s=96&d=mm&r=g\",\"contentUrl\":\"https:\/\/secure.gravatar.com\/avatar\/64c76a78e501cedee55736f43f332df901e1896ae9cd8fad269ae2236dd0e8b6?s=96&d=mm&r=g\",\"caption\":\"La redaction\"},\"url\":\"https:\/\/vosgesinfo.fr\/gerardmerinfo\/author\/la-redaction\/\"}]}<\/script>\n<!-- \/ Yoast SEO plugin. -->","yoast_head_json":{"title":"Installation d'une nouvelle kin\u00e9sith\u00e9rapeute dans la vall\u00e9e de Cleurie - Gerardmer Info","robots":{"index":"index","follow":"follow","max-snippet":"max-snippet:-1","max-image-preview":"max-image-preview:large","max-video-preview":"max-video-preview:-1"},"canonical":"https:\/\/vosgesinfo.fr\/gerardmerinfo\/2025\/12\/installation-dune-nouvelle-kinesitherapeute-dans-la-vallee-de-cleurie\/","twitter_card":"summary_large_image","twitter_title":"Installation d'une nouvelle kin\u00e9sith\u00e9rapeute dans la vall\u00e9e de Cleurie - Gerardmer Info","twitter_description":"M\u00e9lanie Santos a r\u00e9cemment ouvert son cabinet situ\u00e9 dans les anciens locaux d\u2019Anne de Sol\u00e8ne. Elle est d\u00e9sormais install\u00e9e en [&hellip;]","twitter_image":"https:\/\/vosgesinfo.fr\/app\/uploads\/sites\/6\/2025\/12\/kine-masseuse-melanie-santos.jpg","twitter_creator":"@VosgesInfo88","twitter_site":"@VosgesInfo88","twitter_misc":{"\u00c9crit par":"La redaction","Dur\u00e9e de lecture estim\u00e9e":"1 minute"},"schema":{"@context":"https:\/\/schema.org","@graph":[{"@type":"Article","@id":"https:\/\/vosgesinfo.fr\/gerardmerinfo\/2025\/12\/installation-dune-nouvelle-kinesitherapeute-dans-la-vallee-de-cleurie\/#article","isPartOf":{"@id":"https:\/\/vosgesinfo.fr\/gerardmerinfo\/2025\/12\/installation-dune-nouvelle-kinesitherapeute-dans-la-vallee-de-cleurie\/"},"author":{"name":"La redaction","@id":"https:\/\/vosgesinfo.fr\/gerardmerinfo\/#\/schema\/person\/27a3695b06db98895b354c0765cdfc31"},"headline":"Installation d&rsquo;une nouvelle kin\u00e9sith\u00e9rapeute dans la vall\u00e9e de Cleurie","datePublished":"2025-12-10T04:55:14+00:00","dateModified":"2025-12-10T04:55:14+00:00","mainEntityOfPage":{"@id":"https:\/\/vosgesinfo.fr\/gerardmerinfo\/2025\/12\/installation-dune-nouvelle-kinesitherapeute-dans-la-vallee-de-cleurie\/"},"wordCount":126,"commentCount":0,"publisher":{"@id":"https:\/\/vosgesinfo.fr\/gerardmerinfo\/#organization"},"image":{"@id":"https:\/\/vosgesinfo.fr\/gerardmerinfo\/2025\/12\/installation-dune-nouvelle-kinesitherapeute-dans-la-vallee-de-cleurie\/#primaryimage"},"thumbnailUrl":"https:\/\/vosgesinfo.fr\/app\/uploads\/sites\/6\/2025\/12\/kine-masseuse-melanie-santos.jpg","articleSection":["A la une","G\u00e9rardmer","Remiremont","Sant\u00e9"],"inLanguage":"fr-FR","potentialAction":[{"@type":"CommentAction","name":"Comment","target":["https:\/\/vosgesinfo.fr\/gerardmerinfo\/2025\/12\/installation-dune-nouvelle-kinesitherapeute-dans-la-vallee-de-cleurie\/#respond"]}]},{"@type":"WebPage","@id":"https:\/\/vosgesinfo.fr\/gerardmerinfo\/2025\/12\/installation-dune-nouvelle-kinesitherapeute-dans-la-vallee-de-cleurie\/","url":"https:\/\/vosgesinfo.fr\/gerardmerinfo\/2025\/12\/installation-dune-nouvelle-kinesitherapeute-dans-la-vallee-de-cleurie\/","name":"Installation d'une nouvelle kin\u00e9sith\u00e9rapeute dans la vall\u00e9e de Cleurie - Gerardmer Info","isPartOf":{"@id":"https:\/\/vosgesinfo.fr\/gerardmerinfo\/#website"},"primaryImageOfPage":{"@id":"https:\/\/vosgesinfo.fr\/gerardmerinfo\/2025\/12\/installation-dune-nouvelle-kinesitherapeute-dans-la-vallee-de-cleurie\/#primaryimage"},"image":{"@id":"https:\/\/vosgesinfo.fr\/gerardmerinfo\/2025\/12\/installation-dune-nouvelle-kinesitherapeute-dans-la-vallee-de-cleurie\/#primaryimage"},"thumbnailUrl":"https:\/\/vosgesinfo.fr\/app\/uploads\/sites\/6\/2025\/12\/kine-masseuse-melanie-santos.jpg","datePublished":"2025-12-10T04:55:14+00:00","dateModified":"2025-12-10T04:55:14+00:00","breadcrumb":{"@id":"https:\/\/vosgesinfo.fr\/gerardmerinfo\/2025\/12\/installation-dune-nouvelle-kinesitherapeute-dans-la-vallee-de-cleurie\/#breadcrumb"},"inLanguage":"fr-FR","potentialAction":[{"@type":"ReadAction","target":["https:\/\/vosgesinfo.fr\/gerardmerinfo\/2025\/12\/installation-dune-nouvelle-kinesitherapeute-dans-la-vallee-de-cleurie\/"]}]},{"@type":"ImageObject","inLanguage":"fr-FR","@id":"https:\/\/vosgesinfo.fr\/gerardmerinfo\/2025\/12\/installation-dune-nouvelle-kinesitherapeute-dans-la-vallee-de-cleurie\/#primaryimage","url":"https:\/\/vosgesinfo.fr\/app\/uploads\/sites\/6\/2025\/12\/kine-masseuse-melanie-santos.jpg","contentUrl":"https:\/\/vosgesinfo.fr\/app\/uploads\/sites\/6\/2025\/12\/kine-masseuse-melanie-santos.jpg","width":1069,"height":1080},{"@type":"BreadcrumbList","@id":"https:\/\/vosgesinfo.fr\/gerardmerinfo\/2025\/12\/installation-dune-nouvelle-kinesitherapeute-dans-la-vallee-de-cleurie\/#breadcrumb","itemListElement":[{"@type":"ListItem","position":1,"name":"Home","item":"https:\/\/vosgesinfo.fr\/gerardmerinfo\/"},{"@type":"ListItem","position":2,"name":"Installation d&rsquo;une nouvelle kin\u00e9sith\u00e9rapeute dans la vall\u00e9e de Cleurie"}]},{"@type":"WebSite","@id":"https:\/\/vosgesinfo.fr\/gerardmerinfo\/#website","url":"https:\/\/vosgesinfo.fr\/gerardmerinfo\/","name":"Gerardmer Info","description":"Toute l&#039;actualit\u00e9 de G\u00e9rardmer","publisher":{"@id":"https:\/\/vosgesinfo.fr\/gerardmerinfo\/#organization"},"alternateName":"Toute l'actualit\u00e9 de G\u00e9rardmer","potentialAction":[{"@type":"SearchAction","target":{"@type":"EntryPoint","urlTemplate":"https:\/\/vosgesinfo.fr\/gerardmerinfo\/?s={search_term_string}"},"query-input":"required name=search_term_string"}],"inLanguage":"fr-FR"},{"@type":"Organization","@id":"https:\/\/vosgesinfo.fr\/gerardmerinfo\/#organization","name":"Gerardmer Info","url":"https:\/\/vosgesinfo.fr\/gerardmerinfo\/","logo":{"@type":"ImageObject","inLanguage":"fr-FR","@id":"https:\/\/vosgesinfo.fr\/gerardmerinfo\/#\/schema\/logo\/image\/","url":"https:\/\/vosgesinfo.fr\/app\/uploads\/sites\/6\/2023\/08\/favicon-gerardmerinfo.png","contentUrl":"https:\/\/vosgesinfo.fr\/app\/uploads\/sites\/6\/2023\/08\/favicon-gerardmerinfo.png","width":512,"height":512,"caption":"Gerardmer Info"},"image":{"@id":"https:\/\/vosgesinfo.fr\/gerardmerinfo\/#\/schema\/logo\/image\/"},"sameAs":["https:\/\/www.facebook.com\/profile.php?id=100049475262660","https:\/\/x.com\/VosgesInfo88","https:\/\/www.youtube.com\/@vosgesinfo"]},{"@type":"Person","@id":"https:\/\/vosgesinfo.fr\/gerardmerinfo\/#\/schema\/person\/27a3695b06db98895b354c0765cdfc31","name":"La redaction","image":{"@type":"ImageObject","inLanguage":"fr-FR","@id":"https:\/\/vosgesinfo.fr\/gerardmerinfo\/#\/schema\/person\/image\/","url":"https:\/\/secure.gravatar.com\/avatar\/64c76a78e501cedee55736f43f332df901e1896ae9cd8fad269ae2236dd0e8b6?s=96&d=mm&r=g","contentUrl":"https:\/\/secure.gravatar.com\/avatar\/64c76a78e501cedee55736f43f332df901e1896ae9cd8fad269ae2236dd0e8b6?s=96&d=mm&r=g","caption":"La redaction"},"url":"https:\/\/vosgesinfo.fr\/gerardmerinfo\/author\/la-redaction\/"}]}},"_links":{"self":[{"href":"https:\/\/vosgesinfo.fr\/gerardmerinfo\/wp-json\/wp\/v2\/posts\/85627","targetHints":{"allow":["GET"]}}],"collection":[{"href":"https:\/\/vosgesinfo.fr\/gerardmerinfo\/wp-json\/wp\/v2\/posts"}],"about":[{"href":"https:\/\/vosgesinfo.fr\/gerardmerinfo\/wp-json\/wp\/v2\/types\/post"}],"author":[{"embeddable":true,"href":"https:\/\/vosgesinfo.fr\/gerardmerinfo\/wp-json\/wp\/v2\/users\/391"}],"replies":[{"embeddable":true,"href":"https:\/\/vosgesinfo.fr\/gerardmerinfo\/wp-json\/wp\/v2\/comments?post=85627"}],"version-history":[{"count":1,"href":"https:\/\/vosgesinfo.fr\/gerardmerinfo\/wp-json\/wp\/v2\/posts\/85627\/revisions"}],"predecessor-version":[{"id":85629,"href":"https:\/\/vosgesinfo.fr\/gerardmerinfo\/wp-json\/wp\/v2\/posts\/85627\/revisions\/85629"}],"wp:featuredmedia":[{"embeddable":true,"href":"https:\/\/vosgesinfo.fr\/gerardmerinfo\/wp-json\/wp\/v2\/media\/85628"}],"wp:attachment":[{"href":"https:\/\/vosgesinfo.fr\/gerardmerinfo\/wp-json\/wp\/v2\/media?parent=85627"}],"wp:term":[{"taxonomy":"category","embeddable":true,"href":"https:\/\/vosgesinfo.fr\/gerardmerinfo\/wp-json\/wp\/v2\/categories?post=85627"},{"taxonomy":"post_tag","embeddable":true,"href":"https:\/\/vosgesinfo.fr\/gerardmerinfo\/wp-json\/wp\/v2\/tags?post=85627"}],"curies":[{"name":"wp","href":"https:\/\/api.w.org\/{rel}","templated":true}]}}