{"id":85636,"date":"2025-12-12T05:56:41","date_gmt":"2025-12-12T04:56:41","guid":{"rendered":"https:\/\/vosgesinfo.fr\/gerardmerinfo\/?p=85636"},"modified":"2025-12-10T11:51:49","modified_gmt":"2025-12-10T10:51:49","slug":"spectacle-le-merveilleux-voyage-de-nils","status":"publish","type":"post","link":"https:\/\/vosgesinfo.fr\/gerardmerinfo\/2025\/12\/spectacle-le-merveilleux-voyage-de-nils\/","title":{"rendered":"Spectacle Le merveilleux voyage de Nils"},"content":{"rendered":"<p class=\"x_MsoNormal\"><strong><span style=\"color: #c27ba0;\">La Saison Culturelle\u00a0<\/span>vous pr\u00e9sente le\u00a0<span class=\"x_gmail-il\">spectacle <\/span><span style=\"font-family: tahoma, sans-serif;\">Le Merveilleux voyage de Nils (th\u00e9\u00e2tre, musique et ombre chinoises) <\/span>qui aura lieu samedi 27 d\u00e9cembre \u00e0 18h00 \u00e0 la MCL de G\u00e9rardmer.\u00a0<\/strong><\/p>\n<h3><span style=\"font-size: 12pt;\">Th\u00e9\u00e2tre, musique et ombre chinoises :<\/span><\/h3>\n<p><a href=\"https:\/\/vosgesinfo.fr\/app\/uploads\/sites\/6\/2025\/12\/saison-culturelle-25-26.pdf-1.jpg\"><img decoding=\"async\" class=\"alignright size-medium wp-image-85637\" src=\"https:\/\/vosgesinfo.fr\/app\/uploads\/sites\/6\/2025\/12\/saison-culturelle-25-26.pdf-1-212x300.jpg\" alt=\"\" width=\"212\" height=\"300\" srcset=\"https:\/\/vosgesinfo.fr\/app\/uploads\/sites\/6\/2025\/12\/saison-culturelle-25-26.pdf-1-212x300.jpg 212w, https:\/\/vosgesinfo.fr\/app\/uploads\/sites\/6\/2025\/12\/saison-culturelle-25-26.pdf-1-724x1024.jpg 724w, https:\/\/vosgesinfo.fr\/app\/uploads\/sites\/6\/2025\/12\/saison-culturelle-25-26.pdf-1.jpg 764w\" sizes=\"(max-width: 212px) 100vw, 212px\" \/><\/a>Le merveilleux voyage de Nils est une adaptation du roman \u00e9ponyme de Selma Lagerl\u00f6f \u00e9crit en 1906.<\/p>\n<p>Nils est un jeune gar\u00e7on de ferme \u2013 aujourd\u2019hui \u00e7a sera une fille, car la narratrice en a d\u00e9cid\u00e9 ainsi \u2013 Nils est donc une jeune fille qui vit avec ses parents dans le sud de la Su\u00e8de. Elle n\u2019est apparemment pas bonne \u00e0 grand-chose, elle ne sait que manger, dormir et faire des b\u00eatises.<\/p>\n<p>Un jour, alors que ses parents l\u2019ont laiss\u00e9e seule \u00e0 la maison, elle rencontre un lutin dont elle se moque ouvertement. Celui-ci, pour la punir de sa m\u00e9chancet\u00e9, l\u2019ensorc\u00e8le et la transforme \u00e0 son tour en lutin. Au m\u00eame moment, Martin, une jeune oie domestique de la ferme d\u00e9cide d\u2019accompagner un groupe d\u2019oies sauvages dans leur voyage migratoire \u00e0 travers la Su\u00e8de. En essayant de la retenir, Nils s\u2019envole avec elles.<\/p>\n<p><strong>La compagnie qui fume<\/strong><\/p>\n","protected":false},"excerpt":{"rendered":"<p>La Saison Culturelle\u00a0vous pr\u00e9sente le\u00a0spectacle Le Merveilleux voyage de Nils (th\u00e9\u00e2tre, musique et ombre chinoises) qui aura lieu samedi 27 [&hellip;]<\/p>\n","protected":false},"author":391,"featured_media":85637,"comment_status":"open","ping_status":"open","sticky":false,"template":"","format":"standard","meta":{"footnotes":""},"categories":[20,4,5647],"tags":[974],"class_list":["post-85636","post","type-post","status-publish","format-standard","has-post-thumbnail","hentry","category-a-la-une","category-culture","category-gerardmer-autres-sites","tag-saison-culturelle"],"acf":[],"yoast_head":"<!-- This site is optimized with the Yoast SEO plugin v22.5 - https:\/\/yoast.com\/wordpress\/plugins\/seo\/ -->\n<title>Spectacle Le merveilleux voyage de Nils - Gerardmer Info<\/title>\n<meta name=\"robots\" content=\"index, follow, max-snippet:-1, max-image-preview:large, max-video-preview:-1\" \/>\n<link rel=\"canonical\" href=\"https:\/\/vosgesinfo.fr\/gerardmerinfo\/2025\/12\/spectacle-le-merveilleux-voyage-de-nils\/\" \/>\n<meta name=\"twitter:card\" content=\"summary_large_image\" \/>\n<meta name=\"twitter:title\" content=\"Spectacle Le merveilleux voyage de Nils - Gerardmer Info\" \/>\n<meta name=\"twitter:description\" content=\"La Saison Culturelle\u00a0vous pr\u00e9sente le\u00a0spectacle Le Merveilleux voyage de Nils (th\u00e9\u00e2tre, musique et ombre chinoises) qui aura lieu samedi 27 [&hellip;]\" \/>\n<meta name=\"twitter:image\" content=\"https:\/\/vosgesinfo.fr\/app\/uploads\/sites\/6\/2025\/12\/saison-culturelle-25-26.pdf-1.jpg\" \/>\n<meta name=\"twitter:creator\" content=\"@VosgesInfo88\" \/>\n<meta name=\"twitter:site\" content=\"@VosgesInfo88\" \/>\n<meta name=\"twitter:label1\" content=\"\u00c9crit par\" \/>\n\t<meta name=\"twitter:data1\" content=\"La redaction\" \/>\n\t<meta name=\"twitter:label2\" content=\"Dur\u00e9e de lecture estim\u00e9e\" \/>\n\t<meta name=\"twitter:data2\" content=\"1 minute\" \/>\n<script type=\"application\/ld+json\" class=\"yoast-schema-graph\">{\"@context\":\"https:\/\/schema.org\",\"@graph\":[{\"@type\":\"Article\",\"@id\":\"https:\/\/vosgesinfo.fr\/gerardmerinfo\/2025\/12\/spectacle-le-merveilleux-voyage-de-nils\/#article\",\"isPartOf\":{\"@id\":\"https:\/\/vosgesinfo.fr\/gerardmerinfo\/2025\/12\/spectacle-le-merveilleux-voyage-de-nils\/\"},\"author\":{\"name\":\"La redaction\",\"@id\":\"https:\/\/vosgesinfo.fr\/gerardmerinfo\/#\/schema\/person\/27a3695b06db98895b354c0765cdfc31\"},\"headline\":\"Spectacle Le merveilleux voyage de Nils\",\"datePublished\":\"2025-12-12T04:56:41+00:00\",\"dateModified\":\"2025-12-10T10:51:49+00:00\",\"mainEntityOfPage\":{\"@id\":\"https:\/\/vosgesinfo.fr\/gerardmerinfo\/2025\/12\/spectacle-le-merveilleux-voyage-de-nils\/\"},\"wordCount\":201,\"commentCount\":0,\"publisher\":{\"@id\":\"https:\/\/vosgesinfo.fr\/gerardmerinfo\/#organization\"},\"image\":{\"@id\":\"https:\/\/vosgesinfo.fr\/gerardmerinfo\/2025\/12\/spectacle-le-merveilleux-voyage-de-nils\/#primaryimage\"},\"thumbnailUrl\":\"https:\/\/vosgesinfo.fr\/app\/uploads\/sites\/6\/2025\/12\/saison-culturelle-25-26.pdf-1.jpg\",\"keywords\":[\"saison culturelle\"],\"articleSection\":[\"A la une\",\"Culture\",\"Gerardmer\"],\"inLanguage\":\"fr-FR\",\"potentialAction\":[{\"@type\":\"CommentAction\",\"name\":\"Comment\",\"target\":[\"https:\/\/vosgesinfo.fr\/gerardmerinfo\/2025\/12\/spectacle-le-merveilleux-voyage-de-nils\/#respond\"]}]},{\"@type\":\"WebPage\",\"@id\":\"https:\/\/vosgesinfo.fr\/gerardmerinfo\/2025\/12\/spectacle-le-merveilleux-voyage-de-nils\/\",\"url\":\"https:\/\/vosgesinfo.fr\/gerardmerinfo\/2025\/12\/spectacle-le-merveilleux-voyage-de-nils\/\",\"name\":\"Spectacle Le merveilleux voyage de Nils - Gerardmer Info\",\"isPartOf\":{\"@id\":\"https:\/\/vosgesinfo.fr\/gerardmerinfo\/#website\"},\"primaryImageOfPage\":{\"@id\":\"https:\/\/vosgesinfo.fr\/gerardmerinfo\/2025\/12\/spectacle-le-merveilleux-voyage-de-nils\/#primaryimage\"},\"image\":{\"@id\":\"https:\/\/vosgesinfo.fr\/gerardmerinfo\/2025\/12\/spectacle-le-merveilleux-voyage-de-nils\/#primaryimage\"},\"thumbnailUrl\":\"https:\/\/vosgesinfo.fr\/app\/uploads\/sites\/6\/2025\/12\/saison-culturelle-25-26.pdf-1.jpg\",\"datePublished\":\"2025-12-12T04:56:41+00:00\",\"dateModified\":\"2025-12-10T10:51:49+00:00\",\"breadcrumb\":{\"@id\":\"https:\/\/vosgesinfo.fr\/gerardmerinfo\/2025\/12\/spectacle-le-merveilleux-voyage-de-nils\/#breadcrumb\"},\"inLanguage\":\"fr-FR\",\"potentialAction\":[{\"@type\":\"ReadAction\",\"target\":[\"https:\/\/vosgesinfo.fr\/gerardmerinfo\/2025\/12\/spectacle-le-merveilleux-voyage-de-nils\/\"]}]},{\"@type\":\"ImageObject\",\"inLanguage\":\"fr-FR\",\"@id\":\"https:\/\/vosgesinfo.fr\/gerardmerinfo\/2025\/12\/spectacle-le-merveilleux-voyage-de-nils\/#primaryimage\",\"url\":\"https:\/\/vosgesinfo.fr\/app\/uploads\/sites\/6\/2025\/12\/saison-culturelle-25-26.pdf-1.jpg\",\"contentUrl\":\"https:\/\/vosgesinfo.fr\/app\/uploads\/sites\/6\/2025\/12\/saison-culturelle-25-26.pdf-1.jpg\",\"width\":764,\"height\":1080},{\"@type\":\"BreadcrumbList\",\"@id\":\"https:\/\/vosgesinfo.fr\/gerardmerinfo\/2025\/12\/spectacle-le-merveilleux-voyage-de-nils\/#breadcrumb\",\"itemListElement\":[{\"@type\":\"ListItem\",\"position\":1,\"name\":\"Home\",\"item\":\"https:\/\/vosgesinfo.fr\/gerardmerinfo\/\"},{\"@type\":\"ListItem\",\"position\":2,\"name\":\"Spectacle Le merveilleux voyage de Nils\"}]},{\"@type\":\"WebSite\",\"@id\":\"https:\/\/vosgesinfo.fr\/gerardmerinfo\/#website\",\"url\":\"https:\/\/vosgesinfo.fr\/gerardmerinfo\/\",\"name\":\"Gerardmer Info\",\"description\":\"Toute l&#039;actualit\u00e9 de G\u00e9rardmer\",\"publisher\":{\"@id\":\"https:\/\/vosgesinfo.fr\/gerardmerinfo\/#organization\"},\"alternateName\":\"Toute l'actualit\u00e9 de G\u00e9rardmer\",\"potentialAction\":[{\"@type\":\"SearchAction\",\"target\":{\"@type\":\"EntryPoint\",\"urlTemplate\":\"https:\/\/vosgesinfo.fr\/gerardmerinfo\/?s={search_term_string}\"},\"query-input\":\"required name=search_term_string\"}],\"inLanguage\":\"fr-FR\"},{\"@type\":\"Organization\",\"@id\":\"https:\/\/vosgesinfo.fr\/gerardmerinfo\/#organization\",\"name\":\"Gerardmer Info\",\"url\":\"https:\/\/vosgesinfo.fr\/gerardmerinfo\/\",\"logo\":{\"@type\":\"ImageObject\",\"inLanguage\":\"fr-FR\",\"@id\":\"https:\/\/vosgesinfo.fr\/gerardmerinfo\/#\/schema\/logo\/image\/\",\"url\":\"https:\/\/vosgesinfo.fr\/app\/uploads\/sites\/6\/2023\/08\/favicon-gerardmerinfo.png\",\"contentUrl\":\"https:\/\/vosgesinfo.fr\/app\/uploads\/sites\/6\/2023\/08\/favicon-gerardmerinfo.png\",\"width\":512,\"height\":512,\"caption\":\"Gerardmer Info\"},\"image\":{\"@id\":\"https:\/\/vosgesinfo.fr\/gerardmerinfo\/#\/schema\/logo\/image\/\"},\"sameAs\":[\"https:\/\/www.facebook.com\/profile.php?id=100049475262660\",\"https:\/\/x.com\/VosgesInfo88\",\"https:\/\/www.youtube.com\/@vosgesinfo\"]},{\"@type\":\"Person\",\"@id\":\"https:\/\/vosgesinfo.fr\/gerardmerinfo\/#\/schema\/person\/27a3695b06db98895b354c0765cdfc31\",\"name\":\"La redaction\",\"image\":{\"@type\":\"ImageObject\",\"inLanguage\":\"fr-FR\",\"@id\":\"https:\/\/vosgesinfo.fr\/gerardmerinfo\/#\/schema\/person\/image\/\",\"url\":\"https:\/\/secure.gravatar.com\/avatar\/64c76a78e501cedee55736f43f332df901e1896ae9cd8fad269ae2236dd0e8b6?s=96&d=mm&r=g\",\"contentUrl\":\"https:\/\/secure.gravatar.com\/avatar\/64c76a78e501cedee55736f43f332df901e1896ae9cd8fad269ae2236dd0e8b6?s=96&d=mm&r=g\",\"caption\":\"La redaction\"},\"url\":\"https:\/\/vosgesinfo.fr\/gerardmerinfo\/author\/la-redaction\/\"}]}<\/script>\n<!-- \/ Yoast SEO plugin. -->","yoast_head_json":{"title":"Spectacle Le merveilleux voyage de Nils - Gerardmer Info","robots":{"index":"index","follow":"follow","max-snippet":"max-snippet:-1","max-image-preview":"max-image-preview:large","max-video-preview":"max-video-preview:-1"},"canonical":"https:\/\/vosgesinfo.fr\/gerardmerinfo\/2025\/12\/spectacle-le-merveilleux-voyage-de-nils\/","twitter_card":"summary_large_image","twitter_title":"Spectacle Le merveilleux voyage de Nils - Gerardmer Info","twitter_description":"La Saison Culturelle\u00a0vous pr\u00e9sente le\u00a0spectacle Le Merveilleux voyage de Nils (th\u00e9\u00e2tre, musique et ombre chinoises) qui aura lieu samedi 27 [&hellip;]","twitter_image":"https:\/\/vosgesinfo.fr\/app\/uploads\/sites\/6\/2025\/12\/saison-culturelle-25-26.pdf-1.jpg","twitter_creator":"@VosgesInfo88","twitter_site":"@VosgesInfo88","twitter_misc":{"\u00c9crit par":"La redaction","Dur\u00e9e de lecture estim\u00e9e":"1 minute"},"schema":{"@context":"https:\/\/schema.org","@graph":[{"@type":"Article","@id":"https:\/\/vosgesinfo.fr\/gerardmerinfo\/2025\/12\/spectacle-le-merveilleux-voyage-de-nils\/#article","isPartOf":{"@id":"https:\/\/vosgesinfo.fr\/gerardmerinfo\/2025\/12\/spectacle-le-merveilleux-voyage-de-nils\/"},"author":{"name":"La redaction","@id":"https:\/\/vosgesinfo.fr\/gerardmerinfo\/#\/schema\/person\/27a3695b06db98895b354c0765cdfc31"},"headline":"Spectacle Le merveilleux voyage de Nils","datePublished":"2025-12-12T04:56:41+00:00","dateModified":"2025-12-10T10:51:49+00:00","mainEntityOfPage":{"@id":"https:\/\/vosgesinfo.fr\/gerardmerinfo\/2025\/12\/spectacle-le-merveilleux-voyage-de-nils\/"},"wordCount":201,"commentCount":0,"publisher":{"@id":"https:\/\/vosgesinfo.fr\/gerardmerinfo\/#organization"},"image":{"@id":"https:\/\/vosgesinfo.fr\/gerardmerinfo\/2025\/12\/spectacle-le-merveilleux-voyage-de-nils\/#primaryimage"},"thumbnailUrl":"https:\/\/vosgesinfo.fr\/app\/uploads\/sites\/6\/2025\/12\/saison-culturelle-25-26.pdf-1.jpg","keywords":["saison culturelle"],"articleSection":["A la une","Culture","Gerardmer"],"inLanguage":"fr-FR","potentialAction":[{"@type":"CommentAction","name":"Comment","target":["https:\/\/vosgesinfo.fr\/gerardmerinfo\/2025\/12\/spectacle-le-merveilleux-voyage-de-nils\/#respond"]}]},{"@type":"WebPage","@id":"https:\/\/vosgesinfo.fr\/gerardmerinfo\/2025\/12\/spectacle-le-merveilleux-voyage-de-nils\/","url":"https:\/\/vosgesinfo.fr\/gerardmerinfo\/2025\/12\/spectacle-le-merveilleux-voyage-de-nils\/","name":"Spectacle Le merveilleux voyage de Nils - Gerardmer Info","isPartOf":{"@id":"https:\/\/vosgesinfo.fr\/gerardmerinfo\/#website"},"primaryImageOfPage":{"@id":"https:\/\/vosgesinfo.fr\/gerardmerinfo\/2025\/12\/spectacle-le-merveilleux-voyage-de-nils\/#primaryimage"},"image":{"@id":"https:\/\/vosgesinfo.fr\/gerardmerinfo\/2025\/12\/spectacle-le-merveilleux-voyage-de-nils\/#primaryimage"},"thumbnailUrl":"https:\/\/vosgesinfo.fr\/app\/uploads\/sites\/6\/2025\/12\/saison-culturelle-25-26.pdf-1.jpg","datePublished":"2025-12-12T04:56:41+00:00","dateModified":"2025-12-10T10:51:49+00:00","breadcrumb":{"@id":"https:\/\/vosgesinfo.fr\/gerardmerinfo\/2025\/12\/spectacle-le-merveilleux-voyage-de-nils\/#breadcrumb"},"inLanguage":"fr-FR","potentialAction":[{"@type":"ReadAction","target":["https:\/\/vosgesinfo.fr\/gerardmerinfo\/2025\/12\/spectacle-le-merveilleux-voyage-de-nils\/"]}]},{"@type":"ImageObject","inLanguage":"fr-FR","@id":"https:\/\/vosgesinfo.fr\/gerardmerinfo\/2025\/12\/spectacle-le-merveilleux-voyage-de-nils\/#primaryimage","url":"https:\/\/vosgesinfo.fr\/app\/uploads\/sites\/6\/2025\/12\/saison-culturelle-25-26.pdf-1.jpg","contentUrl":"https:\/\/vosgesinfo.fr\/app\/uploads\/sites\/6\/2025\/12\/saison-culturelle-25-26.pdf-1.jpg","width":764,"height":1080},{"@type":"BreadcrumbList","@id":"https:\/\/vosgesinfo.fr\/gerardmerinfo\/2025\/12\/spectacle-le-merveilleux-voyage-de-nils\/#breadcrumb","itemListElement":[{"@type":"ListItem","position":1,"name":"Home","item":"https:\/\/vosgesinfo.fr\/gerardmerinfo\/"},{"@type":"ListItem","position":2,"name":"Spectacle Le merveilleux voyage de Nils"}]},{"@type":"WebSite","@id":"https:\/\/vosgesinfo.fr\/gerardmerinfo\/#website","url":"https:\/\/vosgesinfo.fr\/gerardmerinfo\/","name":"Gerardmer Info","description":"Toute l&#039;actualit\u00e9 de G\u00e9rardmer","publisher":{"@id":"https:\/\/vosgesinfo.fr\/gerardmerinfo\/#organization"},"alternateName":"Toute l'actualit\u00e9 de G\u00e9rardmer","potentialAction":[{"@type":"SearchAction","target":{"@type":"EntryPoint","urlTemplate":"https:\/\/vosgesinfo.fr\/gerardmerinfo\/?s={search_term_string}"},"query-input":"required name=search_term_string"}],"inLanguage":"fr-FR"},{"@type":"Organization","@id":"https:\/\/vosgesinfo.fr\/gerardmerinfo\/#organization","name":"Gerardmer Info","url":"https:\/\/vosgesinfo.fr\/gerardmerinfo\/","logo":{"@type":"ImageObject","inLanguage":"fr-FR","@id":"https:\/\/vosgesinfo.fr\/gerardmerinfo\/#\/schema\/logo\/image\/","url":"https:\/\/vosgesinfo.fr\/app\/uploads\/sites\/6\/2023\/08\/favicon-gerardmerinfo.png","contentUrl":"https:\/\/vosgesinfo.fr\/app\/uploads\/sites\/6\/2023\/08\/favicon-gerardmerinfo.png","width":512,"height":512,"caption":"Gerardmer Info"},"image":{"@id":"https:\/\/vosgesinfo.fr\/gerardmerinfo\/#\/schema\/logo\/image\/"},"sameAs":["https:\/\/www.facebook.com\/profile.php?id=100049475262660","https:\/\/x.com\/VosgesInfo88","https:\/\/www.youtube.com\/@vosgesinfo"]},{"@type":"Person","@id":"https:\/\/vosgesinfo.fr\/gerardmerinfo\/#\/schema\/person\/27a3695b06db98895b354c0765cdfc31","name":"La redaction","image":{"@type":"ImageObject","inLanguage":"fr-FR","@id":"https:\/\/vosgesinfo.fr\/gerardmerinfo\/#\/schema\/person\/image\/","url":"https:\/\/secure.gravatar.com\/avatar\/64c76a78e501cedee55736f43f332df901e1896ae9cd8fad269ae2236dd0e8b6?s=96&d=mm&r=g","contentUrl":"https:\/\/secure.gravatar.com\/avatar\/64c76a78e501cedee55736f43f332df901e1896ae9cd8fad269ae2236dd0e8b6?s=96&d=mm&r=g","caption":"La redaction"},"url":"https:\/\/vosgesinfo.fr\/gerardmerinfo\/author\/la-redaction\/"}]}},"_links":{"self":[{"href":"https:\/\/vosgesinfo.fr\/gerardmerinfo\/wp-json\/wp\/v2\/posts\/85636","targetHints":{"allow":["GET"]}}],"collection":[{"href":"https:\/\/vosgesinfo.fr\/gerardmerinfo\/wp-json\/wp\/v2\/posts"}],"about":[{"href":"https:\/\/vosgesinfo.fr\/gerardmerinfo\/wp-json\/wp\/v2\/types\/post"}],"author":[{"embeddable":true,"href":"https:\/\/vosgesinfo.fr\/gerardmerinfo\/wp-json\/wp\/v2\/users\/391"}],"replies":[{"embeddable":true,"href":"https:\/\/vosgesinfo.fr\/gerardmerinfo\/wp-json\/wp\/v2\/comments?post=85636"}],"version-history":[{"count":1,"href":"https:\/\/vosgesinfo.fr\/gerardmerinfo\/wp-json\/wp\/v2\/posts\/85636\/revisions"}],"predecessor-version":[{"id":85638,"href":"https:\/\/vosgesinfo.fr\/gerardmerinfo\/wp-json\/wp\/v2\/posts\/85636\/revisions\/85638"}],"wp:featuredmedia":[{"embeddable":true,"href":"https:\/\/vosgesinfo.fr\/gerardmerinfo\/wp-json\/wp\/v2\/media\/85637"}],"wp:attachment":[{"href":"https:\/\/vosgesinfo.fr\/gerardmerinfo\/wp-json\/wp\/v2\/media?parent=85636"}],"wp:term":[{"taxonomy":"category","embeddable":true,"href":"https:\/\/vosgesinfo.fr\/gerardmerinfo\/wp-json\/wp\/v2\/categories?post=85636"},{"taxonomy":"post_tag","embeddable":true,"href":"https:\/\/vosgesinfo.fr\/gerardmerinfo\/wp-json\/wp\/v2\/tags?post=85636"}],"curies":[{"name":"wp","href":"https:\/\/api.w.org\/{rel}","templated":true}]}}