{"id":85652,"date":"2025-12-10T23:44:31","date_gmt":"2025-12-10T22:44:31","guid":{"rendered":"https:\/\/vosgesinfo.fr\/gerardmerinfo\/?p=85652"},"modified":"2025-12-11T09:31:48","modified_gmt":"2025-12-11T08:31:48","slug":"carton-plein-pour-gerardmer-aventure-film-festival-2025","status":"publish","type":"post","link":"https:\/\/vosgesinfo.fr\/gerardmerinfo\/2025\/12\/carton-plein-pour-gerardmer-aventure-film-festival-2025\/","title":{"rendered":"Carton plein pour G\u00e9rardmer Aventure Film Festival 2025"},"content":{"rendered":"<div id=\"attachment_85657\" style=\"width: 1034px\" class=\"wp-caption aligncenter\"><a href=\"https:\/\/vosgesinfo.fr\/app\/uploads\/sites\/6\/2025\/12\/gerardmer-aventure-festival-2025-4.jpg\"><img decoding=\"async\" aria-describedby=\"caption-attachment-85657\" class=\"size-large wp-image-85657\" src=\"https:\/\/vosgesinfo.fr\/app\/uploads\/sites\/6\/2025\/12\/gerardmer-aventure-festival-2025-4-1024x768.jpg\" alt=\"\" width=\"1024\" height=\"768\" srcset=\"https:\/\/vosgesinfo.fr\/app\/uploads\/sites\/6\/2025\/12\/gerardmer-aventure-festival-2025-4-1024x768.jpg 1024w, https:\/\/vosgesinfo.fr\/app\/uploads\/sites\/6\/2025\/12\/gerardmer-aventure-festival-2025-4-300x225.jpg 300w, https:\/\/vosgesinfo.fr\/app\/uploads\/sites\/6\/2025\/12\/gerardmer-aventure-festival-2025-4-768x576.jpg 768w, https:\/\/vosgesinfo.fr\/app\/uploads\/sites\/6\/2025\/12\/gerardmer-aventure-festival-2025-4.jpg 1440w\" sizes=\"(max-width: 1024px) 100vw, 1024px\" \/><\/a><p id=\"caption-attachment-85657\" class=\"wp-caption-text\">Th\u00e9o f\u00e9vrier, Mathurin Vautier &amp; Alexis C\u00f4me<\/p><\/div>\n\n\t\t<style type=\"text\/css\">\n\t\t\t#gallery-1 {\n\t\t\t\tmargin: auto;\n\t\t\t}\n\t\t\t#gallery-1 .gallery-item {\n\t\t\t\tfloat: left;\n\t\t\t\tmargin-top: 10px;\n\t\t\t\ttext-align: center;\n\t\t\t\twidth: 50%;\n\t\t\t}\n\t\t\t#gallery-1 img {\n\t\t\t\tborder: 2px solid #cfcfcf;\n\t\t\t}\n\t\t\t#gallery-1 .gallery-caption {\n\t\t\t\tmargin-left: 0;\n\t\t\t}\n\t\t\t\/* see gallery_shortcode() in wp-includes\/media.php *\/\n\t\t<\/style>\n\t\t<div id='gallery-1' class='gallery galleryid-85652 gallery-columns-2 gallery-size-medium'><dl class='gallery-item'>\n\t\t\t<dt class='gallery-icon landscape'>\n\t\t\t\t<a href='https:\/\/vosgesinfo.fr\/app\/uploads\/sites\/6\/2025\/12\/concert-gaff.jpg'><img decoding=\"async\" width=\"300\" height=\"201\" src=\"https:\/\/vosgesinfo.fr\/app\/uploads\/sites\/6\/2025\/12\/concert-gaff-300x201.jpg\" class=\"attachment-medium size-medium\" alt=\"\" srcset=\"https:\/\/vosgesinfo.fr\/app\/uploads\/sites\/6\/2025\/12\/concert-gaff-300x201.jpg 300w, https:\/\/vosgesinfo.fr\/app\/uploads\/sites\/6\/2025\/12\/concert-gaff-1024x684.jpg 1024w, https:\/\/vosgesinfo.fr\/app\/uploads\/sites\/6\/2025\/12\/concert-gaff-768x513.jpg 768w, https:\/\/vosgesinfo.fr\/app\/uploads\/sites\/6\/2025\/12\/concert-gaff.jpg 1327w\" sizes=\"(max-width: 300px) 100vw, 300px\" \/><\/a>\n\t\t\t<\/dt><\/dl><dl class='gallery-item'>\n\t\t\t<dt class='gallery-icon landscape'>\n\t\t\t\t<a href='https:\/\/vosgesinfo.fr\/app\/uploads\/sites\/6\/2025\/12\/gerardmer-aventure-festival-2025-1.jpg'><img decoding=\"async\" width=\"300\" height=\"200\" src=\"https:\/\/vosgesinfo.fr\/app\/uploads\/sites\/6\/2025\/12\/gerardmer-aventure-festival-2025-1-300x200.jpg\" class=\"attachment-medium size-medium\" alt=\"\" srcset=\"https:\/\/vosgesinfo.fr\/app\/uploads\/sites\/6\/2025\/12\/gerardmer-aventure-festival-2025-1-300x200.jpg 300w, https:\/\/vosgesinfo.fr\/app\/uploads\/sites\/6\/2025\/12\/gerardmer-aventure-festival-2025-1-1024x684.jpg 1024w, https:\/\/vosgesinfo.fr\/app\/uploads\/sites\/6\/2025\/12\/gerardmer-aventure-festival-2025-1-768x513.jpg 768w, https:\/\/vosgesinfo.fr\/app\/uploads\/sites\/6\/2025\/12\/gerardmer-aventure-festival-2025-1-1536x1027.jpg 1536w, https:\/\/vosgesinfo.fr\/app\/uploads\/sites\/6\/2025\/12\/gerardmer-aventure-festival-2025-1.jpg 1616w\" sizes=\"(max-width: 300px) 100vw, 300px\" \/><\/a>\n\t\t\t<\/dt><\/dl><br style=\"clear: both\" \/><dl class='gallery-item'>\n\t\t\t<dt class='gallery-icon landscape'>\n\t\t\t\t<a href='https:\/\/vosgesinfo.fr\/app\/uploads\/sites\/6\/2025\/12\/gerardmer-aventure-festival-2025-2.jpg'><img decoding=\"async\" width=\"300\" height=\"225\" src=\"https:\/\/vosgesinfo.fr\/app\/uploads\/sites\/6\/2025\/12\/gerardmer-aventure-festival-2025-2-300x225.jpg\" class=\"attachment-medium size-medium\" alt=\"\" srcset=\"https:\/\/vosgesinfo.fr\/app\/uploads\/sites\/6\/2025\/12\/gerardmer-aventure-festival-2025-2-300x225.jpg 300w, https:\/\/vosgesinfo.fr\/app\/uploads\/sites\/6\/2025\/12\/gerardmer-aventure-festival-2025-2-1024x768.jpg 1024w, https:\/\/vosgesinfo.fr\/app\/uploads\/sites\/6\/2025\/12\/gerardmer-aventure-festival-2025-2-768x576.jpg 768w, https:\/\/vosgesinfo.fr\/app\/uploads\/sites\/6\/2025\/12\/gerardmer-aventure-festival-2025-2.jpg 1440w\" sizes=\"(max-width: 300px) 100vw, 300px\" \/><\/a>\n\t\t\t<\/dt><\/dl><dl class='gallery-item'>\n\t\t\t<dt class='gallery-icon landscape'>\n\t\t\t\t<a href='https:\/\/vosgesinfo.fr\/app\/uploads\/sites\/6\/2025\/12\/dsc00536.jpg'><img decoding=\"async\" width=\"300\" height=\"200\" src=\"https:\/\/vosgesinfo.fr\/app\/uploads\/sites\/6\/2025\/12\/dsc00536-300x200.jpg\" class=\"attachment-medium size-medium\" alt=\"\" srcset=\"https:\/\/vosgesinfo.fr\/app\/uploads\/sites\/6\/2025\/12\/dsc00536-300x200.jpg 300w, https:\/\/vosgesinfo.fr\/app\/uploads\/sites\/6\/2025\/12\/dsc00536-1024x684.jpg 1024w, https:\/\/vosgesinfo.fr\/app\/uploads\/sites\/6\/2025\/12\/dsc00536-768x513.jpg 768w, https:\/\/vosgesinfo.fr\/app\/uploads\/sites\/6\/2025\/12\/dsc00536-1536x1027.jpg 1536w, https:\/\/vosgesinfo.fr\/app\/uploads\/sites\/6\/2025\/12\/dsc00536.jpg 1616w\" sizes=\"(max-width: 300px) 100vw, 300px\" \/><\/a>\n\t\t\t<\/dt><\/dl><br style=\"clear: both\" \/>\n\t\t<\/div>\n\n<p style=\"text-align: center;\"><strong>G\u00e9rardmer Aventure Film Festival 2025 : une \u00e9dition couronn\u00e9e de succ\u00e8s<\/strong><\/p>\n<p>La deuxi\u00e8me \u00e9dition du G\u00e9rardmer Aventure Film Festival (GAFF) s\u2019est tenue du 5 au 7 d\u00e9cembre 2025 \u00e0 la MCL de G\u00e9rardmer. Pendant 3 jours, pr\u00e8s de 800 amoureux de la nature sont venus voyager \u00e0 travers les 17 films projet\u00e9s et \u00e9changer avec la douzaine de r\u00e9alisateurs et aventuriers pr\u00e9sents. Les s\u00e9ances se sont d\u00e9roul\u00e9es \u00e0 guichets ferm\u00e9s, montrant l\u2019int\u00e9r\u00eat croissant du public vosgien pour le cin\u00e9ma d\u2019aventure. Le GAFF se positionne ainsi comme l&rsquo;un des rendez-vous incontournables parmi les festivals de films d\u2019aventure en France pour les ann\u00e9es \u00e0 venir.<\/p>\n<p><strong>Palmar\u00e8s 2025 :<\/strong><br \/>\n<a href=\"https:\/\/vosgesinfo.fr\/app\/uploads\/sites\/6\/2025\/12\/gerardmer-aventure-festival-2025-5.jpg\"><img decoding=\"async\" class=\"alignright size-medium wp-image-85658\" src=\"https:\/\/vosgesinfo.fr\/app\/uploads\/sites\/6\/2025\/12\/gerardmer-aventure-festival-2025-5-201x300.jpg\" alt=\"\" width=\"201\" height=\"300\" srcset=\"https:\/\/vosgesinfo.fr\/app\/uploads\/sites\/6\/2025\/12\/gerardmer-aventure-festival-2025-5-201x300.jpg 201w, https:\/\/vosgesinfo.fr\/app\/uploads\/sites\/6\/2025\/12\/gerardmer-aventure-festival-2025-5-685x1024.jpg 685w, https:\/\/vosgesinfo.fr\/app\/uploads\/sites\/6\/2025\/12\/gerardmer-aventure-festival-2025-5.jpg 722w\" sizes=\"(max-width: 201px) 100vw, 201px\" \/><\/a>Le jury pr\u00e9sid\u00e9 par Nicolas Thellier, photographe outdoor et directeur de production, a eu la lourde t\u00e2che de d\u00e9cerner le prix du jury ainsi que le prix coup de c\u0153ur du jury.<br \/>\nLe prix du Jury a \u00e9t\u00e9 d\u00e9cern\u00e9 \u00e0 La Madone, r\u00e9alis\u00e9 par le vosgien d\u2019origine Guillaume Pierrel et Laurent Jamet. Ce film retrace le voyage de Guillaume Pierrel et Lucien Boucansaud en qu\u00eate des madones du massif du Mont Blanc. Un film immersif de 52 minutes qui plonge les spectateurs au c\u0153ur des plus belles faces du massif.<br \/>\nLe prix coup de coeur du Jury a quant \u00e0 lui \u00e9t\u00e9 attribu\u00e9 \u00e0 Seul Libre de Th\u00e9o F\u00e9vrier. Une aventure exceptionnelle de 14 000km \u00e0 la force des jambes, en solitaire \u00e0 travers l\u2019Am\u00e9rique du Sud.<br \/>\nMercantour sous nos pieds \u00e0 conquis le public vosgien qui lui a adress\u00e9 son prix. La touchante aventure des \u00e9l\u00e8ves de 5\u00e8me du coll\u00e8ge Les Muriers de Cannes r\u00e9alis\u00e9e par le vosgien Lo\u00efc Preghenella a su s\u00e9duire les spectateurs. Une immersion dans la Grande Travers\u00e9e du Mercantour de 22 \u00e9l\u00e8ves du R\u00e9seau d\u2019Education Prioritaire.<\/p>\n<p><strong>Le GAFF fait rayonner le territoire vosgien.<\/strong><br \/>\n<a href=\"https:\/\/vosgesinfo.fr\/app\/uploads\/sites\/6\/2025\/12\/gerardmer-aventure-festival-2025-3.jpg\"><img decoding=\"async\" class=\"alignright size-medium wp-image-85656\" src=\"https:\/\/vosgesinfo.fr\/app\/uploads\/sites\/6\/2025\/12\/gerardmer-aventure-festival-2025-3-225x300.jpg\" alt=\"\" width=\"225\" height=\"300\" srcset=\"https:\/\/vosgesinfo.fr\/app\/uploads\/sites\/6\/2025\/12\/gerardmer-aventure-festival-2025-3-225x300.jpg 225w, https:\/\/vosgesinfo.fr\/app\/uploads\/sites\/6\/2025\/12\/gerardmer-aventure-festival-2025-3-768x1024.jpg 768w, https:\/\/vosgesinfo.fr\/app\/uploads\/sites\/6\/2025\/12\/gerardmer-aventure-festival-2025-3.jpg 810w\" sizes=\"(max-width: 225px) 100vw, 225px\" \/><\/a>Cette \u00e9dition exceptionnelle ancre le festival dans le paysage g\u00e9r\u00f4mois et incarne parfaitement les valeurs de notre territoire : nature, sport, partage et d\u00e9couverte. Le GAFF confirme \u00e0 travers cet \u00e9v\u00e9nement que la perle des Vosges est l\u2019un des hauts lieux de l\u2019aventure en France.<br \/>\nPort\u00e9 par le Club Alpin Fran\u00e7ais des Hautes Vosges, cet \u00e9v\u00e8nement 100% associatif contribue pleinement au dynamisme du territoire. Le GAFF mobilise de nombreux b\u00e9n\u00e9voles et partenaires locaux, cr\u00e9ant un \u00e9lan collectif au service de l\u2019\u00e9conomie locale.<br \/>\nPour prolonger l\u2019aventure, ne manquez pas l\u2019exposition d\u00e9di\u00e9e \u00e0 l\u2019aventure qui se tient jusqu\u2019au 29 D\u00e9cembre 2025 \u00e0 la MCL de G\u00e9rardmer.<\/p>\n<p>&nbsp;<\/p>\n<p>(Cr\u00e9dit photos : Alexis C\u00d4ME\/GAFF)<\/p>\n<p><a href=\"https:\/\/vosgesinfo.fr\/app\/uploads\/sites\/6\/2025\/12\/gerardmer-aventure-festival-2025-61.jpg\"><img decoding=\"async\" class=\"aligncenter size-full wp-image-85668\" src=\"https:\/\/vosgesinfo.fr\/app\/uploads\/sites\/6\/2025\/12\/gerardmer-aventure-festival-2025-61.jpg\" alt=\"\" width=\"1620\" height=\"1080\" srcset=\"https:\/\/vosgesinfo.fr\/app\/uploads\/sites\/6\/2025\/12\/gerardmer-aventure-festival-2025-61.jpg 1620w, https:\/\/vosgesinfo.fr\/app\/uploads\/sites\/6\/2025\/12\/gerardmer-aventure-festival-2025-61-300x200.jpg 300w, https:\/\/vosgesinfo.fr\/app\/uploads\/sites\/6\/2025\/12\/gerardmer-aventure-festival-2025-61-1024x683.jpg 1024w, https:\/\/vosgesinfo.fr\/app\/uploads\/sites\/6\/2025\/12\/gerardmer-aventure-festival-2025-61-768x512.jpg 768w, https:\/\/vosgesinfo.fr\/app\/uploads\/sites\/6\/2025\/12\/gerardmer-aventure-festival-2025-61-1536x1024.jpg 1536w\" sizes=\"(max-width: 1620px) 100vw, 1620px\" \/><\/a><\/p>\n","protected":false},"excerpt":{"rendered":"<p>G\u00e9rardmer Aventure Film Festival 2025 : une \u00e9dition couronn\u00e9e de succ\u00e8s La deuxi\u00e8me \u00e9dition du G\u00e9rardmer Aventure Film Festival (GAFF) [&hellip;]<\/p>\n","protected":false},"author":391,"featured_media":85658,"comment_status":"open","ping_status":"open","sticky":false,"template":"","format":"standard","meta":{"footnotes":""},"categories":[20,7,5647,18],"tags":[7683],"class_list":["post-85652","post","type-post","status-publish","format-standard","has-post-thumbnail","hentry","category-a-la-une","category-environnement","category-gerardmer-autres-sites","category-vosges","tag-gerardmer-aventure-film-festival"],"acf":[],"yoast_head":"<!-- This site is optimized with the Yoast SEO plugin v22.5 - https:\/\/yoast.com\/wordpress\/plugins\/seo\/ -->\n<title>Carton plein pour G\u00e9rardmer Aventure Film Festival 2025 - Gerardmer Info<\/title>\n<meta name=\"robots\" content=\"index, follow, max-snippet:-1, max-image-preview:large, max-video-preview:-1\" \/>\n<link rel=\"canonical\" href=\"https:\/\/vosgesinfo.fr\/gerardmerinfo\/2025\/12\/carton-plein-pour-gerardmer-aventure-film-festival-2025\/\" \/>\n<meta name=\"twitter:card\" content=\"summary_large_image\" \/>\n<meta name=\"twitter:title\" content=\"Carton plein pour G\u00e9rardmer Aventure Film Festival 2025 - Gerardmer Info\" \/>\n<meta name=\"twitter:description\" content=\"G\u00e9rardmer Aventure Film Festival 2025 : une \u00e9dition couronn\u00e9e de succ\u00e8s La deuxi\u00e8me \u00e9dition du G\u00e9rardmer Aventure Film Festival (GAFF) [&hellip;]\" \/>\n<meta name=\"twitter:image\" content=\"https:\/\/vosgesinfo.fr\/app\/uploads\/sites\/6\/2025\/12\/gerardmer-aventure-festival-2025-5.jpg\" \/>\n<meta name=\"twitter:creator\" content=\"@VosgesInfo88\" \/>\n<meta name=\"twitter:site\" content=\"@VosgesInfo88\" \/>\n<meta name=\"twitter:label1\" content=\"\u00c9crit par\" \/>\n\t<meta name=\"twitter:data1\" content=\"La redaction\" \/>\n\t<meta name=\"twitter:label2\" content=\"Dur\u00e9e de lecture estim\u00e9e\" \/>\n\t<meta name=\"twitter:data2\" content=\"4 minutes\" \/>\n<script type=\"application\/ld+json\" class=\"yoast-schema-graph\">{\"@context\":\"https:\/\/schema.org\",\"@graph\":[{\"@type\":\"Article\",\"@id\":\"https:\/\/vosgesinfo.fr\/gerardmerinfo\/2025\/12\/carton-plein-pour-gerardmer-aventure-film-festival-2025\/#article\",\"isPartOf\":{\"@id\":\"https:\/\/vosgesinfo.fr\/gerardmerinfo\/2025\/12\/carton-plein-pour-gerardmer-aventure-film-festival-2025\/\"},\"author\":{\"name\":\"La redaction\",\"@id\":\"https:\/\/vosgesinfo.fr\/gerardmerinfo\/#\/schema\/person\/27a3695b06db98895b354c0765cdfc31\"},\"headline\":\"Carton plein pour G\u00e9rardmer Aventure Film Festival 2025\",\"datePublished\":\"2025-12-10T22:44:31+00:00\",\"dateModified\":\"2025-12-11T08:31:48+00:00\",\"mainEntityOfPage\":{\"@id\":\"https:\/\/vosgesinfo.fr\/gerardmerinfo\/2025\/12\/carton-plein-pour-gerardmer-aventure-film-festival-2025\/\"},\"wordCount\":476,\"commentCount\":0,\"publisher\":{\"@id\":\"https:\/\/vosgesinfo.fr\/gerardmerinfo\/#organization\"},\"image\":{\"@id\":\"https:\/\/vosgesinfo.fr\/gerardmerinfo\/2025\/12\/carton-plein-pour-gerardmer-aventure-film-festival-2025\/#primaryimage\"},\"thumbnailUrl\":\"https:\/\/vosgesinfo.fr\/app\/uploads\/sites\/6\/2025\/12\/gerardmer-aventure-festival-2025-5.jpg\",\"keywords\":[\"G\u00e9rardmer Aventure Film Festival\"],\"articleSection\":[\"A la une\",\"Environnement\",\"Gerardmer\",\"Vosges\"],\"inLanguage\":\"fr-FR\",\"potentialAction\":[{\"@type\":\"CommentAction\",\"name\":\"Comment\",\"target\":[\"https:\/\/vosgesinfo.fr\/gerardmerinfo\/2025\/12\/carton-plein-pour-gerardmer-aventure-film-festival-2025\/#respond\"]}]},{\"@type\":\"WebPage\",\"@id\":\"https:\/\/vosgesinfo.fr\/gerardmerinfo\/2025\/12\/carton-plein-pour-gerardmer-aventure-film-festival-2025\/\",\"url\":\"https:\/\/vosgesinfo.fr\/gerardmerinfo\/2025\/12\/carton-plein-pour-gerardmer-aventure-film-festival-2025\/\",\"name\":\"Carton plein pour G\u00e9rardmer Aventure Film Festival 2025 - Gerardmer Info\",\"isPartOf\":{\"@id\":\"https:\/\/vosgesinfo.fr\/gerardmerinfo\/#website\"},\"primaryImageOfPage\":{\"@id\":\"https:\/\/vosgesinfo.fr\/gerardmerinfo\/2025\/12\/carton-plein-pour-gerardmer-aventure-film-festival-2025\/#primaryimage\"},\"image\":{\"@id\":\"https:\/\/vosgesinfo.fr\/gerardmerinfo\/2025\/12\/carton-plein-pour-gerardmer-aventure-film-festival-2025\/#primaryimage\"},\"thumbnailUrl\":\"https:\/\/vosgesinfo.fr\/app\/uploads\/sites\/6\/2025\/12\/gerardmer-aventure-festival-2025-5.jpg\",\"datePublished\":\"2025-12-10T22:44:31+00:00\",\"dateModified\":\"2025-12-11T08:31:48+00:00\",\"breadcrumb\":{\"@id\":\"https:\/\/vosgesinfo.fr\/gerardmerinfo\/2025\/12\/carton-plein-pour-gerardmer-aventure-film-festival-2025\/#breadcrumb\"},\"inLanguage\":\"fr-FR\",\"potentialAction\":[{\"@type\":\"ReadAction\",\"target\":[\"https:\/\/vosgesinfo.fr\/gerardmerinfo\/2025\/12\/carton-plein-pour-gerardmer-aventure-film-festival-2025\/\"]}]},{\"@type\":\"ImageObject\",\"inLanguage\":\"fr-FR\",\"@id\":\"https:\/\/vosgesinfo.fr\/gerardmerinfo\/2025\/12\/carton-plein-pour-gerardmer-aventure-film-festival-2025\/#primaryimage\",\"url\":\"https:\/\/vosgesinfo.fr\/app\/uploads\/sites\/6\/2025\/12\/gerardmer-aventure-festival-2025-5.jpg\",\"contentUrl\":\"https:\/\/vosgesinfo.fr\/app\/uploads\/sites\/6\/2025\/12\/gerardmer-aventure-festival-2025-5.jpg\",\"width\":722,\"height\":1080},{\"@type\":\"BreadcrumbList\",\"@id\":\"https:\/\/vosgesinfo.fr\/gerardmerinfo\/2025\/12\/carton-plein-pour-gerardmer-aventure-film-festival-2025\/#breadcrumb\",\"itemListElement\":[{\"@type\":\"ListItem\",\"position\":1,\"name\":\"Home\",\"item\":\"https:\/\/vosgesinfo.fr\/gerardmerinfo\/\"},{\"@type\":\"ListItem\",\"position\":2,\"name\":\"Carton plein pour G\u00e9rardmer Aventure Film Festival 2025\"}]},{\"@type\":\"WebSite\",\"@id\":\"https:\/\/vosgesinfo.fr\/gerardmerinfo\/#website\",\"url\":\"https:\/\/vosgesinfo.fr\/gerardmerinfo\/\",\"name\":\"Gerardmer Info\",\"description\":\"Toute l&#039;actualit\u00e9 de G\u00e9rardmer\",\"publisher\":{\"@id\":\"https:\/\/vosgesinfo.fr\/gerardmerinfo\/#organization\"},\"alternateName\":\"Toute l'actualit\u00e9 de G\u00e9rardmer\",\"potentialAction\":[{\"@type\":\"SearchAction\",\"target\":{\"@type\":\"EntryPoint\",\"urlTemplate\":\"https:\/\/vosgesinfo.fr\/gerardmerinfo\/?s={search_term_string}\"},\"query-input\":\"required name=search_term_string\"}],\"inLanguage\":\"fr-FR\"},{\"@type\":\"Organization\",\"@id\":\"https:\/\/vosgesinfo.fr\/gerardmerinfo\/#organization\",\"name\":\"Gerardmer Info\",\"url\":\"https:\/\/vosgesinfo.fr\/gerardmerinfo\/\",\"logo\":{\"@type\":\"ImageObject\",\"inLanguage\":\"fr-FR\",\"@id\":\"https:\/\/vosgesinfo.fr\/gerardmerinfo\/#\/schema\/logo\/image\/\",\"url\":\"https:\/\/vosgesinfo.fr\/app\/uploads\/sites\/6\/2023\/08\/favicon-gerardmerinfo.png\",\"contentUrl\":\"https:\/\/vosgesinfo.fr\/app\/uploads\/sites\/6\/2023\/08\/favicon-gerardmerinfo.png\",\"width\":512,\"height\":512,\"caption\":\"Gerardmer Info\"},\"image\":{\"@id\":\"https:\/\/vosgesinfo.fr\/gerardmerinfo\/#\/schema\/logo\/image\/\"},\"sameAs\":[\"https:\/\/www.facebook.com\/profile.php?id=100049475262660\",\"https:\/\/x.com\/VosgesInfo88\",\"https:\/\/www.youtube.com\/@vosgesinfo\"]},{\"@type\":\"Person\",\"@id\":\"https:\/\/vosgesinfo.fr\/gerardmerinfo\/#\/schema\/person\/27a3695b06db98895b354c0765cdfc31\",\"name\":\"La redaction\",\"image\":{\"@type\":\"ImageObject\",\"inLanguage\":\"fr-FR\",\"@id\":\"https:\/\/vosgesinfo.fr\/gerardmerinfo\/#\/schema\/person\/image\/\",\"url\":\"https:\/\/secure.gravatar.com\/avatar\/64c76a78e501cedee55736f43f332df901e1896ae9cd8fad269ae2236dd0e8b6?s=96&d=mm&r=g\",\"contentUrl\":\"https:\/\/secure.gravatar.com\/avatar\/64c76a78e501cedee55736f43f332df901e1896ae9cd8fad269ae2236dd0e8b6?s=96&d=mm&r=g\",\"caption\":\"La redaction\"},\"url\":\"https:\/\/vosgesinfo.fr\/gerardmerinfo\/author\/la-redaction\/\"}]}<\/script>\n<!-- \/ Yoast SEO plugin. -->","yoast_head_json":{"title":"Carton plein pour G\u00e9rardmer Aventure Film Festival 2025 - Gerardmer Info","robots":{"index":"index","follow":"follow","max-snippet":"max-snippet:-1","max-image-preview":"max-image-preview:large","max-video-preview":"max-video-preview:-1"},"canonical":"https:\/\/vosgesinfo.fr\/gerardmerinfo\/2025\/12\/carton-plein-pour-gerardmer-aventure-film-festival-2025\/","twitter_card":"summary_large_image","twitter_title":"Carton plein pour G\u00e9rardmer Aventure Film Festival 2025 - Gerardmer Info","twitter_description":"G\u00e9rardmer Aventure Film Festival 2025 : une \u00e9dition couronn\u00e9e de succ\u00e8s La deuxi\u00e8me \u00e9dition du G\u00e9rardmer Aventure Film Festival (GAFF) [&hellip;]","twitter_image":"https:\/\/vosgesinfo.fr\/app\/uploads\/sites\/6\/2025\/12\/gerardmer-aventure-festival-2025-5.jpg","twitter_creator":"@VosgesInfo88","twitter_site":"@VosgesInfo88","twitter_misc":{"\u00c9crit par":"La redaction","Dur\u00e9e de lecture estim\u00e9e":"4 minutes"},"schema":{"@context":"https:\/\/schema.org","@graph":[{"@type":"Article","@id":"https:\/\/vosgesinfo.fr\/gerardmerinfo\/2025\/12\/carton-plein-pour-gerardmer-aventure-film-festival-2025\/#article","isPartOf":{"@id":"https:\/\/vosgesinfo.fr\/gerardmerinfo\/2025\/12\/carton-plein-pour-gerardmer-aventure-film-festival-2025\/"},"author":{"name":"La redaction","@id":"https:\/\/vosgesinfo.fr\/gerardmerinfo\/#\/schema\/person\/27a3695b06db98895b354c0765cdfc31"},"headline":"Carton plein pour G\u00e9rardmer Aventure Film Festival 2025","datePublished":"2025-12-10T22:44:31+00:00","dateModified":"2025-12-11T08:31:48+00:00","mainEntityOfPage":{"@id":"https:\/\/vosgesinfo.fr\/gerardmerinfo\/2025\/12\/carton-plein-pour-gerardmer-aventure-film-festival-2025\/"},"wordCount":476,"commentCount":0,"publisher":{"@id":"https:\/\/vosgesinfo.fr\/gerardmerinfo\/#organization"},"image":{"@id":"https:\/\/vosgesinfo.fr\/gerardmerinfo\/2025\/12\/carton-plein-pour-gerardmer-aventure-film-festival-2025\/#primaryimage"},"thumbnailUrl":"https:\/\/vosgesinfo.fr\/app\/uploads\/sites\/6\/2025\/12\/gerardmer-aventure-festival-2025-5.jpg","keywords":["G\u00e9rardmer Aventure Film Festival"],"articleSection":["A la une","Environnement","Gerardmer","Vosges"],"inLanguage":"fr-FR","potentialAction":[{"@type":"CommentAction","name":"Comment","target":["https:\/\/vosgesinfo.fr\/gerardmerinfo\/2025\/12\/carton-plein-pour-gerardmer-aventure-film-festival-2025\/#respond"]}]},{"@type":"WebPage","@id":"https:\/\/vosgesinfo.fr\/gerardmerinfo\/2025\/12\/carton-plein-pour-gerardmer-aventure-film-festival-2025\/","url":"https:\/\/vosgesinfo.fr\/gerardmerinfo\/2025\/12\/carton-plein-pour-gerardmer-aventure-film-festival-2025\/","name":"Carton plein pour G\u00e9rardmer Aventure Film Festival 2025 - Gerardmer Info","isPartOf":{"@id":"https:\/\/vosgesinfo.fr\/gerardmerinfo\/#website"},"primaryImageOfPage":{"@id":"https:\/\/vosgesinfo.fr\/gerardmerinfo\/2025\/12\/carton-plein-pour-gerardmer-aventure-film-festival-2025\/#primaryimage"},"image":{"@id":"https:\/\/vosgesinfo.fr\/gerardmerinfo\/2025\/12\/carton-plein-pour-gerardmer-aventure-film-festival-2025\/#primaryimage"},"thumbnailUrl":"https:\/\/vosgesinfo.fr\/app\/uploads\/sites\/6\/2025\/12\/gerardmer-aventure-festival-2025-5.jpg","datePublished":"2025-12-10T22:44:31+00:00","dateModified":"2025-12-11T08:31:48+00:00","breadcrumb":{"@id":"https:\/\/vosgesinfo.fr\/gerardmerinfo\/2025\/12\/carton-plein-pour-gerardmer-aventure-film-festival-2025\/#breadcrumb"},"inLanguage":"fr-FR","potentialAction":[{"@type":"ReadAction","target":["https:\/\/vosgesinfo.fr\/gerardmerinfo\/2025\/12\/carton-plein-pour-gerardmer-aventure-film-festival-2025\/"]}]},{"@type":"ImageObject","inLanguage":"fr-FR","@id":"https:\/\/vosgesinfo.fr\/gerardmerinfo\/2025\/12\/carton-plein-pour-gerardmer-aventure-film-festival-2025\/#primaryimage","url":"https:\/\/vosgesinfo.fr\/app\/uploads\/sites\/6\/2025\/12\/gerardmer-aventure-festival-2025-5.jpg","contentUrl":"https:\/\/vosgesinfo.fr\/app\/uploads\/sites\/6\/2025\/12\/gerardmer-aventure-festival-2025-5.jpg","width":722,"height":1080},{"@type":"BreadcrumbList","@id":"https:\/\/vosgesinfo.fr\/gerardmerinfo\/2025\/12\/carton-plein-pour-gerardmer-aventure-film-festival-2025\/#breadcrumb","itemListElement":[{"@type":"ListItem","position":1,"name":"Home","item":"https:\/\/vosgesinfo.fr\/gerardmerinfo\/"},{"@type":"ListItem","position":2,"name":"Carton plein pour G\u00e9rardmer Aventure Film Festival 2025"}]},{"@type":"WebSite","@id":"https:\/\/vosgesinfo.fr\/gerardmerinfo\/#website","url":"https:\/\/vosgesinfo.fr\/gerardmerinfo\/","name":"Gerardmer Info","description":"Toute l&#039;actualit\u00e9 de G\u00e9rardmer","publisher":{"@id":"https:\/\/vosgesinfo.fr\/gerardmerinfo\/#organization"},"alternateName":"Toute l'actualit\u00e9 de G\u00e9rardmer","potentialAction":[{"@type":"SearchAction","target":{"@type":"EntryPoint","urlTemplate":"https:\/\/vosgesinfo.fr\/gerardmerinfo\/?s={search_term_string}"},"query-input":"required name=search_term_string"}],"inLanguage":"fr-FR"},{"@type":"Organization","@id":"https:\/\/vosgesinfo.fr\/gerardmerinfo\/#organization","name":"Gerardmer Info","url":"https:\/\/vosgesinfo.fr\/gerardmerinfo\/","logo":{"@type":"ImageObject","inLanguage":"fr-FR","@id":"https:\/\/vosgesinfo.fr\/gerardmerinfo\/#\/schema\/logo\/image\/","url":"https:\/\/vosgesinfo.fr\/app\/uploads\/sites\/6\/2023\/08\/favicon-gerardmerinfo.png","contentUrl":"https:\/\/vosgesinfo.fr\/app\/uploads\/sites\/6\/2023\/08\/favicon-gerardmerinfo.png","width":512,"height":512,"caption":"Gerardmer Info"},"image":{"@id":"https:\/\/vosgesinfo.fr\/gerardmerinfo\/#\/schema\/logo\/image\/"},"sameAs":["https:\/\/www.facebook.com\/profile.php?id=100049475262660","https:\/\/x.com\/VosgesInfo88","https:\/\/www.youtube.com\/@vosgesinfo"]},{"@type":"Person","@id":"https:\/\/vosgesinfo.fr\/gerardmerinfo\/#\/schema\/person\/27a3695b06db98895b354c0765cdfc31","name":"La redaction","image":{"@type":"ImageObject","inLanguage":"fr-FR","@id":"https:\/\/vosgesinfo.fr\/gerardmerinfo\/#\/schema\/person\/image\/","url":"https:\/\/secure.gravatar.com\/avatar\/64c76a78e501cedee55736f43f332df901e1896ae9cd8fad269ae2236dd0e8b6?s=96&d=mm&r=g","contentUrl":"https:\/\/secure.gravatar.com\/avatar\/64c76a78e501cedee55736f43f332df901e1896ae9cd8fad269ae2236dd0e8b6?s=96&d=mm&r=g","caption":"La redaction"},"url":"https:\/\/vosgesinfo.fr\/gerardmerinfo\/author\/la-redaction\/"}]}},"_links":{"self":[{"href":"https:\/\/vosgesinfo.fr\/gerardmerinfo\/wp-json\/wp\/v2\/posts\/85652","targetHints":{"allow":["GET"]}}],"collection":[{"href":"https:\/\/vosgesinfo.fr\/gerardmerinfo\/wp-json\/wp\/v2\/posts"}],"about":[{"href":"https:\/\/vosgesinfo.fr\/gerardmerinfo\/wp-json\/wp\/v2\/types\/post"}],"author":[{"embeddable":true,"href":"https:\/\/vosgesinfo.fr\/gerardmerinfo\/wp-json\/wp\/v2\/users\/391"}],"replies":[{"embeddable":true,"href":"https:\/\/vosgesinfo.fr\/gerardmerinfo\/wp-json\/wp\/v2\/comments?post=85652"}],"version-history":[{"count":4,"href":"https:\/\/vosgesinfo.fr\/gerardmerinfo\/wp-json\/wp\/v2\/posts\/85652\/revisions"}],"predecessor-version":[{"id":85686,"href":"https:\/\/vosgesinfo.fr\/gerardmerinfo\/wp-json\/wp\/v2\/posts\/85652\/revisions\/85686"}],"wp:featuredmedia":[{"embeddable":true,"href":"https:\/\/vosgesinfo.fr\/gerardmerinfo\/wp-json\/wp\/v2\/media\/85658"}],"wp:attachment":[{"href":"https:\/\/vosgesinfo.fr\/gerardmerinfo\/wp-json\/wp\/v2\/media?parent=85652"}],"wp:term":[{"taxonomy":"category","embeddable":true,"href":"https:\/\/vosgesinfo.fr\/gerardmerinfo\/wp-json\/wp\/v2\/categories?post=85652"},{"taxonomy":"post_tag","embeddable":true,"href":"https:\/\/vosgesinfo.fr\/gerardmerinfo\/wp-json\/wp\/v2\/tags?post=85652"}],"curies":[{"name":"wp","href":"https:\/\/api.w.org\/{rel}","templated":true}]}}