{"id":85670,"date":"2025-12-11T05:57:26","date_gmt":"2025-12-11T04:57:26","guid":{"rendered":"https:\/\/vosgesinfo.fr\/gerardmerinfo\/?p=85670"},"modified":"2025-12-10T17:02:47","modified_gmt":"2025-12-10T16:02:47","slug":"liezey-la-creche-de-noel-prend-place-en-leglise-saint-nicolas","status":"publish","type":"post","link":"https:\/\/vosgesinfo.fr\/gerardmerinfo\/2025\/12\/liezey-la-creche-de-noel-prend-place-en-leglise-saint-nicolas\/","title":{"rendered":"Li\u00e9zey : la cr\u00e8che de No\u00ebl prend place en l\u2019\u00e9glise Saint-Nicolas"},"content":{"rendered":"<p data-start=\"57\" data-end=\"125\"><a href=\"https:\/\/vosgesinfo.fr\/app\/uploads\/sites\/6\/2025\/12\/creche-liezey.jpg\"><img decoding=\"async\" class=\"aligncenter size-large wp-image-85671\" src=\"https:\/\/vosgesinfo.fr\/app\/uploads\/sites\/6\/2025\/12\/creche-liezey-1024x768.jpg\" alt=\"\" width=\"1024\" height=\"768\" srcset=\"https:\/\/vosgesinfo.fr\/app\/uploads\/sites\/6\/2025\/12\/creche-liezey-1024x768.jpg 1024w, https:\/\/vosgesinfo.fr\/app\/uploads\/sites\/6\/2025\/12\/creche-liezey-300x225.jpg 300w, https:\/\/vosgesinfo.fr\/app\/uploads\/sites\/6\/2025\/12\/creche-liezey-768x576.jpg 768w, https:\/\/vosgesinfo.fr\/app\/uploads\/sites\/6\/2025\/12\/creche-liezey.jpg 1440w\" sizes=\"(max-width: 1024px) 100vw, 1024px\" \/><\/a><\/p>\n<p data-start=\"127\" data-end=\"469\">\u00c0 Li\u00e9zey, la pr\u00e9paration des f\u00eates de fin d\u2019ann\u00e9e s\u2019est poursuivie cette semaine avec l\u2019installation de la traditionnelle cr\u00e8che au sein de l\u2019\u00e9glise Saint-Nicolas. Rob Hodges, nouvel adh\u00e9rent de l\u2019Association La Foug\u00e8re, a rejoint Guy Demangeat et Thierry Jeandon pour mener \u00e0 bien ce montage attendu chaque ann\u00e9e par les habitants du village.<\/p>\n<p data-start=\"471\" data-end=\"743\">Sous une structure surmont\u00e9e d\u2019essis et entour\u00e9e de sapins soigneusement dispos\u00e9s, les santons ont retrouv\u00e9 leur place. Parmi eux, une nouveaut\u00e9 retient l\u2019attention : un schlitteur vosgien, clin d\u2019\u0153il appuy\u00e9 aux traditions locales et au patrimoine forestier du territoire.<\/p>\n<p data-start=\"745\" data-end=\"1000\">Autre particularit\u00e9 de l\u2019\u00e9dition 2025 : de nombreuses cartes de No\u00ebl venues des quatre coins du monde ornent d\u00e9sormais l\u2019ensemble. Les visiteurs sont d\u2019ailleurs invit\u00e9s \u00e0 contribuer \u00e0 cette collection en d\u00e9posant leurs propres cartes au pied de la cr\u00e8che.<\/p>\n<p data-start=\"1002\" data-end=\"1225\" data-is-last-node=\"\" data-is-only-node=\"\">Visible jusqu\u2019au 10 janvier 2026, la cr\u00e8che de l\u2019\u00e9glise Saint-Nicolas offre une parenth\u00e8se chaleureuse au c\u0153ur de l\u2019hiver et t\u00e9moigne une fois encore de l\u2019engagement des b\u00e9n\u00e9voles pour faire vivre les traditions li\u00e9geottes<\/p>\n","protected":false},"excerpt":{"rendered":"<p>\u00c0 Li\u00e9zey, la pr\u00e9paration des f\u00eates de fin d\u2019ann\u00e9e s\u2019est poursuivie cette semaine avec l\u2019installation de la traditionnelle cr\u00e8che au [&hellip;]<\/p>\n","protected":false},"author":42,"featured_media":85671,"comment_status":"open","ping_status":"open","sticky":false,"template":"","format":"standard","meta":{"footnotes":""},"categories":[20,5647,41],"tags":[196],"class_list":["post-85670","post","type-post","status-publish","format-standard","has-post-thumbnail","hentry","category-a-la-une","category-gerardmer-autres-sites","category-liezey","tag-la-fougere"],"acf":[],"yoast_head":"<!-- This site is optimized with the Yoast SEO plugin v22.5 - https:\/\/yoast.com\/wordpress\/plugins\/seo\/ -->\n<title>Li\u00e9zey : la cr\u00e8che de No\u00ebl prend place en l\u2019\u00e9glise Saint-Nicolas - Gerardmer Info<\/title>\n<meta name=\"robots\" content=\"index, follow, max-snippet:-1, max-image-preview:large, max-video-preview:-1\" \/>\n<link rel=\"canonical\" href=\"https:\/\/vosgesinfo.fr\/gerardmerinfo\/2025\/12\/liezey-la-creche-de-noel-prend-place-en-leglise-saint-nicolas\/\" \/>\n<meta name=\"twitter:card\" content=\"summary_large_image\" \/>\n<meta name=\"twitter:title\" content=\"Li\u00e9zey : la cr\u00e8che de No\u00ebl prend place en l\u2019\u00e9glise Saint-Nicolas - Gerardmer Info\" \/>\n<meta name=\"twitter:description\" content=\"\u00c0 Li\u00e9zey, la pr\u00e9paration des f\u00eates de fin d\u2019ann\u00e9e s\u2019est poursuivie cette semaine avec l\u2019installation de la traditionnelle cr\u00e8che au [&hellip;]\" \/>\n<meta name=\"twitter:image\" content=\"https:\/\/vosgesinfo.fr\/app\/uploads\/sites\/6\/2025\/12\/creche-liezey.jpg\" \/>\n<meta name=\"twitter:creator\" content=\"@VosgesInfo88\" \/>\n<meta name=\"twitter:site\" content=\"@VosgesInfo88\" \/>\n<meta name=\"twitter:label1\" content=\"\u00c9crit par\" \/>\n\t<meta name=\"twitter:data1\" content=\"QG\" \/>\n\t<meta name=\"twitter:label2\" content=\"Dur\u00e9e de lecture estim\u00e9e\" \/>\n\t<meta name=\"twitter:data2\" content=\"1 minute\" \/>\n<script type=\"application\/ld+json\" class=\"yoast-schema-graph\">{\"@context\":\"https:\/\/schema.org\",\"@graph\":[{\"@type\":\"Article\",\"@id\":\"https:\/\/vosgesinfo.fr\/gerardmerinfo\/2025\/12\/liezey-la-creche-de-noel-prend-place-en-leglise-saint-nicolas\/#article\",\"isPartOf\":{\"@id\":\"https:\/\/vosgesinfo.fr\/gerardmerinfo\/2025\/12\/liezey-la-creche-de-noel-prend-place-en-leglise-saint-nicolas\/\"},\"author\":{\"name\":\"QG\",\"@id\":\"https:\/\/vosgesinfo.fr\/gerardmerinfo\/#\/schema\/person\/db5605779a843dad16b5368f3e7613a5\"},\"headline\":\"Li\u00e9zey : la cr\u00e8che de No\u00ebl prend place en l\u2019\u00e9glise Saint-Nicolas\",\"datePublished\":\"2025-12-11T04:57:26+00:00\",\"dateModified\":\"2025-12-10T16:02:47+00:00\",\"mainEntityOfPage\":{\"@id\":\"https:\/\/vosgesinfo.fr\/gerardmerinfo\/2025\/12\/liezey-la-creche-de-noel-prend-place-en-leglise-saint-nicolas\/\"},\"wordCount\":208,\"commentCount\":0,\"publisher\":{\"@id\":\"https:\/\/vosgesinfo.fr\/gerardmerinfo\/#organization\"},\"image\":{\"@id\":\"https:\/\/vosgesinfo.fr\/gerardmerinfo\/2025\/12\/liezey-la-creche-de-noel-prend-place-en-leglise-saint-nicolas\/#primaryimage\"},\"thumbnailUrl\":\"https:\/\/vosgesinfo.fr\/app\/uploads\/sites\/6\/2025\/12\/creche-liezey.jpg\",\"keywords\":[\"La Foug\u00e8re\"],\"articleSection\":[\"A la une\",\"Gerardmer\",\"Liezey\"],\"inLanguage\":\"fr-FR\",\"potentialAction\":[{\"@type\":\"CommentAction\",\"name\":\"Comment\",\"target\":[\"https:\/\/vosgesinfo.fr\/gerardmerinfo\/2025\/12\/liezey-la-creche-de-noel-prend-place-en-leglise-saint-nicolas\/#respond\"]}]},{\"@type\":\"WebPage\",\"@id\":\"https:\/\/vosgesinfo.fr\/gerardmerinfo\/2025\/12\/liezey-la-creche-de-noel-prend-place-en-leglise-saint-nicolas\/\",\"url\":\"https:\/\/vosgesinfo.fr\/gerardmerinfo\/2025\/12\/liezey-la-creche-de-noel-prend-place-en-leglise-saint-nicolas\/\",\"name\":\"Li\u00e9zey : la cr\u00e8che de No\u00ebl prend place en l\u2019\u00e9glise Saint-Nicolas - Gerardmer Info\",\"isPartOf\":{\"@id\":\"https:\/\/vosgesinfo.fr\/gerardmerinfo\/#website\"},\"primaryImageOfPage\":{\"@id\":\"https:\/\/vosgesinfo.fr\/gerardmerinfo\/2025\/12\/liezey-la-creche-de-noel-prend-place-en-leglise-saint-nicolas\/#primaryimage\"},\"image\":{\"@id\":\"https:\/\/vosgesinfo.fr\/gerardmerinfo\/2025\/12\/liezey-la-creche-de-noel-prend-place-en-leglise-saint-nicolas\/#primaryimage\"},\"thumbnailUrl\":\"https:\/\/vosgesinfo.fr\/app\/uploads\/sites\/6\/2025\/12\/creche-liezey.jpg\",\"datePublished\":\"2025-12-11T04:57:26+00:00\",\"dateModified\":\"2025-12-10T16:02:47+00:00\",\"breadcrumb\":{\"@id\":\"https:\/\/vosgesinfo.fr\/gerardmerinfo\/2025\/12\/liezey-la-creche-de-noel-prend-place-en-leglise-saint-nicolas\/#breadcrumb\"},\"inLanguage\":\"fr-FR\",\"potentialAction\":[{\"@type\":\"ReadAction\",\"target\":[\"https:\/\/vosgesinfo.fr\/gerardmerinfo\/2025\/12\/liezey-la-creche-de-noel-prend-place-en-leglise-saint-nicolas\/\"]}]},{\"@type\":\"ImageObject\",\"inLanguage\":\"fr-FR\",\"@id\":\"https:\/\/vosgesinfo.fr\/gerardmerinfo\/2025\/12\/liezey-la-creche-de-noel-prend-place-en-leglise-saint-nicolas\/#primaryimage\",\"url\":\"https:\/\/vosgesinfo.fr\/app\/uploads\/sites\/6\/2025\/12\/creche-liezey.jpg\",\"contentUrl\":\"https:\/\/vosgesinfo.fr\/app\/uploads\/sites\/6\/2025\/12\/creche-liezey.jpg\",\"width\":1440,\"height\":1080},{\"@type\":\"BreadcrumbList\",\"@id\":\"https:\/\/vosgesinfo.fr\/gerardmerinfo\/2025\/12\/liezey-la-creche-de-noel-prend-place-en-leglise-saint-nicolas\/#breadcrumb\",\"itemListElement\":[{\"@type\":\"ListItem\",\"position\":1,\"name\":\"Home\",\"item\":\"https:\/\/vosgesinfo.fr\/gerardmerinfo\/\"},{\"@type\":\"ListItem\",\"position\":2,\"name\":\"Li\u00e9zey : la cr\u00e8che de No\u00ebl prend place en l\u2019\u00e9glise Saint-Nicolas\"}]},{\"@type\":\"WebSite\",\"@id\":\"https:\/\/vosgesinfo.fr\/gerardmerinfo\/#website\",\"url\":\"https:\/\/vosgesinfo.fr\/gerardmerinfo\/\",\"name\":\"Gerardmer Info\",\"description\":\"Toute l&#039;actualit\u00e9 de G\u00e9rardmer\",\"publisher\":{\"@id\":\"https:\/\/vosgesinfo.fr\/gerardmerinfo\/#organization\"},\"alternateName\":\"Toute l'actualit\u00e9 de G\u00e9rardmer\",\"potentialAction\":[{\"@type\":\"SearchAction\",\"target\":{\"@type\":\"EntryPoint\",\"urlTemplate\":\"https:\/\/vosgesinfo.fr\/gerardmerinfo\/?s={search_term_string}\"},\"query-input\":\"required name=search_term_string\"}],\"inLanguage\":\"fr-FR\"},{\"@type\":\"Organization\",\"@id\":\"https:\/\/vosgesinfo.fr\/gerardmerinfo\/#organization\",\"name\":\"Gerardmer Info\",\"url\":\"https:\/\/vosgesinfo.fr\/gerardmerinfo\/\",\"logo\":{\"@type\":\"ImageObject\",\"inLanguage\":\"fr-FR\",\"@id\":\"https:\/\/vosgesinfo.fr\/gerardmerinfo\/#\/schema\/logo\/image\/\",\"url\":\"https:\/\/vosgesinfo.fr\/app\/uploads\/sites\/6\/2023\/08\/favicon-gerardmerinfo.png\",\"contentUrl\":\"https:\/\/vosgesinfo.fr\/app\/uploads\/sites\/6\/2023\/08\/favicon-gerardmerinfo.png\",\"width\":512,\"height\":512,\"caption\":\"Gerardmer Info\"},\"image\":{\"@id\":\"https:\/\/vosgesinfo.fr\/gerardmerinfo\/#\/schema\/logo\/image\/\"},\"sameAs\":[\"https:\/\/www.facebook.com\/profile.php?id=100049475262660\",\"https:\/\/x.com\/VosgesInfo88\",\"https:\/\/www.youtube.com\/@vosgesinfo\"]},{\"@type\":\"Person\",\"@id\":\"https:\/\/vosgesinfo.fr\/gerardmerinfo\/#\/schema\/person\/db5605779a843dad16b5368f3e7613a5\",\"name\":\"QG\",\"image\":{\"@type\":\"ImageObject\",\"inLanguage\":\"fr-FR\",\"@id\":\"https:\/\/vosgesinfo.fr\/gerardmerinfo\/#\/schema\/person\/image\/\",\"url\":\"https:\/\/secure.gravatar.com\/avatar\/ea80c42c204b534408512832fde52504ecabb9706bcb6151cf6175e5b64e6793?s=96&d=mm&r=g\",\"contentUrl\":\"https:\/\/secure.gravatar.com\/avatar\/ea80c42c204b534408512832fde52504ecabb9706bcb6151cf6175e5b64e6793?s=96&d=mm&r=g\",\"caption\":\"QG\"},\"url\":\"https:\/\/vosgesinfo.fr\/gerardmerinfo\/author\/quentin88\/\"}]}<\/script>\n<!-- \/ Yoast SEO plugin. -->","yoast_head_json":{"title":"Li\u00e9zey : la cr\u00e8che de No\u00ebl prend place en l\u2019\u00e9glise Saint-Nicolas - Gerardmer Info","robots":{"index":"index","follow":"follow","max-snippet":"max-snippet:-1","max-image-preview":"max-image-preview:large","max-video-preview":"max-video-preview:-1"},"canonical":"https:\/\/vosgesinfo.fr\/gerardmerinfo\/2025\/12\/liezey-la-creche-de-noel-prend-place-en-leglise-saint-nicolas\/","twitter_card":"summary_large_image","twitter_title":"Li\u00e9zey : la cr\u00e8che de No\u00ebl prend place en l\u2019\u00e9glise Saint-Nicolas - Gerardmer Info","twitter_description":"\u00c0 Li\u00e9zey, la pr\u00e9paration des f\u00eates de fin d\u2019ann\u00e9e s\u2019est poursuivie cette semaine avec l\u2019installation de la traditionnelle cr\u00e8che au [&hellip;]","twitter_image":"https:\/\/vosgesinfo.fr\/app\/uploads\/sites\/6\/2025\/12\/creche-liezey.jpg","twitter_creator":"@VosgesInfo88","twitter_site":"@VosgesInfo88","twitter_misc":{"\u00c9crit par":"QG","Dur\u00e9e de lecture estim\u00e9e":"1 minute"},"schema":{"@context":"https:\/\/schema.org","@graph":[{"@type":"Article","@id":"https:\/\/vosgesinfo.fr\/gerardmerinfo\/2025\/12\/liezey-la-creche-de-noel-prend-place-en-leglise-saint-nicolas\/#article","isPartOf":{"@id":"https:\/\/vosgesinfo.fr\/gerardmerinfo\/2025\/12\/liezey-la-creche-de-noel-prend-place-en-leglise-saint-nicolas\/"},"author":{"name":"QG","@id":"https:\/\/vosgesinfo.fr\/gerardmerinfo\/#\/schema\/person\/db5605779a843dad16b5368f3e7613a5"},"headline":"Li\u00e9zey : la cr\u00e8che de No\u00ebl prend place en l\u2019\u00e9glise Saint-Nicolas","datePublished":"2025-12-11T04:57:26+00:00","dateModified":"2025-12-10T16:02:47+00:00","mainEntityOfPage":{"@id":"https:\/\/vosgesinfo.fr\/gerardmerinfo\/2025\/12\/liezey-la-creche-de-noel-prend-place-en-leglise-saint-nicolas\/"},"wordCount":208,"commentCount":0,"publisher":{"@id":"https:\/\/vosgesinfo.fr\/gerardmerinfo\/#organization"},"image":{"@id":"https:\/\/vosgesinfo.fr\/gerardmerinfo\/2025\/12\/liezey-la-creche-de-noel-prend-place-en-leglise-saint-nicolas\/#primaryimage"},"thumbnailUrl":"https:\/\/vosgesinfo.fr\/app\/uploads\/sites\/6\/2025\/12\/creche-liezey.jpg","keywords":["La Foug\u00e8re"],"articleSection":["A la une","Gerardmer","Liezey"],"inLanguage":"fr-FR","potentialAction":[{"@type":"CommentAction","name":"Comment","target":["https:\/\/vosgesinfo.fr\/gerardmerinfo\/2025\/12\/liezey-la-creche-de-noel-prend-place-en-leglise-saint-nicolas\/#respond"]}]},{"@type":"WebPage","@id":"https:\/\/vosgesinfo.fr\/gerardmerinfo\/2025\/12\/liezey-la-creche-de-noel-prend-place-en-leglise-saint-nicolas\/","url":"https:\/\/vosgesinfo.fr\/gerardmerinfo\/2025\/12\/liezey-la-creche-de-noel-prend-place-en-leglise-saint-nicolas\/","name":"Li\u00e9zey : la cr\u00e8che de No\u00ebl prend place en l\u2019\u00e9glise Saint-Nicolas - Gerardmer Info","isPartOf":{"@id":"https:\/\/vosgesinfo.fr\/gerardmerinfo\/#website"},"primaryImageOfPage":{"@id":"https:\/\/vosgesinfo.fr\/gerardmerinfo\/2025\/12\/liezey-la-creche-de-noel-prend-place-en-leglise-saint-nicolas\/#primaryimage"},"image":{"@id":"https:\/\/vosgesinfo.fr\/gerardmerinfo\/2025\/12\/liezey-la-creche-de-noel-prend-place-en-leglise-saint-nicolas\/#primaryimage"},"thumbnailUrl":"https:\/\/vosgesinfo.fr\/app\/uploads\/sites\/6\/2025\/12\/creche-liezey.jpg","datePublished":"2025-12-11T04:57:26+00:00","dateModified":"2025-12-10T16:02:47+00:00","breadcrumb":{"@id":"https:\/\/vosgesinfo.fr\/gerardmerinfo\/2025\/12\/liezey-la-creche-de-noel-prend-place-en-leglise-saint-nicolas\/#breadcrumb"},"inLanguage":"fr-FR","potentialAction":[{"@type":"ReadAction","target":["https:\/\/vosgesinfo.fr\/gerardmerinfo\/2025\/12\/liezey-la-creche-de-noel-prend-place-en-leglise-saint-nicolas\/"]}]},{"@type":"ImageObject","inLanguage":"fr-FR","@id":"https:\/\/vosgesinfo.fr\/gerardmerinfo\/2025\/12\/liezey-la-creche-de-noel-prend-place-en-leglise-saint-nicolas\/#primaryimage","url":"https:\/\/vosgesinfo.fr\/app\/uploads\/sites\/6\/2025\/12\/creche-liezey.jpg","contentUrl":"https:\/\/vosgesinfo.fr\/app\/uploads\/sites\/6\/2025\/12\/creche-liezey.jpg","width":1440,"height":1080},{"@type":"BreadcrumbList","@id":"https:\/\/vosgesinfo.fr\/gerardmerinfo\/2025\/12\/liezey-la-creche-de-noel-prend-place-en-leglise-saint-nicolas\/#breadcrumb","itemListElement":[{"@type":"ListItem","position":1,"name":"Home","item":"https:\/\/vosgesinfo.fr\/gerardmerinfo\/"},{"@type":"ListItem","position":2,"name":"Li\u00e9zey : la cr\u00e8che de No\u00ebl prend place en l\u2019\u00e9glise Saint-Nicolas"}]},{"@type":"WebSite","@id":"https:\/\/vosgesinfo.fr\/gerardmerinfo\/#website","url":"https:\/\/vosgesinfo.fr\/gerardmerinfo\/","name":"Gerardmer Info","description":"Toute l&#039;actualit\u00e9 de G\u00e9rardmer","publisher":{"@id":"https:\/\/vosgesinfo.fr\/gerardmerinfo\/#organization"},"alternateName":"Toute l'actualit\u00e9 de G\u00e9rardmer","potentialAction":[{"@type":"SearchAction","target":{"@type":"EntryPoint","urlTemplate":"https:\/\/vosgesinfo.fr\/gerardmerinfo\/?s={search_term_string}"},"query-input":"required name=search_term_string"}],"inLanguage":"fr-FR"},{"@type":"Organization","@id":"https:\/\/vosgesinfo.fr\/gerardmerinfo\/#organization","name":"Gerardmer Info","url":"https:\/\/vosgesinfo.fr\/gerardmerinfo\/","logo":{"@type":"ImageObject","inLanguage":"fr-FR","@id":"https:\/\/vosgesinfo.fr\/gerardmerinfo\/#\/schema\/logo\/image\/","url":"https:\/\/vosgesinfo.fr\/app\/uploads\/sites\/6\/2023\/08\/favicon-gerardmerinfo.png","contentUrl":"https:\/\/vosgesinfo.fr\/app\/uploads\/sites\/6\/2023\/08\/favicon-gerardmerinfo.png","width":512,"height":512,"caption":"Gerardmer Info"},"image":{"@id":"https:\/\/vosgesinfo.fr\/gerardmerinfo\/#\/schema\/logo\/image\/"},"sameAs":["https:\/\/www.facebook.com\/profile.php?id=100049475262660","https:\/\/x.com\/VosgesInfo88","https:\/\/www.youtube.com\/@vosgesinfo"]},{"@type":"Person","@id":"https:\/\/vosgesinfo.fr\/gerardmerinfo\/#\/schema\/person\/db5605779a843dad16b5368f3e7613a5","name":"QG","image":{"@type":"ImageObject","inLanguage":"fr-FR","@id":"https:\/\/vosgesinfo.fr\/gerardmerinfo\/#\/schema\/person\/image\/","url":"https:\/\/secure.gravatar.com\/avatar\/ea80c42c204b534408512832fde52504ecabb9706bcb6151cf6175e5b64e6793?s=96&d=mm&r=g","contentUrl":"https:\/\/secure.gravatar.com\/avatar\/ea80c42c204b534408512832fde52504ecabb9706bcb6151cf6175e5b64e6793?s=96&d=mm&r=g","caption":"QG"},"url":"https:\/\/vosgesinfo.fr\/gerardmerinfo\/author\/quentin88\/"}]}},"_links":{"self":[{"href":"https:\/\/vosgesinfo.fr\/gerardmerinfo\/wp-json\/wp\/v2\/posts\/85670","targetHints":{"allow":["GET"]}}],"collection":[{"href":"https:\/\/vosgesinfo.fr\/gerardmerinfo\/wp-json\/wp\/v2\/posts"}],"about":[{"href":"https:\/\/vosgesinfo.fr\/gerardmerinfo\/wp-json\/wp\/v2\/types\/post"}],"author":[{"embeddable":true,"href":"https:\/\/vosgesinfo.fr\/gerardmerinfo\/wp-json\/wp\/v2\/users\/42"}],"replies":[{"embeddable":true,"href":"https:\/\/vosgesinfo.fr\/gerardmerinfo\/wp-json\/wp\/v2\/comments?post=85670"}],"version-history":[{"count":1,"href":"https:\/\/vosgesinfo.fr\/gerardmerinfo\/wp-json\/wp\/v2\/posts\/85670\/revisions"}],"predecessor-version":[{"id":85672,"href":"https:\/\/vosgesinfo.fr\/gerardmerinfo\/wp-json\/wp\/v2\/posts\/85670\/revisions\/85672"}],"wp:featuredmedia":[{"embeddable":true,"href":"https:\/\/vosgesinfo.fr\/gerardmerinfo\/wp-json\/wp\/v2\/media\/85671"}],"wp:attachment":[{"href":"https:\/\/vosgesinfo.fr\/gerardmerinfo\/wp-json\/wp\/v2\/media?parent=85670"}],"wp:term":[{"taxonomy":"category","embeddable":true,"href":"https:\/\/vosgesinfo.fr\/gerardmerinfo\/wp-json\/wp\/v2\/categories?post=85670"},{"taxonomy":"post_tag","embeddable":true,"href":"https:\/\/vosgesinfo.fr\/gerardmerinfo\/wp-json\/wp\/v2\/tags?post=85670"}],"curies":[{"name":"wp","href":"https:\/\/api.w.org\/{rel}","templated":true}]}}