{"id":85683,"date":"2025-12-12T06:00:36","date_gmt":"2025-12-12T05:00:36","guid":{"rendered":"https:\/\/vosgesinfo.fr\/gerardmerinfo\/?p=85683"},"modified":"2025-12-11T10:47:49","modified_gmt":"2025-12-11T09:47:49","slug":"musique-lechappee-belle-le-premier-album-de-cedric-est-disponible","status":"publish","type":"post","link":"https:\/\/vosgesinfo.fr\/gerardmerinfo\/2025\/12\/musique-lechappee-belle-le-premier-album-de-cedric-est-disponible\/","title":{"rendered":"Musique &#8211; \u201cL\u2019\u00c9CHAPP\u00c9E BELLE\u201d : le premier album de C\u00e9dric est disponible !"},"content":{"rendered":"<p><a href=\"https:\/\/vosgesinfo.fr\/app\/uploads\/sites\/6\/2025\/12\/vf-visuel-lechappee-belle.jpg\"><img decoding=\"async\" class=\"aligncenter size-medium wp-image-85373\" src=\"https:\/\/vosgesinfo.fr\/app\/uploads\/sites\/6\/2025\/12\/vf-visuel-lechappee-belle-300x300.jpg\" alt=\"\" width=\"300\" height=\"300\" srcset=\"https:\/\/vosgesinfo.fr\/app\/uploads\/sites\/6\/2025\/12\/vf-visuel-lechappee-belle-300x300.jpg 300w, https:\/\/vosgesinfo.fr\/app\/uploads\/sites\/6\/2025\/12\/vf-visuel-lechappee-belle-1024x1024.jpg 1024w, https:\/\/vosgesinfo.fr\/app\/uploads\/sites\/6\/2025\/12\/vf-visuel-lechappee-belle-150x150.jpg 150w, https:\/\/vosgesinfo.fr\/app\/uploads\/sites\/6\/2025\/12\/vf-visuel-lechappee-belle-768x768.jpg 768w, https:\/\/vosgesinfo.fr\/app\/uploads\/sites\/6\/2025\/12\/vf-visuel-lechappee-belle.jpg 1080w\" sizes=\"(max-width: 300px) 100vw, 300px\" \/><\/a><\/p>\n<p>&nbsp;<\/p>\n<h3>C&rsquo;est officielle : le tout premier album de C\u00e9dric est disponible \u00e0 l&rsquo;\u00e9coute sur plusieurs plateforme, et ce d\u00e9s aujourd&rsquo;hui !<\/h3>\n<p>&nbsp;<\/p>\n<p><strong>Pour pouvoir trouver et \u00e9couter l&rsquo;album : <a href=\"https:\/\/music.imusician.pro\/a\/-fXVzfRG\">https:\/\/music.imusician.pro\/a\/-fXVzfRG<\/a><\/strong><\/p>\n<p><a href=\"https:\/\/vosgesinfo.fr\/app\/uploads\/sites\/6\/2025\/12\/img-9723.jpeg\"><img decoding=\"async\" class=\"alignright size-medium wp-image-85393\" src=\"https:\/\/vosgesinfo.fr\/app\/uploads\/sites\/6\/2025\/12\/img-9723-274x300.jpeg\" alt=\"\" width=\"274\" height=\"300\" srcset=\"https:\/\/vosgesinfo.fr\/app\/uploads\/sites\/6\/2025\/12\/img-9723-274x300.jpeg 274w, https:\/\/vosgesinfo.fr\/app\/uploads\/sites\/6\/2025\/12\/img-9723-936x1024.jpeg 936w, https:\/\/vosgesinfo.fr\/app\/uploads\/sites\/6\/2025\/12\/img-9723-768x840.jpeg 768w, https:\/\/vosgesinfo.fr\/app\/uploads\/sites\/6\/2025\/12\/img-9723.jpeg 987w\" sizes=\"(max-width: 274px) 100vw, 274px\" \/><\/a>Rappelons que <em>L\u2019\u00c9chapp\u00e9e belle<\/em> est un premier album autoproduit, n\u00e9 d\u2019une belle collaboration avec Gr\u00e9gory Paradisi (enregistrement, arrangements). Gr\u00e9gory est un musicien reconnu dans les Vosges, il a \u00e0 son actif deux albums personnels. Il joue r\u00e9guli\u00e8rement seul ou dans le duo de reprises Sorbet-Citron. Enfin, son grand projet du moment, le tribute Entre d\u2019eux C\u00e9line, dans lequel il joue comme bassiste, commencera \u00e0 se produire dans la France enti\u00e8re. Gr\u00e9gory a r\u00e9alis\u00e9 les arrangements et les enregistrements de la musique de l\u2019\u00e9chapp\u00e9e belle.<br \/>\nOutre sa femme et ses deux filles, plusieurs autres invit\u00e9(e)s ont particip\u00e9 activement \u00e0 la cr\u00e9ation de l\u2019album :<br \/>\nPrisca Hirschler: a compos\u00e9 et enregistr\u00e9 le violoncelle.<br \/>\nAurore Arnould: coaching vocal, choeurs et chant sur \u00ab Le silence attendra \u00bb<br \/>\nJohann Riche: Accord\u00e9on sur le titre \u00ab Pause \u00bb<br \/>\nJean-Lou Girold : pour le mixage et Mastering<\/p>\n<p>L\u2019album contient neuf titres qui forment un voyage : une invitation \u00e0 ralentir, \u00e0 regarder en soi et vers les autres, \u00e0 la recherche de petits bonheurs et de grandes causes.<br \/>\n\u201cJ\u2019ai voulu laisser une trace de mes textes, de ces petits bouts de moi. L\u2019\u00e9criture et la chanson sont un formidable moyen d\u2019expression et une belle fa\u00e7on de g\u00e9rer ou de transmettre des \u00e9motions\u2026Les conditions \u00e9taient r\u00e9unies pour faire aboutir un projet qui aurait pu rester un simple r\u00eave. Gr\u00e2ce \u00e0 l\u2019implication inconditionnelle de Gr\u00e9gory dans ce projet, et gr\u00e2ce \u00e0 de nombreux soutiens, ce r\u00eave est devenu r\u00e9alit\u00e9 \u00bb pr\u00e9cise C\u00e9dric.<\/p>\n<p>Pour c\u00e9l\u00e9brer la sortie de son album L\u2019\u00c9chapp\u00e9e belle, C\u00e9dric sera en concert \u00e0 la MCL de G\u00e9rardmer, samedi 24 janvier 2026 \u00e0 18 h 30.<\/p>\n<p>Entr\u00e9e gratuite, mais r\u00e9servation obligatoire aupr\u00e8s de la MCL ou directement aupr\u00e8s de C\u00e9dric et son \u00e9quipe.<\/p>\n<p><strong>Contact :<\/strong><br \/>\n\ud83d\udce7 C\u00e9dric \u2013 cedricmusique88@gmail.com<br \/>\nR\u00e9seaux :<br \/>\n\ud83d\udcd8 Facebook : C\u00e9dricmusiqueoff<\/p>\n","protected":false},"excerpt":{"rendered":"<p>&nbsp; C&rsquo;est officielle : le tout premier album de C\u00e9dric est disponible \u00e0 l&rsquo;\u00e9coute sur plusieurs plateforme, et ce d\u00e9s [&hellip;]<\/p>\n","protected":false},"author":391,"featured_media":85373,"comment_status":"open","ping_status":"open","sticky":false,"template":"","format":"standard","meta":{"footnotes":""},"categories":[20,34,4,25,5647],"tags":[8064],"class_list":["post-85683","post","type-post","status-publish","format-standard","has-post-thumbnail","hentry","category-a-la-une","category-concert","category-culture","category-gerardmer","category-gerardmer-autres-sites","tag-lechappee-belle"],"acf":[],"yoast_head":"<!-- This site is optimized with the Yoast SEO plugin v22.5 - https:\/\/yoast.com\/wordpress\/plugins\/seo\/ -->\n<title>Musique - \u201cL\u2019\u00c9CHAPP\u00c9E BELLE\u201d : le premier album de C\u00e9dric est disponible ! - Gerardmer Info<\/title>\n<meta name=\"robots\" content=\"index, follow, max-snippet:-1, max-image-preview:large, max-video-preview:-1\" \/>\n<link rel=\"canonical\" href=\"https:\/\/vosgesinfo.fr\/gerardmerinfo\/2025\/12\/musique-lechappee-belle-le-premier-album-de-cedric-est-disponible\/\" \/>\n<meta name=\"twitter:card\" content=\"summary_large_image\" \/>\n<meta name=\"twitter:title\" content=\"Musique - \u201cL\u2019\u00c9CHAPP\u00c9E BELLE\u201d : le premier album de C\u00e9dric est disponible ! - Gerardmer Info\" \/>\n<meta name=\"twitter:description\" content=\"&nbsp; C&rsquo;est officielle : le tout premier album de C\u00e9dric est disponible \u00e0 l&rsquo;\u00e9coute sur plusieurs plateforme, et ce d\u00e9s [&hellip;]\" \/>\n<meta name=\"twitter:image\" content=\"https:\/\/vosgesinfo.fr\/app\/uploads\/sites\/6\/2025\/12\/vf-visuel-lechappee-belle.jpg\" \/>\n<meta name=\"twitter:creator\" content=\"@VosgesInfo88\" \/>\n<meta name=\"twitter:site\" content=\"@VosgesInfo88\" \/>\n<meta name=\"twitter:label1\" content=\"\u00c9crit par\" \/>\n\t<meta name=\"twitter:data1\" content=\"La redaction\" \/>\n\t<meta name=\"twitter:label2\" content=\"Dur\u00e9e de lecture estim\u00e9e\" \/>\n\t<meta name=\"twitter:data2\" content=\"2 minutes\" \/>\n<script type=\"application\/ld+json\" class=\"yoast-schema-graph\">{\"@context\":\"https:\/\/schema.org\",\"@graph\":[{\"@type\":\"Article\",\"@id\":\"https:\/\/vosgesinfo.fr\/gerardmerinfo\/2025\/12\/musique-lechappee-belle-le-premier-album-de-cedric-est-disponible\/#article\",\"isPartOf\":{\"@id\":\"https:\/\/vosgesinfo.fr\/gerardmerinfo\/2025\/12\/musique-lechappee-belle-le-premier-album-de-cedric-est-disponible\/\"},\"author\":{\"name\":\"La redaction\",\"@id\":\"https:\/\/vosgesinfo.fr\/gerardmerinfo\/#\/schema\/person\/27a3695b06db98895b354c0765cdfc31\"},\"headline\":\"Musique &#8211; \u201cL\u2019\u00c9CHAPP\u00c9E BELLE\u201d : le premier album de C\u00e9dric est disponible !\",\"datePublished\":\"2025-12-12T05:00:36+00:00\",\"dateModified\":\"2025-12-11T09:47:49+00:00\",\"mainEntityOfPage\":{\"@id\":\"https:\/\/vosgesinfo.fr\/gerardmerinfo\/2025\/12\/musique-lechappee-belle-le-premier-album-de-cedric-est-disponible\/\"},\"wordCount\":375,\"commentCount\":1,\"publisher\":{\"@id\":\"https:\/\/vosgesinfo.fr\/gerardmerinfo\/#organization\"},\"image\":{\"@id\":\"https:\/\/vosgesinfo.fr\/gerardmerinfo\/2025\/12\/musique-lechappee-belle-le-premier-album-de-cedric-est-disponible\/#primaryimage\"},\"thumbnailUrl\":\"https:\/\/vosgesinfo.fr\/app\/uploads\/sites\/6\/2025\/12\/vf-visuel-lechappee-belle.jpg\",\"keywords\":[\"l'\u00e9chapp\u00e9e belle\"],\"articleSection\":[\"A la une\",\"Concert\",\"Culture\",\"G\u00e9rardmer\",\"Gerardmer\"],\"inLanguage\":\"fr-FR\",\"potentialAction\":[{\"@type\":\"CommentAction\",\"name\":\"Comment\",\"target\":[\"https:\/\/vosgesinfo.fr\/gerardmerinfo\/2025\/12\/musique-lechappee-belle-le-premier-album-de-cedric-est-disponible\/#respond\"]}]},{\"@type\":\"WebPage\",\"@id\":\"https:\/\/vosgesinfo.fr\/gerardmerinfo\/2025\/12\/musique-lechappee-belle-le-premier-album-de-cedric-est-disponible\/\",\"url\":\"https:\/\/vosgesinfo.fr\/gerardmerinfo\/2025\/12\/musique-lechappee-belle-le-premier-album-de-cedric-est-disponible\/\",\"name\":\"Musique - \u201cL\u2019\u00c9CHAPP\u00c9E BELLE\u201d : le premier album de C\u00e9dric est disponible ! - Gerardmer Info\",\"isPartOf\":{\"@id\":\"https:\/\/vosgesinfo.fr\/gerardmerinfo\/#website\"},\"primaryImageOfPage\":{\"@id\":\"https:\/\/vosgesinfo.fr\/gerardmerinfo\/2025\/12\/musique-lechappee-belle-le-premier-album-de-cedric-est-disponible\/#primaryimage\"},\"image\":{\"@id\":\"https:\/\/vosgesinfo.fr\/gerardmerinfo\/2025\/12\/musique-lechappee-belle-le-premier-album-de-cedric-est-disponible\/#primaryimage\"},\"thumbnailUrl\":\"https:\/\/vosgesinfo.fr\/app\/uploads\/sites\/6\/2025\/12\/vf-visuel-lechappee-belle.jpg\",\"datePublished\":\"2025-12-12T05:00:36+00:00\",\"dateModified\":\"2025-12-11T09:47:49+00:00\",\"breadcrumb\":{\"@id\":\"https:\/\/vosgesinfo.fr\/gerardmerinfo\/2025\/12\/musique-lechappee-belle-le-premier-album-de-cedric-est-disponible\/#breadcrumb\"},\"inLanguage\":\"fr-FR\",\"potentialAction\":[{\"@type\":\"ReadAction\",\"target\":[\"https:\/\/vosgesinfo.fr\/gerardmerinfo\/2025\/12\/musique-lechappee-belle-le-premier-album-de-cedric-est-disponible\/\"]}]},{\"@type\":\"ImageObject\",\"inLanguage\":\"fr-FR\",\"@id\":\"https:\/\/vosgesinfo.fr\/gerardmerinfo\/2025\/12\/musique-lechappee-belle-le-premier-album-de-cedric-est-disponible\/#primaryimage\",\"url\":\"https:\/\/vosgesinfo.fr\/app\/uploads\/sites\/6\/2025\/12\/vf-visuel-lechappee-belle.jpg\",\"contentUrl\":\"https:\/\/vosgesinfo.fr\/app\/uploads\/sites\/6\/2025\/12\/vf-visuel-lechappee-belle.jpg\",\"width\":1080,\"height\":1080},{\"@type\":\"BreadcrumbList\",\"@id\":\"https:\/\/vosgesinfo.fr\/gerardmerinfo\/2025\/12\/musique-lechappee-belle-le-premier-album-de-cedric-est-disponible\/#breadcrumb\",\"itemListElement\":[{\"@type\":\"ListItem\",\"position\":1,\"name\":\"Home\",\"item\":\"https:\/\/vosgesinfo.fr\/gerardmerinfo\/\"},{\"@type\":\"ListItem\",\"position\":2,\"name\":\"Musique &#8211; \u201cL\u2019\u00c9CHAPP\u00c9E BELLE\u201d : le premier album de C\u00e9dric est disponible !\"}]},{\"@type\":\"WebSite\",\"@id\":\"https:\/\/vosgesinfo.fr\/gerardmerinfo\/#website\",\"url\":\"https:\/\/vosgesinfo.fr\/gerardmerinfo\/\",\"name\":\"Gerardmer Info\",\"description\":\"Toute l&#039;actualit\u00e9 de G\u00e9rardmer\",\"publisher\":{\"@id\":\"https:\/\/vosgesinfo.fr\/gerardmerinfo\/#organization\"},\"alternateName\":\"Toute l'actualit\u00e9 de G\u00e9rardmer\",\"potentialAction\":[{\"@type\":\"SearchAction\",\"target\":{\"@type\":\"EntryPoint\",\"urlTemplate\":\"https:\/\/vosgesinfo.fr\/gerardmerinfo\/?s={search_term_string}\"},\"query-input\":\"required name=search_term_string\"}],\"inLanguage\":\"fr-FR\"},{\"@type\":\"Organization\",\"@id\":\"https:\/\/vosgesinfo.fr\/gerardmerinfo\/#organization\",\"name\":\"Gerardmer Info\",\"url\":\"https:\/\/vosgesinfo.fr\/gerardmerinfo\/\",\"logo\":{\"@type\":\"ImageObject\",\"inLanguage\":\"fr-FR\",\"@id\":\"https:\/\/vosgesinfo.fr\/gerardmerinfo\/#\/schema\/logo\/image\/\",\"url\":\"https:\/\/vosgesinfo.fr\/app\/uploads\/sites\/6\/2023\/08\/favicon-gerardmerinfo.png\",\"contentUrl\":\"https:\/\/vosgesinfo.fr\/app\/uploads\/sites\/6\/2023\/08\/favicon-gerardmerinfo.png\",\"width\":512,\"height\":512,\"caption\":\"Gerardmer Info\"},\"image\":{\"@id\":\"https:\/\/vosgesinfo.fr\/gerardmerinfo\/#\/schema\/logo\/image\/\"},\"sameAs\":[\"https:\/\/www.facebook.com\/profile.php?id=100049475262660\",\"https:\/\/x.com\/VosgesInfo88\",\"https:\/\/www.youtube.com\/@vosgesinfo\"]},{\"@type\":\"Person\",\"@id\":\"https:\/\/vosgesinfo.fr\/gerardmerinfo\/#\/schema\/person\/27a3695b06db98895b354c0765cdfc31\",\"name\":\"La redaction\",\"image\":{\"@type\":\"ImageObject\",\"inLanguage\":\"fr-FR\",\"@id\":\"https:\/\/vosgesinfo.fr\/gerardmerinfo\/#\/schema\/person\/image\/\",\"url\":\"https:\/\/secure.gravatar.com\/avatar\/64c76a78e501cedee55736f43f332df901e1896ae9cd8fad269ae2236dd0e8b6?s=96&d=mm&r=g\",\"contentUrl\":\"https:\/\/secure.gravatar.com\/avatar\/64c76a78e501cedee55736f43f332df901e1896ae9cd8fad269ae2236dd0e8b6?s=96&d=mm&r=g\",\"caption\":\"La redaction\"},\"url\":\"https:\/\/vosgesinfo.fr\/gerardmerinfo\/author\/la-redaction\/\"}]}<\/script>\n<!-- \/ Yoast SEO plugin. -->","yoast_head_json":{"title":"Musique - \u201cL\u2019\u00c9CHAPP\u00c9E BELLE\u201d : le premier album de C\u00e9dric est disponible ! - Gerardmer Info","robots":{"index":"index","follow":"follow","max-snippet":"max-snippet:-1","max-image-preview":"max-image-preview:large","max-video-preview":"max-video-preview:-1"},"canonical":"https:\/\/vosgesinfo.fr\/gerardmerinfo\/2025\/12\/musique-lechappee-belle-le-premier-album-de-cedric-est-disponible\/","twitter_card":"summary_large_image","twitter_title":"Musique - \u201cL\u2019\u00c9CHAPP\u00c9E BELLE\u201d : le premier album de C\u00e9dric est disponible ! - Gerardmer Info","twitter_description":"&nbsp; C&rsquo;est officielle : le tout premier album de C\u00e9dric est disponible \u00e0 l&rsquo;\u00e9coute sur plusieurs plateforme, et ce d\u00e9s [&hellip;]","twitter_image":"https:\/\/vosgesinfo.fr\/app\/uploads\/sites\/6\/2025\/12\/vf-visuel-lechappee-belle.jpg","twitter_creator":"@VosgesInfo88","twitter_site":"@VosgesInfo88","twitter_misc":{"\u00c9crit par":"La redaction","Dur\u00e9e de lecture estim\u00e9e":"2 minutes"},"schema":{"@context":"https:\/\/schema.org","@graph":[{"@type":"Article","@id":"https:\/\/vosgesinfo.fr\/gerardmerinfo\/2025\/12\/musique-lechappee-belle-le-premier-album-de-cedric-est-disponible\/#article","isPartOf":{"@id":"https:\/\/vosgesinfo.fr\/gerardmerinfo\/2025\/12\/musique-lechappee-belle-le-premier-album-de-cedric-est-disponible\/"},"author":{"name":"La redaction","@id":"https:\/\/vosgesinfo.fr\/gerardmerinfo\/#\/schema\/person\/27a3695b06db98895b354c0765cdfc31"},"headline":"Musique &#8211; \u201cL\u2019\u00c9CHAPP\u00c9E BELLE\u201d : le premier album de C\u00e9dric est disponible !","datePublished":"2025-12-12T05:00:36+00:00","dateModified":"2025-12-11T09:47:49+00:00","mainEntityOfPage":{"@id":"https:\/\/vosgesinfo.fr\/gerardmerinfo\/2025\/12\/musique-lechappee-belle-le-premier-album-de-cedric-est-disponible\/"},"wordCount":375,"commentCount":1,"publisher":{"@id":"https:\/\/vosgesinfo.fr\/gerardmerinfo\/#organization"},"image":{"@id":"https:\/\/vosgesinfo.fr\/gerardmerinfo\/2025\/12\/musique-lechappee-belle-le-premier-album-de-cedric-est-disponible\/#primaryimage"},"thumbnailUrl":"https:\/\/vosgesinfo.fr\/app\/uploads\/sites\/6\/2025\/12\/vf-visuel-lechappee-belle.jpg","keywords":["l'\u00e9chapp\u00e9e belle"],"articleSection":["A la une","Concert","Culture","G\u00e9rardmer","Gerardmer"],"inLanguage":"fr-FR","potentialAction":[{"@type":"CommentAction","name":"Comment","target":["https:\/\/vosgesinfo.fr\/gerardmerinfo\/2025\/12\/musique-lechappee-belle-le-premier-album-de-cedric-est-disponible\/#respond"]}]},{"@type":"WebPage","@id":"https:\/\/vosgesinfo.fr\/gerardmerinfo\/2025\/12\/musique-lechappee-belle-le-premier-album-de-cedric-est-disponible\/","url":"https:\/\/vosgesinfo.fr\/gerardmerinfo\/2025\/12\/musique-lechappee-belle-le-premier-album-de-cedric-est-disponible\/","name":"Musique - \u201cL\u2019\u00c9CHAPP\u00c9E BELLE\u201d : le premier album de C\u00e9dric est disponible ! - Gerardmer Info","isPartOf":{"@id":"https:\/\/vosgesinfo.fr\/gerardmerinfo\/#website"},"primaryImageOfPage":{"@id":"https:\/\/vosgesinfo.fr\/gerardmerinfo\/2025\/12\/musique-lechappee-belle-le-premier-album-de-cedric-est-disponible\/#primaryimage"},"image":{"@id":"https:\/\/vosgesinfo.fr\/gerardmerinfo\/2025\/12\/musique-lechappee-belle-le-premier-album-de-cedric-est-disponible\/#primaryimage"},"thumbnailUrl":"https:\/\/vosgesinfo.fr\/app\/uploads\/sites\/6\/2025\/12\/vf-visuel-lechappee-belle.jpg","datePublished":"2025-12-12T05:00:36+00:00","dateModified":"2025-12-11T09:47:49+00:00","breadcrumb":{"@id":"https:\/\/vosgesinfo.fr\/gerardmerinfo\/2025\/12\/musique-lechappee-belle-le-premier-album-de-cedric-est-disponible\/#breadcrumb"},"inLanguage":"fr-FR","potentialAction":[{"@type":"ReadAction","target":["https:\/\/vosgesinfo.fr\/gerardmerinfo\/2025\/12\/musique-lechappee-belle-le-premier-album-de-cedric-est-disponible\/"]}]},{"@type":"ImageObject","inLanguage":"fr-FR","@id":"https:\/\/vosgesinfo.fr\/gerardmerinfo\/2025\/12\/musique-lechappee-belle-le-premier-album-de-cedric-est-disponible\/#primaryimage","url":"https:\/\/vosgesinfo.fr\/app\/uploads\/sites\/6\/2025\/12\/vf-visuel-lechappee-belle.jpg","contentUrl":"https:\/\/vosgesinfo.fr\/app\/uploads\/sites\/6\/2025\/12\/vf-visuel-lechappee-belle.jpg","width":1080,"height":1080},{"@type":"BreadcrumbList","@id":"https:\/\/vosgesinfo.fr\/gerardmerinfo\/2025\/12\/musique-lechappee-belle-le-premier-album-de-cedric-est-disponible\/#breadcrumb","itemListElement":[{"@type":"ListItem","position":1,"name":"Home","item":"https:\/\/vosgesinfo.fr\/gerardmerinfo\/"},{"@type":"ListItem","position":2,"name":"Musique &#8211; \u201cL\u2019\u00c9CHAPP\u00c9E BELLE\u201d : le premier album de C\u00e9dric est disponible !"}]},{"@type":"WebSite","@id":"https:\/\/vosgesinfo.fr\/gerardmerinfo\/#website","url":"https:\/\/vosgesinfo.fr\/gerardmerinfo\/","name":"Gerardmer Info","description":"Toute l&#039;actualit\u00e9 de G\u00e9rardmer","publisher":{"@id":"https:\/\/vosgesinfo.fr\/gerardmerinfo\/#organization"},"alternateName":"Toute l'actualit\u00e9 de G\u00e9rardmer","potentialAction":[{"@type":"SearchAction","target":{"@type":"EntryPoint","urlTemplate":"https:\/\/vosgesinfo.fr\/gerardmerinfo\/?s={search_term_string}"},"query-input":"required name=search_term_string"}],"inLanguage":"fr-FR"},{"@type":"Organization","@id":"https:\/\/vosgesinfo.fr\/gerardmerinfo\/#organization","name":"Gerardmer Info","url":"https:\/\/vosgesinfo.fr\/gerardmerinfo\/","logo":{"@type":"ImageObject","inLanguage":"fr-FR","@id":"https:\/\/vosgesinfo.fr\/gerardmerinfo\/#\/schema\/logo\/image\/","url":"https:\/\/vosgesinfo.fr\/app\/uploads\/sites\/6\/2023\/08\/favicon-gerardmerinfo.png","contentUrl":"https:\/\/vosgesinfo.fr\/app\/uploads\/sites\/6\/2023\/08\/favicon-gerardmerinfo.png","width":512,"height":512,"caption":"Gerardmer Info"},"image":{"@id":"https:\/\/vosgesinfo.fr\/gerardmerinfo\/#\/schema\/logo\/image\/"},"sameAs":["https:\/\/www.facebook.com\/profile.php?id=100049475262660","https:\/\/x.com\/VosgesInfo88","https:\/\/www.youtube.com\/@vosgesinfo"]},{"@type":"Person","@id":"https:\/\/vosgesinfo.fr\/gerardmerinfo\/#\/schema\/person\/27a3695b06db98895b354c0765cdfc31","name":"La redaction","image":{"@type":"ImageObject","inLanguage":"fr-FR","@id":"https:\/\/vosgesinfo.fr\/gerardmerinfo\/#\/schema\/person\/image\/","url":"https:\/\/secure.gravatar.com\/avatar\/64c76a78e501cedee55736f43f332df901e1896ae9cd8fad269ae2236dd0e8b6?s=96&d=mm&r=g","contentUrl":"https:\/\/secure.gravatar.com\/avatar\/64c76a78e501cedee55736f43f332df901e1896ae9cd8fad269ae2236dd0e8b6?s=96&d=mm&r=g","caption":"La redaction"},"url":"https:\/\/vosgesinfo.fr\/gerardmerinfo\/author\/la-redaction\/"}]}},"_links":{"self":[{"href":"https:\/\/vosgesinfo.fr\/gerardmerinfo\/wp-json\/wp\/v2\/posts\/85683","targetHints":{"allow":["GET"]}}],"collection":[{"href":"https:\/\/vosgesinfo.fr\/gerardmerinfo\/wp-json\/wp\/v2\/posts"}],"about":[{"href":"https:\/\/vosgesinfo.fr\/gerardmerinfo\/wp-json\/wp\/v2\/types\/post"}],"author":[{"embeddable":true,"href":"https:\/\/vosgesinfo.fr\/gerardmerinfo\/wp-json\/wp\/v2\/users\/391"}],"replies":[{"embeddable":true,"href":"https:\/\/vosgesinfo.fr\/gerardmerinfo\/wp-json\/wp\/v2\/comments?post=85683"}],"version-history":[{"count":1,"href":"https:\/\/vosgesinfo.fr\/gerardmerinfo\/wp-json\/wp\/v2\/posts\/85683\/revisions"}],"predecessor-version":[{"id":85684,"href":"https:\/\/vosgesinfo.fr\/gerardmerinfo\/wp-json\/wp\/v2\/posts\/85683\/revisions\/85684"}],"wp:featuredmedia":[{"embeddable":true,"href":"https:\/\/vosgesinfo.fr\/gerardmerinfo\/wp-json\/wp\/v2\/media\/85373"}],"wp:attachment":[{"href":"https:\/\/vosgesinfo.fr\/gerardmerinfo\/wp-json\/wp\/v2\/media?parent=85683"}],"wp:term":[{"taxonomy":"category","embeddable":true,"href":"https:\/\/vosgesinfo.fr\/gerardmerinfo\/wp-json\/wp\/v2\/categories?post=85683"},{"taxonomy":"post_tag","embeddable":true,"href":"https:\/\/vosgesinfo.fr\/gerardmerinfo\/wp-json\/wp\/v2\/tags?post=85683"}],"curies":[{"name":"wp","href":"https:\/\/api.w.org\/{rel}","templated":true}]}}