{"id":85685,"date":"2025-12-11T12:05:46","date_gmt":"2025-12-11T11:05:46","guid":{"rendered":"https:\/\/vosgesinfo.fr\/gerardmerinfo\/?p=85685"},"modified":"2025-12-11T09:34:09","modified_gmt":"2025-12-11T08:34:09","slug":"campagne-de-mesure-pour-les-habitants-de-la-ccghv-du-radon-dans-ma-maison-2","status":"publish","type":"post","link":"https:\/\/vosgesinfo.fr\/gerardmerinfo\/2025\/12\/campagne-de-mesure-pour-les-habitants-de-la-ccghv-du-radon-dans-ma-maison-2\/","title":{"rendered":"Campagne de mesure pour les habitants de la CCGHV : \u201cDu radon dans ma maison ?\u201d"},"content":{"rendered":"<p><a href=\"https:\/\/vosgesinfo.fr\/app\/uploads\/sites\/6\/2022\/05\/logo-ccghv.jpg\"><img decoding=\"async\" class=\"aligncenter size-medium wp-image-319\" src=\"https:\/\/vosgesinfo.fr\/app\/uploads\/sites\/6\/2022\/05\/logo-ccghv-300x289.jpg\" alt=\"\" width=\"300\" height=\"289\" srcset=\"https:\/\/vosgesinfo.fr\/app\/uploads\/sites\/6\/2022\/05\/logo-ccghv-300x289.jpg 300w, https:\/\/vosgesinfo.fr\/app\/uploads\/sites\/6\/2022\/05\/logo-ccghv.jpg 493w\" sizes=\"(max-width: 300px) 100vw, 300px\" \/><\/a><\/p>\n<p><strong>Dans le cadre du Plan r\u00e9gional sant\u00e9 environnement Grand Est (PRSE), et d\u2019un partenariat entre la collectivit\u00e9, l\u2019ARS Grand Est et ATMO Grand Est, une campagne de mesure du radon dans le logement est propos\u00e9e aux habitants de la communaut\u00e9 de communes G\u00e9rardmer Hautes Vosges (CCGHV).<\/strong><\/p>\n<p>Cette action est d\u00e9ploy\u00e9e sur les 8 communes de la CCGHV, toutes \u00e9tant concern\u00e9es par un potentiel radon de niveau 3 (\u00e9lev\u00e9) &#8211; Le radon est un gaz incolore qui peut \u00eatre dangereux pour la sant\u00e9.<\/p>\n<p>Ouverte \u00e0 tous les habitants d\u2019un logement individuel ou d\u2019un logement en immeuble collectif avec pi\u00e8ces de vie situ\u00e9es en rez-de-chauss\u00e9e (sont exclues les r\u00e9sidences secondaires et locations saisonni\u00e8res), cette campagne permettra \u00e0 chacun de s\u2019informer sur le radon, de conna\u00eetre les moyens de limiter son exposition et de <b>retirer gratuitement<\/b>, apr\u00e8s inscription, un kit de 2 dosim\u00e8tres permettant de mesurer la concentration en radon dans son logement.<\/p>\n<p>\u25ba <b>100 foyers peuvent participer \u00e0 cette campagne !<\/b><\/p>\n<p>Les appareils de mesure seront \u00e0 r\u00e9cup\u00e9rer (dans la limite des stocks disponibles) :<\/p>\n<p>\u2022 \u00e0 la communaut\u00e9 de communes G\u00e9rardmer Hautes Vosges pour les habitants de G\u00e9rardmer<\/p>\n<p>\u2022 dans votre mairie de r\u00e9sidence pour les habitants de Champdray, Granges-Aumontzey, Le Tholy, Le Valtin, Rehaupal., Xonrupt-Longemer.<\/p>\n<p><span style=\"color: #ff0000;\"><u>\u00c9puisement des stocks<\/u><\/span><span style=\"color: #ff0000;\">\u00a0: Pour la commune de Li\u00e9zey, tous les kits ont \u00e9t\u00e9 distribu\u00e9s \u00e0 ce jour.<\/span><\/p>\n<p><a name=\"_GoBack\"><\/a> Les appareils sont d\u00e9livr\u00e9s <b>depuis le 1er d\u00e9cembre 2025<\/b>, apr\u00e8s inscription et remplissage des informations n\u00e9cessaires sur la plateforme d\u00e9di\u00e9e pour tester votre \u00e9ligibilit\u00e9 \u00e0 la campagne de mesures du radon dans l\u2019habitat.<\/p>\n<p><b>Plateforme pour s\u2019inscrire : <\/b><span style=\"color: #0563c1;\"><u><a href=\"https:\/\/radon.atmo-grandest.eu\/\"><b>https:\/\/radon.atmo-grandest.eu<\/b><\/a><\/u><\/span><\/p>\n<p>Retrouvez plus d\u2019informations sur le site internet de la CCGHV\u00a0: <span style=\"color: #0563c1;\"><u><a href=\"https:\/\/ccghv.fr\/\">https:\/\/ccghv.fr\/<\/a><\/u><\/span><\/p>\n","protected":false},"excerpt":{"rendered":"<p>Dans le cadre du Plan r\u00e9gional sant\u00e9 environnement Grand Est (PRSE), et d\u2019un partenariat entre la collectivit\u00e9, l\u2019ARS Grand Est [&hellip;]<\/p>\n","protected":false},"author":391,"featured_media":319,"comment_status":"open","ping_status":"open","sticky":false,"template":"","format":"standard","meta":{"footnotes":""},"categories":[20,25,5647,41,42],"tags":[8029],"class_list":["post-85685","post","type-post","status-publish","format-standard","has-post-thumbnail","hentry","category-a-la-une","category-gerardmer","category-gerardmer-autres-sites","category-liezey","category-xonrupt-longemer","tag-radon"],"acf":[],"yoast_head":"<!-- This site is optimized with the Yoast SEO plugin v22.5 - https:\/\/yoast.com\/wordpress\/plugins\/seo\/ -->\n<title>Campagne de mesure pour les habitants de la CCGHV : \u201cDu radon dans ma maison ?\u201d - Gerardmer Info<\/title>\n<meta name=\"robots\" content=\"index, follow, max-snippet:-1, max-image-preview:large, max-video-preview:-1\" \/>\n<link rel=\"canonical\" href=\"https:\/\/vosgesinfo.fr\/gerardmerinfo\/2025\/12\/campagne-de-mesure-pour-les-habitants-de-la-ccghv-du-radon-dans-ma-maison-2\/\" \/>\n<meta name=\"twitter:card\" content=\"summary_large_image\" \/>\n<meta name=\"twitter:title\" content=\"Campagne de mesure pour les habitants de la CCGHV : \u201cDu radon dans ma maison ?\u201d - Gerardmer Info\" \/>\n<meta name=\"twitter:description\" content=\"Dans le cadre du Plan r\u00e9gional sant\u00e9 environnement Grand Est (PRSE), et d\u2019un partenariat entre la collectivit\u00e9, l\u2019ARS Grand Est [&hellip;]\" \/>\n<meta name=\"twitter:image\" content=\"https:\/\/vosgesinfo.fr\/app\/uploads\/sites\/6\/2022\/05\/logo-ccghv.jpg\" \/>\n<meta name=\"twitter:creator\" content=\"@VosgesInfo88\" \/>\n<meta name=\"twitter:site\" content=\"@VosgesInfo88\" \/>\n<meta name=\"twitter:label1\" content=\"\u00c9crit par\" \/>\n\t<meta name=\"twitter:data1\" content=\"La redaction\" \/>\n\t<meta name=\"twitter:label2\" content=\"Dur\u00e9e de lecture estim\u00e9e\" \/>\n\t<meta name=\"twitter:data2\" content=\"1 minute\" \/>\n<script type=\"application\/ld+json\" class=\"yoast-schema-graph\">{\"@context\":\"https:\/\/schema.org\",\"@graph\":[{\"@type\":\"Article\",\"@id\":\"https:\/\/vosgesinfo.fr\/gerardmerinfo\/2025\/12\/campagne-de-mesure-pour-les-habitants-de-la-ccghv-du-radon-dans-ma-maison-2\/#article\",\"isPartOf\":{\"@id\":\"https:\/\/vosgesinfo.fr\/gerardmerinfo\/2025\/12\/campagne-de-mesure-pour-les-habitants-de-la-ccghv-du-radon-dans-ma-maison-2\/\"},\"author\":{\"name\":\"La redaction\",\"@id\":\"https:\/\/vosgesinfo.fr\/gerardmerinfo\/#\/schema\/person\/27a3695b06db98895b354c0765cdfc31\"},\"headline\":\"Campagne de mesure pour les habitants de la CCGHV : \u201cDu radon dans ma maison ?\u201d\",\"datePublished\":\"2025-12-11T11:05:46+00:00\",\"dateModified\":\"2025-12-11T08:34:09+00:00\",\"mainEntityOfPage\":{\"@id\":\"https:\/\/vosgesinfo.fr\/gerardmerinfo\/2025\/12\/campagne-de-mesure-pour-les-habitants-de-la-ccghv-du-radon-dans-ma-maison-2\/\"},\"wordCount\":308,\"commentCount\":0,\"publisher\":{\"@id\":\"https:\/\/vosgesinfo.fr\/gerardmerinfo\/#organization\"},\"image\":{\"@id\":\"https:\/\/vosgesinfo.fr\/gerardmerinfo\/2025\/12\/campagne-de-mesure-pour-les-habitants-de-la-ccghv-du-radon-dans-ma-maison-2\/#primaryimage\"},\"thumbnailUrl\":\"https:\/\/vosgesinfo.fr\/app\/uploads\/sites\/6\/2022\/05\/logo-ccghv.jpg\",\"keywords\":[\"radon\"],\"articleSection\":[\"A la une\",\"G\u00e9rardmer\",\"Gerardmer\",\"Liezey\",\"Xonrupt-Longemer\"],\"inLanguage\":\"fr-FR\",\"potentialAction\":[{\"@type\":\"CommentAction\",\"name\":\"Comment\",\"target\":[\"https:\/\/vosgesinfo.fr\/gerardmerinfo\/2025\/12\/campagne-de-mesure-pour-les-habitants-de-la-ccghv-du-radon-dans-ma-maison-2\/#respond\"]}]},{\"@type\":\"WebPage\",\"@id\":\"https:\/\/vosgesinfo.fr\/gerardmerinfo\/2025\/12\/campagne-de-mesure-pour-les-habitants-de-la-ccghv-du-radon-dans-ma-maison-2\/\",\"url\":\"https:\/\/vosgesinfo.fr\/gerardmerinfo\/2025\/12\/campagne-de-mesure-pour-les-habitants-de-la-ccghv-du-radon-dans-ma-maison-2\/\",\"name\":\"Campagne de mesure pour les habitants de la CCGHV : \u201cDu radon dans ma maison ?\u201d - Gerardmer Info\",\"isPartOf\":{\"@id\":\"https:\/\/vosgesinfo.fr\/gerardmerinfo\/#website\"},\"primaryImageOfPage\":{\"@id\":\"https:\/\/vosgesinfo.fr\/gerardmerinfo\/2025\/12\/campagne-de-mesure-pour-les-habitants-de-la-ccghv-du-radon-dans-ma-maison-2\/#primaryimage\"},\"image\":{\"@id\":\"https:\/\/vosgesinfo.fr\/gerardmerinfo\/2025\/12\/campagne-de-mesure-pour-les-habitants-de-la-ccghv-du-radon-dans-ma-maison-2\/#primaryimage\"},\"thumbnailUrl\":\"https:\/\/vosgesinfo.fr\/app\/uploads\/sites\/6\/2022\/05\/logo-ccghv.jpg\",\"datePublished\":\"2025-12-11T11:05:46+00:00\",\"dateModified\":\"2025-12-11T08:34:09+00:00\",\"breadcrumb\":{\"@id\":\"https:\/\/vosgesinfo.fr\/gerardmerinfo\/2025\/12\/campagne-de-mesure-pour-les-habitants-de-la-ccghv-du-radon-dans-ma-maison-2\/#breadcrumb\"},\"inLanguage\":\"fr-FR\",\"potentialAction\":[{\"@type\":\"ReadAction\",\"target\":[\"https:\/\/vosgesinfo.fr\/gerardmerinfo\/2025\/12\/campagne-de-mesure-pour-les-habitants-de-la-ccghv-du-radon-dans-ma-maison-2\/\"]}]},{\"@type\":\"ImageObject\",\"inLanguage\":\"fr-FR\",\"@id\":\"https:\/\/vosgesinfo.fr\/gerardmerinfo\/2025\/12\/campagne-de-mesure-pour-les-habitants-de-la-ccghv-du-radon-dans-ma-maison-2\/#primaryimage\",\"url\":\"https:\/\/vosgesinfo.fr\/app\/uploads\/sites\/6\/2022\/05\/logo-ccghv.jpg\",\"contentUrl\":\"https:\/\/vosgesinfo.fr\/app\/uploads\/sites\/6\/2022\/05\/logo-ccghv.jpg\",\"width\":493,\"height\":475},{\"@type\":\"BreadcrumbList\",\"@id\":\"https:\/\/vosgesinfo.fr\/gerardmerinfo\/2025\/12\/campagne-de-mesure-pour-les-habitants-de-la-ccghv-du-radon-dans-ma-maison-2\/#breadcrumb\",\"itemListElement\":[{\"@type\":\"ListItem\",\"position\":1,\"name\":\"Home\",\"item\":\"https:\/\/vosgesinfo.fr\/gerardmerinfo\/\"},{\"@type\":\"ListItem\",\"position\":2,\"name\":\"Campagne de mesure pour les habitants de la CCGHV : \u201cDu radon dans ma maison ?\u201d\"}]},{\"@type\":\"WebSite\",\"@id\":\"https:\/\/vosgesinfo.fr\/gerardmerinfo\/#website\",\"url\":\"https:\/\/vosgesinfo.fr\/gerardmerinfo\/\",\"name\":\"Gerardmer Info\",\"description\":\"Toute l&#039;actualit\u00e9 de G\u00e9rardmer\",\"publisher\":{\"@id\":\"https:\/\/vosgesinfo.fr\/gerardmerinfo\/#organization\"},\"alternateName\":\"Toute l'actualit\u00e9 de G\u00e9rardmer\",\"potentialAction\":[{\"@type\":\"SearchAction\",\"target\":{\"@type\":\"EntryPoint\",\"urlTemplate\":\"https:\/\/vosgesinfo.fr\/gerardmerinfo\/?s={search_term_string}\"},\"query-input\":\"required name=search_term_string\"}],\"inLanguage\":\"fr-FR\"},{\"@type\":\"Organization\",\"@id\":\"https:\/\/vosgesinfo.fr\/gerardmerinfo\/#organization\",\"name\":\"Gerardmer Info\",\"url\":\"https:\/\/vosgesinfo.fr\/gerardmerinfo\/\",\"logo\":{\"@type\":\"ImageObject\",\"inLanguage\":\"fr-FR\",\"@id\":\"https:\/\/vosgesinfo.fr\/gerardmerinfo\/#\/schema\/logo\/image\/\",\"url\":\"https:\/\/vosgesinfo.fr\/app\/uploads\/sites\/6\/2023\/08\/favicon-gerardmerinfo.png\",\"contentUrl\":\"https:\/\/vosgesinfo.fr\/app\/uploads\/sites\/6\/2023\/08\/favicon-gerardmerinfo.png\",\"width\":512,\"height\":512,\"caption\":\"Gerardmer Info\"},\"image\":{\"@id\":\"https:\/\/vosgesinfo.fr\/gerardmerinfo\/#\/schema\/logo\/image\/\"},\"sameAs\":[\"https:\/\/www.facebook.com\/profile.php?id=100049475262660\",\"https:\/\/x.com\/VosgesInfo88\",\"https:\/\/www.youtube.com\/@vosgesinfo\"]},{\"@type\":\"Person\",\"@id\":\"https:\/\/vosgesinfo.fr\/gerardmerinfo\/#\/schema\/person\/27a3695b06db98895b354c0765cdfc31\",\"name\":\"La redaction\",\"image\":{\"@type\":\"ImageObject\",\"inLanguage\":\"fr-FR\",\"@id\":\"https:\/\/vosgesinfo.fr\/gerardmerinfo\/#\/schema\/person\/image\/\",\"url\":\"https:\/\/secure.gravatar.com\/avatar\/64c76a78e501cedee55736f43f332df901e1896ae9cd8fad269ae2236dd0e8b6?s=96&d=mm&r=g\",\"contentUrl\":\"https:\/\/secure.gravatar.com\/avatar\/64c76a78e501cedee55736f43f332df901e1896ae9cd8fad269ae2236dd0e8b6?s=96&d=mm&r=g\",\"caption\":\"La redaction\"},\"url\":\"https:\/\/vosgesinfo.fr\/gerardmerinfo\/author\/la-redaction\/\"}]}<\/script>\n<!-- \/ Yoast SEO plugin. -->","yoast_head_json":{"title":"Campagne de mesure pour les habitants de la CCGHV : \u201cDu radon dans ma maison ?\u201d - Gerardmer Info","robots":{"index":"index","follow":"follow","max-snippet":"max-snippet:-1","max-image-preview":"max-image-preview:large","max-video-preview":"max-video-preview:-1"},"canonical":"https:\/\/vosgesinfo.fr\/gerardmerinfo\/2025\/12\/campagne-de-mesure-pour-les-habitants-de-la-ccghv-du-radon-dans-ma-maison-2\/","twitter_card":"summary_large_image","twitter_title":"Campagne de mesure pour les habitants de la CCGHV : \u201cDu radon dans ma maison ?\u201d - Gerardmer Info","twitter_description":"Dans le cadre du Plan r\u00e9gional sant\u00e9 environnement Grand Est (PRSE), et d\u2019un partenariat entre la collectivit\u00e9, l\u2019ARS Grand Est [&hellip;]","twitter_image":"https:\/\/vosgesinfo.fr\/app\/uploads\/sites\/6\/2022\/05\/logo-ccghv.jpg","twitter_creator":"@VosgesInfo88","twitter_site":"@VosgesInfo88","twitter_misc":{"\u00c9crit par":"La redaction","Dur\u00e9e de lecture estim\u00e9e":"1 minute"},"schema":{"@context":"https:\/\/schema.org","@graph":[{"@type":"Article","@id":"https:\/\/vosgesinfo.fr\/gerardmerinfo\/2025\/12\/campagne-de-mesure-pour-les-habitants-de-la-ccghv-du-radon-dans-ma-maison-2\/#article","isPartOf":{"@id":"https:\/\/vosgesinfo.fr\/gerardmerinfo\/2025\/12\/campagne-de-mesure-pour-les-habitants-de-la-ccghv-du-radon-dans-ma-maison-2\/"},"author":{"name":"La redaction","@id":"https:\/\/vosgesinfo.fr\/gerardmerinfo\/#\/schema\/person\/27a3695b06db98895b354c0765cdfc31"},"headline":"Campagne de mesure pour les habitants de la CCGHV : \u201cDu radon dans ma maison ?\u201d","datePublished":"2025-12-11T11:05:46+00:00","dateModified":"2025-12-11T08:34:09+00:00","mainEntityOfPage":{"@id":"https:\/\/vosgesinfo.fr\/gerardmerinfo\/2025\/12\/campagne-de-mesure-pour-les-habitants-de-la-ccghv-du-radon-dans-ma-maison-2\/"},"wordCount":308,"commentCount":0,"publisher":{"@id":"https:\/\/vosgesinfo.fr\/gerardmerinfo\/#organization"},"image":{"@id":"https:\/\/vosgesinfo.fr\/gerardmerinfo\/2025\/12\/campagne-de-mesure-pour-les-habitants-de-la-ccghv-du-radon-dans-ma-maison-2\/#primaryimage"},"thumbnailUrl":"https:\/\/vosgesinfo.fr\/app\/uploads\/sites\/6\/2022\/05\/logo-ccghv.jpg","keywords":["radon"],"articleSection":["A la une","G\u00e9rardmer","Gerardmer","Liezey","Xonrupt-Longemer"],"inLanguage":"fr-FR","potentialAction":[{"@type":"CommentAction","name":"Comment","target":["https:\/\/vosgesinfo.fr\/gerardmerinfo\/2025\/12\/campagne-de-mesure-pour-les-habitants-de-la-ccghv-du-radon-dans-ma-maison-2\/#respond"]}]},{"@type":"WebPage","@id":"https:\/\/vosgesinfo.fr\/gerardmerinfo\/2025\/12\/campagne-de-mesure-pour-les-habitants-de-la-ccghv-du-radon-dans-ma-maison-2\/","url":"https:\/\/vosgesinfo.fr\/gerardmerinfo\/2025\/12\/campagne-de-mesure-pour-les-habitants-de-la-ccghv-du-radon-dans-ma-maison-2\/","name":"Campagne de mesure pour les habitants de la CCGHV : \u201cDu radon dans ma maison ?\u201d - Gerardmer Info","isPartOf":{"@id":"https:\/\/vosgesinfo.fr\/gerardmerinfo\/#website"},"primaryImageOfPage":{"@id":"https:\/\/vosgesinfo.fr\/gerardmerinfo\/2025\/12\/campagne-de-mesure-pour-les-habitants-de-la-ccghv-du-radon-dans-ma-maison-2\/#primaryimage"},"image":{"@id":"https:\/\/vosgesinfo.fr\/gerardmerinfo\/2025\/12\/campagne-de-mesure-pour-les-habitants-de-la-ccghv-du-radon-dans-ma-maison-2\/#primaryimage"},"thumbnailUrl":"https:\/\/vosgesinfo.fr\/app\/uploads\/sites\/6\/2022\/05\/logo-ccghv.jpg","datePublished":"2025-12-11T11:05:46+00:00","dateModified":"2025-12-11T08:34:09+00:00","breadcrumb":{"@id":"https:\/\/vosgesinfo.fr\/gerardmerinfo\/2025\/12\/campagne-de-mesure-pour-les-habitants-de-la-ccghv-du-radon-dans-ma-maison-2\/#breadcrumb"},"inLanguage":"fr-FR","potentialAction":[{"@type":"ReadAction","target":["https:\/\/vosgesinfo.fr\/gerardmerinfo\/2025\/12\/campagne-de-mesure-pour-les-habitants-de-la-ccghv-du-radon-dans-ma-maison-2\/"]}]},{"@type":"ImageObject","inLanguage":"fr-FR","@id":"https:\/\/vosgesinfo.fr\/gerardmerinfo\/2025\/12\/campagne-de-mesure-pour-les-habitants-de-la-ccghv-du-radon-dans-ma-maison-2\/#primaryimage","url":"https:\/\/vosgesinfo.fr\/app\/uploads\/sites\/6\/2022\/05\/logo-ccghv.jpg","contentUrl":"https:\/\/vosgesinfo.fr\/app\/uploads\/sites\/6\/2022\/05\/logo-ccghv.jpg","width":493,"height":475},{"@type":"BreadcrumbList","@id":"https:\/\/vosgesinfo.fr\/gerardmerinfo\/2025\/12\/campagne-de-mesure-pour-les-habitants-de-la-ccghv-du-radon-dans-ma-maison-2\/#breadcrumb","itemListElement":[{"@type":"ListItem","position":1,"name":"Home","item":"https:\/\/vosgesinfo.fr\/gerardmerinfo\/"},{"@type":"ListItem","position":2,"name":"Campagne de mesure pour les habitants de la CCGHV : \u201cDu radon dans ma maison ?\u201d"}]},{"@type":"WebSite","@id":"https:\/\/vosgesinfo.fr\/gerardmerinfo\/#website","url":"https:\/\/vosgesinfo.fr\/gerardmerinfo\/","name":"Gerardmer Info","description":"Toute l&#039;actualit\u00e9 de G\u00e9rardmer","publisher":{"@id":"https:\/\/vosgesinfo.fr\/gerardmerinfo\/#organization"},"alternateName":"Toute l'actualit\u00e9 de G\u00e9rardmer","potentialAction":[{"@type":"SearchAction","target":{"@type":"EntryPoint","urlTemplate":"https:\/\/vosgesinfo.fr\/gerardmerinfo\/?s={search_term_string}"},"query-input":"required name=search_term_string"}],"inLanguage":"fr-FR"},{"@type":"Organization","@id":"https:\/\/vosgesinfo.fr\/gerardmerinfo\/#organization","name":"Gerardmer Info","url":"https:\/\/vosgesinfo.fr\/gerardmerinfo\/","logo":{"@type":"ImageObject","inLanguage":"fr-FR","@id":"https:\/\/vosgesinfo.fr\/gerardmerinfo\/#\/schema\/logo\/image\/","url":"https:\/\/vosgesinfo.fr\/app\/uploads\/sites\/6\/2023\/08\/favicon-gerardmerinfo.png","contentUrl":"https:\/\/vosgesinfo.fr\/app\/uploads\/sites\/6\/2023\/08\/favicon-gerardmerinfo.png","width":512,"height":512,"caption":"Gerardmer Info"},"image":{"@id":"https:\/\/vosgesinfo.fr\/gerardmerinfo\/#\/schema\/logo\/image\/"},"sameAs":["https:\/\/www.facebook.com\/profile.php?id=100049475262660","https:\/\/x.com\/VosgesInfo88","https:\/\/www.youtube.com\/@vosgesinfo"]},{"@type":"Person","@id":"https:\/\/vosgesinfo.fr\/gerardmerinfo\/#\/schema\/person\/27a3695b06db98895b354c0765cdfc31","name":"La redaction","image":{"@type":"ImageObject","inLanguage":"fr-FR","@id":"https:\/\/vosgesinfo.fr\/gerardmerinfo\/#\/schema\/person\/image\/","url":"https:\/\/secure.gravatar.com\/avatar\/64c76a78e501cedee55736f43f332df901e1896ae9cd8fad269ae2236dd0e8b6?s=96&d=mm&r=g","contentUrl":"https:\/\/secure.gravatar.com\/avatar\/64c76a78e501cedee55736f43f332df901e1896ae9cd8fad269ae2236dd0e8b6?s=96&d=mm&r=g","caption":"La redaction"},"url":"https:\/\/vosgesinfo.fr\/gerardmerinfo\/author\/la-redaction\/"}]}},"_links":{"self":[{"href":"https:\/\/vosgesinfo.fr\/gerardmerinfo\/wp-json\/wp\/v2\/posts\/85685","targetHints":{"allow":["GET"]}}],"collection":[{"href":"https:\/\/vosgesinfo.fr\/gerardmerinfo\/wp-json\/wp\/v2\/posts"}],"about":[{"href":"https:\/\/vosgesinfo.fr\/gerardmerinfo\/wp-json\/wp\/v2\/types\/post"}],"author":[{"embeddable":true,"href":"https:\/\/vosgesinfo.fr\/gerardmerinfo\/wp-json\/wp\/v2\/users\/391"}],"replies":[{"embeddable":true,"href":"https:\/\/vosgesinfo.fr\/gerardmerinfo\/wp-json\/wp\/v2\/comments?post=85685"}],"version-history":[{"count":1,"href":"https:\/\/vosgesinfo.fr\/gerardmerinfo\/wp-json\/wp\/v2\/posts\/85685\/revisions"}],"predecessor-version":[{"id":85687,"href":"https:\/\/vosgesinfo.fr\/gerardmerinfo\/wp-json\/wp\/v2\/posts\/85685\/revisions\/85687"}],"wp:featuredmedia":[{"embeddable":true,"href":"https:\/\/vosgesinfo.fr\/gerardmerinfo\/wp-json\/wp\/v2\/media\/319"}],"wp:attachment":[{"href":"https:\/\/vosgesinfo.fr\/gerardmerinfo\/wp-json\/wp\/v2\/media?parent=85685"}],"wp:term":[{"taxonomy":"category","embeddable":true,"href":"https:\/\/vosgesinfo.fr\/gerardmerinfo\/wp-json\/wp\/v2\/categories?post=85685"},{"taxonomy":"post_tag","embeddable":true,"href":"https:\/\/vosgesinfo.fr\/gerardmerinfo\/wp-json\/wp\/v2\/tags?post=85685"}],"curies":[{"name":"wp","href":"https:\/\/api.w.org\/{rel}","templated":true}]}}