{"id":85688,"date":"2025-12-11T10:35:15","date_gmt":"2025-12-11T09:35:15","guid":{"rendered":"https:\/\/vosgesinfo.fr\/gerardmerinfo\/?p=85688"},"modified":"2025-12-11T10:35:15","modified_gmt":"2025-12-11T09:35:15","slug":"la-ccghv-rejette-la-demande-de-subvention-exceptionnelle-en-faveur-de-vosges-tv","status":"publish","type":"post","link":"https:\/\/vosgesinfo.fr\/gerardmerinfo\/2025\/12\/la-ccghv-rejette-la-demande-de-subvention-exceptionnelle-en-faveur-de-vosges-tv\/","title":{"rendered":"La CCGHV rejette la demande de subvention exceptionnelle en faveur de Vosges TV"},"content":{"rendered":"<p data-start=\"77\" data-end=\"152\"><a href=\"https:\/\/vosgesinfo.fr\/app\/uploads\/sites\/6\/2025\/12\/ccghv-conseil-vote.jpg\"><img decoding=\"async\" class=\"aligncenter size-large wp-image-85689\" src=\"https:\/\/vosgesinfo.fr\/app\/uploads\/sites\/6\/2025\/12\/ccghv-conseil-vote-1024x768.jpg\" alt=\"\" width=\"1024\" height=\"768\" srcset=\"https:\/\/vosgesinfo.fr\/app\/uploads\/sites\/6\/2025\/12\/ccghv-conseil-vote-1024x768.jpg 1024w, https:\/\/vosgesinfo.fr\/app\/uploads\/sites\/6\/2025\/12\/ccghv-conseil-vote-300x225.jpg 300w, https:\/\/vosgesinfo.fr\/app\/uploads\/sites\/6\/2025\/12\/ccghv-conseil-vote-768x576.jpg 768w, https:\/\/vosgesinfo.fr\/app\/uploads\/sites\/6\/2025\/12\/ccghv-conseil-vote.jpg 1440w\" sizes=\"(max-width: 1024px) 100vw, 1024px\" \/><\/a><\/p>\n<p data-start=\"154\" data-end=\"559\">La Communaut\u00e9 de communes G\u00e9rardmer Hautes Vosges (CCGHV) a tranch\u00e9 ce mercredi soir lors de son conseil communautaire : la demande de subvention exceptionnelle de 8 000 euros formul\u00e9e par la cha\u00eene locale Vosges TV pour l\u2019ann\u00e9e 2025 ne sera pas accord\u00e9e.<br data-start=\"409\" data-end=\"412\" \/>Le vote, intervenu apr\u00e8s un tour de table nourri d\u2019interventions, s\u2019est sold\u00e9 par un rejet tr\u00e8s net : 23 voix contre, 4 voix pour et 2 abstentions.<\/p>\n<p data-start=\"561\" data-end=\"630\"><strong data-start=\"561\" data-end=\"630\">Un d\u00e9bat marqu\u00e9 par la question des comp\u00e9tences des collectivit\u00e9s<\/strong><\/p>\n<p data-start=\"632\" data-end=\"1007\">Plusieurs \u00e9lus ont rappel\u00e9 en pr\u00e9ambule qu\u2019ils estimaient que ce type de financement ne relevait pas des pr\u00e9rogatives de la communaut\u00e9 de communes.<br data-start=\"779\" data-end=\"782\" \/>Fr\u00e9d\u00e9ric Thomas, maire de Granges-Aumontzey, a ainsi exprim\u00e9 une position ferme : \u00ab On demande de plus en plus aux collectivit\u00e9s territoriales de combler des d\u00e9penses qui ne sont pas de leur ressort et de leurs comp\u00e9tences. \u00bb<\/p>\n<p data-start=\"1009\" data-end=\"1372\">Un avis partag\u00e9 par d\u2019autres membres du conseil, dont Charlotte Chalal, \u00e9lue g\u00e9r\u00f4moise, pour qui \u00ab ce n\u2019est pas notre r\u00f4le de financer la presse locale \u00bb. Nadine Bassi\u00e8re, de son c\u00f4t\u00e9, a soulign\u00e9 que la t\u00e9l\u00e9vision avait \u00e9t\u00e9 fond\u00e9e initialement \u00ab pour servir un territoire pr\u00e9cis \u00bb, laissant entendre que la charge financi\u00e8re ne devait pas \u00eatre \u00e9tendue \u00e0 d\u2019autres collectivit\u00e9s.<\/p>\n<p data-start=\"1374\" data-end=\"1434\"><strong data-start=\"1374\" data-end=\"1434\">Des voix favorables au nom de la solidarit\u00e9 territoriale<\/strong><\/p>\n<p data-start=\"1436\" data-end=\"1802\">Malgr\u00e9 la majorit\u00e9 oppos\u00e9e, quelques \u00e9lus ont d\u00e9fendu l\u2019id\u00e9e d\u2019un soutien ponctuel \u00e0 Vosges TV. John Voinson, maire du Valtin, s\u2019est ainsi prononc\u00e9 en faveur d\u2019un \u00ab geste de solidarit\u00e9 \u00bb, rappelant qu\u2019il s\u2019agissait d\u2019une demande exceptionnelle et que la cha\u00eene reste \u00ab la seule TV vosgienne, qui participe \u00e0 la visibilit\u00e9 du territoire \u00bb. Une position appuy\u00e9e par Damien Descoups, maire de Li\u00e9zey.<br data-start=\"1896\" data-end=\"1899\" \/>\u00c9ric Tisserand, maire de R\u00e9haupal a \u00e9galement pris la parole et a pour sa part \u00e9voqu\u00e9 \u00ab le risque de briser l\u2019\u00e9quit\u00e9 de traitement entre les m\u00e9dias, qui doivent \u00e9galement conserver leur libre arbitre \u00bb. Andr\u00e9 Jacquelin, \u00e9lu de G\u00e9rardmer, a exprim\u00e9 des r\u00e9serves similaires, rappelant \u00e0 son tour \u00ab une question de comp\u00e9tences et d\u2019\u00e9galit\u00e9 de traitement \u00bb, pr\u00e9cisant qu&rsquo;il voterait contre, ainsi que l&rsquo;\u00e9lue de son groupe Isabelle Vazart.<\/p>\n<p data-start=\"2199\" data-end=\"2275\"><strong data-start=\"2199\" data-end=\"2275\">La position du pr\u00e9sident : un avis d\u00e9favorable, d&rsquo;autant plus en p\u00e9riode pr\u00e9-\u00e9lectorale<\/strong><\/p>\n<p data-start=\"2277\" data-end=\"2624\">Le pr\u00e9sident de la CCGHV, Stessy Speissmann, s\u2019est lui aussi montr\u00e9 d\u00e9favorable \u00e0 l\u2019octroi de cette subvention. Il a estim\u00e9 que celle-ci ne s\u2019inscrivait ni dans les comp\u00e9tences ni dans les projets de la communaut\u00e9 de communes, ajoutant qu\u2019il lui semblait d\u00e9licat, \u00ab en tant que maire sortant, de subventionner un m\u00e9dia dans une p\u00e9riode si proche des \u00e9lections \u00bb. On notera qu&rsquo;\u00e0 l&rsquo;heure o\u00f9 nous r\u00e9digeons ses lignes, seule la CCGHV a rejet\u00e9 cette demande de subvention formul\u00e9e \u00e0 l&rsquo;ensemble des 10 communaut\u00e9s de communes des Vosges.<\/p>\n","protected":false},"excerpt":{"rendered":"<p>La Communaut\u00e9 de communes G\u00e9rardmer Hautes Vosges (CCGHV) a tranch\u00e9 ce mercredi soir lors de son conseil communautaire : la [&hellip;]<\/p>\n","protected":false},"author":42,"featured_media":85689,"comment_status":"closed","ping_status":"open","sticky":false,"template":"","format":"standard","meta":{"footnotes":""},"categories":[20,5,25,5647,10],"tags":[134,8078],"class_list":["post-85688","post","type-post","status-publish","format-standard","has-post-thumbnail","hentry","category-a-la-une","category-economie","category-gerardmer","category-gerardmer-autres-sites","category-politique","tag-ccghv","tag-vosges-tv"],"acf":[],"yoast_head":"<!-- This site is optimized with the Yoast SEO plugin v22.5 - https:\/\/yoast.com\/wordpress\/plugins\/seo\/ -->\n<title>La CCGHV rejette la demande de subvention exceptionnelle en faveur de Vosges TV - Gerardmer Info<\/title>\n<meta name=\"robots\" content=\"index, follow, max-snippet:-1, max-image-preview:large, max-video-preview:-1\" \/>\n<link rel=\"canonical\" href=\"https:\/\/vosgesinfo.fr\/gerardmerinfo\/?p=85688\" \/>\n<meta name=\"twitter:card\" content=\"summary_large_image\" \/>\n<meta name=\"twitter:title\" content=\"La CCGHV rejette la demande de subvention exceptionnelle en faveur de Vosges TV - Gerardmer Info\" \/>\n<meta name=\"twitter:description\" content=\"La Communaut\u00e9 de communes G\u00e9rardmer Hautes Vosges (CCGHV) a tranch\u00e9 ce mercredi soir lors de son conseil communautaire : la [&hellip;]\" \/>\n<meta name=\"twitter:image\" content=\"https:\/\/vosgesinfo.fr\/app\/uploads\/sites\/6\/2025\/12\/ccghv-conseil-vote-1024x768.jpg\" \/>\n<meta name=\"twitter:creator\" content=\"@VosgesInfo88\" \/>\n<meta name=\"twitter:site\" content=\"@VosgesInfo88\" \/>\n<meta name=\"twitter:label1\" content=\"\u00c9crit par\" \/>\n\t<meta name=\"twitter:data1\" content=\"QG\" \/>\n\t<meta name=\"twitter:label2\" content=\"Dur\u00e9e de lecture estim\u00e9e\" \/>\n\t<meta name=\"twitter:data2\" content=\"2 minutes\" \/>\n<script type=\"application\/ld+json\" class=\"yoast-schema-graph\">{\"@context\":\"https:\/\/schema.org\",\"@graph\":[{\"@type\":\"Article\",\"@id\":\"https:\/\/vosgesinfo.fr\/gerardmerinfo\/?p=85688#article\",\"isPartOf\":{\"@id\":\"https:\/\/vosgesinfo.fr\/gerardmerinfo\/?p=85688\"},\"author\":{\"name\":\"QG\",\"@id\":\"https:\/\/vosgesinfo.fr\/gerardmerinfo\/#\/schema\/person\/db5605779a843dad16b5368f3e7613a5\"},\"headline\":\"La CCGHV rejette la demande de subvention exceptionnelle en faveur de Vosges TV\",\"datePublished\":\"2025-12-11T09:35:15+00:00\",\"dateModified\":\"2025-12-11T09:35:15+00:00\",\"mainEntityOfPage\":{\"@id\":\"https:\/\/vosgesinfo.fr\/gerardmerinfo\/?p=85688\"},\"wordCount\":506,\"publisher\":{\"@id\":\"https:\/\/vosgesinfo.fr\/gerardmerinfo\/#organization\"},\"image\":{\"@id\":\"https:\/\/vosgesinfo.fr\/gerardmerinfo\/?p=85688#primaryimage\"},\"thumbnailUrl\":\"https:\/\/vosgesinfo.fr\/app\/uploads\/sites\/6\/2025\/12\/ccghv-conseil-vote.jpg\",\"keywords\":[\"CCGHV\",\"Vosges TV\"],\"articleSection\":[\"A la une\",\"\u00c9conomie\",\"G\u00e9rardmer\",\"Gerardmer\",\"Politique\"],\"inLanguage\":\"fr-FR\"},{\"@type\":\"WebPage\",\"@id\":\"https:\/\/vosgesinfo.fr\/gerardmerinfo\/?p=85688\",\"url\":\"https:\/\/vosgesinfo.fr\/gerardmerinfo\/?p=85688\",\"name\":\"La CCGHV rejette la demande de subvention exceptionnelle en faveur de Vosges TV - Gerardmer Info\",\"isPartOf\":{\"@id\":\"https:\/\/vosgesinfo.fr\/gerardmerinfo\/#website\"},\"primaryImageOfPage\":{\"@id\":\"https:\/\/vosgesinfo.fr\/gerardmerinfo\/?p=85688#primaryimage\"},\"image\":{\"@id\":\"https:\/\/vosgesinfo.fr\/gerardmerinfo\/?p=85688#primaryimage\"},\"thumbnailUrl\":\"https:\/\/vosgesinfo.fr\/app\/uploads\/sites\/6\/2025\/12\/ccghv-conseil-vote.jpg\",\"datePublished\":\"2025-12-11T09:35:15+00:00\",\"dateModified\":\"2025-12-11T09:35:15+00:00\",\"breadcrumb\":{\"@id\":\"https:\/\/vosgesinfo.fr\/gerardmerinfo\/?p=85688#breadcrumb\"},\"inLanguage\":\"fr-FR\",\"potentialAction\":[{\"@type\":\"ReadAction\",\"target\":[\"https:\/\/vosgesinfo.fr\/gerardmerinfo\/?p=85688\"]}]},{\"@type\":\"ImageObject\",\"inLanguage\":\"fr-FR\",\"@id\":\"https:\/\/vosgesinfo.fr\/gerardmerinfo\/?p=85688#primaryimage\",\"url\":\"https:\/\/vosgesinfo.fr\/app\/uploads\/sites\/6\/2025\/12\/ccghv-conseil-vote.jpg\",\"contentUrl\":\"https:\/\/vosgesinfo.fr\/app\/uploads\/sites\/6\/2025\/12\/ccghv-conseil-vote.jpg\",\"width\":1440,\"height\":1080},{\"@type\":\"BreadcrumbList\",\"@id\":\"https:\/\/vosgesinfo.fr\/gerardmerinfo\/?p=85688#breadcrumb\",\"itemListElement\":[{\"@type\":\"ListItem\",\"position\":1,\"name\":\"Home\",\"item\":\"https:\/\/vosgesinfo.fr\/gerardmerinfo\/\"},{\"@type\":\"ListItem\",\"position\":2,\"name\":\"La CCGHV rejette la demande de subvention exceptionnelle en faveur de Vosges TV\"}]},{\"@type\":\"WebSite\",\"@id\":\"https:\/\/vosgesinfo.fr\/gerardmerinfo\/#website\",\"url\":\"https:\/\/vosgesinfo.fr\/gerardmerinfo\/\",\"name\":\"Gerardmer Info\",\"description\":\"Toute l&#039;actualit\u00e9 de G\u00e9rardmer\",\"publisher\":{\"@id\":\"https:\/\/vosgesinfo.fr\/gerardmerinfo\/#organization\"},\"alternateName\":\"Toute l'actualit\u00e9 de G\u00e9rardmer\",\"potentialAction\":[{\"@type\":\"SearchAction\",\"target\":{\"@type\":\"EntryPoint\",\"urlTemplate\":\"https:\/\/vosgesinfo.fr\/gerardmerinfo\/?s={search_term_string}\"},\"query-input\":\"required name=search_term_string\"}],\"inLanguage\":\"fr-FR\"},{\"@type\":\"Organization\",\"@id\":\"https:\/\/vosgesinfo.fr\/gerardmerinfo\/#organization\",\"name\":\"Gerardmer Info\",\"url\":\"https:\/\/vosgesinfo.fr\/gerardmerinfo\/\",\"logo\":{\"@type\":\"ImageObject\",\"inLanguage\":\"fr-FR\",\"@id\":\"https:\/\/vosgesinfo.fr\/gerardmerinfo\/#\/schema\/logo\/image\/\",\"url\":\"https:\/\/vosgesinfo.fr\/app\/uploads\/sites\/6\/2023\/08\/favicon-gerardmerinfo.png\",\"contentUrl\":\"https:\/\/vosgesinfo.fr\/app\/uploads\/sites\/6\/2023\/08\/favicon-gerardmerinfo.png\",\"width\":512,\"height\":512,\"caption\":\"Gerardmer Info\"},\"image\":{\"@id\":\"https:\/\/vosgesinfo.fr\/gerardmerinfo\/#\/schema\/logo\/image\/\"},\"sameAs\":[\"https:\/\/www.facebook.com\/profile.php?id=100049475262660\",\"https:\/\/x.com\/VosgesInfo88\",\"https:\/\/www.youtube.com\/@vosgesinfo\"]},{\"@type\":\"Person\",\"@id\":\"https:\/\/vosgesinfo.fr\/gerardmerinfo\/#\/schema\/person\/db5605779a843dad16b5368f3e7613a5\",\"name\":\"QG\",\"image\":{\"@type\":\"ImageObject\",\"inLanguage\":\"fr-FR\",\"@id\":\"https:\/\/vosgesinfo.fr\/gerardmerinfo\/#\/schema\/person\/image\/\",\"url\":\"https:\/\/secure.gravatar.com\/avatar\/ea80c42c204b534408512832fde52504ecabb9706bcb6151cf6175e5b64e6793?s=96&d=mm&r=g\",\"contentUrl\":\"https:\/\/secure.gravatar.com\/avatar\/ea80c42c204b534408512832fde52504ecabb9706bcb6151cf6175e5b64e6793?s=96&d=mm&r=g\",\"caption\":\"QG\"},\"url\":\"https:\/\/vosgesinfo.fr\/gerardmerinfo\/author\/quentin88\/\"}]}<\/script>\n<!-- \/ Yoast SEO plugin. -->","yoast_head_json":{"title":"La CCGHV rejette la demande de subvention exceptionnelle en faveur de Vosges TV - Gerardmer Info","robots":{"index":"index","follow":"follow","max-snippet":"max-snippet:-1","max-image-preview":"max-image-preview:large","max-video-preview":"max-video-preview:-1"},"canonical":"https:\/\/vosgesinfo.fr\/gerardmerinfo\/?p=85688","twitter_card":"summary_large_image","twitter_title":"La CCGHV rejette la demande de subvention exceptionnelle en faveur de Vosges TV - Gerardmer Info","twitter_description":"La Communaut\u00e9 de communes G\u00e9rardmer Hautes Vosges (CCGHV) a tranch\u00e9 ce mercredi soir lors de son conseil communautaire : la [&hellip;]","twitter_image":"https:\/\/vosgesinfo.fr\/app\/uploads\/sites\/6\/2025\/12\/ccghv-conseil-vote-1024x768.jpg","twitter_creator":"@VosgesInfo88","twitter_site":"@VosgesInfo88","twitter_misc":{"\u00c9crit par":"QG","Dur\u00e9e de lecture estim\u00e9e":"2 minutes"},"schema":{"@context":"https:\/\/schema.org","@graph":[{"@type":"Article","@id":"https:\/\/vosgesinfo.fr\/gerardmerinfo\/?p=85688#article","isPartOf":{"@id":"https:\/\/vosgesinfo.fr\/gerardmerinfo\/?p=85688"},"author":{"name":"QG","@id":"https:\/\/vosgesinfo.fr\/gerardmerinfo\/#\/schema\/person\/db5605779a843dad16b5368f3e7613a5"},"headline":"La CCGHV rejette la demande de subvention exceptionnelle en faveur de Vosges TV","datePublished":"2025-12-11T09:35:15+00:00","dateModified":"2025-12-11T09:35:15+00:00","mainEntityOfPage":{"@id":"https:\/\/vosgesinfo.fr\/gerardmerinfo\/?p=85688"},"wordCount":506,"publisher":{"@id":"https:\/\/vosgesinfo.fr\/gerardmerinfo\/#organization"},"image":{"@id":"https:\/\/vosgesinfo.fr\/gerardmerinfo\/?p=85688#primaryimage"},"thumbnailUrl":"https:\/\/vosgesinfo.fr\/app\/uploads\/sites\/6\/2025\/12\/ccghv-conseil-vote.jpg","keywords":["CCGHV","Vosges TV"],"articleSection":["A la une","\u00c9conomie","G\u00e9rardmer","Gerardmer","Politique"],"inLanguage":"fr-FR"},{"@type":"WebPage","@id":"https:\/\/vosgesinfo.fr\/gerardmerinfo\/?p=85688","url":"https:\/\/vosgesinfo.fr\/gerardmerinfo\/?p=85688","name":"La CCGHV rejette la demande de subvention exceptionnelle en faveur de Vosges TV - Gerardmer Info","isPartOf":{"@id":"https:\/\/vosgesinfo.fr\/gerardmerinfo\/#website"},"primaryImageOfPage":{"@id":"https:\/\/vosgesinfo.fr\/gerardmerinfo\/?p=85688#primaryimage"},"image":{"@id":"https:\/\/vosgesinfo.fr\/gerardmerinfo\/?p=85688#primaryimage"},"thumbnailUrl":"https:\/\/vosgesinfo.fr\/app\/uploads\/sites\/6\/2025\/12\/ccghv-conseil-vote.jpg","datePublished":"2025-12-11T09:35:15+00:00","dateModified":"2025-12-11T09:35:15+00:00","breadcrumb":{"@id":"https:\/\/vosgesinfo.fr\/gerardmerinfo\/?p=85688#breadcrumb"},"inLanguage":"fr-FR","potentialAction":[{"@type":"ReadAction","target":["https:\/\/vosgesinfo.fr\/gerardmerinfo\/?p=85688"]}]},{"@type":"ImageObject","inLanguage":"fr-FR","@id":"https:\/\/vosgesinfo.fr\/gerardmerinfo\/?p=85688#primaryimage","url":"https:\/\/vosgesinfo.fr\/app\/uploads\/sites\/6\/2025\/12\/ccghv-conseil-vote.jpg","contentUrl":"https:\/\/vosgesinfo.fr\/app\/uploads\/sites\/6\/2025\/12\/ccghv-conseil-vote.jpg","width":1440,"height":1080},{"@type":"BreadcrumbList","@id":"https:\/\/vosgesinfo.fr\/gerardmerinfo\/?p=85688#breadcrumb","itemListElement":[{"@type":"ListItem","position":1,"name":"Home","item":"https:\/\/vosgesinfo.fr\/gerardmerinfo\/"},{"@type":"ListItem","position":2,"name":"La CCGHV rejette la demande de subvention exceptionnelle en faveur de Vosges TV"}]},{"@type":"WebSite","@id":"https:\/\/vosgesinfo.fr\/gerardmerinfo\/#website","url":"https:\/\/vosgesinfo.fr\/gerardmerinfo\/","name":"Gerardmer Info","description":"Toute l&#039;actualit\u00e9 de G\u00e9rardmer","publisher":{"@id":"https:\/\/vosgesinfo.fr\/gerardmerinfo\/#organization"},"alternateName":"Toute l'actualit\u00e9 de G\u00e9rardmer","potentialAction":[{"@type":"SearchAction","target":{"@type":"EntryPoint","urlTemplate":"https:\/\/vosgesinfo.fr\/gerardmerinfo\/?s={search_term_string}"},"query-input":"required name=search_term_string"}],"inLanguage":"fr-FR"},{"@type":"Organization","@id":"https:\/\/vosgesinfo.fr\/gerardmerinfo\/#organization","name":"Gerardmer Info","url":"https:\/\/vosgesinfo.fr\/gerardmerinfo\/","logo":{"@type":"ImageObject","inLanguage":"fr-FR","@id":"https:\/\/vosgesinfo.fr\/gerardmerinfo\/#\/schema\/logo\/image\/","url":"https:\/\/vosgesinfo.fr\/app\/uploads\/sites\/6\/2023\/08\/favicon-gerardmerinfo.png","contentUrl":"https:\/\/vosgesinfo.fr\/app\/uploads\/sites\/6\/2023\/08\/favicon-gerardmerinfo.png","width":512,"height":512,"caption":"Gerardmer Info"},"image":{"@id":"https:\/\/vosgesinfo.fr\/gerardmerinfo\/#\/schema\/logo\/image\/"},"sameAs":["https:\/\/www.facebook.com\/profile.php?id=100049475262660","https:\/\/x.com\/VosgesInfo88","https:\/\/www.youtube.com\/@vosgesinfo"]},{"@type":"Person","@id":"https:\/\/vosgesinfo.fr\/gerardmerinfo\/#\/schema\/person\/db5605779a843dad16b5368f3e7613a5","name":"QG","image":{"@type":"ImageObject","inLanguage":"fr-FR","@id":"https:\/\/vosgesinfo.fr\/gerardmerinfo\/#\/schema\/person\/image\/","url":"https:\/\/secure.gravatar.com\/avatar\/ea80c42c204b534408512832fde52504ecabb9706bcb6151cf6175e5b64e6793?s=96&d=mm&r=g","contentUrl":"https:\/\/secure.gravatar.com\/avatar\/ea80c42c204b534408512832fde52504ecabb9706bcb6151cf6175e5b64e6793?s=96&d=mm&r=g","caption":"QG"},"url":"https:\/\/vosgesinfo.fr\/gerardmerinfo\/author\/quentin88\/"}]}},"_links":{"self":[{"href":"https:\/\/vosgesinfo.fr\/gerardmerinfo\/wp-json\/wp\/v2\/posts\/85688","targetHints":{"allow":["GET"]}}],"collection":[{"href":"https:\/\/vosgesinfo.fr\/gerardmerinfo\/wp-json\/wp\/v2\/posts"}],"about":[{"href":"https:\/\/vosgesinfo.fr\/gerardmerinfo\/wp-json\/wp\/v2\/types\/post"}],"author":[{"embeddable":true,"href":"https:\/\/vosgesinfo.fr\/gerardmerinfo\/wp-json\/wp\/v2\/users\/42"}],"replies":[{"embeddable":true,"href":"https:\/\/vosgesinfo.fr\/gerardmerinfo\/wp-json\/wp\/v2\/comments?post=85688"}],"version-history":[{"count":1,"href":"https:\/\/vosgesinfo.fr\/gerardmerinfo\/wp-json\/wp\/v2\/posts\/85688\/revisions"}],"predecessor-version":[{"id":85690,"href":"https:\/\/vosgesinfo.fr\/gerardmerinfo\/wp-json\/wp\/v2\/posts\/85688\/revisions\/85690"}],"wp:featuredmedia":[{"embeddable":true,"href":"https:\/\/vosgesinfo.fr\/gerardmerinfo\/wp-json\/wp\/v2\/media\/85689"}],"wp:attachment":[{"href":"https:\/\/vosgesinfo.fr\/gerardmerinfo\/wp-json\/wp\/v2\/media?parent=85688"}],"wp:term":[{"taxonomy":"category","embeddable":true,"href":"https:\/\/vosgesinfo.fr\/gerardmerinfo\/wp-json\/wp\/v2\/categories?post=85688"},{"taxonomy":"post_tag","embeddable":true,"href":"https:\/\/vosgesinfo.fr\/gerardmerinfo\/wp-json\/wp\/v2\/tags?post=85688"}],"curies":[{"name":"wp","href":"https:\/\/api.w.org\/{rel}","templated":true}]}}