{"id":85691,"date":"2025-12-11T12:15:30","date_gmt":"2025-12-11T11:15:30","guid":{"rendered":"https:\/\/vosgesinfo.fr\/gerardmerinfo\/?p=85691"},"modified":"2025-12-11T11:22:26","modified_gmt":"2025-12-11T10:22:26","slug":"voie-verte-signature-dune-convention-doccupation-temporaire-avec-la-sncf","status":"publish","type":"post","link":"https:\/\/vosgesinfo.fr\/gerardmerinfo\/2025\/12\/voie-verte-signature-dune-convention-doccupation-temporaire-avec-la-sncf\/","title":{"rendered":"Voie Verte &#8211; signature d&rsquo;une convention d&rsquo;occupation temporaire avec la SNCF"},"content":{"rendered":"<p>Mercredi soir, les \u00e9lus de la communaut\u00e9s de communes G\u00e9rardmer Hautes Vosges \u00e9taient appel\u00e9 \u00e0 se prononcer sur la signature dune convention d&rsquo;occupation temporaire avec la SNCF pour la ligne Bruy\u00e8res-G\u00e9rardmer, et ce en vue de la cr\u00e9ation d&rsquo;une liaison douce. Convention qui liera la SNCF \u00e0 la CCGHV et \u00e0 la communaut\u00e9 de communes Bruy\u00e8res Vallons des Vosges.<\/p>\n<p>Comme l&rsquo;a rappel\u00e9 John Voinson, vice-pr\u00e9sident en charge de l&rsquo;am\u00e9nagement du territoire, il s&rsquo;agit d&rsquo;une autorisation d\u2019occupation temporaire pour les \u00e9tudes environnementales avant de proc\u00e9der au transfert de gestion des d\u00e9pendances concern\u00e9es au profit des collectivit\u00e9s publiques pour satisfaire leurs propres missions de service public. Une nouvelle \u00e9tape dans la cr\u00e9ation d&rsquo;une voie verte, qui devrait \u00eatre suivie en 2026 par une convention de transfert de gestion afin d&rsquo;autoriser le lancement des travaux.<\/p>\n","protected":false},"excerpt":{"rendered":"<p>Mercredi soir, les \u00e9lus de la communaut\u00e9s de communes G\u00e9rardmer Hautes Vosges \u00e9taient appel\u00e9 \u00e0 se prononcer sur la signature [&hellip;]<\/p>\n","protected":false},"author":391,"featured_media":13108,"comment_status":"open","ping_status":"open","sticky":false,"template":"","format":"standard","meta":{"footnotes":""},"categories":[20,25,5647,16],"tags":[],"class_list":["post-85691","post","type-post","status-publish","format-standard","has-post-thumbnail","hentry","category-a-la-une","category-gerardmer","category-gerardmer-autres-sites","category-urbanisme"],"acf":[],"yoast_head":"<!-- This site is optimized with the Yoast SEO plugin v22.5 - https:\/\/yoast.com\/wordpress\/plugins\/seo\/ -->\n<title>Voie Verte - signature d&#039;une convention d&#039;occupation temporaire avec la SNCF - Gerardmer Info<\/title>\n<meta name=\"robots\" content=\"index, follow, max-snippet:-1, max-image-preview:large, max-video-preview:-1\" \/>\n<link rel=\"canonical\" href=\"https:\/\/vosgesinfo.fr\/gerardmerinfo\/2025\/12\/voie-verte-signature-dune-convention-doccupation-temporaire-avec-la-sncf\/\" \/>\n<meta name=\"twitter:card\" content=\"summary_large_image\" \/>\n<meta name=\"twitter:title\" content=\"Voie Verte - signature d&#039;une convention d&#039;occupation temporaire avec la SNCF - Gerardmer Info\" \/>\n<meta name=\"twitter:description\" content=\"Mercredi soir, les \u00e9lus de la communaut\u00e9s de communes G\u00e9rardmer Hautes Vosges \u00e9taient appel\u00e9 \u00e0 se prononcer sur la signature [&hellip;]\" \/>\n<meta name=\"twitter:image\" content=\"https:\/\/vosgesinfo.fr\/app\/uploads\/sites\/6\/2024\/07\/liaison-douce-gerardmer-bruyeres-visite-de-site-evelines-kertoff-4-scaled.jpg\" \/>\n<meta name=\"twitter:creator\" content=\"@VosgesInfo88\" \/>\n<meta name=\"twitter:site\" content=\"@VosgesInfo88\" \/>\n<meta name=\"twitter:label1\" content=\"\u00c9crit par\" \/>\n\t<meta name=\"twitter:data1\" content=\"La redaction\" \/>\n\t<meta name=\"twitter:label2\" content=\"Dur\u00e9e de lecture estim\u00e9e\" \/>\n\t<meta name=\"twitter:data2\" content=\"1 minute\" \/>\n<script type=\"application\/ld+json\" class=\"yoast-schema-graph\">{\"@context\":\"https:\/\/schema.org\",\"@graph\":[{\"@type\":\"Article\",\"@id\":\"https:\/\/vosgesinfo.fr\/gerardmerinfo\/2025\/12\/voie-verte-signature-dune-convention-doccupation-temporaire-avec-la-sncf\/#article\",\"isPartOf\":{\"@id\":\"https:\/\/vosgesinfo.fr\/gerardmerinfo\/2025\/12\/voie-verte-signature-dune-convention-doccupation-temporaire-avec-la-sncf\/\"},\"author\":{\"name\":\"La redaction\",\"@id\":\"https:\/\/vosgesinfo.fr\/gerardmerinfo\/#\/schema\/person\/27a3695b06db98895b354c0765cdfc31\"},\"headline\":\"Voie Verte &#8211; signature d&rsquo;une convention d&rsquo;occupation temporaire avec la SNCF\",\"datePublished\":\"2025-12-11T11:15:30+00:00\",\"dateModified\":\"2025-12-11T10:22:26+00:00\",\"mainEntityOfPage\":{\"@id\":\"https:\/\/vosgesinfo.fr\/gerardmerinfo\/2025\/12\/voie-verte-signature-dune-convention-doccupation-temporaire-avec-la-sncf\/\"},\"wordCount\":163,\"commentCount\":0,\"publisher\":{\"@id\":\"https:\/\/vosgesinfo.fr\/gerardmerinfo\/#organization\"},\"image\":{\"@id\":\"https:\/\/vosgesinfo.fr\/gerardmerinfo\/2025\/12\/voie-verte-signature-dune-convention-doccupation-temporaire-avec-la-sncf\/#primaryimage\"},\"thumbnailUrl\":\"https:\/\/vosgesinfo.fr\/app\/uploads\/sites\/6\/2024\/07\/liaison-douce-gerardmer-bruyeres-visite-de-site-evelines-kertoff-4-scaled.jpg\",\"articleSection\":[\"A la une\",\"G\u00e9rardmer\",\"Gerardmer\",\"Urbanisme\"],\"inLanguage\":\"fr-FR\",\"potentialAction\":[{\"@type\":\"CommentAction\",\"name\":\"Comment\",\"target\":[\"https:\/\/vosgesinfo.fr\/gerardmerinfo\/2025\/12\/voie-verte-signature-dune-convention-doccupation-temporaire-avec-la-sncf\/#respond\"]}]},{\"@type\":\"WebPage\",\"@id\":\"https:\/\/vosgesinfo.fr\/gerardmerinfo\/2025\/12\/voie-verte-signature-dune-convention-doccupation-temporaire-avec-la-sncf\/\",\"url\":\"https:\/\/vosgesinfo.fr\/gerardmerinfo\/2025\/12\/voie-verte-signature-dune-convention-doccupation-temporaire-avec-la-sncf\/\",\"name\":\"Voie Verte - signature d'une convention d'occupation temporaire avec la SNCF - Gerardmer Info\",\"isPartOf\":{\"@id\":\"https:\/\/vosgesinfo.fr\/gerardmerinfo\/#website\"},\"primaryImageOfPage\":{\"@id\":\"https:\/\/vosgesinfo.fr\/gerardmerinfo\/2025\/12\/voie-verte-signature-dune-convention-doccupation-temporaire-avec-la-sncf\/#primaryimage\"},\"image\":{\"@id\":\"https:\/\/vosgesinfo.fr\/gerardmerinfo\/2025\/12\/voie-verte-signature-dune-convention-doccupation-temporaire-avec-la-sncf\/#primaryimage\"},\"thumbnailUrl\":\"https:\/\/vosgesinfo.fr\/app\/uploads\/sites\/6\/2024\/07\/liaison-douce-gerardmer-bruyeres-visite-de-site-evelines-kertoff-4-scaled.jpg\",\"datePublished\":\"2025-12-11T11:15:30+00:00\",\"dateModified\":\"2025-12-11T10:22:26+00:00\",\"breadcrumb\":{\"@id\":\"https:\/\/vosgesinfo.fr\/gerardmerinfo\/2025\/12\/voie-verte-signature-dune-convention-doccupation-temporaire-avec-la-sncf\/#breadcrumb\"},\"inLanguage\":\"fr-FR\",\"potentialAction\":[{\"@type\":\"ReadAction\",\"target\":[\"https:\/\/vosgesinfo.fr\/gerardmerinfo\/2025\/12\/voie-verte-signature-dune-convention-doccupation-temporaire-avec-la-sncf\/\"]}]},{\"@type\":\"ImageObject\",\"inLanguage\":\"fr-FR\",\"@id\":\"https:\/\/vosgesinfo.fr\/gerardmerinfo\/2025\/12\/voie-verte-signature-dune-convention-doccupation-temporaire-avec-la-sncf\/#primaryimage\",\"url\":\"https:\/\/vosgesinfo.fr\/app\/uploads\/sites\/6\/2024\/07\/liaison-douce-gerardmer-bruyeres-visite-de-site-evelines-kertoff-4-scaled.jpg\",\"contentUrl\":\"https:\/\/vosgesinfo.fr\/app\/uploads\/sites\/6\/2024\/07\/liaison-douce-gerardmer-bruyeres-visite-de-site-evelines-kertoff-4-scaled.jpg\",\"width\":2560,\"height\":1707},{\"@type\":\"BreadcrumbList\",\"@id\":\"https:\/\/vosgesinfo.fr\/gerardmerinfo\/2025\/12\/voie-verte-signature-dune-convention-doccupation-temporaire-avec-la-sncf\/#breadcrumb\",\"itemListElement\":[{\"@type\":\"ListItem\",\"position\":1,\"name\":\"Home\",\"item\":\"https:\/\/vosgesinfo.fr\/gerardmerinfo\/\"},{\"@type\":\"ListItem\",\"position\":2,\"name\":\"Voie Verte &#8211; signature d&rsquo;une convention d&rsquo;occupation temporaire avec la SNCF\"}]},{\"@type\":\"WebSite\",\"@id\":\"https:\/\/vosgesinfo.fr\/gerardmerinfo\/#website\",\"url\":\"https:\/\/vosgesinfo.fr\/gerardmerinfo\/\",\"name\":\"Gerardmer Info\",\"description\":\"Toute l&#039;actualit\u00e9 de G\u00e9rardmer\",\"publisher\":{\"@id\":\"https:\/\/vosgesinfo.fr\/gerardmerinfo\/#organization\"},\"alternateName\":\"Toute l'actualit\u00e9 de G\u00e9rardmer\",\"potentialAction\":[{\"@type\":\"SearchAction\",\"target\":{\"@type\":\"EntryPoint\",\"urlTemplate\":\"https:\/\/vosgesinfo.fr\/gerardmerinfo\/?s={search_term_string}\"},\"query-input\":\"required name=search_term_string\"}],\"inLanguage\":\"fr-FR\"},{\"@type\":\"Organization\",\"@id\":\"https:\/\/vosgesinfo.fr\/gerardmerinfo\/#organization\",\"name\":\"Gerardmer Info\",\"url\":\"https:\/\/vosgesinfo.fr\/gerardmerinfo\/\",\"logo\":{\"@type\":\"ImageObject\",\"inLanguage\":\"fr-FR\",\"@id\":\"https:\/\/vosgesinfo.fr\/gerardmerinfo\/#\/schema\/logo\/image\/\",\"url\":\"https:\/\/vosgesinfo.fr\/app\/uploads\/sites\/6\/2023\/08\/favicon-gerardmerinfo.png\",\"contentUrl\":\"https:\/\/vosgesinfo.fr\/app\/uploads\/sites\/6\/2023\/08\/favicon-gerardmerinfo.png\",\"width\":512,\"height\":512,\"caption\":\"Gerardmer Info\"},\"image\":{\"@id\":\"https:\/\/vosgesinfo.fr\/gerardmerinfo\/#\/schema\/logo\/image\/\"},\"sameAs\":[\"https:\/\/www.facebook.com\/profile.php?id=100049475262660\",\"https:\/\/x.com\/VosgesInfo88\",\"https:\/\/www.youtube.com\/@vosgesinfo\"]},{\"@type\":\"Person\",\"@id\":\"https:\/\/vosgesinfo.fr\/gerardmerinfo\/#\/schema\/person\/27a3695b06db98895b354c0765cdfc31\",\"name\":\"La redaction\",\"image\":{\"@type\":\"ImageObject\",\"inLanguage\":\"fr-FR\",\"@id\":\"https:\/\/vosgesinfo.fr\/gerardmerinfo\/#\/schema\/person\/image\/\",\"url\":\"https:\/\/secure.gravatar.com\/avatar\/64c76a78e501cedee55736f43f332df901e1896ae9cd8fad269ae2236dd0e8b6?s=96&d=mm&r=g\",\"contentUrl\":\"https:\/\/secure.gravatar.com\/avatar\/64c76a78e501cedee55736f43f332df901e1896ae9cd8fad269ae2236dd0e8b6?s=96&d=mm&r=g\",\"caption\":\"La redaction\"},\"url\":\"https:\/\/vosgesinfo.fr\/gerardmerinfo\/author\/la-redaction\/\"}]}<\/script>\n<!-- \/ Yoast SEO plugin. -->","yoast_head_json":{"title":"Voie Verte - signature d'une convention d'occupation temporaire avec la SNCF - Gerardmer Info","robots":{"index":"index","follow":"follow","max-snippet":"max-snippet:-1","max-image-preview":"max-image-preview:large","max-video-preview":"max-video-preview:-1"},"canonical":"https:\/\/vosgesinfo.fr\/gerardmerinfo\/2025\/12\/voie-verte-signature-dune-convention-doccupation-temporaire-avec-la-sncf\/","twitter_card":"summary_large_image","twitter_title":"Voie Verte - signature d'une convention d'occupation temporaire avec la SNCF - Gerardmer Info","twitter_description":"Mercredi soir, les \u00e9lus de la communaut\u00e9s de communes G\u00e9rardmer Hautes Vosges \u00e9taient appel\u00e9 \u00e0 se prononcer sur la signature [&hellip;]","twitter_image":"https:\/\/vosgesinfo.fr\/app\/uploads\/sites\/6\/2024\/07\/liaison-douce-gerardmer-bruyeres-visite-de-site-evelines-kertoff-4-scaled.jpg","twitter_creator":"@VosgesInfo88","twitter_site":"@VosgesInfo88","twitter_misc":{"\u00c9crit par":"La redaction","Dur\u00e9e de lecture estim\u00e9e":"1 minute"},"schema":{"@context":"https:\/\/schema.org","@graph":[{"@type":"Article","@id":"https:\/\/vosgesinfo.fr\/gerardmerinfo\/2025\/12\/voie-verte-signature-dune-convention-doccupation-temporaire-avec-la-sncf\/#article","isPartOf":{"@id":"https:\/\/vosgesinfo.fr\/gerardmerinfo\/2025\/12\/voie-verte-signature-dune-convention-doccupation-temporaire-avec-la-sncf\/"},"author":{"name":"La redaction","@id":"https:\/\/vosgesinfo.fr\/gerardmerinfo\/#\/schema\/person\/27a3695b06db98895b354c0765cdfc31"},"headline":"Voie Verte &#8211; signature d&rsquo;une convention d&rsquo;occupation temporaire avec la SNCF","datePublished":"2025-12-11T11:15:30+00:00","dateModified":"2025-12-11T10:22:26+00:00","mainEntityOfPage":{"@id":"https:\/\/vosgesinfo.fr\/gerardmerinfo\/2025\/12\/voie-verte-signature-dune-convention-doccupation-temporaire-avec-la-sncf\/"},"wordCount":163,"commentCount":0,"publisher":{"@id":"https:\/\/vosgesinfo.fr\/gerardmerinfo\/#organization"},"image":{"@id":"https:\/\/vosgesinfo.fr\/gerardmerinfo\/2025\/12\/voie-verte-signature-dune-convention-doccupation-temporaire-avec-la-sncf\/#primaryimage"},"thumbnailUrl":"https:\/\/vosgesinfo.fr\/app\/uploads\/sites\/6\/2024\/07\/liaison-douce-gerardmer-bruyeres-visite-de-site-evelines-kertoff-4-scaled.jpg","articleSection":["A la une","G\u00e9rardmer","Gerardmer","Urbanisme"],"inLanguage":"fr-FR","potentialAction":[{"@type":"CommentAction","name":"Comment","target":["https:\/\/vosgesinfo.fr\/gerardmerinfo\/2025\/12\/voie-verte-signature-dune-convention-doccupation-temporaire-avec-la-sncf\/#respond"]}]},{"@type":"WebPage","@id":"https:\/\/vosgesinfo.fr\/gerardmerinfo\/2025\/12\/voie-verte-signature-dune-convention-doccupation-temporaire-avec-la-sncf\/","url":"https:\/\/vosgesinfo.fr\/gerardmerinfo\/2025\/12\/voie-verte-signature-dune-convention-doccupation-temporaire-avec-la-sncf\/","name":"Voie Verte - signature d'une convention d'occupation temporaire avec la SNCF - Gerardmer Info","isPartOf":{"@id":"https:\/\/vosgesinfo.fr\/gerardmerinfo\/#website"},"primaryImageOfPage":{"@id":"https:\/\/vosgesinfo.fr\/gerardmerinfo\/2025\/12\/voie-verte-signature-dune-convention-doccupation-temporaire-avec-la-sncf\/#primaryimage"},"image":{"@id":"https:\/\/vosgesinfo.fr\/gerardmerinfo\/2025\/12\/voie-verte-signature-dune-convention-doccupation-temporaire-avec-la-sncf\/#primaryimage"},"thumbnailUrl":"https:\/\/vosgesinfo.fr\/app\/uploads\/sites\/6\/2024\/07\/liaison-douce-gerardmer-bruyeres-visite-de-site-evelines-kertoff-4-scaled.jpg","datePublished":"2025-12-11T11:15:30+00:00","dateModified":"2025-12-11T10:22:26+00:00","breadcrumb":{"@id":"https:\/\/vosgesinfo.fr\/gerardmerinfo\/2025\/12\/voie-verte-signature-dune-convention-doccupation-temporaire-avec-la-sncf\/#breadcrumb"},"inLanguage":"fr-FR","potentialAction":[{"@type":"ReadAction","target":["https:\/\/vosgesinfo.fr\/gerardmerinfo\/2025\/12\/voie-verte-signature-dune-convention-doccupation-temporaire-avec-la-sncf\/"]}]},{"@type":"ImageObject","inLanguage":"fr-FR","@id":"https:\/\/vosgesinfo.fr\/gerardmerinfo\/2025\/12\/voie-verte-signature-dune-convention-doccupation-temporaire-avec-la-sncf\/#primaryimage","url":"https:\/\/vosgesinfo.fr\/app\/uploads\/sites\/6\/2024\/07\/liaison-douce-gerardmer-bruyeres-visite-de-site-evelines-kertoff-4-scaled.jpg","contentUrl":"https:\/\/vosgesinfo.fr\/app\/uploads\/sites\/6\/2024\/07\/liaison-douce-gerardmer-bruyeres-visite-de-site-evelines-kertoff-4-scaled.jpg","width":2560,"height":1707},{"@type":"BreadcrumbList","@id":"https:\/\/vosgesinfo.fr\/gerardmerinfo\/2025\/12\/voie-verte-signature-dune-convention-doccupation-temporaire-avec-la-sncf\/#breadcrumb","itemListElement":[{"@type":"ListItem","position":1,"name":"Home","item":"https:\/\/vosgesinfo.fr\/gerardmerinfo\/"},{"@type":"ListItem","position":2,"name":"Voie Verte &#8211; signature d&rsquo;une convention d&rsquo;occupation temporaire avec la SNCF"}]},{"@type":"WebSite","@id":"https:\/\/vosgesinfo.fr\/gerardmerinfo\/#website","url":"https:\/\/vosgesinfo.fr\/gerardmerinfo\/","name":"Gerardmer Info","description":"Toute l&#039;actualit\u00e9 de G\u00e9rardmer","publisher":{"@id":"https:\/\/vosgesinfo.fr\/gerardmerinfo\/#organization"},"alternateName":"Toute l'actualit\u00e9 de G\u00e9rardmer","potentialAction":[{"@type":"SearchAction","target":{"@type":"EntryPoint","urlTemplate":"https:\/\/vosgesinfo.fr\/gerardmerinfo\/?s={search_term_string}"},"query-input":"required name=search_term_string"}],"inLanguage":"fr-FR"},{"@type":"Organization","@id":"https:\/\/vosgesinfo.fr\/gerardmerinfo\/#organization","name":"Gerardmer Info","url":"https:\/\/vosgesinfo.fr\/gerardmerinfo\/","logo":{"@type":"ImageObject","inLanguage":"fr-FR","@id":"https:\/\/vosgesinfo.fr\/gerardmerinfo\/#\/schema\/logo\/image\/","url":"https:\/\/vosgesinfo.fr\/app\/uploads\/sites\/6\/2023\/08\/favicon-gerardmerinfo.png","contentUrl":"https:\/\/vosgesinfo.fr\/app\/uploads\/sites\/6\/2023\/08\/favicon-gerardmerinfo.png","width":512,"height":512,"caption":"Gerardmer Info"},"image":{"@id":"https:\/\/vosgesinfo.fr\/gerardmerinfo\/#\/schema\/logo\/image\/"},"sameAs":["https:\/\/www.facebook.com\/profile.php?id=100049475262660","https:\/\/x.com\/VosgesInfo88","https:\/\/www.youtube.com\/@vosgesinfo"]},{"@type":"Person","@id":"https:\/\/vosgesinfo.fr\/gerardmerinfo\/#\/schema\/person\/27a3695b06db98895b354c0765cdfc31","name":"La redaction","image":{"@type":"ImageObject","inLanguage":"fr-FR","@id":"https:\/\/vosgesinfo.fr\/gerardmerinfo\/#\/schema\/person\/image\/","url":"https:\/\/secure.gravatar.com\/avatar\/64c76a78e501cedee55736f43f332df901e1896ae9cd8fad269ae2236dd0e8b6?s=96&d=mm&r=g","contentUrl":"https:\/\/secure.gravatar.com\/avatar\/64c76a78e501cedee55736f43f332df901e1896ae9cd8fad269ae2236dd0e8b6?s=96&d=mm&r=g","caption":"La redaction"},"url":"https:\/\/vosgesinfo.fr\/gerardmerinfo\/author\/la-redaction\/"}]}},"_links":{"self":[{"href":"https:\/\/vosgesinfo.fr\/gerardmerinfo\/wp-json\/wp\/v2\/posts\/85691","targetHints":{"allow":["GET"]}}],"collection":[{"href":"https:\/\/vosgesinfo.fr\/gerardmerinfo\/wp-json\/wp\/v2\/posts"}],"about":[{"href":"https:\/\/vosgesinfo.fr\/gerardmerinfo\/wp-json\/wp\/v2\/types\/post"}],"author":[{"embeddable":true,"href":"https:\/\/vosgesinfo.fr\/gerardmerinfo\/wp-json\/wp\/v2\/users\/391"}],"replies":[{"embeddable":true,"href":"https:\/\/vosgesinfo.fr\/gerardmerinfo\/wp-json\/wp\/v2\/comments?post=85691"}],"version-history":[{"count":1,"href":"https:\/\/vosgesinfo.fr\/gerardmerinfo\/wp-json\/wp\/v2\/posts\/85691\/revisions"}],"predecessor-version":[{"id":85692,"href":"https:\/\/vosgesinfo.fr\/gerardmerinfo\/wp-json\/wp\/v2\/posts\/85691\/revisions\/85692"}],"wp:featuredmedia":[{"embeddable":true,"href":"https:\/\/vosgesinfo.fr\/gerardmerinfo\/wp-json\/wp\/v2\/media\/13108"}],"wp:attachment":[{"href":"https:\/\/vosgesinfo.fr\/gerardmerinfo\/wp-json\/wp\/v2\/media?parent=85691"}],"wp:term":[{"taxonomy":"category","embeddable":true,"href":"https:\/\/vosgesinfo.fr\/gerardmerinfo\/wp-json\/wp\/v2\/categories?post=85691"},{"taxonomy":"post_tag","embeddable":true,"href":"https:\/\/vosgesinfo.fr\/gerardmerinfo\/wp-json\/wp\/v2\/tags?post=85691"}],"curies":[{"name":"wp","href":"https:\/\/api.w.org\/{rel}","templated":true}]}}