{"id":85693,"date":"2025-12-11T14:12:24","date_gmt":"2025-12-11T13:12:24","guid":{"rendered":"https:\/\/vosgesinfo.fr\/gerardmerinfo\/?p=85693"},"modified":"2025-12-11T14:12:24","modified_gmt":"2025-12-11T13:12:24","slug":"la-haie-griselle-enchaine-les-belles-performances-qualifications-en-serie-pour-les-championnats-de-france","status":"publish","type":"post","link":"https:\/\/vosgesinfo.fr\/gerardmerinfo\/2025\/12\/la-haie-griselle-enchaine-les-belles-performances-qualifications-en-serie-pour-les-championnats-de-france\/","title":{"rendered":"La Haie Griselle encha\u00eene les belles performances: qualifications en s\u00e9rie pour les championnats de France"},"content":{"rendered":"<div id=\"attachment_85695\" style=\"width: 1034px\" class=\"wp-caption aligncenter\"><a href=\"https:\/\/vosgesinfo.fr\/app\/uploads\/sites\/6\/2025\/12\/cross-minime.jpg\"><img decoding=\"async\" aria-describedby=\"caption-attachment-85695\" class=\"size-large wp-image-85695\" src=\"https:\/\/vosgesinfo.fr\/app\/uploads\/sites\/6\/2025\/12\/cross-minime-1024x726.jpg\" alt=\"\" width=\"1024\" height=\"726\" srcset=\"https:\/\/vosgesinfo.fr\/app\/uploads\/sites\/6\/2025\/12\/cross-minime-1024x726.jpg 1024w, https:\/\/vosgesinfo.fr\/app\/uploads\/sites\/6\/2025\/12\/cross-minime-300x213.jpg 300w, https:\/\/vosgesinfo.fr\/app\/uploads\/sites\/6\/2025\/12\/cross-minime-768x545.jpg 768w, https:\/\/vosgesinfo.fr\/app\/uploads\/sites\/6\/2025\/12\/cross-minime.jpg 1523w\" sizes=\"(max-width: 1024px) 100vw, 1024px\" \/><\/a><p id=\"caption-attachment-85695\" class=\"wp-caption-text\">Cross Minimes<\/p><\/div>\n\n\t\t<style type=\"text\/css\">\n\t\t\t#gallery-1 {\n\t\t\t\tmargin: auto;\n\t\t\t}\n\t\t\t#gallery-1 .gallery-item {\n\t\t\t\tfloat: left;\n\t\t\t\tmargin-top: 10px;\n\t\t\t\ttext-align: center;\n\t\t\t\twidth: 50%;\n\t\t\t}\n\t\t\t#gallery-1 img {\n\t\t\t\tborder: 2px solid #cfcfcf;\n\t\t\t}\n\t\t\t#gallery-1 .gallery-caption {\n\t\t\t\tmargin-left: 0;\n\t\t\t}\n\t\t\t\/* see gallery_shortcode() in wp-includes\/media.php *\/\n\t\t<\/style>\n\t\t<div id='gallery-1' class='gallery galleryid-85693 gallery-columns-2 gallery-size-medium'><dl class='gallery-item'>\n\t\t\t<dt class='gallery-icon landscape'>\n\t\t\t\t<a href='https:\/\/vosgesinfo.fr\/app\/uploads\/sites\/6\/2025\/12\/run-and-bike-photo1.jpg'><img decoding=\"async\" width=\"300\" height=\"169\" src=\"https:\/\/vosgesinfo.fr\/app\/uploads\/sites\/6\/2025\/12\/run-and-bike-photo1-300x169.jpg\" class=\"attachment-medium size-medium\" alt=\"\" srcset=\"https:\/\/vosgesinfo.fr\/app\/uploads\/sites\/6\/2025\/12\/run-and-bike-photo1-300x169.jpg 300w, https:\/\/vosgesinfo.fr\/app\/uploads\/sites\/6\/2025\/12\/run-and-bike-photo1-1024x576.jpg 1024w, https:\/\/vosgesinfo.fr\/app\/uploads\/sites\/6\/2025\/12\/run-and-bike-photo1-768x432.jpg 768w, https:\/\/vosgesinfo.fr\/app\/uploads\/sites\/6\/2025\/12\/run-and-bike-photo1-1536x864.jpg 1536w, https:\/\/vosgesinfo.fr\/app\/uploads\/sites\/6\/2025\/12\/run-and-bike-photo1.jpg 1600w\" sizes=\"(max-width: 300px) 100vw, 300px\" \/><\/a>\n\t\t\t<\/dt><\/dl><dl class='gallery-item'>\n\t\t\t<dt class='gallery-icon landscape'>\n\t\t\t\t<a href='https:\/\/vosgesinfo.fr\/app\/uploads\/sites\/6\/2025\/12\/cross-benjamin.jpg'><img decoding=\"async\" width=\"300\" height=\"210\" src=\"https:\/\/vosgesinfo.fr\/app\/uploads\/sites\/6\/2025\/12\/cross-benjamin-300x210.jpg\" class=\"attachment-medium size-medium\" alt=\"\" srcset=\"https:\/\/vosgesinfo.fr\/app\/uploads\/sites\/6\/2025\/12\/cross-benjamin-300x210.jpg 300w, https:\/\/vosgesinfo.fr\/app\/uploads\/sites\/6\/2025\/12\/cross-benjamin-1024x718.jpg 1024w, https:\/\/vosgesinfo.fr\/app\/uploads\/sites\/6\/2025\/12\/cross-benjamin-768x539.jpg 768w, https:\/\/vosgesinfo.fr\/app\/uploads\/sites\/6\/2025\/12\/cross-benjamin-1536x1077.jpg 1536w, https:\/\/vosgesinfo.fr\/app\/uploads\/sites\/6\/2025\/12\/cross-benjamin.jpg 1540w\" sizes=\"(max-width: 300px) 100vw, 300px\" \/><\/a>\n\t\t\t<\/dt><\/dl><br style=\"clear: both\" \/>\n\t\t<\/div>\n\n<p><strong>Le mois de d\u00e9cembre est particuli\u00e8rement faste pour les \u00e9l\u00e8ves de la cit\u00e9 scolaire La Haie Griselle de G\u00e9rardmer, qui ont sign\u00e9 deux semaines de performances remarqu\u00e9es en comp\u00e9titions UNSS.<\/strong><\/p>\n<p><b>Run and bike : une moisson de podiums le 3 d\u00e9cembre<\/b><\/p>\n<p><a href=\"https:\/\/vosgesinfo.fr\/app\/uploads\/sites\/6\/2025\/12\/cross-lycee.jpg\"><img decoding=\"async\" class=\"alignright size-medium wp-image-85696\" src=\"https:\/\/vosgesinfo.fr\/app\/uploads\/sites\/6\/2025\/12\/cross-lycee-225x300.jpg\" alt=\"\" width=\"225\" height=\"300\" srcset=\"https:\/\/vosgesinfo.fr\/app\/uploads\/sites\/6\/2025\/12\/cross-lycee-225x300.jpg 225w, https:\/\/vosgesinfo.fr\/app\/uploads\/sites\/6\/2025\/12\/cross-lycee-768x1024.jpg 768w, https:\/\/vosgesinfo.fr\/app\/uploads\/sites\/6\/2025\/12\/cross-lycee.jpg 810w\" sizes=\"(max-width: 225px) 100vw, 225px\" \/><\/a>Engag\u00e9es sur l\u2019\u00e9preuve de run and bike, les \u00e9quipes g\u00e9r\u00f4moises ont domin\u00e9 la comp\u00e9tition disput\u00e9e sur un parcours de 8 km.<br \/>\nLe lyc\u00e9e a frapp\u00e9 fort en s\u2019imposant au classement g\u00e9n\u00e9ral, tandis qu\u2019une deuxi\u00e8me \u00e9quipe montait \u00e9galement sur le podium avec une 3<span style=\"font-family: Arial, sans-serif;\">\u1d49<\/span> place.<\/p>\n<p>L\u2019\u00e9preuve de sport partag\u00e9, r\u00e9unissant \u00e9l\u00e8ves valides et \u00e9l\u00e8ves en situation de handicap en partenariat avec l\u2019EREA de Flavigny, a elle aussi tourn\u00e9 \u00e0 l\u2019avantage de G\u00e9rardmer, avec une belle victoire symbole fort d\u2019inclusion et de solidarit\u00e9 sportive.<\/p>\n<p>Les coll\u00e9giens n\u2019ont pas \u00e9t\u00e9 en reste, d\u00e9crochant une 2<span style=\"font-family: Arial, sans-serif;\">\u1d49<\/span> place solide.<br \/>\nCes r\u00e9sultats offrent \u00e0 toutes les \u00e9quipes concern\u00e9es leur billet pour le Championnat de France de run and bike, pr\u00e9vu \u00e0 domicile\u00a0: \u00e0 Xonrupt du 16 au 20 mars.<\/p>\n<p><b>Cross-country : le grand chelem le 10 d\u00e9cembre<\/b><\/p>\n<p><a href=\"https:\/\/vosgesinfo.fr\/app\/uploads\/sites\/6\/2025\/12\/pxl-20251203-141858901.jpg\"><img decoding=\"async\" class=\"alignright size-medium wp-image-85694\" src=\"https:\/\/vosgesinfo.fr\/app\/uploads\/sites\/6\/2025\/12\/pxl-20251203-141858901-166x300.jpg\" alt=\"\" width=\"166\" height=\"300\" srcset=\"https:\/\/vosgesinfo.fr\/app\/uploads\/sites\/6\/2025\/12\/pxl-20251203-141858901-166x300.jpg 166w, https:\/\/vosgesinfo.fr\/app\/uploads\/sites\/6\/2025\/12\/pxl-20251203-141858901-568x1024.jpg 568w, https:\/\/vosgesinfo.fr\/app\/uploads\/sites\/6\/2025\/12\/pxl-20251203-141858901.jpg 599w\" sizes=\"(max-width: 166px) 100vw, 166px\" \/><\/a>Une semaine plus tard, la cit\u00e9 scolaire a confirm\u00e9 sa dynamique lors du championnat acad\u00e9mique de cross.<br \/>\nEn terminant 2<span style=\"font-family: Arial, sans-serif;\">\u1d49<\/span> chez les coll\u00e9giens et 1<span style=\"font-family: Arial, sans-serif;\">\u02b3\u1d49<\/span> chez les lyc\u00e9ens, La Haie Griselle a r\u00e9alis\u00e9 le grand chelem, qualifiant l\u2019ensemble de ses formations \u2014 benjamins, minimes et lyc\u00e9ens \u2014 pour le Championnat de France de cross.<\/p>\n<p>Les \u00e9l\u00e8ves repr\u00e9senteront ainsi G\u00e9rardmer \u00e0 Aix-les-Bains, du 3 au 5 f\u00e9vrier.<\/p>\n<p><b>Une dynamique remarquable<\/b><\/p>\n<p>Ces r\u00e9sultats cons\u00e9cutifs soulignent le s\u00e9rieux de la pr\u00e9paration et l\u2019\u00e9tat d\u2019esprit des \u00e9l\u00e8ves.<\/p>\n<p>La cit\u00e9 scolaire signe ainsi une fin d\u2019ann\u00e9e 2025 de tr\u00e8s haut niveau et s\u2019avance avec ambition vers les \u00e9ch\u00e9ances nationales.<\/p>\n<p><a href=\"https:\/\/vosgesinfo.fr\/app\/uploads\/sites\/6\/2025\/12\/pxl-20251203-153513961.mp-.jpg\"><img decoding=\"async\" class=\"aligncenter size-full wp-image-85699\" src=\"https:\/\/vosgesinfo.fr\/app\/uploads\/sites\/6\/2025\/12\/pxl-20251203-153513961.mp-.jpg\" alt=\"\" width=\"608\" height=\"1080\" srcset=\"https:\/\/vosgesinfo.fr\/app\/uploads\/sites\/6\/2025\/12\/pxl-20251203-153513961.mp-.jpg 608w, https:\/\/vosgesinfo.fr\/app\/uploads\/sites\/6\/2025\/12\/pxl-20251203-153513961.mp--169x300.jpg 169w, https:\/\/vosgesinfo.fr\/app\/uploads\/sites\/6\/2025\/12\/pxl-20251203-153513961.mp--576x1024.jpg 576w\" sizes=\"(max-width: 608px) 100vw, 608px\" \/><\/a><\/p>\n","protected":false},"excerpt":{"rendered":"<p>Le mois de d\u00e9cembre est particuli\u00e8rement faste pour les \u00e9l\u00e8ves de la cit\u00e9 scolaire La Haie Griselle de G\u00e9rardmer, qui [&hellip;]<\/p>\n","protected":false},"author":391,"featured_media":85696,"comment_status":"open","ping_status":"open","sticky":false,"template":"","format":"standard","meta":{"footnotes":""},"categories":[20,6,5647,14],"tags":[4050,772],"class_list":["post-85693","post","type-post","status-publish","format-standard","has-post-thumbnail","hentry","category-a-la-une","category-education","category-gerardmer-autres-sites","category-sport","tag-cross-country","tag-unss"],"acf":[],"yoast_head":"<!-- This site is optimized with the Yoast SEO plugin v22.5 - https:\/\/yoast.com\/wordpress\/plugins\/seo\/ -->\n<title>La Haie Griselle encha\u00eene les belles performances: qualifications en s\u00e9rie pour les championnats de France - Gerardmer Info<\/title>\n<meta name=\"robots\" content=\"index, follow, max-snippet:-1, max-image-preview:large, max-video-preview:-1\" \/>\n<link rel=\"canonical\" href=\"https:\/\/vosgesinfo.fr\/gerardmerinfo\/2025\/12\/la-haie-griselle-enchaine-les-belles-performances-qualifications-en-serie-pour-les-championnats-de-france\/\" \/>\n<meta name=\"twitter:card\" content=\"summary_large_image\" \/>\n<meta name=\"twitter:title\" content=\"La Haie Griselle encha\u00eene les belles performances: qualifications en s\u00e9rie pour les championnats de France - Gerardmer Info\" \/>\n<meta name=\"twitter:description\" content=\"Le mois de d\u00e9cembre est particuli\u00e8rement faste pour les \u00e9l\u00e8ves de la cit\u00e9 scolaire La Haie Griselle de G\u00e9rardmer, qui [&hellip;]\" \/>\n<meta name=\"twitter:image\" content=\"https:\/\/vosgesinfo.fr\/app\/uploads\/sites\/6\/2025\/12\/cross-lycee.jpg\" \/>\n<meta name=\"twitter:creator\" content=\"@VosgesInfo88\" \/>\n<meta name=\"twitter:site\" content=\"@VosgesInfo88\" \/>\n<meta name=\"twitter:label1\" content=\"\u00c9crit par\" \/>\n\t<meta name=\"twitter:data1\" content=\"La redaction\" \/>\n\t<meta name=\"twitter:label2\" content=\"Dur\u00e9e de lecture estim\u00e9e\" \/>\n\t<meta name=\"twitter:data2\" content=\"3 minutes\" \/>\n<script type=\"application\/ld+json\" class=\"yoast-schema-graph\">{\"@context\":\"https:\/\/schema.org\",\"@graph\":[{\"@type\":\"Article\",\"@id\":\"https:\/\/vosgesinfo.fr\/gerardmerinfo\/2025\/12\/la-haie-griselle-enchaine-les-belles-performances-qualifications-en-serie-pour-les-championnats-de-france\/#article\",\"isPartOf\":{\"@id\":\"https:\/\/vosgesinfo.fr\/gerardmerinfo\/2025\/12\/la-haie-griselle-enchaine-les-belles-performances-qualifications-en-serie-pour-les-championnats-de-france\/\"},\"author\":{\"name\":\"La redaction\",\"@id\":\"https:\/\/vosgesinfo.fr\/gerardmerinfo\/#\/schema\/person\/27a3695b06db98895b354c0765cdfc31\"},\"headline\":\"La Haie Griselle encha\u00eene les belles performances: qualifications en s\u00e9rie pour les championnats de France\",\"datePublished\":\"2025-12-11T13:12:24+00:00\",\"dateModified\":\"2025-12-11T13:12:24+00:00\",\"mainEntityOfPage\":{\"@id\":\"https:\/\/vosgesinfo.fr\/gerardmerinfo\/2025\/12\/la-haie-griselle-enchaine-les-belles-performances-qualifications-en-serie-pour-les-championnats-de-france\/\"},\"wordCount\":344,\"commentCount\":0,\"publisher\":{\"@id\":\"https:\/\/vosgesinfo.fr\/gerardmerinfo\/#organization\"},\"image\":{\"@id\":\"https:\/\/vosgesinfo.fr\/gerardmerinfo\/2025\/12\/la-haie-griselle-enchaine-les-belles-performances-qualifications-en-serie-pour-les-championnats-de-france\/#primaryimage\"},\"thumbnailUrl\":\"https:\/\/vosgesinfo.fr\/app\/uploads\/sites\/6\/2025\/12\/cross-lycee.jpg\",\"keywords\":[\"cross country\",\"unss\"],\"articleSection\":[\"A la une\",\"\u00c9ducation\",\"Gerardmer\",\"Sport\"],\"inLanguage\":\"fr-FR\",\"potentialAction\":[{\"@type\":\"CommentAction\",\"name\":\"Comment\",\"target\":[\"https:\/\/vosgesinfo.fr\/gerardmerinfo\/2025\/12\/la-haie-griselle-enchaine-les-belles-performances-qualifications-en-serie-pour-les-championnats-de-france\/#respond\"]}]},{\"@type\":\"WebPage\",\"@id\":\"https:\/\/vosgesinfo.fr\/gerardmerinfo\/2025\/12\/la-haie-griselle-enchaine-les-belles-performances-qualifications-en-serie-pour-les-championnats-de-france\/\",\"url\":\"https:\/\/vosgesinfo.fr\/gerardmerinfo\/2025\/12\/la-haie-griselle-enchaine-les-belles-performances-qualifications-en-serie-pour-les-championnats-de-france\/\",\"name\":\"La Haie Griselle encha\u00eene les belles performances: qualifications en s\u00e9rie pour les championnats de France - Gerardmer Info\",\"isPartOf\":{\"@id\":\"https:\/\/vosgesinfo.fr\/gerardmerinfo\/#website\"},\"primaryImageOfPage\":{\"@id\":\"https:\/\/vosgesinfo.fr\/gerardmerinfo\/2025\/12\/la-haie-griselle-enchaine-les-belles-performances-qualifications-en-serie-pour-les-championnats-de-france\/#primaryimage\"},\"image\":{\"@id\":\"https:\/\/vosgesinfo.fr\/gerardmerinfo\/2025\/12\/la-haie-griselle-enchaine-les-belles-performances-qualifications-en-serie-pour-les-championnats-de-france\/#primaryimage\"},\"thumbnailUrl\":\"https:\/\/vosgesinfo.fr\/app\/uploads\/sites\/6\/2025\/12\/cross-lycee.jpg\",\"datePublished\":\"2025-12-11T13:12:24+00:00\",\"dateModified\":\"2025-12-11T13:12:24+00:00\",\"breadcrumb\":{\"@id\":\"https:\/\/vosgesinfo.fr\/gerardmerinfo\/2025\/12\/la-haie-griselle-enchaine-les-belles-performances-qualifications-en-serie-pour-les-championnats-de-france\/#breadcrumb\"},\"inLanguage\":\"fr-FR\",\"potentialAction\":[{\"@type\":\"ReadAction\",\"target\":[\"https:\/\/vosgesinfo.fr\/gerardmerinfo\/2025\/12\/la-haie-griselle-enchaine-les-belles-performances-qualifications-en-serie-pour-les-championnats-de-france\/\"]}]},{\"@type\":\"ImageObject\",\"inLanguage\":\"fr-FR\",\"@id\":\"https:\/\/vosgesinfo.fr\/gerardmerinfo\/2025\/12\/la-haie-griselle-enchaine-les-belles-performances-qualifications-en-serie-pour-les-championnats-de-france\/#primaryimage\",\"url\":\"https:\/\/vosgesinfo.fr\/app\/uploads\/sites\/6\/2025\/12\/cross-lycee.jpg\",\"contentUrl\":\"https:\/\/vosgesinfo.fr\/app\/uploads\/sites\/6\/2025\/12\/cross-lycee.jpg\",\"width\":810,\"height\":1080},{\"@type\":\"BreadcrumbList\",\"@id\":\"https:\/\/vosgesinfo.fr\/gerardmerinfo\/2025\/12\/la-haie-griselle-enchaine-les-belles-performances-qualifications-en-serie-pour-les-championnats-de-france\/#breadcrumb\",\"itemListElement\":[{\"@type\":\"ListItem\",\"position\":1,\"name\":\"Home\",\"item\":\"https:\/\/vosgesinfo.fr\/gerardmerinfo\/\"},{\"@type\":\"ListItem\",\"position\":2,\"name\":\"La Haie Griselle encha\u00eene les belles performances: qualifications en s\u00e9rie pour les championnats de France\"}]},{\"@type\":\"WebSite\",\"@id\":\"https:\/\/vosgesinfo.fr\/gerardmerinfo\/#website\",\"url\":\"https:\/\/vosgesinfo.fr\/gerardmerinfo\/\",\"name\":\"Gerardmer Info\",\"description\":\"Toute l&#039;actualit\u00e9 de G\u00e9rardmer\",\"publisher\":{\"@id\":\"https:\/\/vosgesinfo.fr\/gerardmerinfo\/#organization\"},\"alternateName\":\"Toute l'actualit\u00e9 de G\u00e9rardmer\",\"potentialAction\":[{\"@type\":\"SearchAction\",\"target\":{\"@type\":\"EntryPoint\",\"urlTemplate\":\"https:\/\/vosgesinfo.fr\/gerardmerinfo\/?s={search_term_string}\"},\"query-input\":\"required name=search_term_string\"}],\"inLanguage\":\"fr-FR\"},{\"@type\":\"Organization\",\"@id\":\"https:\/\/vosgesinfo.fr\/gerardmerinfo\/#organization\",\"name\":\"Gerardmer Info\",\"url\":\"https:\/\/vosgesinfo.fr\/gerardmerinfo\/\",\"logo\":{\"@type\":\"ImageObject\",\"inLanguage\":\"fr-FR\",\"@id\":\"https:\/\/vosgesinfo.fr\/gerardmerinfo\/#\/schema\/logo\/image\/\",\"url\":\"https:\/\/vosgesinfo.fr\/app\/uploads\/sites\/6\/2023\/08\/favicon-gerardmerinfo.png\",\"contentUrl\":\"https:\/\/vosgesinfo.fr\/app\/uploads\/sites\/6\/2023\/08\/favicon-gerardmerinfo.png\",\"width\":512,\"height\":512,\"caption\":\"Gerardmer Info\"},\"image\":{\"@id\":\"https:\/\/vosgesinfo.fr\/gerardmerinfo\/#\/schema\/logo\/image\/\"},\"sameAs\":[\"https:\/\/www.facebook.com\/profile.php?id=100049475262660\",\"https:\/\/x.com\/VosgesInfo88\",\"https:\/\/www.youtube.com\/@vosgesinfo\"]},{\"@type\":\"Person\",\"@id\":\"https:\/\/vosgesinfo.fr\/gerardmerinfo\/#\/schema\/person\/27a3695b06db98895b354c0765cdfc31\",\"name\":\"La redaction\",\"image\":{\"@type\":\"ImageObject\",\"inLanguage\":\"fr-FR\",\"@id\":\"https:\/\/vosgesinfo.fr\/gerardmerinfo\/#\/schema\/person\/image\/\",\"url\":\"https:\/\/secure.gravatar.com\/avatar\/64c76a78e501cedee55736f43f332df901e1896ae9cd8fad269ae2236dd0e8b6?s=96&d=mm&r=g\",\"contentUrl\":\"https:\/\/secure.gravatar.com\/avatar\/64c76a78e501cedee55736f43f332df901e1896ae9cd8fad269ae2236dd0e8b6?s=96&d=mm&r=g\",\"caption\":\"La redaction\"},\"url\":\"https:\/\/vosgesinfo.fr\/gerardmerinfo\/author\/la-redaction\/\"}]}<\/script>\n<!-- \/ Yoast SEO plugin. -->","yoast_head_json":{"title":"La Haie Griselle encha\u00eene les belles performances: qualifications en s\u00e9rie pour les championnats de France - Gerardmer Info","robots":{"index":"index","follow":"follow","max-snippet":"max-snippet:-1","max-image-preview":"max-image-preview:large","max-video-preview":"max-video-preview:-1"},"canonical":"https:\/\/vosgesinfo.fr\/gerardmerinfo\/2025\/12\/la-haie-griselle-enchaine-les-belles-performances-qualifications-en-serie-pour-les-championnats-de-france\/","twitter_card":"summary_large_image","twitter_title":"La Haie Griselle encha\u00eene les belles performances: qualifications en s\u00e9rie pour les championnats de France - Gerardmer Info","twitter_description":"Le mois de d\u00e9cembre est particuli\u00e8rement faste pour les \u00e9l\u00e8ves de la cit\u00e9 scolaire La Haie Griselle de G\u00e9rardmer, qui [&hellip;]","twitter_image":"https:\/\/vosgesinfo.fr\/app\/uploads\/sites\/6\/2025\/12\/cross-lycee.jpg","twitter_creator":"@VosgesInfo88","twitter_site":"@VosgesInfo88","twitter_misc":{"\u00c9crit par":"La redaction","Dur\u00e9e de lecture estim\u00e9e":"3 minutes"},"schema":{"@context":"https:\/\/schema.org","@graph":[{"@type":"Article","@id":"https:\/\/vosgesinfo.fr\/gerardmerinfo\/2025\/12\/la-haie-griselle-enchaine-les-belles-performances-qualifications-en-serie-pour-les-championnats-de-france\/#article","isPartOf":{"@id":"https:\/\/vosgesinfo.fr\/gerardmerinfo\/2025\/12\/la-haie-griselle-enchaine-les-belles-performances-qualifications-en-serie-pour-les-championnats-de-france\/"},"author":{"name":"La redaction","@id":"https:\/\/vosgesinfo.fr\/gerardmerinfo\/#\/schema\/person\/27a3695b06db98895b354c0765cdfc31"},"headline":"La Haie Griselle encha\u00eene les belles performances: qualifications en s\u00e9rie pour les championnats de France","datePublished":"2025-12-11T13:12:24+00:00","dateModified":"2025-12-11T13:12:24+00:00","mainEntityOfPage":{"@id":"https:\/\/vosgesinfo.fr\/gerardmerinfo\/2025\/12\/la-haie-griselle-enchaine-les-belles-performances-qualifications-en-serie-pour-les-championnats-de-france\/"},"wordCount":344,"commentCount":0,"publisher":{"@id":"https:\/\/vosgesinfo.fr\/gerardmerinfo\/#organization"},"image":{"@id":"https:\/\/vosgesinfo.fr\/gerardmerinfo\/2025\/12\/la-haie-griselle-enchaine-les-belles-performances-qualifications-en-serie-pour-les-championnats-de-france\/#primaryimage"},"thumbnailUrl":"https:\/\/vosgesinfo.fr\/app\/uploads\/sites\/6\/2025\/12\/cross-lycee.jpg","keywords":["cross country","unss"],"articleSection":["A la une","\u00c9ducation","Gerardmer","Sport"],"inLanguage":"fr-FR","potentialAction":[{"@type":"CommentAction","name":"Comment","target":["https:\/\/vosgesinfo.fr\/gerardmerinfo\/2025\/12\/la-haie-griselle-enchaine-les-belles-performances-qualifications-en-serie-pour-les-championnats-de-france\/#respond"]}]},{"@type":"WebPage","@id":"https:\/\/vosgesinfo.fr\/gerardmerinfo\/2025\/12\/la-haie-griselle-enchaine-les-belles-performances-qualifications-en-serie-pour-les-championnats-de-france\/","url":"https:\/\/vosgesinfo.fr\/gerardmerinfo\/2025\/12\/la-haie-griselle-enchaine-les-belles-performances-qualifications-en-serie-pour-les-championnats-de-france\/","name":"La Haie Griselle encha\u00eene les belles performances: qualifications en s\u00e9rie pour les championnats de France - Gerardmer Info","isPartOf":{"@id":"https:\/\/vosgesinfo.fr\/gerardmerinfo\/#website"},"primaryImageOfPage":{"@id":"https:\/\/vosgesinfo.fr\/gerardmerinfo\/2025\/12\/la-haie-griselle-enchaine-les-belles-performances-qualifications-en-serie-pour-les-championnats-de-france\/#primaryimage"},"image":{"@id":"https:\/\/vosgesinfo.fr\/gerardmerinfo\/2025\/12\/la-haie-griselle-enchaine-les-belles-performances-qualifications-en-serie-pour-les-championnats-de-france\/#primaryimage"},"thumbnailUrl":"https:\/\/vosgesinfo.fr\/app\/uploads\/sites\/6\/2025\/12\/cross-lycee.jpg","datePublished":"2025-12-11T13:12:24+00:00","dateModified":"2025-12-11T13:12:24+00:00","breadcrumb":{"@id":"https:\/\/vosgesinfo.fr\/gerardmerinfo\/2025\/12\/la-haie-griselle-enchaine-les-belles-performances-qualifications-en-serie-pour-les-championnats-de-france\/#breadcrumb"},"inLanguage":"fr-FR","potentialAction":[{"@type":"ReadAction","target":["https:\/\/vosgesinfo.fr\/gerardmerinfo\/2025\/12\/la-haie-griselle-enchaine-les-belles-performances-qualifications-en-serie-pour-les-championnats-de-france\/"]}]},{"@type":"ImageObject","inLanguage":"fr-FR","@id":"https:\/\/vosgesinfo.fr\/gerardmerinfo\/2025\/12\/la-haie-griselle-enchaine-les-belles-performances-qualifications-en-serie-pour-les-championnats-de-france\/#primaryimage","url":"https:\/\/vosgesinfo.fr\/app\/uploads\/sites\/6\/2025\/12\/cross-lycee.jpg","contentUrl":"https:\/\/vosgesinfo.fr\/app\/uploads\/sites\/6\/2025\/12\/cross-lycee.jpg","width":810,"height":1080},{"@type":"BreadcrumbList","@id":"https:\/\/vosgesinfo.fr\/gerardmerinfo\/2025\/12\/la-haie-griselle-enchaine-les-belles-performances-qualifications-en-serie-pour-les-championnats-de-france\/#breadcrumb","itemListElement":[{"@type":"ListItem","position":1,"name":"Home","item":"https:\/\/vosgesinfo.fr\/gerardmerinfo\/"},{"@type":"ListItem","position":2,"name":"La Haie Griselle encha\u00eene les belles performances: qualifications en s\u00e9rie pour les championnats de France"}]},{"@type":"WebSite","@id":"https:\/\/vosgesinfo.fr\/gerardmerinfo\/#website","url":"https:\/\/vosgesinfo.fr\/gerardmerinfo\/","name":"Gerardmer Info","description":"Toute l&#039;actualit\u00e9 de G\u00e9rardmer","publisher":{"@id":"https:\/\/vosgesinfo.fr\/gerardmerinfo\/#organization"},"alternateName":"Toute l'actualit\u00e9 de G\u00e9rardmer","potentialAction":[{"@type":"SearchAction","target":{"@type":"EntryPoint","urlTemplate":"https:\/\/vosgesinfo.fr\/gerardmerinfo\/?s={search_term_string}"},"query-input":"required name=search_term_string"}],"inLanguage":"fr-FR"},{"@type":"Organization","@id":"https:\/\/vosgesinfo.fr\/gerardmerinfo\/#organization","name":"Gerardmer Info","url":"https:\/\/vosgesinfo.fr\/gerardmerinfo\/","logo":{"@type":"ImageObject","inLanguage":"fr-FR","@id":"https:\/\/vosgesinfo.fr\/gerardmerinfo\/#\/schema\/logo\/image\/","url":"https:\/\/vosgesinfo.fr\/app\/uploads\/sites\/6\/2023\/08\/favicon-gerardmerinfo.png","contentUrl":"https:\/\/vosgesinfo.fr\/app\/uploads\/sites\/6\/2023\/08\/favicon-gerardmerinfo.png","width":512,"height":512,"caption":"Gerardmer Info"},"image":{"@id":"https:\/\/vosgesinfo.fr\/gerardmerinfo\/#\/schema\/logo\/image\/"},"sameAs":["https:\/\/www.facebook.com\/profile.php?id=100049475262660","https:\/\/x.com\/VosgesInfo88","https:\/\/www.youtube.com\/@vosgesinfo"]},{"@type":"Person","@id":"https:\/\/vosgesinfo.fr\/gerardmerinfo\/#\/schema\/person\/27a3695b06db98895b354c0765cdfc31","name":"La redaction","image":{"@type":"ImageObject","inLanguage":"fr-FR","@id":"https:\/\/vosgesinfo.fr\/gerardmerinfo\/#\/schema\/person\/image\/","url":"https:\/\/secure.gravatar.com\/avatar\/64c76a78e501cedee55736f43f332df901e1896ae9cd8fad269ae2236dd0e8b6?s=96&d=mm&r=g","contentUrl":"https:\/\/secure.gravatar.com\/avatar\/64c76a78e501cedee55736f43f332df901e1896ae9cd8fad269ae2236dd0e8b6?s=96&d=mm&r=g","caption":"La redaction"},"url":"https:\/\/vosgesinfo.fr\/gerardmerinfo\/author\/la-redaction\/"}]}},"_links":{"self":[{"href":"https:\/\/vosgesinfo.fr\/gerardmerinfo\/wp-json\/wp\/v2\/posts\/85693","targetHints":{"allow":["GET"]}}],"collection":[{"href":"https:\/\/vosgesinfo.fr\/gerardmerinfo\/wp-json\/wp\/v2\/posts"}],"about":[{"href":"https:\/\/vosgesinfo.fr\/gerardmerinfo\/wp-json\/wp\/v2\/types\/post"}],"author":[{"embeddable":true,"href":"https:\/\/vosgesinfo.fr\/gerardmerinfo\/wp-json\/wp\/v2\/users\/391"}],"replies":[{"embeddable":true,"href":"https:\/\/vosgesinfo.fr\/gerardmerinfo\/wp-json\/wp\/v2\/comments?post=85693"}],"version-history":[{"count":2,"href":"https:\/\/vosgesinfo.fr\/gerardmerinfo\/wp-json\/wp\/v2\/posts\/85693\/revisions"}],"predecessor-version":[{"id":85701,"href":"https:\/\/vosgesinfo.fr\/gerardmerinfo\/wp-json\/wp\/v2\/posts\/85693\/revisions\/85701"}],"wp:featuredmedia":[{"embeddable":true,"href":"https:\/\/vosgesinfo.fr\/gerardmerinfo\/wp-json\/wp\/v2\/media\/85696"}],"wp:attachment":[{"href":"https:\/\/vosgesinfo.fr\/gerardmerinfo\/wp-json\/wp\/v2\/media?parent=85693"}],"wp:term":[{"taxonomy":"category","embeddable":true,"href":"https:\/\/vosgesinfo.fr\/gerardmerinfo\/wp-json\/wp\/v2\/categories?post=85693"},{"taxonomy":"post_tag","embeddable":true,"href":"https:\/\/vosgesinfo.fr\/gerardmerinfo\/wp-json\/wp\/v2\/tags?post=85693"}],"curies":[{"name":"wp","href":"https:\/\/api.w.org\/{rel}","templated":true}]}}