{"id":85702,"date":"2025-12-13T12:32:09","date_gmt":"2025-12-13T11:32:09","guid":{"rendered":"https:\/\/vosgesinfo.fr\/gerardmerinfo\/?p=85702"},"modified":"2025-12-13T12:59:10","modified_gmt":"2025-12-13T11:59:10","slug":"colette-jean-marie-vicario-comme-au-premier-jour","status":"publish","type":"post","link":"https:\/\/vosgesinfo.fr\/gerardmerinfo\/2025\/12\/colette-jean-marie-vicario-comme-au-premier-jour\/","title":{"rendered":"Colette &#038; Jean-Marie Vicario comme au premier jour !"},"content":{"rendered":"<p data-start=\"50\" data-end=\"507\"><a href=\"https:\/\/vosgesinfo.fr\/app\/uploads\/sites\/6\/2025\/12\/epoux-vicario-noces-platines.jpg\"><img decoding=\"async\" class=\"aligncenter size-medium wp-image-85758\" src=\"https:\/\/vosgesinfo.fr\/app\/uploads\/sites\/6\/2025\/12\/epoux-vicario-noces-platines-300x225.jpg\" alt=\"\" width=\"300\" height=\"225\" srcset=\"https:\/\/vosgesinfo.fr\/app\/uploads\/sites\/6\/2025\/12\/epoux-vicario-noces-platines-300x225.jpg 300w, https:\/\/vosgesinfo.fr\/app\/uploads\/sites\/6\/2025\/12\/epoux-vicario-noces-platines-1024x768.jpg 1024w, https:\/\/vosgesinfo.fr\/app\/uploads\/sites\/6\/2025\/12\/epoux-vicario-noces-platines-768x576.jpg 768w, https:\/\/vosgesinfo.fr\/app\/uploads\/sites\/6\/2025\/12\/epoux-vicario-noces-platines.jpg 1440w\" sizes=\"(max-width: 300px) 100vw, 300px\" \/><\/a><\/p>\n<p data-start=\"50\" data-end=\"507\"><strong>Ce samedi 13 d\u00e9cembre, le Grand Salon de l\u2019H\u00f4tel de Ville a accueilli un moment d\u2019\u00e9motion rare. Entour\u00e9e de leurs enfants, petits-enfants et arri\u00e8re-petits-enfants, la famille Vicario s\u2019est r\u00e9unie pour c\u00e9l\u00e9brer les noces de platine de Jean-Mary et Colette Vicario. L&rsquo;adjointe au maire Nadine Bassi\u00e8re a relu avec plaisir l\u2019acte de mariage du 12 d\u00e9cembre 1955, un document qui scelle d\u00e9sormais soixante-dix ann\u00e9es d\u2019union.<\/strong><\/p>\n<p data-start=\"509\" data-end=\"1091\"><a href=\"https:\/\/vosgesinfo.fr\/app\/uploads\/sites\/6\/2025\/12\/vidario-photo-mariage-2.jpg\"><img decoding=\"async\" class=\"alignright size-medium wp-image-85703\" src=\"https:\/\/vosgesinfo.fr\/app\/uploads\/sites\/6\/2025\/12\/vidario-photo-mariage-2-225x300.jpg\" alt=\"\" width=\"225\" height=\"300\" srcset=\"https:\/\/vosgesinfo.fr\/app\/uploads\/sites\/6\/2025\/12\/vidario-photo-mariage-2-225x300.jpg 225w, https:\/\/vosgesinfo.fr\/app\/uploads\/sites\/6\/2025\/12\/vidario-photo-mariage-2-767x1024.jpg 767w, https:\/\/vosgesinfo.fr\/app\/uploads\/sites\/6\/2025\/12\/vidario-photo-mariage-2-768x1025.jpg 768w, https:\/\/vosgesinfo.fr\/app\/uploads\/sites\/6\/2025\/12\/vidario-photo-mariage-2.jpg 809w\" sizes=\"(max-width: 225px) 100vw, 225px\" \/><\/a>Revenus sp\u00e9cialement en Terre natale pour l\u2019occasion, les \u00e9poux Vicario vivent depuis trois ans \u00e0 Villers-l\u00e8s-Nancy, apr\u00e8s avoir quitt\u00e9 leur logement du b\u00e2timent Z afin de se rapprocher de leurs enfants. Colette, n\u00e9e Perrin, se souvient encore avec pr\u00e9cision de sa premi\u00e8re rencontre avec Jean-Mary : un lundi de P\u00e2ques, le 11 avril 1950, alors qu\u2019elle cueillait des violettes au bord du lac. \u00ab Jean-Mary est venu avec un ami et nous avons fait connaissance \u00bb, raconte-t-elle. \u00ab Nous avions 16 ans tous les deux. J\u2019avais 100 jours de plus qu\u2019elle \u00bb, ajoute son mari avec un sourire.<\/p>\n<p data-start=\"1093\" data-end=\"1687\">Il leur faudra patienter jusqu\u2019\u00e0 leurs 21 ans pour pouvoir se marier, le temps que Jean-Mary accomplisse son service militaire. Leur union du 12 d\u00e9cembre 1955 marque \u00e9galement le d\u00e9but d\u2019une vie professionnelle et familiale bien ancr\u00e9e \u00e0 G\u00e9rardmer. Avant son mariage, Colette vivait chez ses parents, g\u00e9rants de l\u2019H\u00f4tel de France, rue Carnot, \u00e9tablissement ouvert de 1931 \u00e0 1976. Le jeune couple s\u2019installe ensuite dans les cit\u00e9s ouvri\u00e8res de Garnier-Thi\u00e9baut, o\u00f9 Jean-Mary travaille dans le secteur textile : Paris, la Lini\u00e8re de G\u00e9rardmer, puis la fin de carri\u00e8re aux \u00e9tablissements Doridant.<\/p>\n<p data-start=\"1689\" data-end=\"1988\">Quatre enfants viennent agrandir la famille : Maryvonne, Fabienne, Nathalie et Fr\u00e9d\u00e9ric. Aujourd\u2019hui, les Vicario sont les grands-parents de sept petits-enfants et de huit arri\u00e8re-petits-enfants, une descendance qui les entoure avec affection et \u00e9coute leurs r\u00e9cits d\u2019une vie g\u00e9r\u00f4moise bien remplie.<\/p>\n<p data-start=\"1990\" data-end=\"2274\">Tr\u00e8s engag\u00e9 dans la vie locale, Jean-Mary a \u00e9t\u00e9 conseiller municipal de 1992 \u00e0 1998 et b\u00e9n\u00e9vole dans de nombreuses associations : Fantastic\u2019Arts durant dix-huit ans, le Triathlon, le Souvenir Fran\u00e7ais, le Troph\u00e9e Andros, sans oublier les nombreuses activit\u00e9s men\u00e9es avec la classe 54.<\/p>\n<p data-start=\"2276\" data-end=\"2512\">En ce jour de noces de platine, la famille s\u2019est r\u00e9unie au Grand H\u00f4tel pour prolonger la c\u00e9l\u00e9bration autour d\u2019un moment convivial. Une page de vie impressionnante, faite d\u2019amour, d\u2019engagement et d\u2019attachement profond \u00e0 G\u00e9rardmer.<\/p>\n<p data-start=\"2514\" data-end=\"2557\" data-is-last-node=\"\" data-is-only-node=\"\">Toutes nos f\u00e9licitations aux \u00e9poux Vicario !<\/p>\n","protected":false},"excerpt":{"rendered":"<p>Ce samedi 13 d\u00e9cembre, le Grand Salon de l\u2019H\u00f4tel de Ville a accueilli un moment d\u2019\u00e9motion rare. Entour\u00e9e de leurs [&hellip;]<\/p>\n","protected":false},"author":42,"featured_media":85758,"comment_status":"open","ping_status":"open","sticky":false,"template":"","format":"standard","meta":{"footnotes":""},"categories":[20,47,25,5647],"tags":[],"class_list":["post-85702","post","type-post","status-publish","format-standard","has-post-thumbnail","hentry","category-a-la-une","category-etat-civil","category-gerardmer","category-gerardmer-autres-sites"],"acf":[],"yoast_head":"<!-- This site is optimized with the Yoast SEO plugin v22.5 - https:\/\/yoast.com\/wordpress\/plugins\/seo\/ -->\n<title>Colette &amp; Jean-Marie Vicario comme au premier jour ! - Gerardmer Info<\/title>\n<meta name=\"robots\" content=\"index, follow, max-snippet:-1, max-image-preview:large, max-video-preview:-1\" \/>\n<link rel=\"canonical\" href=\"https:\/\/vosgesinfo.fr\/gerardmerinfo\/2025\/12\/colette-jean-marie-vicario-comme-au-premier-jour\/\" \/>\n<meta name=\"twitter:card\" content=\"summary_large_image\" \/>\n<meta name=\"twitter:title\" content=\"Colette &amp; Jean-Marie Vicario comme au premier jour ! - Gerardmer Info\" \/>\n<meta name=\"twitter:description\" content=\"Ce samedi 13 d\u00e9cembre, le Grand Salon de l\u2019H\u00f4tel de Ville a accueilli un moment d\u2019\u00e9motion rare. Entour\u00e9e de leurs [&hellip;]\" \/>\n<meta name=\"twitter:image\" content=\"https:\/\/vosgesinfo.fr\/app\/uploads\/sites\/6\/2025\/12\/epoux-vicario-noces-platines.jpg\" \/>\n<meta name=\"twitter:creator\" content=\"@VosgesInfo88\" \/>\n<meta name=\"twitter:site\" content=\"@VosgesInfo88\" \/>\n<meta name=\"twitter:label1\" content=\"\u00c9crit par\" \/>\n\t<meta name=\"twitter:data1\" content=\"QG\" \/>\n\t<meta name=\"twitter:label2\" content=\"Dur\u00e9e de lecture estim\u00e9e\" \/>\n\t<meta name=\"twitter:data2\" content=\"3 minutes\" \/>\n<script type=\"application\/ld+json\" class=\"yoast-schema-graph\">{\"@context\":\"https:\/\/schema.org\",\"@graph\":[{\"@type\":\"Article\",\"@id\":\"https:\/\/vosgesinfo.fr\/gerardmerinfo\/2025\/12\/colette-jean-marie-vicario-comme-au-premier-jour\/#article\",\"isPartOf\":{\"@id\":\"https:\/\/vosgesinfo.fr\/gerardmerinfo\/2025\/12\/colette-jean-marie-vicario-comme-au-premier-jour\/\"},\"author\":{\"name\":\"QG\",\"@id\":\"https:\/\/vosgesinfo.fr\/gerardmerinfo\/#\/schema\/person\/db5605779a843dad16b5368f3e7613a5\"},\"headline\":\"Colette &#038; Jean-Marie Vicario comme au premier jour !\",\"datePublished\":\"2025-12-13T11:32:09+00:00\",\"dateModified\":\"2025-12-13T11:59:10+00:00\",\"mainEntityOfPage\":{\"@id\":\"https:\/\/vosgesinfo.fr\/gerardmerinfo\/2025\/12\/colette-jean-marie-vicario-comme-au-premier-jour\/\"},\"wordCount\":430,\"commentCount\":12,\"publisher\":{\"@id\":\"https:\/\/vosgesinfo.fr\/gerardmerinfo\/#organization\"},\"image\":{\"@id\":\"https:\/\/vosgesinfo.fr\/gerardmerinfo\/2025\/12\/colette-jean-marie-vicario-comme-au-premier-jour\/#primaryimage\"},\"thumbnailUrl\":\"https:\/\/vosgesinfo.fr\/app\/uploads\/sites\/6\/2025\/12\/epoux-vicario-noces-platines.jpg\",\"articleSection\":[\"A la une\",\"Etat Civil\",\"G\u00e9rardmer\",\"Gerardmer\"],\"inLanguage\":\"fr-FR\",\"potentialAction\":[{\"@type\":\"CommentAction\",\"name\":\"Comment\",\"target\":[\"https:\/\/vosgesinfo.fr\/gerardmerinfo\/2025\/12\/colette-jean-marie-vicario-comme-au-premier-jour\/#respond\"]}]},{\"@type\":\"WebPage\",\"@id\":\"https:\/\/vosgesinfo.fr\/gerardmerinfo\/2025\/12\/colette-jean-marie-vicario-comme-au-premier-jour\/\",\"url\":\"https:\/\/vosgesinfo.fr\/gerardmerinfo\/2025\/12\/colette-jean-marie-vicario-comme-au-premier-jour\/\",\"name\":\"Colette & Jean-Marie Vicario comme au premier jour ! - Gerardmer Info\",\"isPartOf\":{\"@id\":\"https:\/\/vosgesinfo.fr\/gerardmerinfo\/#website\"},\"primaryImageOfPage\":{\"@id\":\"https:\/\/vosgesinfo.fr\/gerardmerinfo\/2025\/12\/colette-jean-marie-vicario-comme-au-premier-jour\/#primaryimage\"},\"image\":{\"@id\":\"https:\/\/vosgesinfo.fr\/gerardmerinfo\/2025\/12\/colette-jean-marie-vicario-comme-au-premier-jour\/#primaryimage\"},\"thumbnailUrl\":\"https:\/\/vosgesinfo.fr\/app\/uploads\/sites\/6\/2025\/12\/epoux-vicario-noces-platines.jpg\",\"datePublished\":\"2025-12-13T11:32:09+00:00\",\"dateModified\":\"2025-12-13T11:59:10+00:00\",\"breadcrumb\":{\"@id\":\"https:\/\/vosgesinfo.fr\/gerardmerinfo\/2025\/12\/colette-jean-marie-vicario-comme-au-premier-jour\/#breadcrumb\"},\"inLanguage\":\"fr-FR\",\"potentialAction\":[{\"@type\":\"ReadAction\",\"target\":[\"https:\/\/vosgesinfo.fr\/gerardmerinfo\/2025\/12\/colette-jean-marie-vicario-comme-au-premier-jour\/\"]}]},{\"@type\":\"ImageObject\",\"inLanguage\":\"fr-FR\",\"@id\":\"https:\/\/vosgesinfo.fr\/gerardmerinfo\/2025\/12\/colette-jean-marie-vicario-comme-au-premier-jour\/#primaryimage\",\"url\":\"https:\/\/vosgesinfo.fr\/app\/uploads\/sites\/6\/2025\/12\/epoux-vicario-noces-platines.jpg\",\"contentUrl\":\"https:\/\/vosgesinfo.fr\/app\/uploads\/sites\/6\/2025\/12\/epoux-vicario-noces-platines.jpg\",\"width\":1440,\"height\":1080},{\"@type\":\"BreadcrumbList\",\"@id\":\"https:\/\/vosgesinfo.fr\/gerardmerinfo\/2025\/12\/colette-jean-marie-vicario-comme-au-premier-jour\/#breadcrumb\",\"itemListElement\":[{\"@type\":\"ListItem\",\"position\":1,\"name\":\"Home\",\"item\":\"https:\/\/vosgesinfo.fr\/gerardmerinfo\/\"},{\"@type\":\"ListItem\",\"position\":2,\"name\":\"Colette &#038; Jean-Marie Vicario comme au premier jour !\"}]},{\"@type\":\"WebSite\",\"@id\":\"https:\/\/vosgesinfo.fr\/gerardmerinfo\/#website\",\"url\":\"https:\/\/vosgesinfo.fr\/gerardmerinfo\/\",\"name\":\"Gerardmer Info\",\"description\":\"Toute l&#039;actualit\u00e9 de G\u00e9rardmer\",\"publisher\":{\"@id\":\"https:\/\/vosgesinfo.fr\/gerardmerinfo\/#organization\"},\"alternateName\":\"Toute l'actualit\u00e9 de G\u00e9rardmer\",\"potentialAction\":[{\"@type\":\"SearchAction\",\"target\":{\"@type\":\"EntryPoint\",\"urlTemplate\":\"https:\/\/vosgesinfo.fr\/gerardmerinfo\/?s={search_term_string}\"},\"query-input\":\"required name=search_term_string\"}],\"inLanguage\":\"fr-FR\"},{\"@type\":\"Organization\",\"@id\":\"https:\/\/vosgesinfo.fr\/gerardmerinfo\/#organization\",\"name\":\"Gerardmer Info\",\"url\":\"https:\/\/vosgesinfo.fr\/gerardmerinfo\/\",\"logo\":{\"@type\":\"ImageObject\",\"inLanguage\":\"fr-FR\",\"@id\":\"https:\/\/vosgesinfo.fr\/gerardmerinfo\/#\/schema\/logo\/image\/\",\"url\":\"https:\/\/vosgesinfo.fr\/app\/uploads\/sites\/6\/2023\/08\/favicon-gerardmerinfo.png\",\"contentUrl\":\"https:\/\/vosgesinfo.fr\/app\/uploads\/sites\/6\/2023\/08\/favicon-gerardmerinfo.png\",\"width\":512,\"height\":512,\"caption\":\"Gerardmer Info\"},\"image\":{\"@id\":\"https:\/\/vosgesinfo.fr\/gerardmerinfo\/#\/schema\/logo\/image\/\"},\"sameAs\":[\"https:\/\/www.facebook.com\/profile.php?id=100049475262660\",\"https:\/\/x.com\/VosgesInfo88\",\"https:\/\/www.youtube.com\/@vosgesinfo\"]},{\"@type\":\"Person\",\"@id\":\"https:\/\/vosgesinfo.fr\/gerardmerinfo\/#\/schema\/person\/db5605779a843dad16b5368f3e7613a5\",\"name\":\"QG\",\"image\":{\"@type\":\"ImageObject\",\"inLanguage\":\"fr-FR\",\"@id\":\"https:\/\/vosgesinfo.fr\/gerardmerinfo\/#\/schema\/person\/image\/\",\"url\":\"https:\/\/secure.gravatar.com\/avatar\/ea80c42c204b534408512832fde52504ecabb9706bcb6151cf6175e5b64e6793?s=96&d=mm&r=g\",\"contentUrl\":\"https:\/\/secure.gravatar.com\/avatar\/ea80c42c204b534408512832fde52504ecabb9706bcb6151cf6175e5b64e6793?s=96&d=mm&r=g\",\"caption\":\"QG\"},\"url\":\"https:\/\/vosgesinfo.fr\/gerardmerinfo\/author\/quentin88\/\"}]}<\/script>\n<!-- \/ Yoast SEO plugin. -->","yoast_head_json":{"title":"Colette & Jean-Marie Vicario comme au premier jour ! - Gerardmer Info","robots":{"index":"index","follow":"follow","max-snippet":"max-snippet:-1","max-image-preview":"max-image-preview:large","max-video-preview":"max-video-preview:-1"},"canonical":"https:\/\/vosgesinfo.fr\/gerardmerinfo\/2025\/12\/colette-jean-marie-vicario-comme-au-premier-jour\/","twitter_card":"summary_large_image","twitter_title":"Colette & Jean-Marie Vicario comme au premier jour ! - Gerardmer Info","twitter_description":"Ce samedi 13 d\u00e9cembre, le Grand Salon de l\u2019H\u00f4tel de Ville a accueilli un moment d\u2019\u00e9motion rare. Entour\u00e9e de leurs [&hellip;]","twitter_image":"https:\/\/vosgesinfo.fr\/app\/uploads\/sites\/6\/2025\/12\/epoux-vicario-noces-platines.jpg","twitter_creator":"@VosgesInfo88","twitter_site":"@VosgesInfo88","twitter_misc":{"\u00c9crit par":"QG","Dur\u00e9e de lecture estim\u00e9e":"3 minutes"},"schema":{"@context":"https:\/\/schema.org","@graph":[{"@type":"Article","@id":"https:\/\/vosgesinfo.fr\/gerardmerinfo\/2025\/12\/colette-jean-marie-vicario-comme-au-premier-jour\/#article","isPartOf":{"@id":"https:\/\/vosgesinfo.fr\/gerardmerinfo\/2025\/12\/colette-jean-marie-vicario-comme-au-premier-jour\/"},"author":{"name":"QG","@id":"https:\/\/vosgesinfo.fr\/gerardmerinfo\/#\/schema\/person\/db5605779a843dad16b5368f3e7613a5"},"headline":"Colette &#038; Jean-Marie Vicario comme au premier jour !","datePublished":"2025-12-13T11:32:09+00:00","dateModified":"2025-12-13T11:59:10+00:00","mainEntityOfPage":{"@id":"https:\/\/vosgesinfo.fr\/gerardmerinfo\/2025\/12\/colette-jean-marie-vicario-comme-au-premier-jour\/"},"wordCount":430,"commentCount":12,"publisher":{"@id":"https:\/\/vosgesinfo.fr\/gerardmerinfo\/#organization"},"image":{"@id":"https:\/\/vosgesinfo.fr\/gerardmerinfo\/2025\/12\/colette-jean-marie-vicario-comme-au-premier-jour\/#primaryimage"},"thumbnailUrl":"https:\/\/vosgesinfo.fr\/app\/uploads\/sites\/6\/2025\/12\/epoux-vicario-noces-platines.jpg","articleSection":["A la une","Etat Civil","G\u00e9rardmer","Gerardmer"],"inLanguage":"fr-FR","potentialAction":[{"@type":"CommentAction","name":"Comment","target":["https:\/\/vosgesinfo.fr\/gerardmerinfo\/2025\/12\/colette-jean-marie-vicario-comme-au-premier-jour\/#respond"]}]},{"@type":"WebPage","@id":"https:\/\/vosgesinfo.fr\/gerardmerinfo\/2025\/12\/colette-jean-marie-vicario-comme-au-premier-jour\/","url":"https:\/\/vosgesinfo.fr\/gerardmerinfo\/2025\/12\/colette-jean-marie-vicario-comme-au-premier-jour\/","name":"Colette & Jean-Marie Vicario comme au premier jour ! - Gerardmer Info","isPartOf":{"@id":"https:\/\/vosgesinfo.fr\/gerardmerinfo\/#website"},"primaryImageOfPage":{"@id":"https:\/\/vosgesinfo.fr\/gerardmerinfo\/2025\/12\/colette-jean-marie-vicario-comme-au-premier-jour\/#primaryimage"},"image":{"@id":"https:\/\/vosgesinfo.fr\/gerardmerinfo\/2025\/12\/colette-jean-marie-vicario-comme-au-premier-jour\/#primaryimage"},"thumbnailUrl":"https:\/\/vosgesinfo.fr\/app\/uploads\/sites\/6\/2025\/12\/epoux-vicario-noces-platines.jpg","datePublished":"2025-12-13T11:32:09+00:00","dateModified":"2025-12-13T11:59:10+00:00","breadcrumb":{"@id":"https:\/\/vosgesinfo.fr\/gerardmerinfo\/2025\/12\/colette-jean-marie-vicario-comme-au-premier-jour\/#breadcrumb"},"inLanguage":"fr-FR","potentialAction":[{"@type":"ReadAction","target":["https:\/\/vosgesinfo.fr\/gerardmerinfo\/2025\/12\/colette-jean-marie-vicario-comme-au-premier-jour\/"]}]},{"@type":"ImageObject","inLanguage":"fr-FR","@id":"https:\/\/vosgesinfo.fr\/gerardmerinfo\/2025\/12\/colette-jean-marie-vicario-comme-au-premier-jour\/#primaryimage","url":"https:\/\/vosgesinfo.fr\/app\/uploads\/sites\/6\/2025\/12\/epoux-vicario-noces-platines.jpg","contentUrl":"https:\/\/vosgesinfo.fr\/app\/uploads\/sites\/6\/2025\/12\/epoux-vicario-noces-platines.jpg","width":1440,"height":1080},{"@type":"BreadcrumbList","@id":"https:\/\/vosgesinfo.fr\/gerardmerinfo\/2025\/12\/colette-jean-marie-vicario-comme-au-premier-jour\/#breadcrumb","itemListElement":[{"@type":"ListItem","position":1,"name":"Home","item":"https:\/\/vosgesinfo.fr\/gerardmerinfo\/"},{"@type":"ListItem","position":2,"name":"Colette &#038; Jean-Marie Vicario comme au premier jour !"}]},{"@type":"WebSite","@id":"https:\/\/vosgesinfo.fr\/gerardmerinfo\/#website","url":"https:\/\/vosgesinfo.fr\/gerardmerinfo\/","name":"Gerardmer Info","description":"Toute l&#039;actualit\u00e9 de G\u00e9rardmer","publisher":{"@id":"https:\/\/vosgesinfo.fr\/gerardmerinfo\/#organization"},"alternateName":"Toute l'actualit\u00e9 de G\u00e9rardmer","potentialAction":[{"@type":"SearchAction","target":{"@type":"EntryPoint","urlTemplate":"https:\/\/vosgesinfo.fr\/gerardmerinfo\/?s={search_term_string}"},"query-input":"required name=search_term_string"}],"inLanguage":"fr-FR"},{"@type":"Organization","@id":"https:\/\/vosgesinfo.fr\/gerardmerinfo\/#organization","name":"Gerardmer Info","url":"https:\/\/vosgesinfo.fr\/gerardmerinfo\/","logo":{"@type":"ImageObject","inLanguage":"fr-FR","@id":"https:\/\/vosgesinfo.fr\/gerardmerinfo\/#\/schema\/logo\/image\/","url":"https:\/\/vosgesinfo.fr\/app\/uploads\/sites\/6\/2023\/08\/favicon-gerardmerinfo.png","contentUrl":"https:\/\/vosgesinfo.fr\/app\/uploads\/sites\/6\/2023\/08\/favicon-gerardmerinfo.png","width":512,"height":512,"caption":"Gerardmer Info"},"image":{"@id":"https:\/\/vosgesinfo.fr\/gerardmerinfo\/#\/schema\/logo\/image\/"},"sameAs":["https:\/\/www.facebook.com\/profile.php?id=100049475262660","https:\/\/x.com\/VosgesInfo88","https:\/\/www.youtube.com\/@vosgesinfo"]},{"@type":"Person","@id":"https:\/\/vosgesinfo.fr\/gerardmerinfo\/#\/schema\/person\/db5605779a843dad16b5368f3e7613a5","name":"QG","image":{"@type":"ImageObject","inLanguage":"fr-FR","@id":"https:\/\/vosgesinfo.fr\/gerardmerinfo\/#\/schema\/person\/image\/","url":"https:\/\/secure.gravatar.com\/avatar\/ea80c42c204b534408512832fde52504ecabb9706bcb6151cf6175e5b64e6793?s=96&d=mm&r=g","contentUrl":"https:\/\/secure.gravatar.com\/avatar\/ea80c42c204b534408512832fde52504ecabb9706bcb6151cf6175e5b64e6793?s=96&d=mm&r=g","caption":"QG"},"url":"https:\/\/vosgesinfo.fr\/gerardmerinfo\/author\/quentin88\/"}]}},"_links":{"self":[{"href":"https:\/\/vosgesinfo.fr\/gerardmerinfo\/wp-json\/wp\/v2\/posts\/85702","targetHints":{"allow":["GET"]}}],"collection":[{"href":"https:\/\/vosgesinfo.fr\/gerardmerinfo\/wp-json\/wp\/v2\/posts"}],"about":[{"href":"https:\/\/vosgesinfo.fr\/gerardmerinfo\/wp-json\/wp\/v2\/types\/post"}],"author":[{"embeddable":true,"href":"https:\/\/vosgesinfo.fr\/gerardmerinfo\/wp-json\/wp\/v2\/users\/42"}],"replies":[{"embeddable":true,"href":"https:\/\/vosgesinfo.fr\/gerardmerinfo\/wp-json\/wp\/v2\/comments?post=85702"}],"version-history":[{"count":4,"href":"https:\/\/vosgesinfo.fr\/gerardmerinfo\/wp-json\/wp\/v2\/posts\/85702\/revisions"}],"predecessor-version":[{"id":85765,"href":"https:\/\/vosgesinfo.fr\/gerardmerinfo\/wp-json\/wp\/v2\/posts\/85702\/revisions\/85765"}],"wp:featuredmedia":[{"embeddable":true,"href":"https:\/\/vosgesinfo.fr\/gerardmerinfo\/wp-json\/wp\/v2\/media\/85758"}],"wp:attachment":[{"href":"https:\/\/vosgesinfo.fr\/gerardmerinfo\/wp-json\/wp\/v2\/media?parent=85702"}],"wp:term":[{"taxonomy":"category","embeddable":true,"href":"https:\/\/vosgesinfo.fr\/gerardmerinfo\/wp-json\/wp\/v2\/categories?post=85702"},{"taxonomy":"post_tag","embeddable":true,"href":"https:\/\/vosgesinfo.fr\/gerardmerinfo\/wp-json\/wp\/v2\/tags?post=85702"}],"curies":[{"name":"wp","href":"https:\/\/api.w.org\/{rel}","templated":true}]}}