{"id":85705,"date":"2025-12-12T05:58:45","date_gmt":"2025-12-12T04:58:45","guid":{"rendered":"https:\/\/vosgesinfo.fr\/gerardmerinfo\/?p=85705"},"modified":"2025-12-11T16:33:18","modified_gmt":"2025-12-11T15:33:18","slug":"cross-unss-le-lycee-pierre-gilles-de-gennes-remporte-le-titre-de-champion-des-vosges-des-lycees-pro","status":"publish","type":"post","link":"https:\/\/vosgesinfo.fr\/gerardmerinfo\/2025\/12\/cross-unss-le-lycee-pierre-gilles-de-gennes-remporte-le-titre-de-champion-des-vosges-des-lycees-pro\/","title":{"rendered":"Cross UNSS : le lyc\u00e9e Pierre-Gilles de Gennes remporte le titre de Champion des Vosges des lyc\u00e9es Pro"},"content":{"rendered":"<p><a href=\"https:\/\/vosgesinfo.fr\/app\/uploads\/sites\/6\/2025\/12\/unss-pierre-gilles-de-gennes-1.jpg\"><img decoding=\"async\" class=\"aligncenter size-large wp-image-85707\" src=\"https:\/\/vosgesinfo.fr\/app\/uploads\/sites\/6\/2025\/12\/unss-pierre-gilles-de-gennes-1-1024x768.jpg\" alt=\"\" width=\"1024\" height=\"768\" srcset=\"https:\/\/vosgesinfo.fr\/app\/uploads\/sites\/6\/2025\/12\/unss-pierre-gilles-de-gennes-1-1024x768.jpg 1024w, https:\/\/vosgesinfo.fr\/app\/uploads\/sites\/6\/2025\/12\/unss-pierre-gilles-de-gennes-1-300x225.jpg 300w, https:\/\/vosgesinfo.fr\/app\/uploads\/sites\/6\/2025\/12\/unss-pierre-gilles-de-gennes-1-768x576.jpg 768w, https:\/\/vosgesinfo.fr\/app\/uploads\/sites\/6\/2025\/12\/unss-pierre-gilles-de-gennes-1.jpg 1440w\" sizes=\"(max-width: 1024px) 100vw, 1024px\" \/><\/a><\/p>\n<p>&nbsp;<\/p>\n<p><strong>18 \u00e9l\u00e8ves du lyc\u00e9e des m\u00e9tiers de l&rsquo;automobile et du transport ont contribuer \u00e0 hisser leur \u00e9tablissement sur la plus haute marche du podium du championnat d\u00e9partemental de cross UNSS. Cerise sur le g\u00e2teau, ils se sont qualifi\u00e9s au championnat Acad\u00e9mique de Nancy-Metz avec une 5\u00e8me place bien m\u00e9rit\u00e9e.<\/strong><\/p>\n<p>Ce jeudi matin, ils \u00e9taient donc accueillis par le proviseur, David Sage ainsi que leurs deux professeurs d&rsquo;EPS C\u00e9dric Moutarlier et \u00c9tienne Ruaux dans le cadre d&rsquo;une sympathique et non-moins m\u00e9rit\u00e9e c\u00e9r\u00e9monie de remise de coupes. Le chef d&rsquo;\u00e9tablissement s&rsquo;est ainsi montr\u00e9 \u00e9logieux \u00e0 l&rsquo;attention de ses \u00e9l\u00e8ves qui se montrent particuli\u00e8rement motiv\u00e9s cette ann\u00e9e, et tout aussi performant en trail comme en cross. De plus David Sage \u00e0 la satisfaction de voir le nombre d&rsquo;inscrits \u00e0 l\u2019UNSS en constante augmentation, le tout avec un esprit d\u2019\u00e9quipe et un collectif qui fait la force du lyc\u00e9e. Esprit dont ils avaient d\u00e9j\u00e0 fait preuve lors du challenge du 1er r\u00e9giment de Tirailleurs.<\/p>\n<p>Cette belle performance constitue \u00e9galement une marque de reconnaissance pour la restauration scolaire qui \u00ab chouchoute ses \u00e9l\u00e8ves \u00bb, mais aussi de la Vie scolaire qui les encourage et des professeurs. On notera d&rsquo;ailleurs que l\u2019intendante du lyc\u00e9e Fr\u00e9d\u00e9rique Gegout \u00e9tait venue avec quelques cadeaux pour les lyc\u00e9ens dont la coupe a trouv\u00e9 sa place dans la vitrine du CDI o\u00f9 sont d\u00e9sormais associ\u00e9s les 18 noms des champions. Enfin, une coupe a sp\u00e9cialement \u00e9t\u00e9 remise \u00e0 Morgane Lalev\u00e9e, seule repr\u00e9sentante f\u00e9minine aujourd\u2019hui en Terminale, et a particip\u00e9 \u00e0 l&rsquo;int\u00e9gralit\u00e9 des courses UNSS jusqu&rsquo;\u00e0 pr\u00e9sent !<\/p>\n<p><a href=\"https:\/\/vosgesinfo.fr\/app\/uploads\/sites\/6\/2025\/12\/unss-pierre-gilles-de-gennes-2.jpg\"><img decoding=\"async\" class=\"aligncenter size-large wp-image-85706\" src=\"https:\/\/vosgesinfo.fr\/app\/uploads\/sites\/6\/2025\/12\/unss-pierre-gilles-de-gennes-2-1024x768.jpg\" alt=\"\" width=\"1024\" height=\"768\" srcset=\"https:\/\/vosgesinfo.fr\/app\/uploads\/sites\/6\/2025\/12\/unss-pierre-gilles-de-gennes-2-1024x768.jpg 1024w, https:\/\/vosgesinfo.fr\/app\/uploads\/sites\/6\/2025\/12\/unss-pierre-gilles-de-gennes-2-300x225.jpg 300w, https:\/\/vosgesinfo.fr\/app\/uploads\/sites\/6\/2025\/12\/unss-pierre-gilles-de-gennes-2-768x576.jpg 768w, https:\/\/vosgesinfo.fr\/app\/uploads\/sites\/6\/2025\/12\/unss-pierre-gilles-de-gennes-2.jpg 1440w\" sizes=\"(max-width: 1024px) 100vw, 1024px\" \/><\/a><\/p>\n","protected":false},"excerpt":{"rendered":"<p>&nbsp; 18 \u00e9l\u00e8ves du lyc\u00e9e des m\u00e9tiers de l&rsquo;automobile et du transport ont contribuer \u00e0 hisser leur \u00e9tablissement sur la [&hellip;]<\/p>\n","protected":false},"author":42,"featured_media":85706,"comment_status":"open","ping_status":"open","sticky":false,"template":"","format":"standard","meta":{"footnotes":""},"categories":[20,6,25,5647,14],"tags":[5637,544,772],"class_list":["post-85705","post","type-post","status-publish","format-standard","has-post-thumbnail","hentry","category-a-la-une","category-education","category-gerardmer","category-gerardmer-autres-sites","category-sport","tag-david-sage","tag-lycee-pierre-gilles-de-gennes","tag-unss"],"acf":[],"yoast_head":"<!-- This site is optimized with the Yoast SEO plugin v22.5 - https:\/\/yoast.com\/wordpress\/plugins\/seo\/ -->\n<title>Cross UNSS : le lyc\u00e9e Pierre-Gilles de Gennes remporte le titre de Champion des Vosges des lyc\u00e9es Pro - Gerardmer Info<\/title>\n<meta name=\"robots\" content=\"index, follow, max-snippet:-1, max-image-preview:large, max-video-preview:-1\" \/>\n<link rel=\"canonical\" href=\"https:\/\/vosgesinfo.fr\/gerardmerinfo\/2025\/12\/cross-unss-le-lycee-pierre-gilles-de-gennes-remporte-le-titre-de-champion-des-vosges-des-lycees-pro\/\" \/>\n<meta name=\"twitter:card\" content=\"summary_large_image\" \/>\n<meta name=\"twitter:title\" content=\"Cross UNSS : le lyc\u00e9e Pierre-Gilles de Gennes remporte le titre de Champion des Vosges des lyc\u00e9es Pro - Gerardmer Info\" \/>\n<meta name=\"twitter:description\" content=\"&nbsp; 18 \u00e9l\u00e8ves du lyc\u00e9e des m\u00e9tiers de l&rsquo;automobile et du transport ont contribuer \u00e0 hisser leur \u00e9tablissement sur la [&hellip;]\" \/>\n<meta name=\"twitter:image\" content=\"https:\/\/vosgesinfo.fr\/app\/uploads\/sites\/6\/2025\/12\/unss-pierre-gilles-de-gennes-2.jpg\" \/>\n<meta name=\"twitter:creator\" content=\"@VosgesInfo88\" \/>\n<meta name=\"twitter:site\" content=\"@VosgesInfo88\" \/>\n<meta name=\"twitter:label1\" content=\"\u00c9crit par\" \/>\n\t<meta name=\"twitter:data1\" content=\"QG\" \/>\n\t<meta name=\"twitter:label2\" content=\"Dur\u00e9e de lecture estim\u00e9e\" \/>\n\t<meta name=\"twitter:data2\" content=\"2 minutes\" \/>\n<script type=\"application\/ld+json\" class=\"yoast-schema-graph\">{\"@context\":\"https:\/\/schema.org\",\"@graph\":[{\"@type\":\"Article\",\"@id\":\"https:\/\/vosgesinfo.fr\/gerardmerinfo\/2025\/12\/cross-unss-le-lycee-pierre-gilles-de-gennes-remporte-le-titre-de-champion-des-vosges-des-lycees-pro\/#article\",\"isPartOf\":{\"@id\":\"https:\/\/vosgesinfo.fr\/gerardmerinfo\/2025\/12\/cross-unss-le-lycee-pierre-gilles-de-gennes-remporte-le-titre-de-champion-des-vosges-des-lycees-pro\/\"},\"author\":{\"name\":\"QG\",\"@id\":\"https:\/\/vosgesinfo.fr\/gerardmerinfo\/#\/schema\/person\/db5605779a843dad16b5368f3e7613a5\"},\"headline\":\"Cross UNSS : le lyc\u00e9e Pierre-Gilles de Gennes remporte le titre de Champion des Vosges des lyc\u00e9es Pro\",\"datePublished\":\"2025-12-12T04:58:45+00:00\",\"dateModified\":\"2025-12-11T15:33:18+00:00\",\"mainEntityOfPage\":{\"@id\":\"https:\/\/vosgesinfo.fr\/gerardmerinfo\/2025\/12\/cross-unss-le-lycee-pierre-gilles-de-gennes-remporte-le-titre-de-champion-des-vosges-des-lycees-pro\/\"},\"wordCount\":312,\"commentCount\":0,\"publisher\":{\"@id\":\"https:\/\/vosgesinfo.fr\/gerardmerinfo\/#organization\"},\"image\":{\"@id\":\"https:\/\/vosgesinfo.fr\/gerardmerinfo\/2025\/12\/cross-unss-le-lycee-pierre-gilles-de-gennes-remporte-le-titre-de-champion-des-vosges-des-lycees-pro\/#primaryimage\"},\"thumbnailUrl\":\"https:\/\/vosgesinfo.fr\/app\/uploads\/sites\/6\/2025\/12\/unss-pierre-gilles-de-gennes-2.jpg\",\"keywords\":[\"David Sage\",\"lyc\u00e9e pierre gilles de gennes\",\"unss\"],\"articleSection\":[\"A la une\",\"\u00c9ducation\",\"G\u00e9rardmer\",\"Gerardmer\",\"Sport\"],\"inLanguage\":\"fr-FR\",\"potentialAction\":[{\"@type\":\"CommentAction\",\"name\":\"Comment\",\"target\":[\"https:\/\/vosgesinfo.fr\/gerardmerinfo\/2025\/12\/cross-unss-le-lycee-pierre-gilles-de-gennes-remporte-le-titre-de-champion-des-vosges-des-lycees-pro\/#respond\"]}]},{\"@type\":\"WebPage\",\"@id\":\"https:\/\/vosgesinfo.fr\/gerardmerinfo\/2025\/12\/cross-unss-le-lycee-pierre-gilles-de-gennes-remporte-le-titre-de-champion-des-vosges-des-lycees-pro\/\",\"url\":\"https:\/\/vosgesinfo.fr\/gerardmerinfo\/2025\/12\/cross-unss-le-lycee-pierre-gilles-de-gennes-remporte-le-titre-de-champion-des-vosges-des-lycees-pro\/\",\"name\":\"Cross UNSS : le lyc\u00e9e Pierre-Gilles de Gennes remporte le titre de Champion des Vosges des lyc\u00e9es Pro - Gerardmer Info\",\"isPartOf\":{\"@id\":\"https:\/\/vosgesinfo.fr\/gerardmerinfo\/#website\"},\"primaryImageOfPage\":{\"@id\":\"https:\/\/vosgesinfo.fr\/gerardmerinfo\/2025\/12\/cross-unss-le-lycee-pierre-gilles-de-gennes-remporte-le-titre-de-champion-des-vosges-des-lycees-pro\/#primaryimage\"},\"image\":{\"@id\":\"https:\/\/vosgesinfo.fr\/gerardmerinfo\/2025\/12\/cross-unss-le-lycee-pierre-gilles-de-gennes-remporte-le-titre-de-champion-des-vosges-des-lycees-pro\/#primaryimage\"},\"thumbnailUrl\":\"https:\/\/vosgesinfo.fr\/app\/uploads\/sites\/6\/2025\/12\/unss-pierre-gilles-de-gennes-2.jpg\",\"datePublished\":\"2025-12-12T04:58:45+00:00\",\"dateModified\":\"2025-12-11T15:33:18+00:00\",\"breadcrumb\":{\"@id\":\"https:\/\/vosgesinfo.fr\/gerardmerinfo\/2025\/12\/cross-unss-le-lycee-pierre-gilles-de-gennes-remporte-le-titre-de-champion-des-vosges-des-lycees-pro\/#breadcrumb\"},\"inLanguage\":\"fr-FR\",\"potentialAction\":[{\"@type\":\"ReadAction\",\"target\":[\"https:\/\/vosgesinfo.fr\/gerardmerinfo\/2025\/12\/cross-unss-le-lycee-pierre-gilles-de-gennes-remporte-le-titre-de-champion-des-vosges-des-lycees-pro\/\"]}]},{\"@type\":\"ImageObject\",\"inLanguage\":\"fr-FR\",\"@id\":\"https:\/\/vosgesinfo.fr\/gerardmerinfo\/2025\/12\/cross-unss-le-lycee-pierre-gilles-de-gennes-remporte-le-titre-de-champion-des-vosges-des-lycees-pro\/#primaryimage\",\"url\":\"https:\/\/vosgesinfo.fr\/app\/uploads\/sites\/6\/2025\/12\/unss-pierre-gilles-de-gennes-2.jpg\",\"contentUrl\":\"https:\/\/vosgesinfo.fr\/app\/uploads\/sites\/6\/2025\/12\/unss-pierre-gilles-de-gennes-2.jpg\",\"width\":1440,\"height\":1080},{\"@type\":\"BreadcrumbList\",\"@id\":\"https:\/\/vosgesinfo.fr\/gerardmerinfo\/2025\/12\/cross-unss-le-lycee-pierre-gilles-de-gennes-remporte-le-titre-de-champion-des-vosges-des-lycees-pro\/#breadcrumb\",\"itemListElement\":[{\"@type\":\"ListItem\",\"position\":1,\"name\":\"Home\",\"item\":\"https:\/\/vosgesinfo.fr\/gerardmerinfo\/\"},{\"@type\":\"ListItem\",\"position\":2,\"name\":\"Cross UNSS : le lyc\u00e9e Pierre-Gilles de Gennes remporte le titre de Champion des Vosges des lyc\u00e9es Pro\"}]},{\"@type\":\"WebSite\",\"@id\":\"https:\/\/vosgesinfo.fr\/gerardmerinfo\/#website\",\"url\":\"https:\/\/vosgesinfo.fr\/gerardmerinfo\/\",\"name\":\"Gerardmer Info\",\"description\":\"Toute l&#039;actualit\u00e9 de G\u00e9rardmer\",\"publisher\":{\"@id\":\"https:\/\/vosgesinfo.fr\/gerardmerinfo\/#organization\"},\"alternateName\":\"Toute l'actualit\u00e9 de G\u00e9rardmer\",\"potentialAction\":[{\"@type\":\"SearchAction\",\"target\":{\"@type\":\"EntryPoint\",\"urlTemplate\":\"https:\/\/vosgesinfo.fr\/gerardmerinfo\/?s={search_term_string}\"},\"query-input\":\"required name=search_term_string\"}],\"inLanguage\":\"fr-FR\"},{\"@type\":\"Organization\",\"@id\":\"https:\/\/vosgesinfo.fr\/gerardmerinfo\/#organization\",\"name\":\"Gerardmer Info\",\"url\":\"https:\/\/vosgesinfo.fr\/gerardmerinfo\/\",\"logo\":{\"@type\":\"ImageObject\",\"inLanguage\":\"fr-FR\",\"@id\":\"https:\/\/vosgesinfo.fr\/gerardmerinfo\/#\/schema\/logo\/image\/\",\"url\":\"https:\/\/vosgesinfo.fr\/app\/uploads\/sites\/6\/2023\/08\/favicon-gerardmerinfo.png\",\"contentUrl\":\"https:\/\/vosgesinfo.fr\/app\/uploads\/sites\/6\/2023\/08\/favicon-gerardmerinfo.png\",\"width\":512,\"height\":512,\"caption\":\"Gerardmer Info\"},\"image\":{\"@id\":\"https:\/\/vosgesinfo.fr\/gerardmerinfo\/#\/schema\/logo\/image\/\"},\"sameAs\":[\"https:\/\/www.facebook.com\/profile.php?id=100049475262660\",\"https:\/\/x.com\/VosgesInfo88\",\"https:\/\/www.youtube.com\/@vosgesinfo\"]},{\"@type\":\"Person\",\"@id\":\"https:\/\/vosgesinfo.fr\/gerardmerinfo\/#\/schema\/person\/db5605779a843dad16b5368f3e7613a5\",\"name\":\"QG\",\"image\":{\"@type\":\"ImageObject\",\"inLanguage\":\"fr-FR\",\"@id\":\"https:\/\/vosgesinfo.fr\/gerardmerinfo\/#\/schema\/person\/image\/\",\"url\":\"https:\/\/secure.gravatar.com\/avatar\/ea80c42c204b534408512832fde52504ecabb9706bcb6151cf6175e5b64e6793?s=96&d=mm&r=g\",\"contentUrl\":\"https:\/\/secure.gravatar.com\/avatar\/ea80c42c204b534408512832fde52504ecabb9706bcb6151cf6175e5b64e6793?s=96&d=mm&r=g\",\"caption\":\"QG\"},\"url\":\"https:\/\/vosgesinfo.fr\/gerardmerinfo\/author\/quentin88\/\"}]}<\/script>\n<!-- \/ Yoast SEO plugin. -->","yoast_head_json":{"title":"Cross UNSS : le lyc\u00e9e Pierre-Gilles de Gennes remporte le titre de Champion des Vosges des lyc\u00e9es Pro - Gerardmer Info","robots":{"index":"index","follow":"follow","max-snippet":"max-snippet:-1","max-image-preview":"max-image-preview:large","max-video-preview":"max-video-preview:-1"},"canonical":"https:\/\/vosgesinfo.fr\/gerardmerinfo\/2025\/12\/cross-unss-le-lycee-pierre-gilles-de-gennes-remporte-le-titre-de-champion-des-vosges-des-lycees-pro\/","twitter_card":"summary_large_image","twitter_title":"Cross UNSS : le lyc\u00e9e Pierre-Gilles de Gennes remporte le titre de Champion des Vosges des lyc\u00e9es Pro - Gerardmer Info","twitter_description":"&nbsp; 18 \u00e9l\u00e8ves du lyc\u00e9e des m\u00e9tiers de l&rsquo;automobile et du transport ont contribuer \u00e0 hisser leur \u00e9tablissement sur la [&hellip;]","twitter_image":"https:\/\/vosgesinfo.fr\/app\/uploads\/sites\/6\/2025\/12\/unss-pierre-gilles-de-gennes-2.jpg","twitter_creator":"@VosgesInfo88","twitter_site":"@VosgesInfo88","twitter_misc":{"\u00c9crit par":"QG","Dur\u00e9e de lecture estim\u00e9e":"2 minutes"},"schema":{"@context":"https:\/\/schema.org","@graph":[{"@type":"Article","@id":"https:\/\/vosgesinfo.fr\/gerardmerinfo\/2025\/12\/cross-unss-le-lycee-pierre-gilles-de-gennes-remporte-le-titre-de-champion-des-vosges-des-lycees-pro\/#article","isPartOf":{"@id":"https:\/\/vosgesinfo.fr\/gerardmerinfo\/2025\/12\/cross-unss-le-lycee-pierre-gilles-de-gennes-remporte-le-titre-de-champion-des-vosges-des-lycees-pro\/"},"author":{"name":"QG","@id":"https:\/\/vosgesinfo.fr\/gerardmerinfo\/#\/schema\/person\/db5605779a843dad16b5368f3e7613a5"},"headline":"Cross UNSS : le lyc\u00e9e Pierre-Gilles de Gennes remporte le titre de Champion des Vosges des lyc\u00e9es Pro","datePublished":"2025-12-12T04:58:45+00:00","dateModified":"2025-12-11T15:33:18+00:00","mainEntityOfPage":{"@id":"https:\/\/vosgesinfo.fr\/gerardmerinfo\/2025\/12\/cross-unss-le-lycee-pierre-gilles-de-gennes-remporte-le-titre-de-champion-des-vosges-des-lycees-pro\/"},"wordCount":312,"commentCount":0,"publisher":{"@id":"https:\/\/vosgesinfo.fr\/gerardmerinfo\/#organization"},"image":{"@id":"https:\/\/vosgesinfo.fr\/gerardmerinfo\/2025\/12\/cross-unss-le-lycee-pierre-gilles-de-gennes-remporte-le-titre-de-champion-des-vosges-des-lycees-pro\/#primaryimage"},"thumbnailUrl":"https:\/\/vosgesinfo.fr\/app\/uploads\/sites\/6\/2025\/12\/unss-pierre-gilles-de-gennes-2.jpg","keywords":["David Sage","lyc\u00e9e pierre gilles de gennes","unss"],"articleSection":["A la une","\u00c9ducation","G\u00e9rardmer","Gerardmer","Sport"],"inLanguage":"fr-FR","potentialAction":[{"@type":"CommentAction","name":"Comment","target":["https:\/\/vosgesinfo.fr\/gerardmerinfo\/2025\/12\/cross-unss-le-lycee-pierre-gilles-de-gennes-remporte-le-titre-de-champion-des-vosges-des-lycees-pro\/#respond"]}]},{"@type":"WebPage","@id":"https:\/\/vosgesinfo.fr\/gerardmerinfo\/2025\/12\/cross-unss-le-lycee-pierre-gilles-de-gennes-remporte-le-titre-de-champion-des-vosges-des-lycees-pro\/","url":"https:\/\/vosgesinfo.fr\/gerardmerinfo\/2025\/12\/cross-unss-le-lycee-pierre-gilles-de-gennes-remporte-le-titre-de-champion-des-vosges-des-lycees-pro\/","name":"Cross UNSS : le lyc\u00e9e Pierre-Gilles de Gennes remporte le titre de Champion des Vosges des lyc\u00e9es Pro - Gerardmer Info","isPartOf":{"@id":"https:\/\/vosgesinfo.fr\/gerardmerinfo\/#website"},"primaryImageOfPage":{"@id":"https:\/\/vosgesinfo.fr\/gerardmerinfo\/2025\/12\/cross-unss-le-lycee-pierre-gilles-de-gennes-remporte-le-titre-de-champion-des-vosges-des-lycees-pro\/#primaryimage"},"image":{"@id":"https:\/\/vosgesinfo.fr\/gerardmerinfo\/2025\/12\/cross-unss-le-lycee-pierre-gilles-de-gennes-remporte-le-titre-de-champion-des-vosges-des-lycees-pro\/#primaryimage"},"thumbnailUrl":"https:\/\/vosgesinfo.fr\/app\/uploads\/sites\/6\/2025\/12\/unss-pierre-gilles-de-gennes-2.jpg","datePublished":"2025-12-12T04:58:45+00:00","dateModified":"2025-12-11T15:33:18+00:00","breadcrumb":{"@id":"https:\/\/vosgesinfo.fr\/gerardmerinfo\/2025\/12\/cross-unss-le-lycee-pierre-gilles-de-gennes-remporte-le-titre-de-champion-des-vosges-des-lycees-pro\/#breadcrumb"},"inLanguage":"fr-FR","potentialAction":[{"@type":"ReadAction","target":["https:\/\/vosgesinfo.fr\/gerardmerinfo\/2025\/12\/cross-unss-le-lycee-pierre-gilles-de-gennes-remporte-le-titre-de-champion-des-vosges-des-lycees-pro\/"]}]},{"@type":"ImageObject","inLanguage":"fr-FR","@id":"https:\/\/vosgesinfo.fr\/gerardmerinfo\/2025\/12\/cross-unss-le-lycee-pierre-gilles-de-gennes-remporte-le-titre-de-champion-des-vosges-des-lycees-pro\/#primaryimage","url":"https:\/\/vosgesinfo.fr\/app\/uploads\/sites\/6\/2025\/12\/unss-pierre-gilles-de-gennes-2.jpg","contentUrl":"https:\/\/vosgesinfo.fr\/app\/uploads\/sites\/6\/2025\/12\/unss-pierre-gilles-de-gennes-2.jpg","width":1440,"height":1080},{"@type":"BreadcrumbList","@id":"https:\/\/vosgesinfo.fr\/gerardmerinfo\/2025\/12\/cross-unss-le-lycee-pierre-gilles-de-gennes-remporte-le-titre-de-champion-des-vosges-des-lycees-pro\/#breadcrumb","itemListElement":[{"@type":"ListItem","position":1,"name":"Home","item":"https:\/\/vosgesinfo.fr\/gerardmerinfo\/"},{"@type":"ListItem","position":2,"name":"Cross UNSS : le lyc\u00e9e Pierre-Gilles de Gennes remporte le titre de Champion des Vosges des lyc\u00e9es Pro"}]},{"@type":"WebSite","@id":"https:\/\/vosgesinfo.fr\/gerardmerinfo\/#website","url":"https:\/\/vosgesinfo.fr\/gerardmerinfo\/","name":"Gerardmer Info","description":"Toute l&#039;actualit\u00e9 de G\u00e9rardmer","publisher":{"@id":"https:\/\/vosgesinfo.fr\/gerardmerinfo\/#organization"},"alternateName":"Toute l'actualit\u00e9 de G\u00e9rardmer","potentialAction":[{"@type":"SearchAction","target":{"@type":"EntryPoint","urlTemplate":"https:\/\/vosgesinfo.fr\/gerardmerinfo\/?s={search_term_string}"},"query-input":"required name=search_term_string"}],"inLanguage":"fr-FR"},{"@type":"Organization","@id":"https:\/\/vosgesinfo.fr\/gerardmerinfo\/#organization","name":"Gerardmer Info","url":"https:\/\/vosgesinfo.fr\/gerardmerinfo\/","logo":{"@type":"ImageObject","inLanguage":"fr-FR","@id":"https:\/\/vosgesinfo.fr\/gerardmerinfo\/#\/schema\/logo\/image\/","url":"https:\/\/vosgesinfo.fr\/app\/uploads\/sites\/6\/2023\/08\/favicon-gerardmerinfo.png","contentUrl":"https:\/\/vosgesinfo.fr\/app\/uploads\/sites\/6\/2023\/08\/favicon-gerardmerinfo.png","width":512,"height":512,"caption":"Gerardmer Info"},"image":{"@id":"https:\/\/vosgesinfo.fr\/gerardmerinfo\/#\/schema\/logo\/image\/"},"sameAs":["https:\/\/www.facebook.com\/profile.php?id=100049475262660","https:\/\/x.com\/VosgesInfo88","https:\/\/www.youtube.com\/@vosgesinfo"]},{"@type":"Person","@id":"https:\/\/vosgesinfo.fr\/gerardmerinfo\/#\/schema\/person\/db5605779a843dad16b5368f3e7613a5","name":"QG","image":{"@type":"ImageObject","inLanguage":"fr-FR","@id":"https:\/\/vosgesinfo.fr\/gerardmerinfo\/#\/schema\/person\/image\/","url":"https:\/\/secure.gravatar.com\/avatar\/ea80c42c204b534408512832fde52504ecabb9706bcb6151cf6175e5b64e6793?s=96&d=mm&r=g","contentUrl":"https:\/\/secure.gravatar.com\/avatar\/ea80c42c204b534408512832fde52504ecabb9706bcb6151cf6175e5b64e6793?s=96&d=mm&r=g","caption":"QG"},"url":"https:\/\/vosgesinfo.fr\/gerardmerinfo\/author\/quentin88\/"}]}},"_links":{"self":[{"href":"https:\/\/vosgesinfo.fr\/gerardmerinfo\/wp-json\/wp\/v2\/posts\/85705","targetHints":{"allow":["GET"]}}],"collection":[{"href":"https:\/\/vosgesinfo.fr\/gerardmerinfo\/wp-json\/wp\/v2\/posts"}],"about":[{"href":"https:\/\/vosgesinfo.fr\/gerardmerinfo\/wp-json\/wp\/v2\/types\/post"}],"author":[{"embeddable":true,"href":"https:\/\/vosgesinfo.fr\/gerardmerinfo\/wp-json\/wp\/v2\/users\/42"}],"replies":[{"embeddable":true,"href":"https:\/\/vosgesinfo.fr\/gerardmerinfo\/wp-json\/wp\/v2\/comments?post=85705"}],"version-history":[{"count":2,"href":"https:\/\/vosgesinfo.fr\/gerardmerinfo\/wp-json\/wp\/v2\/posts\/85705\/revisions"}],"predecessor-version":[{"id":85709,"href":"https:\/\/vosgesinfo.fr\/gerardmerinfo\/wp-json\/wp\/v2\/posts\/85705\/revisions\/85709"}],"wp:featuredmedia":[{"embeddable":true,"href":"https:\/\/vosgesinfo.fr\/gerardmerinfo\/wp-json\/wp\/v2\/media\/85706"}],"wp:attachment":[{"href":"https:\/\/vosgesinfo.fr\/gerardmerinfo\/wp-json\/wp\/v2\/media?parent=85705"}],"wp:term":[{"taxonomy":"category","embeddable":true,"href":"https:\/\/vosgesinfo.fr\/gerardmerinfo\/wp-json\/wp\/v2\/categories?post=85705"},{"taxonomy":"post_tag","embeddable":true,"href":"https:\/\/vosgesinfo.fr\/gerardmerinfo\/wp-json\/wp\/v2\/tags?post=85705"}],"curies":[{"name":"wp","href":"https:\/\/api.w.org\/{rel}","templated":true}]}}