{"id":85710,"date":"2025-12-13T05:56:03","date_gmt":"2025-12-13T04:56:03","guid":{"rendered":"https:\/\/vosgesinfo.fr\/gerardmerinfo\/?p=85710"},"modified":"2025-12-12T19:36:56","modified_gmt":"2025-12-12T18:36:56","slug":"une-collecte-de-jouets-pour-les-restos-du-coeur","status":"publish","type":"post","link":"https:\/\/vosgesinfo.fr\/gerardmerinfo\/2025\/12\/une-collecte-de-jouets-pour-les-restos-du-coeur\/","title":{"rendered":"Une collecte de jouets pour les Restos du C\u0153ur"},"content":{"rendered":"<p data-start=\"92\" data-end=\"176\"><a href=\"https:\/\/vosgesinfo.fr\/app\/uploads\/sites\/6\/2025\/12\/jouets-restos-du-coeur-haie-griselle.jpg\"><img decoding=\"async\" class=\"aligncenter size-large wp-image-85711\" src=\"https:\/\/vosgesinfo.fr\/app\/uploads\/sites\/6\/2025\/12\/jouets-restos-du-coeur-haie-griselle-1024x768.jpg\" alt=\"\" width=\"1024\" height=\"768\" srcset=\"https:\/\/vosgesinfo.fr\/app\/uploads\/sites\/6\/2025\/12\/jouets-restos-du-coeur-haie-griselle-1024x768.jpg 1024w, https:\/\/vosgesinfo.fr\/app\/uploads\/sites\/6\/2025\/12\/jouets-restos-du-coeur-haie-griselle-300x225.jpg 300w, https:\/\/vosgesinfo.fr\/app\/uploads\/sites\/6\/2025\/12\/jouets-restos-du-coeur-haie-griselle-768x576.jpg 768w, https:\/\/vosgesinfo.fr\/app\/uploads\/sites\/6\/2025\/12\/jouets-restos-du-coeur-haie-griselle.jpg 1440w\" sizes=\"(max-width: 1024px) 100vw, 1024px\" \/><\/a><\/p>\n<p data-start=\"178\" data-end=\"483\">Jeudi apr\u00e8s-midi, la Cit\u00e9 scolaire de G\u00e9rardmer a accueilli Jocelyne Keller, responsable d\u00e9partementale des Manifestations des Restos du C\u0153ur, ainsi que Jean-Yves Lottin, secr\u00e9taire d\u00e9partemental, venus saluer l\u2019initiative men\u00e9e par le Conseil de la Vie Lyc\u00e9enne (CVL) et le Conseil de la Vie Coll\u00e9gienne.<\/p>\n<p data-start=\"485\" data-end=\"835\">Sous l\u2019impulsion de Caroline Jeanselme, vice-pr\u00e9sidente du CVL, et avec l\u2019appui de Christine Georget, CPE, les \u00e9l\u00e8ves ont organis\u00e9 une grande collecte de jouets du 20 novembre \u00e0 ce jour. Lyc\u00e9ens et coll\u00e9giens ont largement particip\u00e9, allant jusqu\u2019\u00e0 vider leurs propres placards pour garnir les nombreuses caisses remplies de jouets en excellent \u00e9tat.<\/p>\n<p data-start=\"837\" data-end=\"1273\">Une mobilisation qui a particuli\u00e8rement touch\u00e9 les Restos du C\u0153ur. \u00ab La cause des enfants nous tient \u00e0 c\u0153ur, et cette d\u00e9marche correspond pleinement \u00e0 notre mission de solidarit\u00e9 autour des f\u00eates de No\u00ebl \u00bb, souligne Jocelyne Keller. Les jouets destin\u00e9s aux tout-petits rejoindront le P\u00f4le petite enfance d\u2019\u00c9pinal, qui accueille mamans et b\u00e9b\u00e9s de 0 \u00e0 3 ans. Les autres seront distribu\u00e9s dans les 25 antennes vosgiennes de l\u2019association.<\/p>\n<p data-start=\"1275\" data-end=\"1420\" data-is-last-node=\"\" data-is-only-node=\"\">Les b\u00e9n\u00e9voles ont chaleureusement remerci\u00e9 ces \u00ab lutins \u00bb de G\u00e9rardmer, dont l\u2019engagement offrira un beau coup de pouce au P\u00e8re No\u00ebl cette ann\u00e9e.<\/p>\n","protected":false},"excerpt":{"rendered":"<p>Jeudi apr\u00e8s-midi, la Cit\u00e9 scolaire de G\u00e9rardmer a accueilli Jocelyne Keller, responsable d\u00e9partementale des Manifestations des Restos du C\u0153ur, ainsi [&hellip;]<\/p>\n","protected":false},"author":42,"featured_media":85711,"comment_status":"open","ping_status":"open","sticky":false,"template":"","format":"standard","meta":{"footnotes":""},"categories":[20,6,5647,25,26,17],"tags":[],"class_list":["post-85710","post","type-post","status-publish","format-standard","has-post-thumbnail","hentry","category-a-la-une","category-education","category-gerardmer-autres-sites","category-gerardmer","category-solidarite","category-vie-associative"],"acf":[],"yoast_head":"<!-- This site is optimized with the Yoast SEO plugin v22.5 - https:\/\/yoast.com\/wordpress\/plugins\/seo\/ -->\n<title>Une collecte de jouets pour les Restos du C\u0153ur - Gerardmer Info<\/title>\n<meta name=\"robots\" content=\"index, follow, max-snippet:-1, max-image-preview:large, max-video-preview:-1\" \/>\n<link rel=\"canonical\" href=\"https:\/\/vosgesinfo.fr\/gerardmerinfo\/2025\/12\/une-collecte-de-jouets-pour-les-restos-du-coeur\/\" \/>\n<meta name=\"twitter:card\" content=\"summary_large_image\" \/>\n<meta name=\"twitter:title\" content=\"Une collecte de jouets pour les Restos du C\u0153ur - Gerardmer Info\" \/>\n<meta name=\"twitter:description\" content=\"Jeudi apr\u00e8s-midi, la Cit\u00e9 scolaire de G\u00e9rardmer a accueilli Jocelyne Keller, responsable d\u00e9partementale des Manifestations des Restos du C\u0153ur, ainsi [&hellip;]\" \/>\n<meta name=\"twitter:image\" content=\"https:\/\/vosgesinfo.fr\/app\/uploads\/sites\/6\/2025\/12\/jouets-restos-du-coeur-haie-griselle.jpg\" \/>\n<meta name=\"twitter:creator\" content=\"@VosgesInfo88\" \/>\n<meta name=\"twitter:site\" content=\"@VosgesInfo88\" \/>\n<meta name=\"twitter:label1\" content=\"\u00c9crit par\" \/>\n\t<meta name=\"twitter:data1\" content=\"QG\" \/>\n\t<meta name=\"twitter:label2\" content=\"Dur\u00e9e de lecture estim\u00e9e\" \/>\n\t<meta name=\"twitter:data2\" content=\"2 minutes\" \/>\n<script type=\"application\/ld+json\" class=\"yoast-schema-graph\">{\"@context\":\"https:\/\/schema.org\",\"@graph\":[{\"@type\":\"Article\",\"@id\":\"https:\/\/vosgesinfo.fr\/gerardmerinfo\/2025\/12\/une-collecte-de-jouets-pour-les-restos-du-coeur\/#article\",\"isPartOf\":{\"@id\":\"https:\/\/vosgesinfo.fr\/gerardmerinfo\/2025\/12\/une-collecte-de-jouets-pour-les-restos-du-coeur\/\"},\"author\":{\"name\":\"QG\",\"@id\":\"https:\/\/vosgesinfo.fr\/gerardmerinfo\/#\/schema\/person\/db5605779a843dad16b5368f3e7613a5\"},\"headline\":\"Une collecte de jouets pour les Restos du C\u0153ur\",\"datePublished\":\"2025-12-13T04:56:03+00:00\",\"dateModified\":\"2025-12-12T18:36:56+00:00\",\"mainEntityOfPage\":{\"@id\":\"https:\/\/vosgesinfo.fr\/gerardmerinfo\/2025\/12\/une-collecte-de-jouets-pour-les-restos-du-coeur\/\"},\"wordCount\":225,\"commentCount\":0,\"publisher\":{\"@id\":\"https:\/\/vosgesinfo.fr\/gerardmerinfo\/#organization\"},\"image\":{\"@id\":\"https:\/\/vosgesinfo.fr\/gerardmerinfo\/2025\/12\/une-collecte-de-jouets-pour-les-restos-du-coeur\/#primaryimage\"},\"thumbnailUrl\":\"https:\/\/vosgesinfo.fr\/app\/uploads\/sites\/6\/2025\/12\/jouets-restos-du-coeur-haie-griselle.jpg\",\"articleSection\":[\"A la une\",\"\u00c9ducation\",\"Gerardmer\",\"G\u00e9rardmer\",\"solidarit\u00e9\",\"Vie Associative\"],\"inLanguage\":\"fr-FR\",\"potentialAction\":[{\"@type\":\"CommentAction\",\"name\":\"Comment\",\"target\":[\"https:\/\/vosgesinfo.fr\/gerardmerinfo\/2025\/12\/une-collecte-de-jouets-pour-les-restos-du-coeur\/#respond\"]}]},{\"@type\":\"WebPage\",\"@id\":\"https:\/\/vosgesinfo.fr\/gerardmerinfo\/2025\/12\/une-collecte-de-jouets-pour-les-restos-du-coeur\/\",\"url\":\"https:\/\/vosgesinfo.fr\/gerardmerinfo\/2025\/12\/une-collecte-de-jouets-pour-les-restos-du-coeur\/\",\"name\":\"Une collecte de jouets pour les Restos du C\u0153ur - Gerardmer Info\",\"isPartOf\":{\"@id\":\"https:\/\/vosgesinfo.fr\/gerardmerinfo\/#website\"},\"primaryImageOfPage\":{\"@id\":\"https:\/\/vosgesinfo.fr\/gerardmerinfo\/2025\/12\/une-collecte-de-jouets-pour-les-restos-du-coeur\/#primaryimage\"},\"image\":{\"@id\":\"https:\/\/vosgesinfo.fr\/gerardmerinfo\/2025\/12\/une-collecte-de-jouets-pour-les-restos-du-coeur\/#primaryimage\"},\"thumbnailUrl\":\"https:\/\/vosgesinfo.fr\/app\/uploads\/sites\/6\/2025\/12\/jouets-restos-du-coeur-haie-griselle.jpg\",\"datePublished\":\"2025-12-13T04:56:03+00:00\",\"dateModified\":\"2025-12-12T18:36:56+00:00\",\"breadcrumb\":{\"@id\":\"https:\/\/vosgesinfo.fr\/gerardmerinfo\/2025\/12\/une-collecte-de-jouets-pour-les-restos-du-coeur\/#breadcrumb\"},\"inLanguage\":\"fr-FR\",\"potentialAction\":[{\"@type\":\"ReadAction\",\"target\":[\"https:\/\/vosgesinfo.fr\/gerardmerinfo\/2025\/12\/une-collecte-de-jouets-pour-les-restos-du-coeur\/\"]}]},{\"@type\":\"ImageObject\",\"inLanguage\":\"fr-FR\",\"@id\":\"https:\/\/vosgesinfo.fr\/gerardmerinfo\/2025\/12\/une-collecte-de-jouets-pour-les-restos-du-coeur\/#primaryimage\",\"url\":\"https:\/\/vosgesinfo.fr\/app\/uploads\/sites\/6\/2025\/12\/jouets-restos-du-coeur-haie-griselle.jpg\",\"contentUrl\":\"https:\/\/vosgesinfo.fr\/app\/uploads\/sites\/6\/2025\/12\/jouets-restos-du-coeur-haie-griselle.jpg\",\"width\":1440,\"height\":1080},{\"@type\":\"BreadcrumbList\",\"@id\":\"https:\/\/vosgesinfo.fr\/gerardmerinfo\/2025\/12\/une-collecte-de-jouets-pour-les-restos-du-coeur\/#breadcrumb\",\"itemListElement\":[{\"@type\":\"ListItem\",\"position\":1,\"name\":\"Home\",\"item\":\"https:\/\/vosgesinfo.fr\/gerardmerinfo\/\"},{\"@type\":\"ListItem\",\"position\":2,\"name\":\"Une collecte de jouets pour les Restos du C\u0153ur\"}]},{\"@type\":\"WebSite\",\"@id\":\"https:\/\/vosgesinfo.fr\/gerardmerinfo\/#website\",\"url\":\"https:\/\/vosgesinfo.fr\/gerardmerinfo\/\",\"name\":\"Gerardmer Info\",\"description\":\"Toute l&#039;actualit\u00e9 de G\u00e9rardmer\",\"publisher\":{\"@id\":\"https:\/\/vosgesinfo.fr\/gerardmerinfo\/#organization\"},\"alternateName\":\"Toute l'actualit\u00e9 de G\u00e9rardmer\",\"potentialAction\":[{\"@type\":\"SearchAction\",\"target\":{\"@type\":\"EntryPoint\",\"urlTemplate\":\"https:\/\/vosgesinfo.fr\/gerardmerinfo\/?s={search_term_string}\"},\"query-input\":\"required name=search_term_string\"}],\"inLanguage\":\"fr-FR\"},{\"@type\":\"Organization\",\"@id\":\"https:\/\/vosgesinfo.fr\/gerardmerinfo\/#organization\",\"name\":\"Gerardmer Info\",\"url\":\"https:\/\/vosgesinfo.fr\/gerardmerinfo\/\",\"logo\":{\"@type\":\"ImageObject\",\"inLanguage\":\"fr-FR\",\"@id\":\"https:\/\/vosgesinfo.fr\/gerardmerinfo\/#\/schema\/logo\/image\/\",\"url\":\"https:\/\/vosgesinfo.fr\/app\/uploads\/sites\/6\/2023\/08\/favicon-gerardmerinfo.png\",\"contentUrl\":\"https:\/\/vosgesinfo.fr\/app\/uploads\/sites\/6\/2023\/08\/favicon-gerardmerinfo.png\",\"width\":512,\"height\":512,\"caption\":\"Gerardmer Info\"},\"image\":{\"@id\":\"https:\/\/vosgesinfo.fr\/gerardmerinfo\/#\/schema\/logo\/image\/\"},\"sameAs\":[\"https:\/\/www.facebook.com\/profile.php?id=100049475262660\",\"https:\/\/x.com\/VosgesInfo88\",\"https:\/\/www.youtube.com\/@vosgesinfo\"]},{\"@type\":\"Person\",\"@id\":\"https:\/\/vosgesinfo.fr\/gerardmerinfo\/#\/schema\/person\/db5605779a843dad16b5368f3e7613a5\",\"name\":\"QG\",\"image\":{\"@type\":\"ImageObject\",\"inLanguage\":\"fr-FR\",\"@id\":\"https:\/\/vosgesinfo.fr\/gerardmerinfo\/#\/schema\/person\/image\/\",\"url\":\"https:\/\/secure.gravatar.com\/avatar\/ea80c42c204b534408512832fde52504ecabb9706bcb6151cf6175e5b64e6793?s=96&d=mm&r=g\",\"contentUrl\":\"https:\/\/secure.gravatar.com\/avatar\/ea80c42c204b534408512832fde52504ecabb9706bcb6151cf6175e5b64e6793?s=96&d=mm&r=g\",\"caption\":\"QG\"},\"url\":\"https:\/\/vosgesinfo.fr\/gerardmerinfo\/author\/quentin88\/\"}]}<\/script>\n<!-- \/ Yoast SEO plugin. -->","yoast_head_json":{"title":"Une collecte de jouets pour les Restos du C\u0153ur - Gerardmer Info","robots":{"index":"index","follow":"follow","max-snippet":"max-snippet:-1","max-image-preview":"max-image-preview:large","max-video-preview":"max-video-preview:-1"},"canonical":"https:\/\/vosgesinfo.fr\/gerardmerinfo\/2025\/12\/une-collecte-de-jouets-pour-les-restos-du-coeur\/","twitter_card":"summary_large_image","twitter_title":"Une collecte de jouets pour les Restos du C\u0153ur - Gerardmer Info","twitter_description":"Jeudi apr\u00e8s-midi, la Cit\u00e9 scolaire de G\u00e9rardmer a accueilli Jocelyne Keller, responsable d\u00e9partementale des Manifestations des Restos du C\u0153ur, ainsi [&hellip;]","twitter_image":"https:\/\/vosgesinfo.fr\/app\/uploads\/sites\/6\/2025\/12\/jouets-restos-du-coeur-haie-griselle.jpg","twitter_creator":"@VosgesInfo88","twitter_site":"@VosgesInfo88","twitter_misc":{"\u00c9crit par":"QG","Dur\u00e9e de lecture estim\u00e9e":"2 minutes"},"schema":{"@context":"https:\/\/schema.org","@graph":[{"@type":"Article","@id":"https:\/\/vosgesinfo.fr\/gerardmerinfo\/2025\/12\/une-collecte-de-jouets-pour-les-restos-du-coeur\/#article","isPartOf":{"@id":"https:\/\/vosgesinfo.fr\/gerardmerinfo\/2025\/12\/une-collecte-de-jouets-pour-les-restos-du-coeur\/"},"author":{"name":"QG","@id":"https:\/\/vosgesinfo.fr\/gerardmerinfo\/#\/schema\/person\/db5605779a843dad16b5368f3e7613a5"},"headline":"Une collecte de jouets pour les Restos du C\u0153ur","datePublished":"2025-12-13T04:56:03+00:00","dateModified":"2025-12-12T18:36:56+00:00","mainEntityOfPage":{"@id":"https:\/\/vosgesinfo.fr\/gerardmerinfo\/2025\/12\/une-collecte-de-jouets-pour-les-restos-du-coeur\/"},"wordCount":225,"commentCount":0,"publisher":{"@id":"https:\/\/vosgesinfo.fr\/gerardmerinfo\/#organization"},"image":{"@id":"https:\/\/vosgesinfo.fr\/gerardmerinfo\/2025\/12\/une-collecte-de-jouets-pour-les-restos-du-coeur\/#primaryimage"},"thumbnailUrl":"https:\/\/vosgesinfo.fr\/app\/uploads\/sites\/6\/2025\/12\/jouets-restos-du-coeur-haie-griselle.jpg","articleSection":["A la une","\u00c9ducation","Gerardmer","G\u00e9rardmer","solidarit\u00e9","Vie Associative"],"inLanguage":"fr-FR","potentialAction":[{"@type":"CommentAction","name":"Comment","target":["https:\/\/vosgesinfo.fr\/gerardmerinfo\/2025\/12\/une-collecte-de-jouets-pour-les-restos-du-coeur\/#respond"]}]},{"@type":"WebPage","@id":"https:\/\/vosgesinfo.fr\/gerardmerinfo\/2025\/12\/une-collecte-de-jouets-pour-les-restos-du-coeur\/","url":"https:\/\/vosgesinfo.fr\/gerardmerinfo\/2025\/12\/une-collecte-de-jouets-pour-les-restos-du-coeur\/","name":"Une collecte de jouets pour les Restos du C\u0153ur - Gerardmer Info","isPartOf":{"@id":"https:\/\/vosgesinfo.fr\/gerardmerinfo\/#website"},"primaryImageOfPage":{"@id":"https:\/\/vosgesinfo.fr\/gerardmerinfo\/2025\/12\/une-collecte-de-jouets-pour-les-restos-du-coeur\/#primaryimage"},"image":{"@id":"https:\/\/vosgesinfo.fr\/gerardmerinfo\/2025\/12\/une-collecte-de-jouets-pour-les-restos-du-coeur\/#primaryimage"},"thumbnailUrl":"https:\/\/vosgesinfo.fr\/app\/uploads\/sites\/6\/2025\/12\/jouets-restos-du-coeur-haie-griselle.jpg","datePublished":"2025-12-13T04:56:03+00:00","dateModified":"2025-12-12T18:36:56+00:00","breadcrumb":{"@id":"https:\/\/vosgesinfo.fr\/gerardmerinfo\/2025\/12\/une-collecte-de-jouets-pour-les-restos-du-coeur\/#breadcrumb"},"inLanguage":"fr-FR","potentialAction":[{"@type":"ReadAction","target":["https:\/\/vosgesinfo.fr\/gerardmerinfo\/2025\/12\/une-collecte-de-jouets-pour-les-restos-du-coeur\/"]}]},{"@type":"ImageObject","inLanguage":"fr-FR","@id":"https:\/\/vosgesinfo.fr\/gerardmerinfo\/2025\/12\/une-collecte-de-jouets-pour-les-restos-du-coeur\/#primaryimage","url":"https:\/\/vosgesinfo.fr\/app\/uploads\/sites\/6\/2025\/12\/jouets-restos-du-coeur-haie-griselle.jpg","contentUrl":"https:\/\/vosgesinfo.fr\/app\/uploads\/sites\/6\/2025\/12\/jouets-restos-du-coeur-haie-griselle.jpg","width":1440,"height":1080},{"@type":"BreadcrumbList","@id":"https:\/\/vosgesinfo.fr\/gerardmerinfo\/2025\/12\/une-collecte-de-jouets-pour-les-restos-du-coeur\/#breadcrumb","itemListElement":[{"@type":"ListItem","position":1,"name":"Home","item":"https:\/\/vosgesinfo.fr\/gerardmerinfo\/"},{"@type":"ListItem","position":2,"name":"Une collecte de jouets pour les Restos du C\u0153ur"}]},{"@type":"WebSite","@id":"https:\/\/vosgesinfo.fr\/gerardmerinfo\/#website","url":"https:\/\/vosgesinfo.fr\/gerardmerinfo\/","name":"Gerardmer Info","description":"Toute l&#039;actualit\u00e9 de G\u00e9rardmer","publisher":{"@id":"https:\/\/vosgesinfo.fr\/gerardmerinfo\/#organization"},"alternateName":"Toute l'actualit\u00e9 de G\u00e9rardmer","potentialAction":[{"@type":"SearchAction","target":{"@type":"EntryPoint","urlTemplate":"https:\/\/vosgesinfo.fr\/gerardmerinfo\/?s={search_term_string}"},"query-input":"required name=search_term_string"}],"inLanguage":"fr-FR"},{"@type":"Organization","@id":"https:\/\/vosgesinfo.fr\/gerardmerinfo\/#organization","name":"Gerardmer Info","url":"https:\/\/vosgesinfo.fr\/gerardmerinfo\/","logo":{"@type":"ImageObject","inLanguage":"fr-FR","@id":"https:\/\/vosgesinfo.fr\/gerardmerinfo\/#\/schema\/logo\/image\/","url":"https:\/\/vosgesinfo.fr\/app\/uploads\/sites\/6\/2023\/08\/favicon-gerardmerinfo.png","contentUrl":"https:\/\/vosgesinfo.fr\/app\/uploads\/sites\/6\/2023\/08\/favicon-gerardmerinfo.png","width":512,"height":512,"caption":"Gerardmer Info"},"image":{"@id":"https:\/\/vosgesinfo.fr\/gerardmerinfo\/#\/schema\/logo\/image\/"},"sameAs":["https:\/\/www.facebook.com\/profile.php?id=100049475262660","https:\/\/x.com\/VosgesInfo88","https:\/\/www.youtube.com\/@vosgesinfo"]},{"@type":"Person","@id":"https:\/\/vosgesinfo.fr\/gerardmerinfo\/#\/schema\/person\/db5605779a843dad16b5368f3e7613a5","name":"QG","image":{"@type":"ImageObject","inLanguage":"fr-FR","@id":"https:\/\/vosgesinfo.fr\/gerardmerinfo\/#\/schema\/person\/image\/","url":"https:\/\/secure.gravatar.com\/avatar\/ea80c42c204b534408512832fde52504ecabb9706bcb6151cf6175e5b64e6793?s=96&d=mm&r=g","contentUrl":"https:\/\/secure.gravatar.com\/avatar\/ea80c42c204b534408512832fde52504ecabb9706bcb6151cf6175e5b64e6793?s=96&d=mm&r=g","caption":"QG"},"url":"https:\/\/vosgesinfo.fr\/gerardmerinfo\/author\/quentin88\/"}]}},"_links":{"self":[{"href":"https:\/\/vosgesinfo.fr\/gerardmerinfo\/wp-json\/wp\/v2\/posts\/85710","targetHints":{"allow":["GET"]}}],"collection":[{"href":"https:\/\/vosgesinfo.fr\/gerardmerinfo\/wp-json\/wp\/v2\/posts"}],"about":[{"href":"https:\/\/vosgesinfo.fr\/gerardmerinfo\/wp-json\/wp\/v2\/types\/post"}],"author":[{"embeddable":true,"href":"https:\/\/vosgesinfo.fr\/gerardmerinfo\/wp-json\/wp\/v2\/users\/42"}],"replies":[{"embeddable":true,"href":"https:\/\/vosgesinfo.fr\/gerardmerinfo\/wp-json\/wp\/v2\/comments?post=85710"}],"version-history":[{"count":3,"href":"https:\/\/vosgesinfo.fr\/gerardmerinfo\/wp-json\/wp\/v2\/posts\/85710\/revisions"}],"predecessor-version":[{"id":85736,"href":"https:\/\/vosgesinfo.fr\/gerardmerinfo\/wp-json\/wp\/v2\/posts\/85710\/revisions\/85736"}],"wp:featuredmedia":[{"embeddable":true,"href":"https:\/\/vosgesinfo.fr\/gerardmerinfo\/wp-json\/wp\/v2\/media\/85711"}],"wp:attachment":[{"href":"https:\/\/vosgesinfo.fr\/gerardmerinfo\/wp-json\/wp\/v2\/media?parent=85710"}],"wp:term":[{"taxonomy":"category","embeddable":true,"href":"https:\/\/vosgesinfo.fr\/gerardmerinfo\/wp-json\/wp\/v2\/categories?post=85710"},{"taxonomy":"post_tag","embeddable":true,"href":"https:\/\/vosgesinfo.fr\/gerardmerinfo\/wp-json\/wp\/v2\/tags?post=85710"}],"curies":[{"name":"wp","href":"https:\/\/api.w.org\/{rel}","templated":true}]}}