{"id":85717,"date":"2025-12-12T09:35:14","date_gmt":"2025-12-12T08:35:14","guid":{"rendered":"https:\/\/vosgesinfo.fr\/gerardmerinfo\/?p=85717"},"modified":"2025-12-12T09:35:14","modified_gmt":"2025-12-12T08:35:14","slug":"festival-du-film-fantastique-2026-bas-les-masques-une-retrospective-voilee-de-mystere-a-gerardmer","status":"publish","type":"post","link":"https:\/\/vosgesinfo.fr\/gerardmerinfo\/2025\/12\/festival-du-film-fantastique-2026-bas-les-masques-une-retrospective-voilee-de-mystere-a-gerardmer\/","title":{"rendered":"Festival du Film Fantastique 2026 : \u00ab\u00a0Bas les masques !\u00a0\u00bb &#8211; Une r\u00e9trospective voil\u00e9e de myst\u00e8re \u00e0 G\u00e9rardmer"},"content":{"rendered":"<p><a href=\"https:\/\/vosgesinfo.fr\/app\/uploads\/sites\/6\/2025\/11\/festival-du-film-fantastique.jpg\"><img decoding=\"async\" class=\"aligncenter size-large wp-image-84843\" src=\"https:\/\/vosgesinfo.fr\/app\/uploads\/sites\/6\/2025\/11\/festival-du-film-fantastique-1024x379.jpg\" alt=\"\" width=\"1024\" height=\"379\" srcset=\"https:\/\/vosgesinfo.fr\/app\/uploads\/sites\/6\/2025\/11\/festival-du-film-fantastique-1024x379.jpg 1024w, https:\/\/vosgesinfo.fr\/app\/uploads\/sites\/6\/2025\/11\/festival-du-film-fantastique-300x111.jpg 300w, https:\/\/vosgesinfo.fr\/app\/uploads\/sites\/6\/2025\/11\/festival-du-film-fantastique-768x284.jpg 768w, https:\/\/vosgesinfo.fr\/app\/uploads\/sites\/6\/2025\/11\/festival-du-film-fantastique-1536x569.jpg 1536w, https:\/\/vosgesinfo.fr\/app\/uploads\/sites\/6\/2025\/11\/festival-du-film-fantastique.jpg 1702w\" sizes=\"(max-width: 1024px) 100vw, 1024px\" \/><\/a><\/p>\n<p style=\"text-align: center;\"><strong>\u00ab\u00a0Bas les masques !\u00a0\u00bb<\/strong><br \/>\n<strong>Une r\u00e9trospective voil\u00e9e de myst\u00e8re \u00e0 G\u00e9rardmer<\/strong><\/p>\n<p>D\u00e9couvrez 9 films \u00e0 travers une s\u00e9lection d\u2019\u0153uvres cultes qui jalonnent l\u2019histoire du cin\u00e9ma. Des masques pour faire peur, se cacher, surveiller\u2026 et m\u00eame punir bien s\u00fbr ! Un parcours intense et \u00e9clectique m\u00ealant giallo, animation, films de super-h\u00e9ros ou musicaux\u2026<br \/>\nFestivali\u00e8res, festivaliers, G\u00e9rardmer vous invite \u00e0 tomber le masque et plonger au c\u0153ur des t\u00e9n\u00e8bres d\u2019une r\u00e9trospective toute fantastique.<\/p>\n<p><strong>Les films de la r\u00e9trospective :\u00a0<\/strong><\/p>\n<p><strong><a href=\"https:\/\/vosgesinfo.fr\/app\/uploads\/sites\/6\/2025\/12\/img5.jpg\"><img decoding=\"async\" class=\"alignright size-medium wp-image-85720\" src=\"https:\/\/vosgesinfo.fr\/app\/uploads\/sites\/6\/2025\/12\/img5-300x169.jpg\" alt=\"\" width=\"300\" height=\"169\" srcset=\"https:\/\/vosgesinfo.fr\/app\/uploads\/sites\/6\/2025\/12\/img5-300x169.jpg 300w, https:\/\/vosgesinfo.fr\/app\/uploads\/sites\/6\/2025\/12\/img5.jpg 598w\" sizes=\"(max-width: 300px) 100vw, 300px\" \/><\/a>L&rsquo;Homme invisible (1933)<\/strong><br \/>\nJames Whale<\/p>\n<p><strong>Le Masque du d\u00e9mon (1960)<\/strong><br \/>\nMario Bava<\/p>\n<p><strong>Phantom of the Paradise (1974)<\/strong><br \/>\nBrian De Palma<\/p>\n<p><strong>Ouvre les yeux (1998)<\/strong><br \/>\nAlejandro Amen\u00e1bar<\/p>\n<p><strong><a href=\"https:\/\/vosgesinfo.fr\/app\/uploads\/sites\/6\/2025\/12\/donnie-darko-1.jpg\"><img decoding=\"async\" class=\"alignright size-medium wp-image-85719\" src=\"https:\/\/vosgesinfo.fr\/app\/uploads\/sites\/6\/2025\/12\/donnie-darko-1-300x169.jpg\" alt=\"\" width=\"300\" height=\"169\" srcset=\"https:\/\/vosgesinfo.fr\/app\/uploads\/sites\/6\/2025\/12\/donnie-darko-1-300x169.jpg 300w, https:\/\/vosgesinfo.fr\/app\/uploads\/sites\/6\/2025\/12\/donnie-darko-1.jpg 598w\" sizes=\"(max-width: 300px) 100vw, 300px\" \/><\/a>Donnie Darko (2002)<\/strong><br \/>\nRichard Kelly<\/p>\n<p><strong>Le Voyage de Chihiro (2002)<\/strong><br \/>\nHayao Miyazaki<\/p>\n<p><strong>Watchmen : Les Gardiens (2009)<\/strong><br \/>\nZack Snyder<\/p>\n<p><strong>The Dark Knight Rises (2012)<\/strong><br \/>\nChristopher Nolan<\/p>\n<p><strong>Halloween (2018)<\/strong><br \/>\nDavid Gordon Green<\/p>\n<p>&nbsp;<\/p>\n<p><span style=\"color: #993300;\"><strong>Samedi 13 d\u00e9cembre \u00e0 13h00<\/strong><\/span><br \/>\n<span style=\"color: #993300;\"><strong>Ouverture de la vente des Pass et des accr\u00e9ditations presse et<\/strong><\/span><br \/>\n<span style=\"color: #993300;\"><strong>professionnelles.<\/strong><\/span><\/p>\n","protected":false},"excerpt":{"rendered":"<p>\u00ab\u00a0Bas les masques !\u00a0\u00bb Une r\u00e9trospective voil\u00e9e de myst\u00e8re \u00e0 G\u00e9rardmer D\u00e9couvrez 9 films \u00e0 travers une s\u00e9lection d\u2019\u0153uvres cultes [&hellip;]<\/p>\n","protected":false},"author":42,"featured_media":85718,"comment_status":"open","ping_status":"open","sticky":false,"template":"","format":"standard","meta":{"footnotes":""},"categories":[20,4,5647,18],"tags":[229],"class_list":["post-85717","post","type-post","status-publish","format-standard","has-post-thumbnail","hentry","category-a-la-une","category-culture","category-gerardmer-autres-sites","category-vosges","tag-festival-film-fantastique"],"acf":[],"yoast_head":"<!-- This site is optimized with the Yoast SEO plugin v22.5 - https:\/\/yoast.com\/wordpress\/plugins\/seo\/ -->\n<title>Festival du Film Fantastique 2026 : &quot;Bas les masques !&quot; - Une r\u00e9trospective voil\u00e9e de myst\u00e8re \u00e0 G\u00e9rardmer - Gerardmer Info<\/title>\n<meta name=\"robots\" content=\"index, follow, max-snippet:-1, max-image-preview:large, max-video-preview:-1\" \/>\n<link rel=\"canonical\" href=\"https:\/\/vosgesinfo.fr\/gerardmerinfo\/?p=85717\" \/>\n<meta name=\"twitter:card\" content=\"summary_large_image\" \/>\n<meta name=\"twitter:title\" content=\"Festival du Film Fantastique 2026 : &quot;Bas les masques !&quot; - Une r\u00e9trospective voil\u00e9e de myst\u00e8re \u00e0 G\u00e9rardmer - Gerardmer Info\" \/>\n<meta name=\"twitter:description\" content=\"\u00ab\u00a0Bas les masques !\u00a0\u00bb Une r\u00e9trospective voil\u00e9e de myst\u00e8re \u00e0 G\u00e9rardmer D\u00e9couvrez 9 films \u00e0 travers une s\u00e9lection d\u2019\u0153uvres cultes [&hellip;]\" \/>\n<meta name=\"twitter:image\" content=\"https:\/\/vosgesinfo.fr\/app\/uploads\/sites\/6\/2025\/11\/festival-du-film-fantastique-1024x379.jpg\" \/>\n<meta name=\"twitter:creator\" content=\"@VosgesInfo88\" \/>\n<meta name=\"twitter:site\" content=\"@VosgesInfo88\" \/>\n<meta name=\"twitter:label1\" content=\"\u00c9crit par\" \/>\n\t<meta name=\"twitter:data1\" content=\"QG\" \/>\n\t<meta name=\"twitter:label2\" content=\"Dur\u00e9e de lecture estim\u00e9e\" \/>\n\t<meta name=\"twitter:data2\" content=\"1 minute\" \/>\n<script type=\"application\/ld+json\" class=\"yoast-schema-graph\">{\"@context\":\"https:\/\/schema.org\",\"@graph\":[{\"@type\":\"Article\",\"@id\":\"https:\/\/vosgesinfo.fr\/gerardmerinfo\/?p=85717#article\",\"isPartOf\":{\"@id\":\"https:\/\/vosgesinfo.fr\/gerardmerinfo\/?p=85717\"},\"author\":{\"name\":\"QG\",\"@id\":\"https:\/\/vosgesinfo.fr\/gerardmerinfo\/#\/schema\/person\/db5605779a843dad16b5368f3e7613a5\"},\"headline\":\"Festival du Film Fantastique 2026 : \u00ab\u00a0Bas les masques !\u00a0\u00bb &#8211; Une r\u00e9trospective voil\u00e9e de myst\u00e8re \u00e0 G\u00e9rardmer\",\"datePublished\":\"2025-12-12T08:35:14+00:00\",\"dateModified\":\"2025-12-12T08:35:14+00:00\",\"mainEntityOfPage\":{\"@id\":\"https:\/\/vosgesinfo.fr\/gerardmerinfo\/?p=85717\"},\"wordCount\":177,\"commentCount\":0,\"publisher\":{\"@id\":\"https:\/\/vosgesinfo.fr\/gerardmerinfo\/#organization\"},\"image\":{\"@id\":\"https:\/\/vosgesinfo.fr\/gerardmerinfo\/?p=85717#primaryimage\"},\"thumbnailUrl\":\"https:\/\/vosgesinfo.fr\/app\/uploads\/sites\/6\/2025\/12\/donnie-darko.jpg\",\"keywords\":[\"festival film fantastique\"],\"articleSection\":[\"A la une\",\"Culture\",\"Gerardmer\",\"Vosges\"],\"inLanguage\":\"fr-FR\",\"potentialAction\":[{\"@type\":\"CommentAction\",\"name\":\"Comment\",\"target\":[\"https:\/\/vosgesinfo.fr\/gerardmerinfo\/?p=85717#respond\"]}]},{\"@type\":\"WebPage\",\"@id\":\"https:\/\/vosgesinfo.fr\/gerardmerinfo\/?p=85717\",\"url\":\"https:\/\/vosgesinfo.fr\/gerardmerinfo\/?p=85717\",\"name\":\"Festival du Film Fantastique 2026 : \\\"Bas les masques !\\\" - Une r\u00e9trospective voil\u00e9e de myst\u00e8re \u00e0 G\u00e9rardmer - Gerardmer Info\",\"isPartOf\":{\"@id\":\"https:\/\/vosgesinfo.fr\/gerardmerinfo\/#website\"},\"primaryImageOfPage\":{\"@id\":\"https:\/\/vosgesinfo.fr\/gerardmerinfo\/?p=85717#primaryimage\"},\"image\":{\"@id\":\"https:\/\/vosgesinfo.fr\/gerardmerinfo\/?p=85717#primaryimage\"},\"thumbnailUrl\":\"https:\/\/vosgesinfo.fr\/app\/uploads\/sites\/6\/2025\/12\/donnie-darko.jpg\",\"datePublished\":\"2025-12-12T08:35:14+00:00\",\"dateModified\":\"2025-12-12T08:35:14+00:00\",\"breadcrumb\":{\"@id\":\"https:\/\/vosgesinfo.fr\/gerardmerinfo\/?p=85717#breadcrumb\"},\"inLanguage\":\"fr-FR\",\"potentialAction\":[{\"@type\":\"ReadAction\",\"target\":[\"https:\/\/vosgesinfo.fr\/gerardmerinfo\/?p=85717\"]}]},{\"@type\":\"ImageObject\",\"inLanguage\":\"fr-FR\",\"@id\":\"https:\/\/vosgesinfo.fr\/gerardmerinfo\/?p=85717#primaryimage\",\"url\":\"https:\/\/vosgesinfo.fr\/app\/uploads\/sites\/6\/2025\/12\/donnie-darko.jpg\",\"contentUrl\":\"https:\/\/vosgesinfo.fr\/app\/uploads\/sites\/6\/2025\/12\/donnie-darko.jpg\",\"width\":598,\"height\":337},{\"@type\":\"BreadcrumbList\",\"@id\":\"https:\/\/vosgesinfo.fr\/gerardmerinfo\/?p=85717#breadcrumb\",\"itemListElement\":[{\"@type\":\"ListItem\",\"position\":1,\"name\":\"Home\",\"item\":\"https:\/\/vosgesinfo.fr\/gerardmerinfo\/\"},{\"@type\":\"ListItem\",\"position\":2,\"name\":\"Festival du Film Fantastique 2026 : &#8220;Bas les masques !&#8221; &#8211; Une r\u00e9trospective voil\u00e9e de myst\u00e8re \u00e0 G\u00e9rardmer\"}]},{\"@type\":\"WebSite\",\"@id\":\"https:\/\/vosgesinfo.fr\/gerardmerinfo\/#website\",\"url\":\"https:\/\/vosgesinfo.fr\/gerardmerinfo\/\",\"name\":\"Gerardmer Info\",\"description\":\"Toute l&#039;actualit\u00e9 de G\u00e9rardmer\",\"publisher\":{\"@id\":\"https:\/\/vosgesinfo.fr\/gerardmerinfo\/#organization\"},\"alternateName\":\"Toute l'actualit\u00e9 de G\u00e9rardmer\",\"potentialAction\":[{\"@type\":\"SearchAction\",\"target\":{\"@type\":\"EntryPoint\",\"urlTemplate\":\"https:\/\/vosgesinfo.fr\/gerardmerinfo\/?s={search_term_string}\"},\"query-input\":\"required name=search_term_string\"}],\"inLanguage\":\"fr-FR\"},{\"@type\":\"Organization\",\"@id\":\"https:\/\/vosgesinfo.fr\/gerardmerinfo\/#organization\",\"name\":\"Gerardmer Info\",\"url\":\"https:\/\/vosgesinfo.fr\/gerardmerinfo\/\",\"logo\":{\"@type\":\"ImageObject\",\"inLanguage\":\"fr-FR\",\"@id\":\"https:\/\/vosgesinfo.fr\/gerardmerinfo\/#\/schema\/logo\/image\/\",\"url\":\"https:\/\/vosgesinfo.fr\/app\/uploads\/sites\/6\/2023\/08\/favicon-gerardmerinfo.png\",\"contentUrl\":\"https:\/\/vosgesinfo.fr\/app\/uploads\/sites\/6\/2023\/08\/favicon-gerardmerinfo.png\",\"width\":512,\"height\":512,\"caption\":\"Gerardmer Info\"},\"image\":{\"@id\":\"https:\/\/vosgesinfo.fr\/gerardmerinfo\/#\/schema\/logo\/image\/\"},\"sameAs\":[\"https:\/\/www.facebook.com\/profile.php?id=100049475262660\",\"https:\/\/x.com\/VosgesInfo88\",\"https:\/\/www.youtube.com\/@vosgesinfo\"]},{\"@type\":\"Person\",\"@id\":\"https:\/\/vosgesinfo.fr\/gerardmerinfo\/#\/schema\/person\/db5605779a843dad16b5368f3e7613a5\",\"name\":\"QG\",\"image\":{\"@type\":\"ImageObject\",\"inLanguage\":\"fr-FR\",\"@id\":\"https:\/\/vosgesinfo.fr\/gerardmerinfo\/#\/schema\/person\/image\/\",\"url\":\"https:\/\/secure.gravatar.com\/avatar\/ea80c42c204b534408512832fde52504ecabb9706bcb6151cf6175e5b64e6793?s=96&d=mm&r=g\",\"contentUrl\":\"https:\/\/secure.gravatar.com\/avatar\/ea80c42c204b534408512832fde52504ecabb9706bcb6151cf6175e5b64e6793?s=96&d=mm&r=g\",\"caption\":\"QG\"},\"url\":\"https:\/\/vosgesinfo.fr\/gerardmerinfo\/author\/quentin88\/\"}]}<\/script>\n<!-- \/ Yoast SEO plugin. -->","yoast_head_json":{"title":"Festival du Film Fantastique 2026 : \"Bas les masques !\" - Une r\u00e9trospective voil\u00e9e de myst\u00e8re \u00e0 G\u00e9rardmer - Gerardmer Info","robots":{"index":"index","follow":"follow","max-snippet":"max-snippet:-1","max-image-preview":"max-image-preview:large","max-video-preview":"max-video-preview:-1"},"canonical":"https:\/\/vosgesinfo.fr\/gerardmerinfo\/?p=85717","twitter_card":"summary_large_image","twitter_title":"Festival du Film Fantastique 2026 : \"Bas les masques !\" - Une r\u00e9trospective voil\u00e9e de myst\u00e8re \u00e0 G\u00e9rardmer - Gerardmer Info","twitter_description":"\u00ab\u00a0Bas les masques !\u00a0\u00bb Une r\u00e9trospective voil\u00e9e de myst\u00e8re \u00e0 G\u00e9rardmer D\u00e9couvrez 9 films \u00e0 travers une s\u00e9lection d\u2019\u0153uvres cultes [&hellip;]","twitter_image":"https:\/\/vosgesinfo.fr\/app\/uploads\/sites\/6\/2025\/11\/festival-du-film-fantastique-1024x379.jpg","twitter_creator":"@VosgesInfo88","twitter_site":"@VosgesInfo88","twitter_misc":{"\u00c9crit par":"QG","Dur\u00e9e de lecture estim\u00e9e":"1 minute"},"schema":{"@context":"https:\/\/schema.org","@graph":[{"@type":"Article","@id":"https:\/\/vosgesinfo.fr\/gerardmerinfo\/?p=85717#article","isPartOf":{"@id":"https:\/\/vosgesinfo.fr\/gerardmerinfo\/?p=85717"},"author":{"name":"QG","@id":"https:\/\/vosgesinfo.fr\/gerardmerinfo\/#\/schema\/person\/db5605779a843dad16b5368f3e7613a5"},"headline":"Festival du Film Fantastique 2026 : \u00ab\u00a0Bas les masques !\u00a0\u00bb &#8211; Une r\u00e9trospective voil\u00e9e de myst\u00e8re \u00e0 G\u00e9rardmer","datePublished":"2025-12-12T08:35:14+00:00","dateModified":"2025-12-12T08:35:14+00:00","mainEntityOfPage":{"@id":"https:\/\/vosgesinfo.fr\/gerardmerinfo\/?p=85717"},"wordCount":177,"commentCount":0,"publisher":{"@id":"https:\/\/vosgesinfo.fr\/gerardmerinfo\/#organization"},"image":{"@id":"https:\/\/vosgesinfo.fr\/gerardmerinfo\/?p=85717#primaryimage"},"thumbnailUrl":"https:\/\/vosgesinfo.fr\/app\/uploads\/sites\/6\/2025\/12\/donnie-darko.jpg","keywords":["festival film fantastique"],"articleSection":["A la une","Culture","Gerardmer","Vosges"],"inLanguage":"fr-FR","potentialAction":[{"@type":"CommentAction","name":"Comment","target":["https:\/\/vosgesinfo.fr\/gerardmerinfo\/?p=85717#respond"]}]},{"@type":"WebPage","@id":"https:\/\/vosgesinfo.fr\/gerardmerinfo\/?p=85717","url":"https:\/\/vosgesinfo.fr\/gerardmerinfo\/?p=85717","name":"Festival du Film Fantastique 2026 : \"Bas les masques !\" - Une r\u00e9trospective voil\u00e9e de myst\u00e8re \u00e0 G\u00e9rardmer - Gerardmer Info","isPartOf":{"@id":"https:\/\/vosgesinfo.fr\/gerardmerinfo\/#website"},"primaryImageOfPage":{"@id":"https:\/\/vosgesinfo.fr\/gerardmerinfo\/?p=85717#primaryimage"},"image":{"@id":"https:\/\/vosgesinfo.fr\/gerardmerinfo\/?p=85717#primaryimage"},"thumbnailUrl":"https:\/\/vosgesinfo.fr\/app\/uploads\/sites\/6\/2025\/12\/donnie-darko.jpg","datePublished":"2025-12-12T08:35:14+00:00","dateModified":"2025-12-12T08:35:14+00:00","breadcrumb":{"@id":"https:\/\/vosgesinfo.fr\/gerardmerinfo\/?p=85717#breadcrumb"},"inLanguage":"fr-FR","potentialAction":[{"@type":"ReadAction","target":["https:\/\/vosgesinfo.fr\/gerardmerinfo\/?p=85717"]}]},{"@type":"ImageObject","inLanguage":"fr-FR","@id":"https:\/\/vosgesinfo.fr\/gerardmerinfo\/?p=85717#primaryimage","url":"https:\/\/vosgesinfo.fr\/app\/uploads\/sites\/6\/2025\/12\/donnie-darko.jpg","contentUrl":"https:\/\/vosgesinfo.fr\/app\/uploads\/sites\/6\/2025\/12\/donnie-darko.jpg","width":598,"height":337},{"@type":"BreadcrumbList","@id":"https:\/\/vosgesinfo.fr\/gerardmerinfo\/?p=85717#breadcrumb","itemListElement":[{"@type":"ListItem","position":1,"name":"Home","item":"https:\/\/vosgesinfo.fr\/gerardmerinfo\/"},{"@type":"ListItem","position":2,"name":"Festival du Film Fantastique 2026 : &#8220;Bas les masques !&#8221; &#8211; Une r\u00e9trospective voil\u00e9e de myst\u00e8re \u00e0 G\u00e9rardmer"}]},{"@type":"WebSite","@id":"https:\/\/vosgesinfo.fr\/gerardmerinfo\/#website","url":"https:\/\/vosgesinfo.fr\/gerardmerinfo\/","name":"Gerardmer Info","description":"Toute l&#039;actualit\u00e9 de G\u00e9rardmer","publisher":{"@id":"https:\/\/vosgesinfo.fr\/gerardmerinfo\/#organization"},"alternateName":"Toute l'actualit\u00e9 de G\u00e9rardmer","potentialAction":[{"@type":"SearchAction","target":{"@type":"EntryPoint","urlTemplate":"https:\/\/vosgesinfo.fr\/gerardmerinfo\/?s={search_term_string}"},"query-input":"required name=search_term_string"}],"inLanguage":"fr-FR"},{"@type":"Organization","@id":"https:\/\/vosgesinfo.fr\/gerardmerinfo\/#organization","name":"Gerardmer Info","url":"https:\/\/vosgesinfo.fr\/gerardmerinfo\/","logo":{"@type":"ImageObject","inLanguage":"fr-FR","@id":"https:\/\/vosgesinfo.fr\/gerardmerinfo\/#\/schema\/logo\/image\/","url":"https:\/\/vosgesinfo.fr\/app\/uploads\/sites\/6\/2023\/08\/favicon-gerardmerinfo.png","contentUrl":"https:\/\/vosgesinfo.fr\/app\/uploads\/sites\/6\/2023\/08\/favicon-gerardmerinfo.png","width":512,"height":512,"caption":"Gerardmer Info"},"image":{"@id":"https:\/\/vosgesinfo.fr\/gerardmerinfo\/#\/schema\/logo\/image\/"},"sameAs":["https:\/\/www.facebook.com\/profile.php?id=100049475262660","https:\/\/x.com\/VosgesInfo88","https:\/\/www.youtube.com\/@vosgesinfo"]},{"@type":"Person","@id":"https:\/\/vosgesinfo.fr\/gerardmerinfo\/#\/schema\/person\/db5605779a843dad16b5368f3e7613a5","name":"QG","image":{"@type":"ImageObject","inLanguage":"fr-FR","@id":"https:\/\/vosgesinfo.fr\/gerardmerinfo\/#\/schema\/person\/image\/","url":"https:\/\/secure.gravatar.com\/avatar\/ea80c42c204b534408512832fde52504ecabb9706bcb6151cf6175e5b64e6793?s=96&d=mm&r=g","contentUrl":"https:\/\/secure.gravatar.com\/avatar\/ea80c42c204b534408512832fde52504ecabb9706bcb6151cf6175e5b64e6793?s=96&d=mm&r=g","caption":"QG"},"url":"https:\/\/vosgesinfo.fr\/gerardmerinfo\/author\/quentin88\/"}]}},"_links":{"self":[{"href":"https:\/\/vosgesinfo.fr\/gerardmerinfo\/wp-json\/wp\/v2\/posts\/85717","targetHints":{"allow":["GET"]}}],"collection":[{"href":"https:\/\/vosgesinfo.fr\/gerardmerinfo\/wp-json\/wp\/v2\/posts"}],"about":[{"href":"https:\/\/vosgesinfo.fr\/gerardmerinfo\/wp-json\/wp\/v2\/types\/post"}],"author":[{"embeddable":true,"href":"https:\/\/vosgesinfo.fr\/gerardmerinfo\/wp-json\/wp\/v2\/users\/42"}],"replies":[{"embeddable":true,"href":"https:\/\/vosgesinfo.fr\/gerardmerinfo\/wp-json\/wp\/v2\/comments?post=85717"}],"version-history":[{"count":1,"href":"https:\/\/vosgesinfo.fr\/gerardmerinfo\/wp-json\/wp\/v2\/posts\/85717\/revisions"}],"predecessor-version":[{"id":85721,"href":"https:\/\/vosgesinfo.fr\/gerardmerinfo\/wp-json\/wp\/v2\/posts\/85717\/revisions\/85721"}],"wp:featuredmedia":[{"embeddable":true,"href":"https:\/\/vosgesinfo.fr\/gerardmerinfo\/wp-json\/wp\/v2\/media\/85718"}],"wp:attachment":[{"href":"https:\/\/vosgesinfo.fr\/gerardmerinfo\/wp-json\/wp\/v2\/media?parent=85717"}],"wp:term":[{"taxonomy":"category","embeddable":true,"href":"https:\/\/vosgesinfo.fr\/gerardmerinfo\/wp-json\/wp\/v2\/categories?post=85717"},{"taxonomy":"post_tag","embeddable":true,"href":"https:\/\/vosgesinfo.fr\/gerardmerinfo\/wp-json\/wp\/v2\/tags?post=85717"}],"curies":[{"name":"wp","href":"https:\/\/api.w.org\/{rel}","templated":true}]}}