{"id":85722,"date":"2025-12-13T05:56:51","date_gmt":"2025-12-13T04:56:51","guid":{"rendered":"https:\/\/vosgesinfo.fr\/gerardmerinfo\/?p=85722"},"modified":"2025-12-12T09:41:02","modified_gmt":"2025-12-12T08:41:02","slug":"festival-du-film-fantastique-le-studio-de-maquillage-make-up-for-ever-academy-est-de-retour","status":"publish","type":"post","link":"https:\/\/vosgesinfo.fr\/gerardmerinfo\/2025\/12\/festival-du-film-fantastique-le-studio-de-maquillage-make-up-for-ever-academy-est-de-retour\/","title":{"rendered":"Festival du Film Fantastique &#8211; Le studio de maquillage MAKE UP FOR EVER Academy est de retour"},"content":{"rendered":"<div id=\"attachment_85723\" style=\"width: 434px\" class=\"wp-caption aligncenter\"><a href=\"https:\/\/vosgesinfo.fr\/app\/uploads\/sites\/6\/2025\/12\/make-up-forever-festival-du-film-fantastique.jpg\"><img decoding=\"async\" aria-describedby=\"caption-attachment-85723\" class=\"wp-image-85723\" src=\"https:\/\/vosgesinfo.fr\/app\/uploads\/sites\/6\/2025\/12\/make-up-forever-festival-du-film-fantastique.jpg\" alt=\"\" width=\"424\" height=\"283\" srcset=\"https:\/\/vosgesinfo.fr\/app\/uploads\/sites\/6\/2025\/12\/make-up-forever-festival-du-film-fantastique.jpg 1024w, https:\/\/vosgesinfo.fr\/app\/uploads\/sites\/6\/2025\/12\/make-up-forever-festival-du-film-fantastique-300x200.jpg 300w, https:\/\/vosgesinfo.fr\/app\/uploads\/sites\/6\/2025\/12\/make-up-forever-festival-du-film-fantastique-768x512.jpg 768w\" sizes=\"(max-width: 424px) 100vw, 424px\" \/><\/a><p id=\"caption-attachment-85723\" class=\"wp-caption-text\">Th\u00e9o Cholbi, membre du Jury Court M\u00e9trage 2025 \u00a9 Camilla Canalini<\/p><\/div>\n<p>&nbsp;<\/p>\n<p>Cette ann\u00e9e, MAKE UP FOR EVER Academy, Partenaire Officiel, initiera les festivaliers aux techniques avanc\u00e9es du maquillage SFX pour reproduire les masques iconiques du cin\u00e9ma fantastique. Le studio sera ouvert \u00e0 toutes et tous en journ\u00e9e pour d\u00e9couvrir les proc\u00e9d\u00e9s de transformation et d\u2019illusion visuelle donnant vie aux personnages de fiction les plus inqui\u00e9tants.<br \/>\nDu mercredi 27 au samedi 30 janvier<br \/>\nSous le chapiteau fantastique | Place du Tilleul<\/p>\n","protected":false},"excerpt":{"rendered":"<p>&nbsp; Cette ann\u00e9e, MAKE UP FOR EVER Academy, Partenaire Officiel, initiera les festivaliers aux techniques avanc\u00e9es du maquillage SFX pour [&hellip;]<\/p>\n","protected":false},"author":391,"featured_media":85723,"comment_status":"open","ping_status":"open","sticky":false,"template":"","format":"standard","meta":{"footnotes":""},"categories":[20,4,25,5647,18],"tags":[6438,6416],"class_list":["post-85722","post","type-post","status-publish","format-standard","has-post-thumbnail","hentry","category-a-la-une","category-culture","category-gerardmer","category-gerardmer-autres-sites","category-vosges","tag-festival-international-du-film-fantastique-de-gerardmer","tag-make-up-for-ever-academy"],"acf":[],"yoast_head":"<!-- This site is optimized with the Yoast SEO plugin v22.5 - https:\/\/yoast.com\/wordpress\/plugins\/seo\/ -->\n<title>Festival du Film Fantastique - Le studio de maquillage MAKE UP FOR EVER Academy est de retour - Gerardmer Info<\/title>\n<meta name=\"robots\" content=\"index, follow, max-snippet:-1, max-image-preview:large, max-video-preview:-1\" \/>\n<link rel=\"canonical\" href=\"https:\/\/vosgesinfo.fr\/gerardmerinfo\/2025\/12\/festival-du-film-fantastique-le-studio-de-maquillage-make-up-for-ever-academy-est-de-retour\/\" \/>\n<meta name=\"twitter:card\" content=\"summary_large_image\" \/>\n<meta name=\"twitter:title\" content=\"Festival du Film Fantastique - Le studio de maquillage MAKE UP FOR EVER Academy est de retour - Gerardmer Info\" \/>\n<meta name=\"twitter:description\" content=\"&nbsp; Cette ann\u00e9e, MAKE UP FOR EVER Academy, Partenaire Officiel, initiera les festivaliers aux techniques avanc\u00e9es du maquillage SFX pour [&hellip;]\" \/>\n<meta name=\"twitter:image\" content=\"https:\/\/vosgesinfo.fr\/app\/uploads\/sites\/6\/2025\/12\/make-up-forever-festival-du-film-fantastique.jpg\" \/>\n<meta name=\"twitter:creator\" content=\"@VosgesInfo88\" \/>\n<meta name=\"twitter:site\" content=\"@VosgesInfo88\" \/>\n<meta name=\"twitter:label1\" content=\"\u00c9crit par\" \/>\n\t<meta name=\"twitter:data1\" content=\"La redaction\" \/>\n<script type=\"application\/ld+json\" class=\"yoast-schema-graph\">{\"@context\":\"https:\/\/schema.org\",\"@graph\":[{\"@type\":\"Article\",\"@id\":\"https:\/\/vosgesinfo.fr\/gerardmerinfo\/2025\/12\/festival-du-film-fantastique-le-studio-de-maquillage-make-up-for-ever-academy-est-de-retour\/#article\",\"isPartOf\":{\"@id\":\"https:\/\/vosgesinfo.fr\/gerardmerinfo\/2025\/12\/festival-du-film-fantastique-le-studio-de-maquillage-make-up-for-ever-academy-est-de-retour\/\"},\"author\":{\"name\":\"La redaction\",\"@id\":\"https:\/\/vosgesinfo.fr\/gerardmerinfo\/#\/schema\/person\/27a3695b06db98895b354c0765cdfc31\"},\"headline\":\"Festival du Film Fantastique &#8211; Le studio de maquillage MAKE UP FOR EVER Academy est de retour\",\"datePublished\":\"2025-12-13T04:56:51+00:00\",\"dateModified\":\"2025-12-12T08:41:02+00:00\",\"mainEntityOfPage\":{\"@id\":\"https:\/\/vosgesinfo.fr\/gerardmerinfo\/2025\/12\/festival-du-film-fantastique-le-studio-de-maquillage-make-up-for-ever-academy-est-de-retour\/\"},\"wordCount\":110,\"commentCount\":0,\"publisher\":{\"@id\":\"https:\/\/vosgesinfo.fr\/gerardmerinfo\/#organization\"},\"image\":{\"@id\":\"https:\/\/vosgesinfo.fr\/gerardmerinfo\/2025\/12\/festival-du-film-fantastique-le-studio-de-maquillage-make-up-for-ever-academy-est-de-retour\/#primaryimage\"},\"thumbnailUrl\":\"https:\/\/vosgesinfo.fr\/app\/uploads\/sites\/6\/2025\/12\/make-up-forever-festival-du-film-fantastique.jpg\",\"keywords\":[\"Festival International du film fantastique de G\u00e9rardmer\",\"make up for ever academy\"],\"articleSection\":[\"A la une\",\"Culture\",\"G\u00e9rardmer\",\"Gerardmer\",\"Vosges\"],\"inLanguage\":\"fr-FR\",\"potentialAction\":[{\"@type\":\"CommentAction\",\"name\":\"Comment\",\"target\":[\"https:\/\/vosgesinfo.fr\/gerardmerinfo\/2025\/12\/festival-du-film-fantastique-le-studio-de-maquillage-make-up-for-ever-academy-est-de-retour\/#respond\"]}]},{\"@type\":\"WebPage\",\"@id\":\"https:\/\/vosgesinfo.fr\/gerardmerinfo\/2025\/12\/festival-du-film-fantastique-le-studio-de-maquillage-make-up-for-ever-academy-est-de-retour\/\",\"url\":\"https:\/\/vosgesinfo.fr\/gerardmerinfo\/2025\/12\/festival-du-film-fantastique-le-studio-de-maquillage-make-up-for-ever-academy-est-de-retour\/\",\"name\":\"Festival du Film Fantastique - Le studio de maquillage MAKE UP FOR EVER Academy est de retour - Gerardmer Info\",\"isPartOf\":{\"@id\":\"https:\/\/vosgesinfo.fr\/gerardmerinfo\/#website\"},\"primaryImageOfPage\":{\"@id\":\"https:\/\/vosgesinfo.fr\/gerardmerinfo\/2025\/12\/festival-du-film-fantastique-le-studio-de-maquillage-make-up-for-ever-academy-est-de-retour\/#primaryimage\"},\"image\":{\"@id\":\"https:\/\/vosgesinfo.fr\/gerardmerinfo\/2025\/12\/festival-du-film-fantastique-le-studio-de-maquillage-make-up-for-ever-academy-est-de-retour\/#primaryimage\"},\"thumbnailUrl\":\"https:\/\/vosgesinfo.fr\/app\/uploads\/sites\/6\/2025\/12\/make-up-forever-festival-du-film-fantastique.jpg\",\"datePublished\":\"2025-12-13T04:56:51+00:00\",\"dateModified\":\"2025-12-12T08:41:02+00:00\",\"breadcrumb\":{\"@id\":\"https:\/\/vosgesinfo.fr\/gerardmerinfo\/2025\/12\/festival-du-film-fantastique-le-studio-de-maquillage-make-up-for-ever-academy-est-de-retour\/#breadcrumb\"},\"inLanguage\":\"fr-FR\",\"potentialAction\":[{\"@type\":\"ReadAction\",\"target\":[\"https:\/\/vosgesinfo.fr\/gerardmerinfo\/2025\/12\/festival-du-film-fantastique-le-studio-de-maquillage-make-up-for-ever-academy-est-de-retour\/\"]}]},{\"@type\":\"ImageObject\",\"inLanguage\":\"fr-FR\",\"@id\":\"https:\/\/vosgesinfo.fr\/gerardmerinfo\/2025\/12\/festival-du-film-fantastique-le-studio-de-maquillage-make-up-for-ever-academy-est-de-retour\/#primaryimage\",\"url\":\"https:\/\/vosgesinfo.fr\/app\/uploads\/sites\/6\/2025\/12\/make-up-forever-festival-du-film-fantastique.jpg\",\"contentUrl\":\"https:\/\/vosgesinfo.fr\/app\/uploads\/sites\/6\/2025\/12\/make-up-forever-festival-du-film-fantastique.jpg\",\"width\":1024,\"height\":683,\"caption\":\"Th\u00e9o Cholbi, membre du Jury Court M\u00e9trage 2025 \u00a9 Camilla Canalini\"},{\"@type\":\"BreadcrumbList\",\"@id\":\"https:\/\/vosgesinfo.fr\/gerardmerinfo\/2025\/12\/festival-du-film-fantastique-le-studio-de-maquillage-make-up-for-ever-academy-est-de-retour\/#breadcrumb\",\"itemListElement\":[{\"@type\":\"ListItem\",\"position\":1,\"name\":\"Home\",\"item\":\"https:\/\/vosgesinfo.fr\/gerardmerinfo\/\"},{\"@type\":\"ListItem\",\"position\":2,\"name\":\"Festival du Film Fantastique &#8211; Le studio de maquillage MAKE UP FOR EVER Academy est de retour\"}]},{\"@type\":\"WebSite\",\"@id\":\"https:\/\/vosgesinfo.fr\/gerardmerinfo\/#website\",\"url\":\"https:\/\/vosgesinfo.fr\/gerardmerinfo\/\",\"name\":\"Gerardmer Info\",\"description\":\"Toute l&#039;actualit\u00e9 de G\u00e9rardmer\",\"publisher\":{\"@id\":\"https:\/\/vosgesinfo.fr\/gerardmerinfo\/#organization\"},\"alternateName\":\"Toute l'actualit\u00e9 de G\u00e9rardmer\",\"potentialAction\":[{\"@type\":\"SearchAction\",\"target\":{\"@type\":\"EntryPoint\",\"urlTemplate\":\"https:\/\/vosgesinfo.fr\/gerardmerinfo\/?s={search_term_string}\"},\"query-input\":\"required name=search_term_string\"}],\"inLanguage\":\"fr-FR\"},{\"@type\":\"Organization\",\"@id\":\"https:\/\/vosgesinfo.fr\/gerardmerinfo\/#organization\",\"name\":\"Gerardmer Info\",\"url\":\"https:\/\/vosgesinfo.fr\/gerardmerinfo\/\",\"logo\":{\"@type\":\"ImageObject\",\"inLanguage\":\"fr-FR\",\"@id\":\"https:\/\/vosgesinfo.fr\/gerardmerinfo\/#\/schema\/logo\/image\/\",\"url\":\"https:\/\/vosgesinfo.fr\/app\/uploads\/sites\/6\/2023\/08\/favicon-gerardmerinfo.png\",\"contentUrl\":\"https:\/\/vosgesinfo.fr\/app\/uploads\/sites\/6\/2023\/08\/favicon-gerardmerinfo.png\",\"width\":512,\"height\":512,\"caption\":\"Gerardmer Info\"},\"image\":{\"@id\":\"https:\/\/vosgesinfo.fr\/gerardmerinfo\/#\/schema\/logo\/image\/\"},\"sameAs\":[\"https:\/\/www.facebook.com\/profile.php?id=100049475262660\",\"https:\/\/x.com\/VosgesInfo88\",\"https:\/\/www.youtube.com\/@vosgesinfo\"]},{\"@type\":\"Person\",\"@id\":\"https:\/\/vosgesinfo.fr\/gerardmerinfo\/#\/schema\/person\/27a3695b06db98895b354c0765cdfc31\",\"name\":\"La redaction\",\"image\":{\"@type\":\"ImageObject\",\"inLanguage\":\"fr-FR\",\"@id\":\"https:\/\/vosgesinfo.fr\/gerardmerinfo\/#\/schema\/person\/image\/\",\"url\":\"https:\/\/secure.gravatar.com\/avatar\/64c76a78e501cedee55736f43f332df901e1896ae9cd8fad269ae2236dd0e8b6?s=96&d=mm&r=g\",\"contentUrl\":\"https:\/\/secure.gravatar.com\/avatar\/64c76a78e501cedee55736f43f332df901e1896ae9cd8fad269ae2236dd0e8b6?s=96&d=mm&r=g\",\"caption\":\"La redaction\"},\"url\":\"https:\/\/vosgesinfo.fr\/gerardmerinfo\/author\/la-redaction\/\"}]}<\/script>\n<!-- \/ Yoast SEO plugin. -->","yoast_head_json":{"title":"Festival du Film Fantastique - Le studio de maquillage MAKE UP FOR EVER Academy est de retour - Gerardmer Info","robots":{"index":"index","follow":"follow","max-snippet":"max-snippet:-1","max-image-preview":"max-image-preview:large","max-video-preview":"max-video-preview:-1"},"canonical":"https:\/\/vosgesinfo.fr\/gerardmerinfo\/2025\/12\/festival-du-film-fantastique-le-studio-de-maquillage-make-up-for-ever-academy-est-de-retour\/","twitter_card":"summary_large_image","twitter_title":"Festival du Film Fantastique - Le studio de maquillage MAKE UP FOR EVER Academy est de retour - Gerardmer Info","twitter_description":"&nbsp; Cette ann\u00e9e, MAKE UP FOR EVER Academy, Partenaire Officiel, initiera les festivaliers aux techniques avanc\u00e9es du maquillage SFX pour [&hellip;]","twitter_image":"https:\/\/vosgesinfo.fr\/app\/uploads\/sites\/6\/2025\/12\/make-up-forever-festival-du-film-fantastique.jpg","twitter_creator":"@VosgesInfo88","twitter_site":"@VosgesInfo88","twitter_misc":{"\u00c9crit par":"La redaction"},"schema":{"@context":"https:\/\/schema.org","@graph":[{"@type":"Article","@id":"https:\/\/vosgesinfo.fr\/gerardmerinfo\/2025\/12\/festival-du-film-fantastique-le-studio-de-maquillage-make-up-for-ever-academy-est-de-retour\/#article","isPartOf":{"@id":"https:\/\/vosgesinfo.fr\/gerardmerinfo\/2025\/12\/festival-du-film-fantastique-le-studio-de-maquillage-make-up-for-ever-academy-est-de-retour\/"},"author":{"name":"La redaction","@id":"https:\/\/vosgesinfo.fr\/gerardmerinfo\/#\/schema\/person\/27a3695b06db98895b354c0765cdfc31"},"headline":"Festival du Film Fantastique &#8211; Le studio de maquillage MAKE UP FOR EVER Academy est de retour","datePublished":"2025-12-13T04:56:51+00:00","dateModified":"2025-12-12T08:41:02+00:00","mainEntityOfPage":{"@id":"https:\/\/vosgesinfo.fr\/gerardmerinfo\/2025\/12\/festival-du-film-fantastique-le-studio-de-maquillage-make-up-for-ever-academy-est-de-retour\/"},"wordCount":110,"commentCount":0,"publisher":{"@id":"https:\/\/vosgesinfo.fr\/gerardmerinfo\/#organization"},"image":{"@id":"https:\/\/vosgesinfo.fr\/gerardmerinfo\/2025\/12\/festival-du-film-fantastique-le-studio-de-maquillage-make-up-for-ever-academy-est-de-retour\/#primaryimage"},"thumbnailUrl":"https:\/\/vosgesinfo.fr\/app\/uploads\/sites\/6\/2025\/12\/make-up-forever-festival-du-film-fantastique.jpg","keywords":["Festival International du film fantastique de G\u00e9rardmer","make up for ever academy"],"articleSection":["A la une","Culture","G\u00e9rardmer","Gerardmer","Vosges"],"inLanguage":"fr-FR","potentialAction":[{"@type":"CommentAction","name":"Comment","target":["https:\/\/vosgesinfo.fr\/gerardmerinfo\/2025\/12\/festival-du-film-fantastique-le-studio-de-maquillage-make-up-for-ever-academy-est-de-retour\/#respond"]}]},{"@type":"WebPage","@id":"https:\/\/vosgesinfo.fr\/gerardmerinfo\/2025\/12\/festival-du-film-fantastique-le-studio-de-maquillage-make-up-for-ever-academy-est-de-retour\/","url":"https:\/\/vosgesinfo.fr\/gerardmerinfo\/2025\/12\/festival-du-film-fantastique-le-studio-de-maquillage-make-up-for-ever-academy-est-de-retour\/","name":"Festival du Film Fantastique - Le studio de maquillage MAKE UP FOR EVER Academy est de retour - Gerardmer Info","isPartOf":{"@id":"https:\/\/vosgesinfo.fr\/gerardmerinfo\/#website"},"primaryImageOfPage":{"@id":"https:\/\/vosgesinfo.fr\/gerardmerinfo\/2025\/12\/festival-du-film-fantastique-le-studio-de-maquillage-make-up-for-ever-academy-est-de-retour\/#primaryimage"},"image":{"@id":"https:\/\/vosgesinfo.fr\/gerardmerinfo\/2025\/12\/festival-du-film-fantastique-le-studio-de-maquillage-make-up-for-ever-academy-est-de-retour\/#primaryimage"},"thumbnailUrl":"https:\/\/vosgesinfo.fr\/app\/uploads\/sites\/6\/2025\/12\/make-up-forever-festival-du-film-fantastique.jpg","datePublished":"2025-12-13T04:56:51+00:00","dateModified":"2025-12-12T08:41:02+00:00","breadcrumb":{"@id":"https:\/\/vosgesinfo.fr\/gerardmerinfo\/2025\/12\/festival-du-film-fantastique-le-studio-de-maquillage-make-up-for-ever-academy-est-de-retour\/#breadcrumb"},"inLanguage":"fr-FR","potentialAction":[{"@type":"ReadAction","target":["https:\/\/vosgesinfo.fr\/gerardmerinfo\/2025\/12\/festival-du-film-fantastique-le-studio-de-maquillage-make-up-for-ever-academy-est-de-retour\/"]}]},{"@type":"ImageObject","inLanguage":"fr-FR","@id":"https:\/\/vosgesinfo.fr\/gerardmerinfo\/2025\/12\/festival-du-film-fantastique-le-studio-de-maquillage-make-up-for-ever-academy-est-de-retour\/#primaryimage","url":"https:\/\/vosgesinfo.fr\/app\/uploads\/sites\/6\/2025\/12\/make-up-forever-festival-du-film-fantastique.jpg","contentUrl":"https:\/\/vosgesinfo.fr\/app\/uploads\/sites\/6\/2025\/12\/make-up-forever-festival-du-film-fantastique.jpg","width":1024,"height":683,"caption":"Th\u00e9o Cholbi, membre du Jury Court M\u00e9trage 2025 \u00a9 Camilla Canalini"},{"@type":"BreadcrumbList","@id":"https:\/\/vosgesinfo.fr\/gerardmerinfo\/2025\/12\/festival-du-film-fantastique-le-studio-de-maquillage-make-up-for-ever-academy-est-de-retour\/#breadcrumb","itemListElement":[{"@type":"ListItem","position":1,"name":"Home","item":"https:\/\/vosgesinfo.fr\/gerardmerinfo\/"},{"@type":"ListItem","position":2,"name":"Festival du Film Fantastique &#8211; Le studio de maquillage MAKE UP FOR EVER Academy est de retour"}]},{"@type":"WebSite","@id":"https:\/\/vosgesinfo.fr\/gerardmerinfo\/#website","url":"https:\/\/vosgesinfo.fr\/gerardmerinfo\/","name":"Gerardmer Info","description":"Toute l&#039;actualit\u00e9 de G\u00e9rardmer","publisher":{"@id":"https:\/\/vosgesinfo.fr\/gerardmerinfo\/#organization"},"alternateName":"Toute l'actualit\u00e9 de G\u00e9rardmer","potentialAction":[{"@type":"SearchAction","target":{"@type":"EntryPoint","urlTemplate":"https:\/\/vosgesinfo.fr\/gerardmerinfo\/?s={search_term_string}"},"query-input":"required name=search_term_string"}],"inLanguage":"fr-FR"},{"@type":"Organization","@id":"https:\/\/vosgesinfo.fr\/gerardmerinfo\/#organization","name":"Gerardmer Info","url":"https:\/\/vosgesinfo.fr\/gerardmerinfo\/","logo":{"@type":"ImageObject","inLanguage":"fr-FR","@id":"https:\/\/vosgesinfo.fr\/gerardmerinfo\/#\/schema\/logo\/image\/","url":"https:\/\/vosgesinfo.fr\/app\/uploads\/sites\/6\/2023\/08\/favicon-gerardmerinfo.png","contentUrl":"https:\/\/vosgesinfo.fr\/app\/uploads\/sites\/6\/2023\/08\/favicon-gerardmerinfo.png","width":512,"height":512,"caption":"Gerardmer Info"},"image":{"@id":"https:\/\/vosgesinfo.fr\/gerardmerinfo\/#\/schema\/logo\/image\/"},"sameAs":["https:\/\/www.facebook.com\/profile.php?id=100049475262660","https:\/\/x.com\/VosgesInfo88","https:\/\/www.youtube.com\/@vosgesinfo"]},{"@type":"Person","@id":"https:\/\/vosgesinfo.fr\/gerardmerinfo\/#\/schema\/person\/27a3695b06db98895b354c0765cdfc31","name":"La redaction","image":{"@type":"ImageObject","inLanguage":"fr-FR","@id":"https:\/\/vosgesinfo.fr\/gerardmerinfo\/#\/schema\/person\/image\/","url":"https:\/\/secure.gravatar.com\/avatar\/64c76a78e501cedee55736f43f332df901e1896ae9cd8fad269ae2236dd0e8b6?s=96&d=mm&r=g","contentUrl":"https:\/\/secure.gravatar.com\/avatar\/64c76a78e501cedee55736f43f332df901e1896ae9cd8fad269ae2236dd0e8b6?s=96&d=mm&r=g","caption":"La redaction"},"url":"https:\/\/vosgesinfo.fr\/gerardmerinfo\/author\/la-redaction\/"}]}},"_links":{"self":[{"href":"https:\/\/vosgesinfo.fr\/gerardmerinfo\/wp-json\/wp\/v2\/posts\/85722","targetHints":{"allow":["GET"]}}],"collection":[{"href":"https:\/\/vosgesinfo.fr\/gerardmerinfo\/wp-json\/wp\/v2\/posts"}],"about":[{"href":"https:\/\/vosgesinfo.fr\/gerardmerinfo\/wp-json\/wp\/v2\/types\/post"}],"author":[{"embeddable":true,"href":"https:\/\/vosgesinfo.fr\/gerardmerinfo\/wp-json\/wp\/v2\/users\/391"}],"replies":[{"embeddable":true,"href":"https:\/\/vosgesinfo.fr\/gerardmerinfo\/wp-json\/wp\/v2\/comments?post=85722"}],"version-history":[{"count":1,"href":"https:\/\/vosgesinfo.fr\/gerardmerinfo\/wp-json\/wp\/v2\/posts\/85722\/revisions"}],"predecessor-version":[{"id":85724,"href":"https:\/\/vosgesinfo.fr\/gerardmerinfo\/wp-json\/wp\/v2\/posts\/85722\/revisions\/85724"}],"wp:featuredmedia":[{"embeddable":true,"href":"https:\/\/vosgesinfo.fr\/gerardmerinfo\/wp-json\/wp\/v2\/media\/85723"}],"wp:attachment":[{"href":"https:\/\/vosgesinfo.fr\/gerardmerinfo\/wp-json\/wp\/v2\/media?parent=85722"}],"wp:term":[{"taxonomy":"category","embeddable":true,"href":"https:\/\/vosgesinfo.fr\/gerardmerinfo\/wp-json\/wp\/v2\/categories?post=85722"},{"taxonomy":"post_tag","embeddable":true,"href":"https:\/\/vosgesinfo.fr\/gerardmerinfo\/wp-json\/wp\/v2\/tags?post=85722"}],"curies":[{"name":"wp","href":"https:\/\/api.w.org\/{rel}","templated":true}]}}