{"id":85725,"date":"2025-12-12T14:19:07","date_gmt":"2025-12-12T13:19:07","guid":{"rendered":"https:\/\/vosgesinfo.fr\/gerardmerinfo\/?p=85725"},"modified":"2025-12-12T14:19:07","modified_gmt":"2025-12-12T13:19:07","slug":"les-navettes-hivernales-arrivent-au-markstein-la-montagne-accessible-toute-la-saison","status":"publish","type":"post","link":"https:\/\/vosgesinfo.fr\/gerardmerinfo\/2025\/12\/les-navettes-hivernales-arrivent-au-markstein-la-montagne-accessible-toute-la-saison\/","title":{"rendered":"Les Navettes hivernales arrivent au Markstein : la montagne accessible toute la saison !"},"content":{"rendered":"<div><a href=\"https:\/\/vosgesinfo.fr\/app\/uploads\/sites\/6\/2025\/09\/logo-fluo.jpg\"><img decoding=\"async\" class=\"aligncenter size-medium wp-image-82052\" src=\"https:\/\/vosgesinfo.fr\/app\/uploads\/sites\/6\/2025\/09\/logo-fluo-300x217.jpg\" alt=\"\" width=\"300\" height=\"217\" srcset=\"https:\/\/vosgesinfo.fr\/app\/uploads\/sites\/6\/2025\/09\/logo-fluo-300x217.jpg 300w, https:\/\/vosgesinfo.fr\/app\/uploads\/sites\/6\/2025\/09\/logo-fluo-768x555.jpg 768w, https:\/\/vosgesinfo.fr\/app\/uploads\/sites\/6\/2025\/09\/logo-fluo.jpg 900w\" sizes=\"(max-width: 300px) 100vw, 300px\" \/><\/a><br \/>\n<strong>Pr\u00e9parez vos gants, vos lunettes de soleil et suivez votre envie d\u2019\u00e9vasion : d\u00e8s le 20 d\u00e9cembre 2025 et jusqu\u2019au 29<\/strong><strong>\u00a0<\/strong><strong>mars 2026, la R\u00e9gion Grand Est vous emm\u00e8ne au sommet gr\u00e2ce aux Navettes hivernales du Markstein<\/strong><strong>\u00a0<\/strong><strong>!\u00a0<\/strong><\/p>\n<p><strong>Pens\u00e9es pour simplifier l\u2019acc\u00e8s \u00e0 l\u2019un des sites embl\u00e9matiques du Massif des Vosges, ces liaisons \u2013 initialement port\u00e9es par les Communaut\u00e9s de Communes de la R\u00e9gion de Guebwiller et de Thann-Cernay \u2014 renforcent durablement la desserte touristique et ouvrent la montagne \u00e0 tous, que la neige soit au rendez-vous ou non.<\/strong><\/p>\n<p>Au d\u00e9part de Bollwiller, Cernay, Soultz, Guebwiller et Thann, les Navettes hivernales permettent de rejoindre le Markstein pour profiter pleinement des activit\u00e9s sportives, touristiques et de plein air. Elles circuleront\u00a0tous les jours pendant les vacances scolaires de la zone B, les week-ends et jours f\u00e9ri\u00e9s hors vacances et quel que soit l\u2019enneigement.<\/p>\n<p>L\u2019organisation de ce service a \u00e9t\u00e9 repens\u00e9e afin d\u2019offrir un parcours de mobilit\u00e9 lisible, confortable et adapt\u00e9\u00a0:<\/p>\n<ul>\n<li>Correspondances facilit\u00e9es avec les TER en gares de Mulhouse et de Colmar.<\/li>\n<li>Horaires align\u00e9s avec les cours de l\u2019Ecole Fran\u00e7aise de Ski.<\/li>\n<li>Temps pr\u00e9vu pour la location et la restitution du mat\u00e9riel.<\/li>\n<li>Alignement avec les horaires d\u2019ouverture de la station du Markstein.<\/li>\n<li>Skis et v\u00e9los (hors \u00e9lectriques) accept\u00e9s sur r\u00e9servation.<\/li>\n<li>Les voyageurs peuvent \u00e9galement suivre les cars en temps r\u00e9el via l\u2019application <a title=\"https:\/\/services.hosting.augure.com\/Response\/c5s6F\/%7B0b2c3836-a548-4e44-a19c-ed0edc591edb%7D\" href=\"https:\/\/services.hosting.augure.com\/Response\/c5s6F\/%7B0b2c3836-a548-4e44-a19c-ed0edc591edb%7D\" target=\"_blank\" rel=\"noreferrer noopener\" data-auth=\"NotApplicable\" data-linkindex=\"3\">Pysae<\/a>.<\/li>\n<\/ul>\n<p>&nbsp;<\/p>\n<p><strong>Avec cette offre hivernale, la R\u00e9gion r\u00e9affirme son engagement \u00e0 d\u00e9velopper des solutions de transport durables, coh\u00e9rentes et au service des territoires. Parce que la montagne se vit, se d\u00e9couvre et se partage, la R\u00e9gion met tout en \u0153uvre pour permettre \u00e0 chacun d\u2019acc\u00e9der au Markstein en toute s\u00e9r\u00e9nit\u00e9, en toute saison.<\/strong><\/p>\n<p aria-hidden=\"true\">\n<p><strong>R\u00e9servation obligatoire<\/strong><strong>\u00a0<\/strong><strong>: <\/strong><\/p>\n<p>&nbsp;<\/p>\n<ul>\n<li><strong>Cernay \u2192 Markstein (ligne 68R096)<\/strong><strong>\u00a0<\/strong><strong>: <\/strong><\/li>\n<\/ul>\n<p>R\u00e9servations : 03 89 32 11 21 (LK Chopin Heitz)<\/p>\n<p><strong>\u00a0<\/strong><\/p>\n<ul>\n<li><strong>Bollwiller \u2192 Markstein (ligne 68R097)<\/strong><strong>\u00a0<\/strong><strong>: <\/strong><\/li>\n<\/ul>\n<p>R\u00e9servations : 03 89 76 67 00 (LK Sodag)<\/p>\n<p aria-hidden=\"true\">\n<p>La r\u00e9servation doit \u00eatre effectu\u00e9e au plus tard la veille du d\u00e9placement avant 19h (jours f\u00e9ri\u00e9s inclus).<br \/>\nIl est \u00e9galement possible de r\u00e9server son trajet via la <a title=\"https:\/\/services.hosting.augure.com\/Response\/c5s6G\/%7B0b2c3836-a548-4e44-a19c-ed0edc591edb%7D\" href=\"https:\/\/services.hosting.augure.com\/Response\/c5s6G\/%7B0b2c3836-a548-4e44-a19c-ed0edc591edb%7D\" target=\"_blank\" rel=\"noreferrer noopener\" data-auth=\"NotApplicable\" data-linkindex=\"4\">boutique en ligne<\/a> ou directement \u00e0 bord des cars (pr\u00e9voir l\u2019appoint).<\/p>\n<p aria-hidden=\"true\">\n<p><strong>En savoir plus<\/strong>\u00a0: <a title=\"https:\/\/services.hosting.augure.com\/Response\/c5s6H\/%7B0b2c3836-a548-4e44-a19c-ed0edc591edb%7D\" href=\"https:\/\/services.hosting.augure.com\/Response\/c5s6H\/%7B0b2c3836-a548-4e44-a19c-ed0edc591edb%7D\" target=\"_blank\" rel=\"noreferrer noopener\" data-auth=\"NotApplicable\" data-linkindex=\"5\">https:\/\/www.fluo.grandest.fr\/actualites\/navette-des-cretes\/<\/a><\/p>\n<\/div>\n","protected":false},"excerpt":{"rendered":"<p>Pr\u00e9parez vos gants, vos lunettes de soleil et suivez votre envie d\u2019\u00e9vasion : d\u00e8s le 20 d\u00e9cembre 2025 et jusqu\u2019au [&hellip;]<\/p>\n","protected":false},"author":42,"featured_media":82052,"comment_status":"open","ping_status":"open","sticky":false,"template":"","format":"standard","meta":{"footnotes":""},"categories":[20,5647,15,18],"tags":[2757],"class_list":["post-85725","post","type-post","status-publish","format-standard","has-post-thumbnail","hentry","category-a-la-une","category-gerardmer-autres-sites","category-tourisme","category-vosges","tag-navette-des-neiges"],"acf":[],"yoast_head":"<!-- This site is optimized with the Yoast SEO plugin v22.5 - https:\/\/yoast.com\/wordpress\/plugins\/seo\/ -->\n<title>Les Navettes hivernales arrivent au Markstein : la montagne accessible toute la saison ! - Gerardmer Info<\/title>\n<meta name=\"robots\" content=\"index, follow, max-snippet:-1, max-image-preview:large, max-video-preview:-1\" \/>\n<link rel=\"canonical\" href=\"https:\/\/vosgesinfo.fr\/gerardmerinfo\/?p=85725\" \/>\n<meta name=\"twitter:card\" content=\"summary_large_image\" \/>\n<meta name=\"twitter:title\" content=\"Les Navettes hivernales arrivent au Markstein : la montagne accessible toute la saison ! - Gerardmer Info\" \/>\n<meta name=\"twitter:description\" content=\"Pr\u00e9parez vos gants, vos lunettes de soleil et suivez votre envie d\u2019\u00e9vasion : d\u00e8s le 20 d\u00e9cembre 2025 et jusqu\u2019au [&hellip;]\" \/>\n<meta name=\"twitter:creator\" content=\"@VosgesInfo88\" \/>\n<meta name=\"twitter:site\" content=\"@VosgesInfo88\" \/>\n<meta name=\"twitter:label1\" content=\"\u00c9crit par\" \/>\n\t<meta name=\"twitter:data1\" content=\"QG\" \/>\n\t<meta name=\"twitter:label2\" content=\"Dur\u00e9e de lecture estim\u00e9e\" \/>\n\t<meta name=\"twitter:data2\" content=\"2 minutes\" \/>\n<script type=\"application\/ld+json\" class=\"yoast-schema-graph\">{\"@context\":\"https:\/\/schema.org\",\"@graph\":[{\"@type\":\"Article\",\"@id\":\"https:\/\/vosgesinfo.fr\/gerardmerinfo\/?p=85725#article\",\"isPartOf\":{\"@id\":\"https:\/\/vosgesinfo.fr\/gerardmerinfo\/?p=85725\"},\"author\":{\"name\":\"QG\",\"@id\":\"https:\/\/vosgesinfo.fr\/gerardmerinfo\/#\/schema\/person\/db5605779a843dad16b5368f3e7613a5\"},\"headline\":\"Les Navettes hivernales arrivent au Markstein : la montagne accessible toute la saison !\",\"datePublished\":\"2025-12-12T13:19:07+00:00\",\"dateModified\":\"2025-12-12T13:19:07+00:00\",\"mainEntityOfPage\":{\"@id\":\"https:\/\/vosgesinfo.fr\/gerardmerinfo\/?p=85725\"},\"wordCount\":397,\"commentCount\":1,\"publisher\":{\"@id\":\"https:\/\/vosgesinfo.fr\/gerardmerinfo\/#organization\"},\"image\":{\"@id\":\"https:\/\/vosgesinfo.fr\/gerardmerinfo\/?p=85725#primaryimage\"},\"thumbnailUrl\":\"https:\/\/vosgesinfo.fr\/app\/uploads\/sites\/6\/2025\/09\/logo-fluo.jpg\",\"keywords\":[\"navette des neiges\"],\"articleSection\":[\"A la une\",\"Gerardmer\",\"Tourisme\",\"Vosges\"],\"inLanguage\":\"fr-FR\",\"potentialAction\":[{\"@type\":\"CommentAction\",\"name\":\"Comment\",\"target\":[\"https:\/\/vosgesinfo.fr\/gerardmerinfo\/?p=85725#respond\"]}]},{\"@type\":\"WebPage\",\"@id\":\"https:\/\/vosgesinfo.fr\/gerardmerinfo\/?p=85725\",\"url\":\"https:\/\/vosgesinfo.fr\/gerardmerinfo\/?p=85725\",\"name\":\"Les Navettes hivernales arrivent au Markstein : la montagne accessible toute la saison ! - Gerardmer Info\",\"isPartOf\":{\"@id\":\"https:\/\/vosgesinfo.fr\/gerardmerinfo\/#website\"},\"primaryImageOfPage\":{\"@id\":\"https:\/\/vosgesinfo.fr\/gerardmerinfo\/?p=85725#primaryimage\"},\"image\":{\"@id\":\"https:\/\/vosgesinfo.fr\/gerardmerinfo\/?p=85725#primaryimage\"},\"thumbnailUrl\":\"https:\/\/vosgesinfo.fr\/app\/uploads\/sites\/6\/2025\/09\/logo-fluo.jpg\",\"datePublished\":\"2025-12-12T13:19:07+00:00\",\"dateModified\":\"2025-12-12T13:19:07+00:00\",\"breadcrumb\":{\"@id\":\"https:\/\/vosgesinfo.fr\/gerardmerinfo\/?p=85725#breadcrumb\"},\"inLanguage\":\"fr-FR\",\"potentialAction\":[{\"@type\":\"ReadAction\",\"target\":[\"https:\/\/vosgesinfo.fr\/gerardmerinfo\/?p=85725\"]}]},{\"@type\":\"ImageObject\",\"inLanguage\":\"fr-FR\",\"@id\":\"https:\/\/vosgesinfo.fr\/gerardmerinfo\/?p=85725#primaryimage\",\"url\":\"https:\/\/vosgesinfo.fr\/app\/uploads\/sites\/6\/2025\/09\/logo-fluo.jpg\",\"contentUrl\":\"https:\/\/vosgesinfo.fr\/app\/uploads\/sites\/6\/2025\/09\/logo-fluo.jpg\",\"width\":900,\"height\":650},{\"@type\":\"BreadcrumbList\",\"@id\":\"https:\/\/vosgesinfo.fr\/gerardmerinfo\/?p=85725#breadcrumb\",\"itemListElement\":[{\"@type\":\"ListItem\",\"position\":1,\"name\":\"Home\",\"item\":\"https:\/\/vosgesinfo.fr\/gerardmerinfo\/\"},{\"@type\":\"ListItem\",\"position\":2,\"name\":\"Les Navettes hivernales arrivent au Markstein : la montagne accessible toute la saison !\"}]},{\"@type\":\"WebSite\",\"@id\":\"https:\/\/vosgesinfo.fr\/gerardmerinfo\/#website\",\"url\":\"https:\/\/vosgesinfo.fr\/gerardmerinfo\/\",\"name\":\"Gerardmer Info\",\"description\":\"Toute l&#039;actualit\u00e9 de G\u00e9rardmer\",\"publisher\":{\"@id\":\"https:\/\/vosgesinfo.fr\/gerardmerinfo\/#organization\"},\"alternateName\":\"Toute l'actualit\u00e9 de G\u00e9rardmer\",\"potentialAction\":[{\"@type\":\"SearchAction\",\"target\":{\"@type\":\"EntryPoint\",\"urlTemplate\":\"https:\/\/vosgesinfo.fr\/gerardmerinfo\/?s={search_term_string}\"},\"query-input\":\"required name=search_term_string\"}],\"inLanguage\":\"fr-FR\"},{\"@type\":\"Organization\",\"@id\":\"https:\/\/vosgesinfo.fr\/gerardmerinfo\/#organization\",\"name\":\"Gerardmer Info\",\"url\":\"https:\/\/vosgesinfo.fr\/gerardmerinfo\/\",\"logo\":{\"@type\":\"ImageObject\",\"inLanguage\":\"fr-FR\",\"@id\":\"https:\/\/vosgesinfo.fr\/gerardmerinfo\/#\/schema\/logo\/image\/\",\"url\":\"https:\/\/vosgesinfo.fr\/app\/uploads\/sites\/6\/2023\/08\/favicon-gerardmerinfo.png\",\"contentUrl\":\"https:\/\/vosgesinfo.fr\/app\/uploads\/sites\/6\/2023\/08\/favicon-gerardmerinfo.png\",\"width\":512,\"height\":512,\"caption\":\"Gerardmer Info\"},\"image\":{\"@id\":\"https:\/\/vosgesinfo.fr\/gerardmerinfo\/#\/schema\/logo\/image\/\"},\"sameAs\":[\"https:\/\/www.facebook.com\/profile.php?id=100049475262660\",\"https:\/\/x.com\/VosgesInfo88\",\"https:\/\/www.youtube.com\/@vosgesinfo\"]},{\"@type\":\"Person\",\"@id\":\"https:\/\/vosgesinfo.fr\/gerardmerinfo\/#\/schema\/person\/db5605779a843dad16b5368f3e7613a5\",\"name\":\"QG\",\"image\":{\"@type\":\"ImageObject\",\"inLanguage\":\"fr-FR\",\"@id\":\"https:\/\/vosgesinfo.fr\/gerardmerinfo\/#\/schema\/person\/image\/\",\"url\":\"https:\/\/secure.gravatar.com\/avatar\/ea80c42c204b534408512832fde52504ecabb9706bcb6151cf6175e5b64e6793?s=96&d=mm&r=g\",\"contentUrl\":\"https:\/\/secure.gravatar.com\/avatar\/ea80c42c204b534408512832fde52504ecabb9706bcb6151cf6175e5b64e6793?s=96&d=mm&r=g\",\"caption\":\"QG\"},\"url\":\"https:\/\/vosgesinfo.fr\/gerardmerinfo\/author\/quentin88\/\"}]}<\/script>\n<!-- \/ Yoast SEO plugin. -->","yoast_head_json":{"title":"Les Navettes hivernales arrivent au Markstein : la montagne accessible toute la saison ! - Gerardmer Info","robots":{"index":"index","follow":"follow","max-snippet":"max-snippet:-1","max-image-preview":"max-image-preview:large","max-video-preview":"max-video-preview:-1"},"canonical":"https:\/\/vosgesinfo.fr\/gerardmerinfo\/?p=85725","twitter_card":"summary_large_image","twitter_title":"Les Navettes hivernales arrivent au Markstein : la montagne accessible toute la saison ! - Gerardmer Info","twitter_description":"Pr\u00e9parez vos gants, vos lunettes de soleil et suivez votre envie d\u2019\u00e9vasion : d\u00e8s le 20 d\u00e9cembre 2025 et jusqu\u2019au [&hellip;]","twitter_creator":"@VosgesInfo88","twitter_site":"@VosgesInfo88","twitter_misc":{"\u00c9crit par":"QG","Dur\u00e9e de lecture estim\u00e9e":"2 minutes"},"schema":{"@context":"https:\/\/schema.org","@graph":[{"@type":"Article","@id":"https:\/\/vosgesinfo.fr\/gerardmerinfo\/?p=85725#article","isPartOf":{"@id":"https:\/\/vosgesinfo.fr\/gerardmerinfo\/?p=85725"},"author":{"name":"QG","@id":"https:\/\/vosgesinfo.fr\/gerardmerinfo\/#\/schema\/person\/db5605779a843dad16b5368f3e7613a5"},"headline":"Les Navettes hivernales arrivent au Markstein : la montagne accessible toute la saison !","datePublished":"2025-12-12T13:19:07+00:00","dateModified":"2025-12-12T13:19:07+00:00","mainEntityOfPage":{"@id":"https:\/\/vosgesinfo.fr\/gerardmerinfo\/?p=85725"},"wordCount":397,"commentCount":1,"publisher":{"@id":"https:\/\/vosgesinfo.fr\/gerardmerinfo\/#organization"},"image":{"@id":"https:\/\/vosgesinfo.fr\/gerardmerinfo\/?p=85725#primaryimage"},"thumbnailUrl":"https:\/\/vosgesinfo.fr\/app\/uploads\/sites\/6\/2025\/09\/logo-fluo.jpg","keywords":["navette des neiges"],"articleSection":["A la une","Gerardmer","Tourisme","Vosges"],"inLanguage":"fr-FR","potentialAction":[{"@type":"CommentAction","name":"Comment","target":["https:\/\/vosgesinfo.fr\/gerardmerinfo\/?p=85725#respond"]}]},{"@type":"WebPage","@id":"https:\/\/vosgesinfo.fr\/gerardmerinfo\/?p=85725","url":"https:\/\/vosgesinfo.fr\/gerardmerinfo\/?p=85725","name":"Les Navettes hivernales arrivent au Markstein : la montagne accessible toute la saison ! - Gerardmer Info","isPartOf":{"@id":"https:\/\/vosgesinfo.fr\/gerardmerinfo\/#website"},"primaryImageOfPage":{"@id":"https:\/\/vosgesinfo.fr\/gerardmerinfo\/?p=85725#primaryimage"},"image":{"@id":"https:\/\/vosgesinfo.fr\/gerardmerinfo\/?p=85725#primaryimage"},"thumbnailUrl":"https:\/\/vosgesinfo.fr\/app\/uploads\/sites\/6\/2025\/09\/logo-fluo.jpg","datePublished":"2025-12-12T13:19:07+00:00","dateModified":"2025-12-12T13:19:07+00:00","breadcrumb":{"@id":"https:\/\/vosgesinfo.fr\/gerardmerinfo\/?p=85725#breadcrumb"},"inLanguage":"fr-FR","potentialAction":[{"@type":"ReadAction","target":["https:\/\/vosgesinfo.fr\/gerardmerinfo\/?p=85725"]}]},{"@type":"ImageObject","inLanguage":"fr-FR","@id":"https:\/\/vosgesinfo.fr\/gerardmerinfo\/?p=85725#primaryimage","url":"https:\/\/vosgesinfo.fr\/app\/uploads\/sites\/6\/2025\/09\/logo-fluo.jpg","contentUrl":"https:\/\/vosgesinfo.fr\/app\/uploads\/sites\/6\/2025\/09\/logo-fluo.jpg","width":900,"height":650},{"@type":"BreadcrumbList","@id":"https:\/\/vosgesinfo.fr\/gerardmerinfo\/?p=85725#breadcrumb","itemListElement":[{"@type":"ListItem","position":1,"name":"Home","item":"https:\/\/vosgesinfo.fr\/gerardmerinfo\/"},{"@type":"ListItem","position":2,"name":"Les Navettes hivernales arrivent au Markstein : la montagne accessible toute la saison !"}]},{"@type":"WebSite","@id":"https:\/\/vosgesinfo.fr\/gerardmerinfo\/#website","url":"https:\/\/vosgesinfo.fr\/gerardmerinfo\/","name":"Gerardmer Info","description":"Toute l&#039;actualit\u00e9 de G\u00e9rardmer","publisher":{"@id":"https:\/\/vosgesinfo.fr\/gerardmerinfo\/#organization"},"alternateName":"Toute l'actualit\u00e9 de G\u00e9rardmer","potentialAction":[{"@type":"SearchAction","target":{"@type":"EntryPoint","urlTemplate":"https:\/\/vosgesinfo.fr\/gerardmerinfo\/?s={search_term_string}"},"query-input":"required name=search_term_string"}],"inLanguage":"fr-FR"},{"@type":"Organization","@id":"https:\/\/vosgesinfo.fr\/gerardmerinfo\/#organization","name":"Gerardmer Info","url":"https:\/\/vosgesinfo.fr\/gerardmerinfo\/","logo":{"@type":"ImageObject","inLanguage":"fr-FR","@id":"https:\/\/vosgesinfo.fr\/gerardmerinfo\/#\/schema\/logo\/image\/","url":"https:\/\/vosgesinfo.fr\/app\/uploads\/sites\/6\/2023\/08\/favicon-gerardmerinfo.png","contentUrl":"https:\/\/vosgesinfo.fr\/app\/uploads\/sites\/6\/2023\/08\/favicon-gerardmerinfo.png","width":512,"height":512,"caption":"Gerardmer Info"},"image":{"@id":"https:\/\/vosgesinfo.fr\/gerardmerinfo\/#\/schema\/logo\/image\/"},"sameAs":["https:\/\/www.facebook.com\/profile.php?id=100049475262660","https:\/\/x.com\/VosgesInfo88","https:\/\/www.youtube.com\/@vosgesinfo"]},{"@type":"Person","@id":"https:\/\/vosgesinfo.fr\/gerardmerinfo\/#\/schema\/person\/db5605779a843dad16b5368f3e7613a5","name":"QG","image":{"@type":"ImageObject","inLanguage":"fr-FR","@id":"https:\/\/vosgesinfo.fr\/gerardmerinfo\/#\/schema\/person\/image\/","url":"https:\/\/secure.gravatar.com\/avatar\/ea80c42c204b534408512832fde52504ecabb9706bcb6151cf6175e5b64e6793?s=96&d=mm&r=g","contentUrl":"https:\/\/secure.gravatar.com\/avatar\/ea80c42c204b534408512832fde52504ecabb9706bcb6151cf6175e5b64e6793?s=96&d=mm&r=g","caption":"QG"},"url":"https:\/\/vosgesinfo.fr\/gerardmerinfo\/author\/quentin88\/"}]}},"_links":{"self":[{"href":"https:\/\/vosgesinfo.fr\/gerardmerinfo\/wp-json\/wp\/v2\/posts\/85725","targetHints":{"allow":["GET"]}}],"collection":[{"href":"https:\/\/vosgesinfo.fr\/gerardmerinfo\/wp-json\/wp\/v2\/posts"}],"about":[{"href":"https:\/\/vosgesinfo.fr\/gerardmerinfo\/wp-json\/wp\/v2\/types\/post"}],"author":[{"embeddable":true,"href":"https:\/\/vosgesinfo.fr\/gerardmerinfo\/wp-json\/wp\/v2\/users\/42"}],"replies":[{"embeddable":true,"href":"https:\/\/vosgesinfo.fr\/gerardmerinfo\/wp-json\/wp\/v2\/comments?post=85725"}],"version-history":[{"count":1,"href":"https:\/\/vosgesinfo.fr\/gerardmerinfo\/wp-json\/wp\/v2\/posts\/85725\/revisions"}],"predecessor-version":[{"id":85726,"href":"https:\/\/vosgesinfo.fr\/gerardmerinfo\/wp-json\/wp\/v2\/posts\/85725\/revisions\/85726"}],"wp:featuredmedia":[{"embeddable":true,"href":"https:\/\/vosgesinfo.fr\/gerardmerinfo\/wp-json\/wp\/v2\/media\/82052"}],"wp:attachment":[{"href":"https:\/\/vosgesinfo.fr\/gerardmerinfo\/wp-json\/wp\/v2\/media?parent=85725"}],"wp:term":[{"taxonomy":"category","embeddable":true,"href":"https:\/\/vosgesinfo.fr\/gerardmerinfo\/wp-json\/wp\/v2\/categories?post=85725"},{"taxonomy":"post_tag","embeddable":true,"href":"https:\/\/vosgesinfo.fr\/gerardmerinfo\/wp-json\/wp\/v2\/tags?post=85725"}],"curies":[{"name":"wp","href":"https:\/\/api.w.org\/{rel}","templated":true}]}}