{"id":85727,"date":"2025-12-12T17:18:05","date_gmt":"2025-12-12T16:18:05","guid":{"rendered":"https:\/\/vosgesinfo.fr\/gerardmerinfo\/?p=85727"},"modified":"2025-12-12T16:42:24","modified_gmt":"2025-12-12T15:42:24","slug":"marche-de-noel-de-xonrupt-ce-week-end","status":"publish","type":"post","link":"https:\/\/vosgesinfo.fr\/gerardmerinfo\/2025\/12\/marche-de-noel-de-xonrupt-ce-week-end\/","title":{"rendered":"March\u00e9 de No\u00ebl de Xonrupt ce week-end"},"content":{"rendered":"<p><span style=\"color: #000000;\"><strong>L\u2019Association Carton Plume\u00a0en partenariat avec la ville de Xonrupt-Longemer et l\u2019amicale des \u00e9coles des 2 lacs vous invitent \u00e0 venir d\u00e9couvrir le plus joli March\u00e9 de No\u00ebl artisanal de la r\u00e9gion.<\/strong><\/span><\/p>\n<p><span style=\"color: #000000;\"><a style=\"color: #000000;\" href=\"https:\/\/vosgesinfo.fr\/app\/uploads\/sites\/6\/2025\/12\/affiche-marche-noel-2025-page-0001.jpg\"><img decoding=\"async\" class=\"alignright size-medium wp-image-85730\" src=\"https:\/\/vosgesinfo.fr\/app\/uploads\/sites\/6\/2025\/12\/affiche-marche-noel-2025-page-0001-212x300.jpg\" alt=\"\" width=\"212\" height=\"300\" srcset=\"https:\/\/vosgesinfo.fr\/app\/uploads\/sites\/6\/2025\/12\/affiche-marche-noel-2025-page-0001-212x300.jpg 212w, https:\/\/vosgesinfo.fr\/app\/uploads\/sites\/6\/2025\/12\/affiche-marche-noel-2025-page-0001-724x1024.jpg 724w, https:\/\/vosgesinfo.fr\/app\/uploads\/sites\/6\/2025\/12\/affiche-marche-noel-2025-page-0001.jpg 764w\" sizes=\"(max-width: 212px) 100vw, 212px\" \/><\/a>36 artisans cr\u00e9ateurs vous proposeront diff\u00e9rentes r\u00e9alisations\u00a0: des bijoux, de la peinture, des douceurs sucr\u00e9es des f\u00eates, de la d\u00e9co de no\u00ebl, du tournage sur bois, de la couture, de la c\u00e9ramique, des bougies parfum\u00e9es, des \u00e9crivains\u2026<\/span><\/p>\n<p><span style=\"color: #000000;\">Cette ann\u00e9e venez tenter votre chance au \u2018\u2019Grand Prix du March\u00e9 de No\u00ebl \u2018\u2019 <\/span><br \/>\n<span style=\"color: #000000;\">Pour 2\u20ac vous pouvez gagner\u00a0: un s\u00e9jour insolite \u00ab\u00a0aux Nids des Vosges\u00a0\u00bb pour 2 personnes d\u2019une valeur de 350\u20ac offert par l\u2019association Carton Plume ainsi qu\u2019une multitude d\u2019autres lots offerts g\u00e9n\u00e9reusement par nos artisans cr\u00e9ateurs.<\/span><\/p>\n<p><span style=\"color: #000000;\">Le Tirage au sort aura lieu le dimanche 14 d\u00e9cembre 2023 \u00e0 17 h.<\/span><\/p>\n<p><span style=\"color: #000000;\">Nous aurons m\u00eame le plaisir d\u2019avoir la visite du P\u00e8re No\u00ebl le samedi et le dimanche.<\/span><\/p>\n<p><span style=\"color: #000000;\">Cette ann\u00e9e encore, l\u2019association Carton Plume a d\u00e9cid\u00e9 de renouveler son partenariat avec l\u2019association des parents d\u2019\u00e9l\u00e8ves des \u00e9coles des deux lacs de Xonrupt \u2013 Longemer pour les aider au financement d\u2019activit\u00e9s pour les enfants, en leur offrant la gestion de la restauration et du bar.<\/span><\/p>\n<p><span style=\"color: #000000;\">Venez-vous restaurer entre amis<\/span>.<\/p>\n<p>Au menu du samedi midi\u00a0: lasagnes maison et sa salade + caf\u00e9 &#8211; 10 \u20ac<\/p>\n<p>Le dimanche midi\u00a0: P\u00e2t\u00e9 Lorrain et ses crudit\u00e9s + caf\u00e9 \u2013 8 \u20ac<\/p>\n<p>Tout le week-end\u00a0 tarte flamb\u00e9e\u00a0: Nature &#8211; 6 \u20ac<br \/>\nGratin\u00e9e &#8211; 6.50 \u20ac<\/p>\n<p>Sans oublier les cr\u00eapes, g\u00e2teaux et l\u2019incontournable vin chaud.<\/p>\n<p>Rendez-vous\u00a0:<\/p>\n<p>Samedi 13 d\u00e9cembre de 10h \u00e0 19h<br \/>\nDimanche 14 d\u00e9cembre de 10h \u00e0 18h<\/p>\n<p>\u00c0 la salle polyvalente de Xonrupt-Longemer.<\/p>\n<p>Entr\u00e9e libre<\/p>\n","protected":false},"excerpt":{"rendered":"<p>L\u2019Association Carton Plume\u00a0en partenariat avec la ville de Xonrupt-Longemer et l\u2019amicale des \u00e9coles des 2 lacs vous invitent \u00e0 venir [&hellip;]<\/p>\n","protected":false},"author":391,"featured_media":85730,"comment_status":"open","ping_status":"open","sticky":false,"template":"","format":"standard","meta":{"footnotes":""},"categories":[20,5647,17,42],"tags":[771],"class_list":["post-85727","post","type-post","status-publish","format-standard","has-post-thumbnail","hentry","category-a-la-une","category-gerardmer-autres-sites","category-vie-associative","category-xonrupt-longemer","tag-association-carton-plume"],"acf":[],"yoast_head":"<!-- This site is optimized with the Yoast SEO plugin v22.5 - https:\/\/yoast.com\/wordpress\/plugins\/seo\/ -->\n<title>March\u00e9 de No\u00ebl de Xonrupt ce week-end - Gerardmer Info<\/title>\n<meta name=\"robots\" content=\"index, follow, max-snippet:-1, max-image-preview:large, max-video-preview:-1\" \/>\n<link rel=\"canonical\" href=\"https:\/\/vosgesinfo.fr\/gerardmerinfo\/2025\/12\/marche-de-noel-de-xonrupt-ce-week-end\/\" \/>\n<meta name=\"twitter:card\" content=\"summary_large_image\" \/>\n<meta name=\"twitter:title\" content=\"March\u00e9 de No\u00ebl de Xonrupt ce week-end - Gerardmer Info\" \/>\n<meta name=\"twitter:description\" content=\"L\u2019Association Carton Plume\u00a0en partenariat avec la ville de Xonrupt-Longemer et l\u2019amicale des \u00e9coles des 2 lacs vous invitent \u00e0 venir [&hellip;]\" \/>\n<meta name=\"twitter:image\" content=\"https:\/\/vosgesinfo.fr\/app\/uploads\/sites\/6\/2025\/12\/affiche-marche-noel-2025-page-0001.jpg\" \/>\n<meta name=\"twitter:creator\" content=\"@VosgesInfo88\" \/>\n<meta name=\"twitter:site\" content=\"@VosgesInfo88\" \/>\n<meta name=\"twitter:label1\" content=\"\u00c9crit par\" \/>\n\t<meta name=\"twitter:data1\" content=\"La redaction\" \/>\n\t<meta name=\"twitter:label2\" content=\"Dur\u00e9e de lecture estim\u00e9e\" \/>\n\t<meta name=\"twitter:data2\" content=\"1 minute\" \/>\n<script type=\"application\/ld+json\" class=\"yoast-schema-graph\">{\"@context\":\"https:\/\/schema.org\",\"@graph\":[{\"@type\":\"Article\",\"@id\":\"https:\/\/vosgesinfo.fr\/gerardmerinfo\/2025\/12\/marche-de-noel-de-xonrupt-ce-week-end\/#article\",\"isPartOf\":{\"@id\":\"https:\/\/vosgesinfo.fr\/gerardmerinfo\/2025\/12\/marche-de-noel-de-xonrupt-ce-week-end\/\"},\"author\":{\"name\":\"La redaction\",\"@id\":\"https:\/\/vosgesinfo.fr\/gerardmerinfo\/#\/schema\/person\/27a3695b06db98895b354c0765cdfc31\"},\"headline\":\"March\u00e9 de No\u00ebl de Xonrupt ce week-end\",\"datePublished\":\"2025-12-12T16:18:05+00:00\",\"dateModified\":\"2025-12-12T15:42:24+00:00\",\"mainEntityOfPage\":{\"@id\":\"https:\/\/vosgesinfo.fr\/gerardmerinfo\/2025\/12\/marche-de-noel-de-xonrupt-ce-week-end\/\"},\"wordCount\":298,\"commentCount\":1,\"publisher\":{\"@id\":\"https:\/\/vosgesinfo.fr\/gerardmerinfo\/#organization\"},\"image\":{\"@id\":\"https:\/\/vosgesinfo.fr\/gerardmerinfo\/2025\/12\/marche-de-noel-de-xonrupt-ce-week-end\/#primaryimage\"},\"thumbnailUrl\":\"https:\/\/vosgesinfo.fr\/app\/uploads\/sites\/6\/2025\/12\/affiche-marche-noel-2025-page-0001.jpg\",\"keywords\":[\"association carton plume\"],\"articleSection\":[\"A la une\",\"Gerardmer\",\"Vie Associative\",\"Xonrupt-Longemer\"],\"inLanguage\":\"fr-FR\",\"potentialAction\":[{\"@type\":\"CommentAction\",\"name\":\"Comment\",\"target\":[\"https:\/\/vosgesinfo.fr\/gerardmerinfo\/2025\/12\/marche-de-noel-de-xonrupt-ce-week-end\/#respond\"]}]},{\"@type\":\"WebPage\",\"@id\":\"https:\/\/vosgesinfo.fr\/gerardmerinfo\/2025\/12\/marche-de-noel-de-xonrupt-ce-week-end\/\",\"url\":\"https:\/\/vosgesinfo.fr\/gerardmerinfo\/2025\/12\/marche-de-noel-de-xonrupt-ce-week-end\/\",\"name\":\"March\u00e9 de No\u00ebl de Xonrupt ce week-end - Gerardmer Info\",\"isPartOf\":{\"@id\":\"https:\/\/vosgesinfo.fr\/gerardmerinfo\/#website\"},\"primaryImageOfPage\":{\"@id\":\"https:\/\/vosgesinfo.fr\/gerardmerinfo\/2025\/12\/marche-de-noel-de-xonrupt-ce-week-end\/#primaryimage\"},\"image\":{\"@id\":\"https:\/\/vosgesinfo.fr\/gerardmerinfo\/2025\/12\/marche-de-noel-de-xonrupt-ce-week-end\/#primaryimage\"},\"thumbnailUrl\":\"https:\/\/vosgesinfo.fr\/app\/uploads\/sites\/6\/2025\/12\/affiche-marche-noel-2025-page-0001.jpg\",\"datePublished\":\"2025-12-12T16:18:05+00:00\",\"dateModified\":\"2025-12-12T15:42:24+00:00\",\"breadcrumb\":{\"@id\":\"https:\/\/vosgesinfo.fr\/gerardmerinfo\/2025\/12\/marche-de-noel-de-xonrupt-ce-week-end\/#breadcrumb\"},\"inLanguage\":\"fr-FR\",\"potentialAction\":[{\"@type\":\"ReadAction\",\"target\":[\"https:\/\/vosgesinfo.fr\/gerardmerinfo\/2025\/12\/marche-de-noel-de-xonrupt-ce-week-end\/\"]}]},{\"@type\":\"ImageObject\",\"inLanguage\":\"fr-FR\",\"@id\":\"https:\/\/vosgesinfo.fr\/gerardmerinfo\/2025\/12\/marche-de-noel-de-xonrupt-ce-week-end\/#primaryimage\",\"url\":\"https:\/\/vosgesinfo.fr\/app\/uploads\/sites\/6\/2025\/12\/affiche-marche-noel-2025-page-0001.jpg\",\"contentUrl\":\"https:\/\/vosgesinfo.fr\/app\/uploads\/sites\/6\/2025\/12\/affiche-marche-noel-2025-page-0001.jpg\",\"width\":764,\"height\":1080},{\"@type\":\"BreadcrumbList\",\"@id\":\"https:\/\/vosgesinfo.fr\/gerardmerinfo\/2025\/12\/marche-de-noel-de-xonrupt-ce-week-end\/#breadcrumb\",\"itemListElement\":[{\"@type\":\"ListItem\",\"position\":1,\"name\":\"Home\",\"item\":\"https:\/\/vosgesinfo.fr\/gerardmerinfo\/\"},{\"@type\":\"ListItem\",\"position\":2,\"name\":\"March\u00e9 de No\u00ebl de Xonrupt ce week-end\"}]},{\"@type\":\"WebSite\",\"@id\":\"https:\/\/vosgesinfo.fr\/gerardmerinfo\/#website\",\"url\":\"https:\/\/vosgesinfo.fr\/gerardmerinfo\/\",\"name\":\"Gerardmer Info\",\"description\":\"Toute l&#039;actualit\u00e9 de G\u00e9rardmer\",\"publisher\":{\"@id\":\"https:\/\/vosgesinfo.fr\/gerardmerinfo\/#organization\"},\"alternateName\":\"Toute l'actualit\u00e9 de G\u00e9rardmer\",\"potentialAction\":[{\"@type\":\"SearchAction\",\"target\":{\"@type\":\"EntryPoint\",\"urlTemplate\":\"https:\/\/vosgesinfo.fr\/gerardmerinfo\/?s={search_term_string}\"},\"query-input\":\"required name=search_term_string\"}],\"inLanguage\":\"fr-FR\"},{\"@type\":\"Organization\",\"@id\":\"https:\/\/vosgesinfo.fr\/gerardmerinfo\/#organization\",\"name\":\"Gerardmer Info\",\"url\":\"https:\/\/vosgesinfo.fr\/gerardmerinfo\/\",\"logo\":{\"@type\":\"ImageObject\",\"inLanguage\":\"fr-FR\",\"@id\":\"https:\/\/vosgesinfo.fr\/gerardmerinfo\/#\/schema\/logo\/image\/\",\"url\":\"https:\/\/vosgesinfo.fr\/app\/uploads\/sites\/6\/2023\/08\/favicon-gerardmerinfo.png\",\"contentUrl\":\"https:\/\/vosgesinfo.fr\/app\/uploads\/sites\/6\/2023\/08\/favicon-gerardmerinfo.png\",\"width\":512,\"height\":512,\"caption\":\"Gerardmer Info\"},\"image\":{\"@id\":\"https:\/\/vosgesinfo.fr\/gerardmerinfo\/#\/schema\/logo\/image\/\"},\"sameAs\":[\"https:\/\/www.facebook.com\/profile.php?id=100049475262660\",\"https:\/\/x.com\/VosgesInfo88\",\"https:\/\/www.youtube.com\/@vosgesinfo\"]},{\"@type\":\"Person\",\"@id\":\"https:\/\/vosgesinfo.fr\/gerardmerinfo\/#\/schema\/person\/27a3695b06db98895b354c0765cdfc31\",\"name\":\"La redaction\",\"image\":{\"@type\":\"ImageObject\",\"inLanguage\":\"fr-FR\",\"@id\":\"https:\/\/vosgesinfo.fr\/gerardmerinfo\/#\/schema\/person\/image\/\",\"url\":\"https:\/\/secure.gravatar.com\/avatar\/64c76a78e501cedee55736f43f332df901e1896ae9cd8fad269ae2236dd0e8b6?s=96&d=mm&r=g\",\"contentUrl\":\"https:\/\/secure.gravatar.com\/avatar\/64c76a78e501cedee55736f43f332df901e1896ae9cd8fad269ae2236dd0e8b6?s=96&d=mm&r=g\",\"caption\":\"La redaction\"},\"url\":\"https:\/\/vosgesinfo.fr\/gerardmerinfo\/author\/la-redaction\/\"}]}<\/script>\n<!-- \/ Yoast SEO plugin. -->","yoast_head_json":{"title":"March\u00e9 de No\u00ebl de Xonrupt ce week-end - Gerardmer Info","robots":{"index":"index","follow":"follow","max-snippet":"max-snippet:-1","max-image-preview":"max-image-preview:large","max-video-preview":"max-video-preview:-1"},"canonical":"https:\/\/vosgesinfo.fr\/gerardmerinfo\/2025\/12\/marche-de-noel-de-xonrupt-ce-week-end\/","twitter_card":"summary_large_image","twitter_title":"March\u00e9 de No\u00ebl de Xonrupt ce week-end - Gerardmer Info","twitter_description":"L\u2019Association Carton Plume\u00a0en partenariat avec la ville de Xonrupt-Longemer et l\u2019amicale des \u00e9coles des 2 lacs vous invitent \u00e0 venir [&hellip;]","twitter_image":"https:\/\/vosgesinfo.fr\/app\/uploads\/sites\/6\/2025\/12\/affiche-marche-noel-2025-page-0001.jpg","twitter_creator":"@VosgesInfo88","twitter_site":"@VosgesInfo88","twitter_misc":{"\u00c9crit par":"La redaction","Dur\u00e9e de lecture estim\u00e9e":"1 minute"},"schema":{"@context":"https:\/\/schema.org","@graph":[{"@type":"Article","@id":"https:\/\/vosgesinfo.fr\/gerardmerinfo\/2025\/12\/marche-de-noel-de-xonrupt-ce-week-end\/#article","isPartOf":{"@id":"https:\/\/vosgesinfo.fr\/gerardmerinfo\/2025\/12\/marche-de-noel-de-xonrupt-ce-week-end\/"},"author":{"name":"La redaction","@id":"https:\/\/vosgesinfo.fr\/gerardmerinfo\/#\/schema\/person\/27a3695b06db98895b354c0765cdfc31"},"headline":"March\u00e9 de No\u00ebl de Xonrupt ce week-end","datePublished":"2025-12-12T16:18:05+00:00","dateModified":"2025-12-12T15:42:24+00:00","mainEntityOfPage":{"@id":"https:\/\/vosgesinfo.fr\/gerardmerinfo\/2025\/12\/marche-de-noel-de-xonrupt-ce-week-end\/"},"wordCount":298,"commentCount":1,"publisher":{"@id":"https:\/\/vosgesinfo.fr\/gerardmerinfo\/#organization"},"image":{"@id":"https:\/\/vosgesinfo.fr\/gerardmerinfo\/2025\/12\/marche-de-noel-de-xonrupt-ce-week-end\/#primaryimage"},"thumbnailUrl":"https:\/\/vosgesinfo.fr\/app\/uploads\/sites\/6\/2025\/12\/affiche-marche-noel-2025-page-0001.jpg","keywords":["association carton plume"],"articleSection":["A la une","Gerardmer","Vie Associative","Xonrupt-Longemer"],"inLanguage":"fr-FR","potentialAction":[{"@type":"CommentAction","name":"Comment","target":["https:\/\/vosgesinfo.fr\/gerardmerinfo\/2025\/12\/marche-de-noel-de-xonrupt-ce-week-end\/#respond"]}]},{"@type":"WebPage","@id":"https:\/\/vosgesinfo.fr\/gerardmerinfo\/2025\/12\/marche-de-noel-de-xonrupt-ce-week-end\/","url":"https:\/\/vosgesinfo.fr\/gerardmerinfo\/2025\/12\/marche-de-noel-de-xonrupt-ce-week-end\/","name":"March\u00e9 de No\u00ebl de Xonrupt ce week-end - Gerardmer Info","isPartOf":{"@id":"https:\/\/vosgesinfo.fr\/gerardmerinfo\/#website"},"primaryImageOfPage":{"@id":"https:\/\/vosgesinfo.fr\/gerardmerinfo\/2025\/12\/marche-de-noel-de-xonrupt-ce-week-end\/#primaryimage"},"image":{"@id":"https:\/\/vosgesinfo.fr\/gerardmerinfo\/2025\/12\/marche-de-noel-de-xonrupt-ce-week-end\/#primaryimage"},"thumbnailUrl":"https:\/\/vosgesinfo.fr\/app\/uploads\/sites\/6\/2025\/12\/affiche-marche-noel-2025-page-0001.jpg","datePublished":"2025-12-12T16:18:05+00:00","dateModified":"2025-12-12T15:42:24+00:00","breadcrumb":{"@id":"https:\/\/vosgesinfo.fr\/gerardmerinfo\/2025\/12\/marche-de-noel-de-xonrupt-ce-week-end\/#breadcrumb"},"inLanguage":"fr-FR","potentialAction":[{"@type":"ReadAction","target":["https:\/\/vosgesinfo.fr\/gerardmerinfo\/2025\/12\/marche-de-noel-de-xonrupt-ce-week-end\/"]}]},{"@type":"ImageObject","inLanguage":"fr-FR","@id":"https:\/\/vosgesinfo.fr\/gerardmerinfo\/2025\/12\/marche-de-noel-de-xonrupt-ce-week-end\/#primaryimage","url":"https:\/\/vosgesinfo.fr\/app\/uploads\/sites\/6\/2025\/12\/affiche-marche-noel-2025-page-0001.jpg","contentUrl":"https:\/\/vosgesinfo.fr\/app\/uploads\/sites\/6\/2025\/12\/affiche-marche-noel-2025-page-0001.jpg","width":764,"height":1080},{"@type":"BreadcrumbList","@id":"https:\/\/vosgesinfo.fr\/gerardmerinfo\/2025\/12\/marche-de-noel-de-xonrupt-ce-week-end\/#breadcrumb","itemListElement":[{"@type":"ListItem","position":1,"name":"Home","item":"https:\/\/vosgesinfo.fr\/gerardmerinfo\/"},{"@type":"ListItem","position":2,"name":"March\u00e9 de No\u00ebl de Xonrupt ce week-end"}]},{"@type":"WebSite","@id":"https:\/\/vosgesinfo.fr\/gerardmerinfo\/#website","url":"https:\/\/vosgesinfo.fr\/gerardmerinfo\/","name":"Gerardmer Info","description":"Toute l&#039;actualit\u00e9 de G\u00e9rardmer","publisher":{"@id":"https:\/\/vosgesinfo.fr\/gerardmerinfo\/#organization"},"alternateName":"Toute l'actualit\u00e9 de G\u00e9rardmer","potentialAction":[{"@type":"SearchAction","target":{"@type":"EntryPoint","urlTemplate":"https:\/\/vosgesinfo.fr\/gerardmerinfo\/?s={search_term_string}"},"query-input":"required name=search_term_string"}],"inLanguage":"fr-FR"},{"@type":"Organization","@id":"https:\/\/vosgesinfo.fr\/gerardmerinfo\/#organization","name":"Gerardmer Info","url":"https:\/\/vosgesinfo.fr\/gerardmerinfo\/","logo":{"@type":"ImageObject","inLanguage":"fr-FR","@id":"https:\/\/vosgesinfo.fr\/gerardmerinfo\/#\/schema\/logo\/image\/","url":"https:\/\/vosgesinfo.fr\/app\/uploads\/sites\/6\/2023\/08\/favicon-gerardmerinfo.png","contentUrl":"https:\/\/vosgesinfo.fr\/app\/uploads\/sites\/6\/2023\/08\/favicon-gerardmerinfo.png","width":512,"height":512,"caption":"Gerardmer Info"},"image":{"@id":"https:\/\/vosgesinfo.fr\/gerardmerinfo\/#\/schema\/logo\/image\/"},"sameAs":["https:\/\/www.facebook.com\/profile.php?id=100049475262660","https:\/\/x.com\/VosgesInfo88","https:\/\/www.youtube.com\/@vosgesinfo"]},{"@type":"Person","@id":"https:\/\/vosgesinfo.fr\/gerardmerinfo\/#\/schema\/person\/27a3695b06db98895b354c0765cdfc31","name":"La redaction","image":{"@type":"ImageObject","inLanguage":"fr-FR","@id":"https:\/\/vosgesinfo.fr\/gerardmerinfo\/#\/schema\/person\/image\/","url":"https:\/\/secure.gravatar.com\/avatar\/64c76a78e501cedee55736f43f332df901e1896ae9cd8fad269ae2236dd0e8b6?s=96&d=mm&r=g","contentUrl":"https:\/\/secure.gravatar.com\/avatar\/64c76a78e501cedee55736f43f332df901e1896ae9cd8fad269ae2236dd0e8b6?s=96&d=mm&r=g","caption":"La redaction"},"url":"https:\/\/vosgesinfo.fr\/gerardmerinfo\/author\/la-redaction\/"}]}},"_links":{"self":[{"href":"https:\/\/vosgesinfo.fr\/gerardmerinfo\/wp-json\/wp\/v2\/posts\/85727","targetHints":{"allow":["GET"]}}],"collection":[{"href":"https:\/\/vosgesinfo.fr\/gerardmerinfo\/wp-json\/wp\/v2\/posts"}],"about":[{"href":"https:\/\/vosgesinfo.fr\/gerardmerinfo\/wp-json\/wp\/v2\/types\/post"}],"author":[{"embeddable":true,"href":"https:\/\/vosgesinfo.fr\/gerardmerinfo\/wp-json\/wp\/v2\/users\/391"}],"replies":[{"embeddable":true,"href":"https:\/\/vosgesinfo.fr\/gerardmerinfo\/wp-json\/wp\/v2\/comments?post=85727"}],"version-history":[{"count":1,"href":"https:\/\/vosgesinfo.fr\/gerardmerinfo\/wp-json\/wp\/v2\/posts\/85727\/revisions"}],"predecessor-version":[{"id":85731,"href":"https:\/\/vosgesinfo.fr\/gerardmerinfo\/wp-json\/wp\/v2\/posts\/85727\/revisions\/85731"}],"wp:featuredmedia":[{"embeddable":true,"href":"https:\/\/vosgesinfo.fr\/gerardmerinfo\/wp-json\/wp\/v2\/media\/85730"}],"wp:attachment":[{"href":"https:\/\/vosgesinfo.fr\/gerardmerinfo\/wp-json\/wp\/v2\/media?parent=85727"}],"wp:term":[{"taxonomy":"category","embeddable":true,"href":"https:\/\/vosgesinfo.fr\/gerardmerinfo\/wp-json\/wp\/v2\/categories?post=85727"},{"taxonomy":"post_tag","embeddable":true,"href":"https:\/\/vosgesinfo.fr\/gerardmerinfo\/wp-json\/wp\/v2\/tags?post=85727"}],"curies":[{"name":"wp","href":"https:\/\/api.w.org\/{rel}","templated":true}]}}