{"id":85752,"date":"2025-12-15T08:20:50","date_gmt":"2025-12-15T07:20:50","guid":{"rendered":"https:\/\/vosgesinfo.fr\/gerardmerinfo\/?p=85752"},"modified":"2025-12-15T11:45:57","modified_gmt":"2025-12-15T10:45:57","slug":"a-la-rencontre-des-auteurs-locaux","status":"publish","type":"post","link":"https:\/\/vosgesinfo.fr\/gerardmerinfo\/2025\/12\/a-la-rencontre-des-auteurs-locaux\/","title":{"rendered":"A la rencontre des auteurs locaux"},"content":{"rendered":"<div id=\"attachment_85755\" style=\"width: 810px\" class=\"wp-caption aligncenter\"><a href=\"https:\/\/vosgesinfo.fr\/app\/uploads\/sites\/6\/2025\/12\/20251209-111627.jpg\"><img decoding=\"async\" aria-describedby=\"caption-attachment-85755\" class=\"wp-image-85755\" src=\"https:\/\/vosgesinfo.fr\/app\/uploads\/sites\/6\/2025\/12\/20251209-111627.jpg\" alt=\"\" width=\"800\" height=\"600\" srcset=\"https:\/\/vosgesinfo.fr\/app\/uploads\/sites\/6\/2025\/12\/20251209-111627.jpg 1000w, https:\/\/vosgesinfo.fr\/app\/uploads\/sites\/6\/2025\/12\/20251209-111627-300x225.jpg 300w, https:\/\/vosgesinfo.fr\/app\/uploads\/sites\/6\/2025\/12\/20251209-111627-768x576.jpg 768w\" sizes=\"(max-width: 800px) 100vw, 800px\" \/><\/a><p id=\"caption-attachment-85755\" class=\"wp-caption-text\">Nathalie et Paul metteur en sc\u00e8ne du 1er Salon du Livre des Auteurs Locaux<\/p><\/div>\n<p>&nbsp;<\/p>\n<p><strong>G\u00e9rardmer \u2013 Samedi 20 d\u00e9cembre 2025, de 10h \u00e0 18h.<\/strong><\/p>\n<p><em><strong>La Perle des Vosges s\u2019appr\u00eate \u00e0 vivre un moment fort de sa vie culturelle avec l\u2019organisation au bar associatif Le Grattoir de son tout premier Salon du Livre. Une manifestation in\u00e9dite qui vient animer les rives du lac en plein c\u0153ur de l\u2019hiver .<\/strong><\/em><\/p>\n<p>Pour cette premi\u00e8re \u00e9dition,\u00a0 les organisateurs ont souhait\u00e9 mettre \u00e0 l\u2019honneur la cr\u00e9ation litt\u00e9raire locale, en r\u00e9unissant des auteurs exclusivement de la vall\u00e9e. Lecteurs passionn\u00e9s, curieux et amateurs de belles rencontres auront ainsi l\u2019occasion d\u2019\u00e9changer directement avec celles et ceux qui font vivre des \u0153uvres n\u00e9e essentiellement au c\u0153ur du massif vosgien.<\/p>\n<p>Ce premier Salon du livre g\u00e9r\u00f4mois affirme une volont\u00e9 presque \u00e9vidente de devenir dans le temps un lieu de rencontres et de partage autour du livre. L&rsquo; initiative est prometteuse et pourrait s\u2019imposer, au fil des ann\u00e9es, comme un rendez-vous incontournable.<\/p>\n<p>Parmi les auteurs annonc\u00e9s figurent <strong>Jean-Lou George, Philippe Jeandel, Jean-Pascal Voirin, Andr\u00e9 Balaud, Dominique Bareth, Fran\u00e7ois Lavergne, <\/strong><strong>Jo\u00eblle Marchal-Jantzen et<\/strong> <strong>Hubert Voiry<\/strong> dont les \u0153uvres refl\u00e8tent la diversit\u00e9 des genres et des sensibilit\u00e9s : romans, r\u00e9cits, essais, polars, bandes dessin\u00e9es ou encore\u00a0 des ouvrages ancr\u00e9s dans la m\u00e9moire et les paysages vosgiens&#8230;.ou pas !.<\/p>\n<p>Point d\u2019orgue de cette journ\u00e9e litt\u00e9raire, le salon accueillera comme invit\u00e9 d\u2019honneur l\u2019\u00e9crivain Gilles Laporte, figure reconnue du monde litt\u00e9raire r\u00e9gional et national. Sa pr\u00e9sence conf\u00e8re \u00e0 l\u2019\u00e9v\u00e9nement un rayonnement particulier et souligne l\u2019ambition de ce rendez-vous culturel naissant.<\/p>\n<p>Tout au long de la journ\u00e9e, il sera possible de dialoguer avec les auteurs et d\u00e9couvrir leurs ouvrages, dans une atmosph\u00e8re conviviale et chaleureuse.<\/p>\n<p>D\u2019autres \u00e9crivains devraient se faire conna\u00eetre dans les prochains jours, venant ainsi enrichir la programmation de cette premi\u00e8re \u00e9dition. Pour contact : <a href=\"http:\/\/anoukdelabasse@gmail.com\">anoukdelabasse@gmail.com<\/a><\/p>\n<p>Entr\u00e9e libre&#8230;.\u00e9videmment.<\/p>\n<p><a href=\"https:\/\/vosgesinfo.fr\/app\/uploads\/sites\/6\/2025\/12\/affiche-salon-livre.jpg\"><img decoding=\"async\" class=\"aligncenter wp-image-85463 size-full\" src=\"https:\/\/vosgesinfo.fr\/app\/uploads\/sites\/6\/2025\/12\/affiche-salon-livre.jpg\" alt=\"\" width=\"450\" height=\"647\" srcset=\"https:\/\/vosgesinfo.fr\/app\/uploads\/sites\/6\/2025\/12\/affiche-salon-livre.jpg 450w, https:\/\/vosgesinfo.fr\/app\/uploads\/sites\/6\/2025\/12\/affiche-salon-livre-209x300.jpg 209w\" sizes=\"(max-width: 450px) 100vw, 450px\" \/><\/a><\/p>\n<p>&nbsp;<\/p>\n","protected":false},"excerpt":{"rendered":"<p>&nbsp; G\u00e9rardmer \u2013 Samedi 20 d\u00e9cembre 2025, de 10h \u00e0 18h. La Perle des Vosges s\u2019appr\u00eate \u00e0 vivre un moment [&hellip;]<\/p>\n","protected":false},"author":39,"featured_media":85755,"comment_status":"open","ping_status":"open","sticky":false,"template":"","format":"standard","meta":{"footnotes":""},"categories":[20,878,5647,328,1,868,946],"tags":[],"class_list":["post-85752","post","type-post","status-publish","format-standard","has-post-thumbnail","hentry","category-a-la-une","category-epinal","category-gerardmer-autres-sites","category-la-plaine-des-vosges","category-non-classe","category-remiremont","category-saint-die"],"acf":[],"yoast_head":"<!-- This site is optimized with the Yoast SEO plugin v22.5 - https:\/\/yoast.com\/wordpress\/plugins\/seo\/ -->\n<title>A la rencontre des auteurs locaux - Gerardmer Info<\/title>\n<meta name=\"robots\" content=\"index, follow, max-snippet:-1, max-image-preview:large, max-video-preview:-1\" \/>\n<link rel=\"canonical\" href=\"https:\/\/vosgesinfo.fr\/gerardmerinfo\/2025\/12\/a-la-rencontre-des-auteurs-locaux\/\" \/>\n<meta name=\"twitter:card\" content=\"summary_large_image\" \/>\n<meta name=\"twitter:title\" content=\"A la rencontre des auteurs locaux - Gerardmer Info\" \/>\n<meta name=\"twitter:description\" content=\"&nbsp; G\u00e9rardmer \u2013 Samedi 20 d\u00e9cembre 2025, de 10h \u00e0 18h. La Perle des Vosges s\u2019appr\u00eate \u00e0 vivre un moment [&hellip;]\" \/>\n<meta name=\"twitter:image\" content=\"https:\/\/vosgesinfo.fr\/app\/uploads\/sites\/6\/2025\/12\/20251209-111627.jpg\" \/>\n<meta name=\"twitter:creator\" content=\"@VosgesInfo88\" \/>\n<meta name=\"twitter:site\" content=\"@VosgesInfo88\" \/>\n<meta name=\"twitter:label1\" content=\"\u00c9crit par\" \/>\n\t<meta name=\"twitter:data1\" content=\"Phj\" \/>\n\t<meta name=\"twitter:label2\" content=\"Dur\u00e9e de lecture estim\u00e9e\" \/>\n\t<meta name=\"twitter:data2\" content=\"3 minutes\" \/>\n<script type=\"application\/ld+json\" class=\"yoast-schema-graph\">{\"@context\":\"https:\/\/schema.org\",\"@graph\":[{\"@type\":\"Article\",\"@id\":\"https:\/\/vosgesinfo.fr\/gerardmerinfo\/2025\/12\/a-la-rencontre-des-auteurs-locaux\/#article\",\"isPartOf\":{\"@id\":\"https:\/\/vosgesinfo.fr\/gerardmerinfo\/2025\/12\/a-la-rencontre-des-auteurs-locaux\/\"},\"author\":{\"name\":\"Phj\",\"@id\":\"https:\/\/vosgesinfo.fr\/gerardmerinfo\/#\/schema\/person\/4f57dc393faf2ac8b9f1cab30ad79250\"},\"headline\":\"A la rencontre des auteurs locaux\",\"datePublished\":\"2025-12-15T07:20:50+00:00\",\"dateModified\":\"2025-12-15T10:45:57+00:00\",\"mainEntityOfPage\":{\"@id\":\"https:\/\/vosgesinfo.fr\/gerardmerinfo\/2025\/12\/a-la-rencontre-des-auteurs-locaux\/\"},\"wordCount\":363,\"commentCount\":2,\"publisher\":{\"@id\":\"https:\/\/vosgesinfo.fr\/gerardmerinfo\/#organization\"},\"image\":{\"@id\":\"https:\/\/vosgesinfo.fr\/gerardmerinfo\/2025\/12\/a-la-rencontre-des-auteurs-locaux\/#primaryimage\"},\"thumbnailUrl\":\"https:\/\/vosgesinfo.fr\/app\/uploads\/sites\/6\/2025\/12\/20251209-111627.jpg\",\"articleSection\":{\"0\":\"A la une\",\"1\":\"Epinal\",\"2\":\"Gerardmer\",\"3\":\"La plaine des vosges\",\"5\":\"Remiremont\",\"6\":\"Saint-di\u00e9\"},\"inLanguage\":\"fr-FR\",\"potentialAction\":[{\"@type\":\"CommentAction\",\"name\":\"Comment\",\"target\":[\"https:\/\/vosgesinfo.fr\/gerardmerinfo\/2025\/12\/a-la-rencontre-des-auteurs-locaux\/#respond\"]}]},{\"@type\":\"WebPage\",\"@id\":\"https:\/\/vosgesinfo.fr\/gerardmerinfo\/2025\/12\/a-la-rencontre-des-auteurs-locaux\/\",\"url\":\"https:\/\/vosgesinfo.fr\/gerardmerinfo\/2025\/12\/a-la-rencontre-des-auteurs-locaux\/\",\"name\":\"A la rencontre des auteurs locaux - Gerardmer Info\",\"isPartOf\":{\"@id\":\"https:\/\/vosgesinfo.fr\/gerardmerinfo\/#website\"},\"primaryImageOfPage\":{\"@id\":\"https:\/\/vosgesinfo.fr\/gerardmerinfo\/2025\/12\/a-la-rencontre-des-auteurs-locaux\/#primaryimage\"},\"image\":{\"@id\":\"https:\/\/vosgesinfo.fr\/gerardmerinfo\/2025\/12\/a-la-rencontre-des-auteurs-locaux\/#primaryimage\"},\"thumbnailUrl\":\"https:\/\/vosgesinfo.fr\/app\/uploads\/sites\/6\/2025\/12\/20251209-111627.jpg\",\"datePublished\":\"2025-12-15T07:20:50+00:00\",\"dateModified\":\"2025-12-15T10:45:57+00:00\",\"breadcrumb\":{\"@id\":\"https:\/\/vosgesinfo.fr\/gerardmerinfo\/2025\/12\/a-la-rencontre-des-auteurs-locaux\/#breadcrumb\"},\"inLanguage\":\"fr-FR\",\"potentialAction\":[{\"@type\":\"ReadAction\",\"target\":[\"https:\/\/vosgesinfo.fr\/gerardmerinfo\/2025\/12\/a-la-rencontre-des-auteurs-locaux\/\"]}]},{\"@type\":\"ImageObject\",\"inLanguage\":\"fr-FR\",\"@id\":\"https:\/\/vosgesinfo.fr\/gerardmerinfo\/2025\/12\/a-la-rencontre-des-auteurs-locaux\/#primaryimage\",\"url\":\"https:\/\/vosgesinfo.fr\/app\/uploads\/sites\/6\/2025\/12\/20251209-111627.jpg\",\"contentUrl\":\"https:\/\/vosgesinfo.fr\/app\/uploads\/sites\/6\/2025\/12\/20251209-111627.jpg\",\"width\":1000,\"height\":750},{\"@type\":\"BreadcrumbList\",\"@id\":\"https:\/\/vosgesinfo.fr\/gerardmerinfo\/2025\/12\/a-la-rencontre-des-auteurs-locaux\/#breadcrumb\",\"itemListElement\":[{\"@type\":\"ListItem\",\"position\":1,\"name\":\"Home\",\"item\":\"https:\/\/vosgesinfo.fr\/gerardmerinfo\/\"},{\"@type\":\"ListItem\",\"position\":2,\"name\":\"A la rencontre des auteurs locaux\"}]},{\"@type\":\"WebSite\",\"@id\":\"https:\/\/vosgesinfo.fr\/gerardmerinfo\/#website\",\"url\":\"https:\/\/vosgesinfo.fr\/gerardmerinfo\/\",\"name\":\"Gerardmer Info\",\"description\":\"Toute l&#039;actualit\u00e9 de G\u00e9rardmer\",\"publisher\":{\"@id\":\"https:\/\/vosgesinfo.fr\/gerardmerinfo\/#organization\"},\"alternateName\":\"Toute l'actualit\u00e9 de G\u00e9rardmer\",\"potentialAction\":[{\"@type\":\"SearchAction\",\"target\":{\"@type\":\"EntryPoint\",\"urlTemplate\":\"https:\/\/vosgesinfo.fr\/gerardmerinfo\/?s={search_term_string}\"},\"query-input\":\"required name=search_term_string\"}],\"inLanguage\":\"fr-FR\"},{\"@type\":\"Organization\",\"@id\":\"https:\/\/vosgesinfo.fr\/gerardmerinfo\/#organization\",\"name\":\"Gerardmer Info\",\"url\":\"https:\/\/vosgesinfo.fr\/gerardmerinfo\/\",\"logo\":{\"@type\":\"ImageObject\",\"inLanguage\":\"fr-FR\",\"@id\":\"https:\/\/vosgesinfo.fr\/gerardmerinfo\/#\/schema\/logo\/image\/\",\"url\":\"https:\/\/vosgesinfo.fr\/app\/uploads\/sites\/6\/2023\/08\/favicon-gerardmerinfo.png\",\"contentUrl\":\"https:\/\/vosgesinfo.fr\/app\/uploads\/sites\/6\/2023\/08\/favicon-gerardmerinfo.png\",\"width\":512,\"height\":512,\"caption\":\"Gerardmer Info\"},\"image\":{\"@id\":\"https:\/\/vosgesinfo.fr\/gerardmerinfo\/#\/schema\/logo\/image\/\"},\"sameAs\":[\"https:\/\/www.facebook.com\/profile.php?id=100049475262660\",\"https:\/\/x.com\/VosgesInfo88\",\"https:\/\/www.youtube.com\/@vosgesinfo\"]},{\"@type\":\"Person\",\"@id\":\"https:\/\/vosgesinfo.fr\/gerardmerinfo\/#\/schema\/person\/4f57dc393faf2ac8b9f1cab30ad79250\",\"name\":\"Phj\",\"image\":{\"@type\":\"ImageObject\",\"inLanguage\":\"fr-FR\",\"@id\":\"https:\/\/vosgesinfo.fr\/gerardmerinfo\/#\/schema\/person\/image\/\",\"url\":\"https:\/\/secure.gravatar.com\/avatar\/ada60265080fb9a89c9809bf0abb1f448a128cb85db1c08905baa5038fbe3cfe?s=96&d=mm&r=g\",\"contentUrl\":\"https:\/\/secure.gravatar.com\/avatar\/ada60265080fb9a89c9809bf0abb1f448a128cb85db1c08905baa5038fbe3cfe?s=96&d=mm&r=g\",\"caption\":\"Phj\"},\"url\":\"https:\/\/vosgesinfo.fr\/gerardmerinfo\/author\/phj\/\"}]}<\/script>\n<!-- \/ Yoast SEO plugin. -->","yoast_head_json":{"title":"A la rencontre des auteurs locaux - Gerardmer Info","robots":{"index":"index","follow":"follow","max-snippet":"max-snippet:-1","max-image-preview":"max-image-preview:large","max-video-preview":"max-video-preview:-1"},"canonical":"https:\/\/vosgesinfo.fr\/gerardmerinfo\/2025\/12\/a-la-rencontre-des-auteurs-locaux\/","twitter_card":"summary_large_image","twitter_title":"A la rencontre des auteurs locaux - Gerardmer Info","twitter_description":"&nbsp; G\u00e9rardmer \u2013 Samedi 20 d\u00e9cembre 2025, de 10h \u00e0 18h. La Perle des Vosges s\u2019appr\u00eate \u00e0 vivre un moment [&hellip;]","twitter_image":"https:\/\/vosgesinfo.fr\/app\/uploads\/sites\/6\/2025\/12\/20251209-111627.jpg","twitter_creator":"@VosgesInfo88","twitter_site":"@VosgesInfo88","twitter_misc":{"\u00c9crit par":"Phj","Dur\u00e9e de lecture estim\u00e9e":"3 minutes"},"schema":{"@context":"https:\/\/schema.org","@graph":[{"@type":"Article","@id":"https:\/\/vosgesinfo.fr\/gerardmerinfo\/2025\/12\/a-la-rencontre-des-auteurs-locaux\/#article","isPartOf":{"@id":"https:\/\/vosgesinfo.fr\/gerardmerinfo\/2025\/12\/a-la-rencontre-des-auteurs-locaux\/"},"author":{"name":"Phj","@id":"https:\/\/vosgesinfo.fr\/gerardmerinfo\/#\/schema\/person\/4f57dc393faf2ac8b9f1cab30ad79250"},"headline":"A la rencontre des auteurs locaux","datePublished":"2025-12-15T07:20:50+00:00","dateModified":"2025-12-15T10:45:57+00:00","mainEntityOfPage":{"@id":"https:\/\/vosgesinfo.fr\/gerardmerinfo\/2025\/12\/a-la-rencontre-des-auteurs-locaux\/"},"wordCount":363,"commentCount":2,"publisher":{"@id":"https:\/\/vosgesinfo.fr\/gerardmerinfo\/#organization"},"image":{"@id":"https:\/\/vosgesinfo.fr\/gerardmerinfo\/2025\/12\/a-la-rencontre-des-auteurs-locaux\/#primaryimage"},"thumbnailUrl":"https:\/\/vosgesinfo.fr\/app\/uploads\/sites\/6\/2025\/12\/20251209-111627.jpg","articleSection":{"0":"A la une","1":"Epinal","2":"Gerardmer","3":"La plaine des vosges","5":"Remiremont","6":"Saint-di\u00e9"},"inLanguage":"fr-FR","potentialAction":[{"@type":"CommentAction","name":"Comment","target":["https:\/\/vosgesinfo.fr\/gerardmerinfo\/2025\/12\/a-la-rencontre-des-auteurs-locaux\/#respond"]}]},{"@type":"WebPage","@id":"https:\/\/vosgesinfo.fr\/gerardmerinfo\/2025\/12\/a-la-rencontre-des-auteurs-locaux\/","url":"https:\/\/vosgesinfo.fr\/gerardmerinfo\/2025\/12\/a-la-rencontre-des-auteurs-locaux\/","name":"A la rencontre des auteurs locaux - Gerardmer Info","isPartOf":{"@id":"https:\/\/vosgesinfo.fr\/gerardmerinfo\/#website"},"primaryImageOfPage":{"@id":"https:\/\/vosgesinfo.fr\/gerardmerinfo\/2025\/12\/a-la-rencontre-des-auteurs-locaux\/#primaryimage"},"image":{"@id":"https:\/\/vosgesinfo.fr\/gerardmerinfo\/2025\/12\/a-la-rencontre-des-auteurs-locaux\/#primaryimage"},"thumbnailUrl":"https:\/\/vosgesinfo.fr\/app\/uploads\/sites\/6\/2025\/12\/20251209-111627.jpg","datePublished":"2025-12-15T07:20:50+00:00","dateModified":"2025-12-15T10:45:57+00:00","breadcrumb":{"@id":"https:\/\/vosgesinfo.fr\/gerardmerinfo\/2025\/12\/a-la-rencontre-des-auteurs-locaux\/#breadcrumb"},"inLanguage":"fr-FR","potentialAction":[{"@type":"ReadAction","target":["https:\/\/vosgesinfo.fr\/gerardmerinfo\/2025\/12\/a-la-rencontre-des-auteurs-locaux\/"]}]},{"@type":"ImageObject","inLanguage":"fr-FR","@id":"https:\/\/vosgesinfo.fr\/gerardmerinfo\/2025\/12\/a-la-rencontre-des-auteurs-locaux\/#primaryimage","url":"https:\/\/vosgesinfo.fr\/app\/uploads\/sites\/6\/2025\/12\/20251209-111627.jpg","contentUrl":"https:\/\/vosgesinfo.fr\/app\/uploads\/sites\/6\/2025\/12\/20251209-111627.jpg","width":1000,"height":750},{"@type":"BreadcrumbList","@id":"https:\/\/vosgesinfo.fr\/gerardmerinfo\/2025\/12\/a-la-rencontre-des-auteurs-locaux\/#breadcrumb","itemListElement":[{"@type":"ListItem","position":1,"name":"Home","item":"https:\/\/vosgesinfo.fr\/gerardmerinfo\/"},{"@type":"ListItem","position":2,"name":"A la rencontre des auteurs locaux"}]},{"@type":"WebSite","@id":"https:\/\/vosgesinfo.fr\/gerardmerinfo\/#website","url":"https:\/\/vosgesinfo.fr\/gerardmerinfo\/","name":"Gerardmer Info","description":"Toute l&#039;actualit\u00e9 de G\u00e9rardmer","publisher":{"@id":"https:\/\/vosgesinfo.fr\/gerardmerinfo\/#organization"},"alternateName":"Toute l'actualit\u00e9 de G\u00e9rardmer","potentialAction":[{"@type":"SearchAction","target":{"@type":"EntryPoint","urlTemplate":"https:\/\/vosgesinfo.fr\/gerardmerinfo\/?s={search_term_string}"},"query-input":"required name=search_term_string"}],"inLanguage":"fr-FR"},{"@type":"Organization","@id":"https:\/\/vosgesinfo.fr\/gerardmerinfo\/#organization","name":"Gerardmer Info","url":"https:\/\/vosgesinfo.fr\/gerardmerinfo\/","logo":{"@type":"ImageObject","inLanguage":"fr-FR","@id":"https:\/\/vosgesinfo.fr\/gerardmerinfo\/#\/schema\/logo\/image\/","url":"https:\/\/vosgesinfo.fr\/app\/uploads\/sites\/6\/2023\/08\/favicon-gerardmerinfo.png","contentUrl":"https:\/\/vosgesinfo.fr\/app\/uploads\/sites\/6\/2023\/08\/favicon-gerardmerinfo.png","width":512,"height":512,"caption":"Gerardmer Info"},"image":{"@id":"https:\/\/vosgesinfo.fr\/gerardmerinfo\/#\/schema\/logo\/image\/"},"sameAs":["https:\/\/www.facebook.com\/profile.php?id=100049475262660","https:\/\/x.com\/VosgesInfo88","https:\/\/www.youtube.com\/@vosgesinfo"]},{"@type":"Person","@id":"https:\/\/vosgesinfo.fr\/gerardmerinfo\/#\/schema\/person\/4f57dc393faf2ac8b9f1cab30ad79250","name":"Phj","image":{"@type":"ImageObject","inLanguage":"fr-FR","@id":"https:\/\/vosgesinfo.fr\/gerardmerinfo\/#\/schema\/person\/image\/","url":"https:\/\/secure.gravatar.com\/avatar\/ada60265080fb9a89c9809bf0abb1f448a128cb85db1c08905baa5038fbe3cfe?s=96&d=mm&r=g","contentUrl":"https:\/\/secure.gravatar.com\/avatar\/ada60265080fb9a89c9809bf0abb1f448a128cb85db1c08905baa5038fbe3cfe?s=96&d=mm&r=g","caption":"Phj"},"url":"https:\/\/vosgesinfo.fr\/gerardmerinfo\/author\/phj\/"}]}},"_links":{"self":[{"href":"https:\/\/vosgesinfo.fr\/gerardmerinfo\/wp-json\/wp\/v2\/posts\/85752","targetHints":{"allow":["GET"]}}],"collection":[{"href":"https:\/\/vosgesinfo.fr\/gerardmerinfo\/wp-json\/wp\/v2\/posts"}],"about":[{"href":"https:\/\/vosgesinfo.fr\/gerardmerinfo\/wp-json\/wp\/v2\/types\/post"}],"author":[{"embeddable":true,"href":"https:\/\/vosgesinfo.fr\/gerardmerinfo\/wp-json\/wp\/v2\/users\/39"}],"replies":[{"embeddable":true,"href":"https:\/\/vosgesinfo.fr\/gerardmerinfo\/wp-json\/wp\/v2\/comments?post=85752"}],"version-history":[{"count":5,"href":"https:\/\/vosgesinfo.fr\/gerardmerinfo\/wp-json\/wp\/v2\/posts\/85752\/revisions"}],"predecessor-version":[{"id":85868,"href":"https:\/\/vosgesinfo.fr\/gerardmerinfo\/wp-json\/wp\/v2\/posts\/85752\/revisions\/85868"}],"wp:featuredmedia":[{"embeddable":true,"href":"https:\/\/vosgesinfo.fr\/gerardmerinfo\/wp-json\/wp\/v2\/media\/85755"}],"wp:attachment":[{"href":"https:\/\/vosgesinfo.fr\/gerardmerinfo\/wp-json\/wp\/v2\/media?parent=85752"}],"wp:term":[{"taxonomy":"category","embeddable":true,"href":"https:\/\/vosgesinfo.fr\/gerardmerinfo\/wp-json\/wp\/v2\/categories?post=85752"},{"taxonomy":"post_tag","embeddable":true,"href":"https:\/\/vosgesinfo.fr\/gerardmerinfo\/wp-json\/wp\/v2\/tags?post=85752"}],"curies":[{"name":"wp","href":"https:\/\/api.w.org\/{rel}","templated":true}]}}