{"id":85766,"date":"2025-12-13T15:50:56","date_gmt":"2025-12-13T14:50:56","guid":{"rendered":"https:\/\/vosgesinfo.fr\/gerardmerinfo\/?p=85766"},"modified":"2025-12-13T16:22:21","modified_gmt":"2025-12-13T15:22:21","slug":"des-nouveautes-au-marche-de-noel-des-benevoles-vmeh","status":"publish","type":"post","link":"https:\/\/vosgesinfo.fr\/gerardmerinfo\/2025\/12\/des-nouveautes-au-marche-de-noel-des-benevoles-vmeh\/","title":{"rendered":"Des nouveaut\u00e9s au march\u00e9 de No\u00ebl des b\u00e9n\u00e9voles VMEH"},"content":{"rendered":"<p><strong><a href=\"https:\/\/vosgesinfo.fr\/app\/uploads\/sites\/6\/2025\/12\/marche-noel-vmeh-2025-1.jpeg\"><img decoding=\"async\" class=\"aligncenter size-large wp-image-85768\" src=\"https:\/\/vosgesinfo.fr\/app\/uploads\/sites\/6\/2025\/12\/marche-noel-vmeh-2025-1-1024x764.jpeg\" alt=\"\" width=\"1024\" height=\"764\" srcset=\"https:\/\/vosgesinfo.fr\/app\/uploads\/sites\/6\/2025\/12\/marche-noel-vmeh-2025-1-1024x764.jpeg 1024w, https:\/\/vosgesinfo.fr\/app\/uploads\/sites\/6\/2025\/12\/marche-noel-vmeh-2025-1-300x224.jpeg 300w, https:\/\/vosgesinfo.fr\/app\/uploads\/sites\/6\/2025\/12\/marche-noel-vmeh-2025-1-768x573.jpeg 768w, https:\/\/vosgesinfo.fr\/app\/uploads\/sites\/6\/2025\/12\/marche-noel-vmeh-2025-1.jpeg 1448w\" sizes=\"(max-width: 1024px) 100vw, 1024px\" \/><\/a> <a href=\"https:\/\/vosgesinfo.fr\/app\/uploads\/sites\/6\/2025\/12\/atelier-marche-de-noel-ehpad-3.jpg\"><img decoding=\"async\" class=\"alignright size-medium wp-image-85771\" src=\"https:\/\/vosgesinfo.fr\/app\/uploads\/sites\/6\/2025\/12\/atelier-marche-de-noel-ehpad-3-225x300.jpg\" alt=\"\" width=\"225\" height=\"300\" srcset=\"https:\/\/vosgesinfo.fr\/app\/uploads\/sites\/6\/2025\/12\/atelier-marche-de-noel-ehpad-3-225x300.jpg 225w, https:\/\/vosgesinfo.fr\/app\/uploads\/sites\/6\/2025\/12\/atelier-marche-de-noel-ehpad-3-768x1024.jpg 768w, https:\/\/vosgesinfo.fr\/app\/uploads\/sites\/6\/2025\/12\/atelier-marche-de-noel-ehpad-3.jpg 810w\" sizes=\"(max-width: 225px) 100vw, 225px\" \/><\/a>Le traditionnel\u00a0 march\u00e9 de No\u00ebl des b\u00e9n\u00e9voles VMEH au profit des r\u00e9sidents de l\u2019Ehpad L\u00e9a Andr\u00e9 s\u2019est install\u00e9 ce samedi 13 d\u00e9cembre pour tout le weekend \u00e0 l\u2019Espace Tilleul.<\/strong><\/p>\n<p>Les b\u00e9n\u00e9voles de l\u2019association proposent des objets de d\u00e9coration, des biscuits de No\u00ebl ou des cadeaux \u00e0 mettre sous le sapin, tous fait-main par les b\u00e9n\u00e9voles ou les r\u00e9sidents. Ils ont \u00e9galement re\u00e7u des dons de particuliers pour compl\u00e9ter l&rsquo;offre. Quelques nouvelles personnes se sont jointes cette ann\u00e9e \u00e0 la vingtaine de b\u00e9n\u00e9voles qui a \u0153uvr\u00e9 pour garnir les stands de ce march\u00e9. De son c\u00f4t\u00e9 l\u2019animatrice de l\u2019Ehpad Marie-Christine Cancian a organis\u00e9 deux ateliers cr\u00e9atifs en d\u00e9cembre avec les r\u00e9sidents et certains b\u00e9n\u00e9voles. Et pour la premi\u00e8re fois l\u2019accueil de jour de l\u2019Ehpad et son animatrice Tiffany Toussaint ont souhait\u00e9 participer en r\u00e9alisant de beaux sujets d\u00e9coratifs. Premi\u00e8re aussi pour l\u2019atelier mis en place par Marianne Genatio au c\u0153ur du march\u00e9 : \u00a0une d\u00e9monstration de Diamond Painting o\u00f9 elle r\u00e9alise cadres et cartes de v\u0153ux.<\/p>\n<p><strong>Le march\u00e9 de No\u00ebl des VMEH est ouvert ce samedi jusqu\u2019\u00e0 18 h 00 et dimanche de 10 h 00 \u00e0 17 h 00.<\/strong><\/p>\n\n\t\t<style type=\"text\/css\">\n\t\t\t#gallery-1 {\n\t\t\t\tmargin: auto;\n\t\t\t}\n\t\t\t#gallery-1 .gallery-item {\n\t\t\t\tfloat: left;\n\t\t\t\tmargin-top: 10px;\n\t\t\t\ttext-align: center;\n\t\t\t\twidth: 50%;\n\t\t\t}\n\t\t\t#gallery-1 img {\n\t\t\t\tborder: 2px solid #cfcfcf;\n\t\t\t}\n\t\t\t#gallery-1 .gallery-caption {\n\t\t\t\tmargin-left: 0;\n\t\t\t}\n\t\t\t\/* see gallery_shortcode() in wp-includes\/media.php *\/\n\t\t<\/style>\n\t\t<div id='gallery-1' class='gallery galleryid-85766 gallery-columns-2 gallery-size-medium'><dl class='gallery-item'>\n\t\t\t<dt class='gallery-icon landscape'>\n\t\t\t\t<a href='https:\/\/vosgesinfo.fr\/app\/uploads\/sites\/6\/2025\/12\/marche-noel-vmeh-2025-3.jpeg'><img decoding=\"async\" width=\"300\" height=\"224\" src=\"https:\/\/vosgesinfo.fr\/app\/uploads\/sites\/6\/2025\/12\/marche-noel-vmeh-2025-3-300x224.jpeg\" class=\"attachment-medium size-medium\" alt=\"\" srcset=\"https:\/\/vosgesinfo.fr\/app\/uploads\/sites\/6\/2025\/12\/marche-noel-vmeh-2025-3-300x224.jpeg 300w, https:\/\/vosgesinfo.fr\/app\/uploads\/sites\/6\/2025\/12\/marche-noel-vmeh-2025-3-1024x764.jpeg 1024w, https:\/\/vosgesinfo.fr\/app\/uploads\/sites\/6\/2025\/12\/marche-noel-vmeh-2025-3-768x573.jpeg 768w, https:\/\/vosgesinfo.fr\/app\/uploads\/sites\/6\/2025\/12\/marche-noel-vmeh-2025-3.jpeg 1448w\" sizes=\"(max-width: 300px) 100vw, 300px\" \/><\/a>\n\t\t\t<\/dt><\/dl><dl class='gallery-item'>\n\t\t\t<dt class='gallery-icon landscape'>\n\t\t\t\t<a href='https:\/\/vosgesinfo.fr\/app\/uploads\/sites\/6\/2025\/12\/marche-noel-vmeh-2025-2.jpeg'><img decoding=\"async\" width=\"300\" height=\"224\" src=\"https:\/\/vosgesinfo.fr\/app\/uploads\/sites\/6\/2025\/12\/marche-noel-vmeh-2025-2-300x224.jpeg\" class=\"attachment-medium size-medium\" alt=\"\" srcset=\"https:\/\/vosgesinfo.fr\/app\/uploads\/sites\/6\/2025\/12\/marche-noel-vmeh-2025-2-300x224.jpeg 300w, https:\/\/vosgesinfo.fr\/app\/uploads\/sites\/6\/2025\/12\/marche-noel-vmeh-2025-2-1024x764.jpeg 1024w, https:\/\/vosgesinfo.fr\/app\/uploads\/sites\/6\/2025\/12\/marche-noel-vmeh-2025-2-768x573.jpeg 768w, https:\/\/vosgesinfo.fr\/app\/uploads\/sites\/6\/2025\/12\/marche-noel-vmeh-2025-2.jpeg 1448w\" sizes=\"(max-width: 300px) 100vw, 300px\" \/><\/a>\n\t\t\t<\/dt><\/dl><br style=\"clear: both\" \/>\n\t\t<\/div>\n\n","protected":false},"excerpt":{"rendered":"<p>Le traditionnel\u00a0 march\u00e9 de No\u00ebl des b\u00e9n\u00e9voles VMEH au profit des r\u00e9sidents de l\u2019Ehpad L\u00e9a Andr\u00e9 s\u2019est install\u00e9 ce samedi [&hellip;]<\/p>\n","protected":false},"author":258,"featured_media":85768,"comment_status":"open","ping_status":"open","sticky":false,"template":"","format":"standard","meta":{"footnotes":""},"categories":[20,49,5647,26,17],"tags":[1421,55,779,788],"class_list":["post-85766","post","type-post","status-publish","format-standard","has-post-thumbnail","hentry","category-a-la-une","category-exposition","category-gerardmer-autres-sites","category-solidarite","category-vie-associative","tag-ehpad-lea-andre-de-gerardmer","tag-espace-tilleul","tag-marche-de-noel","tag-vmeh"],"acf":[],"yoast_head":"<!-- This site is optimized with the Yoast SEO plugin v22.5 - https:\/\/yoast.com\/wordpress\/plugins\/seo\/ -->\n<title>Des nouveaut\u00e9s au march\u00e9 de No\u00ebl des b\u00e9n\u00e9voles VMEH - Gerardmer Info<\/title>\n<meta name=\"robots\" content=\"index, follow, max-snippet:-1, max-image-preview:large, max-video-preview:-1\" \/>\n<link rel=\"canonical\" href=\"https:\/\/vosgesinfo.fr\/gerardmerinfo\/2025\/12\/des-nouveautes-au-marche-de-noel-des-benevoles-vmeh\/\" \/>\n<meta name=\"twitter:card\" content=\"summary_large_image\" \/>\n<meta name=\"twitter:title\" content=\"Des nouveaut\u00e9s au march\u00e9 de No\u00ebl des b\u00e9n\u00e9voles VMEH - Gerardmer Info\" \/>\n<meta name=\"twitter:description\" content=\"Le traditionnel\u00a0 march\u00e9 de No\u00ebl des b\u00e9n\u00e9voles VMEH au profit des r\u00e9sidents de l\u2019Ehpad L\u00e9a Andr\u00e9 s\u2019est install\u00e9 ce samedi [&hellip;]\" \/>\n<meta name=\"twitter:image\" content=\"https:\/\/vosgesinfo.fr\/app\/uploads\/sites\/6\/2025\/12\/marche-noel-vmeh-2025-1.jpeg\" \/>\n<meta name=\"twitter:creator\" content=\"@VosgesInfo88\" \/>\n<meta name=\"twitter:site\" content=\"@VosgesInfo88\" \/>\n<meta name=\"twitter:label1\" content=\"\u00c9crit par\" \/>\n\t<meta name=\"twitter:data1\" content=\"I.N\" \/>\n\t<meta name=\"twitter:label2\" content=\"Dur\u00e9e de lecture estim\u00e9e\" \/>\n\t<meta name=\"twitter:data2\" content=\"2 minutes\" \/>\n<script type=\"application\/ld+json\" class=\"yoast-schema-graph\">{\"@context\":\"https:\/\/schema.org\",\"@graph\":[{\"@type\":\"Article\",\"@id\":\"https:\/\/vosgesinfo.fr\/gerardmerinfo\/2025\/12\/des-nouveautes-au-marche-de-noel-des-benevoles-vmeh\/#article\",\"isPartOf\":{\"@id\":\"https:\/\/vosgesinfo.fr\/gerardmerinfo\/2025\/12\/des-nouveautes-au-marche-de-noel-des-benevoles-vmeh\/\"},\"author\":{\"name\":\"I.N\",\"@id\":\"https:\/\/vosgesinfo.fr\/gerardmerinfo\/#\/schema\/person\/bb210d3430e59ff5cd247deaccb63615\"},\"headline\":\"Des nouveaut\u00e9s au march\u00e9 de No\u00ebl des b\u00e9n\u00e9voles VMEH\",\"datePublished\":\"2025-12-13T14:50:56+00:00\",\"dateModified\":\"2025-12-13T15:22:21+00:00\",\"mainEntityOfPage\":{\"@id\":\"https:\/\/vosgesinfo.fr\/gerardmerinfo\/2025\/12\/des-nouveautes-au-marche-de-noel-des-benevoles-vmeh\/\"},\"wordCount\":240,\"commentCount\":0,\"publisher\":{\"@id\":\"https:\/\/vosgesinfo.fr\/gerardmerinfo\/#organization\"},\"image\":{\"@id\":\"https:\/\/vosgesinfo.fr\/gerardmerinfo\/2025\/12\/des-nouveautes-au-marche-de-noel-des-benevoles-vmeh\/#primaryimage\"},\"thumbnailUrl\":\"https:\/\/vosgesinfo.fr\/app\/uploads\/sites\/6\/2025\/12\/marche-noel-vmeh-2025-1.jpeg\",\"keywords\":[\"EHPAD L\u00e9a-Andr\u00e9 de G\u00e9rardmer\",\"espace tilleul\",\"March\u00e9 de No\u00ebl\",\"VMEH\"],\"articleSection\":[\"A la une\",\"exposition\",\"Gerardmer\",\"solidarit\u00e9\",\"Vie Associative\"],\"inLanguage\":\"fr-FR\",\"potentialAction\":[{\"@type\":\"CommentAction\",\"name\":\"Comment\",\"target\":[\"https:\/\/vosgesinfo.fr\/gerardmerinfo\/2025\/12\/des-nouveautes-au-marche-de-noel-des-benevoles-vmeh\/#respond\"]}]},{\"@type\":\"WebPage\",\"@id\":\"https:\/\/vosgesinfo.fr\/gerardmerinfo\/2025\/12\/des-nouveautes-au-marche-de-noel-des-benevoles-vmeh\/\",\"url\":\"https:\/\/vosgesinfo.fr\/gerardmerinfo\/2025\/12\/des-nouveautes-au-marche-de-noel-des-benevoles-vmeh\/\",\"name\":\"Des nouveaut\u00e9s au march\u00e9 de No\u00ebl des b\u00e9n\u00e9voles VMEH - Gerardmer Info\",\"isPartOf\":{\"@id\":\"https:\/\/vosgesinfo.fr\/gerardmerinfo\/#website\"},\"primaryImageOfPage\":{\"@id\":\"https:\/\/vosgesinfo.fr\/gerardmerinfo\/2025\/12\/des-nouveautes-au-marche-de-noel-des-benevoles-vmeh\/#primaryimage\"},\"image\":{\"@id\":\"https:\/\/vosgesinfo.fr\/gerardmerinfo\/2025\/12\/des-nouveautes-au-marche-de-noel-des-benevoles-vmeh\/#primaryimage\"},\"thumbnailUrl\":\"https:\/\/vosgesinfo.fr\/app\/uploads\/sites\/6\/2025\/12\/marche-noel-vmeh-2025-1.jpeg\",\"datePublished\":\"2025-12-13T14:50:56+00:00\",\"dateModified\":\"2025-12-13T15:22:21+00:00\",\"breadcrumb\":{\"@id\":\"https:\/\/vosgesinfo.fr\/gerardmerinfo\/2025\/12\/des-nouveautes-au-marche-de-noel-des-benevoles-vmeh\/#breadcrumb\"},\"inLanguage\":\"fr-FR\",\"potentialAction\":[{\"@type\":\"ReadAction\",\"target\":[\"https:\/\/vosgesinfo.fr\/gerardmerinfo\/2025\/12\/des-nouveautes-au-marche-de-noel-des-benevoles-vmeh\/\"]}]},{\"@type\":\"ImageObject\",\"inLanguage\":\"fr-FR\",\"@id\":\"https:\/\/vosgesinfo.fr\/gerardmerinfo\/2025\/12\/des-nouveautes-au-marche-de-noel-des-benevoles-vmeh\/#primaryimage\",\"url\":\"https:\/\/vosgesinfo.fr\/app\/uploads\/sites\/6\/2025\/12\/marche-noel-vmeh-2025-1.jpeg\",\"contentUrl\":\"https:\/\/vosgesinfo.fr\/app\/uploads\/sites\/6\/2025\/12\/marche-noel-vmeh-2025-1.jpeg\",\"width\":1448,\"height\":1080},{\"@type\":\"BreadcrumbList\",\"@id\":\"https:\/\/vosgesinfo.fr\/gerardmerinfo\/2025\/12\/des-nouveautes-au-marche-de-noel-des-benevoles-vmeh\/#breadcrumb\",\"itemListElement\":[{\"@type\":\"ListItem\",\"position\":1,\"name\":\"Home\",\"item\":\"https:\/\/vosgesinfo.fr\/gerardmerinfo\/\"},{\"@type\":\"ListItem\",\"position\":2,\"name\":\"Des nouveaut\u00e9s au march\u00e9 de No\u00ebl des b\u00e9n\u00e9voles VMEH\"}]},{\"@type\":\"WebSite\",\"@id\":\"https:\/\/vosgesinfo.fr\/gerardmerinfo\/#website\",\"url\":\"https:\/\/vosgesinfo.fr\/gerardmerinfo\/\",\"name\":\"Gerardmer Info\",\"description\":\"Toute l&#039;actualit\u00e9 de G\u00e9rardmer\",\"publisher\":{\"@id\":\"https:\/\/vosgesinfo.fr\/gerardmerinfo\/#organization\"},\"alternateName\":\"Toute l'actualit\u00e9 de G\u00e9rardmer\",\"potentialAction\":[{\"@type\":\"SearchAction\",\"target\":{\"@type\":\"EntryPoint\",\"urlTemplate\":\"https:\/\/vosgesinfo.fr\/gerardmerinfo\/?s={search_term_string}\"},\"query-input\":\"required name=search_term_string\"}],\"inLanguage\":\"fr-FR\"},{\"@type\":\"Organization\",\"@id\":\"https:\/\/vosgesinfo.fr\/gerardmerinfo\/#organization\",\"name\":\"Gerardmer Info\",\"url\":\"https:\/\/vosgesinfo.fr\/gerardmerinfo\/\",\"logo\":{\"@type\":\"ImageObject\",\"inLanguage\":\"fr-FR\",\"@id\":\"https:\/\/vosgesinfo.fr\/gerardmerinfo\/#\/schema\/logo\/image\/\",\"url\":\"https:\/\/vosgesinfo.fr\/app\/uploads\/sites\/6\/2023\/08\/favicon-gerardmerinfo.png\",\"contentUrl\":\"https:\/\/vosgesinfo.fr\/app\/uploads\/sites\/6\/2023\/08\/favicon-gerardmerinfo.png\",\"width\":512,\"height\":512,\"caption\":\"Gerardmer Info\"},\"image\":{\"@id\":\"https:\/\/vosgesinfo.fr\/gerardmerinfo\/#\/schema\/logo\/image\/\"},\"sameAs\":[\"https:\/\/www.facebook.com\/profile.php?id=100049475262660\",\"https:\/\/x.com\/VosgesInfo88\",\"https:\/\/www.youtube.com\/@vosgesinfo\"]},{\"@type\":\"Person\",\"@id\":\"https:\/\/vosgesinfo.fr\/gerardmerinfo\/#\/schema\/person\/bb210d3430e59ff5cd247deaccb63615\",\"name\":\"I.N\",\"image\":{\"@type\":\"ImageObject\",\"inLanguage\":\"fr-FR\",\"@id\":\"https:\/\/vosgesinfo.fr\/gerardmerinfo\/#\/schema\/person\/image\/\",\"url\":\"https:\/\/secure.gravatar.com\/avatar\/612d5c20a39b1c8bc5675cc8e3d99e120730e7d080423fdafec485619845af71?s=96&d=mm&r=g\",\"contentUrl\":\"https:\/\/secure.gravatar.com\/avatar\/612d5c20a39b1c8bc5675cc8e3d99e120730e7d080423fdafec485619845af71?s=96&d=mm&r=g\",\"caption\":\"I.N\"},\"url\":\"https:\/\/vosgesinfo.fr\/gerardmerinfo\/author\/i-ngerardmer\/\"}]}<\/script>\n<!-- \/ Yoast SEO plugin. -->","yoast_head_json":{"title":"Des nouveaut\u00e9s au march\u00e9 de No\u00ebl des b\u00e9n\u00e9voles VMEH - Gerardmer Info","robots":{"index":"index","follow":"follow","max-snippet":"max-snippet:-1","max-image-preview":"max-image-preview:large","max-video-preview":"max-video-preview:-1"},"canonical":"https:\/\/vosgesinfo.fr\/gerardmerinfo\/2025\/12\/des-nouveautes-au-marche-de-noel-des-benevoles-vmeh\/","twitter_card":"summary_large_image","twitter_title":"Des nouveaut\u00e9s au march\u00e9 de No\u00ebl des b\u00e9n\u00e9voles VMEH - Gerardmer Info","twitter_description":"Le traditionnel\u00a0 march\u00e9 de No\u00ebl des b\u00e9n\u00e9voles VMEH au profit des r\u00e9sidents de l\u2019Ehpad L\u00e9a Andr\u00e9 s\u2019est install\u00e9 ce samedi [&hellip;]","twitter_image":"https:\/\/vosgesinfo.fr\/app\/uploads\/sites\/6\/2025\/12\/marche-noel-vmeh-2025-1.jpeg","twitter_creator":"@VosgesInfo88","twitter_site":"@VosgesInfo88","twitter_misc":{"\u00c9crit par":"I.N","Dur\u00e9e de lecture estim\u00e9e":"2 minutes"},"schema":{"@context":"https:\/\/schema.org","@graph":[{"@type":"Article","@id":"https:\/\/vosgesinfo.fr\/gerardmerinfo\/2025\/12\/des-nouveautes-au-marche-de-noel-des-benevoles-vmeh\/#article","isPartOf":{"@id":"https:\/\/vosgesinfo.fr\/gerardmerinfo\/2025\/12\/des-nouveautes-au-marche-de-noel-des-benevoles-vmeh\/"},"author":{"name":"I.N","@id":"https:\/\/vosgesinfo.fr\/gerardmerinfo\/#\/schema\/person\/bb210d3430e59ff5cd247deaccb63615"},"headline":"Des nouveaut\u00e9s au march\u00e9 de No\u00ebl des b\u00e9n\u00e9voles VMEH","datePublished":"2025-12-13T14:50:56+00:00","dateModified":"2025-12-13T15:22:21+00:00","mainEntityOfPage":{"@id":"https:\/\/vosgesinfo.fr\/gerardmerinfo\/2025\/12\/des-nouveautes-au-marche-de-noel-des-benevoles-vmeh\/"},"wordCount":240,"commentCount":0,"publisher":{"@id":"https:\/\/vosgesinfo.fr\/gerardmerinfo\/#organization"},"image":{"@id":"https:\/\/vosgesinfo.fr\/gerardmerinfo\/2025\/12\/des-nouveautes-au-marche-de-noel-des-benevoles-vmeh\/#primaryimage"},"thumbnailUrl":"https:\/\/vosgesinfo.fr\/app\/uploads\/sites\/6\/2025\/12\/marche-noel-vmeh-2025-1.jpeg","keywords":["EHPAD L\u00e9a-Andr\u00e9 de G\u00e9rardmer","espace tilleul","March\u00e9 de No\u00ebl","VMEH"],"articleSection":["A la une","exposition","Gerardmer","solidarit\u00e9","Vie Associative"],"inLanguage":"fr-FR","potentialAction":[{"@type":"CommentAction","name":"Comment","target":["https:\/\/vosgesinfo.fr\/gerardmerinfo\/2025\/12\/des-nouveautes-au-marche-de-noel-des-benevoles-vmeh\/#respond"]}]},{"@type":"WebPage","@id":"https:\/\/vosgesinfo.fr\/gerardmerinfo\/2025\/12\/des-nouveautes-au-marche-de-noel-des-benevoles-vmeh\/","url":"https:\/\/vosgesinfo.fr\/gerardmerinfo\/2025\/12\/des-nouveautes-au-marche-de-noel-des-benevoles-vmeh\/","name":"Des nouveaut\u00e9s au march\u00e9 de No\u00ebl des b\u00e9n\u00e9voles VMEH - Gerardmer Info","isPartOf":{"@id":"https:\/\/vosgesinfo.fr\/gerardmerinfo\/#website"},"primaryImageOfPage":{"@id":"https:\/\/vosgesinfo.fr\/gerardmerinfo\/2025\/12\/des-nouveautes-au-marche-de-noel-des-benevoles-vmeh\/#primaryimage"},"image":{"@id":"https:\/\/vosgesinfo.fr\/gerardmerinfo\/2025\/12\/des-nouveautes-au-marche-de-noel-des-benevoles-vmeh\/#primaryimage"},"thumbnailUrl":"https:\/\/vosgesinfo.fr\/app\/uploads\/sites\/6\/2025\/12\/marche-noel-vmeh-2025-1.jpeg","datePublished":"2025-12-13T14:50:56+00:00","dateModified":"2025-12-13T15:22:21+00:00","breadcrumb":{"@id":"https:\/\/vosgesinfo.fr\/gerardmerinfo\/2025\/12\/des-nouveautes-au-marche-de-noel-des-benevoles-vmeh\/#breadcrumb"},"inLanguage":"fr-FR","potentialAction":[{"@type":"ReadAction","target":["https:\/\/vosgesinfo.fr\/gerardmerinfo\/2025\/12\/des-nouveautes-au-marche-de-noel-des-benevoles-vmeh\/"]}]},{"@type":"ImageObject","inLanguage":"fr-FR","@id":"https:\/\/vosgesinfo.fr\/gerardmerinfo\/2025\/12\/des-nouveautes-au-marche-de-noel-des-benevoles-vmeh\/#primaryimage","url":"https:\/\/vosgesinfo.fr\/app\/uploads\/sites\/6\/2025\/12\/marche-noel-vmeh-2025-1.jpeg","contentUrl":"https:\/\/vosgesinfo.fr\/app\/uploads\/sites\/6\/2025\/12\/marche-noel-vmeh-2025-1.jpeg","width":1448,"height":1080},{"@type":"BreadcrumbList","@id":"https:\/\/vosgesinfo.fr\/gerardmerinfo\/2025\/12\/des-nouveautes-au-marche-de-noel-des-benevoles-vmeh\/#breadcrumb","itemListElement":[{"@type":"ListItem","position":1,"name":"Home","item":"https:\/\/vosgesinfo.fr\/gerardmerinfo\/"},{"@type":"ListItem","position":2,"name":"Des nouveaut\u00e9s au march\u00e9 de No\u00ebl des b\u00e9n\u00e9voles VMEH"}]},{"@type":"WebSite","@id":"https:\/\/vosgesinfo.fr\/gerardmerinfo\/#website","url":"https:\/\/vosgesinfo.fr\/gerardmerinfo\/","name":"Gerardmer Info","description":"Toute l&#039;actualit\u00e9 de G\u00e9rardmer","publisher":{"@id":"https:\/\/vosgesinfo.fr\/gerardmerinfo\/#organization"},"alternateName":"Toute l'actualit\u00e9 de G\u00e9rardmer","potentialAction":[{"@type":"SearchAction","target":{"@type":"EntryPoint","urlTemplate":"https:\/\/vosgesinfo.fr\/gerardmerinfo\/?s={search_term_string}"},"query-input":"required name=search_term_string"}],"inLanguage":"fr-FR"},{"@type":"Organization","@id":"https:\/\/vosgesinfo.fr\/gerardmerinfo\/#organization","name":"Gerardmer Info","url":"https:\/\/vosgesinfo.fr\/gerardmerinfo\/","logo":{"@type":"ImageObject","inLanguage":"fr-FR","@id":"https:\/\/vosgesinfo.fr\/gerardmerinfo\/#\/schema\/logo\/image\/","url":"https:\/\/vosgesinfo.fr\/app\/uploads\/sites\/6\/2023\/08\/favicon-gerardmerinfo.png","contentUrl":"https:\/\/vosgesinfo.fr\/app\/uploads\/sites\/6\/2023\/08\/favicon-gerardmerinfo.png","width":512,"height":512,"caption":"Gerardmer Info"},"image":{"@id":"https:\/\/vosgesinfo.fr\/gerardmerinfo\/#\/schema\/logo\/image\/"},"sameAs":["https:\/\/www.facebook.com\/profile.php?id=100049475262660","https:\/\/x.com\/VosgesInfo88","https:\/\/www.youtube.com\/@vosgesinfo"]},{"@type":"Person","@id":"https:\/\/vosgesinfo.fr\/gerardmerinfo\/#\/schema\/person\/bb210d3430e59ff5cd247deaccb63615","name":"I.N","image":{"@type":"ImageObject","inLanguage":"fr-FR","@id":"https:\/\/vosgesinfo.fr\/gerardmerinfo\/#\/schema\/person\/image\/","url":"https:\/\/secure.gravatar.com\/avatar\/612d5c20a39b1c8bc5675cc8e3d99e120730e7d080423fdafec485619845af71?s=96&d=mm&r=g","contentUrl":"https:\/\/secure.gravatar.com\/avatar\/612d5c20a39b1c8bc5675cc8e3d99e120730e7d080423fdafec485619845af71?s=96&d=mm&r=g","caption":"I.N"},"url":"https:\/\/vosgesinfo.fr\/gerardmerinfo\/author\/i-ngerardmer\/"}]}},"_links":{"self":[{"href":"https:\/\/vosgesinfo.fr\/gerardmerinfo\/wp-json\/wp\/v2\/posts\/85766","targetHints":{"allow":["GET"]}}],"collection":[{"href":"https:\/\/vosgesinfo.fr\/gerardmerinfo\/wp-json\/wp\/v2\/posts"}],"about":[{"href":"https:\/\/vosgesinfo.fr\/gerardmerinfo\/wp-json\/wp\/v2\/types\/post"}],"author":[{"embeddable":true,"href":"https:\/\/vosgesinfo.fr\/gerardmerinfo\/wp-json\/wp\/v2\/users\/258"}],"replies":[{"embeddable":true,"href":"https:\/\/vosgesinfo.fr\/gerardmerinfo\/wp-json\/wp\/v2\/comments?post=85766"}],"version-history":[{"count":4,"href":"https:\/\/vosgesinfo.fr\/gerardmerinfo\/wp-json\/wp\/v2\/posts\/85766\/revisions"}],"predecessor-version":[{"id":85777,"href":"https:\/\/vosgesinfo.fr\/gerardmerinfo\/wp-json\/wp\/v2\/posts\/85766\/revisions\/85777"}],"wp:featuredmedia":[{"embeddable":true,"href":"https:\/\/vosgesinfo.fr\/gerardmerinfo\/wp-json\/wp\/v2\/media\/85768"}],"wp:attachment":[{"href":"https:\/\/vosgesinfo.fr\/gerardmerinfo\/wp-json\/wp\/v2\/media?parent=85766"}],"wp:term":[{"taxonomy":"category","embeddable":true,"href":"https:\/\/vosgesinfo.fr\/gerardmerinfo\/wp-json\/wp\/v2\/categories?post=85766"},{"taxonomy":"post_tag","embeddable":true,"href":"https:\/\/vosgesinfo.fr\/gerardmerinfo\/wp-json\/wp\/v2\/tags?post=85766"}],"curies":[{"name":"wp","href":"https:\/\/api.w.org\/{rel}","templated":true}]}}