{"id":85792,"date":"2025-12-15T05:56:43","date_gmt":"2025-12-15T04:56:43","guid":{"rendered":"https:\/\/vosgesinfo.fr\/gerardmerinfo\/?p=85792"},"modified":"2025-12-14T12:55:48","modified_gmt":"2025-12-14T11:55:48","slug":"des-projets-et-des-idees-pour-que-vivent-les-arts-et-traditions-populaires-geromois","status":"publish","type":"post","link":"https:\/\/vosgesinfo.fr\/gerardmerinfo\/2025\/12\/des-projets-et-des-idees-pour-que-vivent-les-arts-et-traditions-populaires-geromois\/","title":{"rendered":"Des projets et des id\u00e9es pour que vivent les arts et traditions populaires g\u00e9r\u00f4mois"},"content":{"rendered":"<p>&nbsp;<\/p>\n<p><a href=\"https:\/\/vosgesinfo.fr\/app\/uploads\/sites\/6\/2025\/12\/ag-jean-grossier-3.jpeg\"><img decoding=\"async\" class=\"aligncenter size-large wp-image-85796\" src=\"https:\/\/vosgesinfo.fr\/app\/uploads\/sites\/6\/2025\/12\/ag-jean-grossier-3-1024x764.jpeg\" alt=\"\" width=\"1024\" height=\"764\" srcset=\"https:\/\/vosgesinfo.fr\/app\/uploads\/sites\/6\/2025\/12\/ag-jean-grossier-3-1024x764.jpeg 1024w, https:\/\/vosgesinfo.fr\/app\/uploads\/sites\/6\/2025\/12\/ag-jean-grossier-3-300x224.jpeg 300w, https:\/\/vosgesinfo.fr\/app\/uploads\/sites\/6\/2025\/12\/ag-jean-grossier-3-768x573.jpeg 768w, https:\/\/vosgesinfo.fr\/app\/uploads\/sites\/6\/2025\/12\/ag-jean-grossier-3.jpeg 1448w\" sizes=\"(max-width: 1024px) 100vw, 1024px\" \/><\/a><\/p>\n<p><strong>L\u2019Assembl\u00e9e G\u00e9n\u00e9rale de l\u2019association Arts et Traditions Populaires G\u00e9r\u00f4mois s\u2019est d\u00e9roul\u00e9e le 13 d\u00e9cembre dernier \u00e0 la Maison de la Montagne.<\/strong><\/p>\n<p><a href=\"https:\/\/vosgesinfo.fr\/app\/uploads\/sites\/6\/2025\/12\/ag-jean-grossier-1.jpeg\"><img decoding=\"async\" class=\"alignright size-medium wp-image-85795\" src=\"https:\/\/vosgesinfo.fr\/app\/uploads\/sites\/6\/2025\/12\/ag-jean-grossier-1-300x224.jpeg\" alt=\"\" width=\"300\" height=\"224\" srcset=\"https:\/\/vosgesinfo.fr\/app\/uploads\/sites\/6\/2025\/12\/ag-jean-grossier-1-300x224.jpeg 300w, https:\/\/vosgesinfo.fr\/app\/uploads\/sites\/6\/2025\/12\/ag-jean-grossier-1-1024x764.jpeg 1024w, https:\/\/vosgesinfo.fr\/app\/uploads\/sites\/6\/2025\/12\/ag-jean-grossier-1-768x573.jpeg 768w, https:\/\/vosgesinfo.fr\/app\/uploads\/sites\/6\/2025\/12\/ag-jean-grossier-1.jpeg 1448w\" sizes=\"(max-width: 300px) 100vw, 300px\" \/><\/a>La pr\u00e9sidente Martine Mougel Grossier a ouvert la s\u00e9ance en pr\u00e9sence de l\u2019adjointe \u00e0 la culture Anne Chwaliszewski et du conseiller d\u00e9partemental Thomas Gion ainsi que d\u2019une quarantaine d\u2019adh\u00e9rents dont douze nouveaux. Les manifestations de l\u2019ann\u00e9e ont rencontr\u00e9 un vif succ\u00e8s, que ce soient les expositions en salle ou itin\u00e9rantes, le th\u00e9\u00e2tre de plein air ou encore les conf\u00e9rences a fait remarqu\u00e9 la pr\u00e9sidente mais l\u2019objectif de l\u2019association reste de \u00ab trouver une maison pour expos\u00e9s tous les biens. Un local fixe et non des expositions temporaires \u00bb.Martine Mougel Grossier a soumis plusieurs id\u00e9es et en a pr\u00e9sent\u00e9 les maquettes : cr\u00e9ation d&rsquo;un site Web, ouverture d\u2019un compte sur la plateforme du Conseil d\u00e9partement Culture CN Nous, cr\u00e9ation de cartes de visite et de flyers \u00e0 l&rsquo;effigie du B\u00fbcheron, embl\u00e8me de l\u2019association, et projet d&rsquo;une vitrine permanente \u00e9volutive (en attente de l&rsquo;accord du propri\u00e9taire) rue Charles de Gaulle.<\/p>\n<p>Concernant 2026 des manifestations sont pr\u00e9vues en avril et ao\u00fbt avec une exposition sur les outils de pr\u00e9cision associ\u00e9e aux caricatures et dessins de Jean Grossier, une exposition sur le G\u00e9rom\u00e9, la boissellerie et les m\u00e9tiers du bois autour des sabots et des \u00e9pinettes, une animation et guinguette \u00e0 l&rsquo;occasion de \u00ab\u00a0l&rsquo;Et\u00e9 au bord du Lac\u00a0\u00bb en collaboration avec la ville de G\u00e9rardmer et une exposition en vitrine des biens traditionnels. Les adh\u00e9rents ainsi r\u00e9unis ont ensuite apport\u00e9 leurs id\u00e9es et visions et fait diff\u00e9rentes propositions : \u00ab mise en valeur de l&rsquo;ancien Th\u00e9\u00e2tre en Plein Air du Saut des Cuves par un balisage et la pose d&rsquo;une plaque m\u00e9morielle, des cagnottes en ligne, cr\u00e9er un conservatoire de tous les atouts patrimoniaux, litt\u00e9raires, cin\u00e9philes, ouvrir l&rsquo;atelier de Louis Georgel (le Beillard) pour des ateliers autour de l&rsquo;\u00e9pinette, apposer une plaque sur la Maison Chevroton rappelant l&rsquo;existence de l&rsquo;ancien Mus\u00e9e,\u00a0 r\u00e9aliser un concours de peinture (\u0153uvres de L\u00e9on Defranoux), mettre en avant les ouvriers du textile, imaginer un parcours historique, cr\u00e9er des \u00e9v\u00e9nements autour des contes et l\u00e9gendes \u00bb.<\/p>\n<p>\u00ab\u00a0La commune et le Conseil D\u00e9partemental nous accompagnent dans nos d\u00e9marches et la dynamique est lanc\u00e9e pour \u00e0 terme, ouvrir un lieu fixe afin de cr\u00e9er un site vivant de culture et de m\u00e9moire, b\u00e9n\u00e9fique pour la commune et attractif pour les visiteurs en les incitant \u00e0 prolonger leur s\u00e9jour.\u00a0\u00bb concluait la pr\u00e9sidente.<\/p>\n<p>&nbsp;<\/p>\n<p>&nbsp;<\/p>\n<p>&nbsp;<\/p>\n<p>&nbsp;<\/p>\n","protected":false},"excerpt":{"rendered":"<p>&nbsp; L\u2019Assembl\u00e9e G\u00e9n\u00e9rale de l\u2019association Arts et Traditions Populaires G\u00e9r\u00f4mois s\u2019est d\u00e9roul\u00e9e le 13 d\u00e9cembre dernier \u00e0 la Maison de [&hellip;]<\/p>\n","protected":false},"author":258,"featured_media":85796,"comment_status":"open","ping_status":"open","sticky":false,"template":"","format":"standard","meta":{"footnotes":""},"categories":[20,6320,4,5647,17],"tags":[1373,197,1339,4769],"class_list":["post-85792","post","type-post","status-publish","format-standard","has-post-thumbnail","hentry","category-a-la-une","category-art","category-culture","category-gerardmer-autres-sites","category-vie-associative","tag-arts-et-traditions-populaires","tag-assemblee-generale","tag-maison-de-la-montagne","tag-musee-jean-grossier"],"acf":[],"yoast_head":"<!-- This site is optimized with the Yoast SEO plugin v22.5 - https:\/\/yoast.com\/wordpress\/plugins\/seo\/ -->\n<title>Des projets et des id\u00e9es pour que vivent les arts et traditions populaires g\u00e9r\u00f4mois - Gerardmer Info<\/title>\n<meta name=\"robots\" content=\"index, follow, max-snippet:-1, max-image-preview:large, max-video-preview:-1\" \/>\n<link rel=\"canonical\" href=\"https:\/\/vosgesinfo.fr\/gerardmerinfo\/2025\/12\/des-projets-et-des-idees-pour-que-vivent-les-arts-et-traditions-populaires-geromois\/\" \/>\n<meta name=\"twitter:card\" content=\"summary_large_image\" \/>\n<meta name=\"twitter:title\" content=\"Des projets et des id\u00e9es pour que vivent les arts et traditions populaires g\u00e9r\u00f4mois - Gerardmer Info\" \/>\n<meta name=\"twitter:description\" content=\"&nbsp; L\u2019Assembl\u00e9e G\u00e9n\u00e9rale de l\u2019association Arts et Traditions Populaires G\u00e9r\u00f4mois s\u2019est d\u00e9roul\u00e9e le 13 d\u00e9cembre dernier \u00e0 la Maison de [&hellip;]\" \/>\n<meta name=\"twitter:image\" content=\"https:\/\/vosgesinfo.fr\/app\/uploads\/sites\/6\/2025\/12\/ag-jean-grossier-3.jpeg\" \/>\n<meta name=\"twitter:creator\" content=\"@VosgesInfo88\" \/>\n<meta name=\"twitter:site\" content=\"@VosgesInfo88\" \/>\n<meta name=\"twitter:label1\" content=\"\u00c9crit par\" \/>\n\t<meta name=\"twitter:data1\" content=\"I.N\" \/>\n\t<meta name=\"twitter:label2\" content=\"Dur\u00e9e de lecture estim\u00e9e\" \/>\n\t<meta name=\"twitter:data2\" content=\"3 minutes\" \/>\n<script type=\"application\/ld+json\" class=\"yoast-schema-graph\">{\"@context\":\"https:\/\/schema.org\",\"@graph\":[{\"@type\":\"Article\",\"@id\":\"https:\/\/vosgesinfo.fr\/gerardmerinfo\/2025\/12\/des-projets-et-des-idees-pour-que-vivent-les-arts-et-traditions-populaires-geromois\/#article\",\"isPartOf\":{\"@id\":\"https:\/\/vosgesinfo.fr\/gerardmerinfo\/2025\/12\/des-projets-et-des-idees-pour-que-vivent-les-arts-et-traditions-populaires-geromois\/\"},\"author\":{\"name\":\"I.N\",\"@id\":\"https:\/\/vosgesinfo.fr\/gerardmerinfo\/#\/schema\/person\/bb210d3430e59ff5cd247deaccb63615\"},\"headline\":\"Des projets et des id\u00e9es pour que vivent les arts et traditions populaires g\u00e9r\u00f4mois\",\"datePublished\":\"2025-12-15T04:56:43+00:00\",\"dateModified\":\"2025-12-14T11:55:48+00:00\",\"mainEntityOfPage\":{\"@id\":\"https:\/\/vosgesinfo.fr\/gerardmerinfo\/2025\/12\/des-projets-et-des-idees-pour-que-vivent-les-arts-et-traditions-populaires-geromois\/\"},\"wordCount\":491,\"commentCount\":0,\"publisher\":{\"@id\":\"https:\/\/vosgesinfo.fr\/gerardmerinfo\/#organization\"},\"image\":{\"@id\":\"https:\/\/vosgesinfo.fr\/gerardmerinfo\/2025\/12\/des-projets-et-des-idees-pour-que-vivent-les-arts-et-traditions-populaires-geromois\/#primaryimage\"},\"thumbnailUrl\":\"https:\/\/vosgesinfo.fr\/app\/uploads\/sites\/6\/2025\/12\/ag-jean-grossier-3.jpeg\",\"keywords\":[\"arts et traditions populaires\",\"Assembl\u00e9e G\u00e9n\u00e9rale\",\"Maison de la Montagne\",\"mus\u00e9e Jean grossier\"],\"articleSection\":[\"A la une\",\"Art\",\"Culture\",\"Gerardmer\",\"Vie Associative\"],\"inLanguage\":\"fr-FR\",\"potentialAction\":[{\"@type\":\"CommentAction\",\"name\":\"Comment\",\"target\":[\"https:\/\/vosgesinfo.fr\/gerardmerinfo\/2025\/12\/des-projets-et-des-idees-pour-que-vivent-les-arts-et-traditions-populaires-geromois\/#respond\"]}]},{\"@type\":\"WebPage\",\"@id\":\"https:\/\/vosgesinfo.fr\/gerardmerinfo\/2025\/12\/des-projets-et-des-idees-pour-que-vivent-les-arts-et-traditions-populaires-geromois\/\",\"url\":\"https:\/\/vosgesinfo.fr\/gerardmerinfo\/2025\/12\/des-projets-et-des-idees-pour-que-vivent-les-arts-et-traditions-populaires-geromois\/\",\"name\":\"Des projets et des id\u00e9es pour que vivent les arts et traditions populaires g\u00e9r\u00f4mois - Gerardmer Info\",\"isPartOf\":{\"@id\":\"https:\/\/vosgesinfo.fr\/gerardmerinfo\/#website\"},\"primaryImageOfPage\":{\"@id\":\"https:\/\/vosgesinfo.fr\/gerardmerinfo\/2025\/12\/des-projets-et-des-idees-pour-que-vivent-les-arts-et-traditions-populaires-geromois\/#primaryimage\"},\"image\":{\"@id\":\"https:\/\/vosgesinfo.fr\/gerardmerinfo\/2025\/12\/des-projets-et-des-idees-pour-que-vivent-les-arts-et-traditions-populaires-geromois\/#primaryimage\"},\"thumbnailUrl\":\"https:\/\/vosgesinfo.fr\/app\/uploads\/sites\/6\/2025\/12\/ag-jean-grossier-3.jpeg\",\"datePublished\":\"2025-12-15T04:56:43+00:00\",\"dateModified\":\"2025-12-14T11:55:48+00:00\",\"breadcrumb\":{\"@id\":\"https:\/\/vosgesinfo.fr\/gerardmerinfo\/2025\/12\/des-projets-et-des-idees-pour-que-vivent-les-arts-et-traditions-populaires-geromois\/#breadcrumb\"},\"inLanguage\":\"fr-FR\",\"potentialAction\":[{\"@type\":\"ReadAction\",\"target\":[\"https:\/\/vosgesinfo.fr\/gerardmerinfo\/2025\/12\/des-projets-et-des-idees-pour-que-vivent-les-arts-et-traditions-populaires-geromois\/\"]}]},{\"@type\":\"ImageObject\",\"inLanguage\":\"fr-FR\",\"@id\":\"https:\/\/vosgesinfo.fr\/gerardmerinfo\/2025\/12\/des-projets-et-des-idees-pour-que-vivent-les-arts-et-traditions-populaires-geromois\/#primaryimage\",\"url\":\"https:\/\/vosgesinfo.fr\/app\/uploads\/sites\/6\/2025\/12\/ag-jean-grossier-3.jpeg\",\"contentUrl\":\"https:\/\/vosgesinfo.fr\/app\/uploads\/sites\/6\/2025\/12\/ag-jean-grossier-3.jpeg\",\"width\":1448,\"height\":1080},{\"@type\":\"BreadcrumbList\",\"@id\":\"https:\/\/vosgesinfo.fr\/gerardmerinfo\/2025\/12\/des-projets-et-des-idees-pour-que-vivent-les-arts-et-traditions-populaires-geromois\/#breadcrumb\",\"itemListElement\":[{\"@type\":\"ListItem\",\"position\":1,\"name\":\"Home\",\"item\":\"https:\/\/vosgesinfo.fr\/gerardmerinfo\/\"},{\"@type\":\"ListItem\",\"position\":2,\"name\":\"Des projets et des id\u00e9es pour que vivent les arts et traditions populaires g\u00e9r\u00f4mois\"}]},{\"@type\":\"WebSite\",\"@id\":\"https:\/\/vosgesinfo.fr\/gerardmerinfo\/#website\",\"url\":\"https:\/\/vosgesinfo.fr\/gerardmerinfo\/\",\"name\":\"Gerardmer Info\",\"description\":\"Toute l&#039;actualit\u00e9 de G\u00e9rardmer\",\"publisher\":{\"@id\":\"https:\/\/vosgesinfo.fr\/gerardmerinfo\/#organization\"},\"alternateName\":\"Toute l'actualit\u00e9 de G\u00e9rardmer\",\"potentialAction\":[{\"@type\":\"SearchAction\",\"target\":{\"@type\":\"EntryPoint\",\"urlTemplate\":\"https:\/\/vosgesinfo.fr\/gerardmerinfo\/?s={search_term_string}\"},\"query-input\":\"required name=search_term_string\"}],\"inLanguage\":\"fr-FR\"},{\"@type\":\"Organization\",\"@id\":\"https:\/\/vosgesinfo.fr\/gerardmerinfo\/#organization\",\"name\":\"Gerardmer Info\",\"url\":\"https:\/\/vosgesinfo.fr\/gerardmerinfo\/\",\"logo\":{\"@type\":\"ImageObject\",\"inLanguage\":\"fr-FR\",\"@id\":\"https:\/\/vosgesinfo.fr\/gerardmerinfo\/#\/schema\/logo\/image\/\",\"url\":\"https:\/\/vosgesinfo.fr\/app\/uploads\/sites\/6\/2023\/08\/favicon-gerardmerinfo.png\",\"contentUrl\":\"https:\/\/vosgesinfo.fr\/app\/uploads\/sites\/6\/2023\/08\/favicon-gerardmerinfo.png\",\"width\":512,\"height\":512,\"caption\":\"Gerardmer Info\"},\"image\":{\"@id\":\"https:\/\/vosgesinfo.fr\/gerardmerinfo\/#\/schema\/logo\/image\/\"},\"sameAs\":[\"https:\/\/www.facebook.com\/profile.php?id=100049475262660\",\"https:\/\/x.com\/VosgesInfo88\",\"https:\/\/www.youtube.com\/@vosgesinfo\"]},{\"@type\":\"Person\",\"@id\":\"https:\/\/vosgesinfo.fr\/gerardmerinfo\/#\/schema\/person\/bb210d3430e59ff5cd247deaccb63615\",\"name\":\"I.N\",\"image\":{\"@type\":\"ImageObject\",\"inLanguage\":\"fr-FR\",\"@id\":\"https:\/\/vosgesinfo.fr\/gerardmerinfo\/#\/schema\/person\/image\/\",\"url\":\"https:\/\/secure.gravatar.com\/avatar\/612d5c20a39b1c8bc5675cc8e3d99e120730e7d080423fdafec485619845af71?s=96&d=mm&r=g\",\"contentUrl\":\"https:\/\/secure.gravatar.com\/avatar\/612d5c20a39b1c8bc5675cc8e3d99e120730e7d080423fdafec485619845af71?s=96&d=mm&r=g\",\"caption\":\"I.N\"},\"url\":\"https:\/\/vosgesinfo.fr\/gerardmerinfo\/author\/i-ngerardmer\/\"}]}<\/script>\n<!-- \/ Yoast SEO plugin. -->","yoast_head_json":{"title":"Des projets et des id\u00e9es pour que vivent les arts et traditions populaires g\u00e9r\u00f4mois - Gerardmer Info","robots":{"index":"index","follow":"follow","max-snippet":"max-snippet:-1","max-image-preview":"max-image-preview:large","max-video-preview":"max-video-preview:-1"},"canonical":"https:\/\/vosgesinfo.fr\/gerardmerinfo\/2025\/12\/des-projets-et-des-idees-pour-que-vivent-les-arts-et-traditions-populaires-geromois\/","twitter_card":"summary_large_image","twitter_title":"Des projets et des id\u00e9es pour que vivent les arts et traditions populaires g\u00e9r\u00f4mois - Gerardmer Info","twitter_description":"&nbsp; L\u2019Assembl\u00e9e G\u00e9n\u00e9rale de l\u2019association Arts et Traditions Populaires G\u00e9r\u00f4mois s\u2019est d\u00e9roul\u00e9e le 13 d\u00e9cembre dernier \u00e0 la Maison de [&hellip;]","twitter_image":"https:\/\/vosgesinfo.fr\/app\/uploads\/sites\/6\/2025\/12\/ag-jean-grossier-3.jpeg","twitter_creator":"@VosgesInfo88","twitter_site":"@VosgesInfo88","twitter_misc":{"\u00c9crit par":"I.N","Dur\u00e9e de lecture estim\u00e9e":"3 minutes"},"schema":{"@context":"https:\/\/schema.org","@graph":[{"@type":"Article","@id":"https:\/\/vosgesinfo.fr\/gerardmerinfo\/2025\/12\/des-projets-et-des-idees-pour-que-vivent-les-arts-et-traditions-populaires-geromois\/#article","isPartOf":{"@id":"https:\/\/vosgesinfo.fr\/gerardmerinfo\/2025\/12\/des-projets-et-des-idees-pour-que-vivent-les-arts-et-traditions-populaires-geromois\/"},"author":{"name":"I.N","@id":"https:\/\/vosgesinfo.fr\/gerardmerinfo\/#\/schema\/person\/bb210d3430e59ff5cd247deaccb63615"},"headline":"Des projets et des id\u00e9es pour que vivent les arts et traditions populaires g\u00e9r\u00f4mois","datePublished":"2025-12-15T04:56:43+00:00","dateModified":"2025-12-14T11:55:48+00:00","mainEntityOfPage":{"@id":"https:\/\/vosgesinfo.fr\/gerardmerinfo\/2025\/12\/des-projets-et-des-idees-pour-que-vivent-les-arts-et-traditions-populaires-geromois\/"},"wordCount":491,"commentCount":0,"publisher":{"@id":"https:\/\/vosgesinfo.fr\/gerardmerinfo\/#organization"},"image":{"@id":"https:\/\/vosgesinfo.fr\/gerardmerinfo\/2025\/12\/des-projets-et-des-idees-pour-que-vivent-les-arts-et-traditions-populaires-geromois\/#primaryimage"},"thumbnailUrl":"https:\/\/vosgesinfo.fr\/app\/uploads\/sites\/6\/2025\/12\/ag-jean-grossier-3.jpeg","keywords":["arts et traditions populaires","Assembl\u00e9e G\u00e9n\u00e9rale","Maison de la Montagne","mus\u00e9e Jean grossier"],"articleSection":["A la une","Art","Culture","Gerardmer","Vie Associative"],"inLanguage":"fr-FR","potentialAction":[{"@type":"CommentAction","name":"Comment","target":["https:\/\/vosgesinfo.fr\/gerardmerinfo\/2025\/12\/des-projets-et-des-idees-pour-que-vivent-les-arts-et-traditions-populaires-geromois\/#respond"]}]},{"@type":"WebPage","@id":"https:\/\/vosgesinfo.fr\/gerardmerinfo\/2025\/12\/des-projets-et-des-idees-pour-que-vivent-les-arts-et-traditions-populaires-geromois\/","url":"https:\/\/vosgesinfo.fr\/gerardmerinfo\/2025\/12\/des-projets-et-des-idees-pour-que-vivent-les-arts-et-traditions-populaires-geromois\/","name":"Des projets et des id\u00e9es pour que vivent les arts et traditions populaires g\u00e9r\u00f4mois - Gerardmer Info","isPartOf":{"@id":"https:\/\/vosgesinfo.fr\/gerardmerinfo\/#website"},"primaryImageOfPage":{"@id":"https:\/\/vosgesinfo.fr\/gerardmerinfo\/2025\/12\/des-projets-et-des-idees-pour-que-vivent-les-arts-et-traditions-populaires-geromois\/#primaryimage"},"image":{"@id":"https:\/\/vosgesinfo.fr\/gerardmerinfo\/2025\/12\/des-projets-et-des-idees-pour-que-vivent-les-arts-et-traditions-populaires-geromois\/#primaryimage"},"thumbnailUrl":"https:\/\/vosgesinfo.fr\/app\/uploads\/sites\/6\/2025\/12\/ag-jean-grossier-3.jpeg","datePublished":"2025-12-15T04:56:43+00:00","dateModified":"2025-12-14T11:55:48+00:00","breadcrumb":{"@id":"https:\/\/vosgesinfo.fr\/gerardmerinfo\/2025\/12\/des-projets-et-des-idees-pour-que-vivent-les-arts-et-traditions-populaires-geromois\/#breadcrumb"},"inLanguage":"fr-FR","potentialAction":[{"@type":"ReadAction","target":["https:\/\/vosgesinfo.fr\/gerardmerinfo\/2025\/12\/des-projets-et-des-idees-pour-que-vivent-les-arts-et-traditions-populaires-geromois\/"]}]},{"@type":"ImageObject","inLanguage":"fr-FR","@id":"https:\/\/vosgesinfo.fr\/gerardmerinfo\/2025\/12\/des-projets-et-des-idees-pour-que-vivent-les-arts-et-traditions-populaires-geromois\/#primaryimage","url":"https:\/\/vosgesinfo.fr\/app\/uploads\/sites\/6\/2025\/12\/ag-jean-grossier-3.jpeg","contentUrl":"https:\/\/vosgesinfo.fr\/app\/uploads\/sites\/6\/2025\/12\/ag-jean-grossier-3.jpeg","width":1448,"height":1080},{"@type":"BreadcrumbList","@id":"https:\/\/vosgesinfo.fr\/gerardmerinfo\/2025\/12\/des-projets-et-des-idees-pour-que-vivent-les-arts-et-traditions-populaires-geromois\/#breadcrumb","itemListElement":[{"@type":"ListItem","position":1,"name":"Home","item":"https:\/\/vosgesinfo.fr\/gerardmerinfo\/"},{"@type":"ListItem","position":2,"name":"Des projets et des id\u00e9es pour que vivent les arts et traditions populaires g\u00e9r\u00f4mois"}]},{"@type":"WebSite","@id":"https:\/\/vosgesinfo.fr\/gerardmerinfo\/#website","url":"https:\/\/vosgesinfo.fr\/gerardmerinfo\/","name":"Gerardmer Info","description":"Toute l&#039;actualit\u00e9 de G\u00e9rardmer","publisher":{"@id":"https:\/\/vosgesinfo.fr\/gerardmerinfo\/#organization"},"alternateName":"Toute l'actualit\u00e9 de G\u00e9rardmer","potentialAction":[{"@type":"SearchAction","target":{"@type":"EntryPoint","urlTemplate":"https:\/\/vosgesinfo.fr\/gerardmerinfo\/?s={search_term_string}"},"query-input":"required name=search_term_string"}],"inLanguage":"fr-FR"},{"@type":"Organization","@id":"https:\/\/vosgesinfo.fr\/gerardmerinfo\/#organization","name":"Gerardmer Info","url":"https:\/\/vosgesinfo.fr\/gerardmerinfo\/","logo":{"@type":"ImageObject","inLanguage":"fr-FR","@id":"https:\/\/vosgesinfo.fr\/gerardmerinfo\/#\/schema\/logo\/image\/","url":"https:\/\/vosgesinfo.fr\/app\/uploads\/sites\/6\/2023\/08\/favicon-gerardmerinfo.png","contentUrl":"https:\/\/vosgesinfo.fr\/app\/uploads\/sites\/6\/2023\/08\/favicon-gerardmerinfo.png","width":512,"height":512,"caption":"Gerardmer Info"},"image":{"@id":"https:\/\/vosgesinfo.fr\/gerardmerinfo\/#\/schema\/logo\/image\/"},"sameAs":["https:\/\/www.facebook.com\/profile.php?id=100049475262660","https:\/\/x.com\/VosgesInfo88","https:\/\/www.youtube.com\/@vosgesinfo"]},{"@type":"Person","@id":"https:\/\/vosgesinfo.fr\/gerardmerinfo\/#\/schema\/person\/bb210d3430e59ff5cd247deaccb63615","name":"I.N","image":{"@type":"ImageObject","inLanguage":"fr-FR","@id":"https:\/\/vosgesinfo.fr\/gerardmerinfo\/#\/schema\/person\/image\/","url":"https:\/\/secure.gravatar.com\/avatar\/612d5c20a39b1c8bc5675cc8e3d99e120730e7d080423fdafec485619845af71?s=96&d=mm&r=g","contentUrl":"https:\/\/secure.gravatar.com\/avatar\/612d5c20a39b1c8bc5675cc8e3d99e120730e7d080423fdafec485619845af71?s=96&d=mm&r=g","caption":"I.N"},"url":"https:\/\/vosgesinfo.fr\/gerardmerinfo\/author\/i-ngerardmer\/"}]}},"_links":{"self":[{"href":"https:\/\/vosgesinfo.fr\/gerardmerinfo\/wp-json\/wp\/v2\/posts\/85792","targetHints":{"allow":["GET"]}}],"collection":[{"href":"https:\/\/vosgesinfo.fr\/gerardmerinfo\/wp-json\/wp\/v2\/posts"}],"about":[{"href":"https:\/\/vosgesinfo.fr\/gerardmerinfo\/wp-json\/wp\/v2\/types\/post"}],"author":[{"embeddable":true,"href":"https:\/\/vosgesinfo.fr\/gerardmerinfo\/wp-json\/wp\/v2\/users\/258"}],"replies":[{"embeddable":true,"href":"https:\/\/vosgesinfo.fr\/gerardmerinfo\/wp-json\/wp\/v2\/comments?post=85792"}],"version-history":[{"count":4,"href":"https:\/\/vosgesinfo.fr\/gerardmerinfo\/wp-json\/wp\/v2\/posts\/85792\/revisions"}],"predecessor-version":[{"id":85809,"href":"https:\/\/vosgesinfo.fr\/gerardmerinfo\/wp-json\/wp\/v2\/posts\/85792\/revisions\/85809"}],"wp:featuredmedia":[{"embeddable":true,"href":"https:\/\/vosgesinfo.fr\/gerardmerinfo\/wp-json\/wp\/v2\/media\/85796"}],"wp:attachment":[{"href":"https:\/\/vosgesinfo.fr\/gerardmerinfo\/wp-json\/wp\/v2\/media?parent=85792"}],"wp:term":[{"taxonomy":"category","embeddable":true,"href":"https:\/\/vosgesinfo.fr\/gerardmerinfo\/wp-json\/wp\/v2\/categories?post=85792"},{"taxonomy":"post_tag","embeddable":true,"href":"https:\/\/vosgesinfo.fr\/gerardmerinfo\/wp-json\/wp\/v2\/tags?post=85792"}],"curies":[{"name":"wp","href":"https:\/\/api.w.org\/{rel}","templated":true}]}}