{"id":85815,"date":"2025-12-14T18:42:20","date_gmt":"2025-12-14T17:42:20","guid":{"rendered":"https:\/\/vosgesinfo.fr\/gerardmerinfo\/2025\/12\/les-peres-et-meres-noel-motards-ont-envahi-les-rues-depinal-pour-la-bonne-cause\/"},"modified":"2025-12-14T18:42:20","modified_gmt":"2025-12-14T17:42:20","slug":"les-peres-et-meres-noel-motards-ont-envahi-les-rues-depinal-pour-la-bonne-cause","status":"publish","type":"post","link":"https:\/\/vosgesinfo.fr\/gerardmerinfo\/2025\/12\/les-peres-et-meres-noel-motards-ont-envahi-les-rues-depinal-pour-la-bonne-cause\/","title":{"rendered":"Les p\u00e8res et m\u00e8res No\u00ebl motards ont envahi les rues d\u2019\u00c9pinal pour la bonne cause"},"content":{"rendered":"<h2 data-start=\"168\" data-end=\"449\"><strong><a href=\"https:\/\/vosgesinfo.fr\/app\/uploads\/sites\/3\/2025\/12\/pere-noel-a-moto-2.jpg\"><img decoding=\"async\" class=\"aligncenter size-large wp-image-138151\" src=\"https:\/\/vosgesinfo.fr\/app\/uploads\/sites\/3\/2025\/12\/pere-noel-a-moto-2-1024x768.jpg\" alt=\"\" width=\"1024\" height=\"768\" \/><\/a>Ce dimanche 14 d\u00e9cembre, les rues d\u2019\u00c9pinal ont \u00e9t\u00e9 le th\u00e9\u00e2tre d\u2019un d\u00e9fil\u00e9 aussi spectaculaire que convivial. Casques sur la t\u00eate et costumes rouges sur le dos, une joyeuse troupe de p\u00e8res et m\u00e8res No\u00ebl motards a sillonn\u00e9 la ville, attirant les regards et les sourires des passants.<\/strong><\/h2>\n<p data-start=\"451\" data-end=\"881\">Derri\u00e8re cette parade festive se cachait avant tout une <strong data-start=\"507\" data-end=\"531\">initiative solidaire<\/strong>. L\u2019\u00e9v\u00e9nement \u00e9tait organis\u00e9 au profit de l\u2019association <strong data-start=\"587\" data-end=\"617\">Les Blouses Roses d\u2019\u00c9pinal<\/strong>, qui \u0153uvre tout au long de l\u2019ann\u00e9e aupr\u00e8s des enfants hospitalis\u00e9s et des personnes \u00e2g\u00e9es r\u00e9sidant en Ehpad. Gr\u00e2ce \u00e0 leur pr\u00e9sence bienveillante, les b\u00e9n\u00e9voles de l\u2019association apportent r\u00e9confort, animations et moments d\u2019\u00e9change \u00e0 des publics souvent fragilis\u00e9s.<\/p>\n<p data-start=\"883\" data-end=\"1270\">Pour soutenir cette action, une <strong data-start=\"915\" data-end=\"946\">cagnotte en ligne HelloAsso<\/strong> a \u00e9t\u00e9 mise en place. Les dons r\u00e9colt\u00e9s permettront de financer diverses activit\u00e9s : animations ludiques, ateliers manuels, visites de r\u00e9confort et temps de partage, autant de moments pr\u00e9cieux pour rompre l\u2019isolement et adoucir le quotidien des b\u00e9n\u00e9ficiaires. L\u2019int\u00e9gralit\u00e9 des fonds collect\u00e9s sera revers\u00e9e \u00e0 l\u2019association.<\/p>\n<p data-start=\"1272\" data-end=\"1563\">En participant au d\u00e9fil\u00e9 ou en soutenant la cagnotte, chacun a pu contribuer \u00e0 diffuser un peu de chaleur humaine et de douceur en cette p\u00e9riode de f\u00eates. Une initiative qui illustre parfaitement l\u2019esprit de No\u00ebl, m\u00ealant convivialit\u00e9, g\u00e9n\u00e9rosit\u00e9 et solidarit\u00e9 au c\u0153ur de la cit\u00e9 spinalienne.<\/p>\n\n\t\t<style type=\"text\/css\">\n\t\t\t#gallery-1 {\n\t\t\t\tmargin: auto;\n\t\t\t}\n\t\t\t#gallery-1 .gallery-item {\n\t\t\t\tfloat: left;\n\t\t\t\tmargin-top: 10px;\n\t\t\t\ttext-align: center;\n\t\t\t\twidth: 33%;\n\t\t\t}\n\t\t\t#gallery-1 img {\n\t\t\t\tborder: 2px solid #cfcfcf;\n\t\t\t}\n\t\t\t#gallery-1 .gallery-caption {\n\t\t\t\tmargin-left: 0;\n\t\t\t}\n\t\t\t\/* see gallery_shortcode() in wp-includes\/media.php *\/\n\t\t<\/style>\n\t\t<div id='gallery-1' class='gallery galleryid-85815 gallery-columns-3 gallery-size-thumbnail'><dl class='gallery-item'>\n\t\t\t<dt class='gallery-icon landscape'>\n\t\t\t\t<a href='https:\/\/vosgesinfo.fr\/app\/uploads\/sites\/6\/2025\/12\/pere-noel-a-moto-1.jpg'><img decoding=\"async\" width=\"150\" height=\"150\" src=\"https:\/\/vosgesinfo.fr\/app\/uploads\/sites\/6\/2025\/12\/pere-noel-a-moto-1-150x150.jpg\" class=\"attachment-thumbnail size-thumbnail\" alt=\"\" \/><\/a>\n\t\t\t<\/dt><\/dl><dl class='gallery-item'>\n\t\t\t<dt class='gallery-icon landscape'>\n\t\t\t\t<a href='https:\/\/vosgesinfo.fr\/app\/uploads\/sites\/6\/2025\/12\/pere-noel-a-moto-3.jpg'><img decoding=\"async\" width=\"150\" height=\"150\" src=\"https:\/\/vosgesinfo.fr\/app\/uploads\/sites\/6\/2025\/12\/pere-noel-a-moto-3-150x150.jpg\" class=\"attachment-thumbnail size-thumbnail\" alt=\"\" \/><\/a>\n\t\t\t<\/dt><\/dl><dl class='gallery-item'>\n\t\t\t<dt class='gallery-icon landscape'>\n\t\t\t\t<a href='https:\/\/vosgesinfo.fr\/app\/uploads\/sites\/6\/2025\/12\/pere-noel-a-moto-4.jpg'><img decoding=\"async\" width=\"150\" height=\"150\" src=\"https:\/\/vosgesinfo.fr\/app\/uploads\/sites\/6\/2025\/12\/pere-noel-a-moto-4-150x150.jpg\" class=\"attachment-thumbnail size-thumbnail\" alt=\"\" \/><\/a>\n\t\t\t<\/dt><\/dl><br style=\"clear: both\" \/>\n\t\t<\/div>\n\n","protected":false},"excerpt":{"rendered":"<p>Ce dimanche 14 d\u00e9cembre, les rues d\u2019\u00c9pinal ont \u00e9t\u00e9 le th\u00e9\u00e2tre d\u2019un d\u00e9fil\u00e9 aussi spectaculaire que convivial. Casques sur la [&hellip;]<\/p>\n","protected":false},"author":52,"featured_media":85816,"comment_status":"open","ping_status":"open","sticky":false,"template":"","format":"standard","meta":{"footnotes":""},"categories":[20,878,25,328,868,946],"tags":[],"class_list":["post-85815","post","type-post","status-publish","format-standard","has-post-thumbnail","hentry","category-a-la-une","category-epinal","category-gerardmer","category-la-plaine-des-vosges","category-remiremont","category-saint-die"],"acf":[],"yoast_head":"<!-- This site is optimized with the Yoast SEO plugin v22.5 - https:\/\/yoast.com\/wordpress\/plugins\/seo\/ -->\n<title>Les p\u00e8res et m\u00e8res No\u00ebl motards ont envahi les rues d\u2019\u00c9pinal pour la bonne cause - Gerardmer Info<\/title>\n<meta name=\"robots\" content=\"index, follow, max-snippet:-1, max-image-preview:large, max-video-preview:-1\" \/>\n<link rel=\"canonical\" href=\"https:\/\/vosgesinfo.fr\/gerardmerinfo\/2025\/12\/les-peres-et-meres-noel-motards-ont-envahi-les-rues-depinal-pour-la-bonne-cause\/\" \/>\n<meta name=\"twitter:card\" content=\"summary_large_image\" \/>\n<meta name=\"twitter:title\" content=\"Les p\u00e8res et m\u00e8res No\u00ebl motards ont envahi les rues d\u2019\u00c9pinal pour la bonne cause - Gerardmer Info\" \/>\n<meta name=\"twitter:description\" content=\"Ce dimanche 14 d\u00e9cembre, les rues d\u2019\u00c9pinal ont \u00e9t\u00e9 le th\u00e9\u00e2tre d\u2019un d\u00e9fil\u00e9 aussi spectaculaire que convivial. Casques sur la [&hellip;]\" \/>\n<meta name=\"twitter:image\" content=\"https:\/\/vosgesinfo.fr\/app\/uploads\/sites\/6\/2025\/12\/pere-noel-a-moto-2.jpg\" \/>\n<meta name=\"twitter:creator\" content=\"@VosgesInfo88\" \/>\n<meta name=\"twitter:site\" content=\"@VosgesInfo88\" \/>\n<meta name=\"twitter:label1\" content=\"\u00c9crit par\" \/>\n\t<meta name=\"twitter:data1\" content=\"C.K.\" \/>\n\t<meta name=\"twitter:label2\" content=\"Dur\u00e9e de lecture estim\u00e9e\" \/>\n\t<meta name=\"twitter:data2\" content=\"1 minute\" \/>\n<script type=\"application\/ld+json\" class=\"yoast-schema-graph\">{\"@context\":\"https:\/\/schema.org\",\"@graph\":[{\"@type\":\"Article\",\"@id\":\"https:\/\/vosgesinfo.fr\/gerardmerinfo\/2025\/12\/les-peres-et-meres-noel-motards-ont-envahi-les-rues-depinal-pour-la-bonne-cause\/#article\",\"isPartOf\":{\"@id\":\"https:\/\/vosgesinfo.fr\/gerardmerinfo\/2025\/12\/les-peres-et-meres-noel-motards-ont-envahi-les-rues-depinal-pour-la-bonne-cause\/\"},\"author\":{\"name\":\"C.K.\",\"@id\":\"https:\/\/vosgesinfo.fr\/gerardmerinfo\/#\/schema\/person\/6f9a650eeea99d969b6c4ab78fccbe81\"},\"headline\":\"Les p\u00e8res et m\u00e8res No\u00ebl motards ont envahi les rues d\u2019\u00c9pinal pour la bonne cause\",\"datePublished\":\"2025-12-14T17:42:20+00:00\",\"dateModified\":\"2025-12-14T17:42:20+00:00\",\"mainEntityOfPage\":{\"@id\":\"https:\/\/vosgesinfo.fr\/gerardmerinfo\/2025\/12\/les-peres-et-meres-noel-motards-ont-envahi-les-rues-depinal-pour-la-bonne-cause\/\"},\"wordCount\":277,\"commentCount\":0,\"publisher\":{\"@id\":\"https:\/\/vosgesinfo.fr\/gerardmerinfo\/#organization\"},\"image\":{\"@id\":\"https:\/\/vosgesinfo.fr\/gerardmerinfo\/2025\/12\/les-peres-et-meres-noel-motards-ont-envahi-les-rues-depinal-pour-la-bonne-cause\/#primaryimage\"},\"thumbnailUrl\":\"https:\/\/vosgesinfo.fr\/app\/uploads\/sites\/6\/2025\/12\/pere-noel-a-moto-2.jpg\",\"articleSection\":[\"A la une\",\"Epinal\",\"G\u00e9rardmer\",\"La plaine des vosges\",\"Remiremont\",\"Saint-di\u00e9\"],\"inLanguage\":\"fr-FR\",\"potentialAction\":[{\"@type\":\"CommentAction\",\"name\":\"Comment\",\"target\":[\"https:\/\/vosgesinfo.fr\/gerardmerinfo\/2025\/12\/les-peres-et-meres-noel-motards-ont-envahi-les-rues-depinal-pour-la-bonne-cause\/#respond\"]}]},{\"@type\":\"WebPage\",\"@id\":\"https:\/\/vosgesinfo.fr\/gerardmerinfo\/2025\/12\/les-peres-et-meres-noel-motards-ont-envahi-les-rues-depinal-pour-la-bonne-cause\/\",\"url\":\"https:\/\/vosgesinfo.fr\/gerardmerinfo\/2025\/12\/les-peres-et-meres-noel-motards-ont-envahi-les-rues-depinal-pour-la-bonne-cause\/\",\"name\":\"Les p\u00e8res et m\u00e8res No\u00ebl motards ont envahi les rues d\u2019\u00c9pinal pour la bonne cause - Gerardmer Info\",\"isPartOf\":{\"@id\":\"https:\/\/vosgesinfo.fr\/gerardmerinfo\/#website\"},\"primaryImageOfPage\":{\"@id\":\"https:\/\/vosgesinfo.fr\/gerardmerinfo\/2025\/12\/les-peres-et-meres-noel-motards-ont-envahi-les-rues-depinal-pour-la-bonne-cause\/#primaryimage\"},\"image\":{\"@id\":\"https:\/\/vosgesinfo.fr\/gerardmerinfo\/2025\/12\/les-peres-et-meres-noel-motards-ont-envahi-les-rues-depinal-pour-la-bonne-cause\/#primaryimage\"},\"thumbnailUrl\":\"https:\/\/vosgesinfo.fr\/app\/uploads\/sites\/6\/2025\/12\/pere-noel-a-moto-2.jpg\",\"datePublished\":\"2025-12-14T17:42:20+00:00\",\"dateModified\":\"2025-12-14T17:42:20+00:00\",\"breadcrumb\":{\"@id\":\"https:\/\/vosgesinfo.fr\/gerardmerinfo\/2025\/12\/les-peres-et-meres-noel-motards-ont-envahi-les-rues-depinal-pour-la-bonne-cause\/#breadcrumb\"},\"inLanguage\":\"fr-FR\",\"potentialAction\":[{\"@type\":\"ReadAction\",\"target\":[\"https:\/\/vosgesinfo.fr\/gerardmerinfo\/2025\/12\/les-peres-et-meres-noel-motards-ont-envahi-les-rues-depinal-pour-la-bonne-cause\/\"]}]},{\"@type\":\"ImageObject\",\"inLanguage\":\"fr-FR\",\"@id\":\"https:\/\/vosgesinfo.fr\/gerardmerinfo\/2025\/12\/les-peres-et-meres-noel-motards-ont-envahi-les-rues-depinal-pour-la-bonne-cause\/#primaryimage\",\"url\":\"https:\/\/vosgesinfo.fr\/app\/uploads\/sites\/6\/2025\/12\/pere-noel-a-moto-2.jpg\",\"contentUrl\":\"https:\/\/vosgesinfo.fr\/app\/uploads\/sites\/6\/2025\/12\/pere-noel-a-moto-2.jpg\",\"width\":1440,\"height\":1080},{\"@type\":\"BreadcrumbList\",\"@id\":\"https:\/\/vosgesinfo.fr\/gerardmerinfo\/2025\/12\/les-peres-et-meres-noel-motards-ont-envahi-les-rues-depinal-pour-la-bonne-cause\/#breadcrumb\",\"itemListElement\":[{\"@type\":\"ListItem\",\"position\":1,\"name\":\"Home\",\"item\":\"https:\/\/vosgesinfo.fr\/gerardmerinfo\/\"},{\"@type\":\"ListItem\",\"position\":2,\"name\":\"Les p\u00e8res et m\u00e8res No\u00ebl motards ont envahi les rues d\u2019\u00c9pinal pour la bonne cause\"}]},{\"@type\":\"WebSite\",\"@id\":\"https:\/\/vosgesinfo.fr\/gerardmerinfo\/#website\",\"url\":\"https:\/\/vosgesinfo.fr\/gerardmerinfo\/\",\"name\":\"Gerardmer Info\",\"description\":\"Toute l&#039;actualit\u00e9 de G\u00e9rardmer\",\"publisher\":{\"@id\":\"https:\/\/vosgesinfo.fr\/gerardmerinfo\/#organization\"},\"alternateName\":\"Toute l'actualit\u00e9 de G\u00e9rardmer\",\"potentialAction\":[{\"@type\":\"SearchAction\",\"target\":{\"@type\":\"EntryPoint\",\"urlTemplate\":\"https:\/\/vosgesinfo.fr\/gerardmerinfo\/?s={search_term_string}\"},\"query-input\":\"required name=search_term_string\"}],\"inLanguage\":\"fr-FR\"},{\"@type\":\"Organization\",\"@id\":\"https:\/\/vosgesinfo.fr\/gerardmerinfo\/#organization\",\"name\":\"Gerardmer Info\",\"url\":\"https:\/\/vosgesinfo.fr\/gerardmerinfo\/\",\"logo\":{\"@type\":\"ImageObject\",\"inLanguage\":\"fr-FR\",\"@id\":\"https:\/\/vosgesinfo.fr\/gerardmerinfo\/#\/schema\/logo\/image\/\",\"url\":\"https:\/\/vosgesinfo.fr\/app\/uploads\/sites\/6\/2023\/08\/favicon-gerardmerinfo.png\",\"contentUrl\":\"https:\/\/vosgesinfo.fr\/app\/uploads\/sites\/6\/2023\/08\/favicon-gerardmerinfo.png\",\"width\":512,\"height\":512,\"caption\":\"Gerardmer Info\"},\"image\":{\"@id\":\"https:\/\/vosgesinfo.fr\/gerardmerinfo\/#\/schema\/logo\/image\/\"},\"sameAs\":[\"https:\/\/www.facebook.com\/profile.php?id=100049475262660\",\"https:\/\/x.com\/VosgesInfo88\",\"https:\/\/www.youtube.com\/@vosgesinfo\"]},{\"@type\":\"Person\",\"@id\":\"https:\/\/vosgesinfo.fr\/gerardmerinfo\/#\/schema\/person\/6f9a650eeea99d969b6c4ab78fccbe81\",\"name\":\"C.K.\",\"image\":{\"@type\":\"ImageObject\",\"inLanguage\":\"fr-FR\",\"@id\":\"https:\/\/vosgesinfo.fr\/gerardmerinfo\/#\/schema\/person\/image\/\",\"url\":\"https:\/\/secure.gravatar.com\/avatar\/48e3fc7f8421ba8942be6b74a2b7f014ca39bc00dece156b7a8e098ae7dc87bf?s=96&d=mm&r=g\",\"contentUrl\":\"https:\/\/secure.gravatar.com\/avatar\/48e3fc7f8421ba8942be6b74a2b7f014ca39bc00dece156b7a8e098ae7dc87bf?s=96&d=mm&r=g\",\"caption\":\"C.K.\"},\"url\":\"https:\/\/vosgesinfo.fr\/gerardmerinfo\/author\/celia-k-n\/\"}]}<\/script>\n<!-- \/ Yoast SEO plugin. -->","yoast_head_json":{"title":"Les p\u00e8res et m\u00e8res No\u00ebl motards ont envahi les rues d\u2019\u00c9pinal pour la bonne cause - Gerardmer Info","robots":{"index":"index","follow":"follow","max-snippet":"max-snippet:-1","max-image-preview":"max-image-preview:large","max-video-preview":"max-video-preview:-1"},"canonical":"https:\/\/vosgesinfo.fr\/gerardmerinfo\/2025\/12\/les-peres-et-meres-noel-motards-ont-envahi-les-rues-depinal-pour-la-bonne-cause\/","twitter_card":"summary_large_image","twitter_title":"Les p\u00e8res et m\u00e8res No\u00ebl motards ont envahi les rues d\u2019\u00c9pinal pour la bonne cause - Gerardmer Info","twitter_description":"Ce dimanche 14 d\u00e9cembre, les rues d\u2019\u00c9pinal ont \u00e9t\u00e9 le th\u00e9\u00e2tre d\u2019un d\u00e9fil\u00e9 aussi spectaculaire que convivial. Casques sur la [&hellip;]","twitter_image":"https:\/\/vosgesinfo.fr\/app\/uploads\/sites\/6\/2025\/12\/pere-noel-a-moto-2.jpg","twitter_creator":"@VosgesInfo88","twitter_site":"@VosgesInfo88","twitter_misc":{"\u00c9crit par":"C.K.","Dur\u00e9e de lecture estim\u00e9e":"1 minute"},"schema":{"@context":"https:\/\/schema.org","@graph":[{"@type":"Article","@id":"https:\/\/vosgesinfo.fr\/gerardmerinfo\/2025\/12\/les-peres-et-meres-noel-motards-ont-envahi-les-rues-depinal-pour-la-bonne-cause\/#article","isPartOf":{"@id":"https:\/\/vosgesinfo.fr\/gerardmerinfo\/2025\/12\/les-peres-et-meres-noel-motards-ont-envahi-les-rues-depinal-pour-la-bonne-cause\/"},"author":{"name":"C.K.","@id":"https:\/\/vosgesinfo.fr\/gerardmerinfo\/#\/schema\/person\/6f9a650eeea99d969b6c4ab78fccbe81"},"headline":"Les p\u00e8res et m\u00e8res No\u00ebl motards ont envahi les rues d\u2019\u00c9pinal pour la bonne cause","datePublished":"2025-12-14T17:42:20+00:00","dateModified":"2025-12-14T17:42:20+00:00","mainEntityOfPage":{"@id":"https:\/\/vosgesinfo.fr\/gerardmerinfo\/2025\/12\/les-peres-et-meres-noel-motards-ont-envahi-les-rues-depinal-pour-la-bonne-cause\/"},"wordCount":277,"commentCount":0,"publisher":{"@id":"https:\/\/vosgesinfo.fr\/gerardmerinfo\/#organization"},"image":{"@id":"https:\/\/vosgesinfo.fr\/gerardmerinfo\/2025\/12\/les-peres-et-meres-noel-motards-ont-envahi-les-rues-depinal-pour-la-bonne-cause\/#primaryimage"},"thumbnailUrl":"https:\/\/vosgesinfo.fr\/app\/uploads\/sites\/6\/2025\/12\/pere-noel-a-moto-2.jpg","articleSection":["A la une","Epinal","G\u00e9rardmer","La plaine des vosges","Remiremont","Saint-di\u00e9"],"inLanguage":"fr-FR","potentialAction":[{"@type":"CommentAction","name":"Comment","target":["https:\/\/vosgesinfo.fr\/gerardmerinfo\/2025\/12\/les-peres-et-meres-noel-motards-ont-envahi-les-rues-depinal-pour-la-bonne-cause\/#respond"]}]},{"@type":"WebPage","@id":"https:\/\/vosgesinfo.fr\/gerardmerinfo\/2025\/12\/les-peres-et-meres-noel-motards-ont-envahi-les-rues-depinal-pour-la-bonne-cause\/","url":"https:\/\/vosgesinfo.fr\/gerardmerinfo\/2025\/12\/les-peres-et-meres-noel-motards-ont-envahi-les-rues-depinal-pour-la-bonne-cause\/","name":"Les p\u00e8res et m\u00e8res No\u00ebl motards ont envahi les rues d\u2019\u00c9pinal pour la bonne cause - Gerardmer Info","isPartOf":{"@id":"https:\/\/vosgesinfo.fr\/gerardmerinfo\/#website"},"primaryImageOfPage":{"@id":"https:\/\/vosgesinfo.fr\/gerardmerinfo\/2025\/12\/les-peres-et-meres-noel-motards-ont-envahi-les-rues-depinal-pour-la-bonne-cause\/#primaryimage"},"image":{"@id":"https:\/\/vosgesinfo.fr\/gerardmerinfo\/2025\/12\/les-peres-et-meres-noel-motards-ont-envahi-les-rues-depinal-pour-la-bonne-cause\/#primaryimage"},"thumbnailUrl":"https:\/\/vosgesinfo.fr\/app\/uploads\/sites\/6\/2025\/12\/pere-noel-a-moto-2.jpg","datePublished":"2025-12-14T17:42:20+00:00","dateModified":"2025-12-14T17:42:20+00:00","breadcrumb":{"@id":"https:\/\/vosgesinfo.fr\/gerardmerinfo\/2025\/12\/les-peres-et-meres-noel-motards-ont-envahi-les-rues-depinal-pour-la-bonne-cause\/#breadcrumb"},"inLanguage":"fr-FR","potentialAction":[{"@type":"ReadAction","target":["https:\/\/vosgesinfo.fr\/gerardmerinfo\/2025\/12\/les-peres-et-meres-noel-motards-ont-envahi-les-rues-depinal-pour-la-bonne-cause\/"]}]},{"@type":"ImageObject","inLanguage":"fr-FR","@id":"https:\/\/vosgesinfo.fr\/gerardmerinfo\/2025\/12\/les-peres-et-meres-noel-motards-ont-envahi-les-rues-depinal-pour-la-bonne-cause\/#primaryimage","url":"https:\/\/vosgesinfo.fr\/app\/uploads\/sites\/6\/2025\/12\/pere-noel-a-moto-2.jpg","contentUrl":"https:\/\/vosgesinfo.fr\/app\/uploads\/sites\/6\/2025\/12\/pere-noel-a-moto-2.jpg","width":1440,"height":1080},{"@type":"BreadcrumbList","@id":"https:\/\/vosgesinfo.fr\/gerardmerinfo\/2025\/12\/les-peres-et-meres-noel-motards-ont-envahi-les-rues-depinal-pour-la-bonne-cause\/#breadcrumb","itemListElement":[{"@type":"ListItem","position":1,"name":"Home","item":"https:\/\/vosgesinfo.fr\/gerardmerinfo\/"},{"@type":"ListItem","position":2,"name":"Les p\u00e8res et m\u00e8res No\u00ebl motards ont envahi les rues d\u2019\u00c9pinal pour la bonne cause"}]},{"@type":"WebSite","@id":"https:\/\/vosgesinfo.fr\/gerardmerinfo\/#website","url":"https:\/\/vosgesinfo.fr\/gerardmerinfo\/","name":"Gerardmer Info","description":"Toute l&#039;actualit\u00e9 de G\u00e9rardmer","publisher":{"@id":"https:\/\/vosgesinfo.fr\/gerardmerinfo\/#organization"},"alternateName":"Toute l'actualit\u00e9 de G\u00e9rardmer","potentialAction":[{"@type":"SearchAction","target":{"@type":"EntryPoint","urlTemplate":"https:\/\/vosgesinfo.fr\/gerardmerinfo\/?s={search_term_string}"},"query-input":"required name=search_term_string"}],"inLanguage":"fr-FR"},{"@type":"Organization","@id":"https:\/\/vosgesinfo.fr\/gerardmerinfo\/#organization","name":"Gerardmer Info","url":"https:\/\/vosgesinfo.fr\/gerardmerinfo\/","logo":{"@type":"ImageObject","inLanguage":"fr-FR","@id":"https:\/\/vosgesinfo.fr\/gerardmerinfo\/#\/schema\/logo\/image\/","url":"https:\/\/vosgesinfo.fr\/app\/uploads\/sites\/6\/2023\/08\/favicon-gerardmerinfo.png","contentUrl":"https:\/\/vosgesinfo.fr\/app\/uploads\/sites\/6\/2023\/08\/favicon-gerardmerinfo.png","width":512,"height":512,"caption":"Gerardmer Info"},"image":{"@id":"https:\/\/vosgesinfo.fr\/gerardmerinfo\/#\/schema\/logo\/image\/"},"sameAs":["https:\/\/www.facebook.com\/profile.php?id=100049475262660","https:\/\/x.com\/VosgesInfo88","https:\/\/www.youtube.com\/@vosgesinfo"]},{"@type":"Person","@id":"https:\/\/vosgesinfo.fr\/gerardmerinfo\/#\/schema\/person\/6f9a650eeea99d969b6c4ab78fccbe81","name":"C.K.","image":{"@type":"ImageObject","inLanguage":"fr-FR","@id":"https:\/\/vosgesinfo.fr\/gerardmerinfo\/#\/schema\/person\/image\/","url":"https:\/\/secure.gravatar.com\/avatar\/48e3fc7f8421ba8942be6b74a2b7f014ca39bc00dece156b7a8e098ae7dc87bf?s=96&d=mm&r=g","contentUrl":"https:\/\/secure.gravatar.com\/avatar\/48e3fc7f8421ba8942be6b74a2b7f014ca39bc00dece156b7a8e098ae7dc87bf?s=96&d=mm&r=g","caption":"C.K."},"url":"https:\/\/vosgesinfo.fr\/gerardmerinfo\/author\/celia-k-n\/"}]}},"_links":{"self":[{"href":"https:\/\/vosgesinfo.fr\/gerardmerinfo\/wp-json\/wp\/v2\/posts\/85815","targetHints":{"allow":["GET"]}}],"collection":[{"href":"https:\/\/vosgesinfo.fr\/gerardmerinfo\/wp-json\/wp\/v2\/posts"}],"about":[{"href":"https:\/\/vosgesinfo.fr\/gerardmerinfo\/wp-json\/wp\/v2\/types\/post"}],"author":[{"embeddable":true,"href":"https:\/\/vosgesinfo.fr\/gerardmerinfo\/wp-json\/wp\/v2\/users\/52"}],"replies":[{"embeddable":true,"href":"https:\/\/vosgesinfo.fr\/gerardmerinfo\/wp-json\/wp\/v2\/comments?post=85815"}],"version-history":[{"count":0,"href":"https:\/\/vosgesinfo.fr\/gerardmerinfo\/wp-json\/wp\/v2\/posts\/85815\/revisions"}],"wp:featuredmedia":[{"embeddable":true,"href":"https:\/\/vosgesinfo.fr\/gerardmerinfo\/wp-json\/wp\/v2\/media\/85816"}],"wp:attachment":[{"href":"https:\/\/vosgesinfo.fr\/gerardmerinfo\/wp-json\/wp\/v2\/media?parent=85815"}],"wp:term":[{"taxonomy":"category","embeddable":true,"href":"https:\/\/vosgesinfo.fr\/gerardmerinfo\/wp-json\/wp\/v2\/categories?post=85815"},{"taxonomy":"post_tag","embeddable":true,"href":"https:\/\/vosgesinfo.fr\/gerardmerinfo\/wp-json\/wp\/v2\/tags?post=85815"}],"curies":[{"name":"wp","href":"https:\/\/api.w.org\/{rel}","templated":true}]}}