{"id":85817,"date":"2025-12-14T18:55:44","date_gmt":"2025-12-14T17:55:44","guid":{"rendered":"https:\/\/vosgesinfo.fr\/gerardmerinfo\/2025\/12\/agressions-sexuelles-le-diocese-de-saint-die-appelle-danciennes-victimes-a-temoigner\/"},"modified":"2025-12-14T18:55:44","modified_gmt":"2025-12-14T17:55:44","slug":"agressions-sexuelles-le-diocese-de-saint-die-appelle-danciennes-victimes-a-temoigner","status":"publish","type":"post","link":"https:\/\/vosgesinfo.fr\/gerardmerinfo\/2025\/12\/agressions-sexuelles-le-diocese-de-saint-die-appelle-danciennes-victimes-a-temoigner\/","title":{"rendered":"Agressions sexuelles : le dioc\u00e8se de Saint-Di\u00e9 appelle d\u2019anciennes victimes \u00e0 t\u00e9moigner"},"content":{"rendered":"<h2 data-start=\"224\" data-end=\"616\"><strong><a href=\"https:\/\/vosgesinfo.fr\/app\/uploads\/sites\/3\/2025\/12\/ai-generated-9798220-960-720.webp\"><img decoding=\"async\" class=\"aligncenter size-full wp-image-138160\" src=\"https:\/\/vosgesinfo.fr\/app\/uploads\/sites\/3\/2025\/12\/ai-generated-9798220-960-720.webp\" alt=\"\" width=\"480\" height=\"720\" \/><\/a>Le dioc\u00e8se de Saint-Di\u00e9 a r\u00e9cemment lanc\u00e9 un appel \u00e0 t\u00e9moignages \u00e0 la suite de plusieurs signalements mettant en cause un ancien pr\u00eatre, aujourd\u2019hui d\u00e9c\u00e9d\u00e9, pour des faits pr\u00e9sum\u00e9s d\u2019agressions sexuelles. Cette d\u00e9marche s\u2019inscrit dans la volont\u00e9 affich\u00e9e de l\u2019\u00c9glise vosgienne de faire la lumi\u00e8re sur des situations pass\u00e9es et de soutenir les personnes qui auraient \u00e9t\u00e9 victimes de violences.<\/strong><\/h2>\n<p data-start=\"618\" data-end=\"971\">Les faits visent l\u2019abb\u00e9 <strong data-start=\"642\" data-end=\"657\">No\u00ebl Honor\u00e9<\/strong>, d\u00e9c\u00e9d\u00e9 en 2016, qui a exerc\u00e9 son minist\u00e8re dans le d\u00e9partement des Vosges pendant plus de quarante ans. Selon les informations communiqu\u00e9es par le dioc\u00e8se, plusieurs t\u00e9moignages ont r\u00e9cemment \u00e9t\u00e9 port\u00e9s \u00e0 la connaissance des autorit\u00e9s eccl\u00e9siales, notamment par l\u2019interm\u00e9diaire de la cellule d\u2019\u00e9coute dioc\u00e9saine.<\/p>\n<p data-start=\"973\" data-end=\"1276\">Ordonn\u00e9 pr\u00eatre, No\u00ebl Honor\u00e9 a occup\u00e9 diff\u00e9rents postes entre 1957 et 1999. Il a notamment \u00e9t\u00e9 en mission au s\u00e9minaire d\u2019Autrey, \u00e0 \u00c9pinal \u2014 en particulier \u00e0 l\u2019institution Saint-Joseph \u2014 ainsi que dans plusieurs paroisses vosgiennes, parmi lesquelles Rupt-Ferdrupt, Allarmont, Girmont (Thaon) et Chavelot.<\/p>\n<p data-start=\"1278\" data-end=\"1682\">Face \u00e0 ces \u00e9l\u00e9ments, le nouvel \u00e9v\u00eaque de Saint-Di\u00e9, <strong data-start=\"1330\" data-end=\"1362\">Monseigneur Fran\u00e7ois Gourdon<\/strong>, a d\u00e9cid\u00e9 de s\u2019adresser publiquement aux victimes potentielles et \u00e0 toute personne susceptible d\u2019avoir connaissance de faits similaires. Dans son message, il souligne l\u2019importance de permettre aux personnes concern\u00e9es d\u2019\u00eatre entendues, reconnues et, si elles le souhaitent, accompagn\u00e9es dans une d\u00e9marche de r\u00e9paration.<\/p>\n<p data-start=\"1684\" data-end=\"1968\">Le dioc\u00e8se invite ainsi les victimes pr\u00e9sum\u00e9es, quel que soit le temps \u00e9coul\u00e9 depuis les faits, \u00e0 prendre contact soit avec la <strong data-start=\"1811\" data-end=\"1842\">cellule d\u2019\u00e9coute dioc\u00e9saine<\/strong>, soit avec l\u2019association <strong data-start=\"1868\" data-end=\"1890\">France Victimes 88<\/strong>, afin de b\u00e9n\u00e9ficier d\u2019un accueil, d\u2019une \u00e9coute et d\u2019un accompagnement adapt\u00e9.<\/p>\n<p data-start=\"1970\" data-end=\"2347\">Par cet appel, l\u2019\u00e9v\u00eaque de Saint-Di\u00e9 affirme sa volont\u00e9 de ne laisser aucune violence dans le silence, et de condamner fermement les agressions et abus sexuels. Il exprime \u00e9galement son soutien aux personnes qui auraient souffert de tels actes, rappelant que la reconnaissance de la parole des victimes constitue une \u00e9tape essentielle dans la recherche de v\u00e9rit\u00e9 et de justice.<\/p>\n","protected":false},"excerpt":{"rendered":"<p>Le dioc\u00e8se de Saint-Di\u00e9 a r\u00e9cemment lanc\u00e9 un appel \u00e0 t\u00e9moignages \u00e0 la suite de plusieurs signalements mettant en cause [&hellip;]<\/p>\n","protected":false},"author":52,"featured_media":85818,"comment_status":"open","ping_status":"open","sticky":false,"template":"","format":"standard","meta":{"footnotes":""},"categories":[20,878,25,328,6719,868,946,18],"tags":[6542,6972],"class_list":["post-85817","post","type-post","status-publish","format-standard","has-post-thumbnail","hentry","category-a-la-une","category-epinal","category-gerardmer","category-la-plaine-des-vosges","category-religion","category-remiremont","category-saint-die","category-vosges","tag-agressions-sexuelles","tag-diocese-de-saint-die"],"acf":[],"yoast_head":"<!-- This site is optimized with the Yoast SEO plugin v22.5 - https:\/\/yoast.com\/wordpress\/plugins\/seo\/ -->\n<title>Agressions sexuelles : le dioc\u00e8se de Saint-Di\u00e9 appelle d\u2019anciennes victimes \u00e0 t\u00e9moigner - Gerardmer Info<\/title>\n<meta name=\"robots\" content=\"index, follow, max-snippet:-1, max-image-preview:large, max-video-preview:-1\" \/>\n<link rel=\"canonical\" href=\"https:\/\/vosgesinfo.fr\/gerardmerinfo\/2025\/12\/agressions-sexuelles-le-diocese-de-saint-die-appelle-danciennes-victimes-a-temoigner\/\" \/>\n<meta name=\"twitter:card\" content=\"summary_large_image\" \/>\n<meta name=\"twitter:title\" content=\"Agressions sexuelles : le dioc\u00e8se de Saint-Di\u00e9 appelle d\u2019anciennes victimes \u00e0 t\u00e9moigner - Gerardmer Info\" \/>\n<meta name=\"twitter:description\" content=\"Le dioc\u00e8se de Saint-Di\u00e9 a r\u00e9cemment lanc\u00e9 un appel \u00e0 t\u00e9moignages \u00e0 la suite de plusieurs signalements mettant en cause [&hellip;]\" \/>\n<meta name=\"twitter:image\" content=\"https:\/\/vosgesinfo.fr\/app\/uploads\/sites\/6\/2025\/12\/ai-generated-9798220-960-720.webp\" \/>\n<meta name=\"twitter:creator\" content=\"@VosgesInfo88\" \/>\n<meta name=\"twitter:site\" content=\"@VosgesInfo88\" \/>\n<meta name=\"twitter:label1\" content=\"\u00c9crit par\" \/>\n\t<meta name=\"twitter:data1\" content=\"C.K.\" \/>\n\t<meta name=\"twitter:label2\" content=\"Dur\u00e9e de lecture estim\u00e9e\" \/>\n\t<meta name=\"twitter:data2\" content=\"2 minutes\" \/>\n<script type=\"application\/ld+json\" class=\"yoast-schema-graph\">{\"@context\":\"https:\/\/schema.org\",\"@graph\":[{\"@type\":\"Article\",\"@id\":\"https:\/\/vosgesinfo.fr\/gerardmerinfo\/2025\/12\/agressions-sexuelles-le-diocese-de-saint-die-appelle-danciennes-victimes-a-temoigner\/#article\",\"isPartOf\":{\"@id\":\"https:\/\/vosgesinfo.fr\/gerardmerinfo\/2025\/12\/agressions-sexuelles-le-diocese-de-saint-die-appelle-danciennes-victimes-a-temoigner\/\"},\"author\":{\"name\":\"C.K.\",\"@id\":\"https:\/\/vosgesinfo.fr\/gerardmerinfo\/#\/schema\/person\/6f9a650eeea99d969b6c4ab78fccbe81\"},\"headline\":\"Agressions sexuelles : le dioc\u00e8se de Saint-Di\u00e9 appelle d\u2019anciennes victimes \u00e0 t\u00e9moigner\",\"datePublished\":\"2025-12-14T17:55:44+00:00\",\"dateModified\":\"2025-12-14T17:55:44+00:00\",\"mainEntityOfPage\":{\"@id\":\"https:\/\/vosgesinfo.fr\/gerardmerinfo\/2025\/12\/agressions-sexuelles-le-diocese-de-saint-die-appelle-danciennes-victimes-a-temoigner\/\"},\"wordCount\":376,\"commentCount\":0,\"publisher\":{\"@id\":\"https:\/\/vosgesinfo.fr\/gerardmerinfo\/#organization\"},\"image\":{\"@id\":\"https:\/\/vosgesinfo.fr\/gerardmerinfo\/2025\/12\/agressions-sexuelles-le-diocese-de-saint-die-appelle-danciennes-victimes-a-temoigner\/#primaryimage\"},\"thumbnailUrl\":\"https:\/\/vosgesinfo.fr\/app\/uploads\/sites\/6\/2025\/12\/ai-generated-9798220-960-720.webp\",\"keywords\":[\"Agressions sexuelles\",\"Dioc\u00e8se de Saint Di\u00e9\"],\"articleSection\":[\"A la une\",\"Epinal\",\"G\u00e9rardmer\",\"La plaine des vosges\",\"Religion\",\"Remiremont\",\"Saint-di\u00e9\",\"Vosges\"],\"inLanguage\":\"fr-FR\",\"potentialAction\":[{\"@type\":\"CommentAction\",\"name\":\"Comment\",\"target\":[\"https:\/\/vosgesinfo.fr\/gerardmerinfo\/2025\/12\/agressions-sexuelles-le-diocese-de-saint-die-appelle-danciennes-victimes-a-temoigner\/#respond\"]}]},{\"@type\":\"WebPage\",\"@id\":\"https:\/\/vosgesinfo.fr\/gerardmerinfo\/2025\/12\/agressions-sexuelles-le-diocese-de-saint-die-appelle-danciennes-victimes-a-temoigner\/\",\"url\":\"https:\/\/vosgesinfo.fr\/gerardmerinfo\/2025\/12\/agressions-sexuelles-le-diocese-de-saint-die-appelle-danciennes-victimes-a-temoigner\/\",\"name\":\"Agressions sexuelles : le dioc\u00e8se de Saint-Di\u00e9 appelle d\u2019anciennes victimes \u00e0 t\u00e9moigner - Gerardmer Info\",\"isPartOf\":{\"@id\":\"https:\/\/vosgesinfo.fr\/gerardmerinfo\/#website\"},\"primaryImageOfPage\":{\"@id\":\"https:\/\/vosgesinfo.fr\/gerardmerinfo\/2025\/12\/agressions-sexuelles-le-diocese-de-saint-die-appelle-danciennes-victimes-a-temoigner\/#primaryimage\"},\"image\":{\"@id\":\"https:\/\/vosgesinfo.fr\/gerardmerinfo\/2025\/12\/agressions-sexuelles-le-diocese-de-saint-die-appelle-danciennes-victimes-a-temoigner\/#primaryimage\"},\"thumbnailUrl\":\"https:\/\/vosgesinfo.fr\/app\/uploads\/sites\/6\/2025\/12\/ai-generated-9798220-960-720.webp\",\"datePublished\":\"2025-12-14T17:55:44+00:00\",\"dateModified\":\"2025-12-14T17:55:44+00:00\",\"breadcrumb\":{\"@id\":\"https:\/\/vosgesinfo.fr\/gerardmerinfo\/2025\/12\/agressions-sexuelles-le-diocese-de-saint-die-appelle-danciennes-victimes-a-temoigner\/#breadcrumb\"},\"inLanguage\":\"fr-FR\",\"potentialAction\":[{\"@type\":\"ReadAction\",\"target\":[\"https:\/\/vosgesinfo.fr\/gerardmerinfo\/2025\/12\/agressions-sexuelles-le-diocese-de-saint-die-appelle-danciennes-victimes-a-temoigner\/\"]}]},{\"@type\":\"ImageObject\",\"inLanguage\":\"fr-FR\",\"@id\":\"https:\/\/vosgesinfo.fr\/gerardmerinfo\/2025\/12\/agressions-sexuelles-le-diocese-de-saint-die-appelle-danciennes-victimes-a-temoigner\/#primaryimage\",\"url\":\"https:\/\/vosgesinfo.fr\/app\/uploads\/sites\/6\/2025\/12\/ai-generated-9798220-960-720.webp\",\"contentUrl\":\"https:\/\/vosgesinfo.fr\/app\/uploads\/sites\/6\/2025\/12\/ai-generated-9798220-960-720.webp\",\"width\":480,\"height\":720},{\"@type\":\"BreadcrumbList\",\"@id\":\"https:\/\/vosgesinfo.fr\/gerardmerinfo\/2025\/12\/agressions-sexuelles-le-diocese-de-saint-die-appelle-danciennes-victimes-a-temoigner\/#breadcrumb\",\"itemListElement\":[{\"@type\":\"ListItem\",\"position\":1,\"name\":\"Home\",\"item\":\"https:\/\/vosgesinfo.fr\/gerardmerinfo\/\"},{\"@type\":\"ListItem\",\"position\":2,\"name\":\"Agressions sexuelles : le dioc\u00e8se de Saint-Di\u00e9 appelle d\u2019anciennes victimes \u00e0 t\u00e9moigner\"}]},{\"@type\":\"WebSite\",\"@id\":\"https:\/\/vosgesinfo.fr\/gerardmerinfo\/#website\",\"url\":\"https:\/\/vosgesinfo.fr\/gerardmerinfo\/\",\"name\":\"Gerardmer Info\",\"description\":\"Toute l&#039;actualit\u00e9 de G\u00e9rardmer\",\"publisher\":{\"@id\":\"https:\/\/vosgesinfo.fr\/gerardmerinfo\/#organization\"},\"alternateName\":\"Toute l'actualit\u00e9 de G\u00e9rardmer\",\"potentialAction\":[{\"@type\":\"SearchAction\",\"target\":{\"@type\":\"EntryPoint\",\"urlTemplate\":\"https:\/\/vosgesinfo.fr\/gerardmerinfo\/?s={search_term_string}\"},\"query-input\":\"required name=search_term_string\"}],\"inLanguage\":\"fr-FR\"},{\"@type\":\"Organization\",\"@id\":\"https:\/\/vosgesinfo.fr\/gerardmerinfo\/#organization\",\"name\":\"Gerardmer Info\",\"url\":\"https:\/\/vosgesinfo.fr\/gerardmerinfo\/\",\"logo\":{\"@type\":\"ImageObject\",\"inLanguage\":\"fr-FR\",\"@id\":\"https:\/\/vosgesinfo.fr\/gerardmerinfo\/#\/schema\/logo\/image\/\",\"url\":\"https:\/\/vosgesinfo.fr\/app\/uploads\/sites\/6\/2023\/08\/favicon-gerardmerinfo.png\",\"contentUrl\":\"https:\/\/vosgesinfo.fr\/app\/uploads\/sites\/6\/2023\/08\/favicon-gerardmerinfo.png\",\"width\":512,\"height\":512,\"caption\":\"Gerardmer Info\"},\"image\":{\"@id\":\"https:\/\/vosgesinfo.fr\/gerardmerinfo\/#\/schema\/logo\/image\/\"},\"sameAs\":[\"https:\/\/www.facebook.com\/profile.php?id=100049475262660\",\"https:\/\/x.com\/VosgesInfo88\",\"https:\/\/www.youtube.com\/@vosgesinfo\"]},{\"@type\":\"Person\",\"@id\":\"https:\/\/vosgesinfo.fr\/gerardmerinfo\/#\/schema\/person\/6f9a650eeea99d969b6c4ab78fccbe81\",\"name\":\"C.K.\",\"image\":{\"@type\":\"ImageObject\",\"inLanguage\":\"fr-FR\",\"@id\":\"https:\/\/vosgesinfo.fr\/gerardmerinfo\/#\/schema\/person\/image\/\",\"url\":\"https:\/\/secure.gravatar.com\/avatar\/48e3fc7f8421ba8942be6b74a2b7f014ca39bc00dece156b7a8e098ae7dc87bf?s=96&d=mm&r=g\",\"contentUrl\":\"https:\/\/secure.gravatar.com\/avatar\/48e3fc7f8421ba8942be6b74a2b7f014ca39bc00dece156b7a8e098ae7dc87bf?s=96&d=mm&r=g\",\"caption\":\"C.K.\"},\"url\":\"https:\/\/vosgesinfo.fr\/gerardmerinfo\/author\/celia-k-n\/\"}]}<\/script>\n<!-- \/ Yoast SEO plugin. -->","yoast_head_json":{"title":"Agressions sexuelles : le dioc\u00e8se de Saint-Di\u00e9 appelle d\u2019anciennes victimes \u00e0 t\u00e9moigner - Gerardmer Info","robots":{"index":"index","follow":"follow","max-snippet":"max-snippet:-1","max-image-preview":"max-image-preview:large","max-video-preview":"max-video-preview:-1"},"canonical":"https:\/\/vosgesinfo.fr\/gerardmerinfo\/2025\/12\/agressions-sexuelles-le-diocese-de-saint-die-appelle-danciennes-victimes-a-temoigner\/","twitter_card":"summary_large_image","twitter_title":"Agressions sexuelles : le dioc\u00e8se de Saint-Di\u00e9 appelle d\u2019anciennes victimes \u00e0 t\u00e9moigner - Gerardmer Info","twitter_description":"Le dioc\u00e8se de Saint-Di\u00e9 a r\u00e9cemment lanc\u00e9 un appel \u00e0 t\u00e9moignages \u00e0 la suite de plusieurs signalements mettant en cause [&hellip;]","twitter_image":"https:\/\/vosgesinfo.fr\/app\/uploads\/sites\/6\/2025\/12\/ai-generated-9798220-960-720.webp","twitter_creator":"@VosgesInfo88","twitter_site":"@VosgesInfo88","twitter_misc":{"\u00c9crit par":"C.K.","Dur\u00e9e de lecture estim\u00e9e":"2 minutes"},"schema":{"@context":"https:\/\/schema.org","@graph":[{"@type":"Article","@id":"https:\/\/vosgesinfo.fr\/gerardmerinfo\/2025\/12\/agressions-sexuelles-le-diocese-de-saint-die-appelle-danciennes-victimes-a-temoigner\/#article","isPartOf":{"@id":"https:\/\/vosgesinfo.fr\/gerardmerinfo\/2025\/12\/agressions-sexuelles-le-diocese-de-saint-die-appelle-danciennes-victimes-a-temoigner\/"},"author":{"name":"C.K.","@id":"https:\/\/vosgesinfo.fr\/gerardmerinfo\/#\/schema\/person\/6f9a650eeea99d969b6c4ab78fccbe81"},"headline":"Agressions sexuelles : le dioc\u00e8se de Saint-Di\u00e9 appelle d\u2019anciennes victimes \u00e0 t\u00e9moigner","datePublished":"2025-12-14T17:55:44+00:00","dateModified":"2025-12-14T17:55:44+00:00","mainEntityOfPage":{"@id":"https:\/\/vosgesinfo.fr\/gerardmerinfo\/2025\/12\/agressions-sexuelles-le-diocese-de-saint-die-appelle-danciennes-victimes-a-temoigner\/"},"wordCount":376,"commentCount":0,"publisher":{"@id":"https:\/\/vosgesinfo.fr\/gerardmerinfo\/#organization"},"image":{"@id":"https:\/\/vosgesinfo.fr\/gerardmerinfo\/2025\/12\/agressions-sexuelles-le-diocese-de-saint-die-appelle-danciennes-victimes-a-temoigner\/#primaryimage"},"thumbnailUrl":"https:\/\/vosgesinfo.fr\/app\/uploads\/sites\/6\/2025\/12\/ai-generated-9798220-960-720.webp","keywords":["Agressions sexuelles","Dioc\u00e8se de Saint Di\u00e9"],"articleSection":["A la une","Epinal","G\u00e9rardmer","La plaine des vosges","Religion","Remiremont","Saint-di\u00e9","Vosges"],"inLanguage":"fr-FR","potentialAction":[{"@type":"CommentAction","name":"Comment","target":["https:\/\/vosgesinfo.fr\/gerardmerinfo\/2025\/12\/agressions-sexuelles-le-diocese-de-saint-die-appelle-danciennes-victimes-a-temoigner\/#respond"]}]},{"@type":"WebPage","@id":"https:\/\/vosgesinfo.fr\/gerardmerinfo\/2025\/12\/agressions-sexuelles-le-diocese-de-saint-die-appelle-danciennes-victimes-a-temoigner\/","url":"https:\/\/vosgesinfo.fr\/gerardmerinfo\/2025\/12\/agressions-sexuelles-le-diocese-de-saint-die-appelle-danciennes-victimes-a-temoigner\/","name":"Agressions sexuelles : le dioc\u00e8se de Saint-Di\u00e9 appelle d\u2019anciennes victimes \u00e0 t\u00e9moigner - Gerardmer Info","isPartOf":{"@id":"https:\/\/vosgesinfo.fr\/gerardmerinfo\/#website"},"primaryImageOfPage":{"@id":"https:\/\/vosgesinfo.fr\/gerardmerinfo\/2025\/12\/agressions-sexuelles-le-diocese-de-saint-die-appelle-danciennes-victimes-a-temoigner\/#primaryimage"},"image":{"@id":"https:\/\/vosgesinfo.fr\/gerardmerinfo\/2025\/12\/agressions-sexuelles-le-diocese-de-saint-die-appelle-danciennes-victimes-a-temoigner\/#primaryimage"},"thumbnailUrl":"https:\/\/vosgesinfo.fr\/app\/uploads\/sites\/6\/2025\/12\/ai-generated-9798220-960-720.webp","datePublished":"2025-12-14T17:55:44+00:00","dateModified":"2025-12-14T17:55:44+00:00","breadcrumb":{"@id":"https:\/\/vosgesinfo.fr\/gerardmerinfo\/2025\/12\/agressions-sexuelles-le-diocese-de-saint-die-appelle-danciennes-victimes-a-temoigner\/#breadcrumb"},"inLanguage":"fr-FR","potentialAction":[{"@type":"ReadAction","target":["https:\/\/vosgesinfo.fr\/gerardmerinfo\/2025\/12\/agressions-sexuelles-le-diocese-de-saint-die-appelle-danciennes-victimes-a-temoigner\/"]}]},{"@type":"ImageObject","inLanguage":"fr-FR","@id":"https:\/\/vosgesinfo.fr\/gerardmerinfo\/2025\/12\/agressions-sexuelles-le-diocese-de-saint-die-appelle-danciennes-victimes-a-temoigner\/#primaryimage","url":"https:\/\/vosgesinfo.fr\/app\/uploads\/sites\/6\/2025\/12\/ai-generated-9798220-960-720.webp","contentUrl":"https:\/\/vosgesinfo.fr\/app\/uploads\/sites\/6\/2025\/12\/ai-generated-9798220-960-720.webp","width":480,"height":720},{"@type":"BreadcrumbList","@id":"https:\/\/vosgesinfo.fr\/gerardmerinfo\/2025\/12\/agressions-sexuelles-le-diocese-de-saint-die-appelle-danciennes-victimes-a-temoigner\/#breadcrumb","itemListElement":[{"@type":"ListItem","position":1,"name":"Home","item":"https:\/\/vosgesinfo.fr\/gerardmerinfo\/"},{"@type":"ListItem","position":2,"name":"Agressions sexuelles : le dioc\u00e8se de Saint-Di\u00e9 appelle d\u2019anciennes victimes \u00e0 t\u00e9moigner"}]},{"@type":"WebSite","@id":"https:\/\/vosgesinfo.fr\/gerardmerinfo\/#website","url":"https:\/\/vosgesinfo.fr\/gerardmerinfo\/","name":"Gerardmer Info","description":"Toute l&#039;actualit\u00e9 de G\u00e9rardmer","publisher":{"@id":"https:\/\/vosgesinfo.fr\/gerardmerinfo\/#organization"},"alternateName":"Toute l'actualit\u00e9 de G\u00e9rardmer","potentialAction":[{"@type":"SearchAction","target":{"@type":"EntryPoint","urlTemplate":"https:\/\/vosgesinfo.fr\/gerardmerinfo\/?s={search_term_string}"},"query-input":"required name=search_term_string"}],"inLanguage":"fr-FR"},{"@type":"Organization","@id":"https:\/\/vosgesinfo.fr\/gerardmerinfo\/#organization","name":"Gerardmer Info","url":"https:\/\/vosgesinfo.fr\/gerardmerinfo\/","logo":{"@type":"ImageObject","inLanguage":"fr-FR","@id":"https:\/\/vosgesinfo.fr\/gerardmerinfo\/#\/schema\/logo\/image\/","url":"https:\/\/vosgesinfo.fr\/app\/uploads\/sites\/6\/2023\/08\/favicon-gerardmerinfo.png","contentUrl":"https:\/\/vosgesinfo.fr\/app\/uploads\/sites\/6\/2023\/08\/favicon-gerardmerinfo.png","width":512,"height":512,"caption":"Gerardmer Info"},"image":{"@id":"https:\/\/vosgesinfo.fr\/gerardmerinfo\/#\/schema\/logo\/image\/"},"sameAs":["https:\/\/www.facebook.com\/profile.php?id=100049475262660","https:\/\/x.com\/VosgesInfo88","https:\/\/www.youtube.com\/@vosgesinfo"]},{"@type":"Person","@id":"https:\/\/vosgesinfo.fr\/gerardmerinfo\/#\/schema\/person\/6f9a650eeea99d969b6c4ab78fccbe81","name":"C.K.","image":{"@type":"ImageObject","inLanguage":"fr-FR","@id":"https:\/\/vosgesinfo.fr\/gerardmerinfo\/#\/schema\/person\/image\/","url":"https:\/\/secure.gravatar.com\/avatar\/48e3fc7f8421ba8942be6b74a2b7f014ca39bc00dece156b7a8e098ae7dc87bf?s=96&d=mm&r=g","contentUrl":"https:\/\/secure.gravatar.com\/avatar\/48e3fc7f8421ba8942be6b74a2b7f014ca39bc00dece156b7a8e098ae7dc87bf?s=96&d=mm&r=g","caption":"C.K."},"url":"https:\/\/vosgesinfo.fr\/gerardmerinfo\/author\/celia-k-n\/"}]}},"_links":{"self":[{"href":"https:\/\/vosgesinfo.fr\/gerardmerinfo\/wp-json\/wp\/v2\/posts\/85817","targetHints":{"allow":["GET"]}}],"collection":[{"href":"https:\/\/vosgesinfo.fr\/gerardmerinfo\/wp-json\/wp\/v2\/posts"}],"about":[{"href":"https:\/\/vosgesinfo.fr\/gerardmerinfo\/wp-json\/wp\/v2\/types\/post"}],"author":[{"embeddable":true,"href":"https:\/\/vosgesinfo.fr\/gerardmerinfo\/wp-json\/wp\/v2\/users\/52"}],"replies":[{"embeddable":true,"href":"https:\/\/vosgesinfo.fr\/gerardmerinfo\/wp-json\/wp\/v2\/comments?post=85817"}],"version-history":[{"count":0,"href":"https:\/\/vosgesinfo.fr\/gerardmerinfo\/wp-json\/wp\/v2\/posts\/85817\/revisions"}],"wp:featuredmedia":[{"embeddable":true,"href":"https:\/\/vosgesinfo.fr\/gerardmerinfo\/wp-json\/wp\/v2\/media\/85818"}],"wp:attachment":[{"href":"https:\/\/vosgesinfo.fr\/gerardmerinfo\/wp-json\/wp\/v2\/media?parent=85817"}],"wp:term":[{"taxonomy":"category","embeddable":true,"href":"https:\/\/vosgesinfo.fr\/gerardmerinfo\/wp-json\/wp\/v2\/categories?post=85817"},{"taxonomy":"post_tag","embeddable":true,"href":"https:\/\/vosgesinfo.fr\/gerardmerinfo\/wp-json\/wp\/v2\/tags?post=85817"}],"curies":[{"name":"wp","href":"https:\/\/api.w.org\/{rel}","templated":true}]}}