{"id":85824,"date":"2025-12-14T22:32:31","date_gmt":"2025-12-14T21:32:31","guid":{"rendered":"https:\/\/vosgesinfo.fr\/gerardmerinfo\/?p=85824"},"modified":"2025-12-14T22:32:31","modified_gmt":"2025-12-14T21:32:31","slug":"des-peres-et-meres-noel-motards-aux-grands-coeurs-en-balade-en-deodatie","status":"publish","type":"post","link":"https:\/\/vosgesinfo.fr\/gerardmerinfo\/2025\/12\/des-peres-et-meres-noel-motards-aux-grands-coeurs-en-balade-en-deodatie\/","title":{"rendered":"Des P\u00e8res et M\u00e8res No\u00ebl motards aux grands c\u0153urs en balade en D\u00e9odatie"},"content":{"rendered":"<div id=\"attachment_85885\" style=\"width: 1034px\" class=\"wp-caption alignnone\"><a href=\"https:\/\/vosgesinfo.fr\/app\/uploads\/sites\/4\/2025\/12\/balade-peresmeres-noel-motards-soldats-de-louis-4.jpg\"><img decoding=\"async\" aria-describedby=\"caption-attachment-85885\" class=\"size-large wp-image-85885\" src=\"https:\/\/vosgesinfo.fr\/app\/uploads\/sites\/4\/2025\/12\/balade-peresmeres-noel-motards-soldats-de-louis-4-1024x683.jpg\" alt=\"\" width=\"1024\" height=\"683\" \/><\/a><p id=\"caption-attachment-85885\" class=\"wp-caption-text\">(Photographies Marc Fourniquet)<\/p><\/div>\n<h2>Ce dimanche 14 d\u00e9cembre, <strong>Les Chevaliers de l\u2019Ordre du Guidon<\/strong> ont conduit une <strong>balade solidaire de P\u00e8res No\u00ebl \u00e0 moto<\/strong> en D\u00e9odatie, entre <strong>Colroy-la-Grande<\/strong> et <strong>Saint-Di\u00e9-des-Vosges.<\/strong> Une balade dans le brouillard au profit de <strong>Les Soldats de Louis<\/strong>, association engag\u00e9e aupr\u00e8s des enfants atteints de cancer. Tout au long du parcours, le convoi d&rsquo;environ XX motards, costum\u00e9s et avec leurs montures d\u00e9cor\u00e9es, n\u2019est pour le moins pas pass\u00e9 inaper\u00e7u.<\/h2>\n<p><!--more--><\/p>\n<h3 class=\"western\"><strong>Arr\u00eats \u00e0 Provench\u00e8res et \u00e0 Saint-Di\u00e9-des-Vosges<\/strong><\/h3>\n<p>Le d\u00e9part a \u00e9t\u00e9 donn\u00e9 apr\u00e8s un rendez-vous \u00e0 <strong>13 h<\/strong> \u00e0 la <strong>mairie de Colroy-la-Grande<\/strong>, pour une mise en route \u00e0 <strong>14 h<\/strong>. Le convoi a marqu\u00e9 un premier arr\u00eat \u00e0 <strong>Provench\u00e8res<\/strong>, puis a rejoint <strong>Saint-Di\u00e9-des-Vosges<\/strong> en milieu d&rsquo;apr\u00e8s-midi. Sous la <strong>halle Kellermann<\/strong> dans un premier temps, Puis <strong>place du March\u00e9<\/strong> ensuite. Et \u00e0 chaque arr\u00eat, des <strong>bonbons<\/strong> ont \u00e9t\u00e9 distribu\u00e9s aux enfants.<\/p>\n<h3 class=\"western\"><strong>Une participation de 2 \u20ac par casque<\/strong><\/h3>\n<p>L\u2019acc\u00e8s au convoi se faisait avec une participation de <strong>2 \u20ac par casque<\/strong>, destin\u00e9e \u00e0 \u00eatre revers\u00e9e \u00e0 l\u2019association <strong>Les Soldats de Louis<\/strong>. Et avec <strong>45 participant(e)s<\/strong>, cela repr\u00e9sente donc la somme de <strong>90\u20ac. <\/strong>Les dons r\u00e9colt\u00e9s doivent notamment contribuer financer une <strong>sortie de loisirs<\/strong> pour les jeunes suivis par la structure, comme une journ\u00e9e en <strong>parc d\u2019attractions<\/strong> ou \u00e0 la <strong>Ferme Aventure<\/strong>.<\/p>\n\n\t\t<style type=\"text\/css\">\n\t\t\t#gallery-1 {\n\t\t\t\tmargin: auto;\n\t\t\t}\n\t\t\t#gallery-1 .gallery-item {\n\t\t\t\tfloat: left;\n\t\t\t\tmargin-top: 10px;\n\t\t\t\ttext-align: center;\n\t\t\t\twidth: 33%;\n\t\t\t}\n\t\t\t#gallery-1 img {\n\t\t\t\tborder: 2px solid #cfcfcf;\n\t\t\t}\n\t\t\t#gallery-1 .gallery-caption {\n\t\t\t\tmargin-left: 0;\n\t\t\t}\n\t\t\t\/* see gallery_shortcode() in wp-includes\/media.php *\/\n\t\t<\/style>\n\t\t<div id='gallery-1' class='gallery galleryid-85824 gallery-columns-3 gallery-size-thumbnail'><dl class='gallery-item'>\n\t\t\t<dt class='gallery-icon landscape'>\n\t\t\t\t<a href='https:\/\/vosgesinfo.fr\/app\/uploads\/sites\/6\/2025\/12\/balade-peresmeres-noel-motards-soldats-de-louis-2.jpg'><img decoding=\"async\" width=\"150\" height=\"150\" src=\"https:\/\/vosgesinfo.fr\/app\/uploads\/sites\/6\/2025\/12\/balade-peresmeres-noel-motards-soldats-de-louis-2-150x150.jpg\" class=\"attachment-thumbnail size-thumbnail\" alt=\"\" \/><\/a>\n\t\t\t<\/dt><\/dl><dl class='gallery-item'>\n\t\t\t<dt class='gallery-icon landscape'>\n\t\t\t\t<a href='https:\/\/vosgesinfo.fr\/app\/uploads\/sites\/6\/2025\/12\/balade-peresmeres-noel-motards-soldats-de-louis-1.jpg'><img decoding=\"async\" width=\"150\" height=\"150\" src=\"https:\/\/vosgesinfo.fr\/app\/uploads\/sites\/6\/2025\/12\/balade-peresmeres-noel-motards-soldats-de-louis-1-150x150.jpg\" class=\"attachment-thumbnail size-thumbnail\" alt=\"\" \/><\/a>\n\t\t\t<\/dt><\/dl><dl class='gallery-item'>\n\t\t\t<dt class='gallery-icon landscape'>\n\t\t\t\t<a href='https:\/\/vosgesinfo.fr\/app\/uploads\/sites\/6\/2025\/12\/balade-peresmeres-noel-motards-soldats-de-louis-4.jpg'><img decoding=\"async\" width=\"150\" height=\"150\" src=\"https:\/\/vosgesinfo.fr\/app\/uploads\/sites\/6\/2025\/12\/balade-peresmeres-noel-motards-soldats-de-louis-4-150x150.jpg\" class=\"attachment-thumbnail size-thumbnail\" alt=\"\" \/><\/a>\n\t\t\t<\/dt><\/dl><br style=\"clear: both\" \/><dl class='gallery-item'>\n\t\t\t<dt class='gallery-icon landscape'>\n\t\t\t\t<a href='https:\/\/vosgesinfo.fr\/app\/uploads\/sites\/6\/2025\/12\/balade-peresmeres-noel-motards-soldats-de-louis-6.jpg'><img decoding=\"async\" width=\"150\" height=\"150\" src=\"https:\/\/vosgesinfo.fr\/app\/uploads\/sites\/6\/2025\/12\/balade-peresmeres-noel-motards-soldats-de-louis-6-150x150.jpg\" class=\"attachment-thumbnail size-thumbnail\" alt=\"\" \/><\/a>\n\t\t\t<\/dt><\/dl><dl class='gallery-item'>\n\t\t\t<dt class='gallery-icon landscape'>\n\t\t\t\t<a href='https:\/\/vosgesinfo.fr\/app\/uploads\/sites\/6\/2025\/12\/balade-peresmeres-noel-motards-soldats-de-louis-5.jpg'><img decoding=\"async\" width=\"150\" height=\"150\" src=\"https:\/\/vosgesinfo.fr\/app\/uploads\/sites\/6\/2025\/12\/balade-peresmeres-noel-motards-soldats-de-louis-5-150x150.jpg\" class=\"attachment-thumbnail size-thumbnail\" alt=\"\" \/><\/a>\n\t\t\t<\/dt><\/dl>\n\t\t\t<br style='clear: both' \/>\n\t\t<\/div>\n\n","protected":false},"excerpt":{"rendered":"<p>Ce dimanche 14 d\u00e9cembre, Les Chevaliers de l\u2019Ordre du Guidon ont conduit une balade solidaire de P\u00e8res No\u00ebl \u00e0 moto [&hellip;]<\/p>\n","protected":false},"author":46,"featured_media":85825,"comment_status":"open","ping_status":"open","sticky":false,"template":"","format":"standard","meta":{"footnotes":""},"categories":[20,878,25,328,868,908,26,17],"tags":[8081,8082,8083,8084,3748,7940,8085,8086,8087,8088,8089,8090,8061],"class_list":["post-85824","post","type-post","status-publish","format-standard","has-post-thumbnail","hentry","category-a-la-une","category-epinal","category-gerardmer","category-la-plaine-des-vosges","category-remiremont","category-saint-die-des-vosges-et-son-agglomeration","category-solidarite","category-vie-associative","tag-association-enfants-cancer","tag-balade-solidaire","tag-chevaliers-de-lordre-du-guidon","tag-collecte-solidaire","tag-colroy-la-grande","tag-les-soldats-de-louis","tag-meres-noel-a-moto","tag-peres-noel-a-moto","tag-place-d-marche","tag-place-des-tissages","tag-provencheres","tag-rue-leon-grandjean","tag-saint-die-des-vosges"],"acf":[],"yoast_head":"<!-- This site is optimized with the Yoast SEO plugin v22.5 - https:\/\/yoast.com\/wordpress\/plugins\/seo\/ -->\n<title>Des P\u00e8res et M\u00e8res No\u00ebl motards aux grands c\u0153urs en balade en D\u00e9odatie - Gerardmer Info<\/title>\n<meta name=\"robots\" content=\"index, follow, max-snippet:-1, max-image-preview:large, max-video-preview:-1\" \/>\n<link rel=\"canonical\" href=\"https:\/\/vosgesinfo.fr\/gerardmerinfo\/2025\/12\/des-peres-et-meres-noel-motards-aux-grands-coeurs-en-balade-en-deodatie\/\" \/>\n<meta name=\"twitter:card\" content=\"summary_large_image\" \/>\n<meta name=\"twitter:title\" content=\"Des P\u00e8res et M\u00e8res No\u00ebl motards aux grands c\u0153urs en balade en D\u00e9odatie - Gerardmer Info\" \/>\n<meta name=\"twitter:description\" content=\"Ce dimanche 14 d\u00e9cembre, Les Chevaliers de l\u2019Ordre du Guidon ont conduit une balade solidaire de P\u00e8res No\u00ebl \u00e0 moto [&hellip;]\" \/>\n<meta name=\"twitter:image\" content=\"https:\/\/vosgesinfo.fr\/app\/uploads\/sites\/6\/2025\/12\/balade-peresmeres-noel-motards-soldats-de-louis-4-1.jpg\" \/>\n<meta name=\"twitter:creator\" content=\"@VosgesInfo88\" \/>\n<meta name=\"twitter:site\" content=\"@VosgesInfo88\" \/>\n<meta name=\"twitter:label1\" content=\"\u00c9crit par\" \/>\n\t<meta name=\"twitter:data1\" content=\"J.J.\" \/>\n\t<meta name=\"twitter:label2\" content=\"Dur\u00e9e de lecture estim\u00e9e\" \/>\n\t<meta name=\"twitter:data2\" content=\"1 minute\" \/>\n<script type=\"application\/ld+json\" class=\"yoast-schema-graph\">{\"@context\":\"https:\/\/schema.org\",\"@graph\":[{\"@type\":\"Article\",\"@id\":\"https:\/\/vosgesinfo.fr\/gerardmerinfo\/2025\/12\/des-peres-et-meres-noel-motards-aux-grands-coeurs-en-balade-en-deodatie\/#article\",\"isPartOf\":{\"@id\":\"https:\/\/vosgesinfo.fr\/gerardmerinfo\/2025\/12\/des-peres-et-meres-noel-motards-aux-grands-coeurs-en-balade-en-deodatie\/\"},\"author\":{\"name\":\"J.J.\",\"@id\":\"https:\/\/vosgesinfo.fr\/gerardmerinfo\/#\/schema\/person\/fa73e9f726d67bb88f46d5b7943cb572\"},\"headline\":\"Des P\u00e8res et M\u00e8res No\u00ebl motards aux grands c\u0153urs en balade en D\u00e9odatie\",\"datePublished\":\"2025-12-14T21:32:31+00:00\",\"dateModified\":\"2025-12-14T21:32:31+00:00\",\"mainEntityOfPage\":{\"@id\":\"https:\/\/vosgesinfo.fr\/gerardmerinfo\/2025\/12\/des-peres-et-meres-noel-motards-aux-grands-coeurs-en-balade-en-deodatie\/\"},\"wordCount\":259,\"commentCount\":0,\"publisher\":{\"@id\":\"https:\/\/vosgesinfo.fr\/gerardmerinfo\/#organization\"},\"image\":{\"@id\":\"https:\/\/vosgesinfo.fr\/gerardmerinfo\/2025\/12\/des-peres-et-meres-noel-motards-aux-grands-coeurs-en-balade-en-deodatie\/#primaryimage\"},\"thumbnailUrl\":\"https:\/\/vosgesinfo.fr\/app\/uploads\/sites\/6\/2025\/12\/balade-peresmeres-noel-motards-soldats-de-louis-4-1.jpg\",\"keywords\":[\"association enfants cancer\",\"balade solidaire\",\"Chevaliers de l\u2019Ordre du Guidon\",\"Collecte solidaire\",\"Colroy-la-Grande\",\"Les Soldats de Louis\",\"M\u00e8res No\u00ebl \u00e0 moto\",\"P\u00e8res No\u00ebl \u00e0 moto\",\"place d March\u00e9.\",\"place des Tissages\",\"Provench\u00e8res\",\"rue L\u00e9on-Grandjean\",\"Saint-Di\u00e9-des-Vosges\"],\"articleSection\":[\"A la une\",\"Epinal\",\"G\u00e9rardmer\",\"La plaine des vosges\",\"Remiremont\",\"Saint-Di\u00e9-des-Vosges et son Agglom\u00e9ration\",\"solidarit\u00e9\",\"Vie Associative\"],\"inLanguage\":\"fr-FR\",\"potentialAction\":[{\"@type\":\"CommentAction\",\"name\":\"Comment\",\"target\":[\"https:\/\/vosgesinfo.fr\/gerardmerinfo\/2025\/12\/des-peres-et-meres-noel-motards-aux-grands-coeurs-en-balade-en-deodatie\/#respond\"]}]},{\"@type\":\"WebPage\",\"@id\":\"https:\/\/vosgesinfo.fr\/gerardmerinfo\/2025\/12\/des-peres-et-meres-noel-motards-aux-grands-coeurs-en-balade-en-deodatie\/\",\"url\":\"https:\/\/vosgesinfo.fr\/gerardmerinfo\/2025\/12\/des-peres-et-meres-noel-motards-aux-grands-coeurs-en-balade-en-deodatie\/\",\"name\":\"Des P\u00e8res et M\u00e8res No\u00ebl motards aux grands c\u0153urs en balade en D\u00e9odatie - Gerardmer Info\",\"isPartOf\":{\"@id\":\"https:\/\/vosgesinfo.fr\/gerardmerinfo\/#website\"},\"primaryImageOfPage\":{\"@id\":\"https:\/\/vosgesinfo.fr\/gerardmerinfo\/2025\/12\/des-peres-et-meres-noel-motards-aux-grands-coeurs-en-balade-en-deodatie\/#primaryimage\"},\"image\":{\"@id\":\"https:\/\/vosgesinfo.fr\/gerardmerinfo\/2025\/12\/des-peres-et-meres-noel-motards-aux-grands-coeurs-en-balade-en-deodatie\/#primaryimage\"},\"thumbnailUrl\":\"https:\/\/vosgesinfo.fr\/app\/uploads\/sites\/6\/2025\/12\/balade-peresmeres-noel-motards-soldats-de-louis-4-1.jpg\",\"datePublished\":\"2025-12-14T21:32:31+00:00\",\"dateModified\":\"2025-12-14T21:32:31+00:00\",\"breadcrumb\":{\"@id\":\"https:\/\/vosgesinfo.fr\/gerardmerinfo\/2025\/12\/des-peres-et-meres-noel-motards-aux-grands-coeurs-en-balade-en-deodatie\/#breadcrumb\"},\"inLanguage\":\"fr-FR\",\"potentialAction\":[{\"@type\":\"ReadAction\",\"target\":[\"https:\/\/vosgesinfo.fr\/gerardmerinfo\/2025\/12\/des-peres-et-meres-noel-motards-aux-grands-coeurs-en-balade-en-deodatie\/\"]}]},{\"@type\":\"ImageObject\",\"inLanguage\":\"fr-FR\",\"@id\":\"https:\/\/vosgesinfo.fr\/gerardmerinfo\/2025\/12\/des-peres-et-meres-noel-motards-aux-grands-coeurs-en-balade-en-deodatie\/#primaryimage\",\"url\":\"https:\/\/vosgesinfo.fr\/app\/uploads\/sites\/6\/2025\/12\/balade-peresmeres-noel-motards-soldats-de-louis-4-1.jpg\",\"contentUrl\":\"https:\/\/vosgesinfo.fr\/app\/uploads\/sites\/6\/2025\/12\/balade-peresmeres-noel-motards-soldats-de-louis-4-1.jpg\",\"width\":1200,\"height\":800},{\"@type\":\"BreadcrumbList\",\"@id\":\"https:\/\/vosgesinfo.fr\/gerardmerinfo\/2025\/12\/des-peres-et-meres-noel-motards-aux-grands-coeurs-en-balade-en-deodatie\/#breadcrumb\",\"itemListElement\":[{\"@type\":\"ListItem\",\"position\":1,\"name\":\"Home\",\"item\":\"https:\/\/vosgesinfo.fr\/gerardmerinfo\/\"},{\"@type\":\"ListItem\",\"position\":2,\"name\":\"Des P\u00e8res et M\u00e8res No\u00ebl motards aux grands c\u0153urs en balade en D\u00e9odatie\"}]},{\"@type\":\"WebSite\",\"@id\":\"https:\/\/vosgesinfo.fr\/gerardmerinfo\/#website\",\"url\":\"https:\/\/vosgesinfo.fr\/gerardmerinfo\/\",\"name\":\"Gerardmer Info\",\"description\":\"Toute l&#039;actualit\u00e9 de G\u00e9rardmer\",\"publisher\":{\"@id\":\"https:\/\/vosgesinfo.fr\/gerardmerinfo\/#organization\"},\"alternateName\":\"Toute l'actualit\u00e9 de G\u00e9rardmer\",\"potentialAction\":[{\"@type\":\"SearchAction\",\"target\":{\"@type\":\"EntryPoint\",\"urlTemplate\":\"https:\/\/vosgesinfo.fr\/gerardmerinfo\/?s={search_term_string}\"},\"query-input\":\"required name=search_term_string\"}],\"inLanguage\":\"fr-FR\"},{\"@type\":\"Organization\",\"@id\":\"https:\/\/vosgesinfo.fr\/gerardmerinfo\/#organization\",\"name\":\"Gerardmer Info\",\"url\":\"https:\/\/vosgesinfo.fr\/gerardmerinfo\/\",\"logo\":{\"@type\":\"ImageObject\",\"inLanguage\":\"fr-FR\",\"@id\":\"https:\/\/vosgesinfo.fr\/gerardmerinfo\/#\/schema\/logo\/image\/\",\"url\":\"https:\/\/vosgesinfo.fr\/app\/uploads\/sites\/6\/2023\/08\/favicon-gerardmerinfo.png\",\"contentUrl\":\"https:\/\/vosgesinfo.fr\/app\/uploads\/sites\/6\/2023\/08\/favicon-gerardmerinfo.png\",\"width\":512,\"height\":512,\"caption\":\"Gerardmer Info\"},\"image\":{\"@id\":\"https:\/\/vosgesinfo.fr\/gerardmerinfo\/#\/schema\/logo\/image\/\"},\"sameAs\":[\"https:\/\/www.facebook.com\/profile.php?id=100049475262660\",\"https:\/\/x.com\/VosgesInfo88\",\"https:\/\/www.youtube.com\/@vosgesinfo\"]},{\"@type\":\"Person\",\"@id\":\"https:\/\/vosgesinfo.fr\/gerardmerinfo\/#\/schema\/person\/fa73e9f726d67bb88f46d5b7943cb572\",\"name\":\"J.J.\",\"image\":{\"@type\":\"ImageObject\",\"inLanguage\":\"fr-FR\",\"@id\":\"https:\/\/vosgesinfo.fr\/gerardmerinfo\/#\/schema\/person\/image\/\",\"url\":\"https:\/\/secure.gravatar.com\/avatar\/219e749e47ffbcca018a360ae4add7d4cdf1cdaaf8bc7676b27efade3fe65615?s=96&d=mm&r=g\",\"contentUrl\":\"https:\/\/secure.gravatar.com\/avatar\/219e749e47ffbcca018a360ae4add7d4cdf1cdaaf8bc7676b27efade3fe65615?s=96&d=mm&r=g\",\"caption\":\"J.J.\"},\"url\":\"https:\/\/vosgesinfo.fr\/gerardmerinfo\/author\/j-j\/\"}]}<\/script>\n<!-- \/ Yoast SEO plugin. -->","yoast_head_json":{"title":"Des P\u00e8res et M\u00e8res No\u00ebl motards aux grands c\u0153urs en balade en D\u00e9odatie - Gerardmer Info","robots":{"index":"index","follow":"follow","max-snippet":"max-snippet:-1","max-image-preview":"max-image-preview:large","max-video-preview":"max-video-preview:-1"},"canonical":"https:\/\/vosgesinfo.fr\/gerardmerinfo\/2025\/12\/des-peres-et-meres-noel-motards-aux-grands-coeurs-en-balade-en-deodatie\/","twitter_card":"summary_large_image","twitter_title":"Des P\u00e8res et M\u00e8res No\u00ebl motards aux grands c\u0153urs en balade en D\u00e9odatie - Gerardmer Info","twitter_description":"Ce dimanche 14 d\u00e9cembre, Les Chevaliers de l\u2019Ordre du Guidon ont conduit une balade solidaire de P\u00e8res No\u00ebl \u00e0 moto [&hellip;]","twitter_image":"https:\/\/vosgesinfo.fr\/app\/uploads\/sites\/6\/2025\/12\/balade-peresmeres-noel-motards-soldats-de-louis-4-1.jpg","twitter_creator":"@VosgesInfo88","twitter_site":"@VosgesInfo88","twitter_misc":{"\u00c9crit par":"J.J.","Dur\u00e9e de lecture estim\u00e9e":"1 minute"},"schema":{"@context":"https:\/\/schema.org","@graph":[{"@type":"Article","@id":"https:\/\/vosgesinfo.fr\/gerardmerinfo\/2025\/12\/des-peres-et-meres-noel-motards-aux-grands-coeurs-en-balade-en-deodatie\/#article","isPartOf":{"@id":"https:\/\/vosgesinfo.fr\/gerardmerinfo\/2025\/12\/des-peres-et-meres-noel-motards-aux-grands-coeurs-en-balade-en-deodatie\/"},"author":{"name":"J.J.","@id":"https:\/\/vosgesinfo.fr\/gerardmerinfo\/#\/schema\/person\/fa73e9f726d67bb88f46d5b7943cb572"},"headline":"Des P\u00e8res et M\u00e8res No\u00ebl motards aux grands c\u0153urs en balade en D\u00e9odatie","datePublished":"2025-12-14T21:32:31+00:00","dateModified":"2025-12-14T21:32:31+00:00","mainEntityOfPage":{"@id":"https:\/\/vosgesinfo.fr\/gerardmerinfo\/2025\/12\/des-peres-et-meres-noel-motards-aux-grands-coeurs-en-balade-en-deodatie\/"},"wordCount":259,"commentCount":0,"publisher":{"@id":"https:\/\/vosgesinfo.fr\/gerardmerinfo\/#organization"},"image":{"@id":"https:\/\/vosgesinfo.fr\/gerardmerinfo\/2025\/12\/des-peres-et-meres-noel-motards-aux-grands-coeurs-en-balade-en-deodatie\/#primaryimage"},"thumbnailUrl":"https:\/\/vosgesinfo.fr\/app\/uploads\/sites\/6\/2025\/12\/balade-peresmeres-noel-motards-soldats-de-louis-4-1.jpg","keywords":["association enfants cancer","balade solidaire","Chevaliers de l\u2019Ordre du Guidon","Collecte solidaire","Colroy-la-Grande","Les Soldats de Louis","M\u00e8res No\u00ebl \u00e0 moto","P\u00e8res No\u00ebl \u00e0 moto","place d March\u00e9.","place des Tissages","Provench\u00e8res","rue L\u00e9on-Grandjean","Saint-Di\u00e9-des-Vosges"],"articleSection":["A la une","Epinal","G\u00e9rardmer","La plaine des vosges","Remiremont","Saint-Di\u00e9-des-Vosges et son Agglom\u00e9ration","solidarit\u00e9","Vie Associative"],"inLanguage":"fr-FR","potentialAction":[{"@type":"CommentAction","name":"Comment","target":["https:\/\/vosgesinfo.fr\/gerardmerinfo\/2025\/12\/des-peres-et-meres-noel-motards-aux-grands-coeurs-en-balade-en-deodatie\/#respond"]}]},{"@type":"WebPage","@id":"https:\/\/vosgesinfo.fr\/gerardmerinfo\/2025\/12\/des-peres-et-meres-noel-motards-aux-grands-coeurs-en-balade-en-deodatie\/","url":"https:\/\/vosgesinfo.fr\/gerardmerinfo\/2025\/12\/des-peres-et-meres-noel-motards-aux-grands-coeurs-en-balade-en-deodatie\/","name":"Des P\u00e8res et M\u00e8res No\u00ebl motards aux grands c\u0153urs en balade en D\u00e9odatie - Gerardmer Info","isPartOf":{"@id":"https:\/\/vosgesinfo.fr\/gerardmerinfo\/#website"},"primaryImageOfPage":{"@id":"https:\/\/vosgesinfo.fr\/gerardmerinfo\/2025\/12\/des-peres-et-meres-noel-motards-aux-grands-coeurs-en-balade-en-deodatie\/#primaryimage"},"image":{"@id":"https:\/\/vosgesinfo.fr\/gerardmerinfo\/2025\/12\/des-peres-et-meres-noel-motards-aux-grands-coeurs-en-balade-en-deodatie\/#primaryimage"},"thumbnailUrl":"https:\/\/vosgesinfo.fr\/app\/uploads\/sites\/6\/2025\/12\/balade-peresmeres-noel-motards-soldats-de-louis-4-1.jpg","datePublished":"2025-12-14T21:32:31+00:00","dateModified":"2025-12-14T21:32:31+00:00","breadcrumb":{"@id":"https:\/\/vosgesinfo.fr\/gerardmerinfo\/2025\/12\/des-peres-et-meres-noel-motards-aux-grands-coeurs-en-balade-en-deodatie\/#breadcrumb"},"inLanguage":"fr-FR","potentialAction":[{"@type":"ReadAction","target":["https:\/\/vosgesinfo.fr\/gerardmerinfo\/2025\/12\/des-peres-et-meres-noel-motards-aux-grands-coeurs-en-balade-en-deodatie\/"]}]},{"@type":"ImageObject","inLanguage":"fr-FR","@id":"https:\/\/vosgesinfo.fr\/gerardmerinfo\/2025\/12\/des-peres-et-meres-noel-motards-aux-grands-coeurs-en-balade-en-deodatie\/#primaryimage","url":"https:\/\/vosgesinfo.fr\/app\/uploads\/sites\/6\/2025\/12\/balade-peresmeres-noel-motards-soldats-de-louis-4-1.jpg","contentUrl":"https:\/\/vosgesinfo.fr\/app\/uploads\/sites\/6\/2025\/12\/balade-peresmeres-noel-motards-soldats-de-louis-4-1.jpg","width":1200,"height":800},{"@type":"BreadcrumbList","@id":"https:\/\/vosgesinfo.fr\/gerardmerinfo\/2025\/12\/des-peres-et-meres-noel-motards-aux-grands-coeurs-en-balade-en-deodatie\/#breadcrumb","itemListElement":[{"@type":"ListItem","position":1,"name":"Home","item":"https:\/\/vosgesinfo.fr\/gerardmerinfo\/"},{"@type":"ListItem","position":2,"name":"Des P\u00e8res et M\u00e8res No\u00ebl motards aux grands c\u0153urs en balade en D\u00e9odatie"}]},{"@type":"WebSite","@id":"https:\/\/vosgesinfo.fr\/gerardmerinfo\/#website","url":"https:\/\/vosgesinfo.fr\/gerardmerinfo\/","name":"Gerardmer Info","description":"Toute l&#039;actualit\u00e9 de G\u00e9rardmer","publisher":{"@id":"https:\/\/vosgesinfo.fr\/gerardmerinfo\/#organization"},"alternateName":"Toute l'actualit\u00e9 de G\u00e9rardmer","potentialAction":[{"@type":"SearchAction","target":{"@type":"EntryPoint","urlTemplate":"https:\/\/vosgesinfo.fr\/gerardmerinfo\/?s={search_term_string}"},"query-input":"required name=search_term_string"}],"inLanguage":"fr-FR"},{"@type":"Organization","@id":"https:\/\/vosgesinfo.fr\/gerardmerinfo\/#organization","name":"Gerardmer Info","url":"https:\/\/vosgesinfo.fr\/gerardmerinfo\/","logo":{"@type":"ImageObject","inLanguage":"fr-FR","@id":"https:\/\/vosgesinfo.fr\/gerardmerinfo\/#\/schema\/logo\/image\/","url":"https:\/\/vosgesinfo.fr\/app\/uploads\/sites\/6\/2023\/08\/favicon-gerardmerinfo.png","contentUrl":"https:\/\/vosgesinfo.fr\/app\/uploads\/sites\/6\/2023\/08\/favicon-gerardmerinfo.png","width":512,"height":512,"caption":"Gerardmer Info"},"image":{"@id":"https:\/\/vosgesinfo.fr\/gerardmerinfo\/#\/schema\/logo\/image\/"},"sameAs":["https:\/\/www.facebook.com\/profile.php?id=100049475262660","https:\/\/x.com\/VosgesInfo88","https:\/\/www.youtube.com\/@vosgesinfo"]},{"@type":"Person","@id":"https:\/\/vosgesinfo.fr\/gerardmerinfo\/#\/schema\/person\/fa73e9f726d67bb88f46d5b7943cb572","name":"J.J.","image":{"@type":"ImageObject","inLanguage":"fr-FR","@id":"https:\/\/vosgesinfo.fr\/gerardmerinfo\/#\/schema\/person\/image\/","url":"https:\/\/secure.gravatar.com\/avatar\/219e749e47ffbcca018a360ae4add7d4cdf1cdaaf8bc7676b27efade3fe65615?s=96&d=mm&r=g","contentUrl":"https:\/\/secure.gravatar.com\/avatar\/219e749e47ffbcca018a360ae4add7d4cdf1cdaaf8bc7676b27efade3fe65615?s=96&d=mm&r=g","caption":"J.J."},"url":"https:\/\/vosgesinfo.fr\/gerardmerinfo\/author\/j-j\/"}]}},"_links":{"self":[{"href":"https:\/\/vosgesinfo.fr\/gerardmerinfo\/wp-json\/wp\/v2\/posts\/85824","targetHints":{"allow":["GET"]}}],"collection":[{"href":"https:\/\/vosgesinfo.fr\/gerardmerinfo\/wp-json\/wp\/v2\/posts"}],"about":[{"href":"https:\/\/vosgesinfo.fr\/gerardmerinfo\/wp-json\/wp\/v2\/types\/post"}],"author":[{"embeddable":true,"href":"https:\/\/vosgesinfo.fr\/gerardmerinfo\/wp-json\/wp\/v2\/users\/46"}],"replies":[{"embeddable":true,"href":"https:\/\/vosgesinfo.fr\/gerardmerinfo\/wp-json\/wp\/v2\/comments?post=85824"}],"version-history":[{"count":1,"href":"https:\/\/vosgesinfo.fr\/gerardmerinfo\/wp-json\/wp\/v2\/posts\/85824\/revisions"}],"predecessor-version":[{"id":85828,"href":"https:\/\/vosgesinfo.fr\/gerardmerinfo\/wp-json\/wp\/v2\/posts\/85824\/revisions\/85828"}],"wp:featuredmedia":[{"embeddable":true,"href":"https:\/\/vosgesinfo.fr\/gerardmerinfo\/wp-json\/wp\/v2\/media\/85825"}],"wp:attachment":[{"href":"https:\/\/vosgesinfo.fr\/gerardmerinfo\/wp-json\/wp\/v2\/media?parent=85824"}],"wp:term":[{"taxonomy":"category","embeddable":true,"href":"https:\/\/vosgesinfo.fr\/gerardmerinfo\/wp-json\/wp\/v2\/categories?post=85824"},{"taxonomy":"post_tag","embeddable":true,"href":"https:\/\/vosgesinfo.fr\/gerardmerinfo\/wp-json\/wp\/v2\/tags?post=85824"}],"curies":[{"name":"wp","href":"https:\/\/api.w.org\/{rel}","templated":true}]}}