{"id":85886,"date":"2025-12-15T19:21:56","date_gmt":"2025-12-15T18:21:56","guid":{"rendered":"https:\/\/vosgesinfo.fr\/gerardmerinfo\/?p=85886"},"modified":"2025-12-15T19:21:56","modified_gmt":"2025-12-15T18:21:56","slug":"ouverture-du-front-de-neige-du-domaine-skiable-alpin-le-samedi-20-decembre","status":"publish","type":"post","link":"https:\/\/vosgesinfo.fr\/gerardmerinfo\/2025\/12\/ouverture-du-front-de-neige-du-domaine-skiable-alpin-le-samedi-20-decembre\/","title":{"rendered":"OUVERTURE du FRONT DE NEIGE du DOMAINE SKIABLE ALPIN le SAMEDI 20 DECEMBRE"},"content":{"rendered":"<div>\n<h3 data-olk-copy-source=\"MessageBody\"><a href=\"https:\/\/vosgesinfo.fr\/app\/uploads\/sites\/6\/2024\/07\/202112mauselaine-6428-1.jpg\"><img decoding=\"async\" class=\"aligncenter size-medium wp-image-63464\" src=\"https:\/\/vosgesinfo.fr\/app\/uploads\/sites\/6\/2024\/07\/202112mauselaine-6428-1-300x200.jpg\" alt=\"\" width=\"300\" height=\"200\" srcset=\"https:\/\/vosgesinfo.fr\/app\/uploads\/sites\/6\/2024\/07\/202112mauselaine-6428-1-300x200.jpg 300w, https:\/\/vosgesinfo.fr\/app\/uploads\/sites\/6\/2024\/07\/202112mauselaine-6428-1-1024x683.jpg 1024w, https:\/\/vosgesinfo.fr\/app\/uploads\/sites\/6\/2024\/07\/202112mauselaine-6428-1-768x512.jpg 768w, https:\/\/vosgesinfo.fr\/app\/uploads\/sites\/6\/2024\/07\/202112mauselaine-6428-1.jpg 1200w\" sizes=\"(max-width: 300px) 100vw, 300px\" \/><\/a><\/h3>\n<h3 data-olk-copy-source=\"MessageBody\"><\/h3>\n<h3 class=\"x_MsoNormal\" data-olk-copy-source=\"MessageBody\">L\u2019ouverture partielle du domaine skiable alpin de G\u00e9rardmer se fera \u00e0\u00a0partir du SAMEDI 20 D\u00c9CEMBRE 2025, le front de neige de la Mauselaine sera accessible tous les jours pendant les vacances scolaires,\u00a0de 9h00 \u00e0 16h30\u00a0:<\/h3>\n<\/div>\n<div>\n<p class=\"x_MsoNormal\" aria-hidden=\"true\">\n<\/div>\n<div>\n<p class=\"x_MsoNormal\">\ud83d\udccdSecteurs ouverts :<\/p>\n<\/div>\n<div>\n<p class=\"x_MsoNormal\">\u2022 Front de neige\u00a0: \u00a0t\u00e9l\u00e9ski de la Petite Mauselaine<\/p>\n<\/div>\n<div>\n<p class=\"x_MsoNormal\">\u2022 Espace Jardin d\u2019Enfants (au pied du t\u00e9l\u00e9si\u00e8ge 6 places)<\/p>\n<\/div>\n<div>\n<p class=\"x_MsoNormal\">\u2022 Piste de luge am\u00e9nag\u00e9e \u00e0 droite du t\u00e9l\u00e9ski Tremplin<\/p>\n<\/div>\n<div>\n<p class=\"x_MsoNormal\" aria-hidden=\"true\">\n<\/div>\n<div>\n<p class=\"x_MsoNormal\">\u2139\ufe0f\u00a0Services disponibles :<\/p>\n<\/div>\n<div>\n<p class=\"x_MsoNormal\">\u2022 Magasin et location de mat\u00e9riel \u00a0Loc\u2019Skis au pied des pistes<\/p>\n<\/div>\n<div>\n<p class=\"x_MsoNormal\">\u2022 Restauration au pied des pistes<\/p>\n<\/div>\n<div>\n<p class=\"x_MsoNormal\">\u2022 ESF G\u00e9rardmer :\u00a0<a title=\"http:\/\/www.esf-gerardmer.fr\/\" href=\"http:\/\/www.esf-gerardmer.fr\/\" target=\"_blank\" rel=\"noopener noreferrer\" data-auth=\"NotApplicable\" data-linkindex=\"0\">www.esf-gerardmer.fr<\/a><\/p>\n<\/div>\n<div>\n<p class=\"x_MsoNormal\" aria-hidden=\"true\">\n<\/div>\n<div>\n<p class=\"x_MsoNormal\">\u26f7\ufe0f\u00a0Forfaits remont\u00e9es m\u00e9caniques<\/p>\n<\/div>\n<div>\n<p class=\"x_MsoNormal\">\u2022Vente uniquement au magasin Loc\u2019Skis<\/p>\n<\/div>\n<div>\n<p class=\"x_MsoNormal\">\u2022 Bient\u00f4t en ligne sur\u00a0<a title=\"http:\/\/www.gerardmer-stations.com\/\" href=\"http:\/\/www.gerardmer-stations.com\/\" target=\"_blank\" rel=\"noopener noreferrer\" data-auth=\"NotApplicable\" data-linkindex=\"1\">www.gerardmer-stations.com<\/a><\/p>\n<\/div>\n<div>\n<p class=\"x_MsoNormal\" aria-hidden=\"true\">\n<\/div>\n<div>\n<p class=\"x_MsoNormal\">Pour plus d\u2019informations sur les domaines skiables alpin et nordique, rendez-vous sur :<\/p>\n<\/div>\n<div>\n<p class=\"x_MsoNormal\"><a title=\"http:\/\/www.gerardmer-stations.com\/\" href=\"http:\/\/www.gerardmer-stations.com\/\" target=\"_blank\" rel=\"noopener noreferrer\" data-auth=\"NotApplicable\" data-linkindex=\"2\">www.gerardmer-stations.com<\/a><\/p>\n<\/div>\n<div>\n<p class=\"x_MsoNormal\" aria-hidden=\"true\">\n<\/div>\n<div>\n<p class=\"x_MsoNormal\">\u2744\ufe0f\u00a0Conditions d\u2019enneigement<\/p>\n<\/div>\n<div>\n<p class=\"x_MsoNormal\">En raison du manque de neige naturelle, le grand domaine alpin, l\u2019igloo de Loustic et le domaine nordique resteront ferm\u00e9s pour le moment.<\/p>\n<\/div>\n<div>\n<p class=\"x_MsoNormal\" aria-hidden=\"true\">\n<\/div>\n<div>\n<p class=\"x_MsoNormal\">Pour d\u00e9couvrir des activit\u00e9s quatre saisons, vous pouvez consulter :<\/p>\n<\/div>\n<div>\n<p class=\"x_MsoNormal\"><a title=\"http:\/\/www.gerardmer.net\/\" href=\"http:\/\/www.gerardmer.net\/\" target=\"_blank\" rel=\"noopener noreferrer\" data-auth=\"NotApplicable\" data-linkindex=\"3\">www.gerardmer.net<\/a><\/p>\n<\/div>\n","protected":false},"excerpt":{"rendered":"<p>L\u2019ouverture partielle du domaine skiable alpin de G\u00e9rardmer se fera \u00e0\u00a0partir du SAMEDI 20 D\u00c9CEMBRE 2025, le front de neige [&hellip;]<\/p>\n","protected":false},"author":391,"featured_media":56253,"comment_status":"closed","ping_status":"open","sticky":false,"template":"","format":"standard","meta":{"footnotes":""},"categories":[20,25,5647,15],"tags":[124],"class_list":["post-85886","post","type-post","status-publish","format-standard","has-post-thumbnail","hentry","category-a-la-une","category-gerardmer","category-gerardmer-autres-sites","category-tourisme","tag-la-mauselaine"],"acf":[],"yoast_head":"<!-- This site is optimized with the Yoast SEO plugin v22.5 - https:\/\/yoast.com\/wordpress\/plugins\/seo\/ -->\n<title>OUVERTURE du FRONT DE NEIGE du DOMAINE SKIABLE ALPIN le SAMEDI 20 DECEMBRE - Gerardmer Info<\/title>\n<meta name=\"robots\" content=\"index, follow, max-snippet:-1, max-image-preview:large, max-video-preview:-1\" \/>\n<link rel=\"canonical\" href=\"https:\/\/vosgesinfo.fr\/gerardmerinfo\/?p=85886\" \/>\n<meta name=\"twitter:card\" content=\"summary_large_image\" \/>\n<meta name=\"twitter:title\" content=\"OUVERTURE du FRONT DE NEIGE du DOMAINE SKIABLE ALPIN le SAMEDI 20 DECEMBRE - Gerardmer Info\" \/>\n<meta name=\"twitter:description\" content=\"L\u2019ouverture partielle du domaine skiable alpin de G\u00e9rardmer se fera \u00e0\u00a0partir du SAMEDI 20 D\u00c9CEMBRE 2025, le front de neige [&hellip;]\" \/>\n<meta name=\"twitter:creator\" content=\"@VosgesInfo88\" \/>\n<meta name=\"twitter:site\" content=\"@VosgesInfo88\" \/>\n<meta name=\"twitter:label1\" content=\"\u00c9crit par\" \/>\n\t<meta name=\"twitter:data1\" content=\"La redaction\" \/>\n\t<meta name=\"twitter:label2\" content=\"Dur\u00e9e de lecture estim\u00e9e\" \/>\n\t<meta name=\"twitter:data2\" content=\"1 minute\" \/>\n<script type=\"application\/ld+json\" class=\"yoast-schema-graph\">{\"@context\":\"https:\/\/schema.org\",\"@graph\":[{\"@type\":\"Article\",\"@id\":\"https:\/\/vosgesinfo.fr\/gerardmerinfo\/?p=85886#article\",\"isPartOf\":{\"@id\":\"https:\/\/vosgesinfo.fr\/gerardmerinfo\/?p=85886\"},\"author\":{\"name\":\"La redaction\",\"@id\":\"https:\/\/vosgesinfo.fr\/gerardmerinfo\/#\/schema\/person\/27a3695b06db98895b354c0765cdfc31\"},\"headline\":\"OUVERTURE du FRONT DE NEIGE du DOMAINE SKIABLE ALPIN le SAMEDI 20 DECEMBRE\",\"datePublished\":\"2025-12-15T18:21:56+00:00\",\"dateModified\":\"2025-12-15T18:21:56+00:00\",\"mainEntityOfPage\":{\"@id\":\"https:\/\/vosgesinfo.fr\/gerardmerinfo\/?p=85886\"},\"wordCount\":186,\"publisher\":{\"@id\":\"https:\/\/vosgesinfo.fr\/gerardmerinfo\/#organization\"},\"image\":{\"@id\":\"https:\/\/vosgesinfo.fr\/gerardmerinfo\/?p=85886#primaryimage\"},\"thumbnailUrl\":\"https:\/\/vosgesinfo.fr\/app\/uploads\/sites\/6\/2024\/07\/202012ouverture-mauselaine-gerardmer-decembre-2020-3-6.jpg\",\"keywords\":[\"la mauselaine\"],\"articleSection\":[\"A la une\",\"G\u00e9rardmer\",\"Gerardmer\",\"Tourisme\"],\"inLanguage\":\"fr-FR\"},{\"@type\":\"WebPage\",\"@id\":\"https:\/\/vosgesinfo.fr\/gerardmerinfo\/?p=85886\",\"url\":\"https:\/\/vosgesinfo.fr\/gerardmerinfo\/?p=85886\",\"name\":\"OUVERTURE du FRONT DE NEIGE du DOMAINE SKIABLE ALPIN le SAMEDI 20 DECEMBRE - Gerardmer Info\",\"isPartOf\":{\"@id\":\"https:\/\/vosgesinfo.fr\/gerardmerinfo\/#website\"},\"primaryImageOfPage\":{\"@id\":\"https:\/\/vosgesinfo.fr\/gerardmerinfo\/?p=85886#primaryimage\"},\"image\":{\"@id\":\"https:\/\/vosgesinfo.fr\/gerardmerinfo\/?p=85886#primaryimage\"},\"thumbnailUrl\":\"https:\/\/vosgesinfo.fr\/app\/uploads\/sites\/6\/2024\/07\/202012ouverture-mauselaine-gerardmer-decembre-2020-3-6.jpg\",\"datePublished\":\"2025-12-15T18:21:56+00:00\",\"dateModified\":\"2025-12-15T18:21:56+00:00\",\"breadcrumb\":{\"@id\":\"https:\/\/vosgesinfo.fr\/gerardmerinfo\/?p=85886#breadcrumb\"},\"inLanguage\":\"fr-FR\",\"potentialAction\":[{\"@type\":\"ReadAction\",\"target\":[\"https:\/\/vosgesinfo.fr\/gerardmerinfo\/?p=85886\"]}]},{\"@type\":\"ImageObject\",\"inLanguage\":\"fr-FR\",\"@id\":\"https:\/\/vosgesinfo.fr\/gerardmerinfo\/?p=85886#primaryimage\",\"url\":\"https:\/\/vosgesinfo.fr\/app\/uploads\/sites\/6\/2024\/07\/202012ouverture-mauselaine-gerardmer-decembre-2020-3-6.jpg\",\"contentUrl\":\"https:\/\/vosgesinfo.fr\/app\/uploads\/sites\/6\/2024\/07\/202012ouverture-mauselaine-gerardmer-decembre-2020-3-6.jpg\",\"width\":800,\"height\":600},{\"@type\":\"BreadcrumbList\",\"@id\":\"https:\/\/vosgesinfo.fr\/gerardmerinfo\/?p=85886#breadcrumb\",\"itemListElement\":[{\"@type\":\"ListItem\",\"position\":1,\"name\":\"Home\",\"item\":\"https:\/\/vosgesinfo.fr\/gerardmerinfo\/\"},{\"@type\":\"ListItem\",\"position\":2,\"name\":\"OUVERTURE du FRONT DE NEIGE du DOMAINE SKIABLE ALPIN le SAMEDI 20 DECEMBRE\"}]},{\"@type\":\"WebSite\",\"@id\":\"https:\/\/vosgesinfo.fr\/gerardmerinfo\/#website\",\"url\":\"https:\/\/vosgesinfo.fr\/gerardmerinfo\/\",\"name\":\"Gerardmer Info\",\"description\":\"Toute l&#039;actualit\u00e9 de G\u00e9rardmer\",\"publisher\":{\"@id\":\"https:\/\/vosgesinfo.fr\/gerardmerinfo\/#organization\"},\"alternateName\":\"Toute l'actualit\u00e9 de G\u00e9rardmer\",\"potentialAction\":[{\"@type\":\"SearchAction\",\"target\":{\"@type\":\"EntryPoint\",\"urlTemplate\":\"https:\/\/vosgesinfo.fr\/gerardmerinfo\/?s={search_term_string}\"},\"query-input\":\"required name=search_term_string\"}],\"inLanguage\":\"fr-FR\"},{\"@type\":\"Organization\",\"@id\":\"https:\/\/vosgesinfo.fr\/gerardmerinfo\/#organization\",\"name\":\"Gerardmer Info\",\"url\":\"https:\/\/vosgesinfo.fr\/gerardmerinfo\/\",\"logo\":{\"@type\":\"ImageObject\",\"inLanguage\":\"fr-FR\",\"@id\":\"https:\/\/vosgesinfo.fr\/gerardmerinfo\/#\/schema\/logo\/image\/\",\"url\":\"https:\/\/vosgesinfo.fr\/app\/uploads\/sites\/6\/2023\/08\/favicon-gerardmerinfo.png\",\"contentUrl\":\"https:\/\/vosgesinfo.fr\/app\/uploads\/sites\/6\/2023\/08\/favicon-gerardmerinfo.png\",\"width\":512,\"height\":512,\"caption\":\"Gerardmer Info\"},\"image\":{\"@id\":\"https:\/\/vosgesinfo.fr\/gerardmerinfo\/#\/schema\/logo\/image\/\"},\"sameAs\":[\"https:\/\/www.facebook.com\/profile.php?id=100049475262660\",\"https:\/\/x.com\/VosgesInfo88\",\"https:\/\/www.youtube.com\/@vosgesinfo\"]},{\"@type\":\"Person\",\"@id\":\"https:\/\/vosgesinfo.fr\/gerardmerinfo\/#\/schema\/person\/27a3695b06db98895b354c0765cdfc31\",\"name\":\"La redaction\",\"image\":{\"@type\":\"ImageObject\",\"inLanguage\":\"fr-FR\",\"@id\":\"https:\/\/vosgesinfo.fr\/gerardmerinfo\/#\/schema\/person\/image\/\",\"url\":\"https:\/\/secure.gravatar.com\/avatar\/64c76a78e501cedee55736f43f332df901e1896ae9cd8fad269ae2236dd0e8b6?s=96&d=mm&r=g\",\"contentUrl\":\"https:\/\/secure.gravatar.com\/avatar\/64c76a78e501cedee55736f43f332df901e1896ae9cd8fad269ae2236dd0e8b6?s=96&d=mm&r=g\",\"caption\":\"La redaction\"},\"url\":\"https:\/\/vosgesinfo.fr\/gerardmerinfo\/author\/la-redaction\/\"}]}<\/script>\n<!-- \/ Yoast SEO plugin. -->","yoast_head_json":{"title":"OUVERTURE du FRONT DE NEIGE du DOMAINE SKIABLE ALPIN le SAMEDI 20 DECEMBRE - Gerardmer Info","robots":{"index":"index","follow":"follow","max-snippet":"max-snippet:-1","max-image-preview":"max-image-preview:large","max-video-preview":"max-video-preview:-1"},"canonical":"https:\/\/vosgesinfo.fr\/gerardmerinfo\/?p=85886","twitter_card":"summary_large_image","twitter_title":"OUVERTURE du FRONT DE NEIGE du DOMAINE SKIABLE ALPIN le SAMEDI 20 DECEMBRE - Gerardmer Info","twitter_description":"L\u2019ouverture partielle du domaine skiable alpin de G\u00e9rardmer se fera \u00e0\u00a0partir du SAMEDI 20 D\u00c9CEMBRE 2025, le front de neige [&hellip;]","twitter_creator":"@VosgesInfo88","twitter_site":"@VosgesInfo88","twitter_misc":{"\u00c9crit par":"La redaction","Dur\u00e9e de lecture estim\u00e9e":"1 minute"},"schema":{"@context":"https:\/\/schema.org","@graph":[{"@type":"Article","@id":"https:\/\/vosgesinfo.fr\/gerardmerinfo\/?p=85886#article","isPartOf":{"@id":"https:\/\/vosgesinfo.fr\/gerardmerinfo\/?p=85886"},"author":{"name":"La redaction","@id":"https:\/\/vosgesinfo.fr\/gerardmerinfo\/#\/schema\/person\/27a3695b06db98895b354c0765cdfc31"},"headline":"OUVERTURE du FRONT DE NEIGE du DOMAINE SKIABLE ALPIN le SAMEDI 20 DECEMBRE","datePublished":"2025-12-15T18:21:56+00:00","dateModified":"2025-12-15T18:21:56+00:00","mainEntityOfPage":{"@id":"https:\/\/vosgesinfo.fr\/gerardmerinfo\/?p=85886"},"wordCount":186,"publisher":{"@id":"https:\/\/vosgesinfo.fr\/gerardmerinfo\/#organization"},"image":{"@id":"https:\/\/vosgesinfo.fr\/gerardmerinfo\/?p=85886#primaryimage"},"thumbnailUrl":"https:\/\/vosgesinfo.fr\/app\/uploads\/sites\/6\/2024\/07\/202012ouverture-mauselaine-gerardmer-decembre-2020-3-6.jpg","keywords":["la mauselaine"],"articleSection":["A la une","G\u00e9rardmer","Gerardmer","Tourisme"],"inLanguage":"fr-FR"},{"@type":"WebPage","@id":"https:\/\/vosgesinfo.fr\/gerardmerinfo\/?p=85886","url":"https:\/\/vosgesinfo.fr\/gerardmerinfo\/?p=85886","name":"OUVERTURE du FRONT DE NEIGE du DOMAINE SKIABLE ALPIN le SAMEDI 20 DECEMBRE - Gerardmer Info","isPartOf":{"@id":"https:\/\/vosgesinfo.fr\/gerardmerinfo\/#website"},"primaryImageOfPage":{"@id":"https:\/\/vosgesinfo.fr\/gerardmerinfo\/?p=85886#primaryimage"},"image":{"@id":"https:\/\/vosgesinfo.fr\/gerardmerinfo\/?p=85886#primaryimage"},"thumbnailUrl":"https:\/\/vosgesinfo.fr\/app\/uploads\/sites\/6\/2024\/07\/202012ouverture-mauselaine-gerardmer-decembre-2020-3-6.jpg","datePublished":"2025-12-15T18:21:56+00:00","dateModified":"2025-12-15T18:21:56+00:00","breadcrumb":{"@id":"https:\/\/vosgesinfo.fr\/gerardmerinfo\/?p=85886#breadcrumb"},"inLanguage":"fr-FR","potentialAction":[{"@type":"ReadAction","target":["https:\/\/vosgesinfo.fr\/gerardmerinfo\/?p=85886"]}]},{"@type":"ImageObject","inLanguage":"fr-FR","@id":"https:\/\/vosgesinfo.fr\/gerardmerinfo\/?p=85886#primaryimage","url":"https:\/\/vosgesinfo.fr\/app\/uploads\/sites\/6\/2024\/07\/202012ouverture-mauselaine-gerardmer-decembre-2020-3-6.jpg","contentUrl":"https:\/\/vosgesinfo.fr\/app\/uploads\/sites\/6\/2024\/07\/202012ouverture-mauselaine-gerardmer-decembre-2020-3-6.jpg","width":800,"height":600},{"@type":"BreadcrumbList","@id":"https:\/\/vosgesinfo.fr\/gerardmerinfo\/?p=85886#breadcrumb","itemListElement":[{"@type":"ListItem","position":1,"name":"Home","item":"https:\/\/vosgesinfo.fr\/gerardmerinfo\/"},{"@type":"ListItem","position":2,"name":"OUVERTURE du FRONT DE NEIGE du DOMAINE SKIABLE ALPIN le SAMEDI 20 DECEMBRE"}]},{"@type":"WebSite","@id":"https:\/\/vosgesinfo.fr\/gerardmerinfo\/#website","url":"https:\/\/vosgesinfo.fr\/gerardmerinfo\/","name":"Gerardmer Info","description":"Toute l&#039;actualit\u00e9 de G\u00e9rardmer","publisher":{"@id":"https:\/\/vosgesinfo.fr\/gerardmerinfo\/#organization"},"alternateName":"Toute l'actualit\u00e9 de G\u00e9rardmer","potentialAction":[{"@type":"SearchAction","target":{"@type":"EntryPoint","urlTemplate":"https:\/\/vosgesinfo.fr\/gerardmerinfo\/?s={search_term_string}"},"query-input":"required name=search_term_string"}],"inLanguage":"fr-FR"},{"@type":"Organization","@id":"https:\/\/vosgesinfo.fr\/gerardmerinfo\/#organization","name":"Gerardmer Info","url":"https:\/\/vosgesinfo.fr\/gerardmerinfo\/","logo":{"@type":"ImageObject","inLanguage":"fr-FR","@id":"https:\/\/vosgesinfo.fr\/gerardmerinfo\/#\/schema\/logo\/image\/","url":"https:\/\/vosgesinfo.fr\/app\/uploads\/sites\/6\/2023\/08\/favicon-gerardmerinfo.png","contentUrl":"https:\/\/vosgesinfo.fr\/app\/uploads\/sites\/6\/2023\/08\/favicon-gerardmerinfo.png","width":512,"height":512,"caption":"Gerardmer Info"},"image":{"@id":"https:\/\/vosgesinfo.fr\/gerardmerinfo\/#\/schema\/logo\/image\/"},"sameAs":["https:\/\/www.facebook.com\/profile.php?id=100049475262660","https:\/\/x.com\/VosgesInfo88","https:\/\/www.youtube.com\/@vosgesinfo"]},{"@type":"Person","@id":"https:\/\/vosgesinfo.fr\/gerardmerinfo\/#\/schema\/person\/27a3695b06db98895b354c0765cdfc31","name":"La redaction","image":{"@type":"ImageObject","inLanguage":"fr-FR","@id":"https:\/\/vosgesinfo.fr\/gerardmerinfo\/#\/schema\/person\/image\/","url":"https:\/\/secure.gravatar.com\/avatar\/64c76a78e501cedee55736f43f332df901e1896ae9cd8fad269ae2236dd0e8b6?s=96&d=mm&r=g","contentUrl":"https:\/\/secure.gravatar.com\/avatar\/64c76a78e501cedee55736f43f332df901e1896ae9cd8fad269ae2236dd0e8b6?s=96&d=mm&r=g","caption":"La redaction"},"url":"https:\/\/vosgesinfo.fr\/gerardmerinfo\/author\/la-redaction\/"}]}},"_links":{"self":[{"href":"https:\/\/vosgesinfo.fr\/gerardmerinfo\/wp-json\/wp\/v2\/posts\/85886","targetHints":{"allow":["GET"]}}],"collection":[{"href":"https:\/\/vosgesinfo.fr\/gerardmerinfo\/wp-json\/wp\/v2\/posts"}],"about":[{"href":"https:\/\/vosgesinfo.fr\/gerardmerinfo\/wp-json\/wp\/v2\/types\/post"}],"author":[{"embeddable":true,"href":"https:\/\/vosgesinfo.fr\/gerardmerinfo\/wp-json\/wp\/v2\/users\/391"}],"replies":[{"embeddable":true,"href":"https:\/\/vosgesinfo.fr\/gerardmerinfo\/wp-json\/wp\/v2\/comments?post=85886"}],"version-history":[{"count":1,"href":"https:\/\/vosgesinfo.fr\/gerardmerinfo\/wp-json\/wp\/v2\/posts\/85886\/revisions"}],"predecessor-version":[{"id":85887,"href":"https:\/\/vosgesinfo.fr\/gerardmerinfo\/wp-json\/wp\/v2\/posts\/85886\/revisions\/85887"}],"wp:featuredmedia":[{"embeddable":true,"href":"https:\/\/vosgesinfo.fr\/gerardmerinfo\/wp-json\/wp\/v2\/media\/56253"}],"wp:attachment":[{"href":"https:\/\/vosgesinfo.fr\/gerardmerinfo\/wp-json\/wp\/v2\/media?parent=85886"}],"wp:term":[{"taxonomy":"category","embeddable":true,"href":"https:\/\/vosgesinfo.fr\/gerardmerinfo\/wp-json\/wp\/v2\/categories?post=85886"},{"taxonomy":"post_tag","embeddable":true,"href":"https:\/\/vosgesinfo.fr\/gerardmerinfo\/wp-json\/wp\/v2\/tags?post=85886"}],"curies":[{"name":"wp","href":"https:\/\/api.w.org\/{rel}","templated":true}]}}