{"id":85888,"date":"2025-12-15T20:21:18","date_gmt":"2025-12-15T19:21:18","guid":{"rendered":"https:\/\/vosgesinfo.fr\/gerardmerinfo\/?p=85888"},"modified":"2025-12-15T20:21:18","modified_gmt":"2025-12-15T19:21:18","slug":"natation-pluie-de-medailles-au-meeting-de-noel-de-kaysersberg","status":"publish","type":"post","link":"https:\/\/vosgesinfo.fr\/gerardmerinfo\/2025\/12\/natation-pluie-de-medailles-au-meeting-de-noel-de-kaysersberg\/","title":{"rendered":"Natation : pluie de m\u00e9dailles au meeting de No\u00ebl de Kaysersberg"},"content":{"rendered":"<p data-pm-slice=\"1 1 []\"><strong><a href=\"https:\/\/vosgesinfo.fr\/app\/uploads\/sites\/6\/2025\/12\/asg-natation-1.jpg\"><img decoding=\"async\" class=\"aligncenter size-large wp-image-85890\" src=\"https:\/\/vosgesinfo.fr\/app\/uploads\/sites\/6\/2025\/12\/asg-natation-1-1024x717.jpg\" alt=\"\" width=\"1024\" height=\"717\" srcset=\"https:\/\/vosgesinfo.fr\/app\/uploads\/sites\/6\/2025\/12\/asg-natation-1-1024x717.jpg 1024w, https:\/\/vosgesinfo.fr\/app\/uploads\/sites\/6\/2025\/12\/asg-natation-1-300x210.jpg 300w, https:\/\/vosgesinfo.fr\/app\/uploads\/sites\/6\/2025\/12\/asg-natation-1-768x538.jpg 768w, https:\/\/vosgesinfo.fr\/app\/uploads\/sites\/6\/2025\/12\/asg-natation-1-1536x1075.jpg 1536w, https:\/\/vosgesinfo.fr\/app\/uploads\/sites\/6\/2025\/12\/asg-natation-1.jpg 1600w\" sizes=\"(max-width: 1024px) 100vw, 1024px\" \/><\/a><\/strong><\/p>\n<p data-pm-slice=\"1 1 []\">\n<p data-pm-slice=\"1 1 []\"><strong>Dimanche 14 d\u00e9cembre 2025, 7 nageuses et nageurs de l&rsquo;ASG se d\u00e9pla\u00e7aient au meeting de Kaysersberg en Alsace. La derni\u00e8re comp\u00e9tition pour cette ann\u00e9e 2025 o\u00f9 le niveau \u00e9tait relev\u00e9.<\/strong><\/p>\n<p>&nbsp;<\/p>\n<p>Une belle journ\u00e9e pass\u00e9e avec ces huit athl\u00e8tes. Riches en m\u00e9dailles (18) et en enseignements, nos nageuses et nageurs repr\u00e9sentent bien l&rsquo;AS G\u00e9rardmer Natation.<\/p>\n<p><strong>JEUNES :<\/strong><\/p>\n<p><a href=\"https:\/\/vosgesinfo.fr\/app\/uploads\/sites\/6\/2025\/12\/asg-natation-2.jpg\"><img decoding=\"async\" class=\"alignright size-medium wp-image-85889\" src=\"https:\/\/vosgesinfo.fr\/app\/uploads\/sites\/6\/2025\/12\/asg-natation-2-300x228.jpg\" alt=\"\" width=\"300\" height=\"228\" srcset=\"https:\/\/vosgesinfo.fr\/app\/uploads\/sites\/6\/2025\/12\/asg-natation-2-300x228.jpg 300w, https:\/\/vosgesinfo.fr\/app\/uploads\/sites\/6\/2025\/12\/asg-natation-2-1024x779.jpg 1024w, https:\/\/vosgesinfo.fr\/app\/uploads\/sites\/6\/2025\/12\/asg-natation-2-768x584.jpg 768w, https:\/\/vosgesinfo.fr\/app\/uploads\/sites\/6\/2025\/12\/asg-natation-2.jpg 1175w\" sizes=\"(max-width: 300px) 100vw, 300px\" \/><\/a>Ballant Maelysse et sa petite s\u0153ur Clarance, les deux petites nouvelles dont c&rsquo;est leur premi\u00e8re comp\u00e9tition, nous ont \u00e9pat\u00e9s ; belle gestion sur leurs nages, c&rsquo;est encourageant pour la suite.<\/p>\n<p>Martinez Manon, habitu\u00e9e aux comp\u00e9titions, continue sa progression.<\/p>\n<p><strong>ADULTES :<\/strong><\/p>\n<p>Toussaint Claire, apr\u00e8s de nombreuses insistances de ses entraineurs, se lance dans l&rsquo;aventure\u00a0: rejoindre l&rsquo;\u00e9quipe comp\u00e9tition. Pas rassur\u00e9e mais l&rsquo;envie est la plus forte, Claire encha\u00eene ses courses, sur le plot de d\u00e9part elle se sent de mieux en mieux, elle en ressort heureuse.<\/p>\n<p>Ellis Marion et Delsarte Orlane (longue absence cause \u00e9tudes), nos anciennes du club reviennent aux sources. La technique n&rsquo;a pas chang\u00e9, \u00e7a nage bien.<\/p>\n<p>Martinez Manon, habitu\u00e9e des comp\u00e9titions, se rassure elle aussi.<\/p>\n<p>Rivoalen Hugo, comme \u00e0 son habitude, fait son festival. Sur le 100 m NL pass\u00e9 en 1&rsquo;00\u00a0\u00bb62, nous le met en moins de la minute \u00e0 la prochaine comp\u00e9tition.<\/p>\n<p><strong>Les podiums :<\/strong><\/p>\n<p>DELSARTE Orlane : m\u00e9dailles d&rsquo;argent sur 50 m dos et 50 m papillon.<\/p>\n<p>M\u00e9dailles de bronze sur 50 m et 100 m NL.<\/p>\n<p>MARTINEZ Manon :\u00a0 \u00a0 \u00a0 M\u00e9dailles d&rsquo;argent sur 50 m NL<\/p>\n<p>M\u00e9daille de bronze sur 100 et 200 m NL<\/p>\n<p>ELLIS Marion :\u00a0 \u00a0 \u00a0 \u00a0 \u00a0 \u00a0 \u00a0 M\u00e9daille d&rsquo;OR sur 100 m Dos<\/p>\n<p>M\u00e9daille de bronze sur 50 m dos<\/p>\n<p>TOUSSAINT Claire :\u00a0M\u00e9daille d&rsquo;OR sur 50 m brasse<\/p>\n<p>M\u00e9daille de bronze sur 50 m NL<\/p>\n<p>BALLANT Clarance :\u00a0M\u00e9daille de bronze sur 100 m dos<\/p>\n<p>RIVOALEN Hugo :\u00a0 \u00a0 \u00a0 \u00a0 \u00a0 M\u00e9daille d&rsquo;argent sur 50 m dos<\/p>\n<p>M\u00e9daille de bronze sur 50 m NL<\/p>\n<p>RELAI 4 X 50 m 4 nages : m\u00e9daille de bronze<\/p>\n<p>Marion en dos \/ Claire en brasse \/ Orlane en papillon \/ Manon en crawl.<\/p>\n<p>Enfin, Maelysse, qui \u00e9volue dans la cat\u00e9gorie la plus dense, ne d\u00e9m\u00e9rite pas pour une premi\u00e8re : les nages sont appliqu\u00e9es, bien g\u00e9r\u00e9es, pas de disqualification, c&rsquo;\u00e9tait le but recherch\u00e9 par tes entraineurs. Toute l&rsquo;\u00e9quipe la f\u00e9licite et l&rsquo;encourage, et tient \u00e0 remercier les parents qui ont fait le d\u00e9placement.<\/p>\n<p>&nbsp;<\/p>\n<p>&nbsp;<\/p>\n","protected":false},"excerpt":{"rendered":"<p>Dimanche 14 d\u00e9cembre 2025, 7 nageuses et nageurs de l&rsquo;ASG se d\u00e9pla\u00e7aient au meeting de Kaysersberg en Alsace. La derni\u00e8re [&hellip;]<\/p>\n","protected":false},"author":391,"featured_media":85890,"comment_status":"open","ping_status":"open","sticky":false,"template":"","format":"standard","meta":{"footnotes":""},"categories":[20,25,5647,14],"tags":[527],"class_list":["post-85888","post","type-post","status-publish","format-standard","has-post-thumbnail","hentry","category-a-la-une","category-gerardmer","category-gerardmer-autres-sites","category-sport","tag-asg-natation"],"acf":[],"yoast_head":"<!-- This site is optimized with the Yoast SEO plugin v22.5 - https:\/\/yoast.com\/wordpress\/plugins\/seo\/ -->\n<title>Natation : pluie de m\u00e9dailles au meeting de No\u00ebl de Kaysersberg - Gerardmer Info<\/title>\n<meta name=\"robots\" content=\"index, follow, max-snippet:-1, max-image-preview:large, max-video-preview:-1\" \/>\n<link rel=\"canonical\" href=\"https:\/\/vosgesinfo.fr\/gerardmerinfo\/?p=85888\" \/>\n<meta name=\"twitter:card\" content=\"summary_large_image\" \/>\n<meta name=\"twitter:title\" content=\"Natation : pluie de m\u00e9dailles au meeting de No\u00ebl de Kaysersberg - Gerardmer Info\" \/>\n<meta name=\"twitter:description\" content=\"Dimanche 14 d\u00e9cembre 2025, 7 nageuses et nageurs de l&rsquo;ASG se d\u00e9pla\u00e7aient au meeting de Kaysersberg en Alsace. La derni\u00e8re [&hellip;]\" \/>\n<meta name=\"twitter:image\" content=\"https:\/\/vosgesinfo.fr\/app\/uploads\/sites\/6\/2025\/12\/asg-natation-1-1024x717.jpg\" \/>\n<meta name=\"twitter:creator\" content=\"@VosgesInfo88\" \/>\n<meta name=\"twitter:site\" content=\"@VosgesInfo88\" \/>\n<meta name=\"twitter:label1\" content=\"\u00c9crit par\" \/>\n\t<meta name=\"twitter:data1\" content=\"La redaction\" \/>\n\t<meta name=\"twitter:label2\" content=\"Dur\u00e9e de lecture estim\u00e9e\" \/>\n\t<meta name=\"twitter:data2\" content=\"2 minutes\" \/>\n<script type=\"application\/ld+json\" class=\"yoast-schema-graph\">{\"@context\":\"https:\/\/schema.org\",\"@graph\":[{\"@type\":\"Article\",\"@id\":\"https:\/\/vosgesinfo.fr\/gerardmerinfo\/?p=85888#article\",\"isPartOf\":{\"@id\":\"https:\/\/vosgesinfo.fr\/gerardmerinfo\/?p=85888\"},\"author\":{\"name\":\"La redaction\",\"@id\":\"https:\/\/vosgesinfo.fr\/gerardmerinfo\/#\/schema\/person\/27a3695b06db98895b354c0765cdfc31\"},\"headline\":\"Natation : pluie de m\u00e9dailles au meeting de No\u00ebl de Kaysersberg\",\"datePublished\":\"2025-12-15T19:21:18+00:00\",\"dateModified\":\"2025-12-15T19:21:18+00:00\",\"mainEntityOfPage\":{\"@id\":\"https:\/\/vosgesinfo.fr\/gerardmerinfo\/?p=85888\"},\"wordCount\":416,\"commentCount\":0,\"publisher\":{\"@id\":\"https:\/\/vosgesinfo.fr\/gerardmerinfo\/#organization\"},\"image\":{\"@id\":\"https:\/\/vosgesinfo.fr\/gerardmerinfo\/?p=85888#primaryimage\"},\"thumbnailUrl\":\"https:\/\/vosgesinfo.fr\/app\/uploads\/sites\/6\/2025\/12\/asg-natation-1.jpg\",\"keywords\":[\"asg natation\"],\"articleSection\":[\"A la une\",\"G\u00e9rardmer\",\"Gerardmer\",\"Sport\"],\"inLanguage\":\"fr-FR\",\"potentialAction\":[{\"@type\":\"CommentAction\",\"name\":\"Comment\",\"target\":[\"https:\/\/vosgesinfo.fr\/gerardmerinfo\/?p=85888#respond\"]}]},{\"@type\":\"WebPage\",\"@id\":\"https:\/\/vosgesinfo.fr\/gerardmerinfo\/?p=85888\",\"url\":\"https:\/\/vosgesinfo.fr\/gerardmerinfo\/?p=85888\",\"name\":\"Natation : pluie de m\u00e9dailles au meeting de No\u00ebl de Kaysersberg - Gerardmer Info\",\"isPartOf\":{\"@id\":\"https:\/\/vosgesinfo.fr\/gerardmerinfo\/#website\"},\"primaryImageOfPage\":{\"@id\":\"https:\/\/vosgesinfo.fr\/gerardmerinfo\/?p=85888#primaryimage\"},\"image\":{\"@id\":\"https:\/\/vosgesinfo.fr\/gerardmerinfo\/?p=85888#primaryimage\"},\"thumbnailUrl\":\"https:\/\/vosgesinfo.fr\/app\/uploads\/sites\/6\/2025\/12\/asg-natation-1.jpg\",\"datePublished\":\"2025-12-15T19:21:18+00:00\",\"dateModified\":\"2025-12-15T19:21:18+00:00\",\"breadcrumb\":{\"@id\":\"https:\/\/vosgesinfo.fr\/gerardmerinfo\/?p=85888#breadcrumb\"},\"inLanguage\":\"fr-FR\",\"potentialAction\":[{\"@type\":\"ReadAction\",\"target\":[\"https:\/\/vosgesinfo.fr\/gerardmerinfo\/?p=85888\"]}]},{\"@type\":\"ImageObject\",\"inLanguage\":\"fr-FR\",\"@id\":\"https:\/\/vosgesinfo.fr\/gerardmerinfo\/?p=85888#primaryimage\",\"url\":\"https:\/\/vosgesinfo.fr\/app\/uploads\/sites\/6\/2025\/12\/asg-natation-1.jpg\",\"contentUrl\":\"https:\/\/vosgesinfo.fr\/app\/uploads\/sites\/6\/2025\/12\/asg-natation-1.jpg\",\"width\":1600,\"height\":1120},{\"@type\":\"BreadcrumbList\",\"@id\":\"https:\/\/vosgesinfo.fr\/gerardmerinfo\/?p=85888#breadcrumb\",\"itemListElement\":[{\"@type\":\"ListItem\",\"position\":1,\"name\":\"Home\",\"item\":\"https:\/\/vosgesinfo.fr\/gerardmerinfo\/\"},{\"@type\":\"ListItem\",\"position\":2,\"name\":\"Natation : pluie de m\u00e9dailles au meeting de No\u00ebl de Kaysersberg\"}]},{\"@type\":\"WebSite\",\"@id\":\"https:\/\/vosgesinfo.fr\/gerardmerinfo\/#website\",\"url\":\"https:\/\/vosgesinfo.fr\/gerardmerinfo\/\",\"name\":\"Gerardmer Info\",\"description\":\"Toute l&#039;actualit\u00e9 de G\u00e9rardmer\",\"publisher\":{\"@id\":\"https:\/\/vosgesinfo.fr\/gerardmerinfo\/#organization\"},\"alternateName\":\"Toute l'actualit\u00e9 de G\u00e9rardmer\",\"potentialAction\":[{\"@type\":\"SearchAction\",\"target\":{\"@type\":\"EntryPoint\",\"urlTemplate\":\"https:\/\/vosgesinfo.fr\/gerardmerinfo\/?s={search_term_string}\"},\"query-input\":\"required name=search_term_string\"}],\"inLanguage\":\"fr-FR\"},{\"@type\":\"Organization\",\"@id\":\"https:\/\/vosgesinfo.fr\/gerardmerinfo\/#organization\",\"name\":\"Gerardmer Info\",\"url\":\"https:\/\/vosgesinfo.fr\/gerardmerinfo\/\",\"logo\":{\"@type\":\"ImageObject\",\"inLanguage\":\"fr-FR\",\"@id\":\"https:\/\/vosgesinfo.fr\/gerardmerinfo\/#\/schema\/logo\/image\/\",\"url\":\"https:\/\/vosgesinfo.fr\/app\/uploads\/sites\/6\/2023\/08\/favicon-gerardmerinfo.png\",\"contentUrl\":\"https:\/\/vosgesinfo.fr\/app\/uploads\/sites\/6\/2023\/08\/favicon-gerardmerinfo.png\",\"width\":512,\"height\":512,\"caption\":\"Gerardmer Info\"},\"image\":{\"@id\":\"https:\/\/vosgesinfo.fr\/gerardmerinfo\/#\/schema\/logo\/image\/\"},\"sameAs\":[\"https:\/\/www.facebook.com\/profile.php?id=100049475262660\",\"https:\/\/x.com\/VosgesInfo88\",\"https:\/\/www.youtube.com\/@vosgesinfo\"]},{\"@type\":\"Person\",\"@id\":\"https:\/\/vosgesinfo.fr\/gerardmerinfo\/#\/schema\/person\/27a3695b06db98895b354c0765cdfc31\",\"name\":\"La redaction\",\"image\":{\"@type\":\"ImageObject\",\"inLanguage\":\"fr-FR\",\"@id\":\"https:\/\/vosgesinfo.fr\/gerardmerinfo\/#\/schema\/person\/image\/\",\"url\":\"https:\/\/secure.gravatar.com\/avatar\/64c76a78e501cedee55736f43f332df901e1896ae9cd8fad269ae2236dd0e8b6?s=96&d=mm&r=g\",\"contentUrl\":\"https:\/\/secure.gravatar.com\/avatar\/64c76a78e501cedee55736f43f332df901e1896ae9cd8fad269ae2236dd0e8b6?s=96&d=mm&r=g\",\"caption\":\"La redaction\"},\"url\":\"https:\/\/vosgesinfo.fr\/gerardmerinfo\/author\/la-redaction\/\"}]}<\/script>\n<!-- \/ Yoast SEO plugin. -->","yoast_head_json":{"title":"Natation : pluie de m\u00e9dailles au meeting de No\u00ebl de Kaysersberg - Gerardmer Info","robots":{"index":"index","follow":"follow","max-snippet":"max-snippet:-1","max-image-preview":"max-image-preview:large","max-video-preview":"max-video-preview:-1"},"canonical":"https:\/\/vosgesinfo.fr\/gerardmerinfo\/?p=85888","twitter_card":"summary_large_image","twitter_title":"Natation : pluie de m\u00e9dailles au meeting de No\u00ebl de Kaysersberg - Gerardmer Info","twitter_description":"Dimanche 14 d\u00e9cembre 2025, 7 nageuses et nageurs de l&rsquo;ASG se d\u00e9pla\u00e7aient au meeting de Kaysersberg en Alsace. La derni\u00e8re [&hellip;]","twitter_image":"https:\/\/vosgesinfo.fr\/app\/uploads\/sites\/6\/2025\/12\/asg-natation-1-1024x717.jpg","twitter_creator":"@VosgesInfo88","twitter_site":"@VosgesInfo88","twitter_misc":{"\u00c9crit par":"La redaction","Dur\u00e9e de lecture estim\u00e9e":"2 minutes"},"schema":{"@context":"https:\/\/schema.org","@graph":[{"@type":"Article","@id":"https:\/\/vosgesinfo.fr\/gerardmerinfo\/?p=85888#article","isPartOf":{"@id":"https:\/\/vosgesinfo.fr\/gerardmerinfo\/?p=85888"},"author":{"name":"La redaction","@id":"https:\/\/vosgesinfo.fr\/gerardmerinfo\/#\/schema\/person\/27a3695b06db98895b354c0765cdfc31"},"headline":"Natation : pluie de m\u00e9dailles au meeting de No\u00ebl de Kaysersberg","datePublished":"2025-12-15T19:21:18+00:00","dateModified":"2025-12-15T19:21:18+00:00","mainEntityOfPage":{"@id":"https:\/\/vosgesinfo.fr\/gerardmerinfo\/?p=85888"},"wordCount":416,"commentCount":0,"publisher":{"@id":"https:\/\/vosgesinfo.fr\/gerardmerinfo\/#organization"},"image":{"@id":"https:\/\/vosgesinfo.fr\/gerardmerinfo\/?p=85888#primaryimage"},"thumbnailUrl":"https:\/\/vosgesinfo.fr\/app\/uploads\/sites\/6\/2025\/12\/asg-natation-1.jpg","keywords":["asg natation"],"articleSection":["A la une","G\u00e9rardmer","Gerardmer","Sport"],"inLanguage":"fr-FR","potentialAction":[{"@type":"CommentAction","name":"Comment","target":["https:\/\/vosgesinfo.fr\/gerardmerinfo\/?p=85888#respond"]}]},{"@type":"WebPage","@id":"https:\/\/vosgesinfo.fr\/gerardmerinfo\/?p=85888","url":"https:\/\/vosgesinfo.fr\/gerardmerinfo\/?p=85888","name":"Natation : pluie de m\u00e9dailles au meeting de No\u00ebl de Kaysersberg - Gerardmer Info","isPartOf":{"@id":"https:\/\/vosgesinfo.fr\/gerardmerinfo\/#website"},"primaryImageOfPage":{"@id":"https:\/\/vosgesinfo.fr\/gerardmerinfo\/?p=85888#primaryimage"},"image":{"@id":"https:\/\/vosgesinfo.fr\/gerardmerinfo\/?p=85888#primaryimage"},"thumbnailUrl":"https:\/\/vosgesinfo.fr\/app\/uploads\/sites\/6\/2025\/12\/asg-natation-1.jpg","datePublished":"2025-12-15T19:21:18+00:00","dateModified":"2025-12-15T19:21:18+00:00","breadcrumb":{"@id":"https:\/\/vosgesinfo.fr\/gerardmerinfo\/?p=85888#breadcrumb"},"inLanguage":"fr-FR","potentialAction":[{"@type":"ReadAction","target":["https:\/\/vosgesinfo.fr\/gerardmerinfo\/?p=85888"]}]},{"@type":"ImageObject","inLanguage":"fr-FR","@id":"https:\/\/vosgesinfo.fr\/gerardmerinfo\/?p=85888#primaryimage","url":"https:\/\/vosgesinfo.fr\/app\/uploads\/sites\/6\/2025\/12\/asg-natation-1.jpg","contentUrl":"https:\/\/vosgesinfo.fr\/app\/uploads\/sites\/6\/2025\/12\/asg-natation-1.jpg","width":1600,"height":1120},{"@type":"BreadcrumbList","@id":"https:\/\/vosgesinfo.fr\/gerardmerinfo\/?p=85888#breadcrumb","itemListElement":[{"@type":"ListItem","position":1,"name":"Home","item":"https:\/\/vosgesinfo.fr\/gerardmerinfo\/"},{"@type":"ListItem","position":2,"name":"Natation : pluie de m\u00e9dailles au meeting de No\u00ebl de Kaysersberg"}]},{"@type":"WebSite","@id":"https:\/\/vosgesinfo.fr\/gerardmerinfo\/#website","url":"https:\/\/vosgesinfo.fr\/gerardmerinfo\/","name":"Gerardmer Info","description":"Toute l&#039;actualit\u00e9 de G\u00e9rardmer","publisher":{"@id":"https:\/\/vosgesinfo.fr\/gerardmerinfo\/#organization"},"alternateName":"Toute l'actualit\u00e9 de G\u00e9rardmer","potentialAction":[{"@type":"SearchAction","target":{"@type":"EntryPoint","urlTemplate":"https:\/\/vosgesinfo.fr\/gerardmerinfo\/?s={search_term_string}"},"query-input":"required name=search_term_string"}],"inLanguage":"fr-FR"},{"@type":"Organization","@id":"https:\/\/vosgesinfo.fr\/gerardmerinfo\/#organization","name":"Gerardmer Info","url":"https:\/\/vosgesinfo.fr\/gerardmerinfo\/","logo":{"@type":"ImageObject","inLanguage":"fr-FR","@id":"https:\/\/vosgesinfo.fr\/gerardmerinfo\/#\/schema\/logo\/image\/","url":"https:\/\/vosgesinfo.fr\/app\/uploads\/sites\/6\/2023\/08\/favicon-gerardmerinfo.png","contentUrl":"https:\/\/vosgesinfo.fr\/app\/uploads\/sites\/6\/2023\/08\/favicon-gerardmerinfo.png","width":512,"height":512,"caption":"Gerardmer Info"},"image":{"@id":"https:\/\/vosgesinfo.fr\/gerardmerinfo\/#\/schema\/logo\/image\/"},"sameAs":["https:\/\/www.facebook.com\/profile.php?id=100049475262660","https:\/\/x.com\/VosgesInfo88","https:\/\/www.youtube.com\/@vosgesinfo"]},{"@type":"Person","@id":"https:\/\/vosgesinfo.fr\/gerardmerinfo\/#\/schema\/person\/27a3695b06db98895b354c0765cdfc31","name":"La redaction","image":{"@type":"ImageObject","inLanguage":"fr-FR","@id":"https:\/\/vosgesinfo.fr\/gerardmerinfo\/#\/schema\/person\/image\/","url":"https:\/\/secure.gravatar.com\/avatar\/64c76a78e501cedee55736f43f332df901e1896ae9cd8fad269ae2236dd0e8b6?s=96&d=mm&r=g","contentUrl":"https:\/\/secure.gravatar.com\/avatar\/64c76a78e501cedee55736f43f332df901e1896ae9cd8fad269ae2236dd0e8b6?s=96&d=mm&r=g","caption":"La redaction"},"url":"https:\/\/vosgesinfo.fr\/gerardmerinfo\/author\/la-redaction\/"}]}},"_links":{"self":[{"href":"https:\/\/vosgesinfo.fr\/gerardmerinfo\/wp-json\/wp\/v2\/posts\/85888","targetHints":{"allow":["GET"]}}],"collection":[{"href":"https:\/\/vosgesinfo.fr\/gerardmerinfo\/wp-json\/wp\/v2\/posts"}],"about":[{"href":"https:\/\/vosgesinfo.fr\/gerardmerinfo\/wp-json\/wp\/v2\/types\/post"}],"author":[{"embeddable":true,"href":"https:\/\/vosgesinfo.fr\/gerardmerinfo\/wp-json\/wp\/v2\/users\/391"}],"replies":[{"embeddable":true,"href":"https:\/\/vosgesinfo.fr\/gerardmerinfo\/wp-json\/wp\/v2\/comments?post=85888"}],"version-history":[{"count":1,"href":"https:\/\/vosgesinfo.fr\/gerardmerinfo\/wp-json\/wp\/v2\/posts\/85888\/revisions"}],"predecessor-version":[{"id":85891,"href":"https:\/\/vosgesinfo.fr\/gerardmerinfo\/wp-json\/wp\/v2\/posts\/85888\/revisions\/85891"}],"wp:featuredmedia":[{"embeddable":true,"href":"https:\/\/vosgesinfo.fr\/gerardmerinfo\/wp-json\/wp\/v2\/media\/85890"}],"wp:attachment":[{"href":"https:\/\/vosgesinfo.fr\/gerardmerinfo\/wp-json\/wp\/v2\/media?parent=85888"}],"wp:term":[{"taxonomy":"category","embeddable":true,"href":"https:\/\/vosgesinfo.fr\/gerardmerinfo\/wp-json\/wp\/v2\/categories?post=85888"},{"taxonomy":"post_tag","embeddable":true,"href":"https:\/\/vosgesinfo.fr\/gerardmerinfo\/wp-json\/wp\/v2\/tags?post=85888"}],"curies":[{"name":"wp","href":"https:\/\/api.w.org\/{rel}","templated":true}]}}