{"id":85903,"date":"2025-12-16T12:41:28","date_gmt":"2025-12-16T11:41:28","guid":{"rendered":"https:\/\/vosgesinfo.fr\/gerardmerinfo\/?p=85903"},"modified":"2025-12-16T12:41:28","modified_gmt":"2025-12-16T11:41:28","slug":"fermeture-technique-du-cabe-on-vous-dit-tout","status":"publish","type":"post","link":"https:\/\/vosgesinfo.fr\/gerardmerinfo\/2025\/12\/fermeture-technique-du-cabe-on-vous-dit-tout\/","title":{"rendered":"Fermeture technique du CABE on vous dit tout !"},"content":{"rendered":"<p><a href=\"https:\/\/vosgesinfo.fr\/app\/uploads\/sites\/6\/2025\/12\/fermeture-technique-du-cabe-2.jpg\"><img decoding=\"async\" class=\"aligncenter size-large wp-image-85904\" src=\"https:\/\/vosgesinfo.fr\/app\/uploads\/sites\/6\/2025\/12\/fermeture-technique-du-cabe-2-1024x771.jpg\" alt=\"\" width=\"1024\" height=\"771\" srcset=\"https:\/\/vosgesinfo.fr\/app\/uploads\/sites\/6\/2025\/12\/fermeture-technique-du-cabe-2-1024x771.jpg 1024w, https:\/\/vosgesinfo.fr\/app\/uploads\/sites\/6\/2025\/12\/fermeture-technique-du-cabe-2-300x226.jpg 300w, https:\/\/vosgesinfo.fr\/app\/uploads\/sites\/6\/2025\/12\/fermeture-technique-du-cabe-2-768x578.jpg 768w, https:\/\/vosgesinfo.fr\/app\/uploads\/sites\/6\/2025\/12\/fermeture-technique-du-cabe-2.jpg 1434w\" sizes=\"(max-width: 1024px) 100vw, 1024px\" \/><\/a><\/p>\n\n\t\t<style type=\"text\/css\">\n\t\t\t#gallery-1 {\n\t\t\t\tmargin: auto;\n\t\t\t}\n\t\t\t#gallery-1 .gallery-item {\n\t\t\t\tfloat: left;\n\t\t\t\tmargin-top: 10px;\n\t\t\t\ttext-align: center;\n\t\t\t\twidth: 50%;\n\t\t\t}\n\t\t\t#gallery-1 img {\n\t\t\t\tborder: 2px solid #cfcfcf;\n\t\t\t}\n\t\t\t#gallery-1 .gallery-caption {\n\t\t\t\tmargin-left: 0;\n\t\t\t}\n\t\t\t\/* see gallery_shortcode() in wp-includes\/media.php *\/\n\t\t<\/style>\n\t\t<div id='gallery-1' class='gallery galleryid-85903 gallery-columns-2 gallery-size-medium'><dl class='gallery-item'>\n\t\t\t<dt class='gallery-icon portrait'>\n\t\t\t\t<a href='https:\/\/vosgesinfo.fr\/app\/uploads\/sites\/6\/2025\/12\/fermeture-technique-du-cabe-1.jpg'><img decoding=\"async\" width=\"226\" height=\"300\" src=\"https:\/\/vosgesinfo.fr\/app\/uploads\/sites\/6\/2025\/12\/fermeture-technique-du-cabe-1-226x300.jpg\" class=\"attachment-medium size-medium\" alt=\"\" srcset=\"https:\/\/vosgesinfo.fr\/app\/uploads\/sites\/6\/2025\/12\/fermeture-technique-du-cabe-1-226x300.jpg 226w, https:\/\/vosgesinfo.fr\/app\/uploads\/sites\/6\/2025\/12\/fermeture-technique-du-cabe-1-771x1024.jpg 771w, https:\/\/vosgesinfo.fr\/app\/uploads\/sites\/6\/2025\/12\/fermeture-technique-du-cabe-1-768x1020.jpg 768w, https:\/\/vosgesinfo.fr\/app\/uploads\/sites\/6\/2025\/12\/fermeture-technique-du-cabe-1.jpg 813w\" sizes=\"(max-width: 226px) 100vw, 226px\" \/><\/a>\n\t\t\t<\/dt><\/dl><dl class='gallery-item'>\n\t\t\t<dt class='gallery-icon portrait'>\n\t\t\t\t<a href='https:\/\/vosgesinfo.fr\/app\/uploads\/sites\/6\/2025\/12\/fermeture-technique-du-cabe-7.jpg'><img decoding=\"async\" width=\"226\" height=\"300\" src=\"https:\/\/vosgesinfo.fr\/app\/uploads\/sites\/6\/2025\/12\/fermeture-technique-du-cabe-7-226x300.jpg\" class=\"attachment-medium size-medium\" alt=\"\" srcset=\"https:\/\/vosgesinfo.fr\/app\/uploads\/sites\/6\/2025\/12\/fermeture-technique-du-cabe-7-226x300.jpg 226w, https:\/\/vosgesinfo.fr\/app\/uploads\/sites\/6\/2025\/12\/fermeture-technique-du-cabe-7-771x1024.jpg 771w, https:\/\/vosgesinfo.fr\/app\/uploads\/sites\/6\/2025\/12\/fermeture-technique-du-cabe-7-768x1020.jpg 768w, https:\/\/vosgesinfo.fr\/app\/uploads\/sites\/6\/2025\/12\/fermeture-technique-du-cabe-7.jpg 813w\" sizes=\"(max-width: 226px) 100vw, 226px\" \/><\/a>\n\t\t\t<\/dt><\/dl><br style=\"clear: both\" \/><dl class='gallery-item'>\n\t\t\t<dt class='gallery-icon landscape'>\n\t\t\t\t<a href='https:\/\/vosgesinfo.fr\/app\/uploads\/sites\/6\/2025\/12\/fermeture-technique-du-cabe-6.jpg'><img decoding=\"async\" width=\"300\" height=\"226\" src=\"https:\/\/vosgesinfo.fr\/app\/uploads\/sites\/6\/2025\/12\/fermeture-technique-du-cabe-6-300x226.jpg\" class=\"attachment-medium size-medium\" alt=\"\" srcset=\"https:\/\/vosgesinfo.fr\/app\/uploads\/sites\/6\/2025\/12\/fermeture-technique-du-cabe-6-300x226.jpg 300w, https:\/\/vosgesinfo.fr\/app\/uploads\/sites\/6\/2025\/12\/fermeture-technique-du-cabe-6-1024x771.jpg 1024w, https:\/\/vosgesinfo.fr\/app\/uploads\/sites\/6\/2025\/12\/fermeture-technique-du-cabe-6-768x578.jpg 768w, https:\/\/vosgesinfo.fr\/app\/uploads\/sites\/6\/2025\/12\/fermeture-technique-du-cabe-6.jpg 1434w\" sizes=\"(max-width: 300px) 100vw, 300px\" \/><\/a>\n\t\t\t<\/dt><\/dl><dl class='gallery-item'>\n\t\t\t<dt class='gallery-icon portrait'>\n\t\t\t\t<a href='https:\/\/vosgesinfo.fr\/app\/uploads\/sites\/6\/2025\/12\/fermeture-technique-du-cabe-3.jpg'><img decoding=\"async\" width=\"226\" height=\"300\" src=\"https:\/\/vosgesinfo.fr\/app\/uploads\/sites\/6\/2025\/12\/fermeture-technique-du-cabe-3-226x300.jpg\" class=\"attachment-medium size-medium\" alt=\"\" srcset=\"https:\/\/vosgesinfo.fr\/app\/uploads\/sites\/6\/2025\/12\/fermeture-technique-du-cabe-3-226x300.jpg 226w, https:\/\/vosgesinfo.fr\/app\/uploads\/sites\/6\/2025\/12\/fermeture-technique-du-cabe-3-771x1024.jpg 771w, https:\/\/vosgesinfo.fr\/app\/uploads\/sites\/6\/2025\/12\/fermeture-technique-du-cabe-3-768x1020.jpg 768w, https:\/\/vosgesinfo.fr\/app\/uploads\/sites\/6\/2025\/12\/fermeture-technique-du-cabe-3.jpg 813w\" sizes=\"(max-width: 226px) 100vw, 226px\" \/><\/a>\n\t\t\t<\/dt><\/dl><br style=\"clear: both\" \/>\n\t\t<\/div>\n\n<p>&nbsp;<\/p>\n<p class=\"m_2148416618352457848MsoNoSpacing\">Du 1<sup>er<\/sup> au 19 d\u00e9cembre, le Centre Aquatique et de Bien-\u00catre de G\u00e9rardmer observe sa fermeture technique annuelle. Loin d\u2019\u00eatre une simple pause dans le calendrier, cette interruption d\u2019activit\u00e9 constitue un moment crucial pour garantir aux usagers des installations propres, s\u00fbres et parfaitement fonctionnelles tout au long de l\u2019ann\u00e9e. Chaque hiver, cette p\u00e9riode est mise \u00e0 profit pour r\u00e9aliser un entretien complet de l\u2019\u00e9tablissement, impossible \u00e0 mener lorsque le site est ouvert au public. Les \u00e9quipes municipales et les entreprises sp\u00e9cialis\u00e9es se mobilisent alors pour mener des op\u00e9rations de nettoyage en profondeur, de maintenance technique et de remise en \u00e9tat des \u00e9quipements.<u><\/u><u><\/u><\/p>\n<p class=\"m_2148416618352457848MsoNoSpacing\"><u><\/u>\u00a0<u><\/u><\/p>\n<p class=\"m_2148416618352457848MsoNoSpacing\"><a href=\"https:\/\/vosgesinfo.fr\/app\/uploads\/sites\/6\/2025\/12\/fermeture-technique-du-cabe-4.jpg\"><img decoding=\"async\" class=\"alignright size-medium wp-image-85906\" src=\"https:\/\/vosgesinfo.fr\/app\/uploads\/sites\/6\/2025\/12\/fermeture-technique-du-cabe-4-300x226.jpg\" alt=\"\" width=\"300\" height=\"226\" srcset=\"https:\/\/vosgesinfo.fr\/app\/uploads\/sites\/6\/2025\/12\/fermeture-technique-du-cabe-4-300x226.jpg 300w, https:\/\/vosgesinfo.fr\/app\/uploads\/sites\/6\/2025\/12\/fermeture-technique-du-cabe-4-1024x771.jpg 1024w, https:\/\/vosgesinfo.fr\/app\/uploads\/sites\/6\/2025\/12\/fermeture-technique-du-cabe-4-768x578.jpg 768w, https:\/\/vosgesinfo.fr\/app\/uploads\/sites\/6\/2025\/12\/fermeture-technique-du-cabe-4.jpg 1434w\" sizes=\"(max-width: 300px) 100vw, 300px\" \/><\/a>Dans les espaces aquatiques, tous les bassins sont enti\u00e8rement vid\u00e9s puis nettoy\u00e9s. Les parois, les fonds et les rebords sont d\u00e9barrass\u00e9s des d\u00e9p\u00f4ts, des traces li\u00e9es au temps et de la pellicule grasse qui se forme naturellement avec l\u2019usage. Les goulottes, caillebotis et le toboggan sont \u00e9galement nettoy\u00e9s minutieusement. Le mat\u00e9riel p\u00e9dagogique est lav\u00e9 et d\u00e9sinfect\u00e9 afin d\u2019\u00eatre restitu\u00e9 dans des conditions optimales \u00e0 la r\u00e9ouverture.<u><\/u><u><\/u><\/p>\n<p class=\"m_2148416618352457848MsoNoSpacing\"><u><\/u>\u00a0<u><\/u><\/p>\n<p class=\"m_2148416618352457848MsoNoSpacing\">Les vestiaires b\u00e9n\u00e9ficient, eux aussi, d\u2019un nettoyage complet du sol au plafond : lavage haute pression, d\u00e9sinfection des casiers un \u00e0 un, \u00e9limination de la poussi\u00e8re sur les gaines d\u2019a\u00e9ration et les caches des s\u00e8che-cheveux, ainsi que le nettoyage de l\u2019ensemble des poubelles. Les grilles des caniveaux sont d\u00e9tartr\u00e9es pour retirer les d\u00e9p\u00f4ts calcaires, et le carrelage est remplac\u00e9 aux endroits qui le n\u00e9cessitent.<u><\/u><u><\/u><\/p>\n<p class=\"m_2148416618352457848MsoNoSpacing\"><u><\/u>\u00a0<u><\/u><\/p>\n<p class=\"m_2148416618352457848MsoNoSpacing\">Dans l\u2019Espace Bien-\u00catre, des am\u00e9liorations sont apport\u00e9es pour le confort du public. Les menuisiers de la ville ont cr\u00e9\u00e9 notamment de nouveaux \u00e9quipements dans la zone de d\u00e9chaussage, avec l\u2019installation d\u2019un banc et de porte-manteaux suppl\u00e9mentaires.<u><\/u><u><\/u><\/p>\n<p class=\"m_2148416618352457848MsoNoSpacing\"><u><\/u>\u00a0<u><\/u><\/p>\n<p class=\"m_2148416618352457848MsoNoSpacing\">Les autres \u00e9quipements du complexe ne sont pas en reste. L\u2019espace autour de la patinoire est trait\u00e9 avec une Monobrosse pour retirer les marques noires li\u00e9es aux passages. Les prises d\u2019escalade sont nettoy\u00e9es pour \u00e9liminer les traces de magn\u00e9sie, en collaboration avec le Club Alpin. <u><\/u><u><\/u><\/p>\n<p class=\"m_2148416618352457848MsoNoSpacing\"><u><\/u>\u00a0<u><\/u><\/p>\n<p class=\"m_2148416618352457848MsoNoSpacing\">Du c\u00f4t\u00e9 du Bowling, les tapis servant \u00e0 faire basculer les quilles sont chang\u00e9s, l\u2019acc\u00e8s aux machines \u00e9tant plus facile, une r\u00e9vision de celles-ci est possible.\u00a0 <u><\/u><u><\/u><\/p>\n<p class=\"m_2148416618352457848MsoNoSpacing\"><u><\/u>\u00a0<u><\/u><\/p>\n<p class=\"m_2148416618352457848MsoNoSpacing\"><a href=\"https:\/\/vosgesinfo.fr\/app\/uploads\/sites\/6\/2025\/12\/fermeture-technique-du-cabe-5.jpg\"><img decoding=\"async\" class=\"alignright size-medium wp-image-85907\" src=\"https:\/\/vosgesinfo.fr\/app\/uploads\/sites\/6\/2025\/12\/fermeture-technique-du-cabe-5-226x300.jpg\" alt=\"\" width=\"226\" height=\"300\" srcset=\"https:\/\/vosgesinfo.fr\/app\/uploads\/sites\/6\/2025\/12\/fermeture-technique-du-cabe-5-226x300.jpg 226w, https:\/\/vosgesinfo.fr\/app\/uploads\/sites\/6\/2025\/12\/fermeture-technique-du-cabe-5-771x1024.jpg 771w, https:\/\/vosgesinfo.fr\/app\/uploads\/sites\/6\/2025\/12\/fermeture-technique-du-cabe-5-768x1020.jpg 768w, https:\/\/vosgesinfo.fr\/app\/uploads\/sites\/6\/2025\/12\/fermeture-technique-du-cabe-5.jpg 813w\" sizes=\"(max-width: 226px) 100vw, 226px\" \/><\/a>Enfin, les syst\u00e8mes techniques font l\u2019objet d\u2019une attention particuli\u00e8re. Les gaines de ventilation, y compris dans les zones techniques, sont nettoy\u00e9es par des entreprises sp\u00e9cialis\u00e9es durant une dizaine de jours. Les surfaces vitr\u00e9es sont nettoy\u00e9es int\u00e9gralement, \u00e0 l\u2019int\u00e9rieur comme \u00e0 l\u2019ext\u00e9rieur, jusqu\u2019aux parties les plus hautes, uniquement \u00e0 l\u2019eau \u00e0 l\u2019aide de balais t\u00e9lescopiques pour un r\u00e9sultat optimal. <u><\/u><u><\/u><\/p>\n<p class=\"m_2148416618352457848MsoNoSpacing\"><u><\/u>\u00a0<u><\/u><\/p>\n<p class=\"m_2148416618352457848MsoNoSpacing\">Cette p\u00e9riode est \u00e9galement mise \u00e0 profit pour la formation des agents. Les ma\u00eetres-nageurs sauveteurs suivent leur recyclage obligatoire en secourisme, garantissant ainsi une prise en charge optimale de la s\u00e9curit\u00e9 des baigneurs.<u><\/u><u><\/u><\/p>\n<p class=\"m_2148416618352457848MsoNoSpacing\"><u><\/u>\u00a0<u><\/u><\/p>\n<p class=\"m_2148416618352457848MsoNoSpacing\">La fermeture annuelle du Centre Aquatique et de Bien-\u00catre est donc un investissement indispensable pour la qualit\u00e9 de service, la s\u00e9curit\u00e9 et le confort de tous. Gr\u00e2ce \u00e0 ces op\u00e9rations d\u2019envergure, les usagers retrouveront des installations entretenues et pr\u00eates \u00e0 les accueillir dans les meilleures conditions d\u00e8s la r\u00e9ouverture le 20 d\u00e9cembre.<\/p>\n","protected":false},"excerpt":{"rendered":"<p>&nbsp; Du 1er au 19 d\u00e9cembre, le Centre Aquatique et de Bien-\u00catre de G\u00e9rardmer observe sa fermeture technique annuelle. Loin [&hellip;]<\/p>\n","protected":false},"author":391,"featured_media":85904,"comment_status":"closed","ping_status":"open","sticky":false,"template":"","format":"standard","meta":{"footnotes":""},"categories":[20,25,5647,14,15],"tags":[8091],"class_list":["post-85903","post","type-post","status-publish","format-standard","has-post-thumbnail","hentry","category-a-la-une","category-gerardmer","category-gerardmer-autres-sites","category-sport","category-tourisme","tag-fermeture-technique-du-cabe"],"acf":[],"yoast_head":"<!-- This site is optimized with the Yoast SEO plugin v22.5 - https:\/\/yoast.com\/wordpress\/plugins\/seo\/ -->\n<title>Fermeture technique du CABE on vous dit tout ! - Gerardmer Info<\/title>\n<meta name=\"robots\" content=\"index, follow, max-snippet:-1, max-image-preview:large, max-video-preview:-1\" \/>\n<link rel=\"canonical\" href=\"https:\/\/vosgesinfo.fr\/gerardmerinfo\/?p=85903\" \/>\n<meta name=\"twitter:card\" content=\"summary_large_image\" \/>\n<meta name=\"twitter:title\" content=\"Fermeture technique du CABE on vous dit tout ! - Gerardmer Info\" \/>\n<meta name=\"twitter:description\" content=\"&nbsp; Du 1er au 19 d\u00e9cembre, le Centre Aquatique et de Bien-\u00catre de G\u00e9rardmer observe sa fermeture technique annuelle. Loin [&hellip;]\" \/>\n<meta name=\"twitter:creator\" content=\"@VosgesInfo88\" \/>\n<meta name=\"twitter:site\" content=\"@VosgesInfo88\" \/>\n<meta name=\"twitter:label1\" content=\"\u00c9crit par\" \/>\n\t<meta name=\"twitter:data1\" content=\"La redaction\" \/>\n\t<meta name=\"twitter:label2\" content=\"Dur\u00e9e de lecture estim\u00e9e\" \/>\n\t<meta name=\"twitter:data2\" content=\"3 minutes\" \/>\n<script type=\"application\/ld+json\" class=\"yoast-schema-graph\">{\"@context\":\"https:\/\/schema.org\",\"@graph\":[{\"@type\":\"Article\",\"@id\":\"https:\/\/vosgesinfo.fr\/gerardmerinfo\/?p=85903#article\",\"isPartOf\":{\"@id\":\"https:\/\/vosgesinfo.fr\/gerardmerinfo\/?p=85903\"},\"author\":{\"name\":\"La redaction\",\"@id\":\"https:\/\/vosgesinfo.fr\/gerardmerinfo\/#\/schema\/person\/27a3695b06db98895b354c0765cdfc31\"},\"headline\":\"Fermeture technique du CABE on vous dit tout !\",\"datePublished\":\"2025-12-16T11:41:28+00:00\",\"dateModified\":\"2025-12-16T11:41:28+00:00\",\"mainEntityOfPage\":{\"@id\":\"https:\/\/vosgesinfo.fr\/gerardmerinfo\/?p=85903\"},\"wordCount\":575,\"publisher\":{\"@id\":\"https:\/\/vosgesinfo.fr\/gerardmerinfo\/#organization\"},\"image\":{\"@id\":\"https:\/\/vosgesinfo.fr\/gerardmerinfo\/?p=85903#primaryimage\"},\"thumbnailUrl\":\"https:\/\/vosgesinfo.fr\/app\/uploads\/sites\/6\/2025\/12\/fermeture-technique-du-cabe-2.jpg\",\"keywords\":[\"Fermeture technique du CABE\"],\"articleSection\":[\"A la une\",\"G\u00e9rardmer\",\"Gerardmer\",\"Sport\",\"Tourisme\"],\"inLanguage\":\"fr-FR\"},{\"@type\":\"WebPage\",\"@id\":\"https:\/\/vosgesinfo.fr\/gerardmerinfo\/?p=85903\",\"url\":\"https:\/\/vosgesinfo.fr\/gerardmerinfo\/?p=85903\",\"name\":\"Fermeture technique du CABE on vous dit tout ! - Gerardmer Info\",\"isPartOf\":{\"@id\":\"https:\/\/vosgesinfo.fr\/gerardmerinfo\/#website\"},\"primaryImageOfPage\":{\"@id\":\"https:\/\/vosgesinfo.fr\/gerardmerinfo\/?p=85903#primaryimage\"},\"image\":{\"@id\":\"https:\/\/vosgesinfo.fr\/gerardmerinfo\/?p=85903#primaryimage\"},\"thumbnailUrl\":\"https:\/\/vosgesinfo.fr\/app\/uploads\/sites\/6\/2025\/12\/fermeture-technique-du-cabe-2.jpg\",\"datePublished\":\"2025-12-16T11:41:28+00:00\",\"dateModified\":\"2025-12-16T11:41:28+00:00\",\"breadcrumb\":{\"@id\":\"https:\/\/vosgesinfo.fr\/gerardmerinfo\/?p=85903#breadcrumb\"},\"inLanguage\":\"fr-FR\",\"potentialAction\":[{\"@type\":\"ReadAction\",\"target\":[\"https:\/\/vosgesinfo.fr\/gerardmerinfo\/?p=85903\"]}]},{\"@type\":\"ImageObject\",\"inLanguage\":\"fr-FR\",\"@id\":\"https:\/\/vosgesinfo.fr\/gerardmerinfo\/?p=85903#primaryimage\",\"url\":\"https:\/\/vosgesinfo.fr\/app\/uploads\/sites\/6\/2025\/12\/fermeture-technique-du-cabe-2.jpg\",\"contentUrl\":\"https:\/\/vosgesinfo.fr\/app\/uploads\/sites\/6\/2025\/12\/fermeture-technique-du-cabe-2.jpg\",\"width\":1434,\"height\":1080},{\"@type\":\"BreadcrumbList\",\"@id\":\"https:\/\/vosgesinfo.fr\/gerardmerinfo\/?p=85903#breadcrumb\",\"itemListElement\":[{\"@type\":\"ListItem\",\"position\":1,\"name\":\"Home\",\"item\":\"https:\/\/vosgesinfo.fr\/gerardmerinfo\/\"},{\"@type\":\"ListItem\",\"position\":2,\"name\":\"Fermeture technique du CABE on vous dit tout !\"}]},{\"@type\":\"WebSite\",\"@id\":\"https:\/\/vosgesinfo.fr\/gerardmerinfo\/#website\",\"url\":\"https:\/\/vosgesinfo.fr\/gerardmerinfo\/\",\"name\":\"Gerardmer Info\",\"description\":\"Toute l&#039;actualit\u00e9 de G\u00e9rardmer\",\"publisher\":{\"@id\":\"https:\/\/vosgesinfo.fr\/gerardmerinfo\/#organization\"},\"alternateName\":\"Toute l'actualit\u00e9 de G\u00e9rardmer\",\"potentialAction\":[{\"@type\":\"SearchAction\",\"target\":{\"@type\":\"EntryPoint\",\"urlTemplate\":\"https:\/\/vosgesinfo.fr\/gerardmerinfo\/?s={search_term_string}\"},\"query-input\":\"required name=search_term_string\"}],\"inLanguage\":\"fr-FR\"},{\"@type\":\"Organization\",\"@id\":\"https:\/\/vosgesinfo.fr\/gerardmerinfo\/#organization\",\"name\":\"Gerardmer Info\",\"url\":\"https:\/\/vosgesinfo.fr\/gerardmerinfo\/\",\"logo\":{\"@type\":\"ImageObject\",\"inLanguage\":\"fr-FR\",\"@id\":\"https:\/\/vosgesinfo.fr\/gerardmerinfo\/#\/schema\/logo\/image\/\",\"url\":\"https:\/\/vosgesinfo.fr\/app\/uploads\/sites\/6\/2023\/08\/favicon-gerardmerinfo.png\",\"contentUrl\":\"https:\/\/vosgesinfo.fr\/app\/uploads\/sites\/6\/2023\/08\/favicon-gerardmerinfo.png\",\"width\":512,\"height\":512,\"caption\":\"Gerardmer Info\"},\"image\":{\"@id\":\"https:\/\/vosgesinfo.fr\/gerardmerinfo\/#\/schema\/logo\/image\/\"},\"sameAs\":[\"https:\/\/www.facebook.com\/profile.php?id=100049475262660\",\"https:\/\/x.com\/VosgesInfo88\",\"https:\/\/www.youtube.com\/@vosgesinfo\"]},{\"@type\":\"Person\",\"@id\":\"https:\/\/vosgesinfo.fr\/gerardmerinfo\/#\/schema\/person\/27a3695b06db98895b354c0765cdfc31\",\"name\":\"La redaction\",\"image\":{\"@type\":\"ImageObject\",\"inLanguage\":\"fr-FR\",\"@id\":\"https:\/\/vosgesinfo.fr\/gerardmerinfo\/#\/schema\/person\/image\/\",\"url\":\"https:\/\/secure.gravatar.com\/avatar\/64c76a78e501cedee55736f43f332df901e1896ae9cd8fad269ae2236dd0e8b6?s=96&d=mm&r=g\",\"contentUrl\":\"https:\/\/secure.gravatar.com\/avatar\/64c76a78e501cedee55736f43f332df901e1896ae9cd8fad269ae2236dd0e8b6?s=96&d=mm&r=g\",\"caption\":\"La redaction\"},\"url\":\"https:\/\/vosgesinfo.fr\/gerardmerinfo\/author\/la-redaction\/\"}]}<\/script>\n<!-- \/ Yoast SEO plugin. -->","yoast_head_json":{"title":"Fermeture technique du CABE on vous dit tout ! - Gerardmer Info","robots":{"index":"index","follow":"follow","max-snippet":"max-snippet:-1","max-image-preview":"max-image-preview:large","max-video-preview":"max-video-preview:-1"},"canonical":"https:\/\/vosgesinfo.fr\/gerardmerinfo\/?p=85903","twitter_card":"summary_large_image","twitter_title":"Fermeture technique du CABE on vous dit tout ! - Gerardmer Info","twitter_description":"&nbsp; Du 1er au 19 d\u00e9cembre, le Centre Aquatique et de Bien-\u00catre de G\u00e9rardmer observe sa fermeture technique annuelle. Loin [&hellip;]","twitter_creator":"@VosgesInfo88","twitter_site":"@VosgesInfo88","twitter_misc":{"\u00c9crit par":"La redaction","Dur\u00e9e de lecture estim\u00e9e":"3 minutes"},"schema":{"@context":"https:\/\/schema.org","@graph":[{"@type":"Article","@id":"https:\/\/vosgesinfo.fr\/gerardmerinfo\/?p=85903#article","isPartOf":{"@id":"https:\/\/vosgesinfo.fr\/gerardmerinfo\/?p=85903"},"author":{"name":"La redaction","@id":"https:\/\/vosgesinfo.fr\/gerardmerinfo\/#\/schema\/person\/27a3695b06db98895b354c0765cdfc31"},"headline":"Fermeture technique du CABE on vous dit tout !","datePublished":"2025-12-16T11:41:28+00:00","dateModified":"2025-12-16T11:41:28+00:00","mainEntityOfPage":{"@id":"https:\/\/vosgesinfo.fr\/gerardmerinfo\/?p=85903"},"wordCount":575,"publisher":{"@id":"https:\/\/vosgesinfo.fr\/gerardmerinfo\/#organization"},"image":{"@id":"https:\/\/vosgesinfo.fr\/gerardmerinfo\/?p=85903#primaryimage"},"thumbnailUrl":"https:\/\/vosgesinfo.fr\/app\/uploads\/sites\/6\/2025\/12\/fermeture-technique-du-cabe-2.jpg","keywords":["Fermeture technique du CABE"],"articleSection":["A la une","G\u00e9rardmer","Gerardmer","Sport","Tourisme"],"inLanguage":"fr-FR"},{"@type":"WebPage","@id":"https:\/\/vosgesinfo.fr\/gerardmerinfo\/?p=85903","url":"https:\/\/vosgesinfo.fr\/gerardmerinfo\/?p=85903","name":"Fermeture technique du CABE on vous dit tout ! - Gerardmer Info","isPartOf":{"@id":"https:\/\/vosgesinfo.fr\/gerardmerinfo\/#website"},"primaryImageOfPage":{"@id":"https:\/\/vosgesinfo.fr\/gerardmerinfo\/?p=85903#primaryimage"},"image":{"@id":"https:\/\/vosgesinfo.fr\/gerardmerinfo\/?p=85903#primaryimage"},"thumbnailUrl":"https:\/\/vosgesinfo.fr\/app\/uploads\/sites\/6\/2025\/12\/fermeture-technique-du-cabe-2.jpg","datePublished":"2025-12-16T11:41:28+00:00","dateModified":"2025-12-16T11:41:28+00:00","breadcrumb":{"@id":"https:\/\/vosgesinfo.fr\/gerardmerinfo\/?p=85903#breadcrumb"},"inLanguage":"fr-FR","potentialAction":[{"@type":"ReadAction","target":["https:\/\/vosgesinfo.fr\/gerardmerinfo\/?p=85903"]}]},{"@type":"ImageObject","inLanguage":"fr-FR","@id":"https:\/\/vosgesinfo.fr\/gerardmerinfo\/?p=85903#primaryimage","url":"https:\/\/vosgesinfo.fr\/app\/uploads\/sites\/6\/2025\/12\/fermeture-technique-du-cabe-2.jpg","contentUrl":"https:\/\/vosgesinfo.fr\/app\/uploads\/sites\/6\/2025\/12\/fermeture-technique-du-cabe-2.jpg","width":1434,"height":1080},{"@type":"BreadcrumbList","@id":"https:\/\/vosgesinfo.fr\/gerardmerinfo\/?p=85903#breadcrumb","itemListElement":[{"@type":"ListItem","position":1,"name":"Home","item":"https:\/\/vosgesinfo.fr\/gerardmerinfo\/"},{"@type":"ListItem","position":2,"name":"Fermeture technique du CABE on vous dit tout !"}]},{"@type":"WebSite","@id":"https:\/\/vosgesinfo.fr\/gerardmerinfo\/#website","url":"https:\/\/vosgesinfo.fr\/gerardmerinfo\/","name":"Gerardmer Info","description":"Toute l&#039;actualit\u00e9 de G\u00e9rardmer","publisher":{"@id":"https:\/\/vosgesinfo.fr\/gerardmerinfo\/#organization"},"alternateName":"Toute l'actualit\u00e9 de G\u00e9rardmer","potentialAction":[{"@type":"SearchAction","target":{"@type":"EntryPoint","urlTemplate":"https:\/\/vosgesinfo.fr\/gerardmerinfo\/?s={search_term_string}"},"query-input":"required name=search_term_string"}],"inLanguage":"fr-FR"},{"@type":"Organization","@id":"https:\/\/vosgesinfo.fr\/gerardmerinfo\/#organization","name":"Gerardmer Info","url":"https:\/\/vosgesinfo.fr\/gerardmerinfo\/","logo":{"@type":"ImageObject","inLanguage":"fr-FR","@id":"https:\/\/vosgesinfo.fr\/gerardmerinfo\/#\/schema\/logo\/image\/","url":"https:\/\/vosgesinfo.fr\/app\/uploads\/sites\/6\/2023\/08\/favicon-gerardmerinfo.png","contentUrl":"https:\/\/vosgesinfo.fr\/app\/uploads\/sites\/6\/2023\/08\/favicon-gerardmerinfo.png","width":512,"height":512,"caption":"Gerardmer Info"},"image":{"@id":"https:\/\/vosgesinfo.fr\/gerardmerinfo\/#\/schema\/logo\/image\/"},"sameAs":["https:\/\/www.facebook.com\/profile.php?id=100049475262660","https:\/\/x.com\/VosgesInfo88","https:\/\/www.youtube.com\/@vosgesinfo"]},{"@type":"Person","@id":"https:\/\/vosgesinfo.fr\/gerardmerinfo\/#\/schema\/person\/27a3695b06db98895b354c0765cdfc31","name":"La redaction","image":{"@type":"ImageObject","inLanguage":"fr-FR","@id":"https:\/\/vosgesinfo.fr\/gerardmerinfo\/#\/schema\/person\/image\/","url":"https:\/\/secure.gravatar.com\/avatar\/64c76a78e501cedee55736f43f332df901e1896ae9cd8fad269ae2236dd0e8b6?s=96&d=mm&r=g","contentUrl":"https:\/\/secure.gravatar.com\/avatar\/64c76a78e501cedee55736f43f332df901e1896ae9cd8fad269ae2236dd0e8b6?s=96&d=mm&r=g","caption":"La redaction"},"url":"https:\/\/vosgesinfo.fr\/gerardmerinfo\/author\/la-redaction\/"}]}},"_links":{"self":[{"href":"https:\/\/vosgesinfo.fr\/gerardmerinfo\/wp-json\/wp\/v2\/posts\/85903","targetHints":{"allow":["GET"]}}],"collection":[{"href":"https:\/\/vosgesinfo.fr\/gerardmerinfo\/wp-json\/wp\/v2\/posts"}],"about":[{"href":"https:\/\/vosgesinfo.fr\/gerardmerinfo\/wp-json\/wp\/v2\/types\/post"}],"author":[{"embeddable":true,"href":"https:\/\/vosgesinfo.fr\/gerardmerinfo\/wp-json\/wp\/v2\/users\/391"}],"replies":[{"embeddable":true,"href":"https:\/\/vosgesinfo.fr\/gerardmerinfo\/wp-json\/wp\/v2\/comments?post=85903"}],"version-history":[{"count":1,"href":"https:\/\/vosgesinfo.fr\/gerardmerinfo\/wp-json\/wp\/v2\/posts\/85903\/revisions"}],"predecessor-version":[{"id":85911,"href":"https:\/\/vosgesinfo.fr\/gerardmerinfo\/wp-json\/wp\/v2\/posts\/85903\/revisions\/85911"}],"wp:featuredmedia":[{"embeddable":true,"href":"https:\/\/vosgesinfo.fr\/gerardmerinfo\/wp-json\/wp\/v2\/media\/85904"}],"wp:attachment":[{"href":"https:\/\/vosgesinfo.fr\/gerardmerinfo\/wp-json\/wp\/v2\/media?parent=85903"}],"wp:term":[{"taxonomy":"category","embeddable":true,"href":"https:\/\/vosgesinfo.fr\/gerardmerinfo\/wp-json\/wp\/v2\/categories?post=85903"},{"taxonomy":"post_tag","embeddable":true,"href":"https:\/\/vosgesinfo.fr\/gerardmerinfo\/wp-json\/wp\/v2\/tags?post=85903"}],"curies":[{"name":"wp","href":"https:\/\/api.w.org\/{rel}","templated":true}]}}