{"id":85921,"date":"2025-12-16T19:33:26","date_gmt":"2025-12-16T18:33:26","guid":{"rendered":"https:\/\/vosgesinfo.fr\/gerardmerinfo\/?p=85921"},"modified":"2025-12-17T17:26:04","modified_gmt":"2025-12-17T16:26:04","slug":"a-gerardmer-les-promesses-nengagent-que-ceux-qui-les-ecoutent","status":"publish","type":"post","link":"https:\/\/vosgesinfo.fr\/gerardmerinfo\/2025\/12\/a-gerardmer-les-promesses-nengagent-que-ceux-qui-les-ecoutent\/","title":{"rendered":"A G\u00e9rardmer, les promesses n&rsquo;engagent que ceux qui les \u00e9coutent !"},"content":{"rendered":"<p><a href=\"https:\/\/vosgesinfo.fr\/app\/uploads\/sites\/6\/2024\/07\/202002skiron.jpg\"><img decoding=\"async\" class=\"alignright wp-image-46928 size-medium\" src=\"https:\/\/vosgesinfo.fr\/app\/uploads\/sites\/6\/2024\/07\/202002skiron-300x225.jpg\" alt=\"\" width=\"300\" height=\"225\" srcset=\"https:\/\/vosgesinfo.fr\/app\/uploads\/sites\/6\/2024\/07\/202002skiron-300x225.jpg 300w, https:\/\/vosgesinfo.fr\/app\/uploads\/sites\/6\/2024\/07\/202002skiron-768x576.jpg 768w, https:\/\/vosgesinfo.fr\/app\/uploads\/sites\/6\/2024\/07\/202002skiron.jpg 800w\" sizes=\"(max-width: 300px) 100vw, 300px\" \/><\/a><br \/>\nEn d\u00e9but d&rsquo;ann\u00e9e 2025 la majorit\u00e9 municipale a pr\u00e9sent\u00e9 son budget dans lequel une ligne indiquait \u00ab\u00a0travaux sur parking pour 260 000 euros\u00a0\u00bb : le mot \u00ab\u00a0parcm\u00e8tre\u2019\u2019 n\u2019est surtout pas prononc\u00e9 alors que c\u2019est de cela dont il \u00e9tait question ; impossible \u00e0 ce moment l\u00e0 de comprendre les intentions de la municipalit\u00e9 et encore moins donc d\u2019en discuter.<br \/>\nLe 26 septembre 2025 au lendemain du conseil municipal nous apprenons par la presse que le maire veut installer 50 parcm\u00e8tres sans aucun d\u00e9bat ni consultation.<br \/>\nLes repr\u00e9sentants des deux listes minoritaires (Andr\u00e9 Jacquelin et moi-m\u00eame) sommes re\u00e7us par le maire. Nous lui demandons de suspendre cette commande ce qu&rsquo;il accepte. Il nous d\u00e9clare, ainsi qu&rsquo;\u00e0 la presse, que ce sera l\u2019\u00e9quipe \u00e9lue en mars prochain qui d\u00e9cidera ou non de l&rsquo;installation de stationnements payants.<br \/>\nSuite \u00e0 ma question pour savoir s&rsquo;il y aurait des p\u00e9nalit\u00e9s en cas de renoncement au projet, il me r\u00e9pond qu\u2019il n\u2019y en aura pas.<br \/>\nNous pensions \u00ab\u00a0Que le projet\u00a0\u00bb \u00e9tait en suspens tel que promis : or, nous venons d&rsquo;apprendre, non pas par la mairie, mais en externe, qu&rsquo;une commande de 30 machines \u00e9tait pass\u00e9e et qu&rsquo;elles \u00e9taient d\u00e9j\u00e0 livr\u00e9es !<br \/>\nDans le m\u00eame temps, lundi 15 d\u00e9cembre, lors d\u2019un groupe de travail pr\u00e9sent\u00e9 comme une r\u00e9flexion\/d\u00e9bat sur le stationnement payant, personne ne nous r\u00e9v\u00e8le cette information et je pose donc la question. Monsieur Speissmann Mozas et deux adjoints pr\u00e9sents reconnaissent qu\u2019effectivement, les appareils ont \u00e9t\u00e9 command\u00e9s et re\u00e7us afin d\u2019\u00eatre install\u00e9s \u00e0 l\u2019\u00e9t\u00e9 2026.<br \/>\nLe mensonge de septembre, nous annon\u00e7ant que c&rsquo;est \u00e0 l&rsquo;\u00e9quipe municipale \u00e9lue en mars prochain de d\u00e9cider de poursuivre ou non le projet est difficile \u00e0 avaler..<br \/>\nNe pouvant supporter cette mani\u00e8re scandaleuse de fonctionner j&rsquo;ai quitt\u00e9 cette r\u00e9union et d\u00e9cid\u00e9 de rendre publics ces agissements.<br \/>\n<strong>Pour G\u00e9rardmer Solidaire<\/strong><br \/>\n<strong>Eric Defranould<\/strong><\/p>\n","protected":false},"excerpt":{"rendered":"<p>En d\u00e9but d&rsquo;ann\u00e9e 2025 la majorit\u00e9 municipale a pr\u00e9sent\u00e9 son budget dans lequel une ligne indiquait \u00ab\u00a0travaux sur parking pour [&hellip;]<\/p>\n","protected":false},"author":391,"featured_media":46928,"comment_status":"open","ping_status":"open","sticky":false,"template":"","format":"standard","meta":{"footnotes":""},"categories":[20,5647,10],"tags":[],"class_list":["post-85921","post","type-post","status-publish","format-standard","has-post-thumbnail","hentry","category-a-la-une","category-gerardmer-autres-sites","category-politique"],"acf":[],"yoast_head":"<!-- This site is optimized with the Yoast SEO plugin v22.5 - https:\/\/yoast.com\/wordpress\/plugins\/seo\/ -->\n<title>A G\u00e9rardmer, les promesses n&#039;engagent que ceux qui les \u00e9coutent ! - Gerardmer Info<\/title>\n<meta name=\"robots\" content=\"index, follow, max-snippet:-1, max-image-preview:large, max-video-preview:-1\" \/>\n<link rel=\"canonical\" href=\"https:\/\/vosgesinfo.fr\/gerardmerinfo\/2025\/12\/a-gerardmer-les-promesses-nengagent-que-ceux-qui-les-ecoutent\/\" \/>\n<meta name=\"twitter:card\" content=\"summary_large_image\" \/>\n<meta name=\"twitter:title\" content=\"A G\u00e9rardmer, les promesses n&#039;engagent que ceux qui les \u00e9coutent ! - Gerardmer Info\" \/>\n<meta name=\"twitter:description\" content=\"En d\u00e9but d&rsquo;ann\u00e9e 2025 la majorit\u00e9 municipale a pr\u00e9sent\u00e9 son budget dans lequel une ligne indiquait \u00ab\u00a0travaux sur parking pour [&hellip;]\" \/>\n<meta name=\"twitter:image\" content=\"https:\/\/vosgesinfo.fr\/app\/uploads\/sites\/6\/2024\/07\/202002skiron.jpg\" \/>\n<meta name=\"twitter:creator\" content=\"@VosgesInfo88\" \/>\n<meta name=\"twitter:site\" content=\"@VosgesInfo88\" \/>\n<meta name=\"twitter:label1\" content=\"\u00c9crit par\" \/>\n\t<meta name=\"twitter:data1\" content=\"La redaction\" \/>\n\t<meta name=\"twitter:label2\" content=\"Dur\u00e9e de lecture estim\u00e9e\" \/>\n\t<meta name=\"twitter:data2\" content=\"2 minutes\" \/>\n<script type=\"application\/ld+json\" class=\"yoast-schema-graph\">{\"@context\":\"https:\/\/schema.org\",\"@graph\":[{\"@type\":\"Article\",\"@id\":\"https:\/\/vosgesinfo.fr\/gerardmerinfo\/2025\/12\/a-gerardmer-les-promesses-nengagent-que-ceux-qui-les-ecoutent\/#article\",\"isPartOf\":{\"@id\":\"https:\/\/vosgesinfo.fr\/gerardmerinfo\/2025\/12\/a-gerardmer-les-promesses-nengagent-que-ceux-qui-les-ecoutent\/\"},\"author\":{\"name\":\"La redaction\",\"@id\":\"https:\/\/vosgesinfo.fr\/gerardmerinfo\/#\/schema\/person\/27a3695b06db98895b354c0765cdfc31\"},\"headline\":\"A G\u00e9rardmer, les promesses n&rsquo;engagent que ceux qui les \u00e9coutent !\",\"datePublished\":\"2025-12-16T18:33:26+00:00\",\"dateModified\":\"2025-12-17T16:26:04+00:00\",\"mainEntityOfPage\":{\"@id\":\"https:\/\/vosgesinfo.fr\/gerardmerinfo\/2025\/12\/a-gerardmer-les-promesses-nengagent-que-ceux-qui-les-ecoutent\/\"},\"wordCount\":350,\"commentCount\":10,\"publisher\":{\"@id\":\"https:\/\/vosgesinfo.fr\/gerardmerinfo\/#organization\"},\"image\":{\"@id\":\"https:\/\/vosgesinfo.fr\/gerardmerinfo\/2025\/12\/a-gerardmer-les-promesses-nengagent-que-ceux-qui-les-ecoutent\/#primaryimage\"},\"thumbnailUrl\":\"https:\/\/vosgesinfo.fr\/app\/uploads\/sites\/6\/2024\/07\/202002skiron.jpg\",\"articleSection\":[\"A la une\",\"Gerardmer\",\"Politique\"],\"inLanguage\":\"fr-FR\",\"potentialAction\":[{\"@type\":\"CommentAction\",\"name\":\"Comment\",\"target\":[\"https:\/\/vosgesinfo.fr\/gerardmerinfo\/2025\/12\/a-gerardmer-les-promesses-nengagent-que-ceux-qui-les-ecoutent\/#respond\"]}]},{\"@type\":\"WebPage\",\"@id\":\"https:\/\/vosgesinfo.fr\/gerardmerinfo\/2025\/12\/a-gerardmer-les-promesses-nengagent-que-ceux-qui-les-ecoutent\/\",\"url\":\"https:\/\/vosgesinfo.fr\/gerardmerinfo\/2025\/12\/a-gerardmer-les-promesses-nengagent-que-ceux-qui-les-ecoutent\/\",\"name\":\"A G\u00e9rardmer, les promesses n'engagent que ceux qui les \u00e9coutent ! - Gerardmer Info\",\"isPartOf\":{\"@id\":\"https:\/\/vosgesinfo.fr\/gerardmerinfo\/#website\"},\"primaryImageOfPage\":{\"@id\":\"https:\/\/vosgesinfo.fr\/gerardmerinfo\/2025\/12\/a-gerardmer-les-promesses-nengagent-que-ceux-qui-les-ecoutent\/#primaryimage\"},\"image\":{\"@id\":\"https:\/\/vosgesinfo.fr\/gerardmerinfo\/2025\/12\/a-gerardmer-les-promesses-nengagent-que-ceux-qui-les-ecoutent\/#primaryimage\"},\"thumbnailUrl\":\"https:\/\/vosgesinfo.fr\/app\/uploads\/sites\/6\/2024\/07\/202002skiron.jpg\",\"datePublished\":\"2025-12-16T18:33:26+00:00\",\"dateModified\":\"2025-12-17T16:26:04+00:00\",\"breadcrumb\":{\"@id\":\"https:\/\/vosgesinfo.fr\/gerardmerinfo\/2025\/12\/a-gerardmer-les-promesses-nengagent-que-ceux-qui-les-ecoutent\/#breadcrumb\"},\"inLanguage\":\"fr-FR\",\"potentialAction\":[{\"@type\":\"ReadAction\",\"target\":[\"https:\/\/vosgesinfo.fr\/gerardmerinfo\/2025\/12\/a-gerardmer-les-promesses-nengagent-que-ceux-qui-les-ecoutent\/\"]}]},{\"@type\":\"ImageObject\",\"inLanguage\":\"fr-FR\",\"@id\":\"https:\/\/vosgesinfo.fr\/gerardmerinfo\/2025\/12\/a-gerardmer-les-promesses-nengagent-que-ceux-qui-les-ecoutent\/#primaryimage\",\"url\":\"https:\/\/vosgesinfo.fr\/app\/uploads\/sites\/6\/2024\/07\/202002skiron.jpg\",\"contentUrl\":\"https:\/\/vosgesinfo.fr\/app\/uploads\/sites\/6\/2024\/07\/202002skiron.jpg\",\"width\":800,\"height\":600},{\"@type\":\"BreadcrumbList\",\"@id\":\"https:\/\/vosgesinfo.fr\/gerardmerinfo\/2025\/12\/a-gerardmer-les-promesses-nengagent-que-ceux-qui-les-ecoutent\/#breadcrumb\",\"itemListElement\":[{\"@type\":\"ListItem\",\"position\":1,\"name\":\"Home\",\"item\":\"https:\/\/vosgesinfo.fr\/gerardmerinfo\/\"},{\"@type\":\"ListItem\",\"position\":2,\"name\":\"A G\u00e9rardmer, les promesses n&#8217;engagent que ceux qui les \u00e9coutent !\"}]},{\"@type\":\"WebSite\",\"@id\":\"https:\/\/vosgesinfo.fr\/gerardmerinfo\/#website\",\"url\":\"https:\/\/vosgesinfo.fr\/gerardmerinfo\/\",\"name\":\"Gerardmer Info\",\"description\":\"Toute l&#039;actualit\u00e9 de G\u00e9rardmer\",\"publisher\":{\"@id\":\"https:\/\/vosgesinfo.fr\/gerardmerinfo\/#organization\"},\"alternateName\":\"Toute l'actualit\u00e9 de G\u00e9rardmer\",\"potentialAction\":[{\"@type\":\"SearchAction\",\"target\":{\"@type\":\"EntryPoint\",\"urlTemplate\":\"https:\/\/vosgesinfo.fr\/gerardmerinfo\/?s={search_term_string}\"},\"query-input\":\"required name=search_term_string\"}],\"inLanguage\":\"fr-FR\"},{\"@type\":\"Organization\",\"@id\":\"https:\/\/vosgesinfo.fr\/gerardmerinfo\/#organization\",\"name\":\"Gerardmer Info\",\"url\":\"https:\/\/vosgesinfo.fr\/gerardmerinfo\/\",\"logo\":{\"@type\":\"ImageObject\",\"inLanguage\":\"fr-FR\",\"@id\":\"https:\/\/vosgesinfo.fr\/gerardmerinfo\/#\/schema\/logo\/image\/\",\"url\":\"https:\/\/vosgesinfo.fr\/app\/uploads\/sites\/6\/2023\/08\/favicon-gerardmerinfo.png\",\"contentUrl\":\"https:\/\/vosgesinfo.fr\/app\/uploads\/sites\/6\/2023\/08\/favicon-gerardmerinfo.png\",\"width\":512,\"height\":512,\"caption\":\"Gerardmer Info\"},\"image\":{\"@id\":\"https:\/\/vosgesinfo.fr\/gerardmerinfo\/#\/schema\/logo\/image\/\"},\"sameAs\":[\"https:\/\/www.facebook.com\/profile.php?id=100049475262660\",\"https:\/\/x.com\/VosgesInfo88\",\"https:\/\/www.youtube.com\/@vosgesinfo\"]},{\"@type\":\"Person\",\"@id\":\"https:\/\/vosgesinfo.fr\/gerardmerinfo\/#\/schema\/person\/27a3695b06db98895b354c0765cdfc31\",\"name\":\"La redaction\",\"image\":{\"@type\":\"ImageObject\",\"inLanguage\":\"fr-FR\",\"@id\":\"https:\/\/vosgesinfo.fr\/gerardmerinfo\/#\/schema\/person\/image\/\",\"url\":\"https:\/\/secure.gravatar.com\/avatar\/64c76a78e501cedee55736f43f332df901e1896ae9cd8fad269ae2236dd0e8b6?s=96&d=mm&r=g\",\"contentUrl\":\"https:\/\/secure.gravatar.com\/avatar\/64c76a78e501cedee55736f43f332df901e1896ae9cd8fad269ae2236dd0e8b6?s=96&d=mm&r=g\",\"caption\":\"La redaction\"},\"url\":\"https:\/\/vosgesinfo.fr\/gerardmerinfo\/author\/la-redaction\/\"}]}<\/script>\n<!-- \/ Yoast SEO plugin. -->","yoast_head_json":{"title":"A G\u00e9rardmer, les promesses n'engagent que ceux qui les \u00e9coutent ! - Gerardmer Info","robots":{"index":"index","follow":"follow","max-snippet":"max-snippet:-1","max-image-preview":"max-image-preview:large","max-video-preview":"max-video-preview:-1"},"canonical":"https:\/\/vosgesinfo.fr\/gerardmerinfo\/2025\/12\/a-gerardmer-les-promesses-nengagent-que-ceux-qui-les-ecoutent\/","twitter_card":"summary_large_image","twitter_title":"A G\u00e9rardmer, les promesses n'engagent que ceux qui les \u00e9coutent ! - Gerardmer Info","twitter_description":"En d\u00e9but d&rsquo;ann\u00e9e 2025 la majorit\u00e9 municipale a pr\u00e9sent\u00e9 son budget dans lequel une ligne indiquait \u00ab\u00a0travaux sur parking pour [&hellip;]","twitter_image":"https:\/\/vosgesinfo.fr\/app\/uploads\/sites\/6\/2024\/07\/202002skiron.jpg","twitter_creator":"@VosgesInfo88","twitter_site":"@VosgesInfo88","twitter_misc":{"\u00c9crit par":"La redaction","Dur\u00e9e de lecture estim\u00e9e":"2 minutes"},"schema":{"@context":"https:\/\/schema.org","@graph":[{"@type":"Article","@id":"https:\/\/vosgesinfo.fr\/gerardmerinfo\/2025\/12\/a-gerardmer-les-promesses-nengagent-que-ceux-qui-les-ecoutent\/#article","isPartOf":{"@id":"https:\/\/vosgesinfo.fr\/gerardmerinfo\/2025\/12\/a-gerardmer-les-promesses-nengagent-que-ceux-qui-les-ecoutent\/"},"author":{"name":"La redaction","@id":"https:\/\/vosgesinfo.fr\/gerardmerinfo\/#\/schema\/person\/27a3695b06db98895b354c0765cdfc31"},"headline":"A G\u00e9rardmer, les promesses n&rsquo;engagent que ceux qui les \u00e9coutent !","datePublished":"2025-12-16T18:33:26+00:00","dateModified":"2025-12-17T16:26:04+00:00","mainEntityOfPage":{"@id":"https:\/\/vosgesinfo.fr\/gerardmerinfo\/2025\/12\/a-gerardmer-les-promesses-nengagent-que-ceux-qui-les-ecoutent\/"},"wordCount":350,"commentCount":10,"publisher":{"@id":"https:\/\/vosgesinfo.fr\/gerardmerinfo\/#organization"},"image":{"@id":"https:\/\/vosgesinfo.fr\/gerardmerinfo\/2025\/12\/a-gerardmer-les-promesses-nengagent-que-ceux-qui-les-ecoutent\/#primaryimage"},"thumbnailUrl":"https:\/\/vosgesinfo.fr\/app\/uploads\/sites\/6\/2024\/07\/202002skiron.jpg","articleSection":["A la une","Gerardmer","Politique"],"inLanguage":"fr-FR","potentialAction":[{"@type":"CommentAction","name":"Comment","target":["https:\/\/vosgesinfo.fr\/gerardmerinfo\/2025\/12\/a-gerardmer-les-promesses-nengagent-que-ceux-qui-les-ecoutent\/#respond"]}]},{"@type":"WebPage","@id":"https:\/\/vosgesinfo.fr\/gerardmerinfo\/2025\/12\/a-gerardmer-les-promesses-nengagent-que-ceux-qui-les-ecoutent\/","url":"https:\/\/vosgesinfo.fr\/gerardmerinfo\/2025\/12\/a-gerardmer-les-promesses-nengagent-que-ceux-qui-les-ecoutent\/","name":"A G\u00e9rardmer, les promesses n'engagent que ceux qui les \u00e9coutent ! - Gerardmer Info","isPartOf":{"@id":"https:\/\/vosgesinfo.fr\/gerardmerinfo\/#website"},"primaryImageOfPage":{"@id":"https:\/\/vosgesinfo.fr\/gerardmerinfo\/2025\/12\/a-gerardmer-les-promesses-nengagent-que-ceux-qui-les-ecoutent\/#primaryimage"},"image":{"@id":"https:\/\/vosgesinfo.fr\/gerardmerinfo\/2025\/12\/a-gerardmer-les-promesses-nengagent-que-ceux-qui-les-ecoutent\/#primaryimage"},"thumbnailUrl":"https:\/\/vosgesinfo.fr\/app\/uploads\/sites\/6\/2024\/07\/202002skiron.jpg","datePublished":"2025-12-16T18:33:26+00:00","dateModified":"2025-12-17T16:26:04+00:00","breadcrumb":{"@id":"https:\/\/vosgesinfo.fr\/gerardmerinfo\/2025\/12\/a-gerardmer-les-promesses-nengagent-que-ceux-qui-les-ecoutent\/#breadcrumb"},"inLanguage":"fr-FR","potentialAction":[{"@type":"ReadAction","target":["https:\/\/vosgesinfo.fr\/gerardmerinfo\/2025\/12\/a-gerardmer-les-promesses-nengagent-que-ceux-qui-les-ecoutent\/"]}]},{"@type":"ImageObject","inLanguage":"fr-FR","@id":"https:\/\/vosgesinfo.fr\/gerardmerinfo\/2025\/12\/a-gerardmer-les-promesses-nengagent-que-ceux-qui-les-ecoutent\/#primaryimage","url":"https:\/\/vosgesinfo.fr\/app\/uploads\/sites\/6\/2024\/07\/202002skiron.jpg","contentUrl":"https:\/\/vosgesinfo.fr\/app\/uploads\/sites\/6\/2024\/07\/202002skiron.jpg","width":800,"height":600},{"@type":"BreadcrumbList","@id":"https:\/\/vosgesinfo.fr\/gerardmerinfo\/2025\/12\/a-gerardmer-les-promesses-nengagent-que-ceux-qui-les-ecoutent\/#breadcrumb","itemListElement":[{"@type":"ListItem","position":1,"name":"Home","item":"https:\/\/vosgesinfo.fr\/gerardmerinfo\/"},{"@type":"ListItem","position":2,"name":"A G\u00e9rardmer, les promesses n&#8217;engagent que ceux qui les \u00e9coutent !"}]},{"@type":"WebSite","@id":"https:\/\/vosgesinfo.fr\/gerardmerinfo\/#website","url":"https:\/\/vosgesinfo.fr\/gerardmerinfo\/","name":"Gerardmer Info","description":"Toute l&#039;actualit\u00e9 de G\u00e9rardmer","publisher":{"@id":"https:\/\/vosgesinfo.fr\/gerardmerinfo\/#organization"},"alternateName":"Toute l'actualit\u00e9 de G\u00e9rardmer","potentialAction":[{"@type":"SearchAction","target":{"@type":"EntryPoint","urlTemplate":"https:\/\/vosgesinfo.fr\/gerardmerinfo\/?s={search_term_string}"},"query-input":"required name=search_term_string"}],"inLanguage":"fr-FR"},{"@type":"Organization","@id":"https:\/\/vosgesinfo.fr\/gerardmerinfo\/#organization","name":"Gerardmer Info","url":"https:\/\/vosgesinfo.fr\/gerardmerinfo\/","logo":{"@type":"ImageObject","inLanguage":"fr-FR","@id":"https:\/\/vosgesinfo.fr\/gerardmerinfo\/#\/schema\/logo\/image\/","url":"https:\/\/vosgesinfo.fr\/app\/uploads\/sites\/6\/2023\/08\/favicon-gerardmerinfo.png","contentUrl":"https:\/\/vosgesinfo.fr\/app\/uploads\/sites\/6\/2023\/08\/favicon-gerardmerinfo.png","width":512,"height":512,"caption":"Gerardmer Info"},"image":{"@id":"https:\/\/vosgesinfo.fr\/gerardmerinfo\/#\/schema\/logo\/image\/"},"sameAs":["https:\/\/www.facebook.com\/profile.php?id=100049475262660","https:\/\/x.com\/VosgesInfo88","https:\/\/www.youtube.com\/@vosgesinfo"]},{"@type":"Person","@id":"https:\/\/vosgesinfo.fr\/gerardmerinfo\/#\/schema\/person\/27a3695b06db98895b354c0765cdfc31","name":"La redaction","image":{"@type":"ImageObject","inLanguage":"fr-FR","@id":"https:\/\/vosgesinfo.fr\/gerardmerinfo\/#\/schema\/person\/image\/","url":"https:\/\/secure.gravatar.com\/avatar\/64c76a78e501cedee55736f43f332df901e1896ae9cd8fad269ae2236dd0e8b6?s=96&d=mm&r=g","contentUrl":"https:\/\/secure.gravatar.com\/avatar\/64c76a78e501cedee55736f43f332df901e1896ae9cd8fad269ae2236dd0e8b6?s=96&d=mm&r=g","caption":"La redaction"},"url":"https:\/\/vosgesinfo.fr\/gerardmerinfo\/author\/la-redaction\/"}]}},"_links":{"self":[{"href":"https:\/\/vosgesinfo.fr\/gerardmerinfo\/wp-json\/wp\/v2\/posts\/85921","targetHints":{"allow":["GET"]}}],"collection":[{"href":"https:\/\/vosgesinfo.fr\/gerardmerinfo\/wp-json\/wp\/v2\/posts"}],"about":[{"href":"https:\/\/vosgesinfo.fr\/gerardmerinfo\/wp-json\/wp\/v2\/types\/post"}],"author":[{"embeddable":true,"href":"https:\/\/vosgesinfo.fr\/gerardmerinfo\/wp-json\/wp\/v2\/users\/391"}],"replies":[{"embeddable":true,"href":"https:\/\/vosgesinfo.fr\/gerardmerinfo\/wp-json\/wp\/v2\/comments?post=85921"}],"version-history":[{"count":2,"href":"https:\/\/vosgesinfo.fr\/gerardmerinfo\/wp-json\/wp\/v2\/posts\/85921\/revisions"}],"predecessor-version":[{"id":85949,"href":"https:\/\/vosgesinfo.fr\/gerardmerinfo\/wp-json\/wp\/v2\/posts\/85921\/revisions\/85949"}],"wp:featuredmedia":[{"embeddable":true,"href":"https:\/\/vosgesinfo.fr\/gerardmerinfo\/wp-json\/wp\/v2\/media\/46928"}],"wp:attachment":[{"href":"https:\/\/vosgesinfo.fr\/gerardmerinfo\/wp-json\/wp\/v2\/media?parent=85921"}],"wp:term":[{"taxonomy":"category","embeddable":true,"href":"https:\/\/vosgesinfo.fr\/gerardmerinfo\/wp-json\/wp\/v2\/categories?post=85921"},{"taxonomy":"post_tag","embeddable":true,"href":"https:\/\/vosgesinfo.fr\/gerardmerinfo\/wp-json\/wp\/v2\/tags?post=85921"}],"curies":[{"name":"wp","href":"https:\/\/api.w.org\/{rel}","templated":true}]}}