{"id":86389,"date":"2026-01-04T14:17:10","date_gmt":"2026-01-04T13:17:10","guid":{"rendered":"https:\/\/vosgesinfo.fr\/gerardmerinfo\/?p=86389"},"modified":"2026-01-05T13:31:39","modified_gmt":"2026-01-05T12:31:39","slug":"gerardmer-des-voeux-places-sous-le-signe-de-la-solidarite-du-rassemblement-fraternel","status":"publish","type":"post","link":"https:\/\/vosgesinfo.fr\/gerardmerinfo\/2026\/01\/gerardmer-des-voeux-places-sous-le-signe-de-la-solidarite-du-rassemblement-fraternel\/","title":{"rendered":"G\u00e9rardmer &#8211; des v\u0153ux plac\u00e9s sous le signe de la solidarit\u00e9 &#038; du rassemblement fraternel"},"content":{"rendered":"<p data-pm-slice=\"1 1 []\"><a href=\"https:\/\/vosgesinfo.fr\/app\/uploads\/sites\/6\/2026\/01\/voeux-maire-gerardmer-4.jpg\"><img decoding=\"async\" class=\"aligncenter size-large wp-image-86392\" src=\"https:\/\/vosgesinfo.fr\/app\/uploads\/sites\/6\/2026\/01\/voeux-maire-gerardmer-4-1024x768.jpg\" alt=\"\" width=\"1024\" height=\"768\" srcset=\"https:\/\/vosgesinfo.fr\/app\/uploads\/sites\/6\/2026\/01\/voeux-maire-gerardmer-4-1024x768.jpg 1024w, https:\/\/vosgesinfo.fr\/app\/uploads\/sites\/6\/2026\/01\/voeux-maire-gerardmer-4-300x225.jpg 300w, https:\/\/vosgesinfo.fr\/app\/uploads\/sites\/6\/2026\/01\/voeux-maire-gerardmer-4-768x576.jpg 768w, https:\/\/vosgesinfo.fr\/app\/uploads\/sites\/6\/2026\/01\/voeux-maire-gerardmer-4.jpg 1440w\" sizes=\"(max-width: 1024px) 100vw, 1024px\" \/><\/a><\/p>\n<p data-pm-slice=\"1 1 []\"><strong>La traditionnelle c\u00e9r\u00e9monie des v\u0153ux du maire de G\u00e9rardmer avait lieu ce dimanche matin au Grand Salon de l&rsquo;h\u00f4tel de ville o\u00f9 les repr\u00e9sentants des autorit\u00e9s locales et du monde associatif \u00e9taient convi\u00e9s.<\/strong><\/p>\n<p><a href=\"https:\/\/vosgesinfo.fr\/app\/uploads\/sites\/6\/2026\/01\/voeux-maire-gerardmer-3.jpg\"><img decoding=\"async\" class=\"alignright size-medium wp-image-86391\" src=\"https:\/\/vosgesinfo.fr\/app\/uploads\/sites\/6\/2026\/01\/voeux-maire-gerardmer-3-300x225.jpg\" alt=\"\" width=\"300\" height=\"225\" srcset=\"https:\/\/vosgesinfo.fr\/app\/uploads\/sites\/6\/2026\/01\/voeux-maire-gerardmer-3-300x225.jpg 300w, https:\/\/vosgesinfo.fr\/app\/uploads\/sites\/6\/2026\/01\/voeux-maire-gerardmer-3-1024x768.jpg 1024w, https:\/\/vosgesinfo.fr\/app\/uploads\/sites\/6\/2026\/01\/voeux-maire-gerardmer-3-768x576.jpg 768w, https:\/\/vosgesinfo.fr\/app\/uploads\/sites\/6\/2026\/01\/voeux-maire-gerardmer-3.jpg 1440w\" sizes=\"(max-width: 300px) 100vw, 300px\" \/><\/a>Des v\u0153ux que le premier magistrat a notamment souhait\u00e9 placer sous le signe de la solidarit\u00e9 et du rassemblement fraternel. Un premier pilier solidaire indispensable au bien-vivre ensemble et faisant r\u00e9f\u00e9rence \u00e0 une longue histoire de la France que G\u00e9rardmer s&rsquo;efforce de perp\u00e9tuer \u00e0 travers le progr\u00e8s et la libert\u00e9 afin de lutter contre l&rsquo;injustice et l&rsquo;intol\u00e9rance. C&rsquo;est ainsi que la ville \u00e9chappe au racisme et reste ouverte et fraternelle. La fraternit\u00e9, un second pilier auquel Stessy Speissmann a souhait\u00e9 faire r\u00e9f\u00e9rence, invitant les G\u00e9r\u00f4mois\u00a0\u00e0 se rassembler autour de la tol\u00e9rance et du respect, mais aussi \u00e0 privil\u00e9gier ce qui unit et non ce qui divise pour \u00eatre plus forts. Une fraternit\u00e9 synonyme d&rsquo;ambition de faire changer les choses et de tendre la main \u00e0 ceux qui en ont besoin tout en privil\u00e9giant l&rsquo;int\u00e9r\u00eat g\u00e9n\u00e9ral sur l&rsquo;individualisme, la justice sociale sur l&rsquo;abus des profits. C&rsquo;est en synth\u00e8se ce que le maire g\u00e9r\u00f4mois a appel\u00e9 de ses v\u0153ux pour 2026, en souhaitant \u00e0 tous les G\u00e9r\u00f4mois de conserver une bonne sant\u00e9 ainsi que le bonheur d&rsquo;aimer et d&rsquo;\u00eatre aim\u00e9.<\/p>\n<p><a href=\"https:\/\/vosgesinfo.fr\/app\/uploads\/sites\/6\/2026\/01\/voeux-maire-gerardmer-2.jpg\"><img decoding=\"async\" class=\"alignright size-medium wp-image-86390\" src=\"https:\/\/vosgesinfo.fr\/app\/uploads\/sites\/6\/2026\/01\/voeux-maire-gerardmer-2-300x225.jpg\" alt=\"\" width=\"300\" height=\"225\" srcset=\"https:\/\/vosgesinfo.fr\/app\/uploads\/sites\/6\/2026\/01\/voeux-maire-gerardmer-2-300x225.jpg 300w, https:\/\/vosgesinfo.fr\/app\/uploads\/sites\/6\/2026\/01\/voeux-maire-gerardmer-2-1024x768.jpg 1024w, https:\/\/vosgesinfo.fr\/app\/uploads\/sites\/6\/2026\/01\/voeux-maire-gerardmer-2-768x576.jpg 768w, https:\/\/vosgesinfo.fr\/app\/uploads\/sites\/6\/2026\/01\/voeux-maire-gerardmer-2.jpg 1440w\" sizes=\"(max-width: 300px) 100vw, 300px\" \/><\/a>Stessy Speissmann Mozas est \u00e9galement bri\u00e8vement revenu sur quelques temps forts de l&rsquo;ann\u00e9e pass\u00e9e, \u00e9voquant ainsi le 150\u1d49 anniversaire de l&rsquo;Office de tourisme, le retour des feux d&rsquo;artifice du 14 juillet et du 15 ao\u00fbt ainsi qu&rsquo;un programme d&rsquo;animations particuli\u00e8rement dense. Une preuve suppl\u00e9mentaire de l&rsquo;attractivit\u00e9 et de la qualit\u00e9 d&rsquo;accueil de la perle des Vosges. le tout sans oublier le troph\u00e9e \u00ab\u00a0La Marianne du civisme\u00a0\u00bb que G\u00e9rardmer a re\u00e7u le 14 mars dernier par l\u2019association des anciens maires et adjoints des Vosges ADAMA-88 (<a class=\"qbe-widget\" href=\"https:\/\/www.mairie-gerardmer.fr\/actualites\/358-troph%C3%A9e-%C2%AB-marianne-du-civisme-%C2%BB-f%C3%A9licitations-%C3%A0-tous-les-g%C3%A9r%C3%B4mois\" target=\"_blank\" rel=\"noopener\">en savoir plus ici<\/a>). Une r\u00e9compense qui t\u00e9moigne de l&rsquo;engagement des G\u00e9r\u00f4mois envers leur ville et les valeurs d\u00e9mocratiques.<\/p>\n<p><a href=\"https:\/\/vosgesinfo.fr\/app\/uploads\/sites\/6\/2026\/01\/voeux-maire-gerardmer-1.jpg\"><img decoding=\"async\" class=\"alignright size-medium wp-image-86393\" src=\"https:\/\/vosgesinfo.fr\/app\/uploads\/sites\/6\/2026\/01\/voeux-maire-gerardmer-1-225x300.jpg\" alt=\"\" width=\"225\" height=\"300\" srcset=\"https:\/\/vosgesinfo.fr\/app\/uploads\/sites\/6\/2026\/01\/voeux-maire-gerardmer-1-225x300.jpg 225w, https:\/\/vosgesinfo.fr\/app\/uploads\/sites\/6\/2026\/01\/voeux-maire-gerardmer-1-768x1024.jpg 768w, https:\/\/vosgesinfo.fr\/app\/uploads\/sites\/6\/2026\/01\/voeux-maire-gerardmer-1.jpg 810w\" sizes=\"(max-width: 225px) 100vw, 225px\" \/><\/a>Pr\u00e9sent \u00e0 cette c\u00e9r\u00e9monie, le conseiller d\u00e9partemental Thomas Gion a \u00e9galement pris la parole pour souhaiter une bonne ann\u00e9e \u00e0 ses concitoyens et rappeler le soutien de la collectivit\u00e9 qu&rsquo;il repr\u00e9sente. Soutien qui se poursuivra en 2026, ann\u00e9e que le conseil d\u00e9partemental souhaite placer sous le signe de la coop\u00e9ration territoriale, de la confiance vis-\u00e0-vis des acteurs publics, et enfin de l&rsquo;engagement collectif. Pour sa part, le d\u00e9put\u00e9 Christophe Naegelen s&rsquo;est voulu rassurant dans son intervention, d\u00e9clarant que \u00ab\u00a0la situation est moins critique que ce que l&rsquo;on voit dans les grands m\u00e9dias qui ont tendance \u00e0 se focaliser plus sur le n\u00e9gatif\u00a0\u00bb. Le d\u00e9put\u00e9 invite \u00e0 se concentrer sur le positif, \u00e9voquant entre autres \u00ab\u00a0nos associations et notre \u00e9conomie qui constituent le point fort de notre territoire\u00a0\u00bb, formulant \u00e9galement le v\u0153u que les services publics y soient toujours pr\u00e9sents et performants. Ce dernier a enfin repris ce terme de \u00ab\u00a0concorde\u00a0\u00bb utilis\u00e9 par Stessy Speissmann Mozas un peu plus t\u00f4t, insistant une derni\u00e8re fois sur le fait que l&rsquo;union fait et fera toujours la force, surtout dans les heures difficiles. \u00ab\u00a0Tous soud\u00e9s\u00a0\u00bb, comme disait Le Rat Luciano !<\/p>\n","protected":false},"excerpt":{"rendered":"<p>La traditionnelle c\u00e9r\u00e9monie des v\u0153ux du maire de G\u00e9rardmer avait lieu ce dimanche matin au Grand Salon de l&rsquo;h\u00f4tel de [&hellip;]<\/p>\n","protected":false},"author":42,"featured_media":86391,"comment_status":"open","ping_status":"open","sticky":false,"template":"","format":"standard","meta":{"footnotes":""},"categories":[20,5647,13,26],"tags":[110,6338,112],"class_list":["post-86389","post","type-post","status-publish","format-standard","has-post-thumbnail","hentry","category-a-la-une","category-gerardmer-autres-sites","category-societe","category-solidarite","tag-christophe-naegelen","tag-stessy-speissmann-mozas","tag-thomas-gion"],"acf":[],"yoast_head":"<!-- This site is optimized with the Yoast SEO plugin v22.5 - https:\/\/yoast.com\/wordpress\/plugins\/seo\/ -->\n<title>G\u00e9rardmer - des v\u0153ux plac\u00e9s sous le signe de la solidarit\u00e9 &amp; du rassemblement fraternel - Gerardmer Info<\/title>\n<meta name=\"robots\" content=\"index, follow, max-snippet:-1, max-image-preview:large, max-video-preview:-1\" \/>\n<link rel=\"canonical\" href=\"https:\/\/vosgesinfo.fr\/gerardmerinfo\/2026\/01\/gerardmer-des-voeux-places-sous-le-signe-de-la-solidarite-du-rassemblement-fraternel\/\" \/>\n<meta name=\"twitter:card\" content=\"summary_large_image\" \/>\n<meta name=\"twitter:title\" content=\"G\u00e9rardmer - des v\u0153ux plac\u00e9s sous le signe de la solidarit\u00e9 &amp; du rassemblement fraternel - Gerardmer Info\" \/>\n<meta name=\"twitter:description\" content=\"La traditionnelle c\u00e9r\u00e9monie des v\u0153ux du maire de G\u00e9rardmer avait lieu ce dimanche matin au Grand Salon de l&rsquo;h\u00f4tel de [&hellip;]\" \/>\n<meta name=\"twitter:image\" content=\"https:\/\/vosgesinfo.fr\/app\/uploads\/sites\/6\/2026\/01\/voeux-maire-gerardmer-3.jpg\" \/>\n<meta name=\"twitter:creator\" content=\"@VosgesInfo88\" \/>\n<meta name=\"twitter:site\" content=\"@VosgesInfo88\" \/>\n<meta name=\"twitter:label1\" content=\"\u00c9crit par\" \/>\n\t<meta name=\"twitter:data1\" content=\"QG\" \/>\n\t<meta name=\"twitter:label2\" content=\"Dur\u00e9e de lecture estim\u00e9e\" \/>\n\t<meta name=\"twitter:data2\" content=\"2 minutes\" \/>\n<script type=\"application\/ld+json\" class=\"yoast-schema-graph\">{\"@context\":\"https:\/\/schema.org\",\"@graph\":[{\"@type\":\"Article\",\"@id\":\"https:\/\/vosgesinfo.fr\/gerardmerinfo\/2026\/01\/gerardmer-des-voeux-places-sous-le-signe-de-la-solidarite-du-rassemblement-fraternel\/#article\",\"isPartOf\":{\"@id\":\"https:\/\/vosgesinfo.fr\/gerardmerinfo\/2026\/01\/gerardmer-des-voeux-places-sous-le-signe-de-la-solidarite-du-rassemblement-fraternel\/\"},\"author\":{\"name\":\"QG\",\"@id\":\"https:\/\/vosgesinfo.fr\/gerardmerinfo\/#\/schema\/person\/db5605779a843dad16b5368f3e7613a5\"},\"headline\":\"G\u00e9rardmer &#8211; des v\u0153ux plac\u00e9s sous le signe de la solidarit\u00e9 &#038; du rassemblement fraternel\",\"datePublished\":\"2026-01-04T13:17:10+00:00\",\"dateModified\":\"2026-01-05T12:31:39+00:00\",\"mainEntityOfPage\":{\"@id\":\"https:\/\/vosgesinfo.fr\/gerardmerinfo\/2026\/01\/gerardmer-des-voeux-places-sous-le-signe-de-la-solidarite-du-rassemblement-fraternel\/\"},\"wordCount\":594,\"commentCount\":0,\"publisher\":{\"@id\":\"https:\/\/vosgesinfo.fr\/gerardmerinfo\/#organization\"},\"image\":{\"@id\":\"https:\/\/vosgesinfo.fr\/gerardmerinfo\/2026\/01\/gerardmer-des-voeux-places-sous-le-signe-de-la-solidarite-du-rassemblement-fraternel\/#primaryimage\"},\"thumbnailUrl\":\"https:\/\/vosgesinfo.fr\/app\/uploads\/sites\/6\/2026\/01\/voeux-maire-gerardmer-3.jpg\",\"keywords\":[\"christophe Naegelen\",\"Stessy Speissmann Mozas\",\"Thomas Gion\"],\"articleSection\":[\"A la une\",\"Gerardmer\",\"Soci\u00e9t\u00e9\",\"solidarit\u00e9\"],\"inLanguage\":\"fr-FR\",\"potentialAction\":[{\"@type\":\"CommentAction\",\"name\":\"Comment\",\"target\":[\"https:\/\/vosgesinfo.fr\/gerardmerinfo\/2026\/01\/gerardmer-des-voeux-places-sous-le-signe-de-la-solidarite-du-rassemblement-fraternel\/#respond\"]}]},{\"@type\":\"WebPage\",\"@id\":\"https:\/\/vosgesinfo.fr\/gerardmerinfo\/2026\/01\/gerardmer-des-voeux-places-sous-le-signe-de-la-solidarite-du-rassemblement-fraternel\/\",\"url\":\"https:\/\/vosgesinfo.fr\/gerardmerinfo\/2026\/01\/gerardmer-des-voeux-places-sous-le-signe-de-la-solidarite-du-rassemblement-fraternel\/\",\"name\":\"G\u00e9rardmer - des v\u0153ux plac\u00e9s sous le signe de la solidarit\u00e9 & du rassemblement fraternel - Gerardmer Info\",\"isPartOf\":{\"@id\":\"https:\/\/vosgesinfo.fr\/gerardmerinfo\/#website\"},\"primaryImageOfPage\":{\"@id\":\"https:\/\/vosgesinfo.fr\/gerardmerinfo\/2026\/01\/gerardmer-des-voeux-places-sous-le-signe-de-la-solidarite-du-rassemblement-fraternel\/#primaryimage\"},\"image\":{\"@id\":\"https:\/\/vosgesinfo.fr\/gerardmerinfo\/2026\/01\/gerardmer-des-voeux-places-sous-le-signe-de-la-solidarite-du-rassemblement-fraternel\/#primaryimage\"},\"thumbnailUrl\":\"https:\/\/vosgesinfo.fr\/app\/uploads\/sites\/6\/2026\/01\/voeux-maire-gerardmer-3.jpg\",\"datePublished\":\"2026-01-04T13:17:10+00:00\",\"dateModified\":\"2026-01-05T12:31:39+00:00\",\"breadcrumb\":{\"@id\":\"https:\/\/vosgesinfo.fr\/gerardmerinfo\/2026\/01\/gerardmer-des-voeux-places-sous-le-signe-de-la-solidarite-du-rassemblement-fraternel\/#breadcrumb\"},\"inLanguage\":\"fr-FR\",\"potentialAction\":[{\"@type\":\"ReadAction\",\"target\":[\"https:\/\/vosgesinfo.fr\/gerardmerinfo\/2026\/01\/gerardmer-des-voeux-places-sous-le-signe-de-la-solidarite-du-rassemblement-fraternel\/\"]}]},{\"@type\":\"ImageObject\",\"inLanguage\":\"fr-FR\",\"@id\":\"https:\/\/vosgesinfo.fr\/gerardmerinfo\/2026\/01\/gerardmer-des-voeux-places-sous-le-signe-de-la-solidarite-du-rassemblement-fraternel\/#primaryimage\",\"url\":\"https:\/\/vosgesinfo.fr\/app\/uploads\/sites\/6\/2026\/01\/voeux-maire-gerardmer-3.jpg\",\"contentUrl\":\"https:\/\/vosgesinfo.fr\/app\/uploads\/sites\/6\/2026\/01\/voeux-maire-gerardmer-3.jpg\",\"width\":1440,\"height\":1080},{\"@type\":\"BreadcrumbList\",\"@id\":\"https:\/\/vosgesinfo.fr\/gerardmerinfo\/2026\/01\/gerardmer-des-voeux-places-sous-le-signe-de-la-solidarite-du-rassemblement-fraternel\/#breadcrumb\",\"itemListElement\":[{\"@type\":\"ListItem\",\"position\":1,\"name\":\"Home\",\"item\":\"https:\/\/vosgesinfo.fr\/gerardmerinfo\/\"},{\"@type\":\"ListItem\",\"position\":2,\"name\":\"G\u00e9rardmer &#8211; des v\u0153ux plac\u00e9s sous le signe de la solidarit\u00e9 &#038; du rassemblement fraternel\"}]},{\"@type\":\"WebSite\",\"@id\":\"https:\/\/vosgesinfo.fr\/gerardmerinfo\/#website\",\"url\":\"https:\/\/vosgesinfo.fr\/gerardmerinfo\/\",\"name\":\"Gerardmer Info\",\"description\":\"Toute l&#039;actualit\u00e9 de G\u00e9rardmer\",\"publisher\":{\"@id\":\"https:\/\/vosgesinfo.fr\/gerardmerinfo\/#organization\"},\"alternateName\":\"Toute l'actualit\u00e9 de G\u00e9rardmer\",\"potentialAction\":[{\"@type\":\"SearchAction\",\"target\":{\"@type\":\"EntryPoint\",\"urlTemplate\":\"https:\/\/vosgesinfo.fr\/gerardmerinfo\/?s={search_term_string}\"},\"query-input\":\"required name=search_term_string\"}],\"inLanguage\":\"fr-FR\"},{\"@type\":\"Organization\",\"@id\":\"https:\/\/vosgesinfo.fr\/gerardmerinfo\/#organization\",\"name\":\"Gerardmer Info\",\"url\":\"https:\/\/vosgesinfo.fr\/gerardmerinfo\/\",\"logo\":{\"@type\":\"ImageObject\",\"inLanguage\":\"fr-FR\",\"@id\":\"https:\/\/vosgesinfo.fr\/gerardmerinfo\/#\/schema\/logo\/image\/\",\"url\":\"https:\/\/vosgesinfo.fr\/app\/uploads\/sites\/6\/2023\/08\/favicon-gerardmerinfo.png\",\"contentUrl\":\"https:\/\/vosgesinfo.fr\/app\/uploads\/sites\/6\/2023\/08\/favicon-gerardmerinfo.png\",\"width\":512,\"height\":512,\"caption\":\"Gerardmer Info\"},\"image\":{\"@id\":\"https:\/\/vosgesinfo.fr\/gerardmerinfo\/#\/schema\/logo\/image\/\"},\"sameAs\":[\"https:\/\/www.facebook.com\/profile.php?id=100049475262660\",\"https:\/\/x.com\/VosgesInfo88\",\"https:\/\/www.youtube.com\/@vosgesinfo\"]},{\"@type\":\"Person\",\"@id\":\"https:\/\/vosgesinfo.fr\/gerardmerinfo\/#\/schema\/person\/db5605779a843dad16b5368f3e7613a5\",\"name\":\"QG\",\"image\":{\"@type\":\"ImageObject\",\"inLanguage\":\"fr-FR\",\"@id\":\"https:\/\/vosgesinfo.fr\/gerardmerinfo\/#\/schema\/person\/image\/\",\"url\":\"https:\/\/secure.gravatar.com\/avatar\/ea80c42c204b534408512832fde52504ecabb9706bcb6151cf6175e5b64e6793?s=96&d=mm&r=g\",\"contentUrl\":\"https:\/\/secure.gravatar.com\/avatar\/ea80c42c204b534408512832fde52504ecabb9706bcb6151cf6175e5b64e6793?s=96&d=mm&r=g\",\"caption\":\"QG\"},\"url\":\"https:\/\/vosgesinfo.fr\/gerardmerinfo\/author\/quentin88\/\"}]}<\/script>\n<!-- \/ Yoast SEO plugin. -->","yoast_head_json":{"title":"G\u00e9rardmer - des v\u0153ux plac\u00e9s sous le signe de la solidarit\u00e9 & du rassemblement fraternel - Gerardmer Info","robots":{"index":"index","follow":"follow","max-snippet":"max-snippet:-1","max-image-preview":"max-image-preview:large","max-video-preview":"max-video-preview:-1"},"canonical":"https:\/\/vosgesinfo.fr\/gerardmerinfo\/2026\/01\/gerardmer-des-voeux-places-sous-le-signe-de-la-solidarite-du-rassemblement-fraternel\/","twitter_card":"summary_large_image","twitter_title":"G\u00e9rardmer - des v\u0153ux plac\u00e9s sous le signe de la solidarit\u00e9 & du rassemblement fraternel - Gerardmer Info","twitter_description":"La traditionnelle c\u00e9r\u00e9monie des v\u0153ux du maire de G\u00e9rardmer avait lieu ce dimanche matin au Grand Salon de l&rsquo;h\u00f4tel de [&hellip;]","twitter_image":"https:\/\/vosgesinfo.fr\/app\/uploads\/sites\/6\/2026\/01\/voeux-maire-gerardmer-3.jpg","twitter_creator":"@VosgesInfo88","twitter_site":"@VosgesInfo88","twitter_misc":{"\u00c9crit par":"QG","Dur\u00e9e de lecture estim\u00e9e":"2 minutes"},"schema":{"@context":"https:\/\/schema.org","@graph":[{"@type":"Article","@id":"https:\/\/vosgesinfo.fr\/gerardmerinfo\/2026\/01\/gerardmer-des-voeux-places-sous-le-signe-de-la-solidarite-du-rassemblement-fraternel\/#article","isPartOf":{"@id":"https:\/\/vosgesinfo.fr\/gerardmerinfo\/2026\/01\/gerardmer-des-voeux-places-sous-le-signe-de-la-solidarite-du-rassemblement-fraternel\/"},"author":{"name":"QG","@id":"https:\/\/vosgesinfo.fr\/gerardmerinfo\/#\/schema\/person\/db5605779a843dad16b5368f3e7613a5"},"headline":"G\u00e9rardmer &#8211; des v\u0153ux plac\u00e9s sous le signe de la solidarit\u00e9 &#038; du rassemblement fraternel","datePublished":"2026-01-04T13:17:10+00:00","dateModified":"2026-01-05T12:31:39+00:00","mainEntityOfPage":{"@id":"https:\/\/vosgesinfo.fr\/gerardmerinfo\/2026\/01\/gerardmer-des-voeux-places-sous-le-signe-de-la-solidarite-du-rassemblement-fraternel\/"},"wordCount":594,"commentCount":0,"publisher":{"@id":"https:\/\/vosgesinfo.fr\/gerardmerinfo\/#organization"},"image":{"@id":"https:\/\/vosgesinfo.fr\/gerardmerinfo\/2026\/01\/gerardmer-des-voeux-places-sous-le-signe-de-la-solidarite-du-rassemblement-fraternel\/#primaryimage"},"thumbnailUrl":"https:\/\/vosgesinfo.fr\/app\/uploads\/sites\/6\/2026\/01\/voeux-maire-gerardmer-3.jpg","keywords":["christophe Naegelen","Stessy Speissmann Mozas","Thomas Gion"],"articleSection":["A la une","Gerardmer","Soci\u00e9t\u00e9","solidarit\u00e9"],"inLanguage":"fr-FR","potentialAction":[{"@type":"CommentAction","name":"Comment","target":["https:\/\/vosgesinfo.fr\/gerardmerinfo\/2026\/01\/gerardmer-des-voeux-places-sous-le-signe-de-la-solidarite-du-rassemblement-fraternel\/#respond"]}]},{"@type":"WebPage","@id":"https:\/\/vosgesinfo.fr\/gerardmerinfo\/2026\/01\/gerardmer-des-voeux-places-sous-le-signe-de-la-solidarite-du-rassemblement-fraternel\/","url":"https:\/\/vosgesinfo.fr\/gerardmerinfo\/2026\/01\/gerardmer-des-voeux-places-sous-le-signe-de-la-solidarite-du-rassemblement-fraternel\/","name":"G\u00e9rardmer - des v\u0153ux plac\u00e9s sous le signe de la solidarit\u00e9 & du rassemblement fraternel - Gerardmer Info","isPartOf":{"@id":"https:\/\/vosgesinfo.fr\/gerardmerinfo\/#website"},"primaryImageOfPage":{"@id":"https:\/\/vosgesinfo.fr\/gerardmerinfo\/2026\/01\/gerardmer-des-voeux-places-sous-le-signe-de-la-solidarite-du-rassemblement-fraternel\/#primaryimage"},"image":{"@id":"https:\/\/vosgesinfo.fr\/gerardmerinfo\/2026\/01\/gerardmer-des-voeux-places-sous-le-signe-de-la-solidarite-du-rassemblement-fraternel\/#primaryimage"},"thumbnailUrl":"https:\/\/vosgesinfo.fr\/app\/uploads\/sites\/6\/2026\/01\/voeux-maire-gerardmer-3.jpg","datePublished":"2026-01-04T13:17:10+00:00","dateModified":"2026-01-05T12:31:39+00:00","breadcrumb":{"@id":"https:\/\/vosgesinfo.fr\/gerardmerinfo\/2026\/01\/gerardmer-des-voeux-places-sous-le-signe-de-la-solidarite-du-rassemblement-fraternel\/#breadcrumb"},"inLanguage":"fr-FR","potentialAction":[{"@type":"ReadAction","target":["https:\/\/vosgesinfo.fr\/gerardmerinfo\/2026\/01\/gerardmer-des-voeux-places-sous-le-signe-de-la-solidarite-du-rassemblement-fraternel\/"]}]},{"@type":"ImageObject","inLanguage":"fr-FR","@id":"https:\/\/vosgesinfo.fr\/gerardmerinfo\/2026\/01\/gerardmer-des-voeux-places-sous-le-signe-de-la-solidarite-du-rassemblement-fraternel\/#primaryimage","url":"https:\/\/vosgesinfo.fr\/app\/uploads\/sites\/6\/2026\/01\/voeux-maire-gerardmer-3.jpg","contentUrl":"https:\/\/vosgesinfo.fr\/app\/uploads\/sites\/6\/2026\/01\/voeux-maire-gerardmer-3.jpg","width":1440,"height":1080},{"@type":"BreadcrumbList","@id":"https:\/\/vosgesinfo.fr\/gerardmerinfo\/2026\/01\/gerardmer-des-voeux-places-sous-le-signe-de-la-solidarite-du-rassemblement-fraternel\/#breadcrumb","itemListElement":[{"@type":"ListItem","position":1,"name":"Home","item":"https:\/\/vosgesinfo.fr\/gerardmerinfo\/"},{"@type":"ListItem","position":2,"name":"G\u00e9rardmer &#8211; des v\u0153ux plac\u00e9s sous le signe de la solidarit\u00e9 &#038; du rassemblement fraternel"}]},{"@type":"WebSite","@id":"https:\/\/vosgesinfo.fr\/gerardmerinfo\/#website","url":"https:\/\/vosgesinfo.fr\/gerardmerinfo\/","name":"Gerardmer Info","description":"Toute l&#039;actualit\u00e9 de G\u00e9rardmer","publisher":{"@id":"https:\/\/vosgesinfo.fr\/gerardmerinfo\/#organization"},"alternateName":"Toute l'actualit\u00e9 de G\u00e9rardmer","potentialAction":[{"@type":"SearchAction","target":{"@type":"EntryPoint","urlTemplate":"https:\/\/vosgesinfo.fr\/gerardmerinfo\/?s={search_term_string}"},"query-input":"required name=search_term_string"}],"inLanguage":"fr-FR"},{"@type":"Organization","@id":"https:\/\/vosgesinfo.fr\/gerardmerinfo\/#organization","name":"Gerardmer Info","url":"https:\/\/vosgesinfo.fr\/gerardmerinfo\/","logo":{"@type":"ImageObject","inLanguage":"fr-FR","@id":"https:\/\/vosgesinfo.fr\/gerardmerinfo\/#\/schema\/logo\/image\/","url":"https:\/\/vosgesinfo.fr\/app\/uploads\/sites\/6\/2023\/08\/favicon-gerardmerinfo.png","contentUrl":"https:\/\/vosgesinfo.fr\/app\/uploads\/sites\/6\/2023\/08\/favicon-gerardmerinfo.png","width":512,"height":512,"caption":"Gerardmer Info"},"image":{"@id":"https:\/\/vosgesinfo.fr\/gerardmerinfo\/#\/schema\/logo\/image\/"},"sameAs":["https:\/\/www.facebook.com\/profile.php?id=100049475262660","https:\/\/x.com\/VosgesInfo88","https:\/\/www.youtube.com\/@vosgesinfo"]},{"@type":"Person","@id":"https:\/\/vosgesinfo.fr\/gerardmerinfo\/#\/schema\/person\/db5605779a843dad16b5368f3e7613a5","name":"QG","image":{"@type":"ImageObject","inLanguage":"fr-FR","@id":"https:\/\/vosgesinfo.fr\/gerardmerinfo\/#\/schema\/person\/image\/","url":"https:\/\/secure.gravatar.com\/avatar\/ea80c42c204b534408512832fde52504ecabb9706bcb6151cf6175e5b64e6793?s=96&d=mm&r=g","contentUrl":"https:\/\/secure.gravatar.com\/avatar\/ea80c42c204b534408512832fde52504ecabb9706bcb6151cf6175e5b64e6793?s=96&d=mm&r=g","caption":"QG"},"url":"https:\/\/vosgesinfo.fr\/gerardmerinfo\/author\/quentin88\/"}]}},"_links":{"self":[{"href":"https:\/\/vosgesinfo.fr\/gerardmerinfo\/wp-json\/wp\/v2\/posts\/86389","targetHints":{"allow":["GET"]}}],"collection":[{"href":"https:\/\/vosgesinfo.fr\/gerardmerinfo\/wp-json\/wp\/v2\/posts"}],"about":[{"href":"https:\/\/vosgesinfo.fr\/gerardmerinfo\/wp-json\/wp\/v2\/types\/post"}],"author":[{"embeddable":true,"href":"https:\/\/vosgesinfo.fr\/gerardmerinfo\/wp-json\/wp\/v2\/users\/42"}],"replies":[{"embeddable":true,"href":"https:\/\/vosgesinfo.fr\/gerardmerinfo\/wp-json\/wp\/v2\/comments?post=86389"}],"version-history":[{"count":3,"href":"https:\/\/vosgesinfo.fr\/gerardmerinfo\/wp-json\/wp\/v2\/posts\/86389\/revisions"}],"predecessor-version":[{"id":86446,"href":"https:\/\/vosgesinfo.fr\/gerardmerinfo\/wp-json\/wp\/v2\/posts\/86389\/revisions\/86446"}],"wp:featuredmedia":[{"embeddable":true,"href":"https:\/\/vosgesinfo.fr\/gerardmerinfo\/wp-json\/wp\/v2\/media\/86391"}],"wp:attachment":[{"href":"https:\/\/vosgesinfo.fr\/gerardmerinfo\/wp-json\/wp\/v2\/media?parent=86389"}],"wp:term":[{"taxonomy":"category","embeddable":true,"href":"https:\/\/vosgesinfo.fr\/gerardmerinfo\/wp-json\/wp\/v2\/categories?post=86389"},{"taxonomy":"post_tag","embeddable":true,"href":"https:\/\/vosgesinfo.fr\/gerardmerinfo\/wp-json\/wp\/v2\/tags?post=86389"}],"curies":[{"name":"wp","href":"https:\/\/api.w.org\/{rel}","templated":true}]}}