{"id":87251,"date":"2026-01-25T05:56:56","date_gmt":"2026-01-25T04:56:56","guid":{"rendered":"https:\/\/vosgesinfo.fr\/gerardmerinfo\/?p=87251"},"modified":"2026-01-24T15:22:44","modified_gmt":"2026-01-24T14:22:44","slug":"deuxieme-semaine-chantante-a-gerardmer-inscriptions-ouvertes","status":"publish","type":"post","link":"https:\/\/vosgesinfo.fr\/gerardmerinfo\/2026\/01\/deuxieme-semaine-chantante-a-gerardmer-inscriptions-ouvertes\/","title":{"rendered":"Deuxi\u00e8me semaine chantante \u00e0 G\u00e9rardmer &#8211; inscriptions ouvertes"},"content":{"rendered":"<div>\n<div>\n<div>\n<div>\n<div>\n<h3>Durant une semaine, 5 chefs de ch\u0153urs (Guylaine Fournier, Michel Aubert, Pierre Bolinches, Mathilde Bonjean et R\u00e9mi Delekta) partageront leur passion, leur technique, leur amour du chant chorale.<\/h3>\n<p>&nbsp;<\/p>\n<p><a href=\"https:\/\/vosgesinfo.fr\/app\/uploads\/sites\/6\/2026\/01\/semaine-chantante-flyer-scg-vosges-2.jpg\"><img decoding=\"async\" class=\"alignright size-medium wp-image-87253\" src=\"https:\/\/vosgesinfo.fr\/app\/uploads\/sites\/6\/2026\/01\/semaine-chantante-flyer-scg-vosges-2-211x300.jpg\" alt=\"\" width=\"211\" height=\"300\" srcset=\"https:\/\/vosgesinfo.fr\/app\/uploads\/sites\/6\/2026\/01\/semaine-chantante-flyer-scg-vosges-2-211x300.jpg 211w, https:\/\/vosgesinfo.fr\/app\/uploads\/sites\/6\/2026\/01\/semaine-chantante-flyer-scg-vosges-2-722x1024.jpg 722w, https:\/\/vosgesinfo.fr\/app\/uploads\/sites\/6\/2026\/01\/semaine-chantante-flyer-scg-vosges-2.jpg 761w\" sizes=\"(max-width: 211px) 100vw, 211px\" \/><\/a>Les inscriptions sont ouvertes \u00e0 tous ceux qui souhaitent venir chanter, partager, d\u00e9couvrir le chant chorale : qu\u2019ils soient d\u00e9butant(e) ou chanteur(se) confirm\u00e9(e), amateurs ou passionn\u00e9(e)s.<\/p>\n<p>Une semaine riche en \u00e9motions et en convivialit\u00e9 avec au programme :<br \/>\n\u2728 Ateliers vocaux<br \/>\n\u2728 R\u00e9p\u00e9titions conviviales<br \/>\n\u2728 Moments musicaux inoubliables<br \/>\n\u2728 Des soir\u00e9es \u00e0 th\u00e8me conviviales<br \/>\n\u2728 Une aubade finale r\u00e9unissant tous les participants<\/p>\n<\/div>\n<p>Du 15 au 22 ao\u00fbt 2026<br \/>\nG\u00e9rardmer<br \/>\ninscription :\u00a0<a href=\"http:\/\/bit.ly\/Gerardmer-2026\" target=\"_blank\" rel=\"noopener\" data-saferedirecturl=\"https:\/\/www.google.com\/url?q=http:\/\/bit.ly\/Gerardmer-2026&amp;source=gmail&amp;ust=1769272435070000&amp;usg=AOvVaw3gEINAhV_85NBYBvMLTzsR\">http:\/\/bit.ly\/Gerardmer-2026<\/a><\/div>\n<div><img decoding=\"async\" class=\"an1\" draggable=\"false\" src=\"https:\/\/fonts.gstatic.com\/s\/e\/notoemoji\/16.0\/1f449\/32.png\" alt=\"\ud83d\udc49\" data-emoji=\"\ud83d\udc49\" aria-label=\"\ud83d\udc49\" \/>\u00a0Page Facebook:<\/div>\n<div>\u00a0<a href=\"https:\/\/www.facebook.com\/share\/1GTPkfMGAa\/?mibextid=wwXIfr\" target=\"_blank\" rel=\"noopener\" data-saferedirecturl=\"https:\/\/www.google.com\/url?q=https:\/\/www.facebook.com\/share\/1GTPkfMGAa\/?mibextid%3DwwXIfr&amp;source=gmail&amp;ust=1769272435070000&amp;usg=AOvVaw3EeWQ77Fm85BJzL_bLXLHh\">https:\/\/www.facebook.com\/<wbr \/>share\/1GTPkfMGAa\/?mibextid=<wbr \/>wwXIfr<\/a><\/div>\n<div><a href=\"https:\/\/vosgesinfo.fr\/app\/uploads\/sites\/6\/2026\/01\/semaine-chantante-flyer-scg-vosges-1.jpg\"><img decoding=\"async\" class=\"aligncenter size-large wp-image-87252\" src=\"https:\/\/vosgesinfo.fr\/app\/uploads\/sites\/6\/2026\/01\/semaine-chantante-flyer-scg-vosges-1-722x1024.jpg\" alt=\"\" width=\"722\" height=\"1024\" srcset=\"https:\/\/vosgesinfo.fr\/app\/uploads\/sites\/6\/2026\/01\/semaine-chantante-flyer-scg-vosges-1-722x1024.jpg 722w, https:\/\/vosgesinfo.fr\/app\/uploads\/sites\/6\/2026\/01\/semaine-chantante-flyer-scg-vosges-1-211x300.jpg 211w, https:\/\/vosgesinfo.fr\/app\/uploads\/sites\/6\/2026\/01\/semaine-chantante-flyer-scg-vosges-1.jpg 761w\" sizes=\"(max-width: 722px) 100vw, 722px\" \/><\/a><\/div>\n<\/div>\n<\/div>\n<\/div>\n","protected":false},"excerpt":{"rendered":"<p>Durant une semaine, 5 chefs de ch\u0153urs (Guylaine Fournier, Michel Aubert, Pierre Bolinches, Mathilde Bonjean et R\u00e9mi Delekta) partageront leur [&hellip;]<\/p>\n","protected":false},"author":42,"featured_media":87253,"comment_status":"open","ping_status":"open","sticky":false,"template":"","format":"standard","meta":{"footnotes":""},"categories":[20,4,5647,18],"tags":[7236],"class_list":["post-87251","post","type-post","status-publish","format-standard","has-post-thumbnail","hentry","category-a-la-une","category-culture","category-gerardmer-autres-sites","category-vosges","tag-semaine-chantante"],"acf":[],"yoast_head":"<!-- This site is optimized with the Yoast SEO plugin v22.5 - https:\/\/yoast.com\/wordpress\/plugins\/seo\/ -->\n<title>Deuxi\u00e8me semaine chantante \u00e0 G\u00e9rardmer - inscriptions ouvertes - Gerardmer Info<\/title>\n<meta name=\"robots\" content=\"index, follow, max-snippet:-1, max-image-preview:large, max-video-preview:-1\" \/>\n<link rel=\"canonical\" href=\"https:\/\/vosgesinfo.fr\/gerardmerinfo\/2026\/01\/deuxieme-semaine-chantante-a-gerardmer-inscriptions-ouvertes\/\" \/>\n<meta name=\"twitter:card\" content=\"summary_large_image\" \/>\n<meta name=\"twitter:title\" content=\"Deuxi\u00e8me semaine chantante \u00e0 G\u00e9rardmer - inscriptions ouvertes - Gerardmer Info\" \/>\n<meta name=\"twitter:description\" content=\"Durant une semaine, 5 chefs de ch\u0153urs (Guylaine Fournier, Michel Aubert, Pierre Bolinches, Mathilde Bonjean et R\u00e9mi Delekta) partageront leur [&hellip;]\" \/>\n<meta name=\"twitter:image\" content=\"https:\/\/vosgesinfo.fr\/app\/uploads\/sites\/6\/2026\/01\/semaine-chantante-flyer-scg-vosges-2.jpg\" \/>\n<meta name=\"twitter:creator\" content=\"@VosgesInfo88\" \/>\n<meta name=\"twitter:site\" content=\"@VosgesInfo88\" \/>\n<meta name=\"twitter:label1\" content=\"\u00c9crit par\" \/>\n\t<meta name=\"twitter:data1\" content=\"QG\" \/>\n\t<meta name=\"twitter:label2\" content=\"Dur\u00e9e de lecture estim\u00e9e\" \/>\n\t<meta name=\"twitter:data2\" content=\"1 minute\" \/>\n<script type=\"application\/ld+json\" class=\"yoast-schema-graph\">{\"@context\":\"https:\/\/schema.org\",\"@graph\":[{\"@type\":\"Article\",\"@id\":\"https:\/\/vosgesinfo.fr\/gerardmerinfo\/2026\/01\/deuxieme-semaine-chantante-a-gerardmer-inscriptions-ouvertes\/#article\",\"isPartOf\":{\"@id\":\"https:\/\/vosgesinfo.fr\/gerardmerinfo\/2026\/01\/deuxieme-semaine-chantante-a-gerardmer-inscriptions-ouvertes\/\"},\"author\":{\"name\":\"QG\",\"@id\":\"https:\/\/vosgesinfo.fr\/gerardmerinfo\/#\/schema\/person\/db5605779a843dad16b5368f3e7613a5\"},\"headline\":\"Deuxi\u00e8me semaine chantante \u00e0 G\u00e9rardmer &#8211; inscriptions ouvertes\",\"datePublished\":\"2026-01-25T04:56:56+00:00\",\"dateModified\":\"2026-01-24T14:22:44+00:00\",\"mainEntityOfPage\":{\"@id\":\"https:\/\/vosgesinfo.fr\/gerardmerinfo\/2026\/01\/deuxieme-semaine-chantante-a-gerardmer-inscriptions-ouvertes\/\"},\"wordCount\":126,\"commentCount\":0,\"publisher\":{\"@id\":\"https:\/\/vosgesinfo.fr\/gerardmerinfo\/#organization\"},\"image\":{\"@id\":\"https:\/\/vosgesinfo.fr\/gerardmerinfo\/2026\/01\/deuxieme-semaine-chantante-a-gerardmer-inscriptions-ouvertes\/#primaryimage\"},\"thumbnailUrl\":\"https:\/\/vosgesinfo.fr\/app\/uploads\/sites\/6\/2026\/01\/semaine-chantante-flyer-scg-vosges-2.jpg\",\"keywords\":[\"Semaine chantante\"],\"articleSection\":[\"A la une\",\"Culture\",\"Gerardmer\",\"Vosges\"],\"inLanguage\":\"fr-FR\",\"potentialAction\":[{\"@type\":\"CommentAction\",\"name\":\"Comment\",\"target\":[\"https:\/\/vosgesinfo.fr\/gerardmerinfo\/2026\/01\/deuxieme-semaine-chantante-a-gerardmer-inscriptions-ouvertes\/#respond\"]}]},{\"@type\":\"WebPage\",\"@id\":\"https:\/\/vosgesinfo.fr\/gerardmerinfo\/2026\/01\/deuxieme-semaine-chantante-a-gerardmer-inscriptions-ouvertes\/\",\"url\":\"https:\/\/vosgesinfo.fr\/gerardmerinfo\/2026\/01\/deuxieme-semaine-chantante-a-gerardmer-inscriptions-ouvertes\/\",\"name\":\"Deuxi\u00e8me semaine chantante \u00e0 G\u00e9rardmer - inscriptions ouvertes - Gerardmer Info\",\"isPartOf\":{\"@id\":\"https:\/\/vosgesinfo.fr\/gerardmerinfo\/#website\"},\"primaryImageOfPage\":{\"@id\":\"https:\/\/vosgesinfo.fr\/gerardmerinfo\/2026\/01\/deuxieme-semaine-chantante-a-gerardmer-inscriptions-ouvertes\/#primaryimage\"},\"image\":{\"@id\":\"https:\/\/vosgesinfo.fr\/gerardmerinfo\/2026\/01\/deuxieme-semaine-chantante-a-gerardmer-inscriptions-ouvertes\/#primaryimage\"},\"thumbnailUrl\":\"https:\/\/vosgesinfo.fr\/app\/uploads\/sites\/6\/2026\/01\/semaine-chantante-flyer-scg-vosges-2.jpg\",\"datePublished\":\"2026-01-25T04:56:56+00:00\",\"dateModified\":\"2026-01-24T14:22:44+00:00\",\"breadcrumb\":{\"@id\":\"https:\/\/vosgesinfo.fr\/gerardmerinfo\/2026\/01\/deuxieme-semaine-chantante-a-gerardmer-inscriptions-ouvertes\/#breadcrumb\"},\"inLanguage\":\"fr-FR\",\"potentialAction\":[{\"@type\":\"ReadAction\",\"target\":[\"https:\/\/vosgesinfo.fr\/gerardmerinfo\/2026\/01\/deuxieme-semaine-chantante-a-gerardmer-inscriptions-ouvertes\/\"]}]},{\"@type\":\"ImageObject\",\"inLanguage\":\"fr-FR\",\"@id\":\"https:\/\/vosgesinfo.fr\/gerardmerinfo\/2026\/01\/deuxieme-semaine-chantante-a-gerardmer-inscriptions-ouvertes\/#primaryimage\",\"url\":\"https:\/\/vosgesinfo.fr\/app\/uploads\/sites\/6\/2026\/01\/semaine-chantante-flyer-scg-vosges-2.jpg\",\"contentUrl\":\"https:\/\/vosgesinfo.fr\/app\/uploads\/sites\/6\/2026\/01\/semaine-chantante-flyer-scg-vosges-2.jpg\",\"width\":761,\"height\":1080},{\"@type\":\"BreadcrumbList\",\"@id\":\"https:\/\/vosgesinfo.fr\/gerardmerinfo\/2026\/01\/deuxieme-semaine-chantante-a-gerardmer-inscriptions-ouvertes\/#breadcrumb\",\"itemListElement\":[{\"@type\":\"ListItem\",\"position\":1,\"name\":\"Home\",\"item\":\"https:\/\/vosgesinfo.fr\/gerardmerinfo\/\"},{\"@type\":\"ListItem\",\"position\":2,\"name\":\"Deuxi\u00e8me semaine chantante \u00e0 G\u00e9rardmer &#8211; inscriptions ouvertes\"}]},{\"@type\":\"WebSite\",\"@id\":\"https:\/\/vosgesinfo.fr\/gerardmerinfo\/#website\",\"url\":\"https:\/\/vosgesinfo.fr\/gerardmerinfo\/\",\"name\":\"Gerardmer Info\",\"description\":\"Toute l&#039;actualit\u00e9 de G\u00e9rardmer\",\"publisher\":{\"@id\":\"https:\/\/vosgesinfo.fr\/gerardmerinfo\/#organization\"},\"alternateName\":\"Toute l'actualit\u00e9 de G\u00e9rardmer\",\"potentialAction\":[{\"@type\":\"SearchAction\",\"target\":{\"@type\":\"EntryPoint\",\"urlTemplate\":\"https:\/\/vosgesinfo.fr\/gerardmerinfo\/?s={search_term_string}\"},\"query-input\":\"required name=search_term_string\"}],\"inLanguage\":\"fr-FR\"},{\"@type\":\"Organization\",\"@id\":\"https:\/\/vosgesinfo.fr\/gerardmerinfo\/#organization\",\"name\":\"Gerardmer Info\",\"url\":\"https:\/\/vosgesinfo.fr\/gerardmerinfo\/\",\"logo\":{\"@type\":\"ImageObject\",\"inLanguage\":\"fr-FR\",\"@id\":\"https:\/\/vosgesinfo.fr\/gerardmerinfo\/#\/schema\/logo\/image\/\",\"url\":\"https:\/\/vosgesinfo.fr\/app\/uploads\/sites\/6\/2023\/08\/favicon-gerardmerinfo.png\",\"contentUrl\":\"https:\/\/vosgesinfo.fr\/app\/uploads\/sites\/6\/2023\/08\/favicon-gerardmerinfo.png\",\"width\":512,\"height\":512,\"caption\":\"Gerardmer Info\"},\"image\":{\"@id\":\"https:\/\/vosgesinfo.fr\/gerardmerinfo\/#\/schema\/logo\/image\/\"},\"sameAs\":[\"https:\/\/www.facebook.com\/profile.php?id=100049475262660\",\"https:\/\/x.com\/VosgesInfo88\",\"https:\/\/www.youtube.com\/@vosgesinfo\"]},{\"@type\":\"Person\",\"@id\":\"https:\/\/vosgesinfo.fr\/gerardmerinfo\/#\/schema\/person\/db5605779a843dad16b5368f3e7613a5\",\"name\":\"QG\",\"image\":{\"@type\":\"ImageObject\",\"inLanguage\":\"fr-FR\",\"@id\":\"https:\/\/vosgesinfo.fr\/gerardmerinfo\/#\/schema\/person\/image\/\",\"url\":\"https:\/\/secure.gravatar.com\/avatar\/ea80c42c204b534408512832fde52504ecabb9706bcb6151cf6175e5b64e6793?s=96&d=mm&r=g\",\"contentUrl\":\"https:\/\/secure.gravatar.com\/avatar\/ea80c42c204b534408512832fde52504ecabb9706bcb6151cf6175e5b64e6793?s=96&d=mm&r=g\",\"caption\":\"QG\"},\"url\":\"https:\/\/vosgesinfo.fr\/gerardmerinfo\/author\/quentin88\/\"}]}<\/script>\n<!-- \/ Yoast SEO plugin. -->","yoast_head_json":{"title":"Deuxi\u00e8me semaine chantante \u00e0 G\u00e9rardmer - inscriptions ouvertes - Gerardmer Info","robots":{"index":"index","follow":"follow","max-snippet":"max-snippet:-1","max-image-preview":"max-image-preview:large","max-video-preview":"max-video-preview:-1"},"canonical":"https:\/\/vosgesinfo.fr\/gerardmerinfo\/2026\/01\/deuxieme-semaine-chantante-a-gerardmer-inscriptions-ouvertes\/","twitter_card":"summary_large_image","twitter_title":"Deuxi\u00e8me semaine chantante \u00e0 G\u00e9rardmer - inscriptions ouvertes - Gerardmer Info","twitter_description":"Durant une semaine, 5 chefs de ch\u0153urs (Guylaine Fournier, Michel Aubert, Pierre Bolinches, Mathilde Bonjean et R\u00e9mi Delekta) partageront leur [&hellip;]","twitter_image":"https:\/\/vosgesinfo.fr\/app\/uploads\/sites\/6\/2026\/01\/semaine-chantante-flyer-scg-vosges-2.jpg","twitter_creator":"@VosgesInfo88","twitter_site":"@VosgesInfo88","twitter_misc":{"\u00c9crit par":"QG","Dur\u00e9e de lecture estim\u00e9e":"1 minute"},"schema":{"@context":"https:\/\/schema.org","@graph":[{"@type":"Article","@id":"https:\/\/vosgesinfo.fr\/gerardmerinfo\/2026\/01\/deuxieme-semaine-chantante-a-gerardmer-inscriptions-ouvertes\/#article","isPartOf":{"@id":"https:\/\/vosgesinfo.fr\/gerardmerinfo\/2026\/01\/deuxieme-semaine-chantante-a-gerardmer-inscriptions-ouvertes\/"},"author":{"name":"QG","@id":"https:\/\/vosgesinfo.fr\/gerardmerinfo\/#\/schema\/person\/db5605779a843dad16b5368f3e7613a5"},"headline":"Deuxi\u00e8me semaine chantante \u00e0 G\u00e9rardmer &#8211; inscriptions ouvertes","datePublished":"2026-01-25T04:56:56+00:00","dateModified":"2026-01-24T14:22:44+00:00","mainEntityOfPage":{"@id":"https:\/\/vosgesinfo.fr\/gerardmerinfo\/2026\/01\/deuxieme-semaine-chantante-a-gerardmer-inscriptions-ouvertes\/"},"wordCount":126,"commentCount":0,"publisher":{"@id":"https:\/\/vosgesinfo.fr\/gerardmerinfo\/#organization"},"image":{"@id":"https:\/\/vosgesinfo.fr\/gerardmerinfo\/2026\/01\/deuxieme-semaine-chantante-a-gerardmer-inscriptions-ouvertes\/#primaryimage"},"thumbnailUrl":"https:\/\/vosgesinfo.fr\/app\/uploads\/sites\/6\/2026\/01\/semaine-chantante-flyer-scg-vosges-2.jpg","keywords":["Semaine chantante"],"articleSection":["A la une","Culture","Gerardmer","Vosges"],"inLanguage":"fr-FR","potentialAction":[{"@type":"CommentAction","name":"Comment","target":["https:\/\/vosgesinfo.fr\/gerardmerinfo\/2026\/01\/deuxieme-semaine-chantante-a-gerardmer-inscriptions-ouvertes\/#respond"]}]},{"@type":"WebPage","@id":"https:\/\/vosgesinfo.fr\/gerardmerinfo\/2026\/01\/deuxieme-semaine-chantante-a-gerardmer-inscriptions-ouvertes\/","url":"https:\/\/vosgesinfo.fr\/gerardmerinfo\/2026\/01\/deuxieme-semaine-chantante-a-gerardmer-inscriptions-ouvertes\/","name":"Deuxi\u00e8me semaine chantante \u00e0 G\u00e9rardmer - inscriptions ouvertes - Gerardmer Info","isPartOf":{"@id":"https:\/\/vosgesinfo.fr\/gerardmerinfo\/#website"},"primaryImageOfPage":{"@id":"https:\/\/vosgesinfo.fr\/gerardmerinfo\/2026\/01\/deuxieme-semaine-chantante-a-gerardmer-inscriptions-ouvertes\/#primaryimage"},"image":{"@id":"https:\/\/vosgesinfo.fr\/gerardmerinfo\/2026\/01\/deuxieme-semaine-chantante-a-gerardmer-inscriptions-ouvertes\/#primaryimage"},"thumbnailUrl":"https:\/\/vosgesinfo.fr\/app\/uploads\/sites\/6\/2026\/01\/semaine-chantante-flyer-scg-vosges-2.jpg","datePublished":"2026-01-25T04:56:56+00:00","dateModified":"2026-01-24T14:22:44+00:00","breadcrumb":{"@id":"https:\/\/vosgesinfo.fr\/gerardmerinfo\/2026\/01\/deuxieme-semaine-chantante-a-gerardmer-inscriptions-ouvertes\/#breadcrumb"},"inLanguage":"fr-FR","potentialAction":[{"@type":"ReadAction","target":["https:\/\/vosgesinfo.fr\/gerardmerinfo\/2026\/01\/deuxieme-semaine-chantante-a-gerardmer-inscriptions-ouvertes\/"]}]},{"@type":"ImageObject","inLanguage":"fr-FR","@id":"https:\/\/vosgesinfo.fr\/gerardmerinfo\/2026\/01\/deuxieme-semaine-chantante-a-gerardmer-inscriptions-ouvertes\/#primaryimage","url":"https:\/\/vosgesinfo.fr\/app\/uploads\/sites\/6\/2026\/01\/semaine-chantante-flyer-scg-vosges-2.jpg","contentUrl":"https:\/\/vosgesinfo.fr\/app\/uploads\/sites\/6\/2026\/01\/semaine-chantante-flyer-scg-vosges-2.jpg","width":761,"height":1080},{"@type":"BreadcrumbList","@id":"https:\/\/vosgesinfo.fr\/gerardmerinfo\/2026\/01\/deuxieme-semaine-chantante-a-gerardmer-inscriptions-ouvertes\/#breadcrumb","itemListElement":[{"@type":"ListItem","position":1,"name":"Home","item":"https:\/\/vosgesinfo.fr\/gerardmerinfo\/"},{"@type":"ListItem","position":2,"name":"Deuxi\u00e8me semaine chantante \u00e0 G\u00e9rardmer &#8211; inscriptions ouvertes"}]},{"@type":"WebSite","@id":"https:\/\/vosgesinfo.fr\/gerardmerinfo\/#website","url":"https:\/\/vosgesinfo.fr\/gerardmerinfo\/","name":"Gerardmer Info","description":"Toute l&#039;actualit\u00e9 de G\u00e9rardmer","publisher":{"@id":"https:\/\/vosgesinfo.fr\/gerardmerinfo\/#organization"},"alternateName":"Toute l'actualit\u00e9 de G\u00e9rardmer","potentialAction":[{"@type":"SearchAction","target":{"@type":"EntryPoint","urlTemplate":"https:\/\/vosgesinfo.fr\/gerardmerinfo\/?s={search_term_string}"},"query-input":"required name=search_term_string"}],"inLanguage":"fr-FR"},{"@type":"Organization","@id":"https:\/\/vosgesinfo.fr\/gerardmerinfo\/#organization","name":"Gerardmer Info","url":"https:\/\/vosgesinfo.fr\/gerardmerinfo\/","logo":{"@type":"ImageObject","inLanguage":"fr-FR","@id":"https:\/\/vosgesinfo.fr\/gerardmerinfo\/#\/schema\/logo\/image\/","url":"https:\/\/vosgesinfo.fr\/app\/uploads\/sites\/6\/2023\/08\/favicon-gerardmerinfo.png","contentUrl":"https:\/\/vosgesinfo.fr\/app\/uploads\/sites\/6\/2023\/08\/favicon-gerardmerinfo.png","width":512,"height":512,"caption":"Gerardmer Info"},"image":{"@id":"https:\/\/vosgesinfo.fr\/gerardmerinfo\/#\/schema\/logo\/image\/"},"sameAs":["https:\/\/www.facebook.com\/profile.php?id=100049475262660","https:\/\/x.com\/VosgesInfo88","https:\/\/www.youtube.com\/@vosgesinfo"]},{"@type":"Person","@id":"https:\/\/vosgesinfo.fr\/gerardmerinfo\/#\/schema\/person\/db5605779a843dad16b5368f3e7613a5","name":"QG","image":{"@type":"ImageObject","inLanguage":"fr-FR","@id":"https:\/\/vosgesinfo.fr\/gerardmerinfo\/#\/schema\/person\/image\/","url":"https:\/\/secure.gravatar.com\/avatar\/ea80c42c204b534408512832fde52504ecabb9706bcb6151cf6175e5b64e6793?s=96&d=mm&r=g","contentUrl":"https:\/\/secure.gravatar.com\/avatar\/ea80c42c204b534408512832fde52504ecabb9706bcb6151cf6175e5b64e6793?s=96&d=mm&r=g","caption":"QG"},"url":"https:\/\/vosgesinfo.fr\/gerardmerinfo\/author\/quentin88\/"}]}},"_links":{"self":[{"href":"https:\/\/vosgesinfo.fr\/gerardmerinfo\/wp-json\/wp\/v2\/posts\/87251","targetHints":{"allow":["GET"]}}],"collection":[{"href":"https:\/\/vosgesinfo.fr\/gerardmerinfo\/wp-json\/wp\/v2\/posts"}],"about":[{"href":"https:\/\/vosgesinfo.fr\/gerardmerinfo\/wp-json\/wp\/v2\/types\/post"}],"author":[{"embeddable":true,"href":"https:\/\/vosgesinfo.fr\/gerardmerinfo\/wp-json\/wp\/v2\/users\/42"}],"replies":[{"embeddable":true,"href":"https:\/\/vosgesinfo.fr\/gerardmerinfo\/wp-json\/wp\/v2\/comments?post=87251"}],"version-history":[{"count":1,"href":"https:\/\/vosgesinfo.fr\/gerardmerinfo\/wp-json\/wp\/v2\/posts\/87251\/revisions"}],"predecessor-version":[{"id":87254,"href":"https:\/\/vosgesinfo.fr\/gerardmerinfo\/wp-json\/wp\/v2\/posts\/87251\/revisions\/87254"}],"wp:featuredmedia":[{"embeddable":true,"href":"https:\/\/vosgesinfo.fr\/gerardmerinfo\/wp-json\/wp\/v2\/media\/87253"}],"wp:attachment":[{"href":"https:\/\/vosgesinfo.fr\/gerardmerinfo\/wp-json\/wp\/v2\/media?parent=87251"}],"wp:term":[{"taxonomy":"category","embeddable":true,"href":"https:\/\/vosgesinfo.fr\/gerardmerinfo\/wp-json\/wp\/v2\/categories?post=87251"},{"taxonomy":"post_tag","embeddable":true,"href":"https:\/\/vosgesinfo.fr\/gerardmerinfo\/wp-json\/wp\/v2\/tags?post=87251"}],"curies":[{"name":"wp","href":"https:\/\/api.w.org\/{rel}","templated":true}]}}