{"id":87264,"date":"2026-01-25T12:59:39","date_gmt":"2026-01-25T11:59:39","guid":{"rendered":"https:\/\/vosgesinfo.fr\/gerardmerinfo\/?p=87264"},"modified":"2026-01-25T13:04:37","modified_gmt":"2026-01-25T12:04:37","slug":"mobilite-solidaire-ca-roule-avec-la-croix-rouge","status":"publish","type":"post","link":"https:\/\/vosgesinfo.fr\/gerardmerinfo\/2026\/01\/mobilite-solidaire-ca-roule-avec-la-croix-rouge\/","title":{"rendered":"Mobilit\u00e9 solidaire &#8211; \u00c7a roule avec La Croix Rouge"},"content":{"rendered":"<p><a href=\"https:\/\/vosgesinfo.fr\/app\/uploads\/sites\/6\/2026\/01\/20260124-115003.jpg\"><img decoding=\"async\" class=\"alignnone size-full wp-image-87272\" src=\"https:\/\/vosgesinfo.fr\/app\/uploads\/sites\/6\/2026\/01\/20260124-115003.jpg\" alt=\"\" width=\"1396\" height=\"1080\" srcset=\"https:\/\/vosgesinfo.fr\/app\/uploads\/sites\/6\/2026\/01\/20260124-115003.jpg 1396w, https:\/\/vosgesinfo.fr\/app\/uploads\/sites\/6\/2026\/01\/20260124-115003-300x232.jpg 300w, https:\/\/vosgesinfo.fr\/app\/uploads\/sites\/6\/2026\/01\/20260124-115003-1024x792.jpg 1024w, https:\/\/vosgesinfo.fr\/app\/uploads\/sites\/6\/2026\/01\/20260124-115003-768x594.jpg 768w\" sizes=\"(max-width: 1396px) 100vw, 1396px\" \/><\/a>Les chiffres\u00a0 d\u00e9voil\u00e9s samedi matin lors de la derni\u00e8re permanence de l&rsquo;antenne locale de la Croix Rouge Fran\u00e7aise par son responsable Andr\u00e9 Jacquelin parlent d&rsquo;eux m\u00eames. En 2025 l&rsquo;institution cr\u00e9\u00e9e par Henry Dunant a effectu\u00e9 pas moins de 188 missions dont 6 en auto-partage.<\/p>\n<p>215 personnes ont ainsi b\u00e9n\u00e9fici\u00e9 du dispositif\u00a0 avec pour objectif de grandir encore puisque les dirigeants de la section G\u00e9rardmer-Corcieux imaginent passer \u00e0 300 missions d&rsquo;ici la fin de l&rsquo;ann\u00e9e.<\/p>\n<p>\u00ab\u00a0<em>Nous consid\u00e9rons \u00eatre une solution parmi d&rsquo;autres \u00ab\u00a0<\/em> confirme Andr\u00e9 Jacquelin\u00a0\u00bb <em>Mais la pertinence du dispositif est r\u00e9elle. Aujourd&rsquo;hui, nous nous appuyons sur 6 conducteurs b\u00e9n\u00e9voles, c&rsquo;est pourquoi\u00a0 nous recrutons des \u00e2mes solidaires afin de remplir nos objectifs 2026&Prime;<\/em><\/p>\n<p>62% des missions ont \u00e9t\u00e9 consacr\u00e9es\u00a0 \u00e0 des rendez-vous m\u00e9dicaux, 21% \u00e0 de l&rsquo;insertion professionnelle, 15% ont \u00e9t\u00e9 convertis en lien social, le reste concerne les courses et les d\u00e9marches administratives.<\/p>\n<p>Autant dire qu&rsquo;il est aujourd&rsquo;hui n\u00e9cessaire, voire indispensable de perp\u00e9trer le\u00a0 service Croix Rouge et am\u00e9liorer\u00a0 le quotidien de diff\u00e9rentes\u00a0 couches de la population ( voir le tableau ci-dessous).\u00a0 Pas moins de 6 038 kilom\u00e8tres ont \u00e9t\u00e9 parcourus par altruisme et par la voiture Clio mise \u00e0 disposition. pour la modique somme de 0,15cts d&rsquo;\u20ac du kilom\u00e8tre parcouru et 3 euros forfaitaires pour un simple d\u00e9placement intra-muros \u00e0 G\u00e9rardmer.<\/p>\n<p>Maintenant y a plus qu&rsquo;\u00e0&#8230;se faire conna\u00eetre aupr\u00e8s des responsables de la Croix pour s\u2019inscrite en qualit\u00e9 de chauffeur b\u00e9n\u00e9vole et aider au d\u00e9veloppement du service solidaire.<\/p>\n<p>Contact, moteur, \u00e7a roule avec la Croix Rouge Fran\u00e7aise.<\/p>\n<p><span style=\"color: #3366ff;\">andre.jacquelin@croix-rouge.fr<\/span><\/p>\n<p>Portable : 0786734242<\/p>\n<p>Note : Avoir un permis en bonne et due forme.<\/p>\n<p><a href=\"https:\/\/vosgesinfo.fr\/app\/uploads\/sites\/6\/2026\/01\/antenne-gdmr-bilan-2025-mobilite-solidaire.pdf\">Antenne Gdmr Bilan 2025 Mobilit\u00e9 solidaire<\/a><\/p>\n","protected":false},"excerpt":{"rendered":"<p>Les chiffres\u00a0 d\u00e9voil\u00e9s samedi matin lors de la derni\u00e8re permanence de l&rsquo;antenne locale de la Croix Rouge Fran\u00e7aise par son [&hellip;]<\/p>\n","protected":false},"author":39,"featured_media":87272,"comment_status":"open","ping_status":"open","sticky":false,"template":"","format":"standard","meta":{"footnotes":""},"categories":[1],"tags":[],"class_list":["post-87264","post","type-post","status-publish","format-standard","has-post-thumbnail","hentry","category-non-classe"],"acf":[],"yoast_head":"<!-- This site is optimized with the Yoast SEO plugin v22.5 - https:\/\/yoast.com\/wordpress\/plugins\/seo\/ -->\n<title>Mobilit\u00e9 solidaire - \u00c7a roule avec La Croix Rouge - Gerardmer Info<\/title>\n<meta name=\"robots\" content=\"index, follow, max-snippet:-1, max-image-preview:large, max-video-preview:-1\" \/>\n<link rel=\"canonical\" href=\"https:\/\/vosgesinfo.fr\/gerardmerinfo\/2026\/01\/mobilite-solidaire-ca-roule-avec-la-croix-rouge\/\" \/>\n<meta name=\"twitter:card\" content=\"summary_large_image\" \/>\n<meta name=\"twitter:title\" content=\"Mobilit\u00e9 solidaire - \u00c7a roule avec La Croix Rouge - Gerardmer Info\" \/>\n<meta name=\"twitter:description\" content=\"Les chiffres\u00a0 d\u00e9voil\u00e9s samedi matin lors de la derni\u00e8re permanence de l&rsquo;antenne locale de la Croix Rouge Fran\u00e7aise par son [&hellip;]\" \/>\n<meta name=\"twitter:image\" content=\"https:\/\/vosgesinfo.fr\/app\/uploads\/sites\/6\/2026\/01\/20260124-115003.jpg\" \/>\n<meta name=\"twitter:creator\" content=\"@VosgesInfo88\" \/>\n<meta name=\"twitter:site\" content=\"@VosgesInfo88\" \/>\n<meta name=\"twitter:label1\" content=\"\u00c9crit par\" \/>\n\t<meta name=\"twitter:data1\" content=\"Phj\" \/>\n\t<meta name=\"twitter:label2\" content=\"Dur\u00e9e de lecture estim\u00e9e\" \/>\n\t<meta name=\"twitter:data2\" content=\"2 minutes\" \/>\n<script type=\"application\/ld+json\" class=\"yoast-schema-graph\">{\"@context\":\"https:\/\/schema.org\",\"@graph\":[{\"@type\":\"Article\",\"@id\":\"https:\/\/vosgesinfo.fr\/gerardmerinfo\/2026\/01\/mobilite-solidaire-ca-roule-avec-la-croix-rouge\/#article\",\"isPartOf\":{\"@id\":\"https:\/\/vosgesinfo.fr\/gerardmerinfo\/2026\/01\/mobilite-solidaire-ca-roule-avec-la-croix-rouge\/\"},\"author\":{\"name\":\"Phj\",\"@id\":\"https:\/\/vosgesinfo.fr\/gerardmerinfo\/#\/schema\/person\/4f57dc393faf2ac8b9f1cab30ad79250\"},\"headline\":\"Mobilit\u00e9 solidaire &#8211; \u00c7a roule avec La Croix Rouge\",\"datePublished\":\"2026-01-25T11:59:39+00:00\",\"dateModified\":\"2026-01-25T12:04:37+00:00\",\"mainEntityOfPage\":{\"@id\":\"https:\/\/vosgesinfo.fr\/gerardmerinfo\/2026\/01\/mobilite-solidaire-ca-roule-avec-la-croix-rouge\/\"},\"wordCount\":301,\"commentCount\":0,\"publisher\":{\"@id\":\"https:\/\/vosgesinfo.fr\/gerardmerinfo\/#organization\"},\"image\":{\"@id\":\"https:\/\/vosgesinfo.fr\/gerardmerinfo\/2026\/01\/mobilite-solidaire-ca-roule-avec-la-croix-rouge\/#primaryimage\"},\"thumbnailUrl\":\"https:\/\/vosgesinfo.fr\/app\/uploads\/sites\/6\/2026\/01\/20260124-115003.jpg\",\"inLanguage\":\"fr-FR\",\"potentialAction\":[{\"@type\":\"CommentAction\",\"name\":\"Comment\",\"target\":[\"https:\/\/vosgesinfo.fr\/gerardmerinfo\/2026\/01\/mobilite-solidaire-ca-roule-avec-la-croix-rouge\/#respond\"]}]},{\"@type\":\"WebPage\",\"@id\":\"https:\/\/vosgesinfo.fr\/gerardmerinfo\/2026\/01\/mobilite-solidaire-ca-roule-avec-la-croix-rouge\/\",\"url\":\"https:\/\/vosgesinfo.fr\/gerardmerinfo\/2026\/01\/mobilite-solidaire-ca-roule-avec-la-croix-rouge\/\",\"name\":\"Mobilit\u00e9 solidaire - \u00c7a roule avec La Croix Rouge - Gerardmer Info\",\"isPartOf\":{\"@id\":\"https:\/\/vosgesinfo.fr\/gerardmerinfo\/#website\"},\"primaryImageOfPage\":{\"@id\":\"https:\/\/vosgesinfo.fr\/gerardmerinfo\/2026\/01\/mobilite-solidaire-ca-roule-avec-la-croix-rouge\/#primaryimage\"},\"image\":{\"@id\":\"https:\/\/vosgesinfo.fr\/gerardmerinfo\/2026\/01\/mobilite-solidaire-ca-roule-avec-la-croix-rouge\/#primaryimage\"},\"thumbnailUrl\":\"https:\/\/vosgesinfo.fr\/app\/uploads\/sites\/6\/2026\/01\/20260124-115003.jpg\",\"datePublished\":\"2026-01-25T11:59:39+00:00\",\"dateModified\":\"2026-01-25T12:04:37+00:00\",\"breadcrumb\":{\"@id\":\"https:\/\/vosgesinfo.fr\/gerardmerinfo\/2026\/01\/mobilite-solidaire-ca-roule-avec-la-croix-rouge\/#breadcrumb\"},\"inLanguage\":\"fr-FR\",\"potentialAction\":[{\"@type\":\"ReadAction\",\"target\":[\"https:\/\/vosgesinfo.fr\/gerardmerinfo\/2026\/01\/mobilite-solidaire-ca-roule-avec-la-croix-rouge\/\"]}]},{\"@type\":\"ImageObject\",\"inLanguage\":\"fr-FR\",\"@id\":\"https:\/\/vosgesinfo.fr\/gerardmerinfo\/2026\/01\/mobilite-solidaire-ca-roule-avec-la-croix-rouge\/#primaryimage\",\"url\":\"https:\/\/vosgesinfo.fr\/app\/uploads\/sites\/6\/2026\/01\/20260124-115003.jpg\",\"contentUrl\":\"https:\/\/vosgesinfo.fr\/app\/uploads\/sites\/6\/2026\/01\/20260124-115003.jpg\",\"width\":1396,\"height\":1080},{\"@type\":\"BreadcrumbList\",\"@id\":\"https:\/\/vosgesinfo.fr\/gerardmerinfo\/2026\/01\/mobilite-solidaire-ca-roule-avec-la-croix-rouge\/#breadcrumb\",\"itemListElement\":[{\"@type\":\"ListItem\",\"position\":1,\"name\":\"Home\",\"item\":\"https:\/\/vosgesinfo.fr\/gerardmerinfo\/\"},{\"@type\":\"ListItem\",\"position\":2,\"name\":\"Mobilit\u00e9 solidaire &#8211; \u00c7a roule avec La Croix Rouge\"}]},{\"@type\":\"WebSite\",\"@id\":\"https:\/\/vosgesinfo.fr\/gerardmerinfo\/#website\",\"url\":\"https:\/\/vosgesinfo.fr\/gerardmerinfo\/\",\"name\":\"Gerardmer Info\",\"description\":\"Toute l&#039;actualit\u00e9 de G\u00e9rardmer\",\"publisher\":{\"@id\":\"https:\/\/vosgesinfo.fr\/gerardmerinfo\/#organization\"},\"alternateName\":\"Toute l'actualit\u00e9 de G\u00e9rardmer\",\"potentialAction\":[{\"@type\":\"SearchAction\",\"target\":{\"@type\":\"EntryPoint\",\"urlTemplate\":\"https:\/\/vosgesinfo.fr\/gerardmerinfo\/?s={search_term_string}\"},\"query-input\":\"required name=search_term_string\"}],\"inLanguage\":\"fr-FR\"},{\"@type\":\"Organization\",\"@id\":\"https:\/\/vosgesinfo.fr\/gerardmerinfo\/#organization\",\"name\":\"Gerardmer Info\",\"url\":\"https:\/\/vosgesinfo.fr\/gerardmerinfo\/\",\"logo\":{\"@type\":\"ImageObject\",\"inLanguage\":\"fr-FR\",\"@id\":\"https:\/\/vosgesinfo.fr\/gerardmerinfo\/#\/schema\/logo\/image\/\",\"url\":\"https:\/\/vosgesinfo.fr\/app\/uploads\/sites\/6\/2023\/08\/favicon-gerardmerinfo.png\",\"contentUrl\":\"https:\/\/vosgesinfo.fr\/app\/uploads\/sites\/6\/2023\/08\/favicon-gerardmerinfo.png\",\"width\":512,\"height\":512,\"caption\":\"Gerardmer Info\"},\"image\":{\"@id\":\"https:\/\/vosgesinfo.fr\/gerardmerinfo\/#\/schema\/logo\/image\/\"},\"sameAs\":[\"https:\/\/www.facebook.com\/profile.php?id=100049475262660\",\"https:\/\/x.com\/VosgesInfo88\",\"https:\/\/www.youtube.com\/@vosgesinfo\"]},{\"@type\":\"Person\",\"@id\":\"https:\/\/vosgesinfo.fr\/gerardmerinfo\/#\/schema\/person\/4f57dc393faf2ac8b9f1cab30ad79250\",\"name\":\"Phj\",\"image\":{\"@type\":\"ImageObject\",\"inLanguage\":\"fr-FR\",\"@id\":\"https:\/\/vosgesinfo.fr\/gerardmerinfo\/#\/schema\/person\/image\/\",\"url\":\"https:\/\/secure.gravatar.com\/avatar\/ada60265080fb9a89c9809bf0abb1f448a128cb85db1c08905baa5038fbe3cfe?s=96&d=mm&r=g\",\"contentUrl\":\"https:\/\/secure.gravatar.com\/avatar\/ada60265080fb9a89c9809bf0abb1f448a128cb85db1c08905baa5038fbe3cfe?s=96&d=mm&r=g\",\"caption\":\"Phj\"},\"url\":\"https:\/\/vosgesinfo.fr\/gerardmerinfo\/author\/phj\/\"}]}<\/script>\n<!-- \/ Yoast SEO plugin. -->","yoast_head_json":{"title":"Mobilit\u00e9 solidaire - \u00c7a roule avec La Croix Rouge - Gerardmer Info","robots":{"index":"index","follow":"follow","max-snippet":"max-snippet:-1","max-image-preview":"max-image-preview:large","max-video-preview":"max-video-preview:-1"},"canonical":"https:\/\/vosgesinfo.fr\/gerardmerinfo\/2026\/01\/mobilite-solidaire-ca-roule-avec-la-croix-rouge\/","twitter_card":"summary_large_image","twitter_title":"Mobilit\u00e9 solidaire - \u00c7a roule avec La Croix Rouge - Gerardmer Info","twitter_description":"Les chiffres\u00a0 d\u00e9voil\u00e9s samedi matin lors de la derni\u00e8re permanence de l&rsquo;antenne locale de la Croix Rouge Fran\u00e7aise par son [&hellip;]","twitter_image":"https:\/\/vosgesinfo.fr\/app\/uploads\/sites\/6\/2026\/01\/20260124-115003.jpg","twitter_creator":"@VosgesInfo88","twitter_site":"@VosgesInfo88","twitter_misc":{"\u00c9crit par":"Phj","Dur\u00e9e de lecture estim\u00e9e":"2 minutes"},"schema":{"@context":"https:\/\/schema.org","@graph":[{"@type":"Article","@id":"https:\/\/vosgesinfo.fr\/gerardmerinfo\/2026\/01\/mobilite-solidaire-ca-roule-avec-la-croix-rouge\/#article","isPartOf":{"@id":"https:\/\/vosgesinfo.fr\/gerardmerinfo\/2026\/01\/mobilite-solidaire-ca-roule-avec-la-croix-rouge\/"},"author":{"name":"Phj","@id":"https:\/\/vosgesinfo.fr\/gerardmerinfo\/#\/schema\/person\/4f57dc393faf2ac8b9f1cab30ad79250"},"headline":"Mobilit\u00e9 solidaire &#8211; \u00c7a roule avec La Croix Rouge","datePublished":"2026-01-25T11:59:39+00:00","dateModified":"2026-01-25T12:04:37+00:00","mainEntityOfPage":{"@id":"https:\/\/vosgesinfo.fr\/gerardmerinfo\/2026\/01\/mobilite-solidaire-ca-roule-avec-la-croix-rouge\/"},"wordCount":301,"commentCount":0,"publisher":{"@id":"https:\/\/vosgesinfo.fr\/gerardmerinfo\/#organization"},"image":{"@id":"https:\/\/vosgesinfo.fr\/gerardmerinfo\/2026\/01\/mobilite-solidaire-ca-roule-avec-la-croix-rouge\/#primaryimage"},"thumbnailUrl":"https:\/\/vosgesinfo.fr\/app\/uploads\/sites\/6\/2026\/01\/20260124-115003.jpg","inLanguage":"fr-FR","potentialAction":[{"@type":"CommentAction","name":"Comment","target":["https:\/\/vosgesinfo.fr\/gerardmerinfo\/2026\/01\/mobilite-solidaire-ca-roule-avec-la-croix-rouge\/#respond"]}]},{"@type":"WebPage","@id":"https:\/\/vosgesinfo.fr\/gerardmerinfo\/2026\/01\/mobilite-solidaire-ca-roule-avec-la-croix-rouge\/","url":"https:\/\/vosgesinfo.fr\/gerardmerinfo\/2026\/01\/mobilite-solidaire-ca-roule-avec-la-croix-rouge\/","name":"Mobilit\u00e9 solidaire - \u00c7a roule avec La Croix Rouge - Gerardmer Info","isPartOf":{"@id":"https:\/\/vosgesinfo.fr\/gerardmerinfo\/#website"},"primaryImageOfPage":{"@id":"https:\/\/vosgesinfo.fr\/gerardmerinfo\/2026\/01\/mobilite-solidaire-ca-roule-avec-la-croix-rouge\/#primaryimage"},"image":{"@id":"https:\/\/vosgesinfo.fr\/gerardmerinfo\/2026\/01\/mobilite-solidaire-ca-roule-avec-la-croix-rouge\/#primaryimage"},"thumbnailUrl":"https:\/\/vosgesinfo.fr\/app\/uploads\/sites\/6\/2026\/01\/20260124-115003.jpg","datePublished":"2026-01-25T11:59:39+00:00","dateModified":"2026-01-25T12:04:37+00:00","breadcrumb":{"@id":"https:\/\/vosgesinfo.fr\/gerardmerinfo\/2026\/01\/mobilite-solidaire-ca-roule-avec-la-croix-rouge\/#breadcrumb"},"inLanguage":"fr-FR","potentialAction":[{"@type":"ReadAction","target":["https:\/\/vosgesinfo.fr\/gerardmerinfo\/2026\/01\/mobilite-solidaire-ca-roule-avec-la-croix-rouge\/"]}]},{"@type":"ImageObject","inLanguage":"fr-FR","@id":"https:\/\/vosgesinfo.fr\/gerardmerinfo\/2026\/01\/mobilite-solidaire-ca-roule-avec-la-croix-rouge\/#primaryimage","url":"https:\/\/vosgesinfo.fr\/app\/uploads\/sites\/6\/2026\/01\/20260124-115003.jpg","contentUrl":"https:\/\/vosgesinfo.fr\/app\/uploads\/sites\/6\/2026\/01\/20260124-115003.jpg","width":1396,"height":1080},{"@type":"BreadcrumbList","@id":"https:\/\/vosgesinfo.fr\/gerardmerinfo\/2026\/01\/mobilite-solidaire-ca-roule-avec-la-croix-rouge\/#breadcrumb","itemListElement":[{"@type":"ListItem","position":1,"name":"Home","item":"https:\/\/vosgesinfo.fr\/gerardmerinfo\/"},{"@type":"ListItem","position":2,"name":"Mobilit\u00e9 solidaire &#8211; \u00c7a roule avec La Croix Rouge"}]},{"@type":"WebSite","@id":"https:\/\/vosgesinfo.fr\/gerardmerinfo\/#website","url":"https:\/\/vosgesinfo.fr\/gerardmerinfo\/","name":"Gerardmer Info","description":"Toute l&#039;actualit\u00e9 de G\u00e9rardmer","publisher":{"@id":"https:\/\/vosgesinfo.fr\/gerardmerinfo\/#organization"},"alternateName":"Toute l'actualit\u00e9 de G\u00e9rardmer","potentialAction":[{"@type":"SearchAction","target":{"@type":"EntryPoint","urlTemplate":"https:\/\/vosgesinfo.fr\/gerardmerinfo\/?s={search_term_string}"},"query-input":"required name=search_term_string"}],"inLanguage":"fr-FR"},{"@type":"Organization","@id":"https:\/\/vosgesinfo.fr\/gerardmerinfo\/#organization","name":"Gerardmer Info","url":"https:\/\/vosgesinfo.fr\/gerardmerinfo\/","logo":{"@type":"ImageObject","inLanguage":"fr-FR","@id":"https:\/\/vosgesinfo.fr\/gerardmerinfo\/#\/schema\/logo\/image\/","url":"https:\/\/vosgesinfo.fr\/app\/uploads\/sites\/6\/2023\/08\/favicon-gerardmerinfo.png","contentUrl":"https:\/\/vosgesinfo.fr\/app\/uploads\/sites\/6\/2023\/08\/favicon-gerardmerinfo.png","width":512,"height":512,"caption":"Gerardmer Info"},"image":{"@id":"https:\/\/vosgesinfo.fr\/gerardmerinfo\/#\/schema\/logo\/image\/"},"sameAs":["https:\/\/www.facebook.com\/profile.php?id=100049475262660","https:\/\/x.com\/VosgesInfo88","https:\/\/www.youtube.com\/@vosgesinfo"]},{"@type":"Person","@id":"https:\/\/vosgesinfo.fr\/gerardmerinfo\/#\/schema\/person\/4f57dc393faf2ac8b9f1cab30ad79250","name":"Phj","image":{"@type":"ImageObject","inLanguage":"fr-FR","@id":"https:\/\/vosgesinfo.fr\/gerardmerinfo\/#\/schema\/person\/image\/","url":"https:\/\/secure.gravatar.com\/avatar\/ada60265080fb9a89c9809bf0abb1f448a128cb85db1c08905baa5038fbe3cfe?s=96&d=mm&r=g","contentUrl":"https:\/\/secure.gravatar.com\/avatar\/ada60265080fb9a89c9809bf0abb1f448a128cb85db1c08905baa5038fbe3cfe?s=96&d=mm&r=g","caption":"Phj"},"url":"https:\/\/vosgesinfo.fr\/gerardmerinfo\/author\/phj\/"}]}},"_links":{"self":[{"href":"https:\/\/vosgesinfo.fr\/gerardmerinfo\/wp-json\/wp\/v2\/posts\/87264","targetHints":{"allow":["GET"]}}],"collection":[{"href":"https:\/\/vosgesinfo.fr\/gerardmerinfo\/wp-json\/wp\/v2\/posts"}],"about":[{"href":"https:\/\/vosgesinfo.fr\/gerardmerinfo\/wp-json\/wp\/v2\/types\/post"}],"author":[{"embeddable":true,"href":"https:\/\/vosgesinfo.fr\/gerardmerinfo\/wp-json\/wp\/v2\/users\/39"}],"replies":[{"embeddable":true,"href":"https:\/\/vosgesinfo.fr\/gerardmerinfo\/wp-json\/wp\/v2\/comments?post=87264"}],"version-history":[{"count":11,"href":"https:\/\/vosgesinfo.fr\/gerardmerinfo\/wp-json\/wp\/v2\/posts\/87264\/revisions"}],"predecessor-version":[{"id":87277,"href":"https:\/\/vosgesinfo.fr\/gerardmerinfo\/wp-json\/wp\/v2\/posts\/87264\/revisions\/87277"}],"wp:featuredmedia":[{"embeddable":true,"href":"https:\/\/vosgesinfo.fr\/gerardmerinfo\/wp-json\/wp\/v2\/media\/87272"}],"wp:attachment":[{"href":"https:\/\/vosgesinfo.fr\/gerardmerinfo\/wp-json\/wp\/v2\/media?parent=87264"}],"wp:term":[{"taxonomy":"category","embeddable":true,"href":"https:\/\/vosgesinfo.fr\/gerardmerinfo\/wp-json\/wp\/v2\/categories?post=87264"},{"taxonomy":"post_tag","embeddable":true,"href":"https:\/\/vosgesinfo.fr\/gerardmerinfo\/wp-json\/wp\/v2\/tags?post=87264"}],"curies":[{"name":"wp","href":"https:\/\/api.w.org\/{rel}","templated":true}]}}