{"id":87283,"date":"2026-01-27T06:00:42","date_gmt":"2026-01-27T05:00:42","guid":{"rendered":"https:\/\/vosgesinfo.fr\/gerardmerinfo\/?p=87283"},"modified":"2026-01-25T19:13:43","modified_gmt":"2026-01-25T18:13:43","slug":"gerardmer-bat-au-rythme-de-la-solidarite-170-donneurs-de-sang-attendus-a-lespace-tilleul-le-4-fevrier-2026","status":"publish","type":"post","link":"https:\/\/vosgesinfo.fr\/gerardmerinfo\/2026\/01\/gerardmer-bat-au-rythme-de-la-solidarite-170-donneurs-de-sang-attendus-a-lespace-tilleul-le-4-fevrier-2026\/","title":{"rendered":"G\u00e9rardmer bat au rythme de la solidarit\u00e9 : 170 donneurs de sang attendus \u00e0 l\u2019Espace Tilleul le 4 f\u00e9vrier 2026."},"content":{"rendered":"<p><a href=\"https:\/\/vosgesinfo.fr\/app\/uploads\/sites\/6\/2026\/01\/collecte-mon-sang-pour-les-autres.jpg\"><img decoding=\"async\" class=\"aligncenter wp-image-87284\" src=\"https:\/\/vosgesinfo.fr\/app\/uploads\/sites\/6\/2026\/01\/collecte-mon-sang-pour-les-autres-1024x411.jpg\" alt=\"\" width=\"424\" height=\"170\" srcset=\"https:\/\/vosgesinfo.fr\/app\/uploads\/sites\/6\/2026\/01\/collecte-mon-sang-pour-les-autres-1024x411.jpg 1024w, https:\/\/vosgesinfo.fr\/app\/uploads\/sites\/6\/2026\/01\/collecte-mon-sang-pour-les-autres-300x121.jpg 300w, https:\/\/vosgesinfo.fr\/app\/uploads\/sites\/6\/2026\/01\/collecte-mon-sang-pour-les-autres-768x309.jpg 768w, https:\/\/vosgesinfo.fr\/app\/uploads\/sites\/6\/2026\/01\/collecte-mon-sang-pour-les-autres.jpg 1080w\" sizes=\"(max-width: 424px) 100vw, 424px\" \/><\/a><\/p>\n<p style=\"text-align: center;\"><strong>G\u00e9rardmer bat au rythme de la solidarit\u00e9 :<\/strong><br \/>\n<strong>170 donneurs de sang attendus \u00e0 l\u2019Espace Tilleul<\/strong><br \/>\n<strong>le 4 f\u00e9vrier 2026.<\/strong><\/p>\n<p>L\u2019\u00c9tablissement Fran\u00e7ais du Sang Grand Est, le Rotary Club de G\u00e9rardmer et l\u2019Amicale des Donneurs de Sang B\u00e9n\u00e9voles, en partenariat avec la Ville de G\u00e9rardmer organisent la 10\u00e8me \u00e9dition de la collecte \u00ab Mon sang pour les autres \u00bb le mercredi 4 f\u00e9vrier 2026. Ils accueilleront les fid\u00e8les et nouveaux donneurs de sang, dans ce lieu d\u00e9di\u00e9 \u00e0 la culture de la Perle des Vosges pour accomplir ce geste solidaire.<\/p>\n<p><span style=\"color: #ff0000;\"><strong>RDV le mercredi 4 f\u00e9vrier 2026<\/strong><\/span><br \/>\n<span style=\"color: #ff0000;\"><strong>de 8h30 \u00e0 12h30 et de 15h30 \u00e0 19h30,<\/strong><\/span><br \/>\n<span style=\"color: #ff0000;\"><strong>\u00e0 l\u2019Espace Tilleul, \u00e0 G\u00e9rardmer<\/strong><\/span><\/p>\n<p>Pour prendre rendez-vous : collecte \u00e0 G\u00e9rardmer<br \/>\n\u00c9v\u00e8nement Facebook : Mon sang pour les autres G\u00e9rardmer<br \/>\nPour cette 10\u00e8me \u00e9dition, les donneurs pourront appr\u00e9cier une collation gourmande pr\u00e9par\u00e9e par les \u00e9l\u00e8ves du Lyc\u00e9e JBS Chardin de G\u00e9rardmer, les membres de l\u2019Association des Donneurs de Sang B\u00e9n\u00e9voles et un membre du Rotary Club, ancien p\u00e2tissier. Un programme d\u2019animations musicales a \u00e9t\u00e9 concoct\u00e9 par les membres de l\u2019Amicale et du Rotary Club.<\/p>\n<p>Pour rappel, les besoins des malades sont constants et les produits sanguins ont une dur\u00e9e de vie limit\u00e9e (42 jours pour les globules rouges, seulement 7 jours pour les plaquettes et 1 an \u00e0 3 ans pour le plasma). Il est donc primordial de donner r\u00e9guli\u00e8rement, tout au long de l\u2019ann\u00e9e, pour r\u00e9pondre aux besoins des malades. Chaque jour, 10 000 dons sont n\u00e9cessaires en France !<br \/>\nPour savoir o\u00f9 donner votre sang et prendre rendez-vous en maison du don ou en collecte mobile, consultez dondesang.efs.sante.fr ou l\u2019appli \u00ab Don de sang \u00bb.<br \/>\nLes partenaires : l\u2019op\u00e9ration \u00ab Mon Sang Pour les Autres \u00bb continue d\u2019\u00eatre le fruit de l\u2019engagement de nombreux membres du Rotary Club et de l\u2019Association des Donneurs de Sang B\u00e9n\u00e9voles de G\u00e9rardmer, Xonrupt et Li\u00e9zey. La Ville de G\u00e9rardmer (lab\u00e9lis\u00e9e commune partenaire du don de sang) contribue \u00e0 l\u2019organisation de la collecte en mettant \u00e0 disposition ses structures et en en faisant la promotion<\/p>\n<p><strong>Mon Sang Pour Les Autres : le Rotary engag\u00e9 depuis plus de 25 ans pour le don de sang<\/strong><br \/>\nMon Sang pour les Autres : en 1998, le Rotary a propos\u00e9 \u00e0 l\u2019EFS de lancer la premi\u00e8re collecte \u00ab Mon Sang Pour Les Autres \u00bb \u00e0 Toulouse. Le succ\u00e8s est imm\u00e9diat.<br \/>\nL\u2019op\u00e9ration s\u2019est \u00e9tendue \u00e0 d\u2019autres villes en France comme dans le Grand Est \u00e0 Reims, Ch\u00e2lons-en-Champagne, Vitry-le-Fran\u00e7ois, Metz, Thionville, Insming, Nancy, Toul, G\u00e9rardmer, Mulhouse, Sedan et Troyes. Depuis sa cr\u00e9ation, plus de 565 000 dons ont \u00e9t\u00e9 enregistr\u00e9s au niveau national !<\/p>\n","protected":false},"excerpt":{"rendered":"<p>G\u00e9rardmer bat au rythme de la solidarit\u00e9 : 170 donneurs de sang attendus \u00e0 l\u2019Espace Tilleul le 4 f\u00e9vrier 2026. [&hellip;]<\/p>\n","protected":false},"author":391,"featured_media":87284,"comment_status":"open","ping_status":"open","sticky":false,"template":"","format":"standard","meta":{"footnotes":""},"categories":[20,5647,12,17],"tags":[7616,626,152],"class_list":["post-87283","post","type-post","status-publish","format-standard","has-post-thumbnail","hentry","category-a-la-une","category-gerardmer-autres-sites","category-sante","category-vie-associative","tag-efs-grand-est","tag-mon-sang-pour-les-autres","tag-rotary-club-gerardmer"],"acf":[],"yoast_head":"<!-- This site is optimized with the Yoast SEO plugin v22.5 - https:\/\/yoast.com\/wordpress\/plugins\/seo\/ -->\n<title>G\u00e9rardmer bat au rythme de la solidarit\u00e9 : 170 donneurs de sang attendus \u00e0 l\u2019Espace Tilleul le 4 f\u00e9vrier 2026. - Gerardmer Info<\/title>\n<meta name=\"robots\" content=\"index, follow, max-snippet:-1, max-image-preview:large, max-video-preview:-1\" \/>\n<link rel=\"canonical\" href=\"https:\/\/vosgesinfo.fr\/gerardmerinfo\/2026\/01\/gerardmer-bat-au-rythme-de-la-solidarite-170-donneurs-de-sang-attendus-a-lespace-tilleul-le-4-fevrier-2026\/\" \/>\n<meta name=\"twitter:card\" content=\"summary_large_image\" \/>\n<meta name=\"twitter:title\" content=\"G\u00e9rardmer bat au rythme de la solidarit\u00e9 : 170 donneurs de sang attendus \u00e0 l\u2019Espace Tilleul le 4 f\u00e9vrier 2026. - Gerardmer Info\" \/>\n<meta name=\"twitter:description\" content=\"G\u00e9rardmer bat au rythme de la solidarit\u00e9 : 170 donneurs de sang attendus \u00e0 l\u2019Espace Tilleul le 4 f\u00e9vrier 2026. [&hellip;]\" \/>\n<meta name=\"twitter:image\" content=\"https:\/\/vosgesinfo.fr\/app\/uploads\/sites\/6\/2026\/01\/collecte-mon-sang-pour-les-autres.jpg\" \/>\n<meta name=\"twitter:creator\" content=\"@VosgesInfo88\" \/>\n<meta name=\"twitter:site\" content=\"@VosgesInfo88\" \/>\n<meta name=\"twitter:label1\" content=\"\u00c9crit par\" \/>\n\t<meta name=\"twitter:data1\" content=\"La redaction\" \/>\n\t<meta name=\"twitter:label2\" content=\"Dur\u00e9e de lecture estim\u00e9e\" \/>\n\t<meta name=\"twitter:data2\" content=\"2 minutes\" \/>\n<script type=\"application\/ld+json\" class=\"yoast-schema-graph\">{\"@context\":\"https:\/\/schema.org\",\"@graph\":[{\"@type\":\"Article\",\"@id\":\"https:\/\/vosgesinfo.fr\/gerardmerinfo\/2026\/01\/gerardmer-bat-au-rythme-de-la-solidarite-170-donneurs-de-sang-attendus-a-lespace-tilleul-le-4-fevrier-2026\/#article\",\"isPartOf\":{\"@id\":\"https:\/\/vosgesinfo.fr\/gerardmerinfo\/2026\/01\/gerardmer-bat-au-rythme-de-la-solidarite-170-donneurs-de-sang-attendus-a-lespace-tilleul-le-4-fevrier-2026\/\"},\"author\":{\"name\":\"La redaction\",\"@id\":\"https:\/\/vosgesinfo.fr\/gerardmerinfo\/#\/schema\/person\/27a3695b06db98895b354c0765cdfc31\"},\"headline\":\"G\u00e9rardmer bat au rythme de la solidarit\u00e9 : 170 donneurs de sang attendus \u00e0 l\u2019Espace Tilleul le 4 f\u00e9vrier 2026.\",\"datePublished\":\"2026-01-27T05:00:42+00:00\",\"dateModified\":\"2026-01-25T18:13:43+00:00\",\"mainEntityOfPage\":{\"@id\":\"https:\/\/vosgesinfo.fr\/gerardmerinfo\/2026\/01\/gerardmer-bat-au-rythme-de-la-solidarite-170-donneurs-de-sang-attendus-a-lespace-tilleul-le-4-fevrier-2026\/\"},\"wordCount\":471,\"commentCount\":0,\"publisher\":{\"@id\":\"https:\/\/vosgesinfo.fr\/gerardmerinfo\/#organization\"},\"image\":{\"@id\":\"https:\/\/vosgesinfo.fr\/gerardmerinfo\/2026\/01\/gerardmer-bat-au-rythme-de-la-solidarite-170-donneurs-de-sang-attendus-a-lespace-tilleul-le-4-fevrier-2026\/#primaryimage\"},\"thumbnailUrl\":\"https:\/\/vosgesinfo.fr\/app\/uploads\/sites\/6\/2026\/01\/collecte-mon-sang-pour-les-autres.jpg\",\"keywords\":[\"EFS Grand Est\",\"mon sang pour les autres\",\"rotary club G\u00e9rardmer\"],\"articleSection\":[\"A la une\",\"Gerardmer\",\"Sant\u00e9\",\"Vie Associative\"],\"inLanguage\":\"fr-FR\",\"potentialAction\":[{\"@type\":\"CommentAction\",\"name\":\"Comment\",\"target\":[\"https:\/\/vosgesinfo.fr\/gerardmerinfo\/2026\/01\/gerardmer-bat-au-rythme-de-la-solidarite-170-donneurs-de-sang-attendus-a-lespace-tilleul-le-4-fevrier-2026\/#respond\"]}]},{\"@type\":\"WebPage\",\"@id\":\"https:\/\/vosgesinfo.fr\/gerardmerinfo\/2026\/01\/gerardmer-bat-au-rythme-de-la-solidarite-170-donneurs-de-sang-attendus-a-lespace-tilleul-le-4-fevrier-2026\/\",\"url\":\"https:\/\/vosgesinfo.fr\/gerardmerinfo\/2026\/01\/gerardmer-bat-au-rythme-de-la-solidarite-170-donneurs-de-sang-attendus-a-lespace-tilleul-le-4-fevrier-2026\/\",\"name\":\"G\u00e9rardmer bat au rythme de la solidarit\u00e9 : 170 donneurs de sang attendus \u00e0 l\u2019Espace Tilleul le 4 f\u00e9vrier 2026. - Gerardmer Info\",\"isPartOf\":{\"@id\":\"https:\/\/vosgesinfo.fr\/gerardmerinfo\/#website\"},\"primaryImageOfPage\":{\"@id\":\"https:\/\/vosgesinfo.fr\/gerardmerinfo\/2026\/01\/gerardmer-bat-au-rythme-de-la-solidarite-170-donneurs-de-sang-attendus-a-lespace-tilleul-le-4-fevrier-2026\/#primaryimage\"},\"image\":{\"@id\":\"https:\/\/vosgesinfo.fr\/gerardmerinfo\/2026\/01\/gerardmer-bat-au-rythme-de-la-solidarite-170-donneurs-de-sang-attendus-a-lespace-tilleul-le-4-fevrier-2026\/#primaryimage\"},\"thumbnailUrl\":\"https:\/\/vosgesinfo.fr\/app\/uploads\/sites\/6\/2026\/01\/collecte-mon-sang-pour-les-autres.jpg\",\"datePublished\":\"2026-01-27T05:00:42+00:00\",\"dateModified\":\"2026-01-25T18:13:43+00:00\",\"breadcrumb\":{\"@id\":\"https:\/\/vosgesinfo.fr\/gerardmerinfo\/2026\/01\/gerardmer-bat-au-rythme-de-la-solidarite-170-donneurs-de-sang-attendus-a-lespace-tilleul-le-4-fevrier-2026\/#breadcrumb\"},\"inLanguage\":\"fr-FR\",\"potentialAction\":[{\"@type\":\"ReadAction\",\"target\":[\"https:\/\/vosgesinfo.fr\/gerardmerinfo\/2026\/01\/gerardmer-bat-au-rythme-de-la-solidarite-170-donneurs-de-sang-attendus-a-lespace-tilleul-le-4-fevrier-2026\/\"]}]},{\"@type\":\"ImageObject\",\"inLanguage\":\"fr-FR\",\"@id\":\"https:\/\/vosgesinfo.fr\/gerardmerinfo\/2026\/01\/gerardmer-bat-au-rythme-de-la-solidarite-170-donneurs-de-sang-attendus-a-lespace-tilleul-le-4-fevrier-2026\/#primaryimage\",\"url\":\"https:\/\/vosgesinfo.fr\/app\/uploads\/sites\/6\/2026\/01\/collecte-mon-sang-pour-les-autres.jpg\",\"contentUrl\":\"https:\/\/vosgesinfo.fr\/app\/uploads\/sites\/6\/2026\/01\/collecte-mon-sang-pour-les-autres.jpg\",\"width\":1080,\"height\":434},{\"@type\":\"BreadcrumbList\",\"@id\":\"https:\/\/vosgesinfo.fr\/gerardmerinfo\/2026\/01\/gerardmer-bat-au-rythme-de-la-solidarite-170-donneurs-de-sang-attendus-a-lespace-tilleul-le-4-fevrier-2026\/#breadcrumb\",\"itemListElement\":[{\"@type\":\"ListItem\",\"position\":1,\"name\":\"Home\",\"item\":\"https:\/\/vosgesinfo.fr\/gerardmerinfo\/\"},{\"@type\":\"ListItem\",\"position\":2,\"name\":\"G\u00e9rardmer bat au rythme de la solidarit\u00e9 : 170 donneurs de sang attendus \u00e0 l\u2019Espace Tilleul le 4 f\u00e9vrier 2026.\"}]},{\"@type\":\"WebSite\",\"@id\":\"https:\/\/vosgesinfo.fr\/gerardmerinfo\/#website\",\"url\":\"https:\/\/vosgesinfo.fr\/gerardmerinfo\/\",\"name\":\"Gerardmer Info\",\"description\":\"Toute l&#039;actualit\u00e9 de G\u00e9rardmer\",\"publisher\":{\"@id\":\"https:\/\/vosgesinfo.fr\/gerardmerinfo\/#organization\"},\"alternateName\":\"Toute l'actualit\u00e9 de G\u00e9rardmer\",\"potentialAction\":[{\"@type\":\"SearchAction\",\"target\":{\"@type\":\"EntryPoint\",\"urlTemplate\":\"https:\/\/vosgesinfo.fr\/gerardmerinfo\/?s={search_term_string}\"},\"query-input\":\"required name=search_term_string\"}],\"inLanguage\":\"fr-FR\"},{\"@type\":\"Organization\",\"@id\":\"https:\/\/vosgesinfo.fr\/gerardmerinfo\/#organization\",\"name\":\"Gerardmer Info\",\"url\":\"https:\/\/vosgesinfo.fr\/gerardmerinfo\/\",\"logo\":{\"@type\":\"ImageObject\",\"inLanguage\":\"fr-FR\",\"@id\":\"https:\/\/vosgesinfo.fr\/gerardmerinfo\/#\/schema\/logo\/image\/\",\"url\":\"https:\/\/vosgesinfo.fr\/app\/uploads\/sites\/6\/2023\/08\/favicon-gerardmerinfo.png\",\"contentUrl\":\"https:\/\/vosgesinfo.fr\/app\/uploads\/sites\/6\/2023\/08\/favicon-gerardmerinfo.png\",\"width\":512,\"height\":512,\"caption\":\"Gerardmer Info\"},\"image\":{\"@id\":\"https:\/\/vosgesinfo.fr\/gerardmerinfo\/#\/schema\/logo\/image\/\"},\"sameAs\":[\"https:\/\/www.facebook.com\/profile.php?id=100049475262660\",\"https:\/\/x.com\/VosgesInfo88\",\"https:\/\/www.youtube.com\/@vosgesinfo\"]},{\"@type\":\"Person\",\"@id\":\"https:\/\/vosgesinfo.fr\/gerardmerinfo\/#\/schema\/person\/27a3695b06db98895b354c0765cdfc31\",\"name\":\"La redaction\",\"image\":{\"@type\":\"ImageObject\",\"inLanguage\":\"fr-FR\",\"@id\":\"https:\/\/vosgesinfo.fr\/gerardmerinfo\/#\/schema\/person\/image\/\",\"url\":\"https:\/\/secure.gravatar.com\/avatar\/64c76a78e501cedee55736f43f332df901e1896ae9cd8fad269ae2236dd0e8b6?s=96&d=mm&r=g\",\"contentUrl\":\"https:\/\/secure.gravatar.com\/avatar\/64c76a78e501cedee55736f43f332df901e1896ae9cd8fad269ae2236dd0e8b6?s=96&d=mm&r=g\",\"caption\":\"La redaction\"},\"url\":\"https:\/\/vosgesinfo.fr\/gerardmerinfo\/author\/la-redaction\/\"}]}<\/script>\n<!-- \/ Yoast SEO plugin. -->","yoast_head_json":{"title":"G\u00e9rardmer bat au rythme de la solidarit\u00e9 : 170 donneurs de sang attendus \u00e0 l\u2019Espace Tilleul le 4 f\u00e9vrier 2026. - Gerardmer Info","robots":{"index":"index","follow":"follow","max-snippet":"max-snippet:-1","max-image-preview":"max-image-preview:large","max-video-preview":"max-video-preview:-1"},"canonical":"https:\/\/vosgesinfo.fr\/gerardmerinfo\/2026\/01\/gerardmer-bat-au-rythme-de-la-solidarite-170-donneurs-de-sang-attendus-a-lespace-tilleul-le-4-fevrier-2026\/","twitter_card":"summary_large_image","twitter_title":"G\u00e9rardmer bat au rythme de la solidarit\u00e9 : 170 donneurs de sang attendus \u00e0 l\u2019Espace Tilleul le 4 f\u00e9vrier 2026. - Gerardmer Info","twitter_description":"G\u00e9rardmer bat au rythme de la solidarit\u00e9 : 170 donneurs de sang attendus \u00e0 l\u2019Espace Tilleul le 4 f\u00e9vrier 2026. [&hellip;]","twitter_image":"https:\/\/vosgesinfo.fr\/app\/uploads\/sites\/6\/2026\/01\/collecte-mon-sang-pour-les-autres.jpg","twitter_creator":"@VosgesInfo88","twitter_site":"@VosgesInfo88","twitter_misc":{"\u00c9crit par":"La redaction","Dur\u00e9e de lecture estim\u00e9e":"2 minutes"},"schema":{"@context":"https:\/\/schema.org","@graph":[{"@type":"Article","@id":"https:\/\/vosgesinfo.fr\/gerardmerinfo\/2026\/01\/gerardmer-bat-au-rythme-de-la-solidarite-170-donneurs-de-sang-attendus-a-lespace-tilleul-le-4-fevrier-2026\/#article","isPartOf":{"@id":"https:\/\/vosgesinfo.fr\/gerardmerinfo\/2026\/01\/gerardmer-bat-au-rythme-de-la-solidarite-170-donneurs-de-sang-attendus-a-lespace-tilleul-le-4-fevrier-2026\/"},"author":{"name":"La redaction","@id":"https:\/\/vosgesinfo.fr\/gerardmerinfo\/#\/schema\/person\/27a3695b06db98895b354c0765cdfc31"},"headline":"G\u00e9rardmer bat au rythme de la solidarit\u00e9 : 170 donneurs de sang attendus \u00e0 l\u2019Espace Tilleul le 4 f\u00e9vrier 2026.","datePublished":"2026-01-27T05:00:42+00:00","dateModified":"2026-01-25T18:13:43+00:00","mainEntityOfPage":{"@id":"https:\/\/vosgesinfo.fr\/gerardmerinfo\/2026\/01\/gerardmer-bat-au-rythme-de-la-solidarite-170-donneurs-de-sang-attendus-a-lespace-tilleul-le-4-fevrier-2026\/"},"wordCount":471,"commentCount":0,"publisher":{"@id":"https:\/\/vosgesinfo.fr\/gerardmerinfo\/#organization"},"image":{"@id":"https:\/\/vosgesinfo.fr\/gerardmerinfo\/2026\/01\/gerardmer-bat-au-rythme-de-la-solidarite-170-donneurs-de-sang-attendus-a-lespace-tilleul-le-4-fevrier-2026\/#primaryimage"},"thumbnailUrl":"https:\/\/vosgesinfo.fr\/app\/uploads\/sites\/6\/2026\/01\/collecte-mon-sang-pour-les-autres.jpg","keywords":["EFS Grand Est","mon sang pour les autres","rotary club G\u00e9rardmer"],"articleSection":["A la une","Gerardmer","Sant\u00e9","Vie Associative"],"inLanguage":"fr-FR","potentialAction":[{"@type":"CommentAction","name":"Comment","target":["https:\/\/vosgesinfo.fr\/gerardmerinfo\/2026\/01\/gerardmer-bat-au-rythme-de-la-solidarite-170-donneurs-de-sang-attendus-a-lespace-tilleul-le-4-fevrier-2026\/#respond"]}]},{"@type":"WebPage","@id":"https:\/\/vosgesinfo.fr\/gerardmerinfo\/2026\/01\/gerardmer-bat-au-rythme-de-la-solidarite-170-donneurs-de-sang-attendus-a-lespace-tilleul-le-4-fevrier-2026\/","url":"https:\/\/vosgesinfo.fr\/gerardmerinfo\/2026\/01\/gerardmer-bat-au-rythme-de-la-solidarite-170-donneurs-de-sang-attendus-a-lespace-tilleul-le-4-fevrier-2026\/","name":"G\u00e9rardmer bat au rythme de la solidarit\u00e9 : 170 donneurs de sang attendus \u00e0 l\u2019Espace Tilleul le 4 f\u00e9vrier 2026. - Gerardmer Info","isPartOf":{"@id":"https:\/\/vosgesinfo.fr\/gerardmerinfo\/#website"},"primaryImageOfPage":{"@id":"https:\/\/vosgesinfo.fr\/gerardmerinfo\/2026\/01\/gerardmer-bat-au-rythme-de-la-solidarite-170-donneurs-de-sang-attendus-a-lespace-tilleul-le-4-fevrier-2026\/#primaryimage"},"image":{"@id":"https:\/\/vosgesinfo.fr\/gerardmerinfo\/2026\/01\/gerardmer-bat-au-rythme-de-la-solidarite-170-donneurs-de-sang-attendus-a-lespace-tilleul-le-4-fevrier-2026\/#primaryimage"},"thumbnailUrl":"https:\/\/vosgesinfo.fr\/app\/uploads\/sites\/6\/2026\/01\/collecte-mon-sang-pour-les-autres.jpg","datePublished":"2026-01-27T05:00:42+00:00","dateModified":"2026-01-25T18:13:43+00:00","breadcrumb":{"@id":"https:\/\/vosgesinfo.fr\/gerardmerinfo\/2026\/01\/gerardmer-bat-au-rythme-de-la-solidarite-170-donneurs-de-sang-attendus-a-lespace-tilleul-le-4-fevrier-2026\/#breadcrumb"},"inLanguage":"fr-FR","potentialAction":[{"@type":"ReadAction","target":["https:\/\/vosgesinfo.fr\/gerardmerinfo\/2026\/01\/gerardmer-bat-au-rythme-de-la-solidarite-170-donneurs-de-sang-attendus-a-lespace-tilleul-le-4-fevrier-2026\/"]}]},{"@type":"ImageObject","inLanguage":"fr-FR","@id":"https:\/\/vosgesinfo.fr\/gerardmerinfo\/2026\/01\/gerardmer-bat-au-rythme-de-la-solidarite-170-donneurs-de-sang-attendus-a-lespace-tilleul-le-4-fevrier-2026\/#primaryimage","url":"https:\/\/vosgesinfo.fr\/app\/uploads\/sites\/6\/2026\/01\/collecte-mon-sang-pour-les-autres.jpg","contentUrl":"https:\/\/vosgesinfo.fr\/app\/uploads\/sites\/6\/2026\/01\/collecte-mon-sang-pour-les-autres.jpg","width":1080,"height":434},{"@type":"BreadcrumbList","@id":"https:\/\/vosgesinfo.fr\/gerardmerinfo\/2026\/01\/gerardmer-bat-au-rythme-de-la-solidarite-170-donneurs-de-sang-attendus-a-lespace-tilleul-le-4-fevrier-2026\/#breadcrumb","itemListElement":[{"@type":"ListItem","position":1,"name":"Home","item":"https:\/\/vosgesinfo.fr\/gerardmerinfo\/"},{"@type":"ListItem","position":2,"name":"G\u00e9rardmer bat au rythme de la solidarit\u00e9 : 170 donneurs de sang attendus \u00e0 l\u2019Espace Tilleul le 4 f\u00e9vrier 2026."}]},{"@type":"WebSite","@id":"https:\/\/vosgesinfo.fr\/gerardmerinfo\/#website","url":"https:\/\/vosgesinfo.fr\/gerardmerinfo\/","name":"Gerardmer Info","description":"Toute l&#039;actualit\u00e9 de G\u00e9rardmer","publisher":{"@id":"https:\/\/vosgesinfo.fr\/gerardmerinfo\/#organization"},"alternateName":"Toute l'actualit\u00e9 de G\u00e9rardmer","potentialAction":[{"@type":"SearchAction","target":{"@type":"EntryPoint","urlTemplate":"https:\/\/vosgesinfo.fr\/gerardmerinfo\/?s={search_term_string}"},"query-input":"required name=search_term_string"}],"inLanguage":"fr-FR"},{"@type":"Organization","@id":"https:\/\/vosgesinfo.fr\/gerardmerinfo\/#organization","name":"Gerardmer Info","url":"https:\/\/vosgesinfo.fr\/gerardmerinfo\/","logo":{"@type":"ImageObject","inLanguage":"fr-FR","@id":"https:\/\/vosgesinfo.fr\/gerardmerinfo\/#\/schema\/logo\/image\/","url":"https:\/\/vosgesinfo.fr\/app\/uploads\/sites\/6\/2023\/08\/favicon-gerardmerinfo.png","contentUrl":"https:\/\/vosgesinfo.fr\/app\/uploads\/sites\/6\/2023\/08\/favicon-gerardmerinfo.png","width":512,"height":512,"caption":"Gerardmer Info"},"image":{"@id":"https:\/\/vosgesinfo.fr\/gerardmerinfo\/#\/schema\/logo\/image\/"},"sameAs":["https:\/\/www.facebook.com\/profile.php?id=100049475262660","https:\/\/x.com\/VosgesInfo88","https:\/\/www.youtube.com\/@vosgesinfo"]},{"@type":"Person","@id":"https:\/\/vosgesinfo.fr\/gerardmerinfo\/#\/schema\/person\/27a3695b06db98895b354c0765cdfc31","name":"La redaction","image":{"@type":"ImageObject","inLanguage":"fr-FR","@id":"https:\/\/vosgesinfo.fr\/gerardmerinfo\/#\/schema\/person\/image\/","url":"https:\/\/secure.gravatar.com\/avatar\/64c76a78e501cedee55736f43f332df901e1896ae9cd8fad269ae2236dd0e8b6?s=96&d=mm&r=g","contentUrl":"https:\/\/secure.gravatar.com\/avatar\/64c76a78e501cedee55736f43f332df901e1896ae9cd8fad269ae2236dd0e8b6?s=96&d=mm&r=g","caption":"La redaction"},"url":"https:\/\/vosgesinfo.fr\/gerardmerinfo\/author\/la-redaction\/"}]}},"_links":{"self":[{"href":"https:\/\/vosgesinfo.fr\/gerardmerinfo\/wp-json\/wp\/v2\/posts\/87283","targetHints":{"allow":["GET"]}}],"collection":[{"href":"https:\/\/vosgesinfo.fr\/gerardmerinfo\/wp-json\/wp\/v2\/posts"}],"about":[{"href":"https:\/\/vosgesinfo.fr\/gerardmerinfo\/wp-json\/wp\/v2\/types\/post"}],"author":[{"embeddable":true,"href":"https:\/\/vosgesinfo.fr\/gerardmerinfo\/wp-json\/wp\/v2\/users\/391"}],"replies":[{"embeddable":true,"href":"https:\/\/vosgesinfo.fr\/gerardmerinfo\/wp-json\/wp\/v2\/comments?post=87283"}],"version-history":[{"count":1,"href":"https:\/\/vosgesinfo.fr\/gerardmerinfo\/wp-json\/wp\/v2\/posts\/87283\/revisions"}],"predecessor-version":[{"id":87286,"href":"https:\/\/vosgesinfo.fr\/gerardmerinfo\/wp-json\/wp\/v2\/posts\/87283\/revisions\/87286"}],"wp:featuredmedia":[{"embeddable":true,"href":"https:\/\/vosgesinfo.fr\/gerardmerinfo\/wp-json\/wp\/v2\/media\/87284"}],"wp:attachment":[{"href":"https:\/\/vosgesinfo.fr\/gerardmerinfo\/wp-json\/wp\/v2\/media?parent=87283"}],"wp:term":[{"taxonomy":"category","embeddable":true,"href":"https:\/\/vosgesinfo.fr\/gerardmerinfo\/wp-json\/wp\/v2\/categories?post=87283"},{"taxonomy":"post_tag","embeddable":true,"href":"https:\/\/vosgesinfo.fr\/gerardmerinfo\/wp-json\/wp\/v2\/tags?post=87283"}],"curies":[{"name":"wp","href":"https:\/\/api.w.org\/{rel}","templated":true}]}}