{"id":87309,"date":"2026-01-28T05:52:53","date_gmt":"2026-01-28T04:52:53","guid":{"rendered":"https:\/\/vosgesinfo.fr\/gerardmerinfo\/?p=87309"},"modified":"2026-01-25T21:53:33","modified_gmt":"2026-01-25T20:53:33","slug":"animation-a-la-ludotheque-vis-ma-vie","status":"publish","type":"post","link":"https:\/\/vosgesinfo.fr\/gerardmerinfo\/2026\/01\/animation-a-la-ludotheque-vis-ma-vie\/","title":{"rendered":"Animation \u00e0 la Ludoth\u00e8que &#8211; Vis ma vie"},"content":{"rendered":"<p style=\"text-align: center;\"><strong>Vis ma vie de ludoth\u00e9caire \u2013 Samedi 7 f\u00e9vrier \u00e0 14h00 \u2013 Ludoth\u00e8que<\/strong><\/p>\n<p><a href=\"https:\/\/vosgesinfo.fr\/app\/uploads\/sites\/6\/2026\/01\/2026-02-07-affiche-vismavie2.jpg\"><img decoding=\"async\" class=\"alignright size-medium wp-image-87310\" src=\"https:\/\/vosgesinfo.fr\/app\/uploads\/sites\/6\/2026\/01\/2026-02-07-affiche-vismavie2-212x300.jpg\" alt=\"\" width=\"212\" height=\"300\" srcset=\"https:\/\/vosgesinfo.fr\/app\/uploads\/sites\/6\/2026\/01\/2026-02-07-affiche-vismavie2-212x300.jpg 212w, https:\/\/vosgesinfo.fr\/app\/uploads\/sites\/6\/2026\/01\/2026-02-07-affiche-vismavie2-724x1024.jpg 724w, https:\/\/vosgesinfo.fr\/app\/uploads\/sites\/6\/2026\/01\/2026-02-07-affiche-vismavie2.jpg 764w\" sizes=\"(max-width: 212px) 100vw, 212px\" \/><\/a>La deuxi\u00e8me session pour d\u00e9couvrir les diff\u00e9rentes facettes du m\u00e9tier de ludoth\u00e9caire portera sur la th\u00e9matique \u00ab \u00c9quipement et mise en service \u00bb. Depuis la sortie du magasin aux \u00e9tag\u00e8res de la ludoth\u00e8que, les jouets\/jeux passent par plusieurs \u00e9tapes pour pouvoir \u00eatre disponible au public. D\u00e9ballage, \u00ab\u00a0d\u00e9punchage\u00a0\u00bb, v\u00e9rification du contenu et inventaire, plastification\u2026 venez mettre en service des jeux que vous pourrez empruntez\u00a0!<\/p>\n<p>&nbsp;<\/p>\n<p>Atelier \u00e0 destination des adultes et des enfants \u00e0 partir de 7 ans.<\/p>\n<p>Plus d&rsquo;informations et inscriptions aupr\u00e8s de la ludoth\u00e8que, au 03 29 63 00 70 ou en ligne <a href=\"https:\/\/urls.fr\/bH0Nyn?fbclid=IwZXh0bgNhZW0CMTAAYnJpZBExVjVIY3haTnRzNGk3Y1VzSXNydGMGYXBwX2lkEDIyMjAzOTE3ODgyMDA4OTIAAR7GGoNDuVOBxXYdY89jE0pzNpxjkE_i-IySu6v7cSV0dLKrJP9QqKB7MCXRjQ_aem_1p0OvHCzGcFaQLY4lQIaSA\" data-saferedirecturl=\"https:\/\/www.google.com\/url?q=https:\/\/urls.fr\/bH0Nyn?fbclid%3DIwZXh0bgNhZW0CMTAAYnJpZBExVjVIY3haTnRzNGk3Y1VzSXNydGMGYXBwX2lkEDIyMjAzOTE3ODgyMDA4OTIAAR7GGoNDuVOBxXYdY89jE0pzNpxjkE_i-IySu6v7cSV0dLKrJP9QqKB7MCXRjQ_aem_1p0OvHCzGcFaQLY4lQIaSA&amp;source=gmail&amp;ust=1769420731789000&amp;usg=AOvVaw0lyuNlFdC9aOsY3uatiK6c\">https:\/\/urls.fr\/bH0Nyn<\/a><\/p>\n","protected":false},"excerpt":{"rendered":"<p>Vis ma vie de ludoth\u00e9caire \u2013 Samedi 7 f\u00e9vrier \u00e0 14h00 \u2013 Ludoth\u00e8que La deuxi\u00e8me session pour d\u00e9couvrir les diff\u00e9rentes [&hellip;]<\/p>\n","protected":false},"author":391,"featured_media":87310,"comment_status":"open","ping_status":"open","sticky":false,"template":"","format":"standard","meta":{"footnotes":""},"categories":[20,4,5647],"tags":[],"class_list":["post-87309","post","type-post","status-publish","format-standard","has-post-thumbnail","hentry","category-a-la-une","category-culture","category-gerardmer-autres-sites"],"acf":[],"yoast_head":"<!-- This site is optimized with the Yoast SEO plugin v22.5 - https:\/\/yoast.com\/wordpress\/plugins\/seo\/ -->\n<title>Animation \u00e0 la Ludoth\u00e8que - Vis ma vie - Gerardmer Info<\/title>\n<meta name=\"robots\" content=\"index, follow, max-snippet:-1, max-image-preview:large, max-video-preview:-1\" \/>\n<link rel=\"canonical\" href=\"https:\/\/vosgesinfo.fr\/gerardmerinfo\/2026\/01\/animation-a-la-ludotheque-vis-ma-vie\/\" \/>\n<meta name=\"twitter:card\" content=\"summary_large_image\" \/>\n<meta name=\"twitter:title\" content=\"Animation \u00e0 la Ludoth\u00e8que - Vis ma vie - Gerardmer Info\" \/>\n<meta name=\"twitter:description\" content=\"Vis ma vie de ludoth\u00e9caire \u2013 Samedi 7 f\u00e9vrier \u00e0 14h00 \u2013 Ludoth\u00e8que La deuxi\u00e8me session pour d\u00e9couvrir les diff\u00e9rentes [&hellip;]\" \/>\n<meta name=\"twitter:image\" content=\"https:\/\/vosgesinfo.fr\/app\/uploads\/sites\/6\/2026\/01\/2026-02-07-affiche-vismavie2.jpg\" \/>\n<meta name=\"twitter:creator\" content=\"@VosgesInfo88\" \/>\n<meta name=\"twitter:site\" content=\"@VosgesInfo88\" \/>\n<meta name=\"twitter:label1\" content=\"\u00c9crit par\" \/>\n\t<meta name=\"twitter:data1\" content=\"La redaction\" \/>\n\t<meta name=\"twitter:label2\" content=\"Dur\u00e9e de lecture estim\u00e9e\" \/>\n\t<meta name=\"twitter:data2\" content=\"1 minute\" \/>\n<script type=\"application\/ld+json\" class=\"yoast-schema-graph\">{\"@context\":\"https:\/\/schema.org\",\"@graph\":[{\"@type\":\"Article\",\"@id\":\"https:\/\/vosgesinfo.fr\/gerardmerinfo\/2026\/01\/animation-a-la-ludotheque-vis-ma-vie\/#article\",\"isPartOf\":{\"@id\":\"https:\/\/vosgesinfo.fr\/gerardmerinfo\/2026\/01\/animation-a-la-ludotheque-vis-ma-vie\/\"},\"author\":{\"name\":\"La redaction\",\"@id\":\"https:\/\/vosgesinfo.fr\/gerardmerinfo\/#\/schema\/person\/27a3695b06db98895b354c0765cdfc31\"},\"headline\":\"Animation \u00e0 la Ludoth\u00e8que &#8211; Vis ma vie\",\"datePublished\":\"2026-01-28T04:52:53+00:00\",\"dateModified\":\"2026-01-25T20:53:33+00:00\",\"mainEntityOfPage\":{\"@id\":\"https:\/\/vosgesinfo.fr\/gerardmerinfo\/2026\/01\/animation-a-la-ludotheque-vis-ma-vie\/\"},\"wordCount\":124,\"commentCount\":0,\"publisher\":{\"@id\":\"https:\/\/vosgesinfo.fr\/gerardmerinfo\/#organization\"},\"image\":{\"@id\":\"https:\/\/vosgesinfo.fr\/gerardmerinfo\/2026\/01\/animation-a-la-ludotheque-vis-ma-vie\/#primaryimage\"},\"thumbnailUrl\":\"https:\/\/vosgesinfo.fr\/app\/uploads\/sites\/6\/2026\/01\/2026-02-07-affiche-vismavie2.jpg\",\"articleSection\":[\"A la une\",\"Culture\",\"Gerardmer\"],\"inLanguage\":\"fr-FR\",\"potentialAction\":[{\"@type\":\"CommentAction\",\"name\":\"Comment\",\"target\":[\"https:\/\/vosgesinfo.fr\/gerardmerinfo\/2026\/01\/animation-a-la-ludotheque-vis-ma-vie\/#respond\"]}]},{\"@type\":\"WebPage\",\"@id\":\"https:\/\/vosgesinfo.fr\/gerardmerinfo\/2026\/01\/animation-a-la-ludotheque-vis-ma-vie\/\",\"url\":\"https:\/\/vosgesinfo.fr\/gerardmerinfo\/2026\/01\/animation-a-la-ludotheque-vis-ma-vie\/\",\"name\":\"Animation \u00e0 la Ludoth\u00e8que - Vis ma vie - Gerardmer Info\",\"isPartOf\":{\"@id\":\"https:\/\/vosgesinfo.fr\/gerardmerinfo\/#website\"},\"primaryImageOfPage\":{\"@id\":\"https:\/\/vosgesinfo.fr\/gerardmerinfo\/2026\/01\/animation-a-la-ludotheque-vis-ma-vie\/#primaryimage\"},\"image\":{\"@id\":\"https:\/\/vosgesinfo.fr\/gerardmerinfo\/2026\/01\/animation-a-la-ludotheque-vis-ma-vie\/#primaryimage\"},\"thumbnailUrl\":\"https:\/\/vosgesinfo.fr\/app\/uploads\/sites\/6\/2026\/01\/2026-02-07-affiche-vismavie2.jpg\",\"datePublished\":\"2026-01-28T04:52:53+00:00\",\"dateModified\":\"2026-01-25T20:53:33+00:00\",\"breadcrumb\":{\"@id\":\"https:\/\/vosgesinfo.fr\/gerardmerinfo\/2026\/01\/animation-a-la-ludotheque-vis-ma-vie\/#breadcrumb\"},\"inLanguage\":\"fr-FR\",\"potentialAction\":[{\"@type\":\"ReadAction\",\"target\":[\"https:\/\/vosgesinfo.fr\/gerardmerinfo\/2026\/01\/animation-a-la-ludotheque-vis-ma-vie\/\"]}]},{\"@type\":\"ImageObject\",\"inLanguage\":\"fr-FR\",\"@id\":\"https:\/\/vosgesinfo.fr\/gerardmerinfo\/2026\/01\/animation-a-la-ludotheque-vis-ma-vie\/#primaryimage\",\"url\":\"https:\/\/vosgesinfo.fr\/app\/uploads\/sites\/6\/2026\/01\/2026-02-07-affiche-vismavie2.jpg\",\"contentUrl\":\"https:\/\/vosgesinfo.fr\/app\/uploads\/sites\/6\/2026\/01\/2026-02-07-affiche-vismavie2.jpg\",\"width\":764,\"height\":1080},{\"@type\":\"BreadcrumbList\",\"@id\":\"https:\/\/vosgesinfo.fr\/gerardmerinfo\/2026\/01\/animation-a-la-ludotheque-vis-ma-vie\/#breadcrumb\",\"itemListElement\":[{\"@type\":\"ListItem\",\"position\":1,\"name\":\"Home\",\"item\":\"https:\/\/vosgesinfo.fr\/gerardmerinfo\/\"},{\"@type\":\"ListItem\",\"position\":2,\"name\":\"Animation \u00e0 la Ludoth\u00e8que &#8211; Vis ma vie\"}]},{\"@type\":\"WebSite\",\"@id\":\"https:\/\/vosgesinfo.fr\/gerardmerinfo\/#website\",\"url\":\"https:\/\/vosgesinfo.fr\/gerardmerinfo\/\",\"name\":\"Gerardmer Info\",\"description\":\"Toute l&#039;actualit\u00e9 de G\u00e9rardmer\",\"publisher\":{\"@id\":\"https:\/\/vosgesinfo.fr\/gerardmerinfo\/#organization\"},\"alternateName\":\"Toute l'actualit\u00e9 de G\u00e9rardmer\",\"potentialAction\":[{\"@type\":\"SearchAction\",\"target\":{\"@type\":\"EntryPoint\",\"urlTemplate\":\"https:\/\/vosgesinfo.fr\/gerardmerinfo\/?s={search_term_string}\"},\"query-input\":\"required name=search_term_string\"}],\"inLanguage\":\"fr-FR\"},{\"@type\":\"Organization\",\"@id\":\"https:\/\/vosgesinfo.fr\/gerardmerinfo\/#organization\",\"name\":\"Gerardmer Info\",\"url\":\"https:\/\/vosgesinfo.fr\/gerardmerinfo\/\",\"logo\":{\"@type\":\"ImageObject\",\"inLanguage\":\"fr-FR\",\"@id\":\"https:\/\/vosgesinfo.fr\/gerardmerinfo\/#\/schema\/logo\/image\/\",\"url\":\"https:\/\/vosgesinfo.fr\/app\/uploads\/sites\/6\/2023\/08\/favicon-gerardmerinfo.png\",\"contentUrl\":\"https:\/\/vosgesinfo.fr\/app\/uploads\/sites\/6\/2023\/08\/favicon-gerardmerinfo.png\",\"width\":512,\"height\":512,\"caption\":\"Gerardmer Info\"},\"image\":{\"@id\":\"https:\/\/vosgesinfo.fr\/gerardmerinfo\/#\/schema\/logo\/image\/\"},\"sameAs\":[\"https:\/\/www.facebook.com\/profile.php?id=100049475262660\",\"https:\/\/x.com\/VosgesInfo88\",\"https:\/\/www.youtube.com\/@vosgesinfo\"]},{\"@type\":\"Person\",\"@id\":\"https:\/\/vosgesinfo.fr\/gerardmerinfo\/#\/schema\/person\/27a3695b06db98895b354c0765cdfc31\",\"name\":\"La redaction\",\"image\":{\"@type\":\"ImageObject\",\"inLanguage\":\"fr-FR\",\"@id\":\"https:\/\/vosgesinfo.fr\/gerardmerinfo\/#\/schema\/person\/image\/\",\"url\":\"https:\/\/secure.gravatar.com\/avatar\/64c76a78e501cedee55736f43f332df901e1896ae9cd8fad269ae2236dd0e8b6?s=96&d=mm&r=g\",\"contentUrl\":\"https:\/\/secure.gravatar.com\/avatar\/64c76a78e501cedee55736f43f332df901e1896ae9cd8fad269ae2236dd0e8b6?s=96&d=mm&r=g\",\"caption\":\"La redaction\"},\"url\":\"https:\/\/vosgesinfo.fr\/gerardmerinfo\/author\/la-redaction\/\"}]}<\/script>\n<!-- \/ Yoast SEO plugin. -->","yoast_head_json":{"title":"Animation \u00e0 la Ludoth\u00e8que - Vis ma vie - Gerardmer Info","robots":{"index":"index","follow":"follow","max-snippet":"max-snippet:-1","max-image-preview":"max-image-preview:large","max-video-preview":"max-video-preview:-1"},"canonical":"https:\/\/vosgesinfo.fr\/gerardmerinfo\/2026\/01\/animation-a-la-ludotheque-vis-ma-vie\/","twitter_card":"summary_large_image","twitter_title":"Animation \u00e0 la Ludoth\u00e8que - Vis ma vie - Gerardmer Info","twitter_description":"Vis ma vie de ludoth\u00e9caire \u2013 Samedi 7 f\u00e9vrier \u00e0 14h00 \u2013 Ludoth\u00e8que La deuxi\u00e8me session pour d\u00e9couvrir les diff\u00e9rentes [&hellip;]","twitter_image":"https:\/\/vosgesinfo.fr\/app\/uploads\/sites\/6\/2026\/01\/2026-02-07-affiche-vismavie2.jpg","twitter_creator":"@VosgesInfo88","twitter_site":"@VosgesInfo88","twitter_misc":{"\u00c9crit par":"La redaction","Dur\u00e9e de lecture estim\u00e9e":"1 minute"},"schema":{"@context":"https:\/\/schema.org","@graph":[{"@type":"Article","@id":"https:\/\/vosgesinfo.fr\/gerardmerinfo\/2026\/01\/animation-a-la-ludotheque-vis-ma-vie\/#article","isPartOf":{"@id":"https:\/\/vosgesinfo.fr\/gerardmerinfo\/2026\/01\/animation-a-la-ludotheque-vis-ma-vie\/"},"author":{"name":"La redaction","@id":"https:\/\/vosgesinfo.fr\/gerardmerinfo\/#\/schema\/person\/27a3695b06db98895b354c0765cdfc31"},"headline":"Animation \u00e0 la Ludoth\u00e8que &#8211; Vis ma vie","datePublished":"2026-01-28T04:52:53+00:00","dateModified":"2026-01-25T20:53:33+00:00","mainEntityOfPage":{"@id":"https:\/\/vosgesinfo.fr\/gerardmerinfo\/2026\/01\/animation-a-la-ludotheque-vis-ma-vie\/"},"wordCount":124,"commentCount":0,"publisher":{"@id":"https:\/\/vosgesinfo.fr\/gerardmerinfo\/#organization"},"image":{"@id":"https:\/\/vosgesinfo.fr\/gerardmerinfo\/2026\/01\/animation-a-la-ludotheque-vis-ma-vie\/#primaryimage"},"thumbnailUrl":"https:\/\/vosgesinfo.fr\/app\/uploads\/sites\/6\/2026\/01\/2026-02-07-affiche-vismavie2.jpg","articleSection":["A la une","Culture","Gerardmer"],"inLanguage":"fr-FR","potentialAction":[{"@type":"CommentAction","name":"Comment","target":["https:\/\/vosgesinfo.fr\/gerardmerinfo\/2026\/01\/animation-a-la-ludotheque-vis-ma-vie\/#respond"]}]},{"@type":"WebPage","@id":"https:\/\/vosgesinfo.fr\/gerardmerinfo\/2026\/01\/animation-a-la-ludotheque-vis-ma-vie\/","url":"https:\/\/vosgesinfo.fr\/gerardmerinfo\/2026\/01\/animation-a-la-ludotheque-vis-ma-vie\/","name":"Animation \u00e0 la Ludoth\u00e8que - Vis ma vie - Gerardmer Info","isPartOf":{"@id":"https:\/\/vosgesinfo.fr\/gerardmerinfo\/#website"},"primaryImageOfPage":{"@id":"https:\/\/vosgesinfo.fr\/gerardmerinfo\/2026\/01\/animation-a-la-ludotheque-vis-ma-vie\/#primaryimage"},"image":{"@id":"https:\/\/vosgesinfo.fr\/gerardmerinfo\/2026\/01\/animation-a-la-ludotheque-vis-ma-vie\/#primaryimage"},"thumbnailUrl":"https:\/\/vosgesinfo.fr\/app\/uploads\/sites\/6\/2026\/01\/2026-02-07-affiche-vismavie2.jpg","datePublished":"2026-01-28T04:52:53+00:00","dateModified":"2026-01-25T20:53:33+00:00","breadcrumb":{"@id":"https:\/\/vosgesinfo.fr\/gerardmerinfo\/2026\/01\/animation-a-la-ludotheque-vis-ma-vie\/#breadcrumb"},"inLanguage":"fr-FR","potentialAction":[{"@type":"ReadAction","target":["https:\/\/vosgesinfo.fr\/gerardmerinfo\/2026\/01\/animation-a-la-ludotheque-vis-ma-vie\/"]}]},{"@type":"ImageObject","inLanguage":"fr-FR","@id":"https:\/\/vosgesinfo.fr\/gerardmerinfo\/2026\/01\/animation-a-la-ludotheque-vis-ma-vie\/#primaryimage","url":"https:\/\/vosgesinfo.fr\/app\/uploads\/sites\/6\/2026\/01\/2026-02-07-affiche-vismavie2.jpg","contentUrl":"https:\/\/vosgesinfo.fr\/app\/uploads\/sites\/6\/2026\/01\/2026-02-07-affiche-vismavie2.jpg","width":764,"height":1080},{"@type":"BreadcrumbList","@id":"https:\/\/vosgesinfo.fr\/gerardmerinfo\/2026\/01\/animation-a-la-ludotheque-vis-ma-vie\/#breadcrumb","itemListElement":[{"@type":"ListItem","position":1,"name":"Home","item":"https:\/\/vosgesinfo.fr\/gerardmerinfo\/"},{"@type":"ListItem","position":2,"name":"Animation \u00e0 la Ludoth\u00e8que &#8211; Vis ma vie"}]},{"@type":"WebSite","@id":"https:\/\/vosgesinfo.fr\/gerardmerinfo\/#website","url":"https:\/\/vosgesinfo.fr\/gerardmerinfo\/","name":"Gerardmer Info","description":"Toute l&#039;actualit\u00e9 de G\u00e9rardmer","publisher":{"@id":"https:\/\/vosgesinfo.fr\/gerardmerinfo\/#organization"},"alternateName":"Toute l'actualit\u00e9 de G\u00e9rardmer","potentialAction":[{"@type":"SearchAction","target":{"@type":"EntryPoint","urlTemplate":"https:\/\/vosgesinfo.fr\/gerardmerinfo\/?s={search_term_string}"},"query-input":"required name=search_term_string"}],"inLanguage":"fr-FR"},{"@type":"Organization","@id":"https:\/\/vosgesinfo.fr\/gerardmerinfo\/#organization","name":"Gerardmer Info","url":"https:\/\/vosgesinfo.fr\/gerardmerinfo\/","logo":{"@type":"ImageObject","inLanguage":"fr-FR","@id":"https:\/\/vosgesinfo.fr\/gerardmerinfo\/#\/schema\/logo\/image\/","url":"https:\/\/vosgesinfo.fr\/app\/uploads\/sites\/6\/2023\/08\/favicon-gerardmerinfo.png","contentUrl":"https:\/\/vosgesinfo.fr\/app\/uploads\/sites\/6\/2023\/08\/favicon-gerardmerinfo.png","width":512,"height":512,"caption":"Gerardmer Info"},"image":{"@id":"https:\/\/vosgesinfo.fr\/gerardmerinfo\/#\/schema\/logo\/image\/"},"sameAs":["https:\/\/www.facebook.com\/profile.php?id=100049475262660","https:\/\/x.com\/VosgesInfo88","https:\/\/www.youtube.com\/@vosgesinfo"]},{"@type":"Person","@id":"https:\/\/vosgesinfo.fr\/gerardmerinfo\/#\/schema\/person\/27a3695b06db98895b354c0765cdfc31","name":"La redaction","image":{"@type":"ImageObject","inLanguage":"fr-FR","@id":"https:\/\/vosgesinfo.fr\/gerardmerinfo\/#\/schema\/person\/image\/","url":"https:\/\/secure.gravatar.com\/avatar\/64c76a78e501cedee55736f43f332df901e1896ae9cd8fad269ae2236dd0e8b6?s=96&d=mm&r=g","contentUrl":"https:\/\/secure.gravatar.com\/avatar\/64c76a78e501cedee55736f43f332df901e1896ae9cd8fad269ae2236dd0e8b6?s=96&d=mm&r=g","caption":"La redaction"},"url":"https:\/\/vosgesinfo.fr\/gerardmerinfo\/author\/la-redaction\/"}]}},"_links":{"self":[{"href":"https:\/\/vosgesinfo.fr\/gerardmerinfo\/wp-json\/wp\/v2\/posts\/87309","targetHints":{"allow":["GET"]}}],"collection":[{"href":"https:\/\/vosgesinfo.fr\/gerardmerinfo\/wp-json\/wp\/v2\/posts"}],"about":[{"href":"https:\/\/vosgesinfo.fr\/gerardmerinfo\/wp-json\/wp\/v2\/types\/post"}],"author":[{"embeddable":true,"href":"https:\/\/vosgesinfo.fr\/gerardmerinfo\/wp-json\/wp\/v2\/users\/391"}],"replies":[{"embeddable":true,"href":"https:\/\/vosgesinfo.fr\/gerardmerinfo\/wp-json\/wp\/v2\/comments?post=87309"}],"version-history":[{"count":1,"href":"https:\/\/vosgesinfo.fr\/gerardmerinfo\/wp-json\/wp\/v2\/posts\/87309\/revisions"}],"predecessor-version":[{"id":87311,"href":"https:\/\/vosgesinfo.fr\/gerardmerinfo\/wp-json\/wp\/v2\/posts\/87309\/revisions\/87311"}],"wp:featuredmedia":[{"embeddable":true,"href":"https:\/\/vosgesinfo.fr\/gerardmerinfo\/wp-json\/wp\/v2\/media\/87310"}],"wp:attachment":[{"href":"https:\/\/vosgesinfo.fr\/gerardmerinfo\/wp-json\/wp\/v2\/media?parent=87309"}],"wp:term":[{"taxonomy":"category","embeddable":true,"href":"https:\/\/vosgesinfo.fr\/gerardmerinfo\/wp-json\/wp\/v2\/categories?post=87309"},{"taxonomy":"post_tag","embeddable":true,"href":"https:\/\/vosgesinfo.fr\/gerardmerinfo\/wp-json\/wp\/v2\/tags?post=87309"}],"curies":[{"name":"wp","href":"https:\/\/api.w.org\/{rel}","templated":true}]}}