{"id":87316,"date":"2026-01-27T05:51:54","date_gmt":"2026-01-27T04:51:54","guid":{"rendered":"https:\/\/vosgesinfo.fr\/gerardmerinfo\/?p=87316"},"modified":"2026-01-26T09:40:49","modified_gmt":"2026-01-26T08:40:49","slug":"liezey-la-fougere-entre-dynamique-associative-et-perspectives-davenir","status":"publish","type":"post","link":"https:\/\/vosgesinfo.fr\/gerardmerinfo\/2026\/01\/liezey-la-fougere-entre-dynamique-associative-et-perspectives-davenir\/","title":{"rendered":"Li\u00e9zey \u2013 La Foug\u00e8re entre dynamique associative et perspectives d\u2019avenir"},"content":{"rendered":"<h3 data-start=\"193\" data-end=\"266\"><a href=\"https:\/\/vosgesinfo.fr\/app\/uploads\/sites\/6\/2026\/01\/ag-fougere-liezey-2.jpg\"><img decoding=\"async\" class=\"aligncenter size-large wp-image-87319\" src=\"https:\/\/vosgesinfo.fr\/app\/uploads\/sites\/6\/2026\/01\/ag-fougere-liezey-2-1024x768.jpg\" alt=\"\" width=\"1024\" height=\"768\" srcset=\"https:\/\/vosgesinfo.fr\/app\/uploads\/sites\/6\/2026\/01\/ag-fougere-liezey-2-1024x768.jpg 1024w, https:\/\/vosgesinfo.fr\/app\/uploads\/sites\/6\/2026\/01\/ag-fougere-liezey-2-300x225.jpg 300w, https:\/\/vosgesinfo.fr\/app\/uploads\/sites\/6\/2026\/01\/ag-fougere-liezey-2-768x576.jpg 768w, https:\/\/vosgesinfo.fr\/app\/uploads\/sites\/6\/2026\/01\/ag-fougere-liezey-2.jpg 1440w\" sizes=\"(max-width: 1024px) 100vw, 1024px\" \/><\/a><\/h3>\n<p data-start=\"268\" data-end=\"594\"><strong>L\u2019assembl\u00e9e g\u00e9n\u00e9rale de l\u2019association La Foug\u00e8re s\u2019est d\u00e9roul\u00e9e ce samedi \u00e0 Li\u00e9zey sous le signe de la dynamique associative et des perspectives d\u2019avenir. Pour sa pr\u00e9sidente Francine Delaplace, de retour apr\u00e8s une longue maladie, cette r\u00e9union annuelle \u00e9tait porteuse de bonnes nouvelles et d\u2019une r\u00e9elle satisfaction quant au travail accompli.<\/strong><\/p>\n<p data-start=\"596\" data-end=\"939\">\n<p data-start=\"596\" data-end=\"939\">Les rapports moral et d\u2019activit\u00e9s ont \u00e9t\u00e9 pr\u00e9sent\u00e9s dans une ambiance constructive, laissant entrevoir une feuille de route volontairement ouverte. \u00c0 cette occasion, Dominique Thiriet, responsable du site internet de l\u2019association, a lanc\u00e9 un appel aux bonnes volont\u00e9s afin de l\u2019\u00e9pauler dans la mise \u00e0 jour et l\u2019animation de l\u2019outil num\u00e9rique.<\/p>\n<p data-start=\"941\" data-end=\"1267\"><a href=\"https:\/\/vosgesinfo.fr\/app\/uploads\/sites\/6\/2026\/01\/ag-fougere-liezey-3.jpg\"><img decoding=\"async\" class=\"alignright size-medium wp-image-87320\" src=\"https:\/\/vosgesinfo.fr\/app\/uploads\/sites\/6\/2026\/01\/ag-fougere-liezey-3-300x225.jpg\" alt=\"\" width=\"300\" height=\"225\" srcset=\"https:\/\/vosgesinfo.fr\/app\/uploads\/sites\/6\/2026\/01\/ag-fougere-liezey-3-300x225.jpg 300w, https:\/\/vosgesinfo.fr\/app\/uploads\/sites\/6\/2026\/01\/ag-fougere-liezey-3-1024x768.jpg 1024w, https:\/\/vosgesinfo.fr\/app\/uploads\/sites\/6\/2026\/01\/ag-fougere-liezey-3-768x576.jpg 768w, https:\/\/vosgesinfo.fr\/app\/uploads\/sites\/6\/2026\/01\/ag-fougere-liezey-3.jpg 1440w\" sizes=\"(max-width: 300px) 100vw, 300px\" \/><\/a>Parmi les animations \u00e0 venir, Thierry Jeandon a annonc\u00e9 une modification du parcours de la promenade du Chemin des Croix. Celle-ci empruntera d\u00e9sormais un itin\u00e9raire au d\u00e9part de Blanche Fontaine, passant par un chemin forestier afin d\u2019\u00e9viter la route. Un choix qui vise \u00e0 renforcer la s\u00e9curit\u00e9 et l\u2019agr\u00e9ment des participants.<\/p>\n<p data-start=\"1269\" data-end=\"1736\">Les projets futurs ont \u00e9galement \u00e9t\u00e9 \u00e9voqu\u00e9s, avec un th\u00e8me central consacr\u00e9 \u00e0 la \u00ab terre nourrici\u00e8re au Moyen \u00c2ge \u00bb, abordant les plantes cultiv\u00e9es \u00e0 cette \u00e9poque ainsi que leurs modes de transformation. Dans l\u2019assembl\u00e9e, plusieurs adh\u00e9rents ont exprim\u00e9 leur regret de ne plus voir d\u2019expositions organis\u00e9es \u00e0 Li\u00e9zey. L\u2019id\u00e9e d\u2019une journ\u00e9e d\u2019information sur la tourbi\u00e8re de Pin\u00e9faing, en partenariat avec le Conservatoire d\u2019espaces naturels (CEN), a ainsi \u00e9t\u00e9 avanc\u00e9e.<\/p>\n<p data-start=\"1738\" data-end=\"2198\">Pr\u00e9sent lors de la r\u00e9union, Denis Vial, adjoint au maire, a toutefois rappel\u00e9 que ce site est class\u00e9 espace biologique sensible, devant \u00eatre prot\u00e9g\u00e9 et non ouvert \u00e0 la visite. L\u2019hypoth\u00e8se de retracer l\u2019histoire du site, notamment son exploitation de la tourbe durant la p\u00e9riode de la papeterie Mougeot pendant la guerre, pourrait n\u00e9anmoins \u00eatre \u00e9tudi\u00e9e avec le CEN. Autre suggestion \u00e9voqu\u00e9e : le recensement des insectes et des animaux pr\u00e9sents sur la commune. Ces diff\u00e9rentes propositions feront l\u2019objet de d\u00e9bats approfondis lors de la prochaine r\u00e9union de travail, pr\u00e9vue le vendredi 6 f\u00e9vrier.<\/p>\n<p data-start=\"2338\" data-end=\"2857\"><a href=\"https:\/\/vosgesinfo.fr\/app\/uploads\/sites\/6\/2026\/01\/ag-fougere-liezey-1.jpg\"><img decoding=\"async\" class=\"alignright size-medium wp-image-87321\" src=\"https:\/\/vosgesinfo.fr\/app\/uploads\/sites\/6\/2026\/01\/ag-fougere-liezey-1-300x225.jpg\" alt=\"\" width=\"300\" height=\"225\" srcset=\"https:\/\/vosgesinfo.fr\/app\/uploads\/sites\/6\/2026\/01\/ag-fougere-liezey-1-300x225.jpg 300w, https:\/\/vosgesinfo.fr\/app\/uploads\/sites\/6\/2026\/01\/ag-fougere-liezey-1-1024x768.jpg 1024w, https:\/\/vosgesinfo.fr\/app\/uploads\/sites\/6\/2026\/01\/ag-fougere-liezey-1-768x576.jpg 768w, https:\/\/vosgesinfo.fr\/app\/uploads\/sites\/6\/2026\/01\/ag-fougere-liezey-1.jpg 1440w\" sizes=\"(max-width: 300px) 100vw, 300px\" \/><\/a>Le moment fort de cette assembl\u00e9e g\u00e9n\u00e9rale a \u00e9t\u00e9 la remise d\u2019un ch\u00e8que de 4 000 euros \u00e0 la Fondation du Patrimoine. \u00ab Il nous tenait \u00e0 c\u0153ur de participer \u00e0 la r\u00e9novation du four \u00e0 pain communal \u00bb, a soulign\u00e9 la pr\u00e9sidente, pr\u00e9cisant que l\u2019association a \u00e9galement formul\u00e9 le souhait d\u2019\u00eatre cit\u00e9e comme bienfaiteur associatif. L\u2019adjoint au maire a par ailleurs indiqu\u00e9 qu\u2019un don en nature avait \u00e9t\u00e9 propos\u00e9, une personne offrant les essis n\u00e9cessaires au projet, port\u00e9 par la commune et qui semble aujourd\u2019hui bien engag\u00e9.<\/p>\n<p data-start=\"2859\" data-end=\"2963\" data-is-last-node=\"\" data-is-only-node=\"\">Enfin, le conseil d\u2019administration de l\u2019association La Foug\u00e8re a \u00e9t\u00e9 reconduit \u00e0 l\u2019issue de l\u2019assembl\u00e9e.<\/p>\n","protected":false},"excerpt":{"rendered":"<p>L\u2019assembl\u00e9e g\u00e9n\u00e9rale de l\u2019association La Foug\u00e8re s\u2019est d\u00e9roul\u00e9e ce samedi \u00e0 Li\u00e9zey sous le signe de la dynamique associative et [&hellip;]<\/p>\n","protected":false},"author":42,"featured_media":87321,"comment_status":"open","ping_status":"open","sticky":false,"template":"","format":"standard","meta":{"footnotes":""},"categories":[20,5647,41,17],"tags":[196],"class_list":["post-87316","post","type-post","status-publish","format-standard","has-post-thumbnail","hentry","category-a-la-une","category-gerardmer-autres-sites","category-liezey","category-vie-associative","tag-la-fougere"],"acf":[],"yoast_head":"<!-- This site is optimized with the Yoast SEO plugin v22.5 - https:\/\/yoast.com\/wordpress\/plugins\/seo\/ -->\n<title>Li\u00e9zey \u2013 La Foug\u00e8re entre dynamique associative et perspectives d\u2019avenir - Gerardmer Info<\/title>\n<meta name=\"robots\" content=\"index, follow, max-snippet:-1, max-image-preview:large, max-video-preview:-1\" \/>\n<link rel=\"canonical\" href=\"https:\/\/vosgesinfo.fr\/gerardmerinfo\/2026\/01\/liezey-la-fougere-entre-dynamique-associative-et-perspectives-davenir\/\" \/>\n<meta name=\"twitter:card\" content=\"summary_large_image\" \/>\n<meta name=\"twitter:title\" content=\"Li\u00e9zey \u2013 La Foug\u00e8re entre dynamique associative et perspectives d\u2019avenir - Gerardmer Info\" \/>\n<meta name=\"twitter:description\" content=\"L\u2019assembl\u00e9e g\u00e9n\u00e9rale de l\u2019association La Foug\u00e8re s\u2019est d\u00e9roul\u00e9e ce samedi \u00e0 Li\u00e9zey sous le signe de la dynamique associative et [&hellip;]\" \/>\n<meta name=\"twitter:image\" content=\"https:\/\/vosgesinfo.fr\/app\/uploads\/sites\/6\/2026\/01\/ag-fougere-liezey-1.jpg\" \/>\n<meta name=\"twitter:creator\" content=\"@VosgesInfo88\" \/>\n<meta name=\"twitter:site\" content=\"@VosgesInfo88\" \/>\n<meta name=\"twitter:label1\" content=\"\u00c9crit par\" \/>\n\t<meta name=\"twitter:data1\" content=\"QG\" \/>\n\t<meta name=\"twitter:label2\" content=\"Dur\u00e9e de lecture estim\u00e9e\" \/>\n\t<meta name=\"twitter:data2\" content=\"2 minutes\" \/>\n<script type=\"application\/ld+json\" class=\"yoast-schema-graph\">{\"@context\":\"https:\/\/schema.org\",\"@graph\":[{\"@type\":\"Article\",\"@id\":\"https:\/\/vosgesinfo.fr\/gerardmerinfo\/2026\/01\/liezey-la-fougere-entre-dynamique-associative-et-perspectives-davenir\/#article\",\"isPartOf\":{\"@id\":\"https:\/\/vosgesinfo.fr\/gerardmerinfo\/2026\/01\/liezey-la-fougere-entre-dynamique-associative-et-perspectives-davenir\/\"},\"author\":{\"name\":\"QG\",\"@id\":\"https:\/\/vosgesinfo.fr\/gerardmerinfo\/#\/schema\/person\/db5605779a843dad16b5368f3e7613a5\"},\"headline\":\"Li\u00e9zey \u2013 La Foug\u00e8re entre dynamique associative et perspectives d\u2019avenir\",\"datePublished\":\"2026-01-27T04:51:54+00:00\",\"dateModified\":\"2026-01-26T08:40:49+00:00\",\"mainEntityOfPage\":{\"@id\":\"https:\/\/vosgesinfo.fr\/gerardmerinfo\/2026\/01\/liezey-la-fougere-entre-dynamique-associative-et-perspectives-davenir\/\"},\"wordCount\":501,\"commentCount\":0,\"publisher\":{\"@id\":\"https:\/\/vosgesinfo.fr\/gerardmerinfo\/#organization\"},\"image\":{\"@id\":\"https:\/\/vosgesinfo.fr\/gerardmerinfo\/2026\/01\/liezey-la-fougere-entre-dynamique-associative-et-perspectives-davenir\/#primaryimage\"},\"thumbnailUrl\":\"https:\/\/vosgesinfo.fr\/app\/uploads\/sites\/6\/2026\/01\/ag-fougere-liezey-1.jpg\",\"keywords\":[\"La Foug\u00e8re\"],\"articleSection\":[\"A la une\",\"Gerardmer\",\"Liezey\",\"Vie Associative\"],\"inLanguage\":\"fr-FR\",\"potentialAction\":[{\"@type\":\"CommentAction\",\"name\":\"Comment\",\"target\":[\"https:\/\/vosgesinfo.fr\/gerardmerinfo\/2026\/01\/liezey-la-fougere-entre-dynamique-associative-et-perspectives-davenir\/#respond\"]}]},{\"@type\":\"WebPage\",\"@id\":\"https:\/\/vosgesinfo.fr\/gerardmerinfo\/2026\/01\/liezey-la-fougere-entre-dynamique-associative-et-perspectives-davenir\/\",\"url\":\"https:\/\/vosgesinfo.fr\/gerardmerinfo\/2026\/01\/liezey-la-fougere-entre-dynamique-associative-et-perspectives-davenir\/\",\"name\":\"Li\u00e9zey \u2013 La Foug\u00e8re entre dynamique associative et perspectives d\u2019avenir - Gerardmer Info\",\"isPartOf\":{\"@id\":\"https:\/\/vosgesinfo.fr\/gerardmerinfo\/#website\"},\"primaryImageOfPage\":{\"@id\":\"https:\/\/vosgesinfo.fr\/gerardmerinfo\/2026\/01\/liezey-la-fougere-entre-dynamique-associative-et-perspectives-davenir\/#primaryimage\"},\"image\":{\"@id\":\"https:\/\/vosgesinfo.fr\/gerardmerinfo\/2026\/01\/liezey-la-fougere-entre-dynamique-associative-et-perspectives-davenir\/#primaryimage\"},\"thumbnailUrl\":\"https:\/\/vosgesinfo.fr\/app\/uploads\/sites\/6\/2026\/01\/ag-fougere-liezey-1.jpg\",\"datePublished\":\"2026-01-27T04:51:54+00:00\",\"dateModified\":\"2026-01-26T08:40:49+00:00\",\"breadcrumb\":{\"@id\":\"https:\/\/vosgesinfo.fr\/gerardmerinfo\/2026\/01\/liezey-la-fougere-entre-dynamique-associative-et-perspectives-davenir\/#breadcrumb\"},\"inLanguage\":\"fr-FR\",\"potentialAction\":[{\"@type\":\"ReadAction\",\"target\":[\"https:\/\/vosgesinfo.fr\/gerardmerinfo\/2026\/01\/liezey-la-fougere-entre-dynamique-associative-et-perspectives-davenir\/\"]}]},{\"@type\":\"ImageObject\",\"inLanguage\":\"fr-FR\",\"@id\":\"https:\/\/vosgesinfo.fr\/gerardmerinfo\/2026\/01\/liezey-la-fougere-entre-dynamique-associative-et-perspectives-davenir\/#primaryimage\",\"url\":\"https:\/\/vosgesinfo.fr\/app\/uploads\/sites\/6\/2026\/01\/ag-fougere-liezey-1.jpg\",\"contentUrl\":\"https:\/\/vosgesinfo.fr\/app\/uploads\/sites\/6\/2026\/01\/ag-fougere-liezey-1.jpg\",\"width\":1440,\"height\":1080},{\"@type\":\"BreadcrumbList\",\"@id\":\"https:\/\/vosgesinfo.fr\/gerardmerinfo\/2026\/01\/liezey-la-fougere-entre-dynamique-associative-et-perspectives-davenir\/#breadcrumb\",\"itemListElement\":[{\"@type\":\"ListItem\",\"position\":1,\"name\":\"Home\",\"item\":\"https:\/\/vosgesinfo.fr\/gerardmerinfo\/\"},{\"@type\":\"ListItem\",\"position\":2,\"name\":\"Li\u00e9zey \u2013 La Foug\u00e8re entre dynamique associative et perspectives d\u2019avenir\"}]},{\"@type\":\"WebSite\",\"@id\":\"https:\/\/vosgesinfo.fr\/gerardmerinfo\/#website\",\"url\":\"https:\/\/vosgesinfo.fr\/gerardmerinfo\/\",\"name\":\"Gerardmer Info\",\"description\":\"Toute l&#039;actualit\u00e9 de G\u00e9rardmer\",\"publisher\":{\"@id\":\"https:\/\/vosgesinfo.fr\/gerardmerinfo\/#organization\"},\"alternateName\":\"Toute l'actualit\u00e9 de G\u00e9rardmer\",\"potentialAction\":[{\"@type\":\"SearchAction\",\"target\":{\"@type\":\"EntryPoint\",\"urlTemplate\":\"https:\/\/vosgesinfo.fr\/gerardmerinfo\/?s={search_term_string}\"},\"query-input\":\"required name=search_term_string\"}],\"inLanguage\":\"fr-FR\"},{\"@type\":\"Organization\",\"@id\":\"https:\/\/vosgesinfo.fr\/gerardmerinfo\/#organization\",\"name\":\"Gerardmer Info\",\"url\":\"https:\/\/vosgesinfo.fr\/gerardmerinfo\/\",\"logo\":{\"@type\":\"ImageObject\",\"inLanguage\":\"fr-FR\",\"@id\":\"https:\/\/vosgesinfo.fr\/gerardmerinfo\/#\/schema\/logo\/image\/\",\"url\":\"https:\/\/vosgesinfo.fr\/app\/uploads\/sites\/6\/2023\/08\/favicon-gerardmerinfo.png\",\"contentUrl\":\"https:\/\/vosgesinfo.fr\/app\/uploads\/sites\/6\/2023\/08\/favicon-gerardmerinfo.png\",\"width\":512,\"height\":512,\"caption\":\"Gerardmer Info\"},\"image\":{\"@id\":\"https:\/\/vosgesinfo.fr\/gerardmerinfo\/#\/schema\/logo\/image\/\"},\"sameAs\":[\"https:\/\/www.facebook.com\/profile.php?id=100049475262660\",\"https:\/\/x.com\/VosgesInfo88\",\"https:\/\/www.youtube.com\/@vosgesinfo\"]},{\"@type\":\"Person\",\"@id\":\"https:\/\/vosgesinfo.fr\/gerardmerinfo\/#\/schema\/person\/db5605779a843dad16b5368f3e7613a5\",\"name\":\"QG\",\"image\":{\"@type\":\"ImageObject\",\"inLanguage\":\"fr-FR\",\"@id\":\"https:\/\/vosgesinfo.fr\/gerardmerinfo\/#\/schema\/person\/image\/\",\"url\":\"https:\/\/secure.gravatar.com\/avatar\/ea80c42c204b534408512832fde52504ecabb9706bcb6151cf6175e5b64e6793?s=96&d=mm&r=g\",\"contentUrl\":\"https:\/\/secure.gravatar.com\/avatar\/ea80c42c204b534408512832fde52504ecabb9706bcb6151cf6175e5b64e6793?s=96&d=mm&r=g\",\"caption\":\"QG\"},\"url\":\"https:\/\/vosgesinfo.fr\/gerardmerinfo\/author\/quentin88\/\"}]}<\/script>\n<!-- \/ Yoast SEO plugin. -->","yoast_head_json":{"title":"Li\u00e9zey \u2013 La Foug\u00e8re entre dynamique associative et perspectives d\u2019avenir - Gerardmer Info","robots":{"index":"index","follow":"follow","max-snippet":"max-snippet:-1","max-image-preview":"max-image-preview:large","max-video-preview":"max-video-preview:-1"},"canonical":"https:\/\/vosgesinfo.fr\/gerardmerinfo\/2026\/01\/liezey-la-fougere-entre-dynamique-associative-et-perspectives-davenir\/","twitter_card":"summary_large_image","twitter_title":"Li\u00e9zey \u2013 La Foug\u00e8re entre dynamique associative et perspectives d\u2019avenir - Gerardmer Info","twitter_description":"L\u2019assembl\u00e9e g\u00e9n\u00e9rale de l\u2019association La Foug\u00e8re s\u2019est d\u00e9roul\u00e9e ce samedi \u00e0 Li\u00e9zey sous le signe de la dynamique associative et [&hellip;]","twitter_image":"https:\/\/vosgesinfo.fr\/app\/uploads\/sites\/6\/2026\/01\/ag-fougere-liezey-1.jpg","twitter_creator":"@VosgesInfo88","twitter_site":"@VosgesInfo88","twitter_misc":{"\u00c9crit par":"QG","Dur\u00e9e de lecture estim\u00e9e":"2 minutes"},"schema":{"@context":"https:\/\/schema.org","@graph":[{"@type":"Article","@id":"https:\/\/vosgesinfo.fr\/gerardmerinfo\/2026\/01\/liezey-la-fougere-entre-dynamique-associative-et-perspectives-davenir\/#article","isPartOf":{"@id":"https:\/\/vosgesinfo.fr\/gerardmerinfo\/2026\/01\/liezey-la-fougere-entre-dynamique-associative-et-perspectives-davenir\/"},"author":{"name":"QG","@id":"https:\/\/vosgesinfo.fr\/gerardmerinfo\/#\/schema\/person\/db5605779a843dad16b5368f3e7613a5"},"headline":"Li\u00e9zey \u2013 La Foug\u00e8re entre dynamique associative et perspectives d\u2019avenir","datePublished":"2026-01-27T04:51:54+00:00","dateModified":"2026-01-26T08:40:49+00:00","mainEntityOfPage":{"@id":"https:\/\/vosgesinfo.fr\/gerardmerinfo\/2026\/01\/liezey-la-fougere-entre-dynamique-associative-et-perspectives-davenir\/"},"wordCount":501,"commentCount":0,"publisher":{"@id":"https:\/\/vosgesinfo.fr\/gerardmerinfo\/#organization"},"image":{"@id":"https:\/\/vosgesinfo.fr\/gerardmerinfo\/2026\/01\/liezey-la-fougere-entre-dynamique-associative-et-perspectives-davenir\/#primaryimage"},"thumbnailUrl":"https:\/\/vosgesinfo.fr\/app\/uploads\/sites\/6\/2026\/01\/ag-fougere-liezey-1.jpg","keywords":["La Foug\u00e8re"],"articleSection":["A la une","Gerardmer","Liezey","Vie Associative"],"inLanguage":"fr-FR","potentialAction":[{"@type":"CommentAction","name":"Comment","target":["https:\/\/vosgesinfo.fr\/gerardmerinfo\/2026\/01\/liezey-la-fougere-entre-dynamique-associative-et-perspectives-davenir\/#respond"]}]},{"@type":"WebPage","@id":"https:\/\/vosgesinfo.fr\/gerardmerinfo\/2026\/01\/liezey-la-fougere-entre-dynamique-associative-et-perspectives-davenir\/","url":"https:\/\/vosgesinfo.fr\/gerardmerinfo\/2026\/01\/liezey-la-fougere-entre-dynamique-associative-et-perspectives-davenir\/","name":"Li\u00e9zey \u2013 La Foug\u00e8re entre dynamique associative et perspectives d\u2019avenir - Gerardmer Info","isPartOf":{"@id":"https:\/\/vosgesinfo.fr\/gerardmerinfo\/#website"},"primaryImageOfPage":{"@id":"https:\/\/vosgesinfo.fr\/gerardmerinfo\/2026\/01\/liezey-la-fougere-entre-dynamique-associative-et-perspectives-davenir\/#primaryimage"},"image":{"@id":"https:\/\/vosgesinfo.fr\/gerardmerinfo\/2026\/01\/liezey-la-fougere-entre-dynamique-associative-et-perspectives-davenir\/#primaryimage"},"thumbnailUrl":"https:\/\/vosgesinfo.fr\/app\/uploads\/sites\/6\/2026\/01\/ag-fougere-liezey-1.jpg","datePublished":"2026-01-27T04:51:54+00:00","dateModified":"2026-01-26T08:40:49+00:00","breadcrumb":{"@id":"https:\/\/vosgesinfo.fr\/gerardmerinfo\/2026\/01\/liezey-la-fougere-entre-dynamique-associative-et-perspectives-davenir\/#breadcrumb"},"inLanguage":"fr-FR","potentialAction":[{"@type":"ReadAction","target":["https:\/\/vosgesinfo.fr\/gerardmerinfo\/2026\/01\/liezey-la-fougere-entre-dynamique-associative-et-perspectives-davenir\/"]}]},{"@type":"ImageObject","inLanguage":"fr-FR","@id":"https:\/\/vosgesinfo.fr\/gerardmerinfo\/2026\/01\/liezey-la-fougere-entre-dynamique-associative-et-perspectives-davenir\/#primaryimage","url":"https:\/\/vosgesinfo.fr\/app\/uploads\/sites\/6\/2026\/01\/ag-fougere-liezey-1.jpg","contentUrl":"https:\/\/vosgesinfo.fr\/app\/uploads\/sites\/6\/2026\/01\/ag-fougere-liezey-1.jpg","width":1440,"height":1080},{"@type":"BreadcrumbList","@id":"https:\/\/vosgesinfo.fr\/gerardmerinfo\/2026\/01\/liezey-la-fougere-entre-dynamique-associative-et-perspectives-davenir\/#breadcrumb","itemListElement":[{"@type":"ListItem","position":1,"name":"Home","item":"https:\/\/vosgesinfo.fr\/gerardmerinfo\/"},{"@type":"ListItem","position":2,"name":"Li\u00e9zey \u2013 La Foug\u00e8re entre dynamique associative et perspectives d\u2019avenir"}]},{"@type":"WebSite","@id":"https:\/\/vosgesinfo.fr\/gerardmerinfo\/#website","url":"https:\/\/vosgesinfo.fr\/gerardmerinfo\/","name":"Gerardmer Info","description":"Toute l&#039;actualit\u00e9 de G\u00e9rardmer","publisher":{"@id":"https:\/\/vosgesinfo.fr\/gerardmerinfo\/#organization"},"alternateName":"Toute l'actualit\u00e9 de G\u00e9rardmer","potentialAction":[{"@type":"SearchAction","target":{"@type":"EntryPoint","urlTemplate":"https:\/\/vosgesinfo.fr\/gerardmerinfo\/?s={search_term_string}"},"query-input":"required name=search_term_string"}],"inLanguage":"fr-FR"},{"@type":"Organization","@id":"https:\/\/vosgesinfo.fr\/gerardmerinfo\/#organization","name":"Gerardmer Info","url":"https:\/\/vosgesinfo.fr\/gerardmerinfo\/","logo":{"@type":"ImageObject","inLanguage":"fr-FR","@id":"https:\/\/vosgesinfo.fr\/gerardmerinfo\/#\/schema\/logo\/image\/","url":"https:\/\/vosgesinfo.fr\/app\/uploads\/sites\/6\/2023\/08\/favicon-gerardmerinfo.png","contentUrl":"https:\/\/vosgesinfo.fr\/app\/uploads\/sites\/6\/2023\/08\/favicon-gerardmerinfo.png","width":512,"height":512,"caption":"Gerardmer Info"},"image":{"@id":"https:\/\/vosgesinfo.fr\/gerardmerinfo\/#\/schema\/logo\/image\/"},"sameAs":["https:\/\/www.facebook.com\/profile.php?id=100049475262660","https:\/\/x.com\/VosgesInfo88","https:\/\/www.youtube.com\/@vosgesinfo"]},{"@type":"Person","@id":"https:\/\/vosgesinfo.fr\/gerardmerinfo\/#\/schema\/person\/db5605779a843dad16b5368f3e7613a5","name":"QG","image":{"@type":"ImageObject","inLanguage":"fr-FR","@id":"https:\/\/vosgesinfo.fr\/gerardmerinfo\/#\/schema\/person\/image\/","url":"https:\/\/secure.gravatar.com\/avatar\/ea80c42c204b534408512832fde52504ecabb9706bcb6151cf6175e5b64e6793?s=96&d=mm&r=g","contentUrl":"https:\/\/secure.gravatar.com\/avatar\/ea80c42c204b534408512832fde52504ecabb9706bcb6151cf6175e5b64e6793?s=96&d=mm&r=g","caption":"QG"},"url":"https:\/\/vosgesinfo.fr\/gerardmerinfo\/author\/quentin88\/"}]}},"_links":{"self":[{"href":"https:\/\/vosgesinfo.fr\/gerardmerinfo\/wp-json\/wp\/v2\/posts\/87316","targetHints":{"allow":["GET"]}}],"collection":[{"href":"https:\/\/vosgesinfo.fr\/gerardmerinfo\/wp-json\/wp\/v2\/posts"}],"about":[{"href":"https:\/\/vosgesinfo.fr\/gerardmerinfo\/wp-json\/wp\/v2\/types\/post"}],"author":[{"embeddable":true,"href":"https:\/\/vosgesinfo.fr\/gerardmerinfo\/wp-json\/wp\/v2\/users\/42"}],"replies":[{"embeddable":true,"href":"https:\/\/vosgesinfo.fr\/gerardmerinfo\/wp-json\/wp\/v2\/comments?post=87316"}],"version-history":[{"count":1,"href":"https:\/\/vosgesinfo.fr\/gerardmerinfo\/wp-json\/wp\/v2\/posts\/87316\/revisions"}],"predecessor-version":[{"id":87322,"href":"https:\/\/vosgesinfo.fr\/gerardmerinfo\/wp-json\/wp\/v2\/posts\/87316\/revisions\/87322"}],"wp:featuredmedia":[{"embeddable":true,"href":"https:\/\/vosgesinfo.fr\/gerardmerinfo\/wp-json\/wp\/v2\/media\/87321"}],"wp:attachment":[{"href":"https:\/\/vosgesinfo.fr\/gerardmerinfo\/wp-json\/wp\/v2\/media?parent=87316"}],"wp:term":[{"taxonomy":"category","embeddable":true,"href":"https:\/\/vosgesinfo.fr\/gerardmerinfo\/wp-json\/wp\/v2\/categories?post=87316"},{"taxonomy":"post_tag","embeddable":true,"href":"https:\/\/vosgesinfo.fr\/gerardmerinfo\/wp-json\/wp\/v2\/tags?post=87316"}],"curies":[{"name":"wp","href":"https:\/\/api.w.org\/{rel}","templated":true}]}}