{"id":87339,"date":"2026-01-26T16:43:25","date_gmt":"2026-01-26T15:43:25","guid":{"rendered":"https:\/\/vosgesinfo.fr\/gerardmerinfo\/?p=87339"},"modified":"2026-01-26T16:43:25","modified_gmt":"2026-01-26T15:43:25","slug":"cine-rencontre-a-plainfaing-ce-dimanche-1er-fevrier-autour-du-film-plainfaing-de-memoire","status":"publish","type":"post","link":"https:\/\/vosgesinfo.fr\/gerardmerinfo\/2026\/01\/cine-rencontre-a-plainfaing-ce-dimanche-1er-fevrier-autour-du-film-plainfaing-de-memoire\/","title":{"rendered":"Cin\u00e9 Rencontre \u00e0 Plainfaing ce dimanche 1er f\u00e9vrier autour du film \u00ab\u00a0Plainfaing de m\u00e9moire\u00a0\u00bb"},"content":{"rendered":"<p><span style=\"color: #ff0000; font-size: large;\"><b>Pour les personnes qui n&rsquo;ont pas pu entrer ce dimanche 25 janvier (salle comble)<\/b><\/span><\/p>\n<div>\n<div>\n<div>\n<div>\n<div>\n<div>\n<p><u><span style=\"color: #ff0000;\"><b><span style=\"font-size: large;\">PROJECTION SUPPL<\/span><span lang=\"fr\"><span style=\"font-size: large;\">\u00e9<\/span><\/span><\/b><\/span><\/u><span style=\"font-size: large;\"><u><span style=\"color: #ff0000;\"><b>MENTAIRE<\/b><\/span><\/u> au Cin\u00e9ma de Noiregoutte \u00e0 Plainfaing, <b><span style=\"color: #ff0000;\">dimanche 1er f\u00e9vrier 2026 \u00e0 15 heures,<\/span><\/b><\/span><\/p>\n<p><span style=\"font-size: large;\">Jacques Cuny pr\u00e9sentera en premi\u00e8re partie son film <b><span style=\"color: #400000;\">\u00ab\u00a0Plainfaing de m\u00e9moire\u00a0\u00bb<\/span> <\/b>r\u00e9alis\u00e9 en 2003 &#8211; 43 mn<\/span><\/p>\n<p><span style=\"font-size: large;\">bande-annonce : <a href=\"https:\/\/www.youtube.com\/watch?v=GKLY9px5GHY\" target=\"_blank\" rel=\"noopener\" data-saferedirecturl=\"https:\/\/www.google.com\/url?q=https:\/\/www.youtube.com\/watch?v%3DGKLY9px5GHY&amp;source=gmail&amp;ust=1769521179761000&amp;usg=AOvVaw0TgP1Faujmgt52bdyDAcB_\">https:\/\/www.youtube.com\/watch?<wbr \/>v=GKLY9px5GHY<\/a><\/span><\/p>\n<p><span style=\"font-size: large;\">et en deuxi\u00e8me partie son film <b>\u00ab\u00a0Quand souffle le sotr\u00e9\u00a0\u00bb<\/b> r\u00e9alis\u00e9 en 1998 &#8211; 30 mn<\/span><\/p>\n<p><span style=\"font-size: large;\">bande-annonce : <a href=\"https:\/\/www.youtube.com\/watch?v=VhdvHs4nLc8\" target=\"_blank\" rel=\"noopener\" data-saferedirecturl=\"https:\/\/www.google.com\/url?q=https:\/\/www.youtube.com\/watch?v%3DVhdvHs4nLc8&amp;source=gmail&amp;ust=1769521179761000&amp;usg=AOvVaw1ZHRbri_VnwUc6YUTg1WCF\">https:\/\/www.youtube.com\/watch?<wbr \/>v=VhdvHs4nLc8<\/a><\/span><\/p>\n<p><span style=\"font-size: large;\"><a href=\"https:\/\/tristanjacquescuny.wixsite.com\/jacquescuny\/bon-de-commande\" target=\"_blank\" rel=\"noopener\" data-saferedirecturl=\"https:\/\/www.google.com\/url?q=https:\/\/tristanjacquescuny.wixsite.com\/jacquescuny\/bon-de-commande&amp;source=gmail&amp;ust=1769521179761000&amp;usg=AOvVaw1cJwN_Hf7WZFF0YS_fMHkO\">DVD disponible<\/a><\/span><\/p>\n<p><span style=\"font-size: large;\"><a href=\"https:\/\/tristanjacquescuny.wixsite.com\/jacquescuny\/bon-de-commande\" target=\"_blank\" rel=\"noopener\" data-saferedirecturl=\"https:\/\/www.google.com\/url?q=https:\/\/tristanjacquescuny.wixsite.com\/jacquescuny\/bon-de-commande&amp;source=gmail&amp;ust=1769521179761000&amp;usg=AOvVaw1cJwN_Hf7WZFF0YS_fMHkO\">Livre \u00ab\u00a0Voyage au coeur des Hautes-Vosges\u00a0\u00bb disponible<\/a><\/span><\/p>\n<p><a href=\"https:\/\/vosgesinfo.fr\/app\/uploads\/sites\/6\/2026\/01\/affiche-235x420-v7-600px.jpg\"><img decoding=\"async\" class=\"aligncenter size-full wp-image-87340\" src=\"https:\/\/vosgesinfo.fr\/app\/uploads\/sites\/6\/2026\/01\/affiche-235x420-v7-600px.jpg\" alt=\"\" width=\"600\" height=\"1061\" srcset=\"https:\/\/vosgesinfo.fr\/app\/uploads\/sites\/6\/2026\/01\/affiche-235x420-v7-600px.jpg 600w, https:\/\/vosgesinfo.fr\/app\/uploads\/sites\/6\/2026\/01\/affiche-235x420-v7-600px-170x300.jpg 170w, https:\/\/vosgesinfo.fr\/app\/uploads\/sites\/6\/2026\/01\/affiche-235x420-v7-600px-579x1024.jpg 579w\" sizes=\"(max-width: 600px) 100vw, 600px\" \/><\/a><\/p>\n<\/div>\n<\/div>\n<\/div>\n<\/div>\n<\/div>\n<\/div>\n","protected":false},"excerpt":{"rendered":"<p>Pour les personnes qui n&rsquo;ont pas pu entrer ce dimanche 25 janvier (salle comble) PROJECTION SUPPL\u00e9MENTAIRE au Cin\u00e9ma de Noiregoutte [&hellip;]<\/p>\n","protected":false},"author":391,"featured_media":87340,"comment_status":"open","ping_status":"open","sticky":false,"template":"","format":"standard","meta":{"footnotes":""},"categories":[20,4,5647,946],"tags":[513,252],"class_list":["post-87339","post","type-post","status-publish","format-standard","has-post-thumbnail","hentry","category-a-la-une","category-culture","category-gerardmer-autres-sites","category-saint-die","tag-jacques-cuny","tag-plainfaing"],"acf":[],"yoast_head":"<!-- This site is optimized with the Yoast SEO plugin v22.5 - https:\/\/yoast.com\/wordpress\/plugins\/seo\/ -->\n<title>Cin\u00e9 Rencontre \u00e0 Plainfaing ce dimanche 1er f\u00e9vrier autour du film &quot;Plainfaing de m\u00e9moire&quot; - Gerardmer Info<\/title>\n<meta name=\"robots\" content=\"index, follow, max-snippet:-1, max-image-preview:large, max-video-preview:-1\" \/>\n<link rel=\"canonical\" href=\"https:\/\/vosgesinfo.fr\/gerardmerinfo\/?p=87339\" \/>\n<meta name=\"twitter:card\" content=\"summary_large_image\" \/>\n<meta name=\"twitter:title\" content=\"Cin\u00e9 Rencontre \u00e0 Plainfaing ce dimanche 1er f\u00e9vrier autour du film &quot;Plainfaing de m\u00e9moire&quot; - Gerardmer Info\" \/>\n<meta name=\"twitter:description\" content=\"Pour les personnes qui n&rsquo;ont pas pu entrer ce dimanche 25 janvier (salle comble) PROJECTION SUPPL\u00e9MENTAIRE au Cin\u00e9ma de Noiregoutte [&hellip;]\" \/>\n<meta name=\"twitter:image\" content=\"https:\/\/vosgesinfo.fr\/app\/uploads\/sites\/6\/2026\/01\/affiche-235x420-v7-600px.jpg\" \/>\n<meta name=\"twitter:creator\" content=\"@VosgesInfo88\" \/>\n<meta name=\"twitter:site\" content=\"@VosgesInfo88\" \/>\n<meta name=\"twitter:label1\" content=\"\u00c9crit par\" \/>\n\t<meta name=\"twitter:data1\" content=\"La redaction\" \/>\n<script type=\"application\/ld+json\" class=\"yoast-schema-graph\">{\"@context\":\"https:\/\/schema.org\",\"@graph\":[{\"@type\":\"Article\",\"@id\":\"https:\/\/vosgesinfo.fr\/gerardmerinfo\/?p=87339#article\",\"isPartOf\":{\"@id\":\"https:\/\/vosgesinfo.fr\/gerardmerinfo\/?p=87339\"},\"author\":{\"name\":\"La redaction\",\"@id\":\"https:\/\/vosgesinfo.fr\/gerardmerinfo\/#\/schema\/person\/27a3695b06db98895b354c0765cdfc31\"},\"headline\":\"Cin\u00e9 Rencontre \u00e0 Plainfaing ce dimanche 1er f\u00e9vrier autour du film \u00ab\u00a0Plainfaing de m\u00e9moire\u00a0\u00bb\",\"datePublished\":\"2026-01-26T15:43:25+00:00\",\"dateModified\":\"2026-01-26T15:43:25+00:00\",\"mainEntityOfPage\":{\"@id\":\"https:\/\/vosgesinfo.fr\/gerardmerinfo\/?p=87339\"},\"wordCount\":106,\"commentCount\":0,\"publisher\":{\"@id\":\"https:\/\/vosgesinfo.fr\/gerardmerinfo\/#organization\"},\"image\":{\"@id\":\"https:\/\/vosgesinfo.fr\/gerardmerinfo\/?p=87339#primaryimage\"},\"thumbnailUrl\":\"https:\/\/vosgesinfo.fr\/app\/uploads\/sites\/6\/2026\/01\/affiche-235x420-v7-600px.jpg\",\"keywords\":[\"jacques cuny\",\"Plainfaing\"],\"articleSection\":[\"A la une\",\"Culture\",\"Gerardmer\",\"Saint-di\u00e9\"],\"inLanguage\":\"fr-FR\",\"potentialAction\":[{\"@type\":\"CommentAction\",\"name\":\"Comment\",\"target\":[\"https:\/\/vosgesinfo.fr\/gerardmerinfo\/?p=87339#respond\"]}]},{\"@type\":\"WebPage\",\"@id\":\"https:\/\/vosgesinfo.fr\/gerardmerinfo\/?p=87339\",\"url\":\"https:\/\/vosgesinfo.fr\/gerardmerinfo\/?p=87339\",\"name\":\"Cin\u00e9 Rencontre \u00e0 Plainfaing ce dimanche 1er f\u00e9vrier autour du film \\\"Plainfaing de m\u00e9moire\\\" - Gerardmer Info\",\"isPartOf\":{\"@id\":\"https:\/\/vosgesinfo.fr\/gerardmerinfo\/#website\"},\"primaryImageOfPage\":{\"@id\":\"https:\/\/vosgesinfo.fr\/gerardmerinfo\/?p=87339#primaryimage\"},\"image\":{\"@id\":\"https:\/\/vosgesinfo.fr\/gerardmerinfo\/?p=87339#primaryimage\"},\"thumbnailUrl\":\"https:\/\/vosgesinfo.fr\/app\/uploads\/sites\/6\/2026\/01\/affiche-235x420-v7-600px.jpg\",\"datePublished\":\"2026-01-26T15:43:25+00:00\",\"dateModified\":\"2026-01-26T15:43:25+00:00\",\"breadcrumb\":{\"@id\":\"https:\/\/vosgesinfo.fr\/gerardmerinfo\/?p=87339#breadcrumb\"},\"inLanguage\":\"fr-FR\",\"potentialAction\":[{\"@type\":\"ReadAction\",\"target\":[\"https:\/\/vosgesinfo.fr\/gerardmerinfo\/?p=87339\"]}]},{\"@type\":\"ImageObject\",\"inLanguage\":\"fr-FR\",\"@id\":\"https:\/\/vosgesinfo.fr\/gerardmerinfo\/?p=87339#primaryimage\",\"url\":\"https:\/\/vosgesinfo.fr\/app\/uploads\/sites\/6\/2026\/01\/affiche-235x420-v7-600px.jpg\",\"contentUrl\":\"https:\/\/vosgesinfo.fr\/app\/uploads\/sites\/6\/2026\/01\/affiche-235x420-v7-600px.jpg\",\"width\":600,\"height\":1061},{\"@type\":\"BreadcrumbList\",\"@id\":\"https:\/\/vosgesinfo.fr\/gerardmerinfo\/?p=87339#breadcrumb\",\"itemListElement\":[{\"@type\":\"ListItem\",\"position\":1,\"name\":\"Home\",\"item\":\"https:\/\/vosgesinfo.fr\/gerardmerinfo\/\"},{\"@type\":\"ListItem\",\"position\":2,\"name\":\"Cin\u00e9 Rencontre \u00e0 Plainfaing ce dimanche 1er f\u00e9vrier autour du film &#8220;Plainfaing de m\u00e9moire&#8221;\"}]},{\"@type\":\"WebSite\",\"@id\":\"https:\/\/vosgesinfo.fr\/gerardmerinfo\/#website\",\"url\":\"https:\/\/vosgesinfo.fr\/gerardmerinfo\/\",\"name\":\"Gerardmer Info\",\"description\":\"Toute l&#039;actualit\u00e9 de G\u00e9rardmer\",\"publisher\":{\"@id\":\"https:\/\/vosgesinfo.fr\/gerardmerinfo\/#organization\"},\"alternateName\":\"Toute l'actualit\u00e9 de G\u00e9rardmer\",\"potentialAction\":[{\"@type\":\"SearchAction\",\"target\":{\"@type\":\"EntryPoint\",\"urlTemplate\":\"https:\/\/vosgesinfo.fr\/gerardmerinfo\/?s={search_term_string}\"},\"query-input\":\"required name=search_term_string\"}],\"inLanguage\":\"fr-FR\"},{\"@type\":\"Organization\",\"@id\":\"https:\/\/vosgesinfo.fr\/gerardmerinfo\/#organization\",\"name\":\"Gerardmer Info\",\"url\":\"https:\/\/vosgesinfo.fr\/gerardmerinfo\/\",\"logo\":{\"@type\":\"ImageObject\",\"inLanguage\":\"fr-FR\",\"@id\":\"https:\/\/vosgesinfo.fr\/gerardmerinfo\/#\/schema\/logo\/image\/\",\"url\":\"https:\/\/vosgesinfo.fr\/app\/uploads\/sites\/6\/2023\/08\/favicon-gerardmerinfo.png\",\"contentUrl\":\"https:\/\/vosgesinfo.fr\/app\/uploads\/sites\/6\/2023\/08\/favicon-gerardmerinfo.png\",\"width\":512,\"height\":512,\"caption\":\"Gerardmer Info\"},\"image\":{\"@id\":\"https:\/\/vosgesinfo.fr\/gerardmerinfo\/#\/schema\/logo\/image\/\"},\"sameAs\":[\"https:\/\/www.facebook.com\/profile.php?id=100049475262660\",\"https:\/\/x.com\/VosgesInfo88\",\"https:\/\/www.youtube.com\/@vosgesinfo\"]},{\"@type\":\"Person\",\"@id\":\"https:\/\/vosgesinfo.fr\/gerardmerinfo\/#\/schema\/person\/27a3695b06db98895b354c0765cdfc31\",\"name\":\"La redaction\",\"image\":{\"@type\":\"ImageObject\",\"inLanguage\":\"fr-FR\",\"@id\":\"https:\/\/vosgesinfo.fr\/gerardmerinfo\/#\/schema\/person\/image\/\",\"url\":\"https:\/\/secure.gravatar.com\/avatar\/64c76a78e501cedee55736f43f332df901e1896ae9cd8fad269ae2236dd0e8b6?s=96&d=mm&r=g\",\"contentUrl\":\"https:\/\/secure.gravatar.com\/avatar\/64c76a78e501cedee55736f43f332df901e1896ae9cd8fad269ae2236dd0e8b6?s=96&d=mm&r=g\",\"caption\":\"La redaction\"},\"url\":\"https:\/\/vosgesinfo.fr\/gerardmerinfo\/author\/la-redaction\/\"}]}<\/script>\n<!-- \/ Yoast SEO plugin. -->","yoast_head_json":{"title":"Cin\u00e9 Rencontre \u00e0 Plainfaing ce dimanche 1er f\u00e9vrier autour du film \"Plainfaing de m\u00e9moire\" - Gerardmer Info","robots":{"index":"index","follow":"follow","max-snippet":"max-snippet:-1","max-image-preview":"max-image-preview:large","max-video-preview":"max-video-preview:-1"},"canonical":"https:\/\/vosgesinfo.fr\/gerardmerinfo\/?p=87339","twitter_card":"summary_large_image","twitter_title":"Cin\u00e9 Rencontre \u00e0 Plainfaing ce dimanche 1er f\u00e9vrier autour du film \"Plainfaing de m\u00e9moire\" - Gerardmer Info","twitter_description":"Pour les personnes qui n&rsquo;ont pas pu entrer ce dimanche 25 janvier (salle comble) PROJECTION SUPPL\u00e9MENTAIRE au Cin\u00e9ma de Noiregoutte [&hellip;]","twitter_image":"https:\/\/vosgesinfo.fr\/app\/uploads\/sites\/6\/2026\/01\/affiche-235x420-v7-600px.jpg","twitter_creator":"@VosgesInfo88","twitter_site":"@VosgesInfo88","twitter_misc":{"\u00c9crit par":"La redaction"},"schema":{"@context":"https:\/\/schema.org","@graph":[{"@type":"Article","@id":"https:\/\/vosgesinfo.fr\/gerardmerinfo\/?p=87339#article","isPartOf":{"@id":"https:\/\/vosgesinfo.fr\/gerardmerinfo\/?p=87339"},"author":{"name":"La redaction","@id":"https:\/\/vosgesinfo.fr\/gerardmerinfo\/#\/schema\/person\/27a3695b06db98895b354c0765cdfc31"},"headline":"Cin\u00e9 Rencontre \u00e0 Plainfaing ce dimanche 1er f\u00e9vrier autour du film \u00ab\u00a0Plainfaing de m\u00e9moire\u00a0\u00bb","datePublished":"2026-01-26T15:43:25+00:00","dateModified":"2026-01-26T15:43:25+00:00","mainEntityOfPage":{"@id":"https:\/\/vosgesinfo.fr\/gerardmerinfo\/?p=87339"},"wordCount":106,"commentCount":0,"publisher":{"@id":"https:\/\/vosgesinfo.fr\/gerardmerinfo\/#organization"},"image":{"@id":"https:\/\/vosgesinfo.fr\/gerardmerinfo\/?p=87339#primaryimage"},"thumbnailUrl":"https:\/\/vosgesinfo.fr\/app\/uploads\/sites\/6\/2026\/01\/affiche-235x420-v7-600px.jpg","keywords":["jacques cuny","Plainfaing"],"articleSection":["A la une","Culture","Gerardmer","Saint-di\u00e9"],"inLanguage":"fr-FR","potentialAction":[{"@type":"CommentAction","name":"Comment","target":["https:\/\/vosgesinfo.fr\/gerardmerinfo\/?p=87339#respond"]}]},{"@type":"WebPage","@id":"https:\/\/vosgesinfo.fr\/gerardmerinfo\/?p=87339","url":"https:\/\/vosgesinfo.fr\/gerardmerinfo\/?p=87339","name":"Cin\u00e9 Rencontre \u00e0 Plainfaing ce dimanche 1er f\u00e9vrier autour du film \"Plainfaing de m\u00e9moire\" - Gerardmer Info","isPartOf":{"@id":"https:\/\/vosgesinfo.fr\/gerardmerinfo\/#website"},"primaryImageOfPage":{"@id":"https:\/\/vosgesinfo.fr\/gerardmerinfo\/?p=87339#primaryimage"},"image":{"@id":"https:\/\/vosgesinfo.fr\/gerardmerinfo\/?p=87339#primaryimage"},"thumbnailUrl":"https:\/\/vosgesinfo.fr\/app\/uploads\/sites\/6\/2026\/01\/affiche-235x420-v7-600px.jpg","datePublished":"2026-01-26T15:43:25+00:00","dateModified":"2026-01-26T15:43:25+00:00","breadcrumb":{"@id":"https:\/\/vosgesinfo.fr\/gerardmerinfo\/?p=87339#breadcrumb"},"inLanguage":"fr-FR","potentialAction":[{"@type":"ReadAction","target":["https:\/\/vosgesinfo.fr\/gerardmerinfo\/?p=87339"]}]},{"@type":"ImageObject","inLanguage":"fr-FR","@id":"https:\/\/vosgesinfo.fr\/gerardmerinfo\/?p=87339#primaryimage","url":"https:\/\/vosgesinfo.fr\/app\/uploads\/sites\/6\/2026\/01\/affiche-235x420-v7-600px.jpg","contentUrl":"https:\/\/vosgesinfo.fr\/app\/uploads\/sites\/6\/2026\/01\/affiche-235x420-v7-600px.jpg","width":600,"height":1061},{"@type":"BreadcrumbList","@id":"https:\/\/vosgesinfo.fr\/gerardmerinfo\/?p=87339#breadcrumb","itemListElement":[{"@type":"ListItem","position":1,"name":"Home","item":"https:\/\/vosgesinfo.fr\/gerardmerinfo\/"},{"@type":"ListItem","position":2,"name":"Cin\u00e9 Rencontre \u00e0 Plainfaing ce dimanche 1er f\u00e9vrier autour du film &#8220;Plainfaing de m\u00e9moire&#8221;"}]},{"@type":"WebSite","@id":"https:\/\/vosgesinfo.fr\/gerardmerinfo\/#website","url":"https:\/\/vosgesinfo.fr\/gerardmerinfo\/","name":"Gerardmer Info","description":"Toute l&#039;actualit\u00e9 de G\u00e9rardmer","publisher":{"@id":"https:\/\/vosgesinfo.fr\/gerardmerinfo\/#organization"},"alternateName":"Toute l'actualit\u00e9 de G\u00e9rardmer","potentialAction":[{"@type":"SearchAction","target":{"@type":"EntryPoint","urlTemplate":"https:\/\/vosgesinfo.fr\/gerardmerinfo\/?s={search_term_string}"},"query-input":"required name=search_term_string"}],"inLanguage":"fr-FR"},{"@type":"Organization","@id":"https:\/\/vosgesinfo.fr\/gerardmerinfo\/#organization","name":"Gerardmer Info","url":"https:\/\/vosgesinfo.fr\/gerardmerinfo\/","logo":{"@type":"ImageObject","inLanguage":"fr-FR","@id":"https:\/\/vosgesinfo.fr\/gerardmerinfo\/#\/schema\/logo\/image\/","url":"https:\/\/vosgesinfo.fr\/app\/uploads\/sites\/6\/2023\/08\/favicon-gerardmerinfo.png","contentUrl":"https:\/\/vosgesinfo.fr\/app\/uploads\/sites\/6\/2023\/08\/favicon-gerardmerinfo.png","width":512,"height":512,"caption":"Gerardmer Info"},"image":{"@id":"https:\/\/vosgesinfo.fr\/gerardmerinfo\/#\/schema\/logo\/image\/"},"sameAs":["https:\/\/www.facebook.com\/profile.php?id=100049475262660","https:\/\/x.com\/VosgesInfo88","https:\/\/www.youtube.com\/@vosgesinfo"]},{"@type":"Person","@id":"https:\/\/vosgesinfo.fr\/gerardmerinfo\/#\/schema\/person\/27a3695b06db98895b354c0765cdfc31","name":"La redaction","image":{"@type":"ImageObject","inLanguage":"fr-FR","@id":"https:\/\/vosgesinfo.fr\/gerardmerinfo\/#\/schema\/person\/image\/","url":"https:\/\/secure.gravatar.com\/avatar\/64c76a78e501cedee55736f43f332df901e1896ae9cd8fad269ae2236dd0e8b6?s=96&d=mm&r=g","contentUrl":"https:\/\/secure.gravatar.com\/avatar\/64c76a78e501cedee55736f43f332df901e1896ae9cd8fad269ae2236dd0e8b6?s=96&d=mm&r=g","caption":"La redaction"},"url":"https:\/\/vosgesinfo.fr\/gerardmerinfo\/author\/la-redaction\/"}]}},"_links":{"self":[{"href":"https:\/\/vosgesinfo.fr\/gerardmerinfo\/wp-json\/wp\/v2\/posts\/87339","targetHints":{"allow":["GET"]}}],"collection":[{"href":"https:\/\/vosgesinfo.fr\/gerardmerinfo\/wp-json\/wp\/v2\/posts"}],"about":[{"href":"https:\/\/vosgesinfo.fr\/gerardmerinfo\/wp-json\/wp\/v2\/types\/post"}],"author":[{"embeddable":true,"href":"https:\/\/vosgesinfo.fr\/gerardmerinfo\/wp-json\/wp\/v2\/users\/391"}],"replies":[{"embeddable":true,"href":"https:\/\/vosgesinfo.fr\/gerardmerinfo\/wp-json\/wp\/v2\/comments?post=87339"}],"version-history":[{"count":1,"href":"https:\/\/vosgesinfo.fr\/gerardmerinfo\/wp-json\/wp\/v2\/posts\/87339\/revisions"}],"predecessor-version":[{"id":87341,"href":"https:\/\/vosgesinfo.fr\/gerardmerinfo\/wp-json\/wp\/v2\/posts\/87339\/revisions\/87341"}],"wp:featuredmedia":[{"embeddable":true,"href":"https:\/\/vosgesinfo.fr\/gerardmerinfo\/wp-json\/wp\/v2\/media\/87340"}],"wp:attachment":[{"href":"https:\/\/vosgesinfo.fr\/gerardmerinfo\/wp-json\/wp\/v2\/media?parent=87339"}],"wp:term":[{"taxonomy":"category","embeddable":true,"href":"https:\/\/vosgesinfo.fr\/gerardmerinfo\/wp-json\/wp\/v2\/categories?post=87339"},{"taxonomy":"post_tag","embeddable":true,"href":"https:\/\/vosgesinfo.fr\/gerardmerinfo\/wp-json\/wp\/v2\/tags?post=87339"}],"curies":[{"name":"wp","href":"https:\/\/api.w.org\/{rel}","templated":true}]}}