{"id":87363,"date":"2026-01-27T12:02:09","date_gmt":"2026-01-27T11:02:09","guid":{"rendered":"https:\/\/vosgesinfo.fr\/gerardmerinfo\/?p=87363"},"modified":"2026-01-27T12:51:15","modified_gmt":"2026-01-27T11:51:15","slug":"marie-therese-grossier-nous-a-quittes","status":"publish","type":"post","link":"https:\/\/vosgesinfo.fr\/gerardmerinfo\/2026\/01\/marie-therese-grossier-nous-a-quittes\/","title":{"rendered":"Marie-Th\u00e9r\u00e8se Grossier nous a quitt\u00e9s"},"content":{"rendered":"<p><span style=\"color: #000000;\"><strong>C\u2019est avec peine que nous avons appris le d\u00e9c\u00e8s de Marie-Th\u00e9r\u00e8se Grossier, survenu le 26 janvier \u00e0 l\u2019\u00e2ge de 97 ans.<\/strong> <\/span><\/p>\n<p><span style=\"color: #000000;\"><a style=\"color: #000000;\" href=\"https:\/\/vosgesinfo.fr\/app\/uploads\/sites\/6\/2026\/01\/madame-grossier.jpg\"><img decoding=\"async\" class=\"alignright size-medium wp-image-87364\" src=\"https:\/\/vosgesinfo.fr\/app\/uploads\/sites\/6\/2026\/01\/madame-grossier-215x300.jpg\" alt=\"\" width=\"215\" height=\"300\" srcset=\"https:\/\/vosgesinfo.fr\/app\/uploads\/sites\/6\/2026\/01\/madame-grossier-215x300.jpg 215w, https:\/\/vosgesinfo.fr\/app\/uploads\/sites\/6\/2026\/01\/madame-grossier.jpg 404w\" sizes=\"(max-width: 215px) 100vw, 215px\" \/><\/a>Troisi\u00e8me d\u2019une fratrie de quatre enfants, Marie-Th\u00e9r\u00e8se Ory est n\u00e9e le 30 d\u00e9cembre 1928 \u00e0 Verdun au sein d&rsquo;une famille de commer\u00e7ants tr\u00e8s proche avec la famille Grossier. c&rsquo;est ainsi qu&rsquo;elle fera la rencontre de Jean, l&rsquo;un des fils, lors de sorties scouts. Le 22 septembre 1950, ils se marient \u00e0 Nancy et s\u2019installent \u00e0 G\u00e9rardmer, rue du Casino, puis Boulevard Kelsh o\u00f9 sont n\u00e9s leurs enfants Brigitte, Martine, Yves et Bruno. Le couple tient alors une boutique de v\u00eatements dans la rue Charles de Gaulle et Marie-Th\u00e9r\u00e8se, maman mod\u00e8le, accompagnait son \u00e9poux aux fameux M\u00e9nestrels avec ses enfants. <\/span><\/p>\n<p><span style=\"color: #000000;\">Femme particuli\u00e8rement dynamique et sociable, membre du Club Vosgien, elle \u00e9tait adorait se baigner dans le lac de G\u00e9rardmer, pratiquait le ski ainsi que la voile, et a fr\u00e9quent\u00e9 le sauna pendant pr\u00e8s de 40 ans. A plus de 80 ans, elle a gagn\u00e9 plusieurs concours en piscine. Elle aimait aussi beaucoup la neige et les jeux de cartes. Grand-m\u00e8re de 7 petits-enfants et de 4 arri\u00e8re-petits-enfants, c\u2019est une autre figure locale qui disparait \u00e0 nouveau apr\u00e8s le d\u00e9c\u00e8s de son \u00e9poux en 2020. Marie-Th\u00e9r\u00e8se s&rsquo;est \u00e9teinte \u00e0 l\u2019EHPAD L\u00e9a Andr\u00e9 o\u00f9 elle r\u00e9sidait depuis 2018. Les obs\u00e8ques auront lieu samedi 31 janvier \u00e0 14h30 en l\u2019\u00e9glise de G\u00e9rardmer.\u00a0 <\/span><\/p>\n<p><span style=\"color: #000000;\">Nos sinc\u00e8res condol\u00e9ances.<\/span><\/p>\n<p>&nbsp;<\/p>\n","protected":false},"excerpt":{"rendered":"<p>C\u2019est avec peine que nous avons appris le d\u00e9c\u00e8s de Marie-Th\u00e9r\u00e8se Grossier, survenu le 26 janvier \u00e0 l\u2019\u00e2ge de 97 [&hellip;]<\/p>\n","protected":false},"author":42,"featured_media":87364,"comment_status":"open","ping_status":"open","sticky":false,"template":"","format":"standard","meta":{"footnotes":""},"categories":[20,36,5647],"tags":[],"class_list":["post-87363","post","type-post","status-publish","format-standard","has-post-thumbnail","hentry","category-a-la-une","category-avis-de-deces","category-gerardmer-autres-sites"],"acf":[],"yoast_head":"<!-- This site is optimized with the Yoast SEO plugin v22.5 - https:\/\/yoast.com\/wordpress\/plugins\/seo\/ -->\n<title>Marie-Th\u00e9r\u00e8se Grossier nous a quitt\u00e9s - Gerardmer Info<\/title>\n<meta name=\"robots\" content=\"index, follow, max-snippet:-1, max-image-preview:large, max-video-preview:-1\" \/>\n<link rel=\"canonical\" href=\"https:\/\/vosgesinfo.fr\/gerardmerinfo\/2026\/01\/marie-therese-grossier-nous-a-quittes\/\" \/>\n<meta name=\"twitter:card\" content=\"summary_large_image\" \/>\n<meta name=\"twitter:title\" content=\"Marie-Th\u00e9r\u00e8se Grossier nous a quitt\u00e9s - Gerardmer Info\" \/>\n<meta name=\"twitter:description\" content=\"C\u2019est avec peine que nous avons appris le d\u00e9c\u00e8s de Marie-Th\u00e9r\u00e8se Grossier, survenu le 26 janvier \u00e0 l\u2019\u00e2ge de 97 [&hellip;]\" \/>\n<meta name=\"twitter:image\" content=\"https:\/\/vosgesinfo.fr\/app\/uploads\/sites\/6\/2026\/01\/madame-grossier.jpg\" \/>\n<meta name=\"twitter:creator\" content=\"@VosgesInfo88\" \/>\n<meta name=\"twitter:site\" content=\"@VosgesInfo88\" \/>\n<meta name=\"twitter:label1\" content=\"\u00c9crit par\" \/>\n\t<meta name=\"twitter:data1\" content=\"QG\" \/>\n\t<meta name=\"twitter:label2\" content=\"Dur\u00e9e de lecture estim\u00e9e\" \/>\n\t<meta name=\"twitter:data2\" content=\"2 minutes\" \/>\n<script type=\"application\/ld+json\" class=\"yoast-schema-graph\">{\"@context\":\"https:\/\/schema.org\",\"@graph\":[{\"@type\":\"Article\",\"@id\":\"https:\/\/vosgesinfo.fr\/gerardmerinfo\/2026\/01\/marie-therese-grossier-nous-a-quittes\/#article\",\"isPartOf\":{\"@id\":\"https:\/\/vosgesinfo.fr\/gerardmerinfo\/2026\/01\/marie-therese-grossier-nous-a-quittes\/\"},\"author\":{\"name\":\"QG\",\"@id\":\"https:\/\/vosgesinfo.fr\/gerardmerinfo\/#\/schema\/person\/db5605779a843dad16b5368f3e7613a5\"},\"headline\":\"Marie-Th\u00e9r\u00e8se Grossier nous a quitt\u00e9s\",\"datePublished\":\"2026-01-27T11:02:09+00:00\",\"dateModified\":\"2026-01-27T11:51:15+00:00\",\"mainEntityOfPage\":{\"@id\":\"https:\/\/vosgesinfo.fr\/gerardmerinfo\/2026\/01\/marie-therese-grossier-nous-a-quittes\/\"},\"wordCount\":268,\"commentCount\":11,\"publisher\":{\"@id\":\"https:\/\/vosgesinfo.fr\/gerardmerinfo\/#organization\"},\"image\":{\"@id\":\"https:\/\/vosgesinfo.fr\/gerardmerinfo\/2026\/01\/marie-therese-grossier-nous-a-quittes\/#primaryimage\"},\"thumbnailUrl\":\"https:\/\/vosgesinfo.fr\/app\/uploads\/sites\/6\/2026\/01\/madame-grossier.jpg\",\"articleSection\":[\"A la une\",\"Avis de d\u00e9c\u00e8s\",\"Gerardmer\"],\"inLanguage\":\"fr-FR\",\"potentialAction\":[{\"@type\":\"CommentAction\",\"name\":\"Comment\",\"target\":[\"https:\/\/vosgesinfo.fr\/gerardmerinfo\/2026\/01\/marie-therese-grossier-nous-a-quittes\/#respond\"]}]},{\"@type\":\"WebPage\",\"@id\":\"https:\/\/vosgesinfo.fr\/gerardmerinfo\/2026\/01\/marie-therese-grossier-nous-a-quittes\/\",\"url\":\"https:\/\/vosgesinfo.fr\/gerardmerinfo\/2026\/01\/marie-therese-grossier-nous-a-quittes\/\",\"name\":\"Marie-Th\u00e9r\u00e8se Grossier nous a quitt\u00e9s - Gerardmer Info\",\"isPartOf\":{\"@id\":\"https:\/\/vosgesinfo.fr\/gerardmerinfo\/#website\"},\"primaryImageOfPage\":{\"@id\":\"https:\/\/vosgesinfo.fr\/gerardmerinfo\/2026\/01\/marie-therese-grossier-nous-a-quittes\/#primaryimage\"},\"image\":{\"@id\":\"https:\/\/vosgesinfo.fr\/gerardmerinfo\/2026\/01\/marie-therese-grossier-nous-a-quittes\/#primaryimage\"},\"thumbnailUrl\":\"https:\/\/vosgesinfo.fr\/app\/uploads\/sites\/6\/2026\/01\/madame-grossier.jpg\",\"datePublished\":\"2026-01-27T11:02:09+00:00\",\"dateModified\":\"2026-01-27T11:51:15+00:00\",\"breadcrumb\":{\"@id\":\"https:\/\/vosgesinfo.fr\/gerardmerinfo\/2026\/01\/marie-therese-grossier-nous-a-quittes\/#breadcrumb\"},\"inLanguage\":\"fr-FR\",\"potentialAction\":[{\"@type\":\"ReadAction\",\"target\":[\"https:\/\/vosgesinfo.fr\/gerardmerinfo\/2026\/01\/marie-therese-grossier-nous-a-quittes\/\"]}]},{\"@type\":\"ImageObject\",\"inLanguage\":\"fr-FR\",\"@id\":\"https:\/\/vosgesinfo.fr\/gerardmerinfo\/2026\/01\/marie-therese-grossier-nous-a-quittes\/#primaryimage\",\"url\":\"https:\/\/vosgesinfo.fr\/app\/uploads\/sites\/6\/2026\/01\/madame-grossier.jpg\",\"contentUrl\":\"https:\/\/vosgesinfo.fr\/app\/uploads\/sites\/6\/2026\/01\/madame-grossier.jpg\",\"width\":404,\"height\":564},{\"@type\":\"BreadcrumbList\",\"@id\":\"https:\/\/vosgesinfo.fr\/gerardmerinfo\/2026\/01\/marie-therese-grossier-nous-a-quittes\/#breadcrumb\",\"itemListElement\":[{\"@type\":\"ListItem\",\"position\":1,\"name\":\"Home\",\"item\":\"https:\/\/vosgesinfo.fr\/gerardmerinfo\/\"},{\"@type\":\"ListItem\",\"position\":2,\"name\":\"Marie-Th\u00e9r\u00e8se Grossier nous a quitt\u00e9s\"}]},{\"@type\":\"WebSite\",\"@id\":\"https:\/\/vosgesinfo.fr\/gerardmerinfo\/#website\",\"url\":\"https:\/\/vosgesinfo.fr\/gerardmerinfo\/\",\"name\":\"Gerardmer Info\",\"description\":\"Toute l&#039;actualit\u00e9 de G\u00e9rardmer\",\"publisher\":{\"@id\":\"https:\/\/vosgesinfo.fr\/gerardmerinfo\/#organization\"},\"alternateName\":\"Toute l'actualit\u00e9 de G\u00e9rardmer\",\"potentialAction\":[{\"@type\":\"SearchAction\",\"target\":{\"@type\":\"EntryPoint\",\"urlTemplate\":\"https:\/\/vosgesinfo.fr\/gerardmerinfo\/?s={search_term_string}\"},\"query-input\":\"required name=search_term_string\"}],\"inLanguage\":\"fr-FR\"},{\"@type\":\"Organization\",\"@id\":\"https:\/\/vosgesinfo.fr\/gerardmerinfo\/#organization\",\"name\":\"Gerardmer Info\",\"url\":\"https:\/\/vosgesinfo.fr\/gerardmerinfo\/\",\"logo\":{\"@type\":\"ImageObject\",\"inLanguage\":\"fr-FR\",\"@id\":\"https:\/\/vosgesinfo.fr\/gerardmerinfo\/#\/schema\/logo\/image\/\",\"url\":\"https:\/\/vosgesinfo.fr\/app\/uploads\/sites\/6\/2023\/08\/favicon-gerardmerinfo.png\",\"contentUrl\":\"https:\/\/vosgesinfo.fr\/app\/uploads\/sites\/6\/2023\/08\/favicon-gerardmerinfo.png\",\"width\":512,\"height\":512,\"caption\":\"Gerardmer Info\"},\"image\":{\"@id\":\"https:\/\/vosgesinfo.fr\/gerardmerinfo\/#\/schema\/logo\/image\/\"},\"sameAs\":[\"https:\/\/www.facebook.com\/profile.php?id=100049475262660\",\"https:\/\/x.com\/VosgesInfo88\",\"https:\/\/www.youtube.com\/@vosgesinfo\"]},{\"@type\":\"Person\",\"@id\":\"https:\/\/vosgesinfo.fr\/gerardmerinfo\/#\/schema\/person\/db5605779a843dad16b5368f3e7613a5\",\"name\":\"QG\",\"image\":{\"@type\":\"ImageObject\",\"inLanguage\":\"fr-FR\",\"@id\":\"https:\/\/vosgesinfo.fr\/gerardmerinfo\/#\/schema\/person\/image\/\",\"url\":\"https:\/\/secure.gravatar.com\/avatar\/ea80c42c204b534408512832fde52504ecabb9706bcb6151cf6175e5b64e6793?s=96&d=mm&r=g\",\"contentUrl\":\"https:\/\/secure.gravatar.com\/avatar\/ea80c42c204b534408512832fde52504ecabb9706bcb6151cf6175e5b64e6793?s=96&d=mm&r=g\",\"caption\":\"QG\"},\"url\":\"https:\/\/vosgesinfo.fr\/gerardmerinfo\/author\/quentin88\/\"}]}<\/script>\n<!-- \/ Yoast SEO plugin. -->","yoast_head_json":{"title":"Marie-Th\u00e9r\u00e8se Grossier nous a quitt\u00e9s - Gerardmer Info","robots":{"index":"index","follow":"follow","max-snippet":"max-snippet:-1","max-image-preview":"max-image-preview:large","max-video-preview":"max-video-preview:-1"},"canonical":"https:\/\/vosgesinfo.fr\/gerardmerinfo\/2026\/01\/marie-therese-grossier-nous-a-quittes\/","twitter_card":"summary_large_image","twitter_title":"Marie-Th\u00e9r\u00e8se Grossier nous a quitt\u00e9s - Gerardmer Info","twitter_description":"C\u2019est avec peine que nous avons appris le d\u00e9c\u00e8s de Marie-Th\u00e9r\u00e8se Grossier, survenu le 26 janvier \u00e0 l\u2019\u00e2ge de 97 [&hellip;]","twitter_image":"https:\/\/vosgesinfo.fr\/app\/uploads\/sites\/6\/2026\/01\/madame-grossier.jpg","twitter_creator":"@VosgesInfo88","twitter_site":"@VosgesInfo88","twitter_misc":{"\u00c9crit par":"QG","Dur\u00e9e de lecture estim\u00e9e":"2 minutes"},"schema":{"@context":"https:\/\/schema.org","@graph":[{"@type":"Article","@id":"https:\/\/vosgesinfo.fr\/gerardmerinfo\/2026\/01\/marie-therese-grossier-nous-a-quittes\/#article","isPartOf":{"@id":"https:\/\/vosgesinfo.fr\/gerardmerinfo\/2026\/01\/marie-therese-grossier-nous-a-quittes\/"},"author":{"name":"QG","@id":"https:\/\/vosgesinfo.fr\/gerardmerinfo\/#\/schema\/person\/db5605779a843dad16b5368f3e7613a5"},"headline":"Marie-Th\u00e9r\u00e8se Grossier nous a quitt\u00e9s","datePublished":"2026-01-27T11:02:09+00:00","dateModified":"2026-01-27T11:51:15+00:00","mainEntityOfPage":{"@id":"https:\/\/vosgesinfo.fr\/gerardmerinfo\/2026\/01\/marie-therese-grossier-nous-a-quittes\/"},"wordCount":268,"commentCount":11,"publisher":{"@id":"https:\/\/vosgesinfo.fr\/gerardmerinfo\/#organization"},"image":{"@id":"https:\/\/vosgesinfo.fr\/gerardmerinfo\/2026\/01\/marie-therese-grossier-nous-a-quittes\/#primaryimage"},"thumbnailUrl":"https:\/\/vosgesinfo.fr\/app\/uploads\/sites\/6\/2026\/01\/madame-grossier.jpg","articleSection":["A la une","Avis de d\u00e9c\u00e8s","Gerardmer"],"inLanguage":"fr-FR","potentialAction":[{"@type":"CommentAction","name":"Comment","target":["https:\/\/vosgesinfo.fr\/gerardmerinfo\/2026\/01\/marie-therese-grossier-nous-a-quittes\/#respond"]}]},{"@type":"WebPage","@id":"https:\/\/vosgesinfo.fr\/gerardmerinfo\/2026\/01\/marie-therese-grossier-nous-a-quittes\/","url":"https:\/\/vosgesinfo.fr\/gerardmerinfo\/2026\/01\/marie-therese-grossier-nous-a-quittes\/","name":"Marie-Th\u00e9r\u00e8se Grossier nous a quitt\u00e9s - Gerardmer Info","isPartOf":{"@id":"https:\/\/vosgesinfo.fr\/gerardmerinfo\/#website"},"primaryImageOfPage":{"@id":"https:\/\/vosgesinfo.fr\/gerardmerinfo\/2026\/01\/marie-therese-grossier-nous-a-quittes\/#primaryimage"},"image":{"@id":"https:\/\/vosgesinfo.fr\/gerardmerinfo\/2026\/01\/marie-therese-grossier-nous-a-quittes\/#primaryimage"},"thumbnailUrl":"https:\/\/vosgesinfo.fr\/app\/uploads\/sites\/6\/2026\/01\/madame-grossier.jpg","datePublished":"2026-01-27T11:02:09+00:00","dateModified":"2026-01-27T11:51:15+00:00","breadcrumb":{"@id":"https:\/\/vosgesinfo.fr\/gerardmerinfo\/2026\/01\/marie-therese-grossier-nous-a-quittes\/#breadcrumb"},"inLanguage":"fr-FR","potentialAction":[{"@type":"ReadAction","target":["https:\/\/vosgesinfo.fr\/gerardmerinfo\/2026\/01\/marie-therese-grossier-nous-a-quittes\/"]}]},{"@type":"ImageObject","inLanguage":"fr-FR","@id":"https:\/\/vosgesinfo.fr\/gerardmerinfo\/2026\/01\/marie-therese-grossier-nous-a-quittes\/#primaryimage","url":"https:\/\/vosgesinfo.fr\/app\/uploads\/sites\/6\/2026\/01\/madame-grossier.jpg","contentUrl":"https:\/\/vosgesinfo.fr\/app\/uploads\/sites\/6\/2026\/01\/madame-grossier.jpg","width":404,"height":564},{"@type":"BreadcrumbList","@id":"https:\/\/vosgesinfo.fr\/gerardmerinfo\/2026\/01\/marie-therese-grossier-nous-a-quittes\/#breadcrumb","itemListElement":[{"@type":"ListItem","position":1,"name":"Home","item":"https:\/\/vosgesinfo.fr\/gerardmerinfo\/"},{"@type":"ListItem","position":2,"name":"Marie-Th\u00e9r\u00e8se Grossier nous a quitt\u00e9s"}]},{"@type":"WebSite","@id":"https:\/\/vosgesinfo.fr\/gerardmerinfo\/#website","url":"https:\/\/vosgesinfo.fr\/gerardmerinfo\/","name":"Gerardmer Info","description":"Toute l&#039;actualit\u00e9 de G\u00e9rardmer","publisher":{"@id":"https:\/\/vosgesinfo.fr\/gerardmerinfo\/#organization"},"alternateName":"Toute l'actualit\u00e9 de G\u00e9rardmer","potentialAction":[{"@type":"SearchAction","target":{"@type":"EntryPoint","urlTemplate":"https:\/\/vosgesinfo.fr\/gerardmerinfo\/?s={search_term_string}"},"query-input":"required name=search_term_string"}],"inLanguage":"fr-FR"},{"@type":"Organization","@id":"https:\/\/vosgesinfo.fr\/gerardmerinfo\/#organization","name":"Gerardmer Info","url":"https:\/\/vosgesinfo.fr\/gerardmerinfo\/","logo":{"@type":"ImageObject","inLanguage":"fr-FR","@id":"https:\/\/vosgesinfo.fr\/gerardmerinfo\/#\/schema\/logo\/image\/","url":"https:\/\/vosgesinfo.fr\/app\/uploads\/sites\/6\/2023\/08\/favicon-gerardmerinfo.png","contentUrl":"https:\/\/vosgesinfo.fr\/app\/uploads\/sites\/6\/2023\/08\/favicon-gerardmerinfo.png","width":512,"height":512,"caption":"Gerardmer Info"},"image":{"@id":"https:\/\/vosgesinfo.fr\/gerardmerinfo\/#\/schema\/logo\/image\/"},"sameAs":["https:\/\/www.facebook.com\/profile.php?id=100049475262660","https:\/\/x.com\/VosgesInfo88","https:\/\/www.youtube.com\/@vosgesinfo"]},{"@type":"Person","@id":"https:\/\/vosgesinfo.fr\/gerardmerinfo\/#\/schema\/person\/db5605779a843dad16b5368f3e7613a5","name":"QG","image":{"@type":"ImageObject","inLanguage":"fr-FR","@id":"https:\/\/vosgesinfo.fr\/gerardmerinfo\/#\/schema\/person\/image\/","url":"https:\/\/secure.gravatar.com\/avatar\/ea80c42c204b534408512832fde52504ecabb9706bcb6151cf6175e5b64e6793?s=96&d=mm&r=g","contentUrl":"https:\/\/secure.gravatar.com\/avatar\/ea80c42c204b534408512832fde52504ecabb9706bcb6151cf6175e5b64e6793?s=96&d=mm&r=g","caption":"QG"},"url":"https:\/\/vosgesinfo.fr\/gerardmerinfo\/author\/quentin88\/"}]}},"_links":{"self":[{"href":"https:\/\/vosgesinfo.fr\/gerardmerinfo\/wp-json\/wp\/v2\/posts\/87363","targetHints":{"allow":["GET"]}}],"collection":[{"href":"https:\/\/vosgesinfo.fr\/gerardmerinfo\/wp-json\/wp\/v2\/posts"}],"about":[{"href":"https:\/\/vosgesinfo.fr\/gerardmerinfo\/wp-json\/wp\/v2\/types\/post"}],"author":[{"embeddable":true,"href":"https:\/\/vosgesinfo.fr\/gerardmerinfo\/wp-json\/wp\/v2\/users\/42"}],"replies":[{"embeddable":true,"href":"https:\/\/vosgesinfo.fr\/gerardmerinfo\/wp-json\/wp\/v2\/comments?post=87363"}],"version-history":[{"count":3,"href":"https:\/\/vosgesinfo.fr\/gerardmerinfo\/wp-json\/wp\/v2\/posts\/87363\/revisions"}],"predecessor-version":[{"id":87372,"href":"https:\/\/vosgesinfo.fr\/gerardmerinfo\/wp-json\/wp\/v2\/posts\/87363\/revisions\/87372"}],"wp:featuredmedia":[{"embeddable":true,"href":"https:\/\/vosgesinfo.fr\/gerardmerinfo\/wp-json\/wp\/v2\/media\/87364"}],"wp:attachment":[{"href":"https:\/\/vosgesinfo.fr\/gerardmerinfo\/wp-json\/wp\/v2\/media?parent=87363"}],"wp:term":[{"taxonomy":"category","embeddable":true,"href":"https:\/\/vosgesinfo.fr\/gerardmerinfo\/wp-json\/wp\/v2\/categories?post=87363"},{"taxonomy":"post_tag","embeddable":true,"href":"https:\/\/vosgesinfo.fr\/gerardmerinfo\/wp-json\/wp\/v2\/tags?post=87363"}],"curies":[{"name":"wp","href":"https:\/\/api.w.org\/{rel}","templated":true}]}}