{"id":87383,"date":"2026-01-27T15:39:52","date_gmt":"2026-01-27T14:39:52","guid":{"rendered":"https:\/\/vosgesinfo.fr\/gerardmerinfo\/2026\/01\/commission-dagrement-je-vois-la-vie-en-vosges-terroir-une-premiere-session-2026-placee-sous-le-signe-de-lexcellence\/"},"modified":"2026-01-27T15:39:52","modified_gmt":"2026-01-27T14:39:52","slug":"commission-dagrement-je-vois-la-vie-en-vosges-terroir-une-premiere-session-2026-placee-sous-le-signe-de-lexcellence","status":"publish","type":"post","link":"https:\/\/vosgesinfo.fr\/gerardmerinfo\/2026\/01\/commission-dagrement-je-vois-la-vie-en-vosges-terroir-une-premiere-session-2026-placee-sous-le-signe-de-lexcellence\/","title":{"rendered":"Commission d\u2019agr\u00e9ment \u00ab Je Vois la Vie en Vosges Terroir \u00bb : une premi\u00e8re session 2026 plac\u00e9e sous le signe de l\u2019excellence"},"content":{"rendered":"<h2 data-start=\"307\" data-end=\"620\"><a href=\"https:\/\/vosgesinfo.fr\/app\/uploads\/sites\/3\/2026\/01\/je-vois-la-vie-en-vosges-terroir2.jpg\"><img decoding=\"async\" class=\"aligncenter size-large wp-image-139239\" src=\"https:\/\/vosgesinfo.fr\/app\/uploads\/sites\/3\/2026\/01\/je-vois-la-vie-en-vosges-terroir2-1024x768.jpg\" alt=\"\" width=\"1024\" height=\"768\" \/><\/a>La premi\u00e8re commission d\u2019agr\u00e9ment 2026 du r\u00e9seau <strong data-start=\"356\" data-end=\"396\">\u00ab Je Vois la Vie en Vosges Terroir \u00bb<\/strong> s\u2019est tenue ce <strong data-start=\"412\" data-end=\"432\">lundi 26 janvier<\/strong> au <strong data-start=\"436\" data-end=\"470\">restaurant Saint-Jean \u00e0 \u00c9pinal<\/strong>. Un rendez-vous majeur pour la valorisation des produits locaux vosgiens, organis\u00e9 dans un lieu embl\u00e9matique, lui-m\u00eame r\u00e9cemment agr\u00e9\u00e9 par le r\u00e9seau.<\/h2>\n<p data-start=\"622\" data-end=\"978\">Plac\u00e9e sous la pr\u00e9sidence de <strong data-start=\"651\" data-end=\"669\">Sophie L\u2019Etang<\/strong>, professeure de cuisine au lyc\u00e9e Camille Claudel de Remiremont, cette commission a r\u00e9uni pr\u00e8s de <strong data-start=\"767\" data-end=\"785\">quarante jur\u00e9s<\/strong> : professionnels de la fili\u00e8re alimentaire, producteurs, \u00e9l\u00e8ves en formation agricole et consommateurs avertis. Tous ont d\u00e9gust\u00e9 avec rigueur et passion <strong data-start=\"939\" data-end=\"977\">77 produits candidats \u00e0 l\u2019agr\u00e9ment<\/strong>.<\/p>\n<h4 data-start=\"980\" data-end=\"1035\">Une vitrine de la richesse gastronomique vosgienne<\/h4>\n<p data-start=\"1037\" data-end=\"1078\">Cette \u00e9dition 2026 s\u2019est distingu\u00e9e par :<\/p>\n<ul data-start=\"1079\" data-end=\"1410\">\n<li data-start=\"1079\" data-end=\"1186\">\n<p data-start=\"1081\" data-end=\"1186\"><strong data-start=\"1081\" data-end=\"1117\">une grande diversit\u00e9 de produits<\/strong>, reflet du savoir-faire et de la cr\u00e9ativit\u00e9 des producteurs locaux ;<\/p>\n<\/li>\n<li data-start=\"1187\" data-end=\"1298\">\n<p data-start=\"1189\" data-end=\"1298\"><strong data-start=\"1189\" data-end=\"1217\">de nombreuses nouveaut\u00e9s<\/strong>, d\u00e9velopp\u00e9es par les exploitations et ateliers de transformation du territoire ;<\/p>\n<\/li>\n<li data-start=\"1299\" data-end=\"1410\">\n<p data-start=\"1301\" data-end=\"1410\"><strong data-start=\"1301\" data-end=\"1335\">un tr\u00e8s haut niveau de qualit\u00e9<\/strong>, avec une <strong data-start=\"1346\" data-end=\"1377\">moyenne g\u00e9n\u00e9rale de 15,4\/20<\/strong>, confirmant l\u2019exigence du label.<\/p>\n<\/li>\n<\/ul>\n<p data-start=\"1412\" data-end=\"1669\">Produits laitiers, viandes, charcuteries, plats cuisin\u00e9s, boissons ferment\u00e9es, bi\u00e8res, confiseries, liqueurs ou encore produits \u00e0 base de plantes : l\u2019ensemble des d\u00e9gustations a mis en lumi\u00e8re la vitalit\u00e9 et la capacit\u00e9 d\u2019innovation des fili\u00e8res vosgiennes.<\/p>\n<h4 data-start=\"1671\" data-end=\"1715\">Des m\u00e9dailles et des agr\u00e9ments d\u00e9cern\u00e9s<\/h4>\n<p data-start=\"1717\" data-end=\"2070\">\u00c0 l\u2019issue des d\u00e9lib\u00e9rations, de nombreux produits ont obtenu le pr\u00e9cieux agr\u00e9ment \u00ab Je Vois la Vie en Vosges Terroir \u00bb, certains \u00e9tant \u00e9galement distingu\u00e9s par des <strong data-start=\"1881\" data-end=\"1922\">m\u00e9dailles d\u2019or, d\u2019argent ou de bronze<\/strong>. Ces reconnaissances attestent du respect des crit\u00e8res du label : origine vosgienne, qualit\u00e9 gustative, authenticit\u00e9 et engagement des producteurs.<\/p>\n<p data-start=\"2072\" data-end=\"2252\">Les r\u00e9sultats complets des produits agr\u00e9\u00e9s et m\u00e9daill\u00e9s t\u00e9moignent de la mont\u00e9e en gamme constante du r\u00e9seau, qui continue d\u2019\u00e9largir son offre tout en restant fid\u00e8le \u00e0 ses valeurs.<\/p>\n<h4 data-start=\"2254\" data-end=\"2300\">Un accueil salu\u00e9 au restaurant Saint-Jean<\/h4>\n<p data-start=\"2302\" data-end=\"2570\">Les jur\u00e9s ont \u00e9t\u00e9 accueillis au <strong data-start=\"2334\" data-end=\"2368\">restaurant Saint-Jean \u00e0 \u00c9pinal<\/strong>, l\u2019occasion de c\u00e9l\u00e9brer la <strong data-start=\"2396\" data-end=\"2425\">premi\u00e8re ann\u00e9e d\u2019agr\u00e9ment<\/strong> de l\u2019\u00e9tablissement au sein du r\u00e9seau. Un moment convivial, \u00e0 l\u2019image de l\u2019esprit \u00ab Vosges Terroir \u00bb, qui a contribu\u00e9 au succ\u00e8s de cette journ\u00e9e.<\/p>\n<p data-start=\"2302\" data-end=\"2570\"><a href=\"https:\/\/vosgesinfo.fr\/app\/uploads\/sites\/3\/2026\/01\/capture-decran-2026-01-27-153808.jpg\"><img decoding=\"async\" class=\"aligncenter size-full wp-image-139273\" src=\"https:\/\/vosgesinfo.fr\/app\/uploads\/sites\/3\/2026\/01\/capture-decran-2026-01-27-153808.jpg\" alt=\"\" width=\"764\" height=\"851\" \/><\/a> <a href=\"https:\/\/vosgesinfo.fr\/app\/uploads\/sites\/3\/2026\/01\/capture-decran-2026-01-658467-153834.jpg\"><img decoding=\"async\" class=\"aligncenter size-large wp-image-139274\" src=\"https:\/\/vosgesinfo.fr\/app\/uploads\/sites\/3\/2026\/01\/capture-decran-2026-01-658467-153834.jpg\" alt=\"\" width=\"780\" height=\"464\" \/><\/a><\/p>\n","protected":false},"excerpt":{"rendered":"<p>La premi\u00e8re commission d\u2019agr\u00e9ment 2026 du r\u00e9seau \u00ab Je Vois la Vie en Vosges Terroir \u00bb s\u2019est tenue ce lundi [&hellip;]<\/p>\n","protected":false},"author":52,"featured_media":87384,"comment_status":"open","ping_status":"open","sticky":false,"template":"","format":"standard","meta":{"footnotes":""},"categories":[20,23,878,25,328,868,946],"tags":[],"class_list":["post-87383","post","type-post","status-publish","format-standard","has-post-thumbnail","hentry","category-a-la-une","category-agriculture","category-epinal","category-gerardmer","category-la-plaine-des-vosges","category-remiremont","category-saint-die"],"acf":[],"yoast_head":"<!-- This site is optimized with the Yoast SEO plugin v22.5 - https:\/\/yoast.com\/wordpress\/plugins\/seo\/ -->\n<title>Commission d\u2019agr\u00e9ment \u00ab Je Vois la Vie en Vosges Terroir \u00bb : une premi\u00e8re session 2026 plac\u00e9e sous le signe de l\u2019excellence - Gerardmer Info<\/title>\n<meta name=\"robots\" content=\"index, follow, max-snippet:-1, max-image-preview:large, max-video-preview:-1\" \/>\n<link rel=\"canonical\" href=\"https:\/\/vosgesinfo.fr\/gerardmerinfo\/2026\/01\/commission-dagrement-je-vois-la-vie-en-vosges-terroir-une-premiere-session-2026-placee-sous-le-signe-de-lexcellence\/\" \/>\n<meta name=\"twitter:card\" content=\"summary_large_image\" \/>\n<meta name=\"twitter:title\" content=\"Commission d\u2019agr\u00e9ment \u00ab Je Vois la Vie en Vosges Terroir \u00bb : une premi\u00e8re session 2026 plac\u00e9e sous le signe de l\u2019excellence - Gerardmer Info\" \/>\n<meta name=\"twitter:description\" content=\"La premi\u00e8re commission d\u2019agr\u00e9ment 2026 du r\u00e9seau \u00ab Je Vois la Vie en Vosges Terroir \u00bb s\u2019est tenue ce lundi [&hellip;]\" \/>\n<meta name=\"twitter:image\" content=\"https:\/\/vosgesinfo.fr\/app\/uploads\/sites\/6\/2026\/01\/sans-titre-7.jpg\" \/>\n<meta name=\"twitter:creator\" content=\"@VosgesInfo88\" \/>\n<meta name=\"twitter:site\" content=\"@VosgesInfo88\" \/>\n<meta name=\"twitter:label1\" content=\"\u00c9crit par\" \/>\n\t<meta name=\"twitter:data1\" content=\"C.K.\" \/>\n\t<meta name=\"twitter:label2\" content=\"Dur\u00e9e de lecture estim\u00e9e\" \/>\n\t<meta name=\"twitter:data2\" content=\"2 minutes\" \/>\n<script type=\"application\/ld+json\" class=\"yoast-schema-graph\">{\"@context\":\"https:\/\/schema.org\",\"@graph\":[{\"@type\":\"Article\",\"@id\":\"https:\/\/vosgesinfo.fr\/gerardmerinfo\/2026\/01\/commission-dagrement-je-vois-la-vie-en-vosges-terroir-une-premiere-session-2026-placee-sous-le-signe-de-lexcellence\/#article\",\"isPartOf\":{\"@id\":\"https:\/\/vosgesinfo.fr\/gerardmerinfo\/2026\/01\/commission-dagrement-je-vois-la-vie-en-vosges-terroir-une-premiere-session-2026-placee-sous-le-signe-de-lexcellence\/\"},\"author\":{\"name\":\"C.K.\",\"@id\":\"https:\/\/vosgesinfo.fr\/gerardmerinfo\/#\/schema\/person\/6f9a650eeea99d969b6c4ab78fccbe81\"},\"headline\":\"Commission d\u2019agr\u00e9ment \u00ab Je Vois la Vie en Vosges Terroir \u00bb : une premi\u00e8re session 2026 plac\u00e9e sous le signe de l\u2019excellence\",\"datePublished\":\"2026-01-27T14:39:52+00:00\",\"dateModified\":\"2026-01-27T14:39:52+00:00\",\"mainEntityOfPage\":{\"@id\":\"https:\/\/vosgesinfo.fr\/gerardmerinfo\/2026\/01\/commission-dagrement-je-vois-la-vie-en-vosges-terroir-une-premiere-session-2026-placee-sous-le-signe-de-lexcellence\/\"},\"wordCount\":403,\"commentCount\":0,\"publisher\":{\"@id\":\"https:\/\/vosgesinfo.fr\/gerardmerinfo\/#organization\"},\"image\":{\"@id\":\"https:\/\/vosgesinfo.fr\/gerardmerinfo\/2026\/01\/commission-dagrement-je-vois-la-vie-en-vosges-terroir-une-premiere-session-2026-placee-sous-le-signe-de-lexcellence\/#primaryimage\"},\"thumbnailUrl\":\"https:\/\/vosgesinfo.fr\/app\/uploads\/sites\/6\/2026\/01\/sans-titre-7.jpg\",\"articleSection\":[\"A la une\",\"agriculture\",\"Epinal\",\"G\u00e9rardmer\",\"La plaine des vosges\",\"Remiremont\",\"Saint-di\u00e9\"],\"inLanguage\":\"fr-FR\",\"potentialAction\":[{\"@type\":\"CommentAction\",\"name\":\"Comment\",\"target\":[\"https:\/\/vosgesinfo.fr\/gerardmerinfo\/2026\/01\/commission-dagrement-je-vois-la-vie-en-vosges-terroir-une-premiere-session-2026-placee-sous-le-signe-de-lexcellence\/#respond\"]}]},{\"@type\":\"WebPage\",\"@id\":\"https:\/\/vosgesinfo.fr\/gerardmerinfo\/2026\/01\/commission-dagrement-je-vois-la-vie-en-vosges-terroir-une-premiere-session-2026-placee-sous-le-signe-de-lexcellence\/\",\"url\":\"https:\/\/vosgesinfo.fr\/gerardmerinfo\/2026\/01\/commission-dagrement-je-vois-la-vie-en-vosges-terroir-une-premiere-session-2026-placee-sous-le-signe-de-lexcellence\/\",\"name\":\"Commission d\u2019agr\u00e9ment \u00ab Je Vois la Vie en Vosges Terroir \u00bb : une premi\u00e8re session 2026 plac\u00e9e sous le signe de l\u2019excellence - Gerardmer Info\",\"isPartOf\":{\"@id\":\"https:\/\/vosgesinfo.fr\/gerardmerinfo\/#website\"},\"primaryImageOfPage\":{\"@id\":\"https:\/\/vosgesinfo.fr\/gerardmerinfo\/2026\/01\/commission-dagrement-je-vois-la-vie-en-vosges-terroir-une-premiere-session-2026-placee-sous-le-signe-de-lexcellence\/#primaryimage\"},\"image\":{\"@id\":\"https:\/\/vosgesinfo.fr\/gerardmerinfo\/2026\/01\/commission-dagrement-je-vois-la-vie-en-vosges-terroir-une-premiere-session-2026-placee-sous-le-signe-de-lexcellence\/#primaryimage\"},\"thumbnailUrl\":\"https:\/\/vosgesinfo.fr\/app\/uploads\/sites\/6\/2026\/01\/sans-titre-7.jpg\",\"datePublished\":\"2026-01-27T14:39:52+00:00\",\"dateModified\":\"2026-01-27T14:39:52+00:00\",\"breadcrumb\":{\"@id\":\"https:\/\/vosgesinfo.fr\/gerardmerinfo\/2026\/01\/commission-dagrement-je-vois-la-vie-en-vosges-terroir-une-premiere-session-2026-placee-sous-le-signe-de-lexcellence\/#breadcrumb\"},\"inLanguage\":\"fr-FR\",\"potentialAction\":[{\"@type\":\"ReadAction\",\"target\":[\"https:\/\/vosgesinfo.fr\/gerardmerinfo\/2026\/01\/commission-dagrement-je-vois-la-vie-en-vosges-terroir-une-premiere-session-2026-placee-sous-le-signe-de-lexcellence\/\"]}]},{\"@type\":\"ImageObject\",\"inLanguage\":\"fr-FR\",\"@id\":\"https:\/\/vosgesinfo.fr\/gerardmerinfo\/2026\/01\/commission-dagrement-je-vois-la-vie-en-vosges-terroir-une-premiere-session-2026-placee-sous-le-signe-de-lexcellence\/#primaryimage\",\"url\":\"https:\/\/vosgesinfo.fr\/app\/uploads\/sites\/6\/2026\/01\/sans-titre-7.jpg\",\"contentUrl\":\"https:\/\/vosgesinfo.fr\/app\/uploads\/sites\/6\/2026\/01\/sans-titre-7.jpg\",\"width\":1440,\"height\":1080},{\"@type\":\"BreadcrumbList\",\"@id\":\"https:\/\/vosgesinfo.fr\/gerardmerinfo\/2026\/01\/commission-dagrement-je-vois-la-vie-en-vosges-terroir-une-premiere-session-2026-placee-sous-le-signe-de-lexcellence\/#breadcrumb\",\"itemListElement\":[{\"@type\":\"ListItem\",\"position\":1,\"name\":\"Home\",\"item\":\"https:\/\/vosgesinfo.fr\/gerardmerinfo\/\"},{\"@type\":\"ListItem\",\"position\":2,\"name\":\"Commission d\u2019agr\u00e9ment \u00ab Je Vois la Vie en Vosges Terroir \u00bb : une premi\u00e8re session 2026 plac\u00e9e sous le signe de l\u2019excellence\"}]},{\"@type\":\"WebSite\",\"@id\":\"https:\/\/vosgesinfo.fr\/gerardmerinfo\/#website\",\"url\":\"https:\/\/vosgesinfo.fr\/gerardmerinfo\/\",\"name\":\"Gerardmer Info\",\"description\":\"Toute l&#039;actualit\u00e9 de G\u00e9rardmer\",\"publisher\":{\"@id\":\"https:\/\/vosgesinfo.fr\/gerardmerinfo\/#organization\"},\"alternateName\":\"Toute l'actualit\u00e9 de G\u00e9rardmer\",\"potentialAction\":[{\"@type\":\"SearchAction\",\"target\":{\"@type\":\"EntryPoint\",\"urlTemplate\":\"https:\/\/vosgesinfo.fr\/gerardmerinfo\/?s={search_term_string}\"},\"query-input\":\"required name=search_term_string\"}],\"inLanguage\":\"fr-FR\"},{\"@type\":\"Organization\",\"@id\":\"https:\/\/vosgesinfo.fr\/gerardmerinfo\/#organization\",\"name\":\"Gerardmer Info\",\"url\":\"https:\/\/vosgesinfo.fr\/gerardmerinfo\/\",\"logo\":{\"@type\":\"ImageObject\",\"inLanguage\":\"fr-FR\",\"@id\":\"https:\/\/vosgesinfo.fr\/gerardmerinfo\/#\/schema\/logo\/image\/\",\"url\":\"https:\/\/vosgesinfo.fr\/app\/uploads\/sites\/6\/2023\/08\/favicon-gerardmerinfo.png\",\"contentUrl\":\"https:\/\/vosgesinfo.fr\/app\/uploads\/sites\/6\/2023\/08\/favicon-gerardmerinfo.png\",\"width\":512,\"height\":512,\"caption\":\"Gerardmer Info\"},\"image\":{\"@id\":\"https:\/\/vosgesinfo.fr\/gerardmerinfo\/#\/schema\/logo\/image\/\"},\"sameAs\":[\"https:\/\/www.facebook.com\/profile.php?id=100049475262660\",\"https:\/\/x.com\/VosgesInfo88\",\"https:\/\/www.youtube.com\/@vosgesinfo\"]},{\"@type\":\"Person\",\"@id\":\"https:\/\/vosgesinfo.fr\/gerardmerinfo\/#\/schema\/person\/6f9a650eeea99d969b6c4ab78fccbe81\",\"name\":\"C.K.\",\"image\":{\"@type\":\"ImageObject\",\"inLanguage\":\"fr-FR\",\"@id\":\"https:\/\/vosgesinfo.fr\/gerardmerinfo\/#\/schema\/person\/image\/\",\"url\":\"https:\/\/secure.gravatar.com\/avatar\/48e3fc7f8421ba8942be6b74a2b7f014ca39bc00dece156b7a8e098ae7dc87bf?s=96&d=mm&r=g\",\"contentUrl\":\"https:\/\/secure.gravatar.com\/avatar\/48e3fc7f8421ba8942be6b74a2b7f014ca39bc00dece156b7a8e098ae7dc87bf?s=96&d=mm&r=g\",\"caption\":\"C.K.\"},\"url\":\"https:\/\/vosgesinfo.fr\/gerardmerinfo\/author\/celia-k-n\/\"}]}<\/script>\n<!-- \/ Yoast SEO plugin. -->","yoast_head_json":{"title":"Commission d\u2019agr\u00e9ment \u00ab Je Vois la Vie en Vosges Terroir \u00bb : une premi\u00e8re session 2026 plac\u00e9e sous le signe de l\u2019excellence - Gerardmer Info","robots":{"index":"index","follow":"follow","max-snippet":"max-snippet:-1","max-image-preview":"max-image-preview:large","max-video-preview":"max-video-preview:-1"},"canonical":"https:\/\/vosgesinfo.fr\/gerardmerinfo\/2026\/01\/commission-dagrement-je-vois-la-vie-en-vosges-terroir-une-premiere-session-2026-placee-sous-le-signe-de-lexcellence\/","twitter_card":"summary_large_image","twitter_title":"Commission d\u2019agr\u00e9ment \u00ab Je Vois la Vie en Vosges Terroir \u00bb : une premi\u00e8re session 2026 plac\u00e9e sous le signe de l\u2019excellence - Gerardmer Info","twitter_description":"La premi\u00e8re commission d\u2019agr\u00e9ment 2026 du r\u00e9seau \u00ab Je Vois la Vie en Vosges Terroir \u00bb s\u2019est tenue ce lundi [&hellip;]","twitter_image":"https:\/\/vosgesinfo.fr\/app\/uploads\/sites\/6\/2026\/01\/sans-titre-7.jpg","twitter_creator":"@VosgesInfo88","twitter_site":"@VosgesInfo88","twitter_misc":{"\u00c9crit par":"C.K.","Dur\u00e9e de lecture estim\u00e9e":"2 minutes"},"schema":{"@context":"https:\/\/schema.org","@graph":[{"@type":"Article","@id":"https:\/\/vosgesinfo.fr\/gerardmerinfo\/2026\/01\/commission-dagrement-je-vois-la-vie-en-vosges-terroir-une-premiere-session-2026-placee-sous-le-signe-de-lexcellence\/#article","isPartOf":{"@id":"https:\/\/vosgesinfo.fr\/gerardmerinfo\/2026\/01\/commission-dagrement-je-vois-la-vie-en-vosges-terroir-une-premiere-session-2026-placee-sous-le-signe-de-lexcellence\/"},"author":{"name":"C.K.","@id":"https:\/\/vosgesinfo.fr\/gerardmerinfo\/#\/schema\/person\/6f9a650eeea99d969b6c4ab78fccbe81"},"headline":"Commission d\u2019agr\u00e9ment \u00ab Je Vois la Vie en Vosges Terroir \u00bb : une premi\u00e8re session 2026 plac\u00e9e sous le signe de l\u2019excellence","datePublished":"2026-01-27T14:39:52+00:00","dateModified":"2026-01-27T14:39:52+00:00","mainEntityOfPage":{"@id":"https:\/\/vosgesinfo.fr\/gerardmerinfo\/2026\/01\/commission-dagrement-je-vois-la-vie-en-vosges-terroir-une-premiere-session-2026-placee-sous-le-signe-de-lexcellence\/"},"wordCount":403,"commentCount":0,"publisher":{"@id":"https:\/\/vosgesinfo.fr\/gerardmerinfo\/#organization"},"image":{"@id":"https:\/\/vosgesinfo.fr\/gerardmerinfo\/2026\/01\/commission-dagrement-je-vois-la-vie-en-vosges-terroir-une-premiere-session-2026-placee-sous-le-signe-de-lexcellence\/#primaryimage"},"thumbnailUrl":"https:\/\/vosgesinfo.fr\/app\/uploads\/sites\/6\/2026\/01\/sans-titre-7.jpg","articleSection":["A la une","agriculture","Epinal","G\u00e9rardmer","La plaine des vosges","Remiremont","Saint-di\u00e9"],"inLanguage":"fr-FR","potentialAction":[{"@type":"CommentAction","name":"Comment","target":["https:\/\/vosgesinfo.fr\/gerardmerinfo\/2026\/01\/commission-dagrement-je-vois-la-vie-en-vosges-terroir-une-premiere-session-2026-placee-sous-le-signe-de-lexcellence\/#respond"]}]},{"@type":"WebPage","@id":"https:\/\/vosgesinfo.fr\/gerardmerinfo\/2026\/01\/commission-dagrement-je-vois-la-vie-en-vosges-terroir-une-premiere-session-2026-placee-sous-le-signe-de-lexcellence\/","url":"https:\/\/vosgesinfo.fr\/gerardmerinfo\/2026\/01\/commission-dagrement-je-vois-la-vie-en-vosges-terroir-une-premiere-session-2026-placee-sous-le-signe-de-lexcellence\/","name":"Commission d\u2019agr\u00e9ment \u00ab Je Vois la Vie en Vosges Terroir \u00bb : une premi\u00e8re session 2026 plac\u00e9e sous le signe de l\u2019excellence - Gerardmer Info","isPartOf":{"@id":"https:\/\/vosgesinfo.fr\/gerardmerinfo\/#website"},"primaryImageOfPage":{"@id":"https:\/\/vosgesinfo.fr\/gerardmerinfo\/2026\/01\/commission-dagrement-je-vois-la-vie-en-vosges-terroir-une-premiere-session-2026-placee-sous-le-signe-de-lexcellence\/#primaryimage"},"image":{"@id":"https:\/\/vosgesinfo.fr\/gerardmerinfo\/2026\/01\/commission-dagrement-je-vois-la-vie-en-vosges-terroir-une-premiere-session-2026-placee-sous-le-signe-de-lexcellence\/#primaryimage"},"thumbnailUrl":"https:\/\/vosgesinfo.fr\/app\/uploads\/sites\/6\/2026\/01\/sans-titre-7.jpg","datePublished":"2026-01-27T14:39:52+00:00","dateModified":"2026-01-27T14:39:52+00:00","breadcrumb":{"@id":"https:\/\/vosgesinfo.fr\/gerardmerinfo\/2026\/01\/commission-dagrement-je-vois-la-vie-en-vosges-terroir-une-premiere-session-2026-placee-sous-le-signe-de-lexcellence\/#breadcrumb"},"inLanguage":"fr-FR","potentialAction":[{"@type":"ReadAction","target":["https:\/\/vosgesinfo.fr\/gerardmerinfo\/2026\/01\/commission-dagrement-je-vois-la-vie-en-vosges-terroir-une-premiere-session-2026-placee-sous-le-signe-de-lexcellence\/"]}]},{"@type":"ImageObject","inLanguage":"fr-FR","@id":"https:\/\/vosgesinfo.fr\/gerardmerinfo\/2026\/01\/commission-dagrement-je-vois-la-vie-en-vosges-terroir-une-premiere-session-2026-placee-sous-le-signe-de-lexcellence\/#primaryimage","url":"https:\/\/vosgesinfo.fr\/app\/uploads\/sites\/6\/2026\/01\/sans-titre-7.jpg","contentUrl":"https:\/\/vosgesinfo.fr\/app\/uploads\/sites\/6\/2026\/01\/sans-titre-7.jpg","width":1440,"height":1080},{"@type":"BreadcrumbList","@id":"https:\/\/vosgesinfo.fr\/gerardmerinfo\/2026\/01\/commission-dagrement-je-vois-la-vie-en-vosges-terroir-une-premiere-session-2026-placee-sous-le-signe-de-lexcellence\/#breadcrumb","itemListElement":[{"@type":"ListItem","position":1,"name":"Home","item":"https:\/\/vosgesinfo.fr\/gerardmerinfo\/"},{"@type":"ListItem","position":2,"name":"Commission d\u2019agr\u00e9ment \u00ab Je Vois la Vie en Vosges Terroir \u00bb : une premi\u00e8re session 2026 plac\u00e9e sous le signe de l\u2019excellence"}]},{"@type":"WebSite","@id":"https:\/\/vosgesinfo.fr\/gerardmerinfo\/#website","url":"https:\/\/vosgesinfo.fr\/gerardmerinfo\/","name":"Gerardmer Info","description":"Toute l&#039;actualit\u00e9 de G\u00e9rardmer","publisher":{"@id":"https:\/\/vosgesinfo.fr\/gerardmerinfo\/#organization"},"alternateName":"Toute l'actualit\u00e9 de G\u00e9rardmer","potentialAction":[{"@type":"SearchAction","target":{"@type":"EntryPoint","urlTemplate":"https:\/\/vosgesinfo.fr\/gerardmerinfo\/?s={search_term_string}"},"query-input":"required name=search_term_string"}],"inLanguage":"fr-FR"},{"@type":"Organization","@id":"https:\/\/vosgesinfo.fr\/gerardmerinfo\/#organization","name":"Gerardmer Info","url":"https:\/\/vosgesinfo.fr\/gerardmerinfo\/","logo":{"@type":"ImageObject","inLanguage":"fr-FR","@id":"https:\/\/vosgesinfo.fr\/gerardmerinfo\/#\/schema\/logo\/image\/","url":"https:\/\/vosgesinfo.fr\/app\/uploads\/sites\/6\/2023\/08\/favicon-gerardmerinfo.png","contentUrl":"https:\/\/vosgesinfo.fr\/app\/uploads\/sites\/6\/2023\/08\/favicon-gerardmerinfo.png","width":512,"height":512,"caption":"Gerardmer Info"},"image":{"@id":"https:\/\/vosgesinfo.fr\/gerardmerinfo\/#\/schema\/logo\/image\/"},"sameAs":["https:\/\/www.facebook.com\/profile.php?id=100049475262660","https:\/\/x.com\/VosgesInfo88","https:\/\/www.youtube.com\/@vosgesinfo"]},{"@type":"Person","@id":"https:\/\/vosgesinfo.fr\/gerardmerinfo\/#\/schema\/person\/6f9a650eeea99d969b6c4ab78fccbe81","name":"C.K.","image":{"@type":"ImageObject","inLanguage":"fr-FR","@id":"https:\/\/vosgesinfo.fr\/gerardmerinfo\/#\/schema\/person\/image\/","url":"https:\/\/secure.gravatar.com\/avatar\/48e3fc7f8421ba8942be6b74a2b7f014ca39bc00dece156b7a8e098ae7dc87bf?s=96&d=mm&r=g","contentUrl":"https:\/\/secure.gravatar.com\/avatar\/48e3fc7f8421ba8942be6b74a2b7f014ca39bc00dece156b7a8e098ae7dc87bf?s=96&d=mm&r=g","caption":"C.K."},"url":"https:\/\/vosgesinfo.fr\/gerardmerinfo\/author\/celia-k-n\/"}]}},"_links":{"self":[{"href":"https:\/\/vosgesinfo.fr\/gerardmerinfo\/wp-json\/wp\/v2\/posts\/87383","targetHints":{"allow":["GET"]}}],"collection":[{"href":"https:\/\/vosgesinfo.fr\/gerardmerinfo\/wp-json\/wp\/v2\/posts"}],"about":[{"href":"https:\/\/vosgesinfo.fr\/gerardmerinfo\/wp-json\/wp\/v2\/types\/post"}],"author":[{"embeddable":true,"href":"https:\/\/vosgesinfo.fr\/gerardmerinfo\/wp-json\/wp\/v2\/users\/52"}],"replies":[{"embeddable":true,"href":"https:\/\/vosgesinfo.fr\/gerardmerinfo\/wp-json\/wp\/v2\/comments?post=87383"}],"version-history":[{"count":0,"href":"https:\/\/vosgesinfo.fr\/gerardmerinfo\/wp-json\/wp\/v2\/posts\/87383\/revisions"}],"wp:featuredmedia":[{"embeddable":true,"href":"https:\/\/vosgesinfo.fr\/gerardmerinfo\/wp-json\/wp\/v2\/media\/87384"}],"wp:attachment":[{"href":"https:\/\/vosgesinfo.fr\/gerardmerinfo\/wp-json\/wp\/v2\/media?parent=87383"}],"wp:term":[{"taxonomy":"category","embeddable":true,"href":"https:\/\/vosgesinfo.fr\/gerardmerinfo\/wp-json\/wp\/v2\/categories?post=87383"},{"taxonomy":"post_tag","embeddable":true,"href":"https:\/\/vosgesinfo.fr\/gerardmerinfo\/wp-json\/wp\/v2\/tags?post=87383"}],"curies":[{"name":"wp","href":"https:\/\/api.w.org\/{rel}","templated":true}]}}