{"id":87392,"date":"2026-01-30T05:58:49","date_gmt":"2026-01-30T04:58:49","guid":{"rendered":"https:\/\/vosgesinfo.fr\/gerardmerinfo\/?p=87392"},"modified":"2026-01-27T17:41:16","modified_gmt":"2026-01-27T16:41:16","slug":"la-piece-de-theatre-du-festival-un-beau-defi-et-un-beau-cadeau-de-la-compagnie-des-corps-en-voix","status":"publish","type":"post","link":"https:\/\/vosgesinfo.fr\/gerardmerinfo\/2026\/01\/la-piece-de-theatre-du-festival-un-beau-defi-et-un-beau-cadeau-de-la-compagnie-des-corps-en-voix\/","title":{"rendered":"La pi\u00e8ce de th\u00e9\u00e2tre du festival : un beau d\u00e9fi et un beau cadeau de la compagnie Des Corps en Voix"},"content":{"rendered":"<p data-pm-slice=\"1 1 []\">Dimanche, ce sera une grande premi\u00e8re pour le Festival du film fantastique ainsi que pour la compagnie des Corps en voix, qui proposera une pi\u00e8ce de th\u00e9\u00e2tre sp\u00e9cialement cr\u00e9\u00e9e pour la c\u00e9r\u00e9monie de cl\u00f4ture de cette 33\u1d49 \u00e9dition (pr\u00e9sentation ici : <a class=\"qbe-widget\" href=\"https:\/\/festival-gerardmer.com\/2026\/theatre\/\" target=\"_blank\" rel=\"noopener noreferrer\">https:\/\/festival-gerardmer.com\/2026\/theatre\/<\/a>). Un vrai d\u00e9fi pour la compagnie, mais aussi un beau cadeau pour le festival et les festivaliers qui pourront en profiter gratuitement \u00e0 l&rsquo;espace LAC de G\u00e9rardmer.<\/p>\n<p><a href=\"https:\/\/vosgesinfo.fr\/app\/uploads\/sites\/6\/2026\/01\/theatre-\u2013-festival-de-gerardmer-2026.jpg\"><img decoding=\"async\" class=\"alignright size-medium wp-image-86916\" src=\"https:\/\/vosgesinfo.fr\/app\/uploads\/sites\/6\/2026\/01\/theatre-\u2013-festival-de-gerardmer-2026-260x300.jpg\" alt=\"\" width=\"260\" height=\"300\" srcset=\"https:\/\/vosgesinfo.fr\/app\/uploads\/sites\/6\/2026\/01\/theatre-\u2013-festival-de-gerardmer-2026-260x300.jpg 260w, https:\/\/vosgesinfo.fr\/app\/uploads\/sites\/6\/2026\/01\/theatre-\u2013-festival-de-gerardmer-2026.jpg 480w\" sizes=\"(max-width: 260px) 100vw, 260px\" \/><\/a>Rendez-vous est donc donn\u00e9 ce dimanche 1\u1d49\u02b3 f\u00e9vrier \u00e0 19 h 30 pour assister \u00e0 cette repr\u00e9sentation unique d&rsquo;un classique du Grand-Guignol : <em>Le faiseur de monstres<\/em>, co\u00e9crit par Max Maurey (1866\u20131947), Charles Hellem (1876\u20131954) et Pol d\u2019Estoc (1878\u20131948). Un choix qui s&rsquo;est rapidement impos\u00e9 au pr\u00e9sident de la compagnie J\u00e9r\u00f4me Thibault, ainsi qu&rsquo;\u00e0 ses troupes, lorsque Anne Villemin, pr\u00e9sidente du festival, a relanc\u00e9 l&rsquo;id\u00e9e d&rsquo;une collaboration entre les deux entit\u00e9s. une id\u00e9e qui avait germ\u00e9 il y a plusieurs ann\u00e9es avant d&rsquo;\u00eatre plac\u00e9e en sommeil pour mieux resurgir, tel un diable de sa bo\u00eete. \u00ab\u00a0C&rsquo;est un grand d\u00e9fi pour nous, mais un d\u00e9fi que nous avons accept\u00e9 volontiers car nous aimons le th\u00e9\u00e2tre et nous aimons le festival. Nous avions en effet qu&rsquo;un mois et demi pour nous pr\u00e9parer et nous devions \u00e9galement trouver des com\u00e9diens qui accepteraient ce d\u00e9fi-l\u00e0, des com\u00e9diens entre lesquels il y aurait des connexions, qui seraient capables de jouer ensemble et de se servir de ces connexions sur sc\u00e8ne, pr\u00e9cise J\u00e9r\u00f4me Thibault et Benjamin Beausire, vice-pr\u00e9sident de la compagnie.<\/p>\n<p><a href=\"https:\/\/vosgesinfo.fr\/app\/uploads\/sites\/6\/2026\/01\/img-20260127-151937.jpg\"><img decoding=\"async\" class=\"alignright size-medium wp-image-87395\" src=\"https:\/\/vosgesinfo.fr\/app\/uploads\/sites\/6\/2026\/01\/img-20260127-151937-225x300.jpg\" alt=\"\" width=\"225\" height=\"300\" srcset=\"https:\/\/vosgesinfo.fr\/app\/uploads\/sites\/6\/2026\/01\/img-20260127-151937-225x300.jpg 225w, https:\/\/vosgesinfo.fr\/app\/uploads\/sites\/6\/2026\/01\/img-20260127-151937-768x1024.jpg 768w, https:\/\/vosgesinfo.fr\/app\/uploads\/sites\/6\/2026\/01\/img-20260127-151937.jpg 810w\" sizes=\"(max-width: 225px) 100vw, 225px\" \/><\/a>Autour de ce bin\u00f4me, de ce noyau dur de com\u00e9diens, on retrouve donc Vincent Palmas, com\u00e9dien exp\u00e9riment\u00e9 qui \u00e9volue dans plusieurs troupes du d\u00e9partement ; Olivier Petiteau, qui a longtemps \u0153uvr\u00e9 au sein de la troupe Pascal Simon o\u00f9 il avait plusieurs casquettes (et qui a d\u00e9j\u00e0 collabor\u00e9 avec Des Corps en Voix) ; et enfin Jean-Michel Thibault, lui aussi membre historique de la compagnie. \u00ab\u00a0Ce sont des com\u00e9diens qui vont pouvoir aller droit au but, des amateurs chevronn\u00e9s avec le sens du d\u00e9fi\u00a0\u00bb, ajoute J\u00e9r\u00f4me Thibault. Concr\u00e8tement, le directeur artistique a opt\u00e9 pour un format assez compact, mais avec des belles r\u00e9pliques et de belles transitions, un jeu travaill\u00e9, le tout en deux actes et pour une dur\u00e9e d&rsquo;environ 40 \u00e0 45 minutes. \u00ab\u00a0Ce n&rsquo;est pas \u00e9vident de trouver le bon dosage : ce sera un kal\u00e9idoscope de sensations, intriguant, avec de l&rsquo;humour et une pointe de suspense. On y a mis tout notre c\u0153ur, c&rsquo;est un cadeau qu&rsquo;on fait au festival et aux festivaliers, et on esp\u00e8re que l&rsquo;aspect \u00ab\u00a0en chair et en os\u00a0\u00bb, sur sc\u00e8ne, apportera une plus-value, parce qu&rsquo;on a envie que \u00e7a dure, que ce ne soit pas un projet isol\u00e9, on a envie de montrer que le th\u00e9\u00e2tre a sa place ici\u00a0\u00bb concluent J\u00e9r\u00f4me Thibault et Benjamin Beausire. C&rsquo;est tout le mal qu&rsquo;on souhaite \u00e0 la compagnie que vous \u00eates invit\u00e9s \u00e0 retrouver sur les planches de l&rsquo;espace LAC ce dimanche !<\/p>\n<p>&nbsp;<\/p>\n","protected":false},"excerpt":{"rendered":"<p>Dimanche, ce sera une grande premi\u00e8re pour le Festival du film fantastique ainsi que pour la compagnie des Corps en [&hellip;]<\/p>\n","protected":false},"author":42,"featured_media":86916,"comment_status":"open","ping_status":"open","sticky":false,"template":"","format":"standard","meta":{"footnotes":""},"categories":[20,4,25,5647,18],"tags":[304],"class_list":["post-87392","post","type-post","status-publish","format-standard","has-post-thumbnail","hentry","category-a-la-une","category-culture","category-gerardmer","category-gerardmer-autres-sites","category-vosges","tag-des-corps-en-voix"],"acf":[],"yoast_head":"<!-- This site is optimized with the Yoast SEO plugin v22.5 - https:\/\/yoast.com\/wordpress\/plugins\/seo\/ -->\n<title>La pi\u00e8ce de th\u00e9\u00e2tre du festival : un beau d\u00e9fi et un beau cadeau de la compagnie Des Corps en Voix - Gerardmer Info<\/title>\n<meta name=\"robots\" content=\"index, follow, max-snippet:-1, max-image-preview:large, max-video-preview:-1\" \/>\n<link rel=\"canonical\" href=\"https:\/\/vosgesinfo.fr\/gerardmerinfo\/2026\/01\/la-piece-de-theatre-du-festival-un-beau-defi-et-un-beau-cadeau-de-la-compagnie-des-corps-en-voix\/\" \/>\n<meta name=\"twitter:card\" content=\"summary_large_image\" \/>\n<meta name=\"twitter:title\" content=\"La pi\u00e8ce de th\u00e9\u00e2tre du festival : un beau d\u00e9fi et un beau cadeau de la compagnie Des Corps en Voix - Gerardmer Info\" \/>\n<meta name=\"twitter:description\" content=\"Dimanche, ce sera une grande premi\u00e8re pour le Festival du film fantastique ainsi que pour la compagnie des Corps en [&hellip;]\" \/>\n<meta name=\"twitter:image\" content=\"https:\/\/vosgesinfo.fr\/app\/uploads\/sites\/6\/2026\/01\/theatre-\u2013-festival-de-gerardmer-2026.jpg\" \/>\n<meta name=\"twitter:creator\" content=\"@VosgesInfo88\" \/>\n<meta name=\"twitter:site\" content=\"@VosgesInfo88\" \/>\n<meta name=\"twitter:label1\" content=\"\u00c9crit par\" \/>\n\t<meta name=\"twitter:data1\" content=\"QG\" \/>\n\t<meta name=\"twitter:label2\" content=\"Dur\u00e9e de lecture estim\u00e9e\" \/>\n\t<meta name=\"twitter:data2\" content=\"3 minutes\" \/>\n<script type=\"application\/ld+json\" class=\"yoast-schema-graph\">{\"@context\":\"https:\/\/schema.org\",\"@graph\":[{\"@type\":\"Article\",\"@id\":\"https:\/\/vosgesinfo.fr\/gerardmerinfo\/2026\/01\/la-piece-de-theatre-du-festival-un-beau-defi-et-un-beau-cadeau-de-la-compagnie-des-corps-en-voix\/#article\",\"isPartOf\":{\"@id\":\"https:\/\/vosgesinfo.fr\/gerardmerinfo\/2026\/01\/la-piece-de-theatre-du-festival-un-beau-defi-et-un-beau-cadeau-de-la-compagnie-des-corps-en-voix\/\"},\"author\":{\"name\":\"QG\",\"@id\":\"https:\/\/vosgesinfo.fr\/gerardmerinfo\/#\/schema\/person\/db5605779a843dad16b5368f3e7613a5\"},\"headline\":\"La pi\u00e8ce de th\u00e9\u00e2tre du festival : un beau d\u00e9fi et un beau cadeau de la compagnie Des Corps en Voix\",\"datePublished\":\"2026-01-30T04:58:49+00:00\",\"dateModified\":\"2026-01-27T16:41:16+00:00\",\"mainEntityOfPage\":{\"@id\":\"https:\/\/vosgesinfo.fr\/gerardmerinfo\/2026\/01\/la-piece-de-theatre-du-festival-un-beau-defi-et-un-beau-cadeau-de-la-compagnie-des-corps-en-voix\/\"},\"wordCount\":565,\"commentCount\":0,\"publisher\":{\"@id\":\"https:\/\/vosgesinfo.fr\/gerardmerinfo\/#organization\"},\"image\":{\"@id\":\"https:\/\/vosgesinfo.fr\/gerardmerinfo\/2026\/01\/la-piece-de-theatre-du-festival-un-beau-defi-et-un-beau-cadeau-de-la-compagnie-des-corps-en-voix\/#primaryimage\"},\"thumbnailUrl\":\"https:\/\/vosgesinfo.fr\/app\/uploads\/sites\/6\/2026\/01\/theatre-\u2013-festival-de-gerardmer-2026.jpg\",\"keywords\":[\"Des Corps en Voix\"],\"articleSection\":[\"A la une\",\"Culture\",\"G\u00e9rardmer\",\"Gerardmer\",\"Vosges\"],\"inLanguage\":\"fr-FR\",\"potentialAction\":[{\"@type\":\"CommentAction\",\"name\":\"Comment\",\"target\":[\"https:\/\/vosgesinfo.fr\/gerardmerinfo\/2026\/01\/la-piece-de-theatre-du-festival-un-beau-defi-et-un-beau-cadeau-de-la-compagnie-des-corps-en-voix\/#respond\"]}]},{\"@type\":\"WebPage\",\"@id\":\"https:\/\/vosgesinfo.fr\/gerardmerinfo\/2026\/01\/la-piece-de-theatre-du-festival-un-beau-defi-et-un-beau-cadeau-de-la-compagnie-des-corps-en-voix\/\",\"url\":\"https:\/\/vosgesinfo.fr\/gerardmerinfo\/2026\/01\/la-piece-de-theatre-du-festival-un-beau-defi-et-un-beau-cadeau-de-la-compagnie-des-corps-en-voix\/\",\"name\":\"La pi\u00e8ce de th\u00e9\u00e2tre du festival : un beau d\u00e9fi et un beau cadeau de la compagnie Des Corps en Voix - Gerardmer Info\",\"isPartOf\":{\"@id\":\"https:\/\/vosgesinfo.fr\/gerardmerinfo\/#website\"},\"primaryImageOfPage\":{\"@id\":\"https:\/\/vosgesinfo.fr\/gerardmerinfo\/2026\/01\/la-piece-de-theatre-du-festival-un-beau-defi-et-un-beau-cadeau-de-la-compagnie-des-corps-en-voix\/#primaryimage\"},\"image\":{\"@id\":\"https:\/\/vosgesinfo.fr\/gerardmerinfo\/2026\/01\/la-piece-de-theatre-du-festival-un-beau-defi-et-un-beau-cadeau-de-la-compagnie-des-corps-en-voix\/#primaryimage\"},\"thumbnailUrl\":\"https:\/\/vosgesinfo.fr\/app\/uploads\/sites\/6\/2026\/01\/theatre-\u2013-festival-de-gerardmer-2026.jpg\",\"datePublished\":\"2026-01-30T04:58:49+00:00\",\"dateModified\":\"2026-01-27T16:41:16+00:00\",\"breadcrumb\":{\"@id\":\"https:\/\/vosgesinfo.fr\/gerardmerinfo\/2026\/01\/la-piece-de-theatre-du-festival-un-beau-defi-et-un-beau-cadeau-de-la-compagnie-des-corps-en-voix\/#breadcrumb\"},\"inLanguage\":\"fr-FR\",\"potentialAction\":[{\"@type\":\"ReadAction\",\"target\":[\"https:\/\/vosgesinfo.fr\/gerardmerinfo\/2026\/01\/la-piece-de-theatre-du-festival-un-beau-defi-et-un-beau-cadeau-de-la-compagnie-des-corps-en-voix\/\"]}]},{\"@type\":\"ImageObject\",\"inLanguage\":\"fr-FR\",\"@id\":\"https:\/\/vosgesinfo.fr\/gerardmerinfo\/2026\/01\/la-piece-de-theatre-du-festival-un-beau-defi-et-un-beau-cadeau-de-la-compagnie-des-corps-en-voix\/#primaryimage\",\"url\":\"https:\/\/vosgesinfo.fr\/app\/uploads\/sites\/6\/2026\/01\/theatre-\u2013-festival-de-gerardmer-2026.jpg\",\"contentUrl\":\"https:\/\/vosgesinfo.fr\/app\/uploads\/sites\/6\/2026\/01\/theatre-\u2013-festival-de-gerardmer-2026.jpg\",\"width\":480,\"height\":553},{\"@type\":\"BreadcrumbList\",\"@id\":\"https:\/\/vosgesinfo.fr\/gerardmerinfo\/2026\/01\/la-piece-de-theatre-du-festival-un-beau-defi-et-un-beau-cadeau-de-la-compagnie-des-corps-en-voix\/#breadcrumb\",\"itemListElement\":[{\"@type\":\"ListItem\",\"position\":1,\"name\":\"Home\",\"item\":\"https:\/\/vosgesinfo.fr\/gerardmerinfo\/\"},{\"@type\":\"ListItem\",\"position\":2,\"name\":\"La pi\u00e8ce de th\u00e9\u00e2tre du festival : un beau d\u00e9fi et un beau cadeau de la compagnie Des Corps en Voix\"}]},{\"@type\":\"WebSite\",\"@id\":\"https:\/\/vosgesinfo.fr\/gerardmerinfo\/#website\",\"url\":\"https:\/\/vosgesinfo.fr\/gerardmerinfo\/\",\"name\":\"Gerardmer Info\",\"description\":\"Toute l&#039;actualit\u00e9 de G\u00e9rardmer\",\"publisher\":{\"@id\":\"https:\/\/vosgesinfo.fr\/gerardmerinfo\/#organization\"},\"alternateName\":\"Toute l'actualit\u00e9 de G\u00e9rardmer\",\"potentialAction\":[{\"@type\":\"SearchAction\",\"target\":{\"@type\":\"EntryPoint\",\"urlTemplate\":\"https:\/\/vosgesinfo.fr\/gerardmerinfo\/?s={search_term_string}\"},\"query-input\":\"required name=search_term_string\"}],\"inLanguage\":\"fr-FR\"},{\"@type\":\"Organization\",\"@id\":\"https:\/\/vosgesinfo.fr\/gerardmerinfo\/#organization\",\"name\":\"Gerardmer Info\",\"url\":\"https:\/\/vosgesinfo.fr\/gerardmerinfo\/\",\"logo\":{\"@type\":\"ImageObject\",\"inLanguage\":\"fr-FR\",\"@id\":\"https:\/\/vosgesinfo.fr\/gerardmerinfo\/#\/schema\/logo\/image\/\",\"url\":\"https:\/\/vosgesinfo.fr\/app\/uploads\/sites\/6\/2023\/08\/favicon-gerardmerinfo.png\",\"contentUrl\":\"https:\/\/vosgesinfo.fr\/app\/uploads\/sites\/6\/2023\/08\/favicon-gerardmerinfo.png\",\"width\":512,\"height\":512,\"caption\":\"Gerardmer Info\"},\"image\":{\"@id\":\"https:\/\/vosgesinfo.fr\/gerardmerinfo\/#\/schema\/logo\/image\/\"},\"sameAs\":[\"https:\/\/www.facebook.com\/profile.php?id=100049475262660\",\"https:\/\/x.com\/VosgesInfo88\",\"https:\/\/www.youtube.com\/@vosgesinfo\"]},{\"@type\":\"Person\",\"@id\":\"https:\/\/vosgesinfo.fr\/gerardmerinfo\/#\/schema\/person\/db5605779a843dad16b5368f3e7613a5\",\"name\":\"QG\",\"image\":{\"@type\":\"ImageObject\",\"inLanguage\":\"fr-FR\",\"@id\":\"https:\/\/vosgesinfo.fr\/gerardmerinfo\/#\/schema\/person\/image\/\",\"url\":\"https:\/\/secure.gravatar.com\/avatar\/ea80c42c204b534408512832fde52504ecabb9706bcb6151cf6175e5b64e6793?s=96&d=mm&r=g\",\"contentUrl\":\"https:\/\/secure.gravatar.com\/avatar\/ea80c42c204b534408512832fde52504ecabb9706bcb6151cf6175e5b64e6793?s=96&d=mm&r=g\",\"caption\":\"QG\"},\"url\":\"https:\/\/vosgesinfo.fr\/gerardmerinfo\/author\/quentin88\/\"}]}<\/script>\n<!-- \/ Yoast SEO plugin. -->","yoast_head_json":{"title":"La pi\u00e8ce de th\u00e9\u00e2tre du festival : un beau d\u00e9fi et un beau cadeau de la compagnie Des Corps en Voix - Gerardmer Info","robots":{"index":"index","follow":"follow","max-snippet":"max-snippet:-1","max-image-preview":"max-image-preview:large","max-video-preview":"max-video-preview:-1"},"canonical":"https:\/\/vosgesinfo.fr\/gerardmerinfo\/2026\/01\/la-piece-de-theatre-du-festival-un-beau-defi-et-un-beau-cadeau-de-la-compagnie-des-corps-en-voix\/","twitter_card":"summary_large_image","twitter_title":"La pi\u00e8ce de th\u00e9\u00e2tre du festival : un beau d\u00e9fi et un beau cadeau de la compagnie Des Corps en Voix - Gerardmer Info","twitter_description":"Dimanche, ce sera une grande premi\u00e8re pour le Festival du film fantastique ainsi que pour la compagnie des Corps en [&hellip;]","twitter_image":"https:\/\/vosgesinfo.fr\/app\/uploads\/sites\/6\/2026\/01\/theatre-\u2013-festival-de-gerardmer-2026.jpg","twitter_creator":"@VosgesInfo88","twitter_site":"@VosgesInfo88","twitter_misc":{"\u00c9crit par":"QG","Dur\u00e9e de lecture estim\u00e9e":"3 minutes"},"schema":{"@context":"https:\/\/schema.org","@graph":[{"@type":"Article","@id":"https:\/\/vosgesinfo.fr\/gerardmerinfo\/2026\/01\/la-piece-de-theatre-du-festival-un-beau-defi-et-un-beau-cadeau-de-la-compagnie-des-corps-en-voix\/#article","isPartOf":{"@id":"https:\/\/vosgesinfo.fr\/gerardmerinfo\/2026\/01\/la-piece-de-theatre-du-festival-un-beau-defi-et-un-beau-cadeau-de-la-compagnie-des-corps-en-voix\/"},"author":{"name":"QG","@id":"https:\/\/vosgesinfo.fr\/gerardmerinfo\/#\/schema\/person\/db5605779a843dad16b5368f3e7613a5"},"headline":"La pi\u00e8ce de th\u00e9\u00e2tre du festival : un beau d\u00e9fi et un beau cadeau de la compagnie Des Corps en Voix","datePublished":"2026-01-30T04:58:49+00:00","dateModified":"2026-01-27T16:41:16+00:00","mainEntityOfPage":{"@id":"https:\/\/vosgesinfo.fr\/gerardmerinfo\/2026\/01\/la-piece-de-theatre-du-festival-un-beau-defi-et-un-beau-cadeau-de-la-compagnie-des-corps-en-voix\/"},"wordCount":565,"commentCount":0,"publisher":{"@id":"https:\/\/vosgesinfo.fr\/gerardmerinfo\/#organization"},"image":{"@id":"https:\/\/vosgesinfo.fr\/gerardmerinfo\/2026\/01\/la-piece-de-theatre-du-festival-un-beau-defi-et-un-beau-cadeau-de-la-compagnie-des-corps-en-voix\/#primaryimage"},"thumbnailUrl":"https:\/\/vosgesinfo.fr\/app\/uploads\/sites\/6\/2026\/01\/theatre-\u2013-festival-de-gerardmer-2026.jpg","keywords":["Des Corps en Voix"],"articleSection":["A la une","Culture","G\u00e9rardmer","Gerardmer","Vosges"],"inLanguage":"fr-FR","potentialAction":[{"@type":"CommentAction","name":"Comment","target":["https:\/\/vosgesinfo.fr\/gerardmerinfo\/2026\/01\/la-piece-de-theatre-du-festival-un-beau-defi-et-un-beau-cadeau-de-la-compagnie-des-corps-en-voix\/#respond"]}]},{"@type":"WebPage","@id":"https:\/\/vosgesinfo.fr\/gerardmerinfo\/2026\/01\/la-piece-de-theatre-du-festival-un-beau-defi-et-un-beau-cadeau-de-la-compagnie-des-corps-en-voix\/","url":"https:\/\/vosgesinfo.fr\/gerardmerinfo\/2026\/01\/la-piece-de-theatre-du-festival-un-beau-defi-et-un-beau-cadeau-de-la-compagnie-des-corps-en-voix\/","name":"La pi\u00e8ce de th\u00e9\u00e2tre du festival : un beau d\u00e9fi et un beau cadeau de la compagnie Des Corps en Voix - Gerardmer Info","isPartOf":{"@id":"https:\/\/vosgesinfo.fr\/gerardmerinfo\/#website"},"primaryImageOfPage":{"@id":"https:\/\/vosgesinfo.fr\/gerardmerinfo\/2026\/01\/la-piece-de-theatre-du-festival-un-beau-defi-et-un-beau-cadeau-de-la-compagnie-des-corps-en-voix\/#primaryimage"},"image":{"@id":"https:\/\/vosgesinfo.fr\/gerardmerinfo\/2026\/01\/la-piece-de-theatre-du-festival-un-beau-defi-et-un-beau-cadeau-de-la-compagnie-des-corps-en-voix\/#primaryimage"},"thumbnailUrl":"https:\/\/vosgesinfo.fr\/app\/uploads\/sites\/6\/2026\/01\/theatre-\u2013-festival-de-gerardmer-2026.jpg","datePublished":"2026-01-30T04:58:49+00:00","dateModified":"2026-01-27T16:41:16+00:00","breadcrumb":{"@id":"https:\/\/vosgesinfo.fr\/gerardmerinfo\/2026\/01\/la-piece-de-theatre-du-festival-un-beau-defi-et-un-beau-cadeau-de-la-compagnie-des-corps-en-voix\/#breadcrumb"},"inLanguage":"fr-FR","potentialAction":[{"@type":"ReadAction","target":["https:\/\/vosgesinfo.fr\/gerardmerinfo\/2026\/01\/la-piece-de-theatre-du-festival-un-beau-defi-et-un-beau-cadeau-de-la-compagnie-des-corps-en-voix\/"]}]},{"@type":"ImageObject","inLanguage":"fr-FR","@id":"https:\/\/vosgesinfo.fr\/gerardmerinfo\/2026\/01\/la-piece-de-theatre-du-festival-un-beau-defi-et-un-beau-cadeau-de-la-compagnie-des-corps-en-voix\/#primaryimage","url":"https:\/\/vosgesinfo.fr\/app\/uploads\/sites\/6\/2026\/01\/theatre-\u2013-festival-de-gerardmer-2026.jpg","contentUrl":"https:\/\/vosgesinfo.fr\/app\/uploads\/sites\/6\/2026\/01\/theatre-\u2013-festival-de-gerardmer-2026.jpg","width":480,"height":553},{"@type":"BreadcrumbList","@id":"https:\/\/vosgesinfo.fr\/gerardmerinfo\/2026\/01\/la-piece-de-theatre-du-festival-un-beau-defi-et-un-beau-cadeau-de-la-compagnie-des-corps-en-voix\/#breadcrumb","itemListElement":[{"@type":"ListItem","position":1,"name":"Home","item":"https:\/\/vosgesinfo.fr\/gerardmerinfo\/"},{"@type":"ListItem","position":2,"name":"La pi\u00e8ce de th\u00e9\u00e2tre du festival : un beau d\u00e9fi et un beau cadeau de la compagnie Des Corps en Voix"}]},{"@type":"WebSite","@id":"https:\/\/vosgesinfo.fr\/gerardmerinfo\/#website","url":"https:\/\/vosgesinfo.fr\/gerardmerinfo\/","name":"Gerardmer Info","description":"Toute l&#039;actualit\u00e9 de G\u00e9rardmer","publisher":{"@id":"https:\/\/vosgesinfo.fr\/gerardmerinfo\/#organization"},"alternateName":"Toute l'actualit\u00e9 de G\u00e9rardmer","potentialAction":[{"@type":"SearchAction","target":{"@type":"EntryPoint","urlTemplate":"https:\/\/vosgesinfo.fr\/gerardmerinfo\/?s={search_term_string}"},"query-input":"required name=search_term_string"}],"inLanguage":"fr-FR"},{"@type":"Organization","@id":"https:\/\/vosgesinfo.fr\/gerardmerinfo\/#organization","name":"Gerardmer Info","url":"https:\/\/vosgesinfo.fr\/gerardmerinfo\/","logo":{"@type":"ImageObject","inLanguage":"fr-FR","@id":"https:\/\/vosgesinfo.fr\/gerardmerinfo\/#\/schema\/logo\/image\/","url":"https:\/\/vosgesinfo.fr\/app\/uploads\/sites\/6\/2023\/08\/favicon-gerardmerinfo.png","contentUrl":"https:\/\/vosgesinfo.fr\/app\/uploads\/sites\/6\/2023\/08\/favicon-gerardmerinfo.png","width":512,"height":512,"caption":"Gerardmer Info"},"image":{"@id":"https:\/\/vosgesinfo.fr\/gerardmerinfo\/#\/schema\/logo\/image\/"},"sameAs":["https:\/\/www.facebook.com\/profile.php?id=100049475262660","https:\/\/x.com\/VosgesInfo88","https:\/\/www.youtube.com\/@vosgesinfo"]},{"@type":"Person","@id":"https:\/\/vosgesinfo.fr\/gerardmerinfo\/#\/schema\/person\/db5605779a843dad16b5368f3e7613a5","name":"QG","image":{"@type":"ImageObject","inLanguage":"fr-FR","@id":"https:\/\/vosgesinfo.fr\/gerardmerinfo\/#\/schema\/person\/image\/","url":"https:\/\/secure.gravatar.com\/avatar\/ea80c42c204b534408512832fde52504ecabb9706bcb6151cf6175e5b64e6793?s=96&d=mm&r=g","contentUrl":"https:\/\/secure.gravatar.com\/avatar\/ea80c42c204b534408512832fde52504ecabb9706bcb6151cf6175e5b64e6793?s=96&d=mm&r=g","caption":"QG"},"url":"https:\/\/vosgesinfo.fr\/gerardmerinfo\/author\/quentin88\/"}]}},"_links":{"self":[{"href":"https:\/\/vosgesinfo.fr\/gerardmerinfo\/wp-json\/wp\/v2\/posts\/87392","targetHints":{"allow":["GET"]}}],"collection":[{"href":"https:\/\/vosgesinfo.fr\/gerardmerinfo\/wp-json\/wp\/v2\/posts"}],"about":[{"href":"https:\/\/vosgesinfo.fr\/gerardmerinfo\/wp-json\/wp\/v2\/types\/post"}],"author":[{"embeddable":true,"href":"https:\/\/vosgesinfo.fr\/gerardmerinfo\/wp-json\/wp\/v2\/users\/42"}],"replies":[{"embeddable":true,"href":"https:\/\/vosgesinfo.fr\/gerardmerinfo\/wp-json\/wp\/v2\/comments?post=87392"}],"version-history":[{"count":1,"href":"https:\/\/vosgesinfo.fr\/gerardmerinfo\/wp-json\/wp\/v2\/posts\/87392\/revisions"}],"predecessor-version":[{"id":87396,"href":"https:\/\/vosgesinfo.fr\/gerardmerinfo\/wp-json\/wp\/v2\/posts\/87392\/revisions\/87396"}],"wp:featuredmedia":[{"embeddable":true,"href":"https:\/\/vosgesinfo.fr\/gerardmerinfo\/wp-json\/wp\/v2\/media\/86916"}],"wp:attachment":[{"href":"https:\/\/vosgesinfo.fr\/gerardmerinfo\/wp-json\/wp\/v2\/media?parent=87392"}],"wp:term":[{"taxonomy":"category","embeddable":true,"href":"https:\/\/vosgesinfo.fr\/gerardmerinfo\/wp-json\/wp\/v2\/categories?post=87392"},{"taxonomy":"post_tag","embeddable":true,"href":"https:\/\/vosgesinfo.fr\/gerardmerinfo\/wp-json\/wp\/v2\/tags?post=87392"}],"curies":[{"name":"wp","href":"https:\/\/api.w.org\/{rel}","templated":true}]}}