{"id":87426,"date":"2026-01-28T23:00:27","date_gmt":"2026-01-28T22:00:27","guid":{"rendered":"https:\/\/vosgesinfo.fr\/gerardmerinfo\/?p=87426"},"modified":"2026-01-30T13:43:12","modified_gmt":"2026-01-30T12:43:12","slug":"gaspard-meier-dimitri-fouque-capucine-valmary-et-ewen-guigon-rendent-visite-a-un-groupe-de-collegien","status":"publish","type":"post","link":"https:\/\/vosgesinfo.fr\/gerardmerinfo\/2026\/01\/gaspard-meier-dimitri-fouque-capucine-valmary-et-ewen-guigon-rendent-visite-a-un-groupe-de-collegien\/","title":{"rendered":"Gaspard Meier, Dimitri Fouque, Capucine Valmary et Ewen Guigon rendent visite \u00e0 un groupe de coll\u00e9giens"},"content":{"rendered":"<div id=\"attachment_87430\" style=\"width: 1450px\" class=\"wp-caption aligncenter\"><a href=\"https:\/\/vosgesinfo.fr\/app\/uploads\/sites\/6\/2026\/01\/haie-griselle-gaspard-meier-dimitri-fouque-visite-4.jpg\"><img decoding=\"async\" aria-describedby=\"caption-attachment-87430\" class=\"size-full wp-image-87430\" src=\"https:\/\/vosgesinfo.fr\/app\/uploads\/sites\/6\/2026\/01\/haie-griselle-gaspard-meier-dimitri-fouque-visite-4.jpg\" alt=\"\" width=\"1440\" height=\"1080\" srcset=\"https:\/\/vosgesinfo.fr\/app\/uploads\/sites\/6\/2026\/01\/haie-griselle-gaspard-meier-dimitri-fouque-visite-4.jpg 1440w, https:\/\/vosgesinfo.fr\/app\/uploads\/sites\/6\/2026\/01\/haie-griselle-gaspard-meier-dimitri-fouque-visite-4-300x225.jpg 300w, https:\/\/vosgesinfo.fr\/app\/uploads\/sites\/6\/2026\/01\/haie-griselle-gaspard-meier-dimitri-fouque-visite-4-1024x768.jpg 1024w, https:\/\/vosgesinfo.fr\/app\/uploads\/sites\/6\/2026\/01\/haie-griselle-gaspard-meier-dimitri-fouque-visite-4-768x576.jpg 768w\" sizes=\"(max-width: 1440px) 100vw, 1440px\" \/><\/a><p id=\"caption-attachment-87430\" class=\"wp-caption-text\">Au centre, Gaspard Meier r\u00e9pond aux questions des \u00e9l\u00e8ves.<\/p><\/div>\n\n\t\t<style type=\"text\/css\">\n\t\t\t#gallery-1 {\n\t\t\t\tmargin: auto;\n\t\t\t}\n\t\t\t#gallery-1 .gallery-item {\n\t\t\t\tfloat: left;\n\t\t\t\tmargin-top: 10px;\n\t\t\t\ttext-align: center;\n\t\t\t\twidth: 50%;\n\t\t\t}\n\t\t\t#gallery-1 img {\n\t\t\t\tborder: 2px solid #cfcfcf;\n\t\t\t}\n\t\t\t#gallery-1 .gallery-caption {\n\t\t\t\tmargin-left: 0;\n\t\t\t}\n\t\t\t\/* see gallery_shortcode() in wp-includes\/media.php *\/\n\t\t<\/style>\n\t\t<div id='gallery-1' class='gallery galleryid-87426 gallery-columns-2 gallery-size-medium'><dl class='gallery-item'>\n\t\t\t<dt class='gallery-icon landscape'>\n\t\t\t\t<a href='https:\/\/vosgesinfo.fr\/app\/uploads\/sites\/6\/2026\/01\/haie-griselle-gaspard-meier-dimitri-fouque-visite-3.jpg'><img decoding=\"async\" width=\"300\" height=\"225\" src=\"https:\/\/vosgesinfo.fr\/app\/uploads\/sites\/6\/2026\/01\/haie-griselle-gaspard-meier-dimitri-fouque-visite-3-300x225.jpg\" class=\"attachment-medium size-medium\" alt=\"\" srcset=\"https:\/\/vosgesinfo.fr\/app\/uploads\/sites\/6\/2026\/01\/haie-griselle-gaspard-meier-dimitri-fouque-visite-3-300x225.jpg 300w, https:\/\/vosgesinfo.fr\/app\/uploads\/sites\/6\/2026\/01\/haie-griselle-gaspard-meier-dimitri-fouque-visite-3-1024x768.jpg 1024w, https:\/\/vosgesinfo.fr\/app\/uploads\/sites\/6\/2026\/01\/haie-griselle-gaspard-meier-dimitri-fouque-visite-3-768x576.jpg 768w, https:\/\/vosgesinfo.fr\/app\/uploads\/sites\/6\/2026\/01\/haie-griselle-gaspard-meier-dimitri-fouque-visite-3.jpg 1440w\" sizes=\"(max-width: 300px) 100vw, 300px\" \/><\/a>\n\t\t\t<\/dt><\/dl><dl class='gallery-item'>\n\t\t\t<dt class='gallery-icon landscape'>\n\t\t\t\t<a href='https:\/\/vosgesinfo.fr\/app\/uploads\/sites\/6\/2026\/01\/haie-griselle-gaspard-meier-dimitri-fouque-visite-2.jpg'><img decoding=\"async\" width=\"300\" height=\"225\" src=\"https:\/\/vosgesinfo.fr\/app\/uploads\/sites\/6\/2026\/01\/haie-griselle-gaspard-meier-dimitri-fouque-visite-2-300x225.jpg\" class=\"attachment-medium size-medium\" alt=\"\" aria-describedby=\"gallery-1-87428\" srcset=\"https:\/\/vosgesinfo.fr\/app\/uploads\/sites\/6\/2026\/01\/haie-griselle-gaspard-meier-dimitri-fouque-visite-2-300x225.jpg 300w, https:\/\/vosgesinfo.fr\/app\/uploads\/sites\/6\/2026\/01\/haie-griselle-gaspard-meier-dimitri-fouque-visite-2-1024x768.jpg 1024w, https:\/\/vosgesinfo.fr\/app\/uploads\/sites\/6\/2026\/01\/haie-griselle-gaspard-meier-dimitri-fouque-visite-2-768x576.jpg 768w, https:\/\/vosgesinfo.fr\/app\/uploads\/sites\/6\/2026\/01\/haie-griselle-gaspard-meier-dimitri-fouque-visite-2.jpg 1440w\" sizes=\"(max-width: 300px) 100vw, 300px\" \/><\/a>\n\t\t\t<\/dt>\n\t\t\t\t<dd class='wp-caption-text gallery-caption' id='gallery-1-87428'>\n\t\t\t\tGaspard, Dimitri, Capucine et Ewen face aux \u00e9l\u00e8ves. \n\t\t\t\t<\/dd><\/dl><br style=\"clear: both\" \/>\n\t\t<\/div>\n\n<p data-pm-slice=\"1 1 []\">Mercredi matin, les organisateurs du Festival du film fantastique ainsi que Loris Mougel, pr\u00e9sident du groupement h\u00f4telier de G\u00e9rardmer, ont organis\u00e9 une rencontre entre un groupe de 13 \u00e9l\u00e8ves de 5\u1d49 non bilangue, et 4 invit\u00e9s de marque issus du monde du 7\u1d49 art : les com\u00e9diens Gaspard Meier-Chaurand (qui sera \u00e0 l&rsquo;affiche du film <em>LOL 2.0<\/em> en 2026) et Dimitri Fouque (acteur dans la s\u00e9rie<em> Demain nous appartient<\/em>), la com\u00e9dienne Capucine Valmary (qui avait tourn\u00e9 aux c\u00f4t\u00e9s de Jos\u00e9 Garcia \u00e0 G\u00e9rardmer dans le cadre du film <em>Le Torrent<\/em>), et Ewen Guigon, qui anime notamment des podcasts sur le th\u00e8me du cin\u00e9ma.<\/p>\n<p><a href=\"https:\/\/vosgesinfo.fr\/app\/uploads\/sites\/6\/2026\/01\/haie-griselle-gaspard-meier-dimitri-fouque-visite-1.jpg\"><img decoding=\"async\" class=\"alignright size-medium wp-image-87427\" src=\"https:\/\/vosgesinfo.fr\/app\/uploads\/sites\/6\/2026\/01\/haie-griselle-gaspard-meier-dimitri-fouque-visite-1-300x225.jpg\" alt=\"\" width=\"300\" height=\"225\" srcset=\"https:\/\/vosgesinfo.fr\/app\/uploads\/sites\/6\/2026\/01\/haie-griselle-gaspard-meier-dimitri-fouque-visite-1-300x225.jpg 300w, https:\/\/vosgesinfo.fr\/app\/uploads\/sites\/6\/2026\/01\/haie-griselle-gaspard-meier-dimitri-fouque-visite-1-1024x768.jpg 1024w, https:\/\/vosgesinfo.fr\/app\/uploads\/sites\/6\/2026\/01\/haie-griselle-gaspard-meier-dimitri-fouque-visite-1-768x576.jpg 768w, https:\/\/vosgesinfo.fr\/app\/uploads\/sites\/6\/2026\/01\/haie-griselle-gaspard-meier-dimitri-fouque-visite-1.jpg 1440w\" sizes=\"(max-width: 300px) 100vw, 300px\" \/><\/a>Cette rencontre avait lieu dans le cadre du projet Parcours Avenir \u00ab\u00a0Les coulisses de Fantastic&rsquo;Art\u00a0\u00bb sur lequel travaille le groupe d&rsquo;\u00e9l\u00e8ves et leur enseignante r\u00e9f\u00e9rente Jo\u00eblle Dieudonn\u00e9 depuis pr\u00e8s de trois semaines : \u00ab\u00a0Ce projet est en lien avec le festival qui leur a concoct\u00e9 un programme de rencontres et de visites relativement vari\u00e9s. Ils sont d\u00e9j\u00e0 all\u00e9s au Grand H\u00f4tel qui accueille les membres du jury et les invit\u00e9s d&rsquo;honneur du festival, au lyc\u00e9e h\u00f4telier o\u00f9 ils ont pu d\u00e9couvrir les diff\u00e9rentes fili\u00e8res et formations propos\u00e9es, ils iront \u00e9galement au CFA papetier ou encore au grimoire du festival o\u00f9 ils \u00e9changeront avec des auteurs. L&rsquo;objectif est de leur faire d\u00e9couvrir qu&rsquo;on peut faire de belles choses au niveau local gr\u00e2ce aux liens entre les professionnels, les collectivit\u00e9s locales, le milieu associatif, etc. \u00bb, pr\u00e9cise-t-elle.<\/p>\n<p>Mais ce mardi, c&rsquo;est bien du m\u00e9tier de com\u00e9dien dont il \u00e9tait question, et les coll\u00e9giens ont pu librement interroger leurs 4 invit\u00e9s qui ont librement \u00e9voqu\u00e9 leurs parcours, les avantages et inconv\u00e9nients\/contraintes de leur m\u00e9tier, mais aussi de celui de r\u00e9alisateur concernant Gaspard. Un \u00e9change passionnant pour l&rsquo;ensemble des participants, \u00e9l\u00e8ves comme adultes. \u00ab\u00a0Une pr\u00e9sentation du projet et de leurs diff\u00e9rents travaux est pr\u00e9vue lors de nos portes ouvertes du 7 mars prochain, et au mois d&rsquo;avril lors de la journ\u00e9e d\u00e9di\u00e9e \u00e0 l&rsquo;orientation\u00a0\u00bb, conclut Jo\u00eblle Dieudonn\u00e9.<\/p>\n","protected":false},"excerpt":{"rendered":"<p>Mercredi matin, les organisateurs du Festival du film fantastique ainsi que Loris Mougel, pr\u00e9sident du groupement h\u00f4telier de G\u00e9rardmer, ont [&hellip;]<\/p>\n","protected":false},"author":42,"featured_media":87430,"comment_status":"open","ping_status":"open","sticky":false,"template":"","format":"standard","meta":{"footnotes":""},"categories":[20,4,5647,18],"tags":[5257,311,6560,8240,8239],"class_list":["post-87426","post","type-post","status-publish","format-standard","has-post-thumbnail","hentry","category-a-la-une","category-culture","category-gerardmer-autres-sites","category-vosges","tag-capucine-valmary","tag-cite-scolaire-la-haie-griselle","tag-dimitri-fouque","tag-ewen-guigon","tag-gaspard-meier"],"acf":[],"yoast_head":"<!-- This site is optimized with the Yoast SEO plugin v22.5 - https:\/\/yoast.com\/wordpress\/plugins\/seo\/ -->\n<title>Gaspard Meier, Dimitri Fouque, Capucine Valmary et Ewen Guigon rendent visite \u00e0 un groupe de coll\u00e9giens - Gerardmer Info<\/title>\n<meta name=\"robots\" content=\"index, follow, max-snippet:-1, max-image-preview:large, max-video-preview:-1\" \/>\n<link rel=\"canonical\" href=\"https:\/\/vosgesinfo.fr\/gerardmerinfo\/2026\/01\/gaspard-meier-dimitri-fouque-capucine-valmary-et-ewen-guigon-rendent-visite-a-un-groupe-de-collegien\/\" \/>\n<meta name=\"twitter:card\" content=\"summary_large_image\" \/>\n<meta name=\"twitter:title\" content=\"Gaspard Meier, Dimitri Fouque, Capucine Valmary et Ewen Guigon rendent visite \u00e0 un groupe de coll\u00e9giens - Gerardmer Info\" \/>\n<meta name=\"twitter:description\" content=\"Mercredi matin, les organisateurs du Festival du film fantastique ainsi que Loris Mougel, pr\u00e9sident du groupement h\u00f4telier de G\u00e9rardmer, ont [&hellip;]\" \/>\n<meta name=\"twitter:image\" content=\"https:\/\/vosgesinfo.fr\/app\/uploads\/sites\/6\/2026\/01\/haie-griselle-gaspard-meier-dimitri-fouque-visite-4.jpg\" \/>\n<meta name=\"twitter:creator\" content=\"@VosgesInfo88\" \/>\n<meta name=\"twitter:site\" content=\"@VosgesInfo88\" \/>\n<meta name=\"twitter:label1\" content=\"\u00c9crit par\" \/>\n\t<meta name=\"twitter:data1\" content=\"QG\" \/>\n\t<meta name=\"twitter:label2\" content=\"Dur\u00e9e de lecture estim\u00e9e\" \/>\n\t<meta name=\"twitter:data2\" content=\"3 minutes\" \/>\n<script type=\"application\/ld+json\" class=\"yoast-schema-graph\">{\"@context\":\"https:\/\/schema.org\",\"@graph\":[{\"@type\":\"Article\",\"@id\":\"https:\/\/vosgesinfo.fr\/gerardmerinfo\/2026\/01\/gaspard-meier-dimitri-fouque-capucine-valmary-et-ewen-guigon-rendent-visite-a-un-groupe-de-collegien\/#article\",\"isPartOf\":{\"@id\":\"https:\/\/vosgesinfo.fr\/gerardmerinfo\/2026\/01\/gaspard-meier-dimitri-fouque-capucine-valmary-et-ewen-guigon-rendent-visite-a-un-groupe-de-collegien\/\"},\"author\":{\"name\":\"QG\",\"@id\":\"https:\/\/vosgesinfo.fr\/gerardmerinfo\/#\/schema\/person\/db5605779a843dad16b5368f3e7613a5\"},\"headline\":\"Gaspard Meier, Dimitri Fouque, Capucine Valmary et Ewen Guigon rendent visite \u00e0 un groupe de coll\u00e9giens\",\"datePublished\":\"2026-01-28T22:00:27+00:00\",\"dateModified\":\"2026-01-30T12:43:12+00:00\",\"mainEntityOfPage\":{\"@id\":\"https:\/\/vosgesinfo.fr\/gerardmerinfo\/2026\/01\/gaspard-meier-dimitri-fouque-capucine-valmary-et-ewen-guigon-rendent-visite-a-un-groupe-de-collegien\/\"},\"wordCount\":412,\"commentCount\":1,\"publisher\":{\"@id\":\"https:\/\/vosgesinfo.fr\/gerardmerinfo\/#organization\"},\"image\":{\"@id\":\"https:\/\/vosgesinfo.fr\/gerardmerinfo\/2026\/01\/gaspard-meier-dimitri-fouque-capucine-valmary-et-ewen-guigon-rendent-visite-a-un-groupe-de-collegien\/#primaryimage\"},\"thumbnailUrl\":\"https:\/\/vosgesinfo.fr\/app\/uploads\/sites\/6\/2026\/01\/haie-griselle-gaspard-meier-dimitri-fouque-visite-4.jpg\",\"keywords\":[\"Capucine Valmary\",\"Cit\u00e9 scolaire La Haie Griselle\",\"Dimitri FOUQUE\",\"Ewen Guigon\",\"gaspard Meier\"],\"articleSection\":[\"A la une\",\"Culture\",\"Gerardmer\",\"Vosges\"],\"inLanguage\":\"fr-FR\",\"potentialAction\":[{\"@type\":\"CommentAction\",\"name\":\"Comment\",\"target\":[\"https:\/\/vosgesinfo.fr\/gerardmerinfo\/2026\/01\/gaspard-meier-dimitri-fouque-capucine-valmary-et-ewen-guigon-rendent-visite-a-un-groupe-de-collegien\/#respond\"]}]},{\"@type\":\"WebPage\",\"@id\":\"https:\/\/vosgesinfo.fr\/gerardmerinfo\/2026\/01\/gaspard-meier-dimitri-fouque-capucine-valmary-et-ewen-guigon-rendent-visite-a-un-groupe-de-collegien\/\",\"url\":\"https:\/\/vosgesinfo.fr\/gerardmerinfo\/2026\/01\/gaspard-meier-dimitri-fouque-capucine-valmary-et-ewen-guigon-rendent-visite-a-un-groupe-de-collegien\/\",\"name\":\"Gaspard Meier, Dimitri Fouque, Capucine Valmary et Ewen Guigon rendent visite \u00e0 un groupe de coll\u00e9giens - Gerardmer Info\",\"isPartOf\":{\"@id\":\"https:\/\/vosgesinfo.fr\/gerardmerinfo\/#website\"},\"primaryImageOfPage\":{\"@id\":\"https:\/\/vosgesinfo.fr\/gerardmerinfo\/2026\/01\/gaspard-meier-dimitri-fouque-capucine-valmary-et-ewen-guigon-rendent-visite-a-un-groupe-de-collegien\/#primaryimage\"},\"image\":{\"@id\":\"https:\/\/vosgesinfo.fr\/gerardmerinfo\/2026\/01\/gaspard-meier-dimitri-fouque-capucine-valmary-et-ewen-guigon-rendent-visite-a-un-groupe-de-collegien\/#primaryimage\"},\"thumbnailUrl\":\"https:\/\/vosgesinfo.fr\/app\/uploads\/sites\/6\/2026\/01\/haie-griselle-gaspard-meier-dimitri-fouque-visite-4.jpg\",\"datePublished\":\"2026-01-28T22:00:27+00:00\",\"dateModified\":\"2026-01-30T12:43:12+00:00\",\"breadcrumb\":{\"@id\":\"https:\/\/vosgesinfo.fr\/gerardmerinfo\/2026\/01\/gaspard-meier-dimitri-fouque-capucine-valmary-et-ewen-guigon-rendent-visite-a-un-groupe-de-collegien\/#breadcrumb\"},\"inLanguage\":\"fr-FR\",\"potentialAction\":[{\"@type\":\"ReadAction\",\"target\":[\"https:\/\/vosgesinfo.fr\/gerardmerinfo\/2026\/01\/gaspard-meier-dimitri-fouque-capucine-valmary-et-ewen-guigon-rendent-visite-a-un-groupe-de-collegien\/\"]}]},{\"@type\":\"ImageObject\",\"inLanguage\":\"fr-FR\",\"@id\":\"https:\/\/vosgesinfo.fr\/gerardmerinfo\/2026\/01\/gaspard-meier-dimitri-fouque-capucine-valmary-et-ewen-guigon-rendent-visite-a-un-groupe-de-collegien\/#primaryimage\",\"url\":\"https:\/\/vosgesinfo.fr\/app\/uploads\/sites\/6\/2026\/01\/haie-griselle-gaspard-meier-dimitri-fouque-visite-4.jpg\",\"contentUrl\":\"https:\/\/vosgesinfo.fr\/app\/uploads\/sites\/6\/2026\/01\/haie-griselle-gaspard-meier-dimitri-fouque-visite-4.jpg\",\"width\":1440,\"height\":1080,\"caption\":\"Au centre, Gaspard Meier r\u00e9pond aux questions des \u00e9l\u00e8ves.\"},{\"@type\":\"BreadcrumbList\",\"@id\":\"https:\/\/vosgesinfo.fr\/gerardmerinfo\/2026\/01\/gaspard-meier-dimitri-fouque-capucine-valmary-et-ewen-guigon-rendent-visite-a-un-groupe-de-collegien\/#breadcrumb\",\"itemListElement\":[{\"@type\":\"ListItem\",\"position\":1,\"name\":\"Home\",\"item\":\"https:\/\/vosgesinfo.fr\/gerardmerinfo\/\"},{\"@type\":\"ListItem\",\"position\":2,\"name\":\"Gaspard Meier, Dimitri Fouque, Capucine Valmary et Ewen Guigon rendent visite \u00e0 un groupe de coll\u00e9giens\"}]},{\"@type\":\"WebSite\",\"@id\":\"https:\/\/vosgesinfo.fr\/gerardmerinfo\/#website\",\"url\":\"https:\/\/vosgesinfo.fr\/gerardmerinfo\/\",\"name\":\"Gerardmer Info\",\"description\":\"Toute l&#039;actualit\u00e9 de G\u00e9rardmer\",\"publisher\":{\"@id\":\"https:\/\/vosgesinfo.fr\/gerardmerinfo\/#organization\"},\"alternateName\":\"Toute l'actualit\u00e9 de G\u00e9rardmer\",\"potentialAction\":[{\"@type\":\"SearchAction\",\"target\":{\"@type\":\"EntryPoint\",\"urlTemplate\":\"https:\/\/vosgesinfo.fr\/gerardmerinfo\/?s={search_term_string}\"},\"query-input\":\"required name=search_term_string\"}],\"inLanguage\":\"fr-FR\"},{\"@type\":\"Organization\",\"@id\":\"https:\/\/vosgesinfo.fr\/gerardmerinfo\/#organization\",\"name\":\"Gerardmer Info\",\"url\":\"https:\/\/vosgesinfo.fr\/gerardmerinfo\/\",\"logo\":{\"@type\":\"ImageObject\",\"inLanguage\":\"fr-FR\",\"@id\":\"https:\/\/vosgesinfo.fr\/gerardmerinfo\/#\/schema\/logo\/image\/\",\"url\":\"https:\/\/vosgesinfo.fr\/app\/uploads\/sites\/6\/2023\/08\/favicon-gerardmerinfo.png\",\"contentUrl\":\"https:\/\/vosgesinfo.fr\/app\/uploads\/sites\/6\/2023\/08\/favicon-gerardmerinfo.png\",\"width\":512,\"height\":512,\"caption\":\"Gerardmer Info\"},\"image\":{\"@id\":\"https:\/\/vosgesinfo.fr\/gerardmerinfo\/#\/schema\/logo\/image\/\"},\"sameAs\":[\"https:\/\/www.facebook.com\/profile.php?id=100049475262660\",\"https:\/\/x.com\/VosgesInfo88\",\"https:\/\/www.youtube.com\/@vosgesinfo\"]},{\"@type\":\"Person\",\"@id\":\"https:\/\/vosgesinfo.fr\/gerardmerinfo\/#\/schema\/person\/db5605779a843dad16b5368f3e7613a5\",\"name\":\"QG\",\"image\":{\"@type\":\"ImageObject\",\"inLanguage\":\"fr-FR\",\"@id\":\"https:\/\/vosgesinfo.fr\/gerardmerinfo\/#\/schema\/person\/image\/\",\"url\":\"https:\/\/secure.gravatar.com\/avatar\/ea80c42c204b534408512832fde52504ecabb9706bcb6151cf6175e5b64e6793?s=96&d=mm&r=g\",\"contentUrl\":\"https:\/\/secure.gravatar.com\/avatar\/ea80c42c204b534408512832fde52504ecabb9706bcb6151cf6175e5b64e6793?s=96&d=mm&r=g\",\"caption\":\"QG\"},\"url\":\"https:\/\/vosgesinfo.fr\/gerardmerinfo\/author\/quentin88\/\"}]}<\/script>\n<!-- \/ Yoast SEO plugin. -->","yoast_head_json":{"title":"Gaspard Meier, Dimitri Fouque, Capucine Valmary et Ewen Guigon rendent visite \u00e0 un groupe de coll\u00e9giens - Gerardmer Info","robots":{"index":"index","follow":"follow","max-snippet":"max-snippet:-1","max-image-preview":"max-image-preview:large","max-video-preview":"max-video-preview:-1"},"canonical":"https:\/\/vosgesinfo.fr\/gerardmerinfo\/2026\/01\/gaspard-meier-dimitri-fouque-capucine-valmary-et-ewen-guigon-rendent-visite-a-un-groupe-de-collegien\/","twitter_card":"summary_large_image","twitter_title":"Gaspard Meier, Dimitri Fouque, Capucine Valmary et Ewen Guigon rendent visite \u00e0 un groupe de coll\u00e9giens - Gerardmer Info","twitter_description":"Mercredi matin, les organisateurs du Festival du film fantastique ainsi que Loris Mougel, pr\u00e9sident du groupement h\u00f4telier de G\u00e9rardmer, ont [&hellip;]","twitter_image":"https:\/\/vosgesinfo.fr\/app\/uploads\/sites\/6\/2026\/01\/haie-griselle-gaspard-meier-dimitri-fouque-visite-4.jpg","twitter_creator":"@VosgesInfo88","twitter_site":"@VosgesInfo88","twitter_misc":{"\u00c9crit par":"QG","Dur\u00e9e de lecture estim\u00e9e":"3 minutes"},"schema":{"@context":"https:\/\/schema.org","@graph":[{"@type":"Article","@id":"https:\/\/vosgesinfo.fr\/gerardmerinfo\/2026\/01\/gaspard-meier-dimitri-fouque-capucine-valmary-et-ewen-guigon-rendent-visite-a-un-groupe-de-collegien\/#article","isPartOf":{"@id":"https:\/\/vosgesinfo.fr\/gerardmerinfo\/2026\/01\/gaspard-meier-dimitri-fouque-capucine-valmary-et-ewen-guigon-rendent-visite-a-un-groupe-de-collegien\/"},"author":{"name":"QG","@id":"https:\/\/vosgesinfo.fr\/gerardmerinfo\/#\/schema\/person\/db5605779a843dad16b5368f3e7613a5"},"headline":"Gaspard Meier, Dimitri Fouque, Capucine Valmary et Ewen Guigon rendent visite \u00e0 un groupe de coll\u00e9giens","datePublished":"2026-01-28T22:00:27+00:00","dateModified":"2026-01-30T12:43:12+00:00","mainEntityOfPage":{"@id":"https:\/\/vosgesinfo.fr\/gerardmerinfo\/2026\/01\/gaspard-meier-dimitri-fouque-capucine-valmary-et-ewen-guigon-rendent-visite-a-un-groupe-de-collegien\/"},"wordCount":412,"commentCount":1,"publisher":{"@id":"https:\/\/vosgesinfo.fr\/gerardmerinfo\/#organization"},"image":{"@id":"https:\/\/vosgesinfo.fr\/gerardmerinfo\/2026\/01\/gaspard-meier-dimitri-fouque-capucine-valmary-et-ewen-guigon-rendent-visite-a-un-groupe-de-collegien\/#primaryimage"},"thumbnailUrl":"https:\/\/vosgesinfo.fr\/app\/uploads\/sites\/6\/2026\/01\/haie-griselle-gaspard-meier-dimitri-fouque-visite-4.jpg","keywords":["Capucine Valmary","Cit\u00e9 scolaire La Haie Griselle","Dimitri FOUQUE","Ewen Guigon","gaspard Meier"],"articleSection":["A la une","Culture","Gerardmer","Vosges"],"inLanguage":"fr-FR","potentialAction":[{"@type":"CommentAction","name":"Comment","target":["https:\/\/vosgesinfo.fr\/gerardmerinfo\/2026\/01\/gaspard-meier-dimitri-fouque-capucine-valmary-et-ewen-guigon-rendent-visite-a-un-groupe-de-collegien\/#respond"]}]},{"@type":"WebPage","@id":"https:\/\/vosgesinfo.fr\/gerardmerinfo\/2026\/01\/gaspard-meier-dimitri-fouque-capucine-valmary-et-ewen-guigon-rendent-visite-a-un-groupe-de-collegien\/","url":"https:\/\/vosgesinfo.fr\/gerardmerinfo\/2026\/01\/gaspard-meier-dimitri-fouque-capucine-valmary-et-ewen-guigon-rendent-visite-a-un-groupe-de-collegien\/","name":"Gaspard Meier, Dimitri Fouque, Capucine Valmary et Ewen Guigon rendent visite \u00e0 un groupe de coll\u00e9giens - Gerardmer Info","isPartOf":{"@id":"https:\/\/vosgesinfo.fr\/gerardmerinfo\/#website"},"primaryImageOfPage":{"@id":"https:\/\/vosgesinfo.fr\/gerardmerinfo\/2026\/01\/gaspard-meier-dimitri-fouque-capucine-valmary-et-ewen-guigon-rendent-visite-a-un-groupe-de-collegien\/#primaryimage"},"image":{"@id":"https:\/\/vosgesinfo.fr\/gerardmerinfo\/2026\/01\/gaspard-meier-dimitri-fouque-capucine-valmary-et-ewen-guigon-rendent-visite-a-un-groupe-de-collegien\/#primaryimage"},"thumbnailUrl":"https:\/\/vosgesinfo.fr\/app\/uploads\/sites\/6\/2026\/01\/haie-griselle-gaspard-meier-dimitri-fouque-visite-4.jpg","datePublished":"2026-01-28T22:00:27+00:00","dateModified":"2026-01-30T12:43:12+00:00","breadcrumb":{"@id":"https:\/\/vosgesinfo.fr\/gerardmerinfo\/2026\/01\/gaspard-meier-dimitri-fouque-capucine-valmary-et-ewen-guigon-rendent-visite-a-un-groupe-de-collegien\/#breadcrumb"},"inLanguage":"fr-FR","potentialAction":[{"@type":"ReadAction","target":["https:\/\/vosgesinfo.fr\/gerardmerinfo\/2026\/01\/gaspard-meier-dimitri-fouque-capucine-valmary-et-ewen-guigon-rendent-visite-a-un-groupe-de-collegien\/"]}]},{"@type":"ImageObject","inLanguage":"fr-FR","@id":"https:\/\/vosgesinfo.fr\/gerardmerinfo\/2026\/01\/gaspard-meier-dimitri-fouque-capucine-valmary-et-ewen-guigon-rendent-visite-a-un-groupe-de-collegien\/#primaryimage","url":"https:\/\/vosgesinfo.fr\/app\/uploads\/sites\/6\/2026\/01\/haie-griselle-gaspard-meier-dimitri-fouque-visite-4.jpg","contentUrl":"https:\/\/vosgesinfo.fr\/app\/uploads\/sites\/6\/2026\/01\/haie-griselle-gaspard-meier-dimitri-fouque-visite-4.jpg","width":1440,"height":1080,"caption":"Au centre, Gaspard Meier r\u00e9pond aux questions des \u00e9l\u00e8ves."},{"@type":"BreadcrumbList","@id":"https:\/\/vosgesinfo.fr\/gerardmerinfo\/2026\/01\/gaspard-meier-dimitri-fouque-capucine-valmary-et-ewen-guigon-rendent-visite-a-un-groupe-de-collegien\/#breadcrumb","itemListElement":[{"@type":"ListItem","position":1,"name":"Home","item":"https:\/\/vosgesinfo.fr\/gerardmerinfo\/"},{"@type":"ListItem","position":2,"name":"Gaspard Meier, Dimitri Fouque, Capucine Valmary et Ewen Guigon rendent visite \u00e0 un groupe de coll\u00e9giens"}]},{"@type":"WebSite","@id":"https:\/\/vosgesinfo.fr\/gerardmerinfo\/#website","url":"https:\/\/vosgesinfo.fr\/gerardmerinfo\/","name":"Gerardmer Info","description":"Toute l&#039;actualit\u00e9 de G\u00e9rardmer","publisher":{"@id":"https:\/\/vosgesinfo.fr\/gerardmerinfo\/#organization"},"alternateName":"Toute l'actualit\u00e9 de G\u00e9rardmer","potentialAction":[{"@type":"SearchAction","target":{"@type":"EntryPoint","urlTemplate":"https:\/\/vosgesinfo.fr\/gerardmerinfo\/?s={search_term_string}"},"query-input":"required name=search_term_string"}],"inLanguage":"fr-FR"},{"@type":"Organization","@id":"https:\/\/vosgesinfo.fr\/gerardmerinfo\/#organization","name":"Gerardmer Info","url":"https:\/\/vosgesinfo.fr\/gerardmerinfo\/","logo":{"@type":"ImageObject","inLanguage":"fr-FR","@id":"https:\/\/vosgesinfo.fr\/gerardmerinfo\/#\/schema\/logo\/image\/","url":"https:\/\/vosgesinfo.fr\/app\/uploads\/sites\/6\/2023\/08\/favicon-gerardmerinfo.png","contentUrl":"https:\/\/vosgesinfo.fr\/app\/uploads\/sites\/6\/2023\/08\/favicon-gerardmerinfo.png","width":512,"height":512,"caption":"Gerardmer Info"},"image":{"@id":"https:\/\/vosgesinfo.fr\/gerardmerinfo\/#\/schema\/logo\/image\/"},"sameAs":["https:\/\/www.facebook.com\/profile.php?id=100049475262660","https:\/\/x.com\/VosgesInfo88","https:\/\/www.youtube.com\/@vosgesinfo"]},{"@type":"Person","@id":"https:\/\/vosgesinfo.fr\/gerardmerinfo\/#\/schema\/person\/db5605779a843dad16b5368f3e7613a5","name":"QG","image":{"@type":"ImageObject","inLanguage":"fr-FR","@id":"https:\/\/vosgesinfo.fr\/gerardmerinfo\/#\/schema\/person\/image\/","url":"https:\/\/secure.gravatar.com\/avatar\/ea80c42c204b534408512832fde52504ecabb9706bcb6151cf6175e5b64e6793?s=96&d=mm&r=g","contentUrl":"https:\/\/secure.gravatar.com\/avatar\/ea80c42c204b534408512832fde52504ecabb9706bcb6151cf6175e5b64e6793?s=96&d=mm&r=g","caption":"QG"},"url":"https:\/\/vosgesinfo.fr\/gerardmerinfo\/author\/quentin88\/"}]}},"_links":{"self":[{"href":"https:\/\/vosgesinfo.fr\/gerardmerinfo\/wp-json\/wp\/v2\/posts\/87426","targetHints":{"allow":["GET"]}}],"collection":[{"href":"https:\/\/vosgesinfo.fr\/gerardmerinfo\/wp-json\/wp\/v2\/posts"}],"about":[{"href":"https:\/\/vosgesinfo.fr\/gerardmerinfo\/wp-json\/wp\/v2\/types\/post"}],"author":[{"embeddable":true,"href":"https:\/\/vosgesinfo.fr\/gerardmerinfo\/wp-json\/wp\/v2\/users\/42"}],"replies":[{"embeddable":true,"href":"https:\/\/vosgesinfo.fr\/gerardmerinfo\/wp-json\/wp\/v2\/comments?post=87426"}],"version-history":[{"count":4,"href":"https:\/\/vosgesinfo.fr\/gerardmerinfo\/wp-json\/wp\/v2\/posts\/87426\/revisions"}],"predecessor-version":[{"id":87517,"href":"https:\/\/vosgesinfo.fr\/gerardmerinfo\/wp-json\/wp\/v2\/posts\/87426\/revisions\/87517"}],"wp:featuredmedia":[{"embeddable":true,"href":"https:\/\/vosgesinfo.fr\/gerardmerinfo\/wp-json\/wp\/v2\/media\/87430"}],"wp:attachment":[{"href":"https:\/\/vosgesinfo.fr\/gerardmerinfo\/wp-json\/wp\/v2\/media?parent=87426"}],"wp:term":[{"taxonomy":"category","embeddable":true,"href":"https:\/\/vosgesinfo.fr\/gerardmerinfo\/wp-json\/wp\/v2\/categories?post=87426"},{"taxonomy":"post_tag","embeddable":true,"href":"https:\/\/vosgesinfo.fr\/gerardmerinfo\/wp-json\/wp\/v2\/tags?post=87426"}],"curies":[{"name":"wp","href":"https:\/\/api.w.org\/{rel}","templated":true}]}}