{"id":87438,"date":"2026-01-28T18:00:51","date_gmt":"2026-01-28T17:00:51","guid":{"rendered":"https:\/\/vosgesinfo.fr\/gerardmerinfo\/?p=87438"},"modified":"2026-01-28T17:17:57","modified_gmt":"2026-01-28T16:17:57","slug":"gerardmer-prochaine-collecte-de-sang-le-mercredi-4-fevrier","status":"publish","type":"post","link":"https:\/\/vosgesinfo.fr\/gerardmerinfo\/2026\/01\/gerardmer-prochaine-collecte-de-sang-le-mercredi-4-fevrier\/","title":{"rendered":"G\u00e9rardmer &#8211; Prochaine collecte de sang le mercredi 4 f\u00e9vrier"},"content":{"rendered":"<h3 align=\"CENTER\"><span style=\"font-size: 14pt;\" data-olk-copy-source=\"MessageBody\">La prochaine collecte de sang aura lieu le :<\/span><\/h3>\n<p align=\"CENTER\"><span style=\"color: #ff3333; font-size: 14pt;\"><b>MERCREDI 4 F\u00c9VRIER 2026<\/b><\/span><\/p>\n<p align=\"CENTER\"><span style=\"color: #ff3333; font-size: 14pt;\"><b>de 8h30 \u00e0 12h30 et de 15h30 \u00e0 19h30<\/b><\/span><\/p>\n<p align=\"CENTER\"><span style=\"color: #ff3333; font-size: 14pt;\"><b>Espace Tilleul \u00e0 G\u00e9rardmer<\/b><\/span><\/p>\n<p><span style=\"font-size: 14pt;\">Cette collecte \u00e9v\u00e9nementielle \u00ab\u00a0<span style=\"color: #990099;\"><b>Mon<\/b><\/span><b> <\/b><span style=\"color: #ff3333;\"><b>sang<\/b><\/span><b> <\/b><span style=\"color: #990099;\"><b>pour les autres<\/b><\/span><span style=\"color: #990099;\">\u00a0<\/span>\u00bb se d\u00e9roulera toute la journ\u00e9e dans une ambiance festive avec animations musicales en partenariat avec le Club Rotary de G\u00e9rardmer.<\/span><\/p>\n<p><span style=\"font-size: x-large;\"><span style=\"font-size: 14pt;\">A l&rsquo;issue de votre don, vous pourrez appr\u00e9cier une collation gourmande pr\u00e9par\u00e9e par le Lyc\u00e9e H\u00f4telier de G\u00e9rardmer et les membres du Rotary.<\/span> <\/span><\/p>\n<p align=\"LEFT\"><span><u><b>Afin d&rsquo;\u00e9viter une attente trop longue, il est conseill\u00e9 de prendre rendez vous sur le site: <a title=\"http:\/\/dondesang.efs.sante.fr\" href=\"http:\/\/dondesang.efs.sante.fr\" target=\"_blank\" rel=\"noopener noreferrer\" data-auth=\"NotApplicable\" data-linkindex=\"1\">dondesang.efs.sante.fr<\/a><\/b><\/u><\/span><\/p>\n<p align=\"LEFT\"><span style=\"color: #0000ff; font-size: 12pt;\"><span style=\"font-family: Georgia, serif;\"><b>Venez nombreux, m\u00eame sans rendez-vous, encouragez vos proches et vos amis \u00e0 vous accompagner pour accomplir ce geste solidaire. <\/b><\/span><\/span><\/p>\n<p align=\"CENTER\"><span style=\"color: #ff3333; font-size: 12pt;\"><b>Donner son sang, c&rsquo;est sauver des vies.<\/b><\/span><\/p>\n<p align=\"JUSTIFY\"><span style=\"color: #000000;\"><span style=\"font-family: Georgia, serif;\">* <\/span><\/span><span style=\"color: #000000;\"><span style=\"font-family: Georgia, serif;\"><b>Pi\u00e8ce d&rsquo;identit\u00e9 indispensable.<\/b><\/span><\/span><\/p>\n<p><span style=\"color: #000000;\">\u00a0\u00a0\u00a0\u00a0\u00a0\u00a0 <span style=\"font-family: Georgia, serif;\">* Peser au moins 50 kg.<\/span><\/span><\/p>\n<p align=\"JUSTIFY\"><span style=\"color: #000000;\"><span style=\"font-family: Georgia, serif;\"><span>*\u00a0\u00a0 Ne pas \u00eatre \u00e0 jeun mais \u00e9viter de manger des produits gras avant le don.<\/span><\/span><\/span><\/p>\n<p align=\"JUSTIFY\"><span style=\"color: #000000;\"><span style=\"font-family: Georgia, serif;\"><span>*\u00a0 Boire beaucoup d&rsquo;eau avant, pendant et apr\u00e8s le don, il se passera beaucoup mieux <\/span><\/span><\/span><\/p>\n<p align=\"JUSTIFY\"><span style=\"color: #000000;\"><span style=\"font-family: Georgia, serif;\"><span>* \u00a0Peu de m\u00e9dicaments sont contre indiqu\u00e9s, prenez l&rsquo;avis du m\u00e9decin de collecte.<\/span><\/span><\/span><\/p>\n<p align=\"JUSTIFY\"><span style=\"color: #000000;\"><span style=\"font-family: Georgia, serif;\"><span>*\u00a0 Si soins dentaires, respecter un d\u00e9lai d\u20191 jour apr\u00e8s un soin d\u2019une carie ou un d\u00e9tartrage et de 7 jours apr\u00e8s une extraction ou la pose d\u2019une couronne.<\/span><\/span><\/span><\/p>\n<p align=\"JUSTIFY\">\n<p align=\"JUSTIFY\"><span style=\"color: #000000; font-size: 14pt;\"><span style=\"font-family: Georgia, serif;\">Pour information, voici les dates des prochaines collectes pour l&rsquo;ann\u00e9e 2026\u00a0:<\/span><\/span><\/p>\n<p align=\"JUSTIFY\"><span style=\"color: #000000;\"><span style=\"font-family: Georgia, serif;\"><span>Samedi 4 avril \u00e0 G\u00e9rardmer de 15h30 \u00e0 19h30<\/span><\/span><\/span><\/p>\n<p align=\"JUSTIFY\"><span style=\"color: #000000;\"><span style=\"font-family: Georgia, serif;\"><span>Samedi 13 juin \u00e0 G\u00e9rardmer de 8h30 \u00e0 12h <\/span><\/span><\/span><\/p>\n<p align=\"JUSTIFY\"><span style=\"color: #000000;\"><span style=\"font-family: Georgia, serif;\"><span>Jeudi 23 juillet \u00e0 Xonrupt de 16h \u00e0 19h30<\/span><\/span><\/span><\/p>\n<p align=\"JUSTIFY\"><span style=\"color: #000000;\"><span style=\"font-family: Georgia, serif;\"><span>Jeudi 20 ao\u00fbt \u00e0 G\u00e9rardmer de 8h30 \u00e0 12h et 16h \u00e0 19h30<\/span><\/span><\/span><\/p>\n<p align=\"JUSTIFY\"><span style=\"color: #000000;\"><span style=\"font-family: Georgia, serif;\"><span>Vendredi 23 octobre \u00e0 G\u00e9rardmer de 8h30 \u00e0 12h et 16h \u00e0 19h30<\/span><\/span><\/span><\/p>\n<p align=\"JUSTIFY\"><span style=\"color: #000000;\"><span style=\"font-family: Georgia, serif;\"><span>Mardi 22 d\u00e9cembre \u00e0 Xonrupt de 16h \u00e0 19h30<\/span><\/span><\/span><\/p>\n","protected":false},"excerpt":{"rendered":"<p>La prochaine collecte de sang aura lieu le : MERCREDI 4 F\u00c9VRIER 2026 de 8h30 \u00e0 12h30 et de 15h30 [&hellip;]<\/p>\n","protected":false},"author":135,"featured_media":246,"comment_status":"open","ping_status":"open","sticky":false,"template":"","format":"standard","meta":{"footnotes":""},"categories":[20,5647,25,12],"tags":[54],"class_list":["post-87438","post","type-post","status-publish","format-standard","has-post-thumbnail","hentry","category-a-la-une","category-gerardmer-autres-sites","category-gerardmer","category-sante","tag-don-du-sang"],"acf":[],"yoast_head":"<!-- This site is optimized with the Yoast SEO plugin v22.5 - https:\/\/yoast.com\/wordpress\/plugins\/seo\/ -->\n<title>G\u00e9rardmer - Prochaine collecte de sang le mercredi 4 f\u00e9vrier - Gerardmer Info<\/title>\n<meta name=\"robots\" content=\"index, follow, max-snippet:-1, max-image-preview:large, max-video-preview:-1\" \/>\n<link rel=\"canonical\" href=\"https:\/\/vosgesinfo.fr\/gerardmerinfo\/2026\/01\/gerardmer-prochaine-collecte-de-sang-le-mercredi-4-fevrier\/\" \/>\n<meta name=\"twitter:card\" content=\"summary_large_image\" \/>\n<meta name=\"twitter:title\" content=\"G\u00e9rardmer - Prochaine collecte de sang le mercredi 4 f\u00e9vrier - Gerardmer Info\" \/>\n<meta name=\"twitter:description\" content=\"La prochaine collecte de sang aura lieu le : MERCREDI 4 F\u00c9VRIER 2026 de 8h30 \u00e0 12h30 et de 15h30 [&hellip;]\" \/>\n<meta name=\"twitter:image\" content=\"https:\/\/vosgesinfo.fr\/app\/uploads\/sites\/6\/2016\/05\/don-du-sang-5012.jpg\" \/>\n<meta name=\"twitter:creator\" content=\"@VosgesInfo88\" \/>\n<meta name=\"twitter:site\" content=\"@VosgesInfo88\" \/>\n<meta name=\"twitter:label1\" content=\"\u00c9crit par\" \/>\n\t<meta name=\"twitter:data1\" content=\"Amicale Donneurs de Sang B\u00e9n\u00e9voles G\u00e9rardmer-Xonrupt-Li\u00e9zey\" \/>\n\t<meta name=\"twitter:label2\" content=\"Dur\u00e9e de lecture estim\u00e9e\" \/>\n\t<meta name=\"twitter:data2\" content=\"1 minute\" \/>\n<script type=\"application\/ld+json\" class=\"yoast-schema-graph\">{\"@context\":\"https:\/\/schema.org\",\"@graph\":[{\"@type\":\"Article\",\"@id\":\"https:\/\/vosgesinfo.fr\/gerardmerinfo\/2026\/01\/gerardmer-prochaine-collecte-de-sang-le-mercredi-4-fevrier\/#article\",\"isPartOf\":{\"@id\":\"https:\/\/vosgesinfo.fr\/gerardmerinfo\/2026\/01\/gerardmer-prochaine-collecte-de-sang-le-mercredi-4-fevrier\/\"},\"author\":{\"name\":\"Amicale Donneurs de Sang B\u00e9n\u00e9voles G\u00e9rardmer-Xonrupt-Li\u00e9zey\",\"@id\":\"https:\/\/vosgesinfo.fr\/gerardmerinfo\/#\/schema\/person\/085bbc06ef933802c61f0d37bee72fb2\"},\"headline\":\"G\u00e9rardmer &#8211; Prochaine collecte de sang le mercredi 4 f\u00e9vrier\",\"datePublished\":\"2026-01-28T17:00:51+00:00\",\"dateModified\":\"2026-01-28T16:17:57+00:00\",\"mainEntityOfPage\":{\"@id\":\"https:\/\/vosgesinfo.fr\/gerardmerinfo\/2026\/01\/gerardmer-prochaine-collecte-de-sang-le-mercredi-4-fevrier\/\"},\"wordCount\":291,\"commentCount\":0,\"publisher\":{\"@id\":\"https:\/\/vosgesinfo.fr\/gerardmerinfo\/#organization\"},\"image\":{\"@id\":\"https:\/\/vosgesinfo.fr\/gerardmerinfo\/2026\/01\/gerardmer-prochaine-collecte-de-sang-le-mercredi-4-fevrier\/#primaryimage\"},\"thumbnailUrl\":\"https:\/\/vosgesinfo.fr\/app\/uploads\/sites\/6\/2016\/05\/don-du-sang-5012.jpg\",\"keywords\":[\"don du sang\"],\"articleSection\":[\"A la une\",\"Gerardmer\",\"G\u00e9rardmer\",\"Sant\u00e9\"],\"inLanguage\":\"fr-FR\",\"potentialAction\":[{\"@type\":\"CommentAction\",\"name\":\"Comment\",\"target\":[\"https:\/\/vosgesinfo.fr\/gerardmerinfo\/2026\/01\/gerardmer-prochaine-collecte-de-sang-le-mercredi-4-fevrier\/#respond\"]}]},{\"@type\":\"WebPage\",\"@id\":\"https:\/\/vosgesinfo.fr\/gerardmerinfo\/2026\/01\/gerardmer-prochaine-collecte-de-sang-le-mercredi-4-fevrier\/\",\"url\":\"https:\/\/vosgesinfo.fr\/gerardmerinfo\/2026\/01\/gerardmer-prochaine-collecte-de-sang-le-mercredi-4-fevrier\/\",\"name\":\"G\u00e9rardmer - Prochaine collecte de sang le mercredi 4 f\u00e9vrier - Gerardmer Info\",\"isPartOf\":{\"@id\":\"https:\/\/vosgesinfo.fr\/gerardmerinfo\/#website\"},\"primaryImageOfPage\":{\"@id\":\"https:\/\/vosgesinfo.fr\/gerardmerinfo\/2026\/01\/gerardmer-prochaine-collecte-de-sang-le-mercredi-4-fevrier\/#primaryimage\"},\"image\":{\"@id\":\"https:\/\/vosgesinfo.fr\/gerardmerinfo\/2026\/01\/gerardmer-prochaine-collecte-de-sang-le-mercredi-4-fevrier\/#primaryimage\"},\"thumbnailUrl\":\"https:\/\/vosgesinfo.fr\/app\/uploads\/sites\/6\/2016\/05\/don-du-sang-5012.jpg\",\"datePublished\":\"2026-01-28T17:00:51+00:00\",\"dateModified\":\"2026-01-28T16:17:57+00:00\",\"breadcrumb\":{\"@id\":\"https:\/\/vosgesinfo.fr\/gerardmerinfo\/2026\/01\/gerardmer-prochaine-collecte-de-sang-le-mercredi-4-fevrier\/#breadcrumb\"},\"inLanguage\":\"fr-FR\",\"potentialAction\":[{\"@type\":\"ReadAction\",\"target\":[\"https:\/\/vosgesinfo.fr\/gerardmerinfo\/2026\/01\/gerardmer-prochaine-collecte-de-sang-le-mercredi-4-fevrier\/\"]}]},{\"@type\":\"ImageObject\",\"inLanguage\":\"fr-FR\",\"@id\":\"https:\/\/vosgesinfo.fr\/gerardmerinfo\/2026\/01\/gerardmer-prochaine-collecte-de-sang-le-mercredi-4-fevrier\/#primaryimage\",\"url\":\"https:\/\/vosgesinfo.fr\/app\/uploads\/sites\/6\/2016\/05\/don-du-sang-5012.jpg\",\"contentUrl\":\"https:\/\/vosgesinfo.fr\/app\/uploads\/sites\/6\/2016\/05\/don-du-sang-5012.jpg\",\"width\":1024,\"height\":616},{\"@type\":\"BreadcrumbList\",\"@id\":\"https:\/\/vosgesinfo.fr\/gerardmerinfo\/2026\/01\/gerardmer-prochaine-collecte-de-sang-le-mercredi-4-fevrier\/#breadcrumb\",\"itemListElement\":[{\"@type\":\"ListItem\",\"position\":1,\"name\":\"Home\",\"item\":\"https:\/\/vosgesinfo.fr\/gerardmerinfo\/\"},{\"@type\":\"ListItem\",\"position\":2,\"name\":\"G\u00e9rardmer &#8211; Prochaine collecte de sang le mercredi 4 f\u00e9vrier\"}]},{\"@type\":\"WebSite\",\"@id\":\"https:\/\/vosgesinfo.fr\/gerardmerinfo\/#website\",\"url\":\"https:\/\/vosgesinfo.fr\/gerardmerinfo\/\",\"name\":\"Gerardmer Info\",\"description\":\"Toute l&#039;actualit\u00e9 de G\u00e9rardmer\",\"publisher\":{\"@id\":\"https:\/\/vosgesinfo.fr\/gerardmerinfo\/#organization\"},\"alternateName\":\"Toute l'actualit\u00e9 de G\u00e9rardmer\",\"potentialAction\":[{\"@type\":\"SearchAction\",\"target\":{\"@type\":\"EntryPoint\",\"urlTemplate\":\"https:\/\/vosgesinfo.fr\/gerardmerinfo\/?s={search_term_string}\"},\"query-input\":\"required name=search_term_string\"}],\"inLanguage\":\"fr-FR\"},{\"@type\":\"Organization\",\"@id\":\"https:\/\/vosgesinfo.fr\/gerardmerinfo\/#organization\",\"name\":\"Gerardmer Info\",\"url\":\"https:\/\/vosgesinfo.fr\/gerardmerinfo\/\",\"logo\":{\"@type\":\"ImageObject\",\"inLanguage\":\"fr-FR\",\"@id\":\"https:\/\/vosgesinfo.fr\/gerardmerinfo\/#\/schema\/logo\/image\/\",\"url\":\"https:\/\/vosgesinfo.fr\/app\/uploads\/sites\/6\/2023\/08\/favicon-gerardmerinfo.png\",\"contentUrl\":\"https:\/\/vosgesinfo.fr\/app\/uploads\/sites\/6\/2023\/08\/favicon-gerardmerinfo.png\",\"width\":512,\"height\":512,\"caption\":\"Gerardmer Info\"},\"image\":{\"@id\":\"https:\/\/vosgesinfo.fr\/gerardmerinfo\/#\/schema\/logo\/image\/\"},\"sameAs\":[\"https:\/\/www.facebook.com\/profile.php?id=100049475262660\",\"https:\/\/x.com\/VosgesInfo88\",\"https:\/\/www.youtube.com\/@vosgesinfo\"]},{\"@type\":\"Person\",\"@id\":\"https:\/\/vosgesinfo.fr\/gerardmerinfo\/#\/schema\/person\/085bbc06ef933802c61f0d37bee72fb2\",\"name\":\"Amicale Donneurs de Sang B\u00e9n\u00e9voles G\u00e9rardmer-Xonrupt-Li\u00e9zey\",\"image\":{\"@type\":\"ImageObject\",\"inLanguage\":\"fr-FR\",\"@id\":\"https:\/\/vosgesinfo.fr\/gerardmerinfo\/#\/schema\/person\/image\/\",\"url\":\"https:\/\/secure.gravatar.com\/avatar\/342c0762847c6cae763c7832093aa8dac2211f46d2cf8d24cd012526583dbbb5?s=96&d=mm&r=g\",\"contentUrl\":\"https:\/\/secure.gravatar.com\/avatar\/342c0762847c6cae763c7832093aa8dac2211f46d2cf8d24cd012526583dbbb5?s=96&d=mm&r=g\",\"caption\":\"Amicale Donneurs de Sang B\u00e9n\u00e9voles G\u00e9rardmer-Xonrupt-Li\u00e9zey\"},\"url\":\"https:\/\/vosgesinfo.fr\/gerardmerinfo\/author\/adsbgxl\/\"}]}<\/script>\n<!-- \/ Yoast SEO plugin. -->","yoast_head_json":{"title":"G\u00e9rardmer - Prochaine collecte de sang le mercredi 4 f\u00e9vrier - Gerardmer Info","robots":{"index":"index","follow":"follow","max-snippet":"max-snippet:-1","max-image-preview":"max-image-preview:large","max-video-preview":"max-video-preview:-1"},"canonical":"https:\/\/vosgesinfo.fr\/gerardmerinfo\/2026\/01\/gerardmer-prochaine-collecte-de-sang-le-mercredi-4-fevrier\/","twitter_card":"summary_large_image","twitter_title":"G\u00e9rardmer - Prochaine collecte de sang le mercredi 4 f\u00e9vrier - Gerardmer Info","twitter_description":"La prochaine collecte de sang aura lieu le : MERCREDI 4 F\u00c9VRIER 2026 de 8h30 \u00e0 12h30 et de 15h30 [&hellip;]","twitter_image":"https:\/\/vosgesinfo.fr\/app\/uploads\/sites\/6\/2016\/05\/don-du-sang-5012.jpg","twitter_creator":"@VosgesInfo88","twitter_site":"@VosgesInfo88","twitter_misc":{"\u00c9crit par":"Amicale Donneurs de Sang B\u00e9n\u00e9voles G\u00e9rardmer-Xonrupt-Li\u00e9zey","Dur\u00e9e de lecture estim\u00e9e":"1 minute"},"schema":{"@context":"https:\/\/schema.org","@graph":[{"@type":"Article","@id":"https:\/\/vosgesinfo.fr\/gerardmerinfo\/2026\/01\/gerardmer-prochaine-collecte-de-sang-le-mercredi-4-fevrier\/#article","isPartOf":{"@id":"https:\/\/vosgesinfo.fr\/gerardmerinfo\/2026\/01\/gerardmer-prochaine-collecte-de-sang-le-mercredi-4-fevrier\/"},"author":{"name":"Amicale Donneurs de Sang B\u00e9n\u00e9voles G\u00e9rardmer-Xonrupt-Li\u00e9zey","@id":"https:\/\/vosgesinfo.fr\/gerardmerinfo\/#\/schema\/person\/085bbc06ef933802c61f0d37bee72fb2"},"headline":"G\u00e9rardmer &#8211; Prochaine collecte de sang le mercredi 4 f\u00e9vrier","datePublished":"2026-01-28T17:00:51+00:00","dateModified":"2026-01-28T16:17:57+00:00","mainEntityOfPage":{"@id":"https:\/\/vosgesinfo.fr\/gerardmerinfo\/2026\/01\/gerardmer-prochaine-collecte-de-sang-le-mercredi-4-fevrier\/"},"wordCount":291,"commentCount":0,"publisher":{"@id":"https:\/\/vosgesinfo.fr\/gerardmerinfo\/#organization"},"image":{"@id":"https:\/\/vosgesinfo.fr\/gerardmerinfo\/2026\/01\/gerardmer-prochaine-collecte-de-sang-le-mercredi-4-fevrier\/#primaryimage"},"thumbnailUrl":"https:\/\/vosgesinfo.fr\/app\/uploads\/sites\/6\/2016\/05\/don-du-sang-5012.jpg","keywords":["don du sang"],"articleSection":["A la une","Gerardmer","G\u00e9rardmer","Sant\u00e9"],"inLanguage":"fr-FR","potentialAction":[{"@type":"CommentAction","name":"Comment","target":["https:\/\/vosgesinfo.fr\/gerardmerinfo\/2026\/01\/gerardmer-prochaine-collecte-de-sang-le-mercredi-4-fevrier\/#respond"]}]},{"@type":"WebPage","@id":"https:\/\/vosgesinfo.fr\/gerardmerinfo\/2026\/01\/gerardmer-prochaine-collecte-de-sang-le-mercredi-4-fevrier\/","url":"https:\/\/vosgesinfo.fr\/gerardmerinfo\/2026\/01\/gerardmer-prochaine-collecte-de-sang-le-mercredi-4-fevrier\/","name":"G\u00e9rardmer - Prochaine collecte de sang le mercredi 4 f\u00e9vrier - Gerardmer Info","isPartOf":{"@id":"https:\/\/vosgesinfo.fr\/gerardmerinfo\/#website"},"primaryImageOfPage":{"@id":"https:\/\/vosgesinfo.fr\/gerardmerinfo\/2026\/01\/gerardmer-prochaine-collecte-de-sang-le-mercredi-4-fevrier\/#primaryimage"},"image":{"@id":"https:\/\/vosgesinfo.fr\/gerardmerinfo\/2026\/01\/gerardmer-prochaine-collecte-de-sang-le-mercredi-4-fevrier\/#primaryimage"},"thumbnailUrl":"https:\/\/vosgesinfo.fr\/app\/uploads\/sites\/6\/2016\/05\/don-du-sang-5012.jpg","datePublished":"2026-01-28T17:00:51+00:00","dateModified":"2026-01-28T16:17:57+00:00","breadcrumb":{"@id":"https:\/\/vosgesinfo.fr\/gerardmerinfo\/2026\/01\/gerardmer-prochaine-collecte-de-sang-le-mercredi-4-fevrier\/#breadcrumb"},"inLanguage":"fr-FR","potentialAction":[{"@type":"ReadAction","target":["https:\/\/vosgesinfo.fr\/gerardmerinfo\/2026\/01\/gerardmer-prochaine-collecte-de-sang-le-mercredi-4-fevrier\/"]}]},{"@type":"ImageObject","inLanguage":"fr-FR","@id":"https:\/\/vosgesinfo.fr\/gerardmerinfo\/2026\/01\/gerardmer-prochaine-collecte-de-sang-le-mercredi-4-fevrier\/#primaryimage","url":"https:\/\/vosgesinfo.fr\/app\/uploads\/sites\/6\/2016\/05\/don-du-sang-5012.jpg","contentUrl":"https:\/\/vosgesinfo.fr\/app\/uploads\/sites\/6\/2016\/05\/don-du-sang-5012.jpg","width":1024,"height":616},{"@type":"BreadcrumbList","@id":"https:\/\/vosgesinfo.fr\/gerardmerinfo\/2026\/01\/gerardmer-prochaine-collecte-de-sang-le-mercredi-4-fevrier\/#breadcrumb","itemListElement":[{"@type":"ListItem","position":1,"name":"Home","item":"https:\/\/vosgesinfo.fr\/gerardmerinfo\/"},{"@type":"ListItem","position":2,"name":"G\u00e9rardmer &#8211; Prochaine collecte de sang le mercredi 4 f\u00e9vrier"}]},{"@type":"WebSite","@id":"https:\/\/vosgesinfo.fr\/gerardmerinfo\/#website","url":"https:\/\/vosgesinfo.fr\/gerardmerinfo\/","name":"Gerardmer Info","description":"Toute l&#039;actualit\u00e9 de G\u00e9rardmer","publisher":{"@id":"https:\/\/vosgesinfo.fr\/gerardmerinfo\/#organization"},"alternateName":"Toute l'actualit\u00e9 de G\u00e9rardmer","potentialAction":[{"@type":"SearchAction","target":{"@type":"EntryPoint","urlTemplate":"https:\/\/vosgesinfo.fr\/gerardmerinfo\/?s={search_term_string}"},"query-input":"required name=search_term_string"}],"inLanguage":"fr-FR"},{"@type":"Organization","@id":"https:\/\/vosgesinfo.fr\/gerardmerinfo\/#organization","name":"Gerardmer Info","url":"https:\/\/vosgesinfo.fr\/gerardmerinfo\/","logo":{"@type":"ImageObject","inLanguage":"fr-FR","@id":"https:\/\/vosgesinfo.fr\/gerardmerinfo\/#\/schema\/logo\/image\/","url":"https:\/\/vosgesinfo.fr\/app\/uploads\/sites\/6\/2023\/08\/favicon-gerardmerinfo.png","contentUrl":"https:\/\/vosgesinfo.fr\/app\/uploads\/sites\/6\/2023\/08\/favicon-gerardmerinfo.png","width":512,"height":512,"caption":"Gerardmer Info"},"image":{"@id":"https:\/\/vosgesinfo.fr\/gerardmerinfo\/#\/schema\/logo\/image\/"},"sameAs":["https:\/\/www.facebook.com\/profile.php?id=100049475262660","https:\/\/x.com\/VosgesInfo88","https:\/\/www.youtube.com\/@vosgesinfo"]},{"@type":"Person","@id":"https:\/\/vosgesinfo.fr\/gerardmerinfo\/#\/schema\/person\/085bbc06ef933802c61f0d37bee72fb2","name":"Amicale Donneurs de Sang B\u00e9n\u00e9voles G\u00e9rardmer-Xonrupt-Li\u00e9zey","image":{"@type":"ImageObject","inLanguage":"fr-FR","@id":"https:\/\/vosgesinfo.fr\/gerardmerinfo\/#\/schema\/person\/image\/","url":"https:\/\/secure.gravatar.com\/avatar\/342c0762847c6cae763c7832093aa8dac2211f46d2cf8d24cd012526583dbbb5?s=96&d=mm&r=g","contentUrl":"https:\/\/secure.gravatar.com\/avatar\/342c0762847c6cae763c7832093aa8dac2211f46d2cf8d24cd012526583dbbb5?s=96&d=mm&r=g","caption":"Amicale Donneurs de Sang B\u00e9n\u00e9voles G\u00e9rardmer-Xonrupt-Li\u00e9zey"},"url":"https:\/\/vosgesinfo.fr\/gerardmerinfo\/author\/adsbgxl\/"}]}},"_links":{"self":[{"href":"https:\/\/vosgesinfo.fr\/gerardmerinfo\/wp-json\/wp\/v2\/posts\/87438","targetHints":{"allow":["GET"]}}],"collection":[{"href":"https:\/\/vosgesinfo.fr\/gerardmerinfo\/wp-json\/wp\/v2\/posts"}],"about":[{"href":"https:\/\/vosgesinfo.fr\/gerardmerinfo\/wp-json\/wp\/v2\/types\/post"}],"author":[{"embeddable":true,"href":"https:\/\/vosgesinfo.fr\/gerardmerinfo\/wp-json\/wp\/v2\/users\/135"}],"replies":[{"embeddable":true,"href":"https:\/\/vosgesinfo.fr\/gerardmerinfo\/wp-json\/wp\/v2\/comments?post=87438"}],"version-history":[{"count":1,"href":"https:\/\/vosgesinfo.fr\/gerardmerinfo\/wp-json\/wp\/v2\/posts\/87438\/revisions"}],"predecessor-version":[{"id":87439,"href":"https:\/\/vosgesinfo.fr\/gerardmerinfo\/wp-json\/wp\/v2\/posts\/87438\/revisions\/87439"}],"wp:featuredmedia":[{"embeddable":true,"href":"https:\/\/vosgesinfo.fr\/gerardmerinfo\/wp-json\/wp\/v2\/media\/246"}],"wp:attachment":[{"href":"https:\/\/vosgesinfo.fr\/gerardmerinfo\/wp-json\/wp\/v2\/media?parent=87438"}],"wp:term":[{"taxonomy":"category","embeddable":true,"href":"https:\/\/vosgesinfo.fr\/gerardmerinfo\/wp-json\/wp\/v2\/categories?post=87438"},{"taxonomy":"post_tag","embeddable":true,"href":"https:\/\/vosgesinfo.fr\/gerardmerinfo\/wp-json\/wp\/v2\/tags?post=87438"}],"curies":[{"name":"wp","href":"https:\/\/api.w.org\/{rel}","templated":true}]}}