{"id":87442,"date":"2026-01-28T18:48:25","date_gmt":"2026-01-28T17:48:25","guid":{"rendered":"https:\/\/vosgesinfo.fr\/gerardmerinfo\/2026\/01\/huit-sportifs-du-grand-est-au-rendez-vous-des-jo-dhiver-2026-a-milan-cortina-une-equipe-talentueuse-prete-a-briller\/"},"modified":"2026-01-28T18:48:25","modified_gmt":"2026-01-28T17:48:25","slug":"huit-sportifs-du-grand-est-au-rendez-vous-des-jo-dhiver-2026-a-milan-cortina-une-equipe-talentueuse-prete-a-briller","status":"publish","type":"post","link":"https:\/\/vosgesinfo.fr\/gerardmerinfo\/2026\/01\/huit-sportifs-du-grand-est-au-rendez-vous-des-jo-dhiver-2026-a-milan-cortina-une-equipe-talentueuse-prete-a-briller\/","title":{"rendered":"Huit sportifs du Grand Est au rendez-vous des JO d\u2019Hiver 2026 \u00e0 Milan-Cortina : une \u00e9quipe talentueuse pr\u00eate \u00e0 briller"},"content":{"rendered":"<h2 data-start=\"285\" data-end=\"762\"><strong><a href=\"https:\/\/vosgesinfo.fr\/app\/uploads\/sites\/3\/2024\/07\/jeux-olympiques.webp\"><img decoding=\"async\" class=\"aligncenter size-full wp-image-43935\" src=\"https:\/\/vosgesinfo.fr\/app\/uploads\/sites\/3\/2024\/07\/jeux-olympiques.webp\" alt=\"\" width=\"960\" height=\"640\" \/><\/a>Les Jeux Olympiques d\u2019Hiver de Milan-Cortina 2026, qui se d\u00e9rouleront du vendredi 6 au dimanche 22 f\u00e9vrier 2026, s\u2019annoncent comme un grand rendez-vous sportif international. \u00c0 cette occasion, la R\u00e9gion Grand Est pourra compter sur une d\u00e9l\u00e9gation de huit athl\u00e8tes issus de son territoire, s\u00e9lectionn\u00e9s pour repr\u00e9senter la France au plus haut niveau. Une fiert\u00e9 pour la Collectivit\u00e9, qui se f\u00e9licite de leur qualification et leur adresse tous ses encouragements.<\/strong><\/h2>\n<h3 data-start=\"764\" data-end=\"819\">Des athl\u00e8tes d\u2019exception dans plusieurs disciplines<\/h3>\n<p data-start=\"821\" data-end=\"1187\"><strong data-start=\"821\" data-end=\"872\">Violette Braun \u2013 Patinage de vitesse (Bas-Rhin)<\/strong><br data-start=\"872\" data-end=\"875\" \/>Figure montante du patinage de vitesse, <strong data-start=\"915\" data-end=\"933\">Violette Braun<\/strong>, licenci\u00e9e au <strong data-start=\"948\" data-end=\"980\">Bischheim Strasbourg Skating<\/strong>, s\u2019est brillamment qualifi\u00e9e pour ses Jeux Olympiques gr\u00e2ce \u00e0 des performances solides sur le circuit international. Sa r\u00e9gularit\u00e9 et sa d\u00e9termination font d\u2019elle une athl\u00e8te prometteuse pour Milan-Cortina.<\/p>\n<p data-start=\"1189\" data-end=\"1509\"><strong data-start=\"1189\" data-end=\"1231\">Eva Grenouilloux \u2013 Short-track (Marne)<\/strong><br data-start=\"1231\" data-end=\"1234\" \/>Sp\u00e9cialiste du short-track au <strong data-start=\"1264\" data-end=\"1293\">Reims Patinage de Vitesse<\/strong>, <strong data-start=\"1295\" data-end=\"1315\">Eva Grenouilloux<\/strong> participera \u00e0 ses <strong data-start=\"1334\" data-end=\"1362\">premiers Jeux Olympiques<\/strong>. En constante progression au niveau national et international, elle sera \u00e0 suivre de pr\u00e8s, notamment sur les \u00e9preuves individuelles et les relais.<\/p>\n<p data-start=\"1511\" data-end=\"1889\"><strong data-start=\"1511\" data-end=\"1558\">Lorine Schild \u2013 Patinage artistique (Marne)<\/strong><br data-start=\"1558\" data-end=\"1561\" \/>Licenci\u00e9e au <strong data-start=\"1574\" data-end=\"1614\">club de patinage artistique de Reims<\/strong>, <strong data-start=\"1616\" data-end=\"1633\">Lorine Schild<\/strong> s\u2019impose comme l\u2019une des figures fran\u00e7aises du patinage artistique. Championne de France en 2025 et vice-championne en 2026, elle a d\u00e9croch\u00e9 sa qualification pour Milan-Cortina. Membre de la <strong data-start=\"1825\" data-end=\"1843\">Team Grand Est<\/strong>, elle portera haut les couleurs de la r\u00e9gion.<\/p>\n<p data-start=\"1891\" data-end=\"2459\"><strong data-start=\"1891\" data-end=\"1939\">Fabien et \u00c9milien Claude \u2013 Biathlon (Vosges)<\/strong><br data-start=\"1939\" data-end=\"1942\" \/>Le biathlon sera brillamment repr\u00e9sent\u00e9 par les <strong data-start=\"1990\" data-end=\"2025\">fr\u00e8res Fabien et \u00c9milien Claude<\/strong>, issus du club <strong data-start=\"2041\" data-end=\"2075\">Basse-sur-le-Rupt Ski Nordique<\/strong> et soutenus par l\u2019Arm\u00e9e.<br data-start=\"2100\" data-end=\"2103\" \/>Athl\u00e8te confirm\u00e9, <strong data-start=\"2121\" data-end=\"2138\">Fabien Claude<\/strong> s\u2019impose comme l\u2019un des leaders de l\u2019\u00e9quipe de France, fort de son exp\u00e9rience et de r\u00e9cents podiums internationaux. <strong data-start=\"2255\" data-end=\"2273\">\u00c9milien Claude<\/strong>, en pleine ascension, poursuit sa progression et s\u2019affirme au sein du collectif tricolore. Tous deux sont membres de la <strong data-start=\"2394\" data-end=\"2412\">Team Grand Est<\/strong> et nourrissent de fortes ambitions olympiques.<\/p>\n<p data-start=\"2461\" data-end=\"3080\"><strong data-start=\"2461\" data-end=\"2544\">Delphine Claudel, L\u00e9onie Perry et Cl\u00e9mence Didierlaurent \u2013 Ski de fond (Vosges)<\/strong><br data-start=\"2544\" data-end=\"2547\" \/>En ski de fond, le Grand Est comptera sur <strong data-start=\"2589\" data-end=\"2609\">Delphine Claudel<\/strong>, <strong data-start=\"2611\" data-end=\"2627\">L\u00e9onie Perry<\/strong>, toutes deux licenci\u00e9es \u00e0 <strong data-start=\"2654\" data-end=\"2682\">La Bressaude Section Ski<\/strong>, ainsi que <strong data-start=\"2694\" data-end=\"2720\">Cl\u00e9mence Didierlaurent<\/strong>, du <strong data-start=\"2725\" data-end=\"2754\">Ski Club Vagney Rochesson<\/strong>.<br data-start=\"2755\" data-end=\"2758\" \/>R\u00e9f\u00e9rence fran\u00e7aise de la discipline, <strong data-start=\"2796\" data-end=\"2816\">Delphine Claudel<\/strong>, membre de la <strong data-start=\"2831\" data-end=\"2849\">Team Grand Est<\/strong>, figure parmi les athl\u00e8tes capables de viser un <strong data-start=\"2898\" data-end=\"2918\">podium olympique<\/strong>. \u00c0 ses c\u00f4t\u00e9s, <strong data-start=\"2933\" data-end=\"2949\">L\u00e9onie Perry<\/strong> et <strong data-start=\"2953\" data-end=\"2979\">Cl\u00e9mence Didierlaurent<\/strong> d\u00e9couvriront les Jeux Olympiques pour la premi\u00e8re fois, une \u00e9tape majeure de leur carri\u00e8re sportive.<\/p>\n<h3 data-start=\"3082\" data-end=\"3149\">La R\u00e9gion Grand Est, un soutien affirm\u00e9 au sport de haut niveau<\/h3>\n<p data-start=\"3151\" data-end=\"3463\">Depuis <strong data-start=\"3158\" data-end=\"3177\">plus de dix ans<\/strong>, la R\u00e9gion Grand Est m\u00e8ne une politique volontariste en faveur du <strong data-start=\"3244\" data-end=\"3268\">sport de haut niveau<\/strong>, en finan\u00e7ant la cr\u00e9ation et la modernisation d\u2019\u00e9quipements sportifs r\u00e9pondant aux standards f\u00e9d\u00e9raux et internationaux, tout en int\u00e9grant de fortes exigences en mati\u00e8re d\u2019<strong data-start=\"3441\" data-end=\"3462\">\u00e9coresponsabilit\u00e9<\/strong>.<\/p>\n<p data-start=\"3465\" data-end=\"3869\">Propri\u00e9taire des <strong data-start=\"3482\" data-end=\"3555\">Centres de Ressources, d\u2019Expertise et de Performance Sportive (CREPS)<\/strong> de <strong data-start=\"3559\" data-end=\"3589\">Reims, Nancy et Strasbourg<\/strong> depuis 2016, la R\u00e9gion y a engag\u00e9 un <strong data-start=\"3627\" data-end=\"3701\">programme pluriannuel d\u2019investissements de plus de 58 millions d\u2019euros<\/strong>. Ces investissements visent \u00e0 offrir aux sportifs des conditions optimales d\u2019entra\u00eenement, un suivi m\u00e9dical de qualit\u00e9 et un accompagnement socio-professionnel adapt\u00e9.<\/p>\n<p data-start=\"3871\" data-end=\"4111\">Les CREPS du Grand Est ont ainsi vocation \u00e0 \u00eatre de v\u00e9ritables <strong data-start=\"3934\" data-end=\"3957\">p\u00f4les de ressources<\/strong> pour les athl\u00e8tes <strong data-start=\"3976\" data-end=\"4007\">olympiques et paralympiques<\/strong>, contribuant \u00e0 l\u2019\u00e9mergence et \u00e0 la r\u00e9ussite de talents capables de briller sur la sc\u00e8ne internationale.<\/p>\n","protected":false},"excerpt":{"rendered":"<p>Les Jeux Olympiques d\u2019Hiver de Milan-Cortina 2026, qui se d\u00e9rouleront du vendredi 6 au dimanche 22 f\u00e9vrier 2026, s\u2019annoncent comme [&hellip;]<\/p>\n","protected":false},"author":52,"featured_media":87443,"comment_status":"open","ping_status":"open","sticky":false,"template":"","format":"standard","meta":{"footnotes":""},"categories":[20,878,25,328,6079,868,946,14],"tags":[],"class_list":["post-87442","post","type-post","status-publish","format-standard","has-post-thumbnail","hentry","category-a-la-une","category-epinal","category-gerardmer","category-la-plaine-des-vosges","category-region","category-remiremont","category-saint-die","category-sport"],"acf":[],"yoast_head":"<!-- This site is optimized with the Yoast SEO plugin v22.5 - https:\/\/yoast.com\/wordpress\/plugins\/seo\/ -->\n<title>Huit sportifs du Grand Est au rendez-vous des JO d\u2019Hiver 2026 \u00e0 Milan-Cortina : une \u00e9quipe talentueuse pr\u00eate \u00e0 briller - Gerardmer Info<\/title>\n<meta name=\"robots\" content=\"index, follow, max-snippet:-1, max-image-preview:large, max-video-preview:-1\" \/>\n<link rel=\"canonical\" href=\"https:\/\/vosgesinfo.fr\/gerardmerinfo\/2026\/01\/huit-sportifs-du-grand-est-au-rendez-vous-des-jo-dhiver-2026-a-milan-cortina-une-equipe-talentueuse-prete-a-briller\/\" \/>\n<meta name=\"twitter:card\" content=\"summary_large_image\" \/>\n<meta name=\"twitter:title\" content=\"Huit sportifs du Grand Est au rendez-vous des JO d\u2019Hiver 2026 \u00e0 Milan-Cortina : une \u00e9quipe talentueuse pr\u00eate \u00e0 briller - Gerardmer Info\" \/>\n<meta name=\"twitter:description\" content=\"Les Jeux Olympiques d\u2019Hiver de Milan-Cortina 2026, qui se d\u00e9rouleront du vendredi 6 au dimanche 22 f\u00e9vrier 2026, s\u2019annoncent comme [&hellip;]\" \/>\n<meta name=\"twitter:image\" content=\"https:\/\/vosgesinfo.fr\/app\/uploads\/sites\/6\/2026\/01\/jeux-olympiques-1.webp\" \/>\n<meta name=\"twitter:creator\" content=\"@VosgesInfo88\" \/>\n<meta name=\"twitter:site\" content=\"@VosgesInfo88\" \/>\n<meta name=\"twitter:label1\" content=\"\u00c9crit par\" \/>\n\t<meta name=\"twitter:data1\" content=\"C.K.\" \/>\n\t<meta name=\"twitter:label2\" content=\"Dur\u00e9e de lecture estim\u00e9e\" \/>\n\t<meta name=\"twitter:data2\" content=\"3 minutes\" \/>\n<script type=\"application\/ld+json\" class=\"yoast-schema-graph\">{\"@context\":\"https:\/\/schema.org\",\"@graph\":[{\"@type\":\"Article\",\"@id\":\"https:\/\/vosgesinfo.fr\/gerardmerinfo\/2026\/01\/huit-sportifs-du-grand-est-au-rendez-vous-des-jo-dhiver-2026-a-milan-cortina-une-equipe-talentueuse-prete-a-briller\/#article\",\"isPartOf\":{\"@id\":\"https:\/\/vosgesinfo.fr\/gerardmerinfo\/2026\/01\/huit-sportifs-du-grand-est-au-rendez-vous-des-jo-dhiver-2026-a-milan-cortina-une-equipe-talentueuse-prete-a-briller\/\"},\"author\":{\"name\":\"C.K.\",\"@id\":\"https:\/\/vosgesinfo.fr\/gerardmerinfo\/#\/schema\/person\/6f9a650eeea99d969b6c4ab78fccbe81\"},\"headline\":\"Huit sportifs du Grand Est au rendez-vous des JO d\u2019Hiver 2026 \u00e0 Milan-Cortina : une \u00e9quipe talentueuse pr\u00eate \u00e0 briller\",\"datePublished\":\"2026-01-28T17:48:25+00:00\",\"dateModified\":\"2026-01-28T17:48:25+00:00\",\"mainEntityOfPage\":{\"@id\":\"https:\/\/vosgesinfo.fr\/gerardmerinfo\/2026\/01\/huit-sportifs-du-grand-est-au-rendez-vous-des-jo-dhiver-2026-a-milan-cortina-une-equipe-talentueuse-prete-a-briller\/\"},\"wordCount\":616,\"commentCount\":1,\"publisher\":{\"@id\":\"https:\/\/vosgesinfo.fr\/gerardmerinfo\/#organization\"},\"image\":{\"@id\":\"https:\/\/vosgesinfo.fr\/gerardmerinfo\/2026\/01\/huit-sportifs-du-grand-est-au-rendez-vous-des-jo-dhiver-2026-a-milan-cortina-une-equipe-talentueuse-prete-a-briller\/#primaryimage\"},\"thumbnailUrl\":\"https:\/\/vosgesinfo.fr\/app\/uploads\/sites\/6\/2026\/01\/jeux-olympiques-1.webp\",\"articleSection\":[\"A la une\",\"Epinal\",\"G\u00e9rardmer\",\"La plaine des vosges\",\"R\u00e9gion\",\"Remiremont\",\"Saint-di\u00e9\",\"Sport\"],\"inLanguage\":\"fr-FR\",\"potentialAction\":[{\"@type\":\"CommentAction\",\"name\":\"Comment\",\"target\":[\"https:\/\/vosgesinfo.fr\/gerardmerinfo\/2026\/01\/huit-sportifs-du-grand-est-au-rendez-vous-des-jo-dhiver-2026-a-milan-cortina-une-equipe-talentueuse-prete-a-briller\/#respond\"]}]},{\"@type\":\"WebPage\",\"@id\":\"https:\/\/vosgesinfo.fr\/gerardmerinfo\/2026\/01\/huit-sportifs-du-grand-est-au-rendez-vous-des-jo-dhiver-2026-a-milan-cortina-une-equipe-talentueuse-prete-a-briller\/\",\"url\":\"https:\/\/vosgesinfo.fr\/gerardmerinfo\/2026\/01\/huit-sportifs-du-grand-est-au-rendez-vous-des-jo-dhiver-2026-a-milan-cortina-une-equipe-talentueuse-prete-a-briller\/\",\"name\":\"Huit sportifs du Grand Est au rendez-vous des JO d\u2019Hiver 2026 \u00e0 Milan-Cortina : une \u00e9quipe talentueuse pr\u00eate \u00e0 briller - Gerardmer Info\",\"isPartOf\":{\"@id\":\"https:\/\/vosgesinfo.fr\/gerardmerinfo\/#website\"},\"primaryImageOfPage\":{\"@id\":\"https:\/\/vosgesinfo.fr\/gerardmerinfo\/2026\/01\/huit-sportifs-du-grand-est-au-rendez-vous-des-jo-dhiver-2026-a-milan-cortina-une-equipe-talentueuse-prete-a-briller\/#primaryimage\"},\"image\":{\"@id\":\"https:\/\/vosgesinfo.fr\/gerardmerinfo\/2026\/01\/huit-sportifs-du-grand-est-au-rendez-vous-des-jo-dhiver-2026-a-milan-cortina-une-equipe-talentueuse-prete-a-briller\/#primaryimage\"},\"thumbnailUrl\":\"https:\/\/vosgesinfo.fr\/app\/uploads\/sites\/6\/2026\/01\/jeux-olympiques-1.webp\",\"datePublished\":\"2026-01-28T17:48:25+00:00\",\"dateModified\":\"2026-01-28T17:48:25+00:00\",\"breadcrumb\":{\"@id\":\"https:\/\/vosgesinfo.fr\/gerardmerinfo\/2026\/01\/huit-sportifs-du-grand-est-au-rendez-vous-des-jo-dhiver-2026-a-milan-cortina-une-equipe-talentueuse-prete-a-briller\/#breadcrumb\"},\"inLanguage\":\"fr-FR\",\"potentialAction\":[{\"@type\":\"ReadAction\",\"target\":[\"https:\/\/vosgesinfo.fr\/gerardmerinfo\/2026\/01\/huit-sportifs-du-grand-est-au-rendez-vous-des-jo-dhiver-2026-a-milan-cortina-une-equipe-talentueuse-prete-a-briller\/\"]}]},{\"@type\":\"ImageObject\",\"inLanguage\":\"fr-FR\",\"@id\":\"https:\/\/vosgesinfo.fr\/gerardmerinfo\/2026\/01\/huit-sportifs-du-grand-est-au-rendez-vous-des-jo-dhiver-2026-a-milan-cortina-une-equipe-talentueuse-prete-a-briller\/#primaryimage\",\"url\":\"https:\/\/vosgesinfo.fr\/app\/uploads\/sites\/6\/2026\/01\/jeux-olympiques-1.webp\",\"contentUrl\":\"https:\/\/vosgesinfo.fr\/app\/uploads\/sites\/6\/2026\/01\/jeux-olympiques-1.webp\",\"width\":960,\"height\":640},{\"@type\":\"BreadcrumbList\",\"@id\":\"https:\/\/vosgesinfo.fr\/gerardmerinfo\/2026\/01\/huit-sportifs-du-grand-est-au-rendez-vous-des-jo-dhiver-2026-a-milan-cortina-une-equipe-talentueuse-prete-a-briller\/#breadcrumb\",\"itemListElement\":[{\"@type\":\"ListItem\",\"position\":1,\"name\":\"Home\",\"item\":\"https:\/\/vosgesinfo.fr\/gerardmerinfo\/\"},{\"@type\":\"ListItem\",\"position\":2,\"name\":\"Huit sportifs du Grand Est au rendez-vous des JO d\u2019Hiver 2026 \u00e0 Milan-Cortina : une \u00e9quipe talentueuse pr\u00eate \u00e0 briller\"}]},{\"@type\":\"WebSite\",\"@id\":\"https:\/\/vosgesinfo.fr\/gerardmerinfo\/#website\",\"url\":\"https:\/\/vosgesinfo.fr\/gerardmerinfo\/\",\"name\":\"Gerardmer Info\",\"description\":\"Toute l&#039;actualit\u00e9 de G\u00e9rardmer\",\"publisher\":{\"@id\":\"https:\/\/vosgesinfo.fr\/gerardmerinfo\/#organization\"},\"alternateName\":\"Toute l'actualit\u00e9 de G\u00e9rardmer\",\"potentialAction\":[{\"@type\":\"SearchAction\",\"target\":{\"@type\":\"EntryPoint\",\"urlTemplate\":\"https:\/\/vosgesinfo.fr\/gerardmerinfo\/?s={search_term_string}\"},\"query-input\":\"required name=search_term_string\"}],\"inLanguage\":\"fr-FR\"},{\"@type\":\"Organization\",\"@id\":\"https:\/\/vosgesinfo.fr\/gerardmerinfo\/#organization\",\"name\":\"Gerardmer Info\",\"url\":\"https:\/\/vosgesinfo.fr\/gerardmerinfo\/\",\"logo\":{\"@type\":\"ImageObject\",\"inLanguage\":\"fr-FR\",\"@id\":\"https:\/\/vosgesinfo.fr\/gerardmerinfo\/#\/schema\/logo\/image\/\",\"url\":\"https:\/\/vosgesinfo.fr\/app\/uploads\/sites\/6\/2023\/08\/favicon-gerardmerinfo.png\",\"contentUrl\":\"https:\/\/vosgesinfo.fr\/app\/uploads\/sites\/6\/2023\/08\/favicon-gerardmerinfo.png\",\"width\":512,\"height\":512,\"caption\":\"Gerardmer Info\"},\"image\":{\"@id\":\"https:\/\/vosgesinfo.fr\/gerardmerinfo\/#\/schema\/logo\/image\/\"},\"sameAs\":[\"https:\/\/www.facebook.com\/profile.php?id=100049475262660\",\"https:\/\/x.com\/VosgesInfo88\",\"https:\/\/www.youtube.com\/@vosgesinfo\"]},{\"@type\":\"Person\",\"@id\":\"https:\/\/vosgesinfo.fr\/gerardmerinfo\/#\/schema\/person\/6f9a650eeea99d969b6c4ab78fccbe81\",\"name\":\"C.K.\",\"image\":{\"@type\":\"ImageObject\",\"inLanguage\":\"fr-FR\",\"@id\":\"https:\/\/vosgesinfo.fr\/gerardmerinfo\/#\/schema\/person\/image\/\",\"url\":\"https:\/\/secure.gravatar.com\/avatar\/48e3fc7f8421ba8942be6b74a2b7f014ca39bc00dece156b7a8e098ae7dc87bf?s=96&d=mm&r=g\",\"contentUrl\":\"https:\/\/secure.gravatar.com\/avatar\/48e3fc7f8421ba8942be6b74a2b7f014ca39bc00dece156b7a8e098ae7dc87bf?s=96&d=mm&r=g\",\"caption\":\"C.K.\"},\"url\":\"https:\/\/vosgesinfo.fr\/gerardmerinfo\/author\/celia-k-n\/\"}]}<\/script>\n<!-- \/ Yoast SEO plugin. -->","yoast_head_json":{"title":"Huit sportifs du Grand Est au rendez-vous des JO d\u2019Hiver 2026 \u00e0 Milan-Cortina : une \u00e9quipe talentueuse pr\u00eate \u00e0 briller - Gerardmer Info","robots":{"index":"index","follow":"follow","max-snippet":"max-snippet:-1","max-image-preview":"max-image-preview:large","max-video-preview":"max-video-preview:-1"},"canonical":"https:\/\/vosgesinfo.fr\/gerardmerinfo\/2026\/01\/huit-sportifs-du-grand-est-au-rendez-vous-des-jo-dhiver-2026-a-milan-cortina-une-equipe-talentueuse-prete-a-briller\/","twitter_card":"summary_large_image","twitter_title":"Huit sportifs du Grand Est au rendez-vous des JO d\u2019Hiver 2026 \u00e0 Milan-Cortina : une \u00e9quipe talentueuse pr\u00eate \u00e0 briller - Gerardmer Info","twitter_description":"Les Jeux Olympiques d\u2019Hiver de Milan-Cortina 2026, qui se d\u00e9rouleront du vendredi 6 au dimanche 22 f\u00e9vrier 2026, s\u2019annoncent comme [&hellip;]","twitter_image":"https:\/\/vosgesinfo.fr\/app\/uploads\/sites\/6\/2026\/01\/jeux-olympiques-1.webp","twitter_creator":"@VosgesInfo88","twitter_site":"@VosgesInfo88","twitter_misc":{"\u00c9crit par":"C.K.","Dur\u00e9e de lecture estim\u00e9e":"3 minutes"},"schema":{"@context":"https:\/\/schema.org","@graph":[{"@type":"Article","@id":"https:\/\/vosgesinfo.fr\/gerardmerinfo\/2026\/01\/huit-sportifs-du-grand-est-au-rendez-vous-des-jo-dhiver-2026-a-milan-cortina-une-equipe-talentueuse-prete-a-briller\/#article","isPartOf":{"@id":"https:\/\/vosgesinfo.fr\/gerardmerinfo\/2026\/01\/huit-sportifs-du-grand-est-au-rendez-vous-des-jo-dhiver-2026-a-milan-cortina-une-equipe-talentueuse-prete-a-briller\/"},"author":{"name":"C.K.","@id":"https:\/\/vosgesinfo.fr\/gerardmerinfo\/#\/schema\/person\/6f9a650eeea99d969b6c4ab78fccbe81"},"headline":"Huit sportifs du Grand Est au rendez-vous des JO d\u2019Hiver 2026 \u00e0 Milan-Cortina : une \u00e9quipe talentueuse pr\u00eate \u00e0 briller","datePublished":"2026-01-28T17:48:25+00:00","dateModified":"2026-01-28T17:48:25+00:00","mainEntityOfPage":{"@id":"https:\/\/vosgesinfo.fr\/gerardmerinfo\/2026\/01\/huit-sportifs-du-grand-est-au-rendez-vous-des-jo-dhiver-2026-a-milan-cortina-une-equipe-talentueuse-prete-a-briller\/"},"wordCount":616,"commentCount":1,"publisher":{"@id":"https:\/\/vosgesinfo.fr\/gerardmerinfo\/#organization"},"image":{"@id":"https:\/\/vosgesinfo.fr\/gerardmerinfo\/2026\/01\/huit-sportifs-du-grand-est-au-rendez-vous-des-jo-dhiver-2026-a-milan-cortina-une-equipe-talentueuse-prete-a-briller\/#primaryimage"},"thumbnailUrl":"https:\/\/vosgesinfo.fr\/app\/uploads\/sites\/6\/2026\/01\/jeux-olympiques-1.webp","articleSection":["A la une","Epinal","G\u00e9rardmer","La plaine des vosges","R\u00e9gion","Remiremont","Saint-di\u00e9","Sport"],"inLanguage":"fr-FR","potentialAction":[{"@type":"CommentAction","name":"Comment","target":["https:\/\/vosgesinfo.fr\/gerardmerinfo\/2026\/01\/huit-sportifs-du-grand-est-au-rendez-vous-des-jo-dhiver-2026-a-milan-cortina-une-equipe-talentueuse-prete-a-briller\/#respond"]}]},{"@type":"WebPage","@id":"https:\/\/vosgesinfo.fr\/gerardmerinfo\/2026\/01\/huit-sportifs-du-grand-est-au-rendez-vous-des-jo-dhiver-2026-a-milan-cortina-une-equipe-talentueuse-prete-a-briller\/","url":"https:\/\/vosgesinfo.fr\/gerardmerinfo\/2026\/01\/huit-sportifs-du-grand-est-au-rendez-vous-des-jo-dhiver-2026-a-milan-cortina-une-equipe-talentueuse-prete-a-briller\/","name":"Huit sportifs du Grand Est au rendez-vous des JO d\u2019Hiver 2026 \u00e0 Milan-Cortina : une \u00e9quipe talentueuse pr\u00eate \u00e0 briller - Gerardmer Info","isPartOf":{"@id":"https:\/\/vosgesinfo.fr\/gerardmerinfo\/#website"},"primaryImageOfPage":{"@id":"https:\/\/vosgesinfo.fr\/gerardmerinfo\/2026\/01\/huit-sportifs-du-grand-est-au-rendez-vous-des-jo-dhiver-2026-a-milan-cortina-une-equipe-talentueuse-prete-a-briller\/#primaryimage"},"image":{"@id":"https:\/\/vosgesinfo.fr\/gerardmerinfo\/2026\/01\/huit-sportifs-du-grand-est-au-rendez-vous-des-jo-dhiver-2026-a-milan-cortina-une-equipe-talentueuse-prete-a-briller\/#primaryimage"},"thumbnailUrl":"https:\/\/vosgesinfo.fr\/app\/uploads\/sites\/6\/2026\/01\/jeux-olympiques-1.webp","datePublished":"2026-01-28T17:48:25+00:00","dateModified":"2026-01-28T17:48:25+00:00","breadcrumb":{"@id":"https:\/\/vosgesinfo.fr\/gerardmerinfo\/2026\/01\/huit-sportifs-du-grand-est-au-rendez-vous-des-jo-dhiver-2026-a-milan-cortina-une-equipe-talentueuse-prete-a-briller\/#breadcrumb"},"inLanguage":"fr-FR","potentialAction":[{"@type":"ReadAction","target":["https:\/\/vosgesinfo.fr\/gerardmerinfo\/2026\/01\/huit-sportifs-du-grand-est-au-rendez-vous-des-jo-dhiver-2026-a-milan-cortina-une-equipe-talentueuse-prete-a-briller\/"]}]},{"@type":"ImageObject","inLanguage":"fr-FR","@id":"https:\/\/vosgesinfo.fr\/gerardmerinfo\/2026\/01\/huit-sportifs-du-grand-est-au-rendez-vous-des-jo-dhiver-2026-a-milan-cortina-une-equipe-talentueuse-prete-a-briller\/#primaryimage","url":"https:\/\/vosgesinfo.fr\/app\/uploads\/sites\/6\/2026\/01\/jeux-olympiques-1.webp","contentUrl":"https:\/\/vosgesinfo.fr\/app\/uploads\/sites\/6\/2026\/01\/jeux-olympiques-1.webp","width":960,"height":640},{"@type":"BreadcrumbList","@id":"https:\/\/vosgesinfo.fr\/gerardmerinfo\/2026\/01\/huit-sportifs-du-grand-est-au-rendez-vous-des-jo-dhiver-2026-a-milan-cortina-une-equipe-talentueuse-prete-a-briller\/#breadcrumb","itemListElement":[{"@type":"ListItem","position":1,"name":"Home","item":"https:\/\/vosgesinfo.fr\/gerardmerinfo\/"},{"@type":"ListItem","position":2,"name":"Huit sportifs du Grand Est au rendez-vous des JO d\u2019Hiver 2026 \u00e0 Milan-Cortina : une \u00e9quipe talentueuse pr\u00eate \u00e0 briller"}]},{"@type":"WebSite","@id":"https:\/\/vosgesinfo.fr\/gerardmerinfo\/#website","url":"https:\/\/vosgesinfo.fr\/gerardmerinfo\/","name":"Gerardmer Info","description":"Toute l&#039;actualit\u00e9 de G\u00e9rardmer","publisher":{"@id":"https:\/\/vosgesinfo.fr\/gerardmerinfo\/#organization"},"alternateName":"Toute l'actualit\u00e9 de G\u00e9rardmer","potentialAction":[{"@type":"SearchAction","target":{"@type":"EntryPoint","urlTemplate":"https:\/\/vosgesinfo.fr\/gerardmerinfo\/?s={search_term_string}"},"query-input":"required name=search_term_string"}],"inLanguage":"fr-FR"},{"@type":"Organization","@id":"https:\/\/vosgesinfo.fr\/gerardmerinfo\/#organization","name":"Gerardmer Info","url":"https:\/\/vosgesinfo.fr\/gerardmerinfo\/","logo":{"@type":"ImageObject","inLanguage":"fr-FR","@id":"https:\/\/vosgesinfo.fr\/gerardmerinfo\/#\/schema\/logo\/image\/","url":"https:\/\/vosgesinfo.fr\/app\/uploads\/sites\/6\/2023\/08\/favicon-gerardmerinfo.png","contentUrl":"https:\/\/vosgesinfo.fr\/app\/uploads\/sites\/6\/2023\/08\/favicon-gerardmerinfo.png","width":512,"height":512,"caption":"Gerardmer Info"},"image":{"@id":"https:\/\/vosgesinfo.fr\/gerardmerinfo\/#\/schema\/logo\/image\/"},"sameAs":["https:\/\/www.facebook.com\/profile.php?id=100049475262660","https:\/\/x.com\/VosgesInfo88","https:\/\/www.youtube.com\/@vosgesinfo"]},{"@type":"Person","@id":"https:\/\/vosgesinfo.fr\/gerardmerinfo\/#\/schema\/person\/6f9a650eeea99d969b6c4ab78fccbe81","name":"C.K.","image":{"@type":"ImageObject","inLanguage":"fr-FR","@id":"https:\/\/vosgesinfo.fr\/gerardmerinfo\/#\/schema\/person\/image\/","url":"https:\/\/secure.gravatar.com\/avatar\/48e3fc7f8421ba8942be6b74a2b7f014ca39bc00dece156b7a8e098ae7dc87bf?s=96&d=mm&r=g","contentUrl":"https:\/\/secure.gravatar.com\/avatar\/48e3fc7f8421ba8942be6b74a2b7f014ca39bc00dece156b7a8e098ae7dc87bf?s=96&d=mm&r=g","caption":"C.K."},"url":"https:\/\/vosgesinfo.fr\/gerardmerinfo\/author\/celia-k-n\/"}]}},"_links":{"self":[{"href":"https:\/\/vosgesinfo.fr\/gerardmerinfo\/wp-json\/wp\/v2\/posts\/87442","targetHints":{"allow":["GET"]}}],"collection":[{"href":"https:\/\/vosgesinfo.fr\/gerardmerinfo\/wp-json\/wp\/v2\/posts"}],"about":[{"href":"https:\/\/vosgesinfo.fr\/gerardmerinfo\/wp-json\/wp\/v2\/types\/post"}],"author":[{"embeddable":true,"href":"https:\/\/vosgesinfo.fr\/gerardmerinfo\/wp-json\/wp\/v2\/users\/52"}],"replies":[{"embeddable":true,"href":"https:\/\/vosgesinfo.fr\/gerardmerinfo\/wp-json\/wp\/v2\/comments?post=87442"}],"version-history":[{"count":0,"href":"https:\/\/vosgesinfo.fr\/gerardmerinfo\/wp-json\/wp\/v2\/posts\/87442\/revisions"}],"wp:featuredmedia":[{"embeddable":true,"href":"https:\/\/vosgesinfo.fr\/gerardmerinfo\/wp-json\/wp\/v2\/media\/87443"}],"wp:attachment":[{"href":"https:\/\/vosgesinfo.fr\/gerardmerinfo\/wp-json\/wp\/v2\/media?parent=87442"}],"wp:term":[{"taxonomy":"category","embeddable":true,"href":"https:\/\/vosgesinfo.fr\/gerardmerinfo\/wp-json\/wp\/v2\/categories?post=87442"},{"taxonomy":"post_tag","embeddable":true,"href":"https:\/\/vosgesinfo.fr\/gerardmerinfo\/wp-json\/wp\/v2\/tags?post=87442"}],"curies":[{"name":"wp","href":"https:\/\/api.w.org\/{rel}","templated":true}]}}