{"id":87485,"date":"2026-01-30T09:51:46","date_gmt":"2026-01-30T08:51:46","guid":{"rendered":"https:\/\/vosgesinfo.fr\/gerardmerinfo\/?p=87485"},"modified":"2026-01-30T09:52:34","modified_gmt":"2026-01-30T08:52:34","slug":"un-petit-dejeuner-equilibre-pour-bien-demarrer-la-journee","status":"publish","type":"post","link":"https:\/\/vosgesinfo.fr\/gerardmerinfo\/2026\/01\/un-petit-dejeuner-equilibre-pour-bien-demarrer-la-journee\/","title":{"rendered":"Un petit-d\u00e9jeuner \u00e9quilibr\u00e9 pour bien d\u00e9marrer la journ\u00e9e"},"content":{"rendered":"<p><a href=\"https:\/\/vosgesinfo.fr\/app\/uploads\/sites\/6\/2026\/01\/petit-dejeuner-la-haie-griselle-college-2.jpg\"><img decoding=\"async\" class=\"aligncenter size-large wp-image-87486\" src=\"https:\/\/vosgesinfo.fr\/app\/uploads\/sites\/6\/2026\/01\/petit-dejeuner-la-haie-griselle-college-2-1024x768.jpg\" alt=\"\" width=\"1024\" height=\"768\" srcset=\"https:\/\/vosgesinfo.fr\/app\/uploads\/sites\/6\/2026\/01\/petit-dejeuner-la-haie-griselle-college-2-1024x768.jpg 1024w, https:\/\/vosgesinfo.fr\/app\/uploads\/sites\/6\/2026\/01\/petit-dejeuner-la-haie-griselle-college-2-300x225.jpg 300w, https:\/\/vosgesinfo.fr\/app\/uploads\/sites\/6\/2026\/01\/petit-dejeuner-la-haie-griselle-college-2-768x576.jpg 768w, https:\/\/vosgesinfo.fr\/app\/uploads\/sites\/6\/2026\/01\/petit-dejeuner-la-haie-griselle-college-2.jpg 1440w\" sizes=\"(max-width: 1024px) 100vw, 1024px\" \/><\/a><\/p>\n<p data-start=\"261\" data-end=\"584\"><strong>Ce mercredi 28 janvier, les 94 \u00e9l\u00e8ves de sixi\u00e8me de la cit\u00e9 scolaire de la Haie Griselle ont d\u00e9but\u00e9 la matin\u00e9e autour d\u2019un petit-d\u00e9jeuner \u00e9quilibr\u00e9, servi au self de l\u2019\u00e9tablissement. Une initiative reconduite pour la quatri\u00e8me ann\u00e9e cons\u00e9cutive, port\u00e9e par Jane R\u00e9my, infirmi\u00e8re scolaire, et Xavier Perrin, chef de cuisine.<\/strong><\/p>\n<p data-start=\"586\" data-end=\"933\"><a href=\"https:\/\/vosgesinfo.fr\/app\/uploads\/sites\/6\/2026\/01\/petit-dejeuner-la-haie-griselle-college-1.jpg\"><img decoding=\"async\" class=\"alignright size-medium wp-image-87488\" src=\"https:\/\/vosgesinfo.fr\/app\/uploads\/sites\/6\/2026\/01\/petit-dejeuner-la-haie-griselle-college-1-300x225.jpg\" alt=\"\" width=\"300\" height=\"225\" srcset=\"https:\/\/vosgesinfo.fr\/app\/uploads\/sites\/6\/2026\/01\/petit-dejeuner-la-haie-griselle-college-1-300x225.jpg 300w, https:\/\/vosgesinfo.fr\/app\/uploads\/sites\/6\/2026\/01\/petit-dejeuner-la-haie-griselle-college-1-1024x768.jpg 1024w, https:\/\/vosgesinfo.fr\/app\/uploads\/sites\/6\/2026\/01\/petit-dejeuner-la-haie-griselle-college-1-768x576.jpg 768w, https:\/\/vosgesinfo.fr\/app\/uploads\/sites\/6\/2026\/01\/petit-dejeuner-la-haie-griselle-college-1.jpg 1440w\" sizes=\"(max-width: 300px) 100vw, 300px\" \/><\/a>Objectif de l\u2019op\u00e9ration : rappeler l\u2019importance du premier repas de la journ\u00e9e qui n&rsquo;est malheureusement pas toujours une priorit\u00e9 pour beaucoup d\u2019\u00e9l\u00e8ves, comme le rappelle Jane R\u00e9my. En effet, certains coll\u00e9giens se l\u00e8vent souvent au dernier moment pour dormir le plus longtemps possible et, une fois dans le bus, se contentent souvent d\u2019un biscuit industriel.<\/p>\n<p data-start=\"935\" data-end=\"1347\">Pour y rem\u00e9dier, une matin\u00e9e conviviale a \u00e9t\u00e9 imagin\u00e9e, associant sensibilisation \u00e0 la nutrition et plaisir de manger ensemble. Avec son \u00e9quipe, Xavier Perrin a propos\u00e9 un large choix de produits : fruits frais d\u00e9coup\u00e9s, brioches et pains maison, fromages, charcuterie, c\u00e9r\u00e9ales, \u0153ufs, jus de fruits, lait chaud, tisanes, cacao\u2026 Le tout sans oublier le miel produit par un professeur de math\u00e9matiques de l\u2019\u00e9tablissement. difficile de faire mieux en mati\u00e8re de circuit court !<\/p>\n<div id=\"attachment_87487\" style=\"width: 235px\" class=\"wp-caption alignright\"><a href=\"https:\/\/vosgesinfo.fr\/app\/uploads\/sites\/6\/2026\/01\/petit-dejeuner-la-haie-griselle-college-3.jpg\"><img decoding=\"async\" aria-describedby=\"caption-attachment-87487\" class=\"size-medium wp-image-87487\" src=\"https:\/\/vosgesinfo.fr\/app\/uploads\/sites\/6\/2026\/01\/petit-dejeuner-la-haie-griselle-college-3-225x300.jpg\" alt=\"\" width=\"225\" height=\"300\" srcset=\"https:\/\/vosgesinfo.fr\/app\/uploads\/sites\/6\/2026\/01\/petit-dejeuner-la-haie-griselle-college-3-225x300.jpg 225w, https:\/\/vosgesinfo.fr\/app\/uploads\/sites\/6\/2026\/01\/petit-dejeuner-la-haie-griselle-college-3-768x1024.jpg 768w, https:\/\/vosgesinfo.fr\/app\/uploads\/sites\/6\/2026\/01\/petit-dejeuner-la-haie-griselle-college-3.jpg 810w\" sizes=\"(max-width: 225px) 100vw, 225px\" \/><\/a><p id=\"caption-attachment-87487\" class=\"wp-caption-text\">Jane et Xavier \u00e0 l&rsquo;heure du service du petit d\u00e9jeuner.<\/p><\/div>\n<p data-start=\"1349\" data-end=\"1708\">Si certains \u00e9l\u00e8ves se sont imm\u00e9diatement pr\u00eat\u00e9s au jeu, d\u2019autres se sont montr\u00e9s plus h\u00e9sitants, avouant ne jamais d\u00e9jeuner le matin. Mais une fois install\u00e9s \u00e0 table, les assiettes se sont rapidement vid\u00e9es. Il faut dire que ce rendez-vous annuel et matinal au r\u00e9fectoire est aussi l\u2019occasion de partager un bon moment avec les copains tout en (re)d\u00e9couvrant l\u2019importance du petit-d\u00e9jeuner.<\/p>\n<p data-start=\"1710\" data-end=\"1907\">La matin\u00e9e s\u2019est poursuivie en classe, o\u00f9 Jane R\u00e9my est intervenue pour aborder les notions d\u2019\u00e9quilibre alimentaire, d\u2019\u00e9cologie, ainsi que les enjeux li\u00e9s au gaspillage et aux d\u00e9chets alimentaires. Une initiative salu\u00e9e par l\u2019ensemble de l\u2019\u00e9quipe \u00e9ducative et de la restauration scolaire. \u00c9l\u00e8ves, enseignants et personnels se sont r\u00e9gal\u00e9s, tant sur le plan gustatif que p\u00e9dagogique.<\/p>\n","protected":false},"excerpt":{"rendered":"<p>Ce mercredi 28 janvier, les 94 \u00e9l\u00e8ves de sixi\u00e8me de la cit\u00e9 scolaire de la Haie Griselle ont d\u00e9but\u00e9 la [&hellip;]<\/p>\n","protected":false},"author":42,"featured_media":87488,"comment_status":"open","ping_status":"open","sticky":false,"template":"","format":"standard","meta":{"footnotes":""},"categories":[20,6,25,5647,12],"tags":[311,6841,2188,8246],"class_list":["post-87485","post","type-post","status-publish","format-standard","has-post-thumbnail","hentry","category-a-la-une","category-education","category-gerardmer","category-gerardmer-autres-sites","category-sante","tag-cite-scolaire-la-haie-griselle","tag-jane-remy","tag-petit-dejeuner","tag-xavier-perrin"],"acf":[],"yoast_head":"<!-- This site is optimized with the Yoast SEO plugin v22.5 - https:\/\/yoast.com\/wordpress\/plugins\/seo\/ -->\n<title>Un petit-d\u00e9jeuner \u00e9quilibr\u00e9 pour bien d\u00e9marrer la journ\u00e9e - Gerardmer Info<\/title>\n<meta name=\"robots\" content=\"index, follow, max-snippet:-1, max-image-preview:large, max-video-preview:-1\" \/>\n<link rel=\"canonical\" href=\"https:\/\/vosgesinfo.fr\/gerardmerinfo\/2026\/01\/un-petit-dejeuner-equilibre-pour-bien-demarrer-la-journee\/\" \/>\n<meta name=\"twitter:card\" content=\"summary_large_image\" \/>\n<meta name=\"twitter:title\" content=\"Un petit-d\u00e9jeuner \u00e9quilibr\u00e9 pour bien d\u00e9marrer la journ\u00e9e - Gerardmer Info\" \/>\n<meta name=\"twitter:description\" content=\"Ce mercredi 28 janvier, les 94 \u00e9l\u00e8ves de sixi\u00e8me de la cit\u00e9 scolaire de la Haie Griselle ont d\u00e9but\u00e9 la [&hellip;]\" \/>\n<meta name=\"twitter:image\" content=\"https:\/\/vosgesinfo.fr\/app\/uploads\/sites\/6\/2026\/01\/petit-dejeuner-la-haie-griselle-college-1.jpg\" \/>\n<meta name=\"twitter:creator\" content=\"@VosgesInfo88\" \/>\n<meta name=\"twitter:site\" content=\"@VosgesInfo88\" \/>\n<meta name=\"twitter:label1\" content=\"\u00c9crit par\" \/>\n\t<meta name=\"twitter:data1\" content=\"QG\" \/>\n\t<meta name=\"twitter:label2\" content=\"Dur\u00e9e de lecture estim\u00e9e\" \/>\n\t<meta name=\"twitter:data2\" content=\"2 minutes\" \/>\n<script type=\"application\/ld+json\" class=\"yoast-schema-graph\">{\"@context\":\"https:\/\/schema.org\",\"@graph\":[{\"@type\":\"Article\",\"@id\":\"https:\/\/vosgesinfo.fr\/gerardmerinfo\/2026\/01\/un-petit-dejeuner-equilibre-pour-bien-demarrer-la-journee\/#article\",\"isPartOf\":{\"@id\":\"https:\/\/vosgesinfo.fr\/gerardmerinfo\/2026\/01\/un-petit-dejeuner-equilibre-pour-bien-demarrer-la-journee\/\"},\"author\":{\"name\":\"QG\",\"@id\":\"https:\/\/vosgesinfo.fr\/gerardmerinfo\/#\/schema\/person\/db5605779a843dad16b5368f3e7613a5\"},\"headline\":\"Un petit-d\u00e9jeuner \u00e9quilibr\u00e9 pour bien d\u00e9marrer la journ\u00e9e\",\"datePublished\":\"2026-01-30T08:51:46+00:00\",\"dateModified\":\"2026-01-30T08:52:34+00:00\",\"mainEntityOfPage\":{\"@id\":\"https:\/\/vosgesinfo.fr\/gerardmerinfo\/2026\/01\/un-petit-dejeuner-equilibre-pour-bien-demarrer-la-journee\/\"},\"wordCount\":382,\"commentCount\":0,\"publisher\":{\"@id\":\"https:\/\/vosgesinfo.fr\/gerardmerinfo\/#organization\"},\"image\":{\"@id\":\"https:\/\/vosgesinfo.fr\/gerardmerinfo\/2026\/01\/un-petit-dejeuner-equilibre-pour-bien-demarrer-la-journee\/#primaryimage\"},\"thumbnailUrl\":\"https:\/\/vosgesinfo.fr\/app\/uploads\/sites\/6\/2026\/01\/petit-dejeuner-la-haie-griselle-college-1.jpg\",\"keywords\":[\"Cit\u00e9 scolaire La Haie Griselle\",\"Jane Remy\",\"Petit d\u00e9jeuner\",\"Xavier Perrin\"],\"articleSection\":[\"A la une\",\"\u00c9ducation\",\"G\u00e9rardmer\",\"Gerardmer\",\"Sant\u00e9\"],\"inLanguage\":\"fr-FR\",\"potentialAction\":[{\"@type\":\"CommentAction\",\"name\":\"Comment\",\"target\":[\"https:\/\/vosgesinfo.fr\/gerardmerinfo\/2026\/01\/un-petit-dejeuner-equilibre-pour-bien-demarrer-la-journee\/#respond\"]}]},{\"@type\":\"WebPage\",\"@id\":\"https:\/\/vosgesinfo.fr\/gerardmerinfo\/2026\/01\/un-petit-dejeuner-equilibre-pour-bien-demarrer-la-journee\/\",\"url\":\"https:\/\/vosgesinfo.fr\/gerardmerinfo\/2026\/01\/un-petit-dejeuner-equilibre-pour-bien-demarrer-la-journee\/\",\"name\":\"Un petit-d\u00e9jeuner \u00e9quilibr\u00e9 pour bien d\u00e9marrer la journ\u00e9e - Gerardmer Info\",\"isPartOf\":{\"@id\":\"https:\/\/vosgesinfo.fr\/gerardmerinfo\/#website\"},\"primaryImageOfPage\":{\"@id\":\"https:\/\/vosgesinfo.fr\/gerardmerinfo\/2026\/01\/un-petit-dejeuner-equilibre-pour-bien-demarrer-la-journee\/#primaryimage\"},\"image\":{\"@id\":\"https:\/\/vosgesinfo.fr\/gerardmerinfo\/2026\/01\/un-petit-dejeuner-equilibre-pour-bien-demarrer-la-journee\/#primaryimage\"},\"thumbnailUrl\":\"https:\/\/vosgesinfo.fr\/app\/uploads\/sites\/6\/2026\/01\/petit-dejeuner-la-haie-griselle-college-1.jpg\",\"datePublished\":\"2026-01-30T08:51:46+00:00\",\"dateModified\":\"2026-01-30T08:52:34+00:00\",\"breadcrumb\":{\"@id\":\"https:\/\/vosgesinfo.fr\/gerardmerinfo\/2026\/01\/un-petit-dejeuner-equilibre-pour-bien-demarrer-la-journee\/#breadcrumb\"},\"inLanguage\":\"fr-FR\",\"potentialAction\":[{\"@type\":\"ReadAction\",\"target\":[\"https:\/\/vosgesinfo.fr\/gerardmerinfo\/2026\/01\/un-petit-dejeuner-equilibre-pour-bien-demarrer-la-journee\/\"]}]},{\"@type\":\"ImageObject\",\"inLanguage\":\"fr-FR\",\"@id\":\"https:\/\/vosgesinfo.fr\/gerardmerinfo\/2026\/01\/un-petit-dejeuner-equilibre-pour-bien-demarrer-la-journee\/#primaryimage\",\"url\":\"https:\/\/vosgesinfo.fr\/app\/uploads\/sites\/6\/2026\/01\/petit-dejeuner-la-haie-griselle-college-1.jpg\",\"contentUrl\":\"https:\/\/vosgesinfo.fr\/app\/uploads\/sites\/6\/2026\/01\/petit-dejeuner-la-haie-griselle-college-1.jpg\",\"width\":1440,\"height\":1080},{\"@type\":\"BreadcrumbList\",\"@id\":\"https:\/\/vosgesinfo.fr\/gerardmerinfo\/2026\/01\/un-petit-dejeuner-equilibre-pour-bien-demarrer-la-journee\/#breadcrumb\",\"itemListElement\":[{\"@type\":\"ListItem\",\"position\":1,\"name\":\"Home\",\"item\":\"https:\/\/vosgesinfo.fr\/gerardmerinfo\/\"},{\"@type\":\"ListItem\",\"position\":2,\"name\":\"Un petit-d\u00e9jeuner \u00e9quilibr\u00e9 pour bien d\u00e9marrer la journ\u00e9e\"}]},{\"@type\":\"WebSite\",\"@id\":\"https:\/\/vosgesinfo.fr\/gerardmerinfo\/#website\",\"url\":\"https:\/\/vosgesinfo.fr\/gerardmerinfo\/\",\"name\":\"Gerardmer Info\",\"description\":\"Toute l&#039;actualit\u00e9 de G\u00e9rardmer\",\"publisher\":{\"@id\":\"https:\/\/vosgesinfo.fr\/gerardmerinfo\/#organization\"},\"alternateName\":\"Toute l'actualit\u00e9 de G\u00e9rardmer\",\"potentialAction\":[{\"@type\":\"SearchAction\",\"target\":{\"@type\":\"EntryPoint\",\"urlTemplate\":\"https:\/\/vosgesinfo.fr\/gerardmerinfo\/?s={search_term_string}\"},\"query-input\":\"required name=search_term_string\"}],\"inLanguage\":\"fr-FR\"},{\"@type\":\"Organization\",\"@id\":\"https:\/\/vosgesinfo.fr\/gerardmerinfo\/#organization\",\"name\":\"Gerardmer Info\",\"url\":\"https:\/\/vosgesinfo.fr\/gerardmerinfo\/\",\"logo\":{\"@type\":\"ImageObject\",\"inLanguage\":\"fr-FR\",\"@id\":\"https:\/\/vosgesinfo.fr\/gerardmerinfo\/#\/schema\/logo\/image\/\",\"url\":\"https:\/\/vosgesinfo.fr\/app\/uploads\/sites\/6\/2023\/08\/favicon-gerardmerinfo.png\",\"contentUrl\":\"https:\/\/vosgesinfo.fr\/app\/uploads\/sites\/6\/2023\/08\/favicon-gerardmerinfo.png\",\"width\":512,\"height\":512,\"caption\":\"Gerardmer Info\"},\"image\":{\"@id\":\"https:\/\/vosgesinfo.fr\/gerardmerinfo\/#\/schema\/logo\/image\/\"},\"sameAs\":[\"https:\/\/www.facebook.com\/profile.php?id=100049475262660\",\"https:\/\/x.com\/VosgesInfo88\",\"https:\/\/www.youtube.com\/@vosgesinfo\"]},{\"@type\":\"Person\",\"@id\":\"https:\/\/vosgesinfo.fr\/gerardmerinfo\/#\/schema\/person\/db5605779a843dad16b5368f3e7613a5\",\"name\":\"QG\",\"image\":{\"@type\":\"ImageObject\",\"inLanguage\":\"fr-FR\",\"@id\":\"https:\/\/vosgesinfo.fr\/gerardmerinfo\/#\/schema\/person\/image\/\",\"url\":\"https:\/\/secure.gravatar.com\/avatar\/ea80c42c204b534408512832fde52504ecabb9706bcb6151cf6175e5b64e6793?s=96&d=mm&r=g\",\"contentUrl\":\"https:\/\/secure.gravatar.com\/avatar\/ea80c42c204b534408512832fde52504ecabb9706bcb6151cf6175e5b64e6793?s=96&d=mm&r=g\",\"caption\":\"QG\"},\"url\":\"https:\/\/vosgesinfo.fr\/gerardmerinfo\/author\/quentin88\/\"}]}<\/script>\n<!-- \/ Yoast SEO plugin. -->","yoast_head_json":{"title":"Un petit-d\u00e9jeuner \u00e9quilibr\u00e9 pour bien d\u00e9marrer la journ\u00e9e - Gerardmer Info","robots":{"index":"index","follow":"follow","max-snippet":"max-snippet:-1","max-image-preview":"max-image-preview:large","max-video-preview":"max-video-preview:-1"},"canonical":"https:\/\/vosgesinfo.fr\/gerardmerinfo\/2026\/01\/un-petit-dejeuner-equilibre-pour-bien-demarrer-la-journee\/","twitter_card":"summary_large_image","twitter_title":"Un petit-d\u00e9jeuner \u00e9quilibr\u00e9 pour bien d\u00e9marrer la journ\u00e9e - Gerardmer Info","twitter_description":"Ce mercredi 28 janvier, les 94 \u00e9l\u00e8ves de sixi\u00e8me de la cit\u00e9 scolaire de la Haie Griselle ont d\u00e9but\u00e9 la [&hellip;]","twitter_image":"https:\/\/vosgesinfo.fr\/app\/uploads\/sites\/6\/2026\/01\/petit-dejeuner-la-haie-griselle-college-1.jpg","twitter_creator":"@VosgesInfo88","twitter_site":"@VosgesInfo88","twitter_misc":{"\u00c9crit par":"QG","Dur\u00e9e de lecture estim\u00e9e":"2 minutes"},"schema":{"@context":"https:\/\/schema.org","@graph":[{"@type":"Article","@id":"https:\/\/vosgesinfo.fr\/gerardmerinfo\/2026\/01\/un-petit-dejeuner-equilibre-pour-bien-demarrer-la-journee\/#article","isPartOf":{"@id":"https:\/\/vosgesinfo.fr\/gerardmerinfo\/2026\/01\/un-petit-dejeuner-equilibre-pour-bien-demarrer-la-journee\/"},"author":{"name":"QG","@id":"https:\/\/vosgesinfo.fr\/gerardmerinfo\/#\/schema\/person\/db5605779a843dad16b5368f3e7613a5"},"headline":"Un petit-d\u00e9jeuner \u00e9quilibr\u00e9 pour bien d\u00e9marrer la journ\u00e9e","datePublished":"2026-01-30T08:51:46+00:00","dateModified":"2026-01-30T08:52:34+00:00","mainEntityOfPage":{"@id":"https:\/\/vosgesinfo.fr\/gerardmerinfo\/2026\/01\/un-petit-dejeuner-equilibre-pour-bien-demarrer-la-journee\/"},"wordCount":382,"commentCount":0,"publisher":{"@id":"https:\/\/vosgesinfo.fr\/gerardmerinfo\/#organization"},"image":{"@id":"https:\/\/vosgesinfo.fr\/gerardmerinfo\/2026\/01\/un-petit-dejeuner-equilibre-pour-bien-demarrer-la-journee\/#primaryimage"},"thumbnailUrl":"https:\/\/vosgesinfo.fr\/app\/uploads\/sites\/6\/2026\/01\/petit-dejeuner-la-haie-griselle-college-1.jpg","keywords":["Cit\u00e9 scolaire La Haie Griselle","Jane Remy","Petit d\u00e9jeuner","Xavier Perrin"],"articleSection":["A la une","\u00c9ducation","G\u00e9rardmer","Gerardmer","Sant\u00e9"],"inLanguage":"fr-FR","potentialAction":[{"@type":"CommentAction","name":"Comment","target":["https:\/\/vosgesinfo.fr\/gerardmerinfo\/2026\/01\/un-petit-dejeuner-equilibre-pour-bien-demarrer-la-journee\/#respond"]}]},{"@type":"WebPage","@id":"https:\/\/vosgesinfo.fr\/gerardmerinfo\/2026\/01\/un-petit-dejeuner-equilibre-pour-bien-demarrer-la-journee\/","url":"https:\/\/vosgesinfo.fr\/gerardmerinfo\/2026\/01\/un-petit-dejeuner-equilibre-pour-bien-demarrer-la-journee\/","name":"Un petit-d\u00e9jeuner \u00e9quilibr\u00e9 pour bien d\u00e9marrer la journ\u00e9e - Gerardmer Info","isPartOf":{"@id":"https:\/\/vosgesinfo.fr\/gerardmerinfo\/#website"},"primaryImageOfPage":{"@id":"https:\/\/vosgesinfo.fr\/gerardmerinfo\/2026\/01\/un-petit-dejeuner-equilibre-pour-bien-demarrer-la-journee\/#primaryimage"},"image":{"@id":"https:\/\/vosgesinfo.fr\/gerardmerinfo\/2026\/01\/un-petit-dejeuner-equilibre-pour-bien-demarrer-la-journee\/#primaryimage"},"thumbnailUrl":"https:\/\/vosgesinfo.fr\/app\/uploads\/sites\/6\/2026\/01\/petit-dejeuner-la-haie-griselle-college-1.jpg","datePublished":"2026-01-30T08:51:46+00:00","dateModified":"2026-01-30T08:52:34+00:00","breadcrumb":{"@id":"https:\/\/vosgesinfo.fr\/gerardmerinfo\/2026\/01\/un-petit-dejeuner-equilibre-pour-bien-demarrer-la-journee\/#breadcrumb"},"inLanguage":"fr-FR","potentialAction":[{"@type":"ReadAction","target":["https:\/\/vosgesinfo.fr\/gerardmerinfo\/2026\/01\/un-petit-dejeuner-equilibre-pour-bien-demarrer-la-journee\/"]}]},{"@type":"ImageObject","inLanguage":"fr-FR","@id":"https:\/\/vosgesinfo.fr\/gerardmerinfo\/2026\/01\/un-petit-dejeuner-equilibre-pour-bien-demarrer-la-journee\/#primaryimage","url":"https:\/\/vosgesinfo.fr\/app\/uploads\/sites\/6\/2026\/01\/petit-dejeuner-la-haie-griselle-college-1.jpg","contentUrl":"https:\/\/vosgesinfo.fr\/app\/uploads\/sites\/6\/2026\/01\/petit-dejeuner-la-haie-griselle-college-1.jpg","width":1440,"height":1080},{"@type":"BreadcrumbList","@id":"https:\/\/vosgesinfo.fr\/gerardmerinfo\/2026\/01\/un-petit-dejeuner-equilibre-pour-bien-demarrer-la-journee\/#breadcrumb","itemListElement":[{"@type":"ListItem","position":1,"name":"Home","item":"https:\/\/vosgesinfo.fr\/gerardmerinfo\/"},{"@type":"ListItem","position":2,"name":"Un petit-d\u00e9jeuner \u00e9quilibr\u00e9 pour bien d\u00e9marrer la journ\u00e9e"}]},{"@type":"WebSite","@id":"https:\/\/vosgesinfo.fr\/gerardmerinfo\/#website","url":"https:\/\/vosgesinfo.fr\/gerardmerinfo\/","name":"Gerardmer Info","description":"Toute l&#039;actualit\u00e9 de G\u00e9rardmer","publisher":{"@id":"https:\/\/vosgesinfo.fr\/gerardmerinfo\/#organization"},"alternateName":"Toute l'actualit\u00e9 de G\u00e9rardmer","potentialAction":[{"@type":"SearchAction","target":{"@type":"EntryPoint","urlTemplate":"https:\/\/vosgesinfo.fr\/gerardmerinfo\/?s={search_term_string}"},"query-input":"required name=search_term_string"}],"inLanguage":"fr-FR"},{"@type":"Organization","@id":"https:\/\/vosgesinfo.fr\/gerardmerinfo\/#organization","name":"Gerardmer Info","url":"https:\/\/vosgesinfo.fr\/gerardmerinfo\/","logo":{"@type":"ImageObject","inLanguage":"fr-FR","@id":"https:\/\/vosgesinfo.fr\/gerardmerinfo\/#\/schema\/logo\/image\/","url":"https:\/\/vosgesinfo.fr\/app\/uploads\/sites\/6\/2023\/08\/favicon-gerardmerinfo.png","contentUrl":"https:\/\/vosgesinfo.fr\/app\/uploads\/sites\/6\/2023\/08\/favicon-gerardmerinfo.png","width":512,"height":512,"caption":"Gerardmer Info"},"image":{"@id":"https:\/\/vosgesinfo.fr\/gerardmerinfo\/#\/schema\/logo\/image\/"},"sameAs":["https:\/\/www.facebook.com\/profile.php?id=100049475262660","https:\/\/x.com\/VosgesInfo88","https:\/\/www.youtube.com\/@vosgesinfo"]},{"@type":"Person","@id":"https:\/\/vosgesinfo.fr\/gerardmerinfo\/#\/schema\/person\/db5605779a843dad16b5368f3e7613a5","name":"QG","image":{"@type":"ImageObject","inLanguage":"fr-FR","@id":"https:\/\/vosgesinfo.fr\/gerardmerinfo\/#\/schema\/person\/image\/","url":"https:\/\/secure.gravatar.com\/avatar\/ea80c42c204b534408512832fde52504ecabb9706bcb6151cf6175e5b64e6793?s=96&d=mm&r=g","contentUrl":"https:\/\/secure.gravatar.com\/avatar\/ea80c42c204b534408512832fde52504ecabb9706bcb6151cf6175e5b64e6793?s=96&d=mm&r=g","caption":"QG"},"url":"https:\/\/vosgesinfo.fr\/gerardmerinfo\/author\/quentin88\/"}]}},"_links":{"self":[{"href":"https:\/\/vosgesinfo.fr\/gerardmerinfo\/wp-json\/wp\/v2\/posts\/87485","targetHints":{"allow":["GET"]}}],"collection":[{"href":"https:\/\/vosgesinfo.fr\/gerardmerinfo\/wp-json\/wp\/v2\/posts"}],"about":[{"href":"https:\/\/vosgesinfo.fr\/gerardmerinfo\/wp-json\/wp\/v2\/types\/post"}],"author":[{"embeddable":true,"href":"https:\/\/vosgesinfo.fr\/gerardmerinfo\/wp-json\/wp\/v2\/users\/42"}],"replies":[{"embeddable":true,"href":"https:\/\/vosgesinfo.fr\/gerardmerinfo\/wp-json\/wp\/v2\/comments?post=87485"}],"version-history":[{"count":1,"href":"https:\/\/vosgesinfo.fr\/gerardmerinfo\/wp-json\/wp\/v2\/posts\/87485\/revisions"}],"predecessor-version":[{"id":87489,"href":"https:\/\/vosgesinfo.fr\/gerardmerinfo\/wp-json\/wp\/v2\/posts\/87485\/revisions\/87489"}],"wp:featuredmedia":[{"embeddable":true,"href":"https:\/\/vosgesinfo.fr\/gerardmerinfo\/wp-json\/wp\/v2\/media\/87488"}],"wp:attachment":[{"href":"https:\/\/vosgesinfo.fr\/gerardmerinfo\/wp-json\/wp\/v2\/media?parent=87485"}],"wp:term":[{"taxonomy":"category","embeddable":true,"href":"https:\/\/vosgesinfo.fr\/gerardmerinfo\/wp-json\/wp\/v2\/categories?post=87485"},{"taxonomy":"post_tag","embeddable":true,"href":"https:\/\/vosgesinfo.fr\/gerardmerinfo\/wp-json\/wp\/v2\/tags?post=87485"}],"curies":[{"name":"wp","href":"https:\/\/api.w.org\/{rel}","templated":true}]}}