{"id":87514,"date":"2026-01-30T13:31:44","date_gmt":"2026-01-30T12:31:44","guid":{"rendered":"https:\/\/vosgesinfo.fr\/gerardmerinfo\/2026\/01\/vols-de-cuivre-a-dinoze-et-eloyes-un-suspect-place-en-detention-provisoire\/"},"modified":"2026-01-30T13:31:44","modified_gmt":"2026-01-30T12:31:44","slug":"vols-de-cuivre-a-dinoze-et-eloyes-un-suspect-place-en-detention-provisoire","status":"publish","type":"post","link":"https:\/\/vosgesinfo.fr\/gerardmerinfo\/2026\/01\/vols-de-cuivre-a-dinoze-et-eloyes-un-suspect-place-en-detention-provisoire\/","title":{"rendered":"Vols de cuivre \u00e0 Dinoz\u00e9 et Eloyes : un suspect plac\u00e9 en d\u00e9tention provisoire"},"content":{"rendered":"<div id=\"attachment_139383\" style=\"width: 1034px\" class=\"wp-caption aligncenter\"><a href=\"https:\/\/vosgesinfo.fr\/app\/uploads\/sites\/3\/2026\/01\/vol-de-cuivre.jpg\"><img decoding=\"async\" aria-describedby=\"caption-attachment-139383\" class=\"size-large wp-image-139383\" src=\"https:\/\/vosgesinfo.fr\/app\/uploads\/sites\/3\/2026\/01\/vol-de-cuivre-1024x683.jpg\" alt=\"\" width=\"1024\" height=\"683\" \/><\/a><p id=\"caption-attachment-139383\" class=\"wp-caption-text\">illustration<\/p><\/div>\n<h2 data-start=\"173\" data-end=\"417\"><strong>Un homme \u00e2g\u00e9 d\u2019une trentaine d\u2019ann\u00e9es a \u00e9t\u00e9 pr\u00e9sent\u00e9 en comparution imm\u00e9diate ce jeudi 29 janvier devant le tribunal d&rsquo;Epinal. \u00c0 l\u2019issue de l\u2019audience, il a \u00e9t\u00e9 plac\u00e9 en d\u00e9tention provisoire dans l\u2019attente de son jugement, fix\u00e9 au mois de mars prochain.<\/strong><\/h2>\n<p data-start=\"419\" data-end=\"928\">Le suspect est mis en cause dans une s\u00e9rie de faits particuli\u00e8rement importants, comprenant le vol d\u2019un v\u00e9hicule, plusieurs vols et tentatives de vols de cuivre, pour un pr\u00e9judice total estim\u00e9 \u00e0 plus d\u20191,2 tonne de m\u00e9tal d\u00e9rob\u00e9. Les faits se seraient d\u00e9roul\u00e9s sur plusieurs communes des Vosges, notamment \u00e0 \u00c9loyes, o\u00f9 280 kg de cuivre ont \u00e9t\u00e9 vol\u00e9s, et \u00e0 Dinoz\u00e9, avec 940 kg de m\u00e9tal soustrait. L\u2019homme est \u00e9galement poursuivi pour une tentative de vol de 500 kg de c\u00e2bles \u00e0 Saint-Am\u00e9, commise avec violences.<\/p>\n<p data-start=\"930\" data-end=\"1236\">L\u2019enqu\u00eate a notamment permis d\u2019identifier le mis en cause gr\u00e2ce aux images de vid\u00e9oprotection. Il a \u00e9t\u00e9 interpell\u00e9 ce mardi 27 janvier \u00e0 \u00c9loyes par les gendarmes du PSIG de Remiremont, alors qu\u2019il circulait au volant d\u2019une camionnette vol\u00e9e. L\u2019arrestation est intervenue \u00e0 l\u2019issue d\u2019une tentative de fuite.<\/p>\n<p data-start=\"1238\" data-end=\"1384\">La gendarmerie des Vosges rappelle rester pleinement mobilis\u00e9e pour lutter contre les atteintes aux biens et assurer la s\u00e9curit\u00e9 de la population.<\/p>\n<p data-start=\"1386\" data-end=\"1441\">Les victimes ou t\u00e9moins sont invit\u00e9s \u00e0 contacter le 17.<\/p>\n<p data-start=\"1386\" data-end=\"1441\"><iframe loading=\"lazy\" style=\"border: none; overflow: hidden;\" src=\"https:\/\/www.facebook.com\/plugins\/post.php?href=https%3A%2F%2Fwww.facebook.com%2Fpermalink.php%3Fstory_fbid%3Dpfbid02NKreu4KBqqZy8XEYN8rvogq7KGaff1LNJd96eNKJFffPv5WCoqAmp6pKyGiD3coZl%26id%3D100064683249914&amp;show_text=true&amp;width=500\" width=\"500\" height=\"638\" frameborder=\"0\" scrolling=\"no\" allowfullscreen=\"allowfullscreen\"><\/iframe><\/p>\n","protected":false},"excerpt":{"rendered":"<p>Un homme \u00e2g\u00e9 d\u2019une trentaine d\u2019ann\u00e9es a \u00e9t\u00e9 pr\u00e9sent\u00e9 en comparution imm\u00e9diate ce jeudi 29 janvier devant le tribunal d&rsquo;Epinal. [&hellip;]<\/p>\n","protected":false},"author":52,"featured_media":87515,"comment_status":"open","ping_status":"open","sticky":false,"template":"","format":"standard","meta":{"footnotes":""},"categories":[20,878,1445,8,25,2888,328,868,946],"tags":[],"class_list":["post-87514","post","type-post","status-publish","format-standard","has-post-thumbnail","hentry","category-a-la-une","category-epinal","category-fait-divers","category-faits-divers","category-gerardmer","category-justice","category-la-plaine-des-vosges","category-remiremont","category-saint-die"],"acf":[],"yoast_head":"<!-- This site is optimized with the Yoast SEO plugin v22.5 - https:\/\/yoast.com\/wordpress\/plugins\/seo\/ -->\n<title>Vols de cuivre \u00e0 Dinoz\u00e9 et Eloyes : un suspect plac\u00e9 en d\u00e9tention provisoire - Gerardmer Info<\/title>\n<meta name=\"robots\" content=\"index, follow, max-snippet:-1, max-image-preview:large, max-video-preview:-1\" \/>\n<link rel=\"canonical\" href=\"https:\/\/vosgesinfo.fr\/gerardmerinfo\/2026\/01\/vols-de-cuivre-a-dinoze-et-eloyes-un-suspect-place-en-detention-provisoire\/\" \/>\n<meta name=\"twitter:card\" content=\"summary_large_image\" \/>\n<meta name=\"twitter:title\" content=\"Vols de cuivre \u00e0 Dinoz\u00e9 et Eloyes : un suspect plac\u00e9 en d\u00e9tention provisoire - Gerardmer Info\" \/>\n<meta name=\"twitter:description\" content=\"Un homme \u00e2g\u00e9 d\u2019une trentaine d\u2019ann\u00e9es a \u00e9t\u00e9 pr\u00e9sent\u00e9 en comparution imm\u00e9diate ce jeudi 29 janvier devant le tribunal d&rsquo;Epinal. [&hellip;]\" \/>\n<meta name=\"twitter:image\" content=\"https:\/\/vosgesinfo.fr\/app\/uploads\/sites\/6\/2026\/01\/vol-de-cuivre.jpg\" \/>\n<meta name=\"twitter:creator\" content=\"@VosgesInfo88\" \/>\n<meta name=\"twitter:site\" content=\"@VosgesInfo88\" \/>\n<meta name=\"twitter:label1\" content=\"\u00c9crit par\" \/>\n\t<meta name=\"twitter:data1\" content=\"C.K.\" \/>\n\t<meta name=\"twitter:label2\" content=\"Dur\u00e9e de lecture estim\u00e9e\" \/>\n\t<meta name=\"twitter:data2\" content=\"1 minute\" \/>\n<script type=\"application\/ld+json\" class=\"yoast-schema-graph\">{\"@context\":\"https:\/\/schema.org\",\"@graph\":[{\"@type\":\"Article\",\"@id\":\"https:\/\/vosgesinfo.fr\/gerardmerinfo\/2026\/01\/vols-de-cuivre-a-dinoze-et-eloyes-un-suspect-place-en-detention-provisoire\/#article\",\"isPartOf\":{\"@id\":\"https:\/\/vosgesinfo.fr\/gerardmerinfo\/2026\/01\/vols-de-cuivre-a-dinoze-et-eloyes-un-suspect-place-en-detention-provisoire\/\"},\"author\":{\"name\":\"C.K.\",\"@id\":\"https:\/\/vosgesinfo.fr\/gerardmerinfo\/#\/schema\/person\/6f9a650eeea99d969b6c4ab78fccbe81\"},\"headline\":\"Vols de cuivre \u00e0 Dinoz\u00e9 et Eloyes : un suspect plac\u00e9 en d\u00e9tention provisoire\",\"datePublished\":\"2026-01-30T12:31:44+00:00\",\"dateModified\":\"2026-01-30T12:31:44+00:00\",\"mainEntityOfPage\":{\"@id\":\"https:\/\/vosgesinfo.fr\/gerardmerinfo\/2026\/01\/vols-de-cuivre-a-dinoze-et-eloyes-un-suspect-place-en-detention-provisoire\/\"},\"wordCount\":254,\"commentCount\":0,\"publisher\":{\"@id\":\"https:\/\/vosgesinfo.fr\/gerardmerinfo\/#organization\"},\"image\":{\"@id\":\"https:\/\/vosgesinfo.fr\/gerardmerinfo\/2026\/01\/vols-de-cuivre-a-dinoze-et-eloyes-un-suspect-place-en-detention-provisoire\/#primaryimage\"},\"thumbnailUrl\":\"https:\/\/vosgesinfo.fr\/app\/uploads\/sites\/6\/2026\/01\/vol-de-cuivre.jpg\",\"articleSection\":[\"A la une\",\"Epinal\",\"Fait Divers\",\"Faits-divers\",\"G\u00e9rardmer\",\"justice\",\"La plaine des vosges\",\"Remiremont\",\"Saint-di\u00e9\"],\"inLanguage\":\"fr-FR\",\"potentialAction\":[{\"@type\":\"CommentAction\",\"name\":\"Comment\",\"target\":[\"https:\/\/vosgesinfo.fr\/gerardmerinfo\/2026\/01\/vols-de-cuivre-a-dinoze-et-eloyes-un-suspect-place-en-detention-provisoire\/#respond\"]}]},{\"@type\":\"WebPage\",\"@id\":\"https:\/\/vosgesinfo.fr\/gerardmerinfo\/2026\/01\/vols-de-cuivre-a-dinoze-et-eloyes-un-suspect-place-en-detention-provisoire\/\",\"url\":\"https:\/\/vosgesinfo.fr\/gerardmerinfo\/2026\/01\/vols-de-cuivre-a-dinoze-et-eloyes-un-suspect-place-en-detention-provisoire\/\",\"name\":\"Vols de cuivre \u00e0 Dinoz\u00e9 et Eloyes : un suspect plac\u00e9 en d\u00e9tention provisoire - Gerardmer Info\",\"isPartOf\":{\"@id\":\"https:\/\/vosgesinfo.fr\/gerardmerinfo\/#website\"},\"primaryImageOfPage\":{\"@id\":\"https:\/\/vosgesinfo.fr\/gerardmerinfo\/2026\/01\/vols-de-cuivre-a-dinoze-et-eloyes-un-suspect-place-en-detention-provisoire\/#primaryimage\"},\"image\":{\"@id\":\"https:\/\/vosgesinfo.fr\/gerardmerinfo\/2026\/01\/vols-de-cuivre-a-dinoze-et-eloyes-un-suspect-place-en-detention-provisoire\/#primaryimage\"},\"thumbnailUrl\":\"https:\/\/vosgesinfo.fr\/app\/uploads\/sites\/6\/2026\/01\/vol-de-cuivre.jpg\",\"datePublished\":\"2026-01-30T12:31:44+00:00\",\"dateModified\":\"2026-01-30T12:31:44+00:00\",\"breadcrumb\":{\"@id\":\"https:\/\/vosgesinfo.fr\/gerardmerinfo\/2026\/01\/vols-de-cuivre-a-dinoze-et-eloyes-un-suspect-place-en-detention-provisoire\/#breadcrumb\"},\"inLanguage\":\"fr-FR\",\"potentialAction\":[{\"@type\":\"ReadAction\",\"target\":[\"https:\/\/vosgesinfo.fr\/gerardmerinfo\/2026\/01\/vols-de-cuivre-a-dinoze-et-eloyes-un-suspect-place-en-detention-provisoire\/\"]}]},{\"@type\":\"ImageObject\",\"inLanguage\":\"fr-FR\",\"@id\":\"https:\/\/vosgesinfo.fr\/gerardmerinfo\/2026\/01\/vols-de-cuivre-a-dinoze-et-eloyes-un-suspect-place-en-detention-provisoire\/#primaryimage\",\"url\":\"https:\/\/vosgesinfo.fr\/app\/uploads\/sites\/6\/2026\/01\/vol-de-cuivre.jpg\",\"contentUrl\":\"https:\/\/vosgesinfo.fr\/app\/uploads\/sites\/6\/2026\/01\/vol-de-cuivre.jpg\",\"width\":1536,\"height\":1024},{\"@type\":\"BreadcrumbList\",\"@id\":\"https:\/\/vosgesinfo.fr\/gerardmerinfo\/2026\/01\/vols-de-cuivre-a-dinoze-et-eloyes-un-suspect-place-en-detention-provisoire\/#breadcrumb\",\"itemListElement\":[{\"@type\":\"ListItem\",\"position\":1,\"name\":\"Home\",\"item\":\"https:\/\/vosgesinfo.fr\/gerardmerinfo\/\"},{\"@type\":\"ListItem\",\"position\":2,\"name\":\"Vols de cuivre \u00e0 Dinoz\u00e9 et Eloyes : un suspect plac\u00e9 en d\u00e9tention provisoire\"}]},{\"@type\":\"WebSite\",\"@id\":\"https:\/\/vosgesinfo.fr\/gerardmerinfo\/#website\",\"url\":\"https:\/\/vosgesinfo.fr\/gerardmerinfo\/\",\"name\":\"Gerardmer Info\",\"description\":\"Toute l&#039;actualit\u00e9 de G\u00e9rardmer\",\"publisher\":{\"@id\":\"https:\/\/vosgesinfo.fr\/gerardmerinfo\/#organization\"},\"alternateName\":\"Toute l'actualit\u00e9 de G\u00e9rardmer\",\"potentialAction\":[{\"@type\":\"SearchAction\",\"target\":{\"@type\":\"EntryPoint\",\"urlTemplate\":\"https:\/\/vosgesinfo.fr\/gerardmerinfo\/?s={search_term_string}\"},\"query-input\":\"required name=search_term_string\"}],\"inLanguage\":\"fr-FR\"},{\"@type\":\"Organization\",\"@id\":\"https:\/\/vosgesinfo.fr\/gerardmerinfo\/#organization\",\"name\":\"Gerardmer Info\",\"url\":\"https:\/\/vosgesinfo.fr\/gerardmerinfo\/\",\"logo\":{\"@type\":\"ImageObject\",\"inLanguage\":\"fr-FR\",\"@id\":\"https:\/\/vosgesinfo.fr\/gerardmerinfo\/#\/schema\/logo\/image\/\",\"url\":\"https:\/\/vosgesinfo.fr\/app\/uploads\/sites\/6\/2023\/08\/favicon-gerardmerinfo.png\",\"contentUrl\":\"https:\/\/vosgesinfo.fr\/app\/uploads\/sites\/6\/2023\/08\/favicon-gerardmerinfo.png\",\"width\":512,\"height\":512,\"caption\":\"Gerardmer Info\"},\"image\":{\"@id\":\"https:\/\/vosgesinfo.fr\/gerardmerinfo\/#\/schema\/logo\/image\/\"},\"sameAs\":[\"https:\/\/www.facebook.com\/profile.php?id=100049475262660\",\"https:\/\/x.com\/VosgesInfo88\",\"https:\/\/www.youtube.com\/@vosgesinfo\"]},{\"@type\":\"Person\",\"@id\":\"https:\/\/vosgesinfo.fr\/gerardmerinfo\/#\/schema\/person\/6f9a650eeea99d969b6c4ab78fccbe81\",\"name\":\"C.K.\",\"image\":{\"@type\":\"ImageObject\",\"inLanguage\":\"fr-FR\",\"@id\":\"https:\/\/vosgesinfo.fr\/gerardmerinfo\/#\/schema\/person\/image\/\",\"url\":\"https:\/\/secure.gravatar.com\/avatar\/48e3fc7f8421ba8942be6b74a2b7f014ca39bc00dece156b7a8e098ae7dc87bf?s=96&d=mm&r=g\",\"contentUrl\":\"https:\/\/secure.gravatar.com\/avatar\/48e3fc7f8421ba8942be6b74a2b7f014ca39bc00dece156b7a8e098ae7dc87bf?s=96&d=mm&r=g\",\"caption\":\"C.K.\"},\"url\":\"https:\/\/vosgesinfo.fr\/gerardmerinfo\/author\/celia-k-n\/\"}]}<\/script>\n<!-- \/ Yoast SEO plugin. -->","yoast_head_json":{"title":"Vols de cuivre \u00e0 Dinoz\u00e9 et Eloyes : un suspect plac\u00e9 en d\u00e9tention provisoire - Gerardmer Info","robots":{"index":"index","follow":"follow","max-snippet":"max-snippet:-1","max-image-preview":"max-image-preview:large","max-video-preview":"max-video-preview:-1"},"canonical":"https:\/\/vosgesinfo.fr\/gerardmerinfo\/2026\/01\/vols-de-cuivre-a-dinoze-et-eloyes-un-suspect-place-en-detention-provisoire\/","twitter_card":"summary_large_image","twitter_title":"Vols de cuivre \u00e0 Dinoz\u00e9 et Eloyes : un suspect plac\u00e9 en d\u00e9tention provisoire - Gerardmer Info","twitter_description":"Un homme \u00e2g\u00e9 d\u2019une trentaine d\u2019ann\u00e9es a \u00e9t\u00e9 pr\u00e9sent\u00e9 en comparution imm\u00e9diate ce jeudi 29 janvier devant le tribunal d&rsquo;Epinal. [&hellip;]","twitter_image":"https:\/\/vosgesinfo.fr\/app\/uploads\/sites\/6\/2026\/01\/vol-de-cuivre.jpg","twitter_creator":"@VosgesInfo88","twitter_site":"@VosgesInfo88","twitter_misc":{"\u00c9crit par":"C.K.","Dur\u00e9e de lecture estim\u00e9e":"1 minute"},"schema":{"@context":"https:\/\/schema.org","@graph":[{"@type":"Article","@id":"https:\/\/vosgesinfo.fr\/gerardmerinfo\/2026\/01\/vols-de-cuivre-a-dinoze-et-eloyes-un-suspect-place-en-detention-provisoire\/#article","isPartOf":{"@id":"https:\/\/vosgesinfo.fr\/gerardmerinfo\/2026\/01\/vols-de-cuivre-a-dinoze-et-eloyes-un-suspect-place-en-detention-provisoire\/"},"author":{"name":"C.K.","@id":"https:\/\/vosgesinfo.fr\/gerardmerinfo\/#\/schema\/person\/6f9a650eeea99d969b6c4ab78fccbe81"},"headline":"Vols de cuivre \u00e0 Dinoz\u00e9 et Eloyes : un suspect plac\u00e9 en d\u00e9tention provisoire","datePublished":"2026-01-30T12:31:44+00:00","dateModified":"2026-01-30T12:31:44+00:00","mainEntityOfPage":{"@id":"https:\/\/vosgesinfo.fr\/gerardmerinfo\/2026\/01\/vols-de-cuivre-a-dinoze-et-eloyes-un-suspect-place-en-detention-provisoire\/"},"wordCount":254,"commentCount":0,"publisher":{"@id":"https:\/\/vosgesinfo.fr\/gerardmerinfo\/#organization"},"image":{"@id":"https:\/\/vosgesinfo.fr\/gerardmerinfo\/2026\/01\/vols-de-cuivre-a-dinoze-et-eloyes-un-suspect-place-en-detention-provisoire\/#primaryimage"},"thumbnailUrl":"https:\/\/vosgesinfo.fr\/app\/uploads\/sites\/6\/2026\/01\/vol-de-cuivre.jpg","articleSection":["A la une","Epinal","Fait Divers","Faits-divers","G\u00e9rardmer","justice","La plaine des vosges","Remiremont","Saint-di\u00e9"],"inLanguage":"fr-FR","potentialAction":[{"@type":"CommentAction","name":"Comment","target":["https:\/\/vosgesinfo.fr\/gerardmerinfo\/2026\/01\/vols-de-cuivre-a-dinoze-et-eloyes-un-suspect-place-en-detention-provisoire\/#respond"]}]},{"@type":"WebPage","@id":"https:\/\/vosgesinfo.fr\/gerardmerinfo\/2026\/01\/vols-de-cuivre-a-dinoze-et-eloyes-un-suspect-place-en-detention-provisoire\/","url":"https:\/\/vosgesinfo.fr\/gerardmerinfo\/2026\/01\/vols-de-cuivre-a-dinoze-et-eloyes-un-suspect-place-en-detention-provisoire\/","name":"Vols de cuivre \u00e0 Dinoz\u00e9 et Eloyes : un suspect plac\u00e9 en d\u00e9tention provisoire - Gerardmer Info","isPartOf":{"@id":"https:\/\/vosgesinfo.fr\/gerardmerinfo\/#website"},"primaryImageOfPage":{"@id":"https:\/\/vosgesinfo.fr\/gerardmerinfo\/2026\/01\/vols-de-cuivre-a-dinoze-et-eloyes-un-suspect-place-en-detention-provisoire\/#primaryimage"},"image":{"@id":"https:\/\/vosgesinfo.fr\/gerardmerinfo\/2026\/01\/vols-de-cuivre-a-dinoze-et-eloyes-un-suspect-place-en-detention-provisoire\/#primaryimage"},"thumbnailUrl":"https:\/\/vosgesinfo.fr\/app\/uploads\/sites\/6\/2026\/01\/vol-de-cuivre.jpg","datePublished":"2026-01-30T12:31:44+00:00","dateModified":"2026-01-30T12:31:44+00:00","breadcrumb":{"@id":"https:\/\/vosgesinfo.fr\/gerardmerinfo\/2026\/01\/vols-de-cuivre-a-dinoze-et-eloyes-un-suspect-place-en-detention-provisoire\/#breadcrumb"},"inLanguage":"fr-FR","potentialAction":[{"@type":"ReadAction","target":["https:\/\/vosgesinfo.fr\/gerardmerinfo\/2026\/01\/vols-de-cuivre-a-dinoze-et-eloyes-un-suspect-place-en-detention-provisoire\/"]}]},{"@type":"ImageObject","inLanguage":"fr-FR","@id":"https:\/\/vosgesinfo.fr\/gerardmerinfo\/2026\/01\/vols-de-cuivre-a-dinoze-et-eloyes-un-suspect-place-en-detention-provisoire\/#primaryimage","url":"https:\/\/vosgesinfo.fr\/app\/uploads\/sites\/6\/2026\/01\/vol-de-cuivre.jpg","contentUrl":"https:\/\/vosgesinfo.fr\/app\/uploads\/sites\/6\/2026\/01\/vol-de-cuivre.jpg","width":1536,"height":1024},{"@type":"BreadcrumbList","@id":"https:\/\/vosgesinfo.fr\/gerardmerinfo\/2026\/01\/vols-de-cuivre-a-dinoze-et-eloyes-un-suspect-place-en-detention-provisoire\/#breadcrumb","itemListElement":[{"@type":"ListItem","position":1,"name":"Home","item":"https:\/\/vosgesinfo.fr\/gerardmerinfo\/"},{"@type":"ListItem","position":2,"name":"Vols de cuivre \u00e0 Dinoz\u00e9 et Eloyes : un suspect plac\u00e9 en d\u00e9tention provisoire"}]},{"@type":"WebSite","@id":"https:\/\/vosgesinfo.fr\/gerardmerinfo\/#website","url":"https:\/\/vosgesinfo.fr\/gerardmerinfo\/","name":"Gerardmer Info","description":"Toute l&#039;actualit\u00e9 de G\u00e9rardmer","publisher":{"@id":"https:\/\/vosgesinfo.fr\/gerardmerinfo\/#organization"},"alternateName":"Toute l'actualit\u00e9 de G\u00e9rardmer","potentialAction":[{"@type":"SearchAction","target":{"@type":"EntryPoint","urlTemplate":"https:\/\/vosgesinfo.fr\/gerardmerinfo\/?s={search_term_string}"},"query-input":"required name=search_term_string"}],"inLanguage":"fr-FR"},{"@type":"Organization","@id":"https:\/\/vosgesinfo.fr\/gerardmerinfo\/#organization","name":"Gerardmer Info","url":"https:\/\/vosgesinfo.fr\/gerardmerinfo\/","logo":{"@type":"ImageObject","inLanguage":"fr-FR","@id":"https:\/\/vosgesinfo.fr\/gerardmerinfo\/#\/schema\/logo\/image\/","url":"https:\/\/vosgesinfo.fr\/app\/uploads\/sites\/6\/2023\/08\/favicon-gerardmerinfo.png","contentUrl":"https:\/\/vosgesinfo.fr\/app\/uploads\/sites\/6\/2023\/08\/favicon-gerardmerinfo.png","width":512,"height":512,"caption":"Gerardmer Info"},"image":{"@id":"https:\/\/vosgesinfo.fr\/gerardmerinfo\/#\/schema\/logo\/image\/"},"sameAs":["https:\/\/www.facebook.com\/profile.php?id=100049475262660","https:\/\/x.com\/VosgesInfo88","https:\/\/www.youtube.com\/@vosgesinfo"]},{"@type":"Person","@id":"https:\/\/vosgesinfo.fr\/gerardmerinfo\/#\/schema\/person\/6f9a650eeea99d969b6c4ab78fccbe81","name":"C.K.","image":{"@type":"ImageObject","inLanguage":"fr-FR","@id":"https:\/\/vosgesinfo.fr\/gerardmerinfo\/#\/schema\/person\/image\/","url":"https:\/\/secure.gravatar.com\/avatar\/48e3fc7f8421ba8942be6b74a2b7f014ca39bc00dece156b7a8e098ae7dc87bf?s=96&d=mm&r=g","contentUrl":"https:\/\/secure.gravatar.com\/avatar\/48e3fc7f8421ba8942be6b74a2b7f014ca39bc00dece156b7a8e098ae7dc87bf?s=96&d=mm&r=g","caption":"C.K."},"url":"https:\/\/vosgesinfo.fr\/gerardmerinfo\/author\/celia-k-n\/"}]}},"_links":{"self":[{"href":"https:\/\/vosgesinfo.fr\/gerardmerinfo\/wp-json\/wp\/v2\/posts\/87514","targetHints":{"allow":["GET"]}}],"collection":[{"href":"https:\/\/vosgesinfo.fr\/gerardmerinfo\/wp-json\/wp\/v2\/posts"}],"about":[{"href":"https:\/\/vosgesinfo.fr\/gerardmerinfo\/wp-json\/wp\/v2\/types\/post"}],"author":[{"embeddable":true,"href":"https:\/\/vosgesinfo.fr\/gerardmerinfo\/wp-json\/wp\/v2\/users\/52"}],"replies":[{"embeddable":true,"href":"https:\/\/vosgesinfo.fr\/gerardmerinfo\/wp-json\/wp\/v2\/comments?post=87514"}],"version-history":[{"count":0,"href":"https:\/\/vosgesinfo.fr\/gerardmerinfo\/wp-json\/wp\/v2\/posts\/87514\/revisions"}],"wp:featuredmedia":[{"embeddable":true,"href":"https:\/\/vosgesinfo.fr\/gerardmerinfo\/wp-json\/wp\/v2\/media\/87515"}],"wp:attachment":[{"href":"https:\/\/vosgesinfo.fr\/gerardmerinfo\/wp-json\/wp\/v2\/media?parent=87514"}],"wp:term":[{"taxonomy":"category","embeddable":true,"href":"https:\/\/vosgesinfo.fr\/gerardmerinfo\/wp-json\/wp\/v2\/categories?post=87514"},{"taxonomy":"post_tag","embeddable":true,"href":"https:\/\/vosgesinfo.fr\/gerardmerinfo\/wp-json\/wp\/v2\/tags?post=87514"}],"curies":[{"name":"wp","href":"https:\/\/api.w.org\/{rel}","templated":true}]}}