{"id":87555,"date":"2026-01-31T15:37:38","date_gmt":"2026-01-31T14:37:38","guid":{"rendered":"https:\/\/vosgesinfo.fr\/gerardmerinfo\/2026\/01\/le-prefet-des-vosges-interdit-le-spectacle-de-dieudonne\/"},"modified":"2026-01-31T15:37:38","modified_gmt":"2026-01-31T14:37:38","slug":"le-prefet-des-vosges-interdit-le-spectacle-de-dieudonne","status":"publish","type":"post","link":"https:\/\/vosgesinfo.fr\/gerardmerinfo\/2026\/01\/le-prefet-des-vosges-interdit-le-spectacle-de-dieudonne\/","title":{"rendered":"Le pr\u00e9fet des Vosges interdit le spectacle de Dieudonn\u00e9"},"content":{"rendered":"<div id=\"attachment_139423\" style=\"width: 1034px\" class=\"wp-caption aligncenter\"><a href=\"https:\/\/vosgesinfo.fr\/app\/uploads\/sites\/3\/2026\/01\/8715c3be-751a-402c-96b5-43ef9bd1840b.jpg\"><img decoding=\"async\" aria-describedby=\"caption-attachment-139423\" class=\"size-large wp-image-139423\" src=\"https:\/\/vosgesinfo.fr\/app\/uploads\/sites\/3\/2026\/01\/8715c3be-751a-402c-96b5-43ef9bd1840b-1024x683.jpg\" alt=\"\" width=\"1024\" height=\"683\" \/><\/a><p id=\"caption-attachment-139423\" class=\"wp-caption-text\">illustration<\/p><\/div>\n<h2 data-start=\"219\" data-end=\"431\"><strong>Par arr\u00eat\u00e9 pr\u00e9fectoral, le pr\u00e9fet des Vosges a d\u00e9cid\u00e9 d\u2019interdire la repr\u00e9sentation du spectacle \u00ab Best Of \u00bb de Dieudonn\u00e9 M\u2019Bala M\u2019Bala, initialement annonc\u00e9e ce samedi 31 janvier dans le d\u00e9partement.<\/strong><\/h2>\n<p data-start=\"433\" data-end=\"580\">Cette mesure s\u2019applique \u00e0 <strong data-start=\"459\" data-end=\"495\">l\u2019ensemble du territoire vosgien<\/strong>, <strong data-start=\"497\" data-end=\"579\">du samedi 31 janvier \u00e0 partir de 15 heures jusqu\u2019au lundi 2 f\u00e9vrier \u00e0 8 heures<\/strong>.<\/p>\n<p data-start=\"582\" data-end=\"1037\">Dans son arr\u00eat\u00e9, le pr\u00e9fet rappelle que les spectacles de l\u2019humoriste comportent de mani\u00e8re r\u00e9currente des <strong data-start=\"689\" data-end=\"737\">propos portant atteinte \u00e0 la dignit\u00e9 humaine<\/strong>, notamment par des r\u00e9f\u00e9rences jug\u00e9es comme relevant de l\u2019<strong data-start=\"795\" data-end=\"821\">apologie du terrorisme<\/strong> ou de la <strong data-start=\"831\" data-end=\"859\">banalisation d\u2019attentats<\/strong>. Il souligne \u00e9galement le <strong data-start=\"886\" data-end=\"910\">caract\u00e8re antis\u00e9mite<\/strong> de certains propos tenus lors de pr\u00e9c\u00e9dentes repr\u00e9sentations, susceptible de constituer un <strong data-start=\"1002\" data-end=\"1036\">trouble grave \u00e0 l\u2019ordre public<\/strong>.<\/p>\n<p data-start=\"1039\" data-end=\"1314\">La d\u00e9cision pr\u00e9fectorale s\u2019appuie sur la <strong data-start=\"1080\" data-end=\"1125\">jurisprudence constante du Conseil d\u2019\u00c9tat<\/strong>, qui reconna\u00eet \u00e0 l\u2019autorit\u00e9 administrative la possibilit\u00e9 d\u2019interdire un spectacle lorsque celui-ci pr\u00e9sente des risques av\u00e9r\u00e9s pour l\u2019ordre public et le respect des valeurs fondamentales.<\/p>\n<p data-start=\"1316\" data-end=\"1551\">Les services de l\u2019\u00c9tat rappellent par ailleurs que <strong data-start=\"1367\" data-end=\"1399\">le non-respect de cet arr\u00eat\u00e9<\/strong> expose aussi bien les <strong data-start=\"1422\" data-end=\"1460\">organisateurs que les participants<\/strong> \u00e0 des <strong data-start=\"1467\" data-end=\"1480\">sanctions<\/strong>, notamment une <strong data-start=\"1496\" data-end=\"1550\">amende pr\u00e9vue pour les contraventions de 2\u1d49 classe<\/strong>.<\/p>\n","protected":false},"excerpt":{"rendered":"<p>Par arr\u00eat\u00e9 pr\u00e9fectoral, le pr\u00e9fet des Vosges a d\u00e9cid\u00e9 d\u2019interdire la repr\u00e9sentation du spectacle \u00ab Best Of \u00bb de Dieudonn\u00e9 [&hellip;]<\/p>\n","protected":false},"author":52,"featured_media":87556,"comment_status":"open","ping_status":"open","sticky":false,"template":"","format":"standard","meta":{"footnotes":""},"categories":[20,878,25,328,868,946],"tags":[],"class_list":["post-87555","post","type-post","status-publish","format-standard","has-post-thumbnail","hentry","category-a-la-une","category-epinal","category-gerardmer","category-la-plaine-des-vosges","category-remiremont","category-saint-die"],"acf":[],"yoast_head":"<!-- This site is optimized with the Yoast SEO plugin v22.5 - https:\/\/yoast.com\/wordpress\/plugins\/seo\/ -->\n<title>Le pr\u00e9fet des Vosges interdit le spectacle de Dieudonn\u00e9 - Gerardmer Info<\/title>\n<meta name=\"robots\" content=\"index, follow, max-snippet:-1, max-image-preview:large, max-video-preview:-1\" \/>\n<link rel=\"canonical\" href=\"https:\/\/vosgesinfo.fr\/gerardmerinfo\/2026\/01\/le-prefet-des-vosges-interdit-le-spectacle-de-dieudonne\/\" \/>\n<meta name=\"twitter:card\" content=\"summary_large_image\" \/>\n<meta name=\"twitter:title\" content=\"Le pr\u00e9fet des Vosges interdit le spectacle de Dieudonn\u00e9 - Gerardmer Info\" \/>\n<meta name=\"twitter:description\" content=\"Par arr\u00eat\u00e9 pr\u00e9fectoral, le pr\u00e9fet des Vosges a d\u00e9cid\u00e9 d\u2019interdire la repr\u00e9sentation du spectacle \u00ab Best Of \u00bb de Dieudonn\u00e9 [&hellip;]\" \/>\n<meta name=\"twitter:image\" content=\"https:\/\/vosgesinfo.fr\/app\/uploads\/sites\/6\/2026\/01\/8715c3be-751a-402c-96b5-43ef9bd1840b.jpg\" \/>\n<meta name=\"twitter:creator\" content=\"@VosgesInfo88\" \/>\n<meta name=\"twitter:site\" content=\"@VosgesInfo88\" \/>\n<meta name=\"twitter:label1\" content=\"\u00c9crit par\" \/>\n\t<meta name=\"twitter:data1\" content=\"C.K.\" \/>\n\t<meta name=\"twitter:label2\" content=\"Dur\u00e9e de lecture estim\u00e9e\" \/>\n\t<meta name=\"twitter:data2\" content=\"1 minute\" \/>\n<script type=\"application\/ld+json\" class=\"yoast-schema-graph\">{\"@context\":\"https:\/\/schema.org\",\"@graph\":[{\"@type\":\"Article\",\"@id\":\"https:\/\/vosgesinfo.fr\/gerardmerinfo\/2026\/01\/le-prefet-des-vosges-interdit-le-spectacle-de-dieudonne\/#article\",\"isPartOf\":{\"@id\":\"https:\/\/vosgesinfo.fr\/gerardmerinfo\/2026\/01\/le-prefet-des-vosges-interdit-le-spectacle-de-dieudonne\/\"},\"author\":{\"name\":\"C.K.\",\"@id\":\"https:\/\/vosgesinfo.fr\/gerardmerinfo\/#\/schema\/person\/6f9a650eeea99d969b6c4ab78fccbe81\"},\"headline\":\"Le pr\u00e9fet des Vosges interdit le spectacle de Dieudonn\u00e9\",\"datePublished\":\"2026-01-31T14:37:38+00:00\",\"dateModified\":\"2026-01-31T14:37:38+00:00\",\"mainEntityOfPage\":{\"@id\":\"https:\/\/vosgesinfo.fr\/gerardmerinfo\/2026\/01\/le-prefet-des-vosges-interdit-le-spectacle-de-dieudonne\/\"},\"wordCount\":234,\"commentCount\":2,\"publisher\":{\"@id\":\"https:\/\/vosgesinfo.fr\/gerardmerinfo\/#organization\"},\"image\":{\"@id\":\"https:\/\/vosgesinfo.fr\/gerardmerinfo\/2026\/01\/le-prefet-des-vosges-interdit-le-spectacle-de-dieudonne\/#primaryimage\"},\"thumbnailUrl\":\"https:\/\/vosgesinfo.fr\/app\/uploads\/sites\/6\/2026\/01\/8715c3be-751a-402c-96b5-43ef9bd1840b.jpg\",\"articleSection\":[\"A la une\",\"Epinal\",\"G\u00e9rardmer\",\"La plaine des vosges\",\"Remiremont\",\"Saint-di\u00e9\"],\"inLanguage\":\"fr-FR\",\"potentialAction\":[{\"@type\":\"CommentAction\",\"name\":\"Comment\",\"target\":[\"https:\/\/vosgesinfo.fr\/gerardmerinfo\/2026\/01\/le-prefet-des-vosges-interdit-le-spectacle-de-dieudonne\/#respond\"]}]},{\"@type\":\"WebPage\",\"@id\":\"https:\/\/vosgesinfo.fr\/gerardmerinfo\/2026\/01\/le-prefet-des-vosges-interdit-le-spectacle-de-dieudonne\/\",\"url\":\"https:\/\/vosgesinfo.fr\/gerardmerinfo\/2026\/01\/le-prefet-des-vosges-interdit-le-spectacle-de-dieudonne\/\",\"name\":\"Le pr\u00e9fet des Vosges interdit le spectacle de Dieudonn\u00e9 - Gerardmer Info\",\"isPartOf\":{\"@id\":\"https:\/\/vosgesinfo.fr\/gerardmerinfo\/#website\"},\"primaryImageOfPage\":{\"@id\":\"https:\/\/vosgesinfo.fr\/gerardmerinfo\/2026\/01\/le-prefet-des-vosges-interdit-le-spectacle-de-dieudonne\/#primaryimage\"},\"image\":{\"@id\":\"https:\/\/vosgesinfo.fr\/gerardmerinfo\/2026\/01\/le-prefet-des-vosges-interdit-le-spectacle-de-dieudonne\/#primaryimage\"},\"thumbnailUrl\":\"https:\/\/vosgesinfo.fr\/app\/uploads\/sites\/6\/2026\/01\/8715c3be-751a-402c-96b5-43ef9bd1840b.jpg\",\"datePublished\":\"2026-01-31T14:37:38+00:00\",\"dateModified\":\"2026-01-31T14:37:38+00:00\",\"breadcrumb\":{\"@id\":\"https:\/\/vosgesinfo.fr\/gerardmerinfo\/2026\/01\/le-prefet-des-vosges-interdit-le-spectacle-de-dieudonne\/#breadcrumb\"},\"inLanguage\":\"fr-FR\",\"potentialAction\":[{\"@type\":\"ReadAction\",\"target\":[\"https:\/\/vosgesinfo.fr\/gerardmerinfo\/2026\/01\/le-prefet-des-vosges-interdit-le-spectacle-de-dieudonne\/\"]}]},{\"@type\":\"ImageObject\",\"inLanguage\":\"fr-FR\",\"@id\":\"https:\/\/vosgesinfo.fr\/gerardmerinfo\/2026\/01\/le-prefet-des-vosges-interdit-le-spectacle-de-dieudonne\/#primaryimage\",\"url\":\"https:\/\/vosgesinfo.fr\/app\/uploads\/sites\/6\/2026\/01\/8715c3be-751a-402c-96b5-43ef9bd1840b.jpg\",\"contentUrl\":\"https:\/\/vosgesinfo.fr\/app\/uploads\/sites\/6\/2026\/01\/8715c3be-751a-402c-96b5-43ef9bd1840b.jpg\",\"width\":1536,\"height\":1024},{\"@type\":\"BreadcrumbList\",\"@id\":\"https:\/\/vosgesinfo.fr\/gerardmerinfo\/2026\/01\/le-prefet-des-vosges-interdit-le-spectacle-de-dieudonne\/#breadcrumb\",\"itemListElement\":[{\"@type\":\"ListItem\",\"position\":1,\"name\":\"Home\",\"item\":\"https:\/\/vosgesinfo.fr\/gerardmerinfo\/\"},{\"@type\":\"ListItem\",\"position\":2,\"name\":\"Le pr\u00e9fet des Vosges interdit le spectacle de Dieudonn\u00e9\"}]},{\"@type\":\"WebSite\",\"@id\":\"https:\/\/vosgesinfo.fr\/gerardmerinfo\/#website\",\"url\":\"https:\/\/vosgesinfo.fr\/gerardmerinfo\/\",\"name\":\"Gerardmer Info\",\"description\":\"Toute l&#039;actualit\u00e9 de G\u00e9rardmer\",\"publisher\":{\"@id\":\"https:\/\/vosgesinfo.fr\/gerardmerinfo\/#organization\"},\"alternateName\":\"Toute l'actualit\u00e9 de G\u00e9rardmer\",\"potentialAction\":[{\"@type\":\"SearchAction\",\"target\":{\"@type\":\"EntryPoint\",\"urlTemplate\":\"https:\/\/vosgesinfo.fr\/gerardmerinfo\/?s={search_term_string}\"},\"query-input\":\"required name=search_term_string\"}],\"inLanguage\":\"fr-FR\"},{\"@type\":\"Organization\",\"@id\":\"https:\/\/vosgesinfo.fr\/gerardmerinfo\/#organization\",\"name\":\"Gerardmer Info\",\"url\":\"https:\/\/vosgesinfo.fr\/gerardmerinfo\/\",\"logo\":{\"@type\":\"ImageObject\",\"inLanguage\":\"fr-FR\",\"@id\":\"https:\/\/vosgesinfo.fr\/gerardmerinfo\/#\/schema\/logo\/image\/\",\"url\":\"https:\/\/vosgesinfo.fr\/app\/uploads\/sites\/6\/2023\/08\/favicon-gerardmerinfo.png\",\"contentUrl\":\"https:\/\/vosgesinfo.fr\/app\/uploads\/sites\/6\/2023\/08\/favicon-gerardmerinfo.png\",\"width\":512,\"height\":512,\"caption\":\"Gerardmer Info\"},\"image\":{\"@id\":\"https:\/\/vosgesinfo.fr\/gerardmerinfo\/#\/schema\/logo\/image\/\"},\"sameAs\":[\"https:\/\/www.facebook.com\/profile.php?id=100049475262660\",\"https:\/\/x.com\/VosgesInfo88\",\"https:\/\/www.youtube.com\/@vosgesinfo\"]},{\"@type\":\"Person\",\"@id\":\"https:\/\/vosgesinfo.fr\/gerardmerinfo\/#\/schema\/person\/6f9a650eeea99d969b6c4ab78fccbe81\",\"name\":\"C.K.\",\"image\":{\"@type\":\"ImageObject\",\"inLanguage\":\"fr-FR\",\"@id\":\"https:\/\/vosgesinfo.fr\/gerardmerinfo\/#\/schema\/person\/image\/\",\"url\":\"https:\/\/secure.gravatar.com\/avatar\/48e3fc7f8421ba8942be6b74a2b7f014ca39bc00dece156b7a8e098ae7dc87bf?s=96&d=mm&r=g\",\"contentUrl\":\"https:\/\/secure.gravatar.com\/avatar\/48e3fc7f8421ba8942be6b74a2b7f014ca39bc00dece156b7a8e098ae7dc87bf?s=96&d=mm&r=g\",\"caption\":\"C.K.\"},\"url\":\"https:\/\/vosgesinfo.fr\/gerardmerinfo\/author\/celia-k-n\/\"}]}<\/script>\n<!-- \/ Yoast SEO plugin. -->","yoast_head_json":{"title":"Le pr\u00e9fet des Vosges interdit le spectacle de Dieudonn\u00e9 - Gerardmer Info","robots":{"index":"index","follow":"follow","max-snippet":"max-snippet:-1","max-image-preview":"max-image-preview:large","max-video-preview":"max-video-preview:-1"},"canonical":"https:\/\/vosgesinfo.fr\/gerardmerinfo\/2026\/01\/le-prefet-des-vosges-interdit-le-spectacle-de-dieudonne\/","twitter_card":"summary_large_image","twitter_title":"Le pr\u00e9fet des Vosges interdit le spectacle de Dieudonn\u00e9 - Gerardmer Info","twitter_description":"Par arr\u00eat\u00e9 pr\u00e9fectoral, le pr\u00e9fet des Vosges a d\u00e9cid\u00e9 d\u2019interdire la repr\u00e9sentation du spectacle \u00ab Best Of \u00bb de Dieudonn\u00e9 [&hellip;]","twitter_image":"https:\/\/vosgesinfo.fr\/app\/uploads\/sites\/6\/2026\/01\/8715c3be-751a-402c-96b5-43ef9bd1840b.jpg","twitter_creator":"@VosgesInfo88","twitter_site":"@VosgesInfo88","twitter_misc":{"\u00c9crit par":"C.K.","Dur\u00e9e de lecture estim\u00e9e":"1 minute"},"schema":{"@context":"https:\/\/schema.org","@graph":[{"@type":"Article","@id":"https:\/\/vosgesinfo.fr\/gerardmerinfo\/2026\/01\/le-prefet-des-vosges-interdit-le-spectacle-de-dieudonne\/#article","isPartOf":{"@id":"https:\/\/vosgesinfo.fr\/gerardmerinfo\/2026\/01\/le-prefet-des-vosges-interdit-le-spectacle-de-dieudonne\/"},"author":{"name":"C.K.","@id":"https:\/\/vosgesinfo.fr\/gerardmerinfo\/#\/schema\/person\/6f9a650eeea99d969b6c4ab78fccbe81"},"headline":"Le pr\u00e9fet des Vosges interdit le spectacle de Dieudonn\u00e9","datePublished":"2026-01-31T14:37:38+00:00","dateModified":"2026-01-31T14:37:38+00:00","mainEntityOfPage":{"@id":"https:\/\/vosgesinfo.fr\/gerardmerinfo\/2026\/01\/le-prefet-des-vosges-interdit-le-spectacle-de-dieudonne\/"},"wordCount":234,"commentCount":2,"publisher":{"@id":"https:\/\/vosgesinfo.fr\/gerardmerinfo\/#organization"},"image":{"@id":"https:\/\/vosgesinfo.fr\/gerardmerinfo\/2026\/01\/le-prefet-des-vosges-interdit-le-spectacle-de-dieudonne\/#primaryimage"},"thumbnailUrl":"https:\/\/vosgesinfo.fr\/app\/uploads\/sites\/6\/2026\/01\/8715c3be-751a-402c-96b5-43ef9bd1840b.jpg","articleSection":["A la une","Epinal","G\u00e9rardmer","La plaine des vosges","Remiremont","Saint-di\u00e9"],"inLanguage":"fr-FR","potentialAction":[{"@type":"CommentAction","name":"Comment","target":["https:\/\/vosgesinfo.fr\/gerardmerinfo\/2026\/01\/le-prefet-des-vosges-interdit-le-spectacle-de-dieudonne\/#respond"]}]},{"@type":"WebPage","@id":"https:\/\/vosgesinfo.fr\/gerardmerinfo\/2026\/01\/le-prefet-des-vosges-interdit-le-spectacle-de-dieudonne\/","url":"https:\/\/vosgesinfo.fr\/gerardmerinfo\/2026\/01\/le-prefet-des-vosges-interdit-le-spectacle-de-dieudonne\/","name":"Le pr\u00e9fet des Vosges interdit le spectacle de Dieudonn\u00e9 - Gerardmer Info","isPartOf":{"@id":"https:\/\/vosgesinfo.fr\/gerardmerinfo\/#website"},"primaryImageOfPage":{"@id":"https:\/\/vosgesinfo.fr\/gerardmerinfo\/2026\/01\/le-prefet-des-vosges-interdit-le-spectacle-de-dieudonne\/#primaryimage"},"image":{"@id":"https:\/\/vosgesinfo.fr\/gerardmerinfo\/2026\/01\/le-prefet-des-vosges-interdit-le-spectacle-de-dieudonne\/#primaryimage"},"thumbnailUrl":"https:\/\/vosgesinfo.fr\/app\/uploads\/sites\/6\/2026\/01\/8715c3be-751a-402c-96b5-43ef9bd1840b.jpg","datePublished":"2026-01-31T14:37:38+00:00","dateModified":"2026-01-31T14:37:38+00:00","breadcrumb":{"@id":"https:\/\/vosgesinfo.fr\/gerardmerinfo\/2026\/01\/le-prefet-des-vosges-interdit-le-spectacle-de-dieudonne\/#breadcrumb"},"inLanguage":"fr-FR","potentialAction":[{"@type":"ReadAction","target":["https:\/\/vosgesinfo.fr\/gerardmerinfo\/2026\/01\/le-prefet-des-vosges-interdit-le-spectacle-de-dieudonne\/"]}]},{"@type":"ImageObject","inLanguage":"fr-FR","@id":"https:\/\/vosgesinfo.fr\/gerardmerinfo\/2026\/01\/le-prefet-des-vosges-interdit-le-spectacle-de-dieudonne\/#primaryimage","url":"https:\/\/vosgesinfo.fr\/app\/uploads\/sites\/6\/2026\/01\/8715c3be-751a-402c-96b5-43ef9bd1840b.jpg","contentUrl":"https:\/\/vosgesinfo.fr\/app\/uploads\/sites\/6\/2026\/01\/8715c3be-751a-402c-96b5-43ef9bd1840b.jpg","width":1536,"height":1024},{"@type":"BreadcrumbList","@id":"https:\/\/vosgesinfo.fr\/gerardmerinfo\/2026\/01\/le-prefet-des-vosges-interdit-le-spectacle-de-dieudonne\/#breadcrumb","itemListElement":[{"@type":"ListItem","position":1,"name":"Home","item":"https:\/\/vosgesinfo.fr\/gerardmerinfo\/"},{"@type":"ListItem","position":2,"name":"Le pr\u00e9fet des Vosges interdit le spectacle de Dieudonn\u00e9"}]},{"@type":"WebSite","@id":"https:\/\/vosgesinfo.fr\/gerardmerinfo\/#website","url":"https:\/\/vosgesinfo.fr\/gerardmerinfo\/","name":"Gerardmer Info","description":"Toute l&#039;actualit\u00e9 de G\u00e9rardmer","publisher":{"@id":"https:\/\/vosgesinfo.fr\/gerardmerinfo\/#organization"},"alternateName":"Toute l'actualit\u00e9 de G\u00e9rardmer","potentialAction":[{"@type":"SearchAction","target":{"@type":"EntryPoint","urlTemplate":"https:\/\/vosgesinfo.fr\/gerardmerinfo\/?s={search_term_string}"},"query-input":"required name=search_term_string"}],"inLanguage":"fr-FR"},{"@type":"Organization","@id":"https:\/\/vosgesinfo.fr\/gerardmerinfo\/#organization","name":"Gerardmer Info","url":"https:\/\/vosgesinfo.fr\/gerardmerinfo\/","logo":{"@type":"ImageObject","inLanguage":"fr-FR","@id":"https:\/\/vosgesinfo.fr\/gerardmerinfo\/#\/schema\/logo\/image\/","url":"https:\/\/vosgesinfo.fr\/app\/uploads\/sites\/6\/2023\/08\/favicon-gerardmerinfo.png","contentUrl":"https:\/\/vosgesinfo.fr\/app\/uploads\/sites\/6\/2023\/08\/favicon-gerardmerinfo.png","width":512,"height":512,"caption":"Gerardmer Info"},"image":{"@id":"https:\/\/vosgesinfo.fr\/gerardmerinfo\/#\/schema\/logo\/image\/"},"sameAs":["https:\/\/www.facebook.com\/profile.php?id=100049475262660","https:\/\/x.com\/VosgesInfo88","https:\/\/www.youtube.com\/@vosgesinfo"]},{"@type":"Person","@id":"https:\/\/vosgesinfo.fr\/gerardmerinfo\/#\/schema\/person\/6f9a650eeea99d969b6c4ab78fccbe81","name":"C.K.","image":{"@type":"ImageObject","inLanguage":"fr-FR","@id":"https:\/\/vosgesinfo.fr\/gerardmerinfo\/#\/schema\/person\/image\/","url":"https:\/\/secure.gravatar.com\/avatar\/48e3fc7f8421ba8942be6b74a2b7f014ca39bc00dece156b7a8e098ae7dc87bf?s=96&d=mm&r=g","contentUrl":"https:\/\/secure.gravatar.com\/avatar\/48e3fc7f8421ba8942be6b74a2b7f014ca39bc00dece156b7a8e098ae7dc87bf?s=96&d=mm&r=g","caption":"C.K."},"url":"https:\/\/vosgesinfo.fr\/gerardmerinfo\/author\/celia-k-n\/"}]}},"_links":{"self":[{"href":"https:\/\/vosgesinfo.fr\/gerardmerinfo\/wp-json\/wp\/v2\/posts\/87555","targetHints":{"allow":["GET"]}}],"collection":[{"href":"https:\/\/vosgesinfo.fr\/gerardmerinfo\/wp-json\/wp\/v2\/posts"}],"about":[{"href":"https:\/\/vosgesinfo.fr\/gerardmerinfo\/wp-json\/wp\/v2\/types\/post"}],"author":[{"embeddable":true,"href":"https:\/\/vosgesinfo.fr\/gerardmerinfo\/wp-json\/wp\/v2\/users\/52"}],"replies":[{"embeddable":true,"href":"https:\/\/vosgesinfo.fr\/gerardmerinfo\/wp-json\/wp\/v2\/comments?post=87555"}],"version-history":[{"count":0,"href":"https:\/\/vosgesinfo.fr\/gerardmerinfo\/wp-json\/wp\/v2\/posts\/87555\/revisions"}],"wp:featuredmedia":[{"embeddable":true,"href":"https:\/\/vosgesinfo.fr\/gerardmerinfo\/wp-json\/wp\/v2\/media\/87556"}],"wp:attachment":[{"href":"https:\/\/vosgesinfo.fr\/gerardmerinfo\/wp-json\/wp\/v2\/media?parent=87555"}],"wp:term":[{"taxonomy":"category","embeddable":true,"href":"https:\/\/vosgesinfo.fr\/gerardmerinfo\/wp-json\/wp\/v2\/categories?post=87555"},{"taxonomy":"post_tag","embeddable":true,"href":"https:\/\/vosgesinfo.fr\/gerardmerinfo\/wp-json\/wp\/v2\/tags?post=87555"}],"curies":[{"name":"wp","href":"https:\/\/api.w.org\/{rel}","templated":true}]}}