{"id":88836,"date":"2026-03-08T10:30:12","date_gmt":"2026-03-08T09:30:12","guid":{"rendered":"https:\/\/vosgesinfo.fr\/gerardmerinfo\/?p=88836"},"modified":"2026-03-08T10:30:12","modified_gmt":"2026-03-08T09:30:12","slug":"portes-ouvertes-au-lycee-des-metiers-de-lautomobile-et-du-transport-pierre-gilles-de-gennes","status":"publish","type":"post","link":"https:\/\/vosgesinfo.fr\/gerardmerinfo\/2026\/03\/portes-ouvertes-au-lycee-des-metiers-de-lautomobile-et-du-transport-pierre-gilles-de-gennes\/","title":{"rendered":"Portes ouvertes au lyc\u00e9e des M\u00e9tiers de l\u2019Automobile et du Transport Pierre-Gilles de Gennes"},"content":{"rendered":"<div id=\"attachment_88838\" style=\"width: 1450px\" class=\"wp-caption aligncenter\"><a href=\"https:\/\/vosgesinfo.fr\/app\/uploads\/sites\/6\/2026\/03\/img-5591.jpg\"><img decoding=\"async\" aria-describedby=\"caption-attachment-88838\" class=\"wp-image-88838 size-full\" src=\"https:\/\/vosgesinfo.fr\/app\/uploads\/sites\/6\/2026\/03\/img-5591.jpg\" alt=\"\" width=\"1440\" height=\"1080\" data-wp-editing=\"1\" srcset=\"https:\/\/vosgesinfo.fr\/app\/uploads\/sites\/6\/2026\/03\/img-5591.jpg 1440w, https:\/\/vosgesinfo.fr\/app\/uploads\/sites\/6\/2026\/03\/img-5591-300x225.jpg 300w, https:\/\/vosgesinfo.fr\/app\/uploads\/sites\/6\/2026\/03\/img-5591-1024x768.jpg 1024w, https:\/\/vosgesinfo.fr\/app\/uploads\/sites\/6\/2026\/03\/img-5591-768x576.jpg 768w\" sizes=\"(max-width: 1440px) 100vw, 1440px\" \/><\/a><p id=\"caption-attachment-88838\" class=\"wp-caption-text\"><span style=\"color: #000080;\">Hugo Moulin, venu avec sa maman, est venu d\u00e9couvrir ce samedi 7 mars, le lyc\u00e9e professionnel qui l&rsquo;accueillera pour la rentr\u00e9e 2026.<\/span><\/p><\/div>\n<p>&nbsp;<\/p>\n<p><strong>Ce samedi 7 mars, le lyc\u00e9e des M\u00e9tiers du Transport et de l\u2019Automobile Pierre-Gilles de Gennes \u00e0 G\u00e9rardmer a ouvert ses portes au public. Pour l\u2019\u00e9v\u00e8nement, de nombreuses familles, avec une forte pr\u00e9sence de jeunes de troisi\u00e8me, ont r\u00e9pondu pr\u00e9sents. Entre d\u00e9monstrations de v\u00e9hicules et explications de cursus, visite.<\/strong><\/p>\n<p style=\"font-weight: 400;\">\u00ab Pour se former aux m\u00e9tiers du transport dans le secteur, il n\u2019y a pas meilleur \u00e9tablissement que celui de G\u00e9rardmer \u00bb assure Hugo Moulin, coll\u00e9gien en classe de troisi\u00e8me, de Rupt-sur-Moselle, venu avec sa maman. Sa d\u00e9cision est prise, sa rentr\u00e9e 2026 se fera faite ici. \u00ab Les camions ont l\u2019air vraiment r\u00e9cents, l\u2019ambiance super sympa aussi. \u00bb Derri\u00e8re lui, un mod\u00e8le semi-remorque acquis par le lyc\u00e9e, en 2025, gr\u00e2ce au financement de la r\u00e9gion.<\/p>\n<p style=\"font-weight: 400;\">\u00ab L\u2019offre de stages propos\u00e9e est aussi attractive avec plus de dix entreprises partenaires sur le territoire, de Saint-Di\u00e9 \u00e0 Eloyes. Sans oublier, une collaboration avec les Arm\u00e9es afin de former les \u00e9l\u00e8ves \u00e0 la conduite routi\u00e8re dans un cadre milliaire. \u00ab Apr\u00e8s un premier partenariat sign\u00e9 en juin 2025 avec le 1<sup>er<\/sup> r\u00e9giment des Tirailleurs d\u2019\u00c9pinal, nous venons de signer un nouvel accord en 2026 avec le 516<sup>e<\/sup> R\u00e9giment du Train (Tours) \u00bb d\u00e9taille \u00a0le proviseur des lieux, David Sage.<\/p>\n<div id=\"attachment_88839\" style=\"width: 310px\" class=\"wp-caption alignright\"><a href=\"https:\/\/vosgesinfo.fr\/app\/uploads\/sites\/6\/2026\/03\/img-5597.jpg\"><img decoding=\"async\" aria-describedby=\"caption-attachment-88839\" class=\"wp-image-88839 size-medium\" src=\"https:\/\/vosgesinfo.fr\/app\/uploads\/sites\/6\/2026\/03\/img-5597-300x225.jpg\" alt=\"\" width=\"300\" height=\"225\" srcset=\"https:\/\/vosgesinfo.fr\/app\/uploads\/sites\/6\/2026\/03\/img-5597-300x225.jpg 300w, https:\/\/vosgesinfo.fr\/app\/uploads\/sites\/6\/2026\/03\/img-5597-1024x768.jpg 1024w, https:\/\/vosgesinfo.fr\/app\/uploads\/sites\/6\/2026\/03\/img-5597-768x576.jpg 768w, https:\/\/vosgesinfo.fr\/app\/uploads\/sites\/6\/2026\/03\/img-5597.jpg 1440w\" sizes=\"(max-width: 300px) 100vw, 300px\" \/><\/a><p id=\"caption-attachment-88839\" class=\"wp-caption-text\"><span style=\"color: #000080;\">Curieux et impliqu\u00e9s sont les \u00e9l\u00e8ves du lyc\u00e9e des M\u00e9tiers de l&rsquo;Automobile et du Transport Pierre-Gilles de Gennes \u00e0 G\u00e9rardmer. Ci-contre, le stand de vente de g\u00e2teaux pour financer un projet de voyage pour les 24h du Mans camions !<\/span><\/p><\/div>\n<p style=\"font-weight: 400;\"><strong>Une fili\u00e8re en tension<br \/>\n<\/strong>Le Transport et l\u2019Automobile sont des secteurs en tension. \u00ab On a plus de 60% de taux de placement de nos jeunes en entreprise dans les six mois de l\u2019ann\u00e9e du dipl\u00f4me et la totalit\u00e9 y est sur le restant de l\u2019ann\u00e9e, sauf ceux qui d\u00e9cident de poursuivre les \u00e9tudes en fili\u00e8re BTS \u00bb rel\u00e8ve David Sage. Bien que les conditions de travail sont exigeantes, la r\u00e9mun\u00e9ration salariale, elle, semble plut\u00f4t attrayante : \u00ab Un jeune sorti de cursus peut \u00a0gagner 3000 euros en tant que chauffeur de poids lourd, \u00e0 l\u2019international \u00bb illustre le chef d&rsquo;\u00e9tablissement.<\/p>\n<p>&nbsp;<\/p>\n<div id=\"attachment_88837\" style=\"width: 310px\" class=\"wp-caption alignright\"><a href=\"https:\/\/vosgesinfo.fr\/app\/uploads\/sites\/6\/2026\/03\/img-5609.jpg\"><img decoding=\"async\" aria-describedby=\"caption-attachment-88837\" class=\"wp-image-88837 size-medium\" src=\"https:\/\/vosgesinfo.fr\/app\/uploads\/sites\/6\/2026\/03\/img-5609-300x225.jpg\" alt=\"\" width=\"300\" height=\"225\" srcset=\"https:\/\/vosgesinfo.fr\/app\/uploads\/sites\/6\/2026\/03\/img-5609-300x225.jpg 300w, https:\/\/vosgesinfo.fr\/app\/uploads\/sites\/6\/2026\/03\/img-5609-1024x768.jpg 1024w, https:\/\/vosgesinfo.fr\/app\/uploads\/sites\/6\/2026\/03\/img-5609-768x576.jpg 768w, https:\/\/vosgesinfo.fr\/app\/uploads\/sites\/6\/2026\/03\/img-5609.jpg 1440w\" sizes=\"(max-width: 300px) 100vw, 300px\" \/><\/a><p id=\"caption-attachment-88837\" class=\"wp-caption-text\"><span style=\"color: #000080;\">Informations en live sur la fili\u00e8re des m\u00e9tiers du Transport et de l&rsquo;Automobile avec la web radio du lyc\u00e9e ,pr\u00e9sente aux portes ouvertes ce samedi 7 mars.<\/span><\/p><\/div>\n<p style=\"font-weight: 400;\">En compl\u00e9ment de ces portes ouvertes, un Village des M\u00e9tiers sera organis\u00e9 jeudi 12 mars prochain dans les m\u00eames locaux. \u00ab On s&rsquo;attend \u00e0 accueillir plus de 180 coll\u00e9giens du d\u00e9partement \u00bb poursuit le proviseur David Sage. De quoi confirmer des v\u0153ux professionnels ou tout simplement attirer la curiosit\u00e9 d\u2019une fili\u00e8re qui s\u00e9duit \u00e9galement la gent f\u00e9minine : \u00ab N\u2019h\u00e9sitez pas \u00e0 poser des questions pr\u00e9cises sur les perspectives d\u2019emplois, on est un \u00e9tablissement riche en mat\u00e9riel et en v\u00e9hicules mais pas que ! \u00bb annon\u00e7ait une jeune \u00e9tudiante, \u00e0 l&rsquo;aise au micro de la web radio du lyc\u00e9e.<\/p>\n<p>&nbsp;<\/p>\n<p style=\"font-weight: 400;\">\n","protected":false},"excerpt":{"rendered":"<p>&nbsp; Ce samedi 7 mars, le lyc\u00e9e des M\u00e9tiers du Transport et de l\u2019Automobile Pierre-Gilles de Gennes \u00e0 G\u00e9rardmer a [&hellip;]<\/p>\n","protected":false},"author":424,"featured_media":88838,"comment_status":"open","ping_status":"open","sticky":false,"template":"","format":"standard","meta":{"footnotes":""},"categories":[6,5901,5908,5647],"tags":[8458,8456,8455,8437,8457],"class_list":["post-88836","post","type-post","status-publish","format-standard","has-post-thumbnail","hentry","category-education","category-enseignement","category-entreprise","category-gerardmer-autres-sites","tag-1er-regiment-des-tirailleurs-depinal","tag-lycee-professionnel-pierre-gilles-de-gennes","tag-m-sage","tag-transport","tag-vehicules"],"acf":[],"yoast_head":"<!-- This site is optimized with the Yoast SEO plugin v22.5 - https:\/\/yoast.com\/wordpress\/plugins\/seo\/ -->\n<title>Portes ouvertes au lyc\u00e9e des M\u00e9tiers de l\u2019Automobile et du Transport Pierre-Gilles de Gennes - Gerardmer Info<\/title>\n<meta name=\"robots\" content=\"index, follow, max-snippet:-1, max-image-preview:large, max-video-preview:-1\" \/>\n<link rel=\"canonical\" href=\"https:\/\/vosgesinfo.fr\/gerardmerinfo\/?p=88836\" \/>\n<meta name=\"twitter:card\" content=\"summary_large_image\" \/>\n<meta name=\"twitter:title\" content=\"Portes ouvertes au lyc\u00e9e des M\u00e9tiers de l\u2019Automobile et du Transport Pierre-Gilles de Gennes - Gerardmer Info\" \/>\n<meta name=\"twitter:description\" content=\"&nbsp; Ce samedi 7 mars, le lyc\u00e9e des M\u00e9tiers du Transport et de l\u2019Automobile Pierre-Gilles de Gennes \u00e0 G\u00e9rardmer a [&hellip;]\" \/>\n<meta name=\"twitter:image\" content=\"https:\/\/vosgesinfo.fr\/app\/uploads\/sites\/6\/2026\/03\/img-5591.jpg\" \/>\n<meta name=\"twitter:creator\" content=\"@VosgesInfo88\" \/>\n<meta name=\"twitter:site\" content=\"@VosgesInfo88\" \/>\n<meta name=\"twitter:label1\" content=\"\u00c9crit par\" \/>\n\t<meta name=\"twitter:data1\" content=\"c c\" \/>\n\t<meta name=\"twitter:label2\" content=\"Dur\u00e9e de lecture estim\u00e9e\" \/>\n\t<meta name=\"twitter:data2\" content=\"4 minutes\" \/>\n<script type=\"application\/ld+json\" class=\"yoast-schema-graph\">{\"@context\":\"https:\/\/schema.org\",\"@graph\":[{\"@type\":\"Article\",\"@id\":\"https:\/\/vosgesinfo.fr\/gerardmerinfo\/?p=88836#article\",\"isPartOf\":{\"@id\":\"https:\/\/vosgesinfo.fr\/gerardmerinfo\/?p=88836\"},\"author\":{\"name\":\"c c\",\"@id\":\"https:\/\/vosgesinfo.fr\/gerardmerinfo\/#\/schema\/person\/c083b2ddad85c29be187eaa03a93bb5a\"},\"headline\":\"Portes ouvertes au lyc\u00e9e des M\u00e9tiers de l\u2019Automobile et du Transport Pierre-Gilles de Gennes\",\"datePublished\":\"2026-03-08T09:30:12+00:00\",\"dateModified\":\"2026-03-08T09:30:12+00:00\",\"mainEntityOfPage\":{\"@id\":\"https:\/\/vosgesinfo.fr\/gerardmerinfo\/?p=88836\"},\"wordCount\":585,\"commentCount\":0,\"publisher\":{\"@id\":\"https:\/\/vosgesinfo.fr\/gerardmerinfo\/#organization\"},\"image\":{\"@id\":\"https:\/\/vosgesinfo.fr\/gerardmerinfo\/?p=88836#primaryimage\"},\"thumbnailUrl\":\"https:\/\/vosgesinfo.fr\/app\/uploads\/sites\/6\/2026\/03\/img-5591.jpg\",\"keywords\":[\"1er r\u00e9giment des Tirailleurs d\u2019\u00c9pinal\",\"Lyc\u00e9e professionnel Pierre-Gilles de Gennes\",\"M. Sage\",\"transport\",\"v\u00e9hicules\"],\"articleSection\":[\"\u00c9ducation\",\"Enseignement\",\"Entreprise\",\"Gerardmer\"],\"inLanguage\":\"fr-FR\",\"potentialAction\":[{\"@type\":\"CommentAction\",\"name\":\"Comment\",\"target\":[\"https:\/\/vosgesinfo.fr\/gerardmerinfo\/?p=88836#respond\"]}]},{\"@type\":\"WebPage\",\"@id\":\"https:\/\/vosgesinfo.fr\/gerardmerinfo\/?p=88836\",\"url\":\"https:\/\/vosgesinfo.fr\/gerardmerinfo\/?p=88836\",\"name\":\"Portes ouvertes au lyc\u00e9e des M\u00e9tiers de l\u2019Automobile et du Transport Pierre-Gilles de Gennes - Gerardmer Info\",\"isPartOf\":{\"@id\":\"https:\/\/vosgesinfo.fr\/gerardmerinfo\/#website\"},\"primaryImageOfPage\":{\"@id\":\"https:\/\/vosgesinfo.fr\/gerardmerinfo\/?p=88836#primaryimage\"},\"image\":{\"@id\":\"https:\/\/vosgesinfo.fr\/gerardmerinfo\/?p=88836#primaryimage\"},\"thumbnailUrl\":\"https:\/\/vosgesinfo.fr\/app\/uploads\/sites\/6\/2026\/03\/img-5591.jpg\",\"datePublished\":\"2026-03-08T09:30:12+00:00\",\"dateModified\":\"2026-03-08T09:30:12+00:00\",\"breadcrumb\":{\"@id\":\"https:\/\/vosgesinfo.fr\/gerardmerinfo\/?p=88836#breadcrumb\"},\"inLanguage\":\"fr-FR\",\"potentialAction\":[{\"@type\":\"ReadAction\",\"target\":[\"https:\/\/vosgesinfo.fr\/gerardmerinfo\/?p=88836\"]}]},{\"@type\":\"ImageObject\",\"inLanguage\":\"fr-FR\",\"@id\":\"https:\/\/vosgesinfo.fr\/gerardmerinfo\/?p=88836#primaryimage\",\"url\":\"https:\/\/vosgesinfo.fr\/app\/uploads\/sites\/6\/2026\/03\/img-5591.jpg\",\"contentUrl\":\"https:\/\/vosgesinfo.fr\/app\/uploads\/sites\/6\/2026\/03\/img-5591.jpg\",\"width\":1440,\"height\":1080},{\"@type\":\"BreadcrumbList\",\"@id\":\"https:\/\/vosgesinfo.fr\/gerardmerinfo\/?p=88836#breadcrumb\",\"itemListElement\":[{\"@type\":\"ListItem\",\"position\":1,\"name\":\"Home\",\"item\":\"https:\/\/vosgesinfo.fr\/gerardmerinfo\/\"},{\"@type\":\"ListItem\",\"position\":2,\"name\":\"Portes ouvertes au lyc\u00e9e des M\u00e9tiers de l\u2019Automobile et du Transport Pierre-Gilles de Gennes\"}]},{\"@type\":\"WebSite\",\"@id\":\"https:\/\/vosgesinfo.fr\/gerardmerinfo\/#website\",\"url\":\"https:\/\/vosgesinfo.fr\/gerardmerinfo\/\",\"name\":\"Gerardmer Info\",\"description\":\"Toute l&#039;actualit\u00e9 de G\u00e9rardmer\",\"publisher\":{\"@id\":\"https:\/\/vosgesinfo.fr\/gerardmerinfo\/#organization\"},\"alternateName\":\"Toute l'actualit\u00e9 de G\u00e9rardmer\",\"potentialAction\":[{\"@type\":\"SearchAction\",\"target\":{\"@type\":\"EntryPoint\",\"urlTemplate\":\"https:\/\/vosgesinfo.fr\/gerardmerinfo\/?s={search_term_string}\"},\"query-input\":\"required name=search_term_string\"}],\"inLanguage\":\"fr-FR\"},{\"@type\":\"Organization\",\"@id\":\"https:\/\/vosgesinfo.fr\/gerardmerinfo\/#organization\",\"name\":\"Gerardmer Info\",\"url\":\"https:\/\/vosgesinfo.fr\/gerardmerinfo\/\",\"logo\":{\"@type\":\"ImageObject\",\"inLanguage\":\"fr-FR\",\"@id\":\"https:\/\/vosgesinfo.fr\/gerardmerinfo\/#\/schema\/logo\/image\/\",\"url\":\"https:\/\/vosgesinfo.fr\/app\/uploads\/sites\/6\/2023\/08\/favicon-gerardmerinfo.png\",\"contentUrl\":\"https:\/\/vosgesinfo.fr\/app\/uploads\/sites\/6\/2023\/08\/favicon-gerardmerinfo.png\",\"width\":512,\"height\":512,\"caption\":\"Gerardmer Info\"},\"image\":{\"@id\":\"https:\/\/vosgesinfo.fr\/gerardmerinfo\/#\/schema\/logo\/image\/\"},\"sameAs\":[\"https:\/\/www.facebook.com\/profile.php?id=100049475262660\",\"https:\/\/x.com\/VosgesInfo88\",\"https:\/\/www.youtube.com\/@vosgesinfo\"]},{\"@type\":\"Person\",\"@id\":\"https:\/\/vosgesinfo.fr\/gerardmerinfo\/#\/schema\/person\/c083b2ddad85c29be187eaa03a93bb5a\",\"name\":\"c c\",\"image\":{\"@type\":\"ImageObject\",\"inLanguage\":\"fr-FR\",\"@id\":\"https:\/\/vosgesinfo.fr\/gerardmerinfo\/#\/schema\/person\/image\/\",\"url\":\"https:\/\/secure.gravatar.com\/avatar\/e70ff592a5527651fdbd31e1e07fe47395bcc1ad70ced4aff378459cb4ba7b86?s=96&d=mm&r=g\",\"contentUrl\":\"https:\/\/secure.gravatar.com\/avatar\/e70ff592a5527651fdbd31e1e07fe47395bcc1ad70ced4aff378459cb4ba7b86?s=96&d=mm&r=g\",\"caption\":\"c c\"},\"url\":\"https:\/\/vosgesinfo.fr\/gerardmerinfo\/author\/clairecarisey\/\"}]}<\/script>\n<!-- \/ Yoast SEO plugin. -->","yoast_head_json":{"title":"Portes ouvertes au lyc\u00e9e des M\u00e9tiers de l\u2019Automobile et du Transport Pierre-Gilles de Gennes - Gerardmer Info","robots":{"index":"index","follow":"follow","max-snippet":"max-snippet:-1","max-image-preview":"max-image-preview:large","max-video-preview":"max-video-preview:-1"},"canonical":"https:\/\/vosgesinfo.fr\/gerardmerinfo\/?p=88836","twitter_card":"summary_large_image","twitter_title":"Portes ouvertes au lyc\u00e9e des M\u00e9tiers de l\u2019Automobile et du Transport Pierre-Gilles de Gennes - Gerardmer Info","twitter_description":"&nbsp; Ce samedi 7 mars, le lyc\u00e9e des M\u00e9tiers du Transport et de l\u2019Automobile Pierre-Gilles de Gennes \u00e0 G\u00e9rardmer a [&hellip;]","twitter_image":"https:\/\/vosgesinfo.fr\/app\/uploads\/sites\/6\/2026\/03\/img-5591.jpg","twitter_creator":"@VosgesInfo88","twitter_site":"@VosgesInfo88","twitter_misc":{"\u00c9crit par":"c c","Dur\u00e9e de lecture estim\u00e9e":"4 minutes"},"schema":{"@context":"https:\/\/schema.org","@graph":[{"@type":"Article","@id":"https:\/\/vosgesinfo.fr\/gerardmerinfo\/?p=88836#article","isPartOf":{"@id":"https:\/\/vosgesinfo.fr\/gerardmerinfo\/?p=88836"},"author":{"name":"c c","@id":"https:\/\/vosgesinfo.fr\/gerardmerinfo\/#\/schema\/person\/c083b2ddad85c29be187eaa03a93bb5a"},"headline":"Portes ouvertes au lyc\u00e9e des M\u00e9tiers de l\u2019Automobile et du Transport Pierre-Gilles de Gennes","datePublished":"2026-03-08T09:30:12+00:00","dateModified":"2026-03-08T09:30:12+00:00","mainEntityOfPage":{"@id":"https:\/\/vosgesinfo.fr\/gerardmerinfo\/?p=88836"},"wordCount":585,"commentCount":0,"publisher":{"@id":"https:\/\/vosgesinfo.fr\/gerardmerinfo\/#organization"},"image":{"@id":"https:\/\/vosgesinfo.fr\/gerardmerinfo\/?p=88836#primaryimage"},"thumbnailUrl":"https:\/\/vosgesinfo.fr\/app\/uploads\/sites\/6\/2026\/03\/img-5591.jpg","keywords":["1er r\u00e9giment des Tirailleurs d\u2019\u00c9pinal","Lyc\u00e9e professionnel Pierre-Gilles de Gennes","M. Sage","transport","v\u00e9hicules"],"articleSection":["\u00c9ducation","Enseignement","Entreprise","Gerardmer"],"inLanguage":"fr-FR","potentialAction":[{"@type":"CommentAction","name":"Comment","target":["https:\/\/vosgesinfo.fr\/gerardmerinfo\/?p=88836#respond"]}]},{"@type":"WebPage","@id":"https:\/\/vosgesinfo.fr\/gerardmerinfo\/?p=88836","url":"https:\/\/vosgesinfo.fr\/gerardmerinfo\/?p=88836","name":"Portes ouvertes au lyc\u00e9e des M\u00e9tiers de l\u2019Automobile et du Transport Pierre-Gilles de Gennes - Gerardmer Info","isPartOf":{"@id":"https:\/\/vosgesinfo.fr\/gerardmerinfo\/#website"},"primaryImageOfPage":{"@id":"https:\/\/vosgesinfo.fr\/gerardmerinfo\/?p=88836#primaryimage"},"image":{"@id":"https:\/\/vosgesinfo.fr\/gerardmerinfo\/?p=88836#primaryimage"},"thumbnailUrl":"https:\/\/vosgesinfo.fr\/app\/uploads\/sites\/6\/2026\/03\/img-5591.jpg","datePublished":"2026-03-08T09:30:12+00:00","dateModified":"2026-03-08T09:30:12+00:00","breadcrumb":{"@id":"https:\/\/vosgesinfo.fr\/gerardmerinfo\/?p=88836#breadcrumb"},"inLanguage":"fr-FR","potentialAction":[{"@type":"ReadAction","target":["https:\/\/vosgesinfo.fr\/gerardmerinfo\/?p=88836"]}]},{"@type":"ImageObject","inLanguage":"fr-FR","@id":"https:\/\/vosgesinfo.fr\/gerardmerinfo\/?p=88836#primaryimage","url":"https:\/\/vosgesinfo.fr\/app\/uploads\/sites\/6\/2026\/03\/img-5591.jpg","contentUrl":"https:\/\/vosgesinfo.fr\/app\/uploads\/sites\/6\/2026\/03\/img-5591.jpg","width":1440,"height":1080},{"@type":"BreadcrumbList","@id":"https:\/\/vosgesinfo.fr\/gerardmerinfo\/?p=88836#breadcrumb","itemListElement":[{"@type":"ListItem","position":1,"name":"Home","item":"https:\/\/vosgesinfo.fr\/gerardmerinfo\/"},{"@type":"ListItem","position":2,"name":"Portes ouvertes au lyc\u00e9e des M\u00e9tiers de l\u2019Automobile et du Transport Pierre-Gilles de Gennes"}]},{"@type":"WebSite","@id":"https:\/\/vosgesinfo.fr\/gerardmerinfo\/#website","url":"https:\/\/vosgesinfo.fr\/gerardmerinfo\/","name":"Gerardmer Info","description":"Toute l&#039;actualit\u00e9 de G\u00e9rardmer","publisher":{"@id":"https:\/\/vosgesinfo.fr\/gerardmerinfo\/#organization"},"alternateName":"Toute l'actualit\u00e9 de G\u00e9rardmer","potentialAction":[{"@type":"SearchAction","target":{"@type":"EntryPoint","urlTemplate":"https:\/\/vosgesinfo.fr\/gerardmerinfo\/?s={search_term_string}"},"query-input":"required name=search_term_string"}],"inLanguage":"fr-FR"},{"@type":"Organization","@id":"https:\/\/vosgesinfo.fr\/gerardmerinfo\/#organization","name":"Gerardmer Info","url":"https:\/\/vosgesinfo.fr\/gerardmerinfo\/","logo":{"@type":"ImageObject","inLanguage":"fr-FR","@id":"https:\/\/vosgesinfo.fr\/gerardmerinfo\/#\/schema\/logo\/image\/","url":"https:\/\/vosgesinfo.fr\/app\/uploads\/sites\/6\/2023\/08\/favicon-gerardmerinfo.png","contentUrl":"https:\/\/vosgesinfo.fr\/app\/uploads\/sites\/6\/2023\/08\/favicon-gerardmerinfo.png","width":512,"height":512,"caption":"Gerardmer Info"},"image":{"@id":"https:\/\/vosgesinfo.fr\/gerardmerinfo\/#\/schema\/logo\/image\/"},"sameAs":["https:\/\/www.facebook.com\/profile.php?id=100049475262660","https:\/\/x.com\/VosgesInfo88","https:\/\/www.youtube.com\/@vosgesinfo"]},{"@type":"Person","@id":"https:\/\/vosgesinfo.fr\/gerardmerinfo\/#\/schema\/person\/c083b2ddad85c29be187eaa03a93bb5a","name":"c c","image":{"@type":"ImageObject","inLanguage":"fr-FR","@id":"https:\/\/vosgesinfo.fr\/gerardmerinfo\/#\/schema\/person\/image\/","url":"https:\/\/secure.gravatar.com\/avatar\/e70ff592a5527651fdbd31e1e07fe47395bcc1ad70ced4aff378459cb4ba7b86?s=96&d=mm&r=g","contentUrl":"https:\/\/secure.gravatar.com\/avatar\/e70ff592a5527651fdbd31e1e07fe47395bcc1ad70ced4aff378459cb4ba7b86?s=96&d=mm&r=g","caption":"c c"},"url":"https:\/\/vosgesinfo.fr\/gerardmerinfo\/author\/clairecarisey\/"}]}},"_links":{"self":[{"href":"https:\/\/vosgesinfo.fr\/gerardmerinfo\/wp-json\/wp\/v2\/posts\/88836","targetHints":{"allow":["GET"]}}],"collection":[{"href":"https:\/\/vosgesinfo.fr\/gerardmerinfo\/wp-json\/wp\/v2\/posts"}],"about":[{"href":"https:\/\/vosgesinfo.fr\/gerardmerinfo\/wp-json\/wp\/v2\/types\/post"}],"author":[{"embeddable":true,"href":"https:\/\/vosgesinfo.fr\/gerardmerinfo\/wp-json\/wp\/v2\/users\/424"}],"replies":[{"embeddable":true,"href":"https:\/\/vosgesinfo.fr\/gerardmerinfo\/wp-json\/wp\/v2\/comments?post=88836"}],"version-history":[{"count":4,"href":"https:\/\/vosgesinfo.fr\/gerardmerinfo\/wp-json\/wp\/v2\/posts\/88836\/revisions"}],"predecessor-version":[{"id":88858,"href":"https:\/\/vosgesinfo.fr\/gerardmerinfo\/wp-json\/wp\/v2\/posts\/88836\/revisions\/88858"}],"wp:featuredmedia":[{"embeddable":true,"href":"https:\/\/vosgesinfo.fr\/gerardmerinfo\/wp-json\/wp\/v2\/media\/88838"}],"wp:attachment":[{"href":"https:\/\/vosgesinfo.fr\/gerardmerinfo\/wp-json\/wp\/v2\/media?parent=88836"}],"wp:term":[{"taxonomy":"category","embeddable":true,"href":"https:\/\/vosgesinfo.fr\/gerardmerinfo\/wp-json\/wp\/v2\/categories?post=88836"},{"taxonomy":"post_tag","embeddable":true,"href":"https:\/\/vosgesinfo.fr\/gerardmerinfo\/wp-json\/wp\/v2\/tags?post=88836"}],"curies":[{"name":"wp","href":"https:\/\/api.w.org\/{rel}","templated":true}]}}