{"id":88940,"date":"2026-03-11T05:55:24","date_gmt":"2026-03-11T04:55:24","guid":{"rendered":"https:\/\/vosgesinfo.fr\/gerardmerinfo\/?p=88940"},"modified":"2026-03-09T20:19:46","modified_gmt":"2026-03-09T19:19:46","slug":"conference-le-riz-de-lassiette-au-champ-au-grattoir","status":"publish","type":"post","link":"https:\/\/vosgesinfo.fr\/gerardmerinfo\/2026\/03\/conference-le-riz-de-lassiette-au-champ-au-grattoir\/","title":{"rendered":"Conf\u00e9rence : \u00ab\u00a0Le riz : de l\u2019assiette au champ\u00a0\u00bb au Grattoir"},"content":{"rendered":"<p>&nbsp;<\/p>\n<p><strong>Le riz\u00a0: de l\u2019assiette au champ<\/strong><\/p>\n<p><a href=\"https:\/\/vosgesinfo.fr\/app\/uploads\/sites\/6\/2026\/03\/riz-grattoir.jpg\"><img decoding=\"async\" class=\"alignright size-medium wp-image-88941\" src=\"https:\/\/vosgesinfo.fr\/app\/uploads\/sites\/6\/2026\/03\/riz-grattoir-211x300.jpg\" alt=\"\" width=\"211\" height=\"300\" srcset=\"https:\/\/vosgesinfo.fr\/app\/uploads\/sites\/6\/2026\/03\/riz-grattoir-211x300.jpg 211w, https:\/\/vosgesinfo.fr\/app\/uploads\/sites\/6\/2026\/03\/riz-grattoir.jpg 515w\" sizes=\"(max-width: 211px) 100vw, 211px\" \/><\/a>Apr\u00e8s une br\u00e8ve description de cette plante embl\u00e9matique, nous passerons en revue les modes de consommation du riz sur un plan quantitatif et qualitatif dans le monde, pour bien appr\u00e9hender sa richesse et sa diversit\u00e9.<\/p>\n<p>Ensuite, nous verrons comment les principaux pays producteurs r\u00e9pondent \u00e0 la demande croissante des consommateurs, comment les riziculteurs produisent et quelles sont les contraintes rencontr\u00e9es.<\/p>\n<p>Enfin, nous listerons les principaux enjeux pour demain, en se projetant en 2050 avec une population de 10 Mds de personnes. Les multiples enjeux de cette culture vivri\u00e8re par excellence se cristallisent autour de sa production, alors m\u00eame que la fili\u00e8re cherche les voies de la durabilit\u00e9.<\/p>\n<p>Herv\u00e9 Thieblemont :<\/p>\n<p>Agronome de formation, j\u2019ai fait toute ma carri\u00e8re dans le domaine des semences de grandes cultures (c\u00e9r\u00e9ales et ol\u00e9agineux). Pendant une quinzaine d\u2019ann\u00e9es, j\u2019ai eu la chance de travailler en Asie\u00a0: Asie Sud-Est (Thai-Laos-Cambodge-Vietnam-Birmanie-Indon\u00e9sie-Malaisie), Inde- Bangladesh, Chine, Cor\u00e9e et Japon. L\u2019objectif en tant que semencier est d\u2019imaginer les vari\u00e9t\u00e9s de demain, qui seront le mieux adapt\u00e9es pour les riziculteurs \u2013 horizon 2030-2040. D\u2019o\u00f9 l\u2019id\u00e9e de l\u2019assiette au champ sachant qu&rsquo;il faut plus de 10 ans pour imaginer et d\u00e9velopper une nouvelle vari\u00e9t\u00e9.<\/p>\n<p><strong>Entr\u00e9e libre<\/strong><\/p>\n<p><strong>Jeudi 19 Mars \u00e0 20 heures au bar le Grattoir.<\/strong><\/p>\n","protected":false},"excerpt":{"rendered":"<p>&nbsp; Le riz\u00a0: de l\u2019assiette au champ Apr\u00e8s une br\u00e8ve description de cette plante embl\u00e9matique, nous passerons en revue les [&hellip;]<\/p>\n","protected":false},"author":391,"featured_media":88941,"comment_status":"open","ping_status":"open","sticky":false,"template":"","format":"standard","meta":{"footnotes":""},"categories":[1],"tags":[35,8472],"class_list":["post-88940","post","type-post","status-publish","format-standard","has-post-thumbnail","hentry","category-non-classe","tag-bar-le-grattoir","tag-herve-thieblemont"],"acf":[],"yoast_head":"<!-- This site is optimized with the Yoast SEO plugin v22.5 - https:\/\/yoast.com\/wordpress\/plugins\/seo\/ -->\n<title>Conf\u00e9rence : &quot;Le riz : de l\u2019assiette au champ&quot; au Grattoir - Gerardmer Info<\/title>\n<meta name=\"robots\" content=\"index, follow, max-snippet:-1, max-image-preview:large, max-video-preview:-1\" \/>\n<link rel=\"canonical\" href=\"https:\/\/vosgesinfo.fr\/gerardmerinfo\/2026\/03\/conference-le-riz-de-lassiette-au-champ-au-grattoir\/\" \/>\n<meta name=\"twitter:card\" content=\"summary_large_image\" \/>\n<meta name=\"twitter:title\" content=\"Conf\u00e9rence : &quot;Le riz : de l\u2019assiette au champ&quot; au Grattoir - Gerardmer Info\" \/>\n<meta name=\"twitter:description\" content=\"&nbsp; Le riz\u00a0: de l\u2019assiette au champ Apr\u00e8s une br\u00e8ve description de cette plante embl\u00e9matique, nous passerons en revue les [&hellip;]\" \/>\n<meta name=\"twitter:image\" content=\"https:\/\/vosgesinfo.fr\/app\/uploads\/sites\/6\/2026\/03\/riz-grattoir.jpg\" \/>\n<meta name=\"twitter:creator\" content=\"@VosgesInfo88\" \/>\n<meta name=\"twitter:site\" content=\"@VosgesInfo88\" \/>\n<meta name=\"twitter:label1\" content=\"\u00c9crit par\" \/>\n\t<meta name=\"twitter:data1\" content=\"La redaction\" \/>\n\t<meta name=\"twitter:label2\" content=\"Dur\u00e9e de lecture estim\u00e9e\" \/>\n\t<meta name=\"twitter:data2\" content=\"1 minute\" \/>\n<script type=\"application\/ld+json\" class=\"yoast-schema-graph\">{\"@context\":\"https:\/\/schema.org\",\"@graph\":[{\"@type\":\"Article\",\"@id\":\"https:\/\/vosgesinfo.fr\/gerardmerinfo\/2026\/03\/conference-le-riz-de-lassiette-au-champ-au-grattoir\/#article\",\"isPartOf\":{\"@id\":\"https:\/\/vosgesinfo.fr\/gerardmerinfo\/2026\/03\/conference-le-riz-de-lassiette-au-champ-au-grattoir\/\"},\"author\":{\"name\":\"La redaction\",\"@id\":\"https:\/\/vosgesinfo.fr\/gerardmerinfo\/#\/schema\/person\/27a3695b06db98895b354c0765cdfc31\"},\"headline\":\"Conf\u00e9rence : \u00ab\u00a0Le riz : de l\u2019assiette au champ\u00a0\u00bb au Grattoir\",\"datePublished\":\"2026-03-11T04:55:24+00:00\",\"dateModified\":\"2026-03-09T19:19:46+00:00\",\"mainEntityOfPage\":{\"@id\":\"https:\/\/vosgesinfo.fr\/gerardmerinfo\/2026\/03\/conference-le-riz-de-lassiette-au-champ-au-grattoir\/\"},\"wordCount\":246,\"commentCount\":0,\"publisher\":{\"@id\":\"https:\/\/vosgesinfo.fr\/gerardmerinfo\/#organization\"},\"image\":{\"@id\":\"https:\/\/vosgesinfo.fr\/gerardmerinfo\/2026\/03\/conference-le-riz-de-lassiette-au-champ-au-grattoir\/#primaryimage\"},\"thumbnailUrl\":\"https:\/\/vosgesinfo.fr\/app\/uploads\/sites\/6\/2026\/03\/riz-grattoir.jpg\",\"keywords\":[\"bar le grattoir\",\"Herv\u00e9 Thieblemont\"],\"inLanguage\":\"fr-FR\",\"potentialAction\":[{\"@type\":\"CommentAction\",\"name\":\"Comment\",\"target\":[\"https:\/\/vosgesinfo.fr\/gerardmerinfo\/2026\/03\/conference-le-riz-de-lassiette-au-champ-au-grattoir\/#respond\"]}]},{\"@type\":\"WebPage\",\"@id\":\"https:\/\/vosgesinfo.fr\/gerardmerinfo\/2026\/03\/conference-le-riz-de-lassiette-au-champ-au-grattoir\/\",\"url\":\"https:\/\/vosgesinfo.fr\/gerardmerinfo\/2026\/03\/conference-le-riz-de-lassiette-au-champ-au-grattoir\/\",\"name\":\"Conf\u00e9rence : \\\"Le riz : de l\u2019assiette au champ\\\" au Grattoir - Gerardmer Info\",\"isPartOf\":{\"@id\":\"https:\/\/vosgesinfo.fr\/gerardmerinfo\/#website\"},\"primaryImageOfPage\":{\"@id\":\"https:\/\/vosgesinfo.fr\/gerardmerinfo\/2026\/03\/conference-le-riz-de-lassiette-au-champ-au-grattoir\/#primaryimage\"},\"image\":{\"@id\":\"https:\/\/vosgesinfo.fr\/gerardmerinfo\/2026\/03\/conference-le-riz-de-lassiette-au-champ-au-grattoir\/#primaryimage\"},\"thumbnailUrl\":\"https:\/\/vosgesinfo.fr\/app\/uploads\/sites\/6\/2026\/03\/riz-grattoir.jpg\",\"datePublished\":\"2026-03-11T04:55:24+00:00\",\"dateModified\":\"2026-03-09T19:19:46+00:00\",\"breadcrumb\":{\"@id\":\"https:\/\/vosgesinfo.fr\/gerardmerinfo\/2026\/03\/conference-le-riz-de-lassiette-au-champ-au-grattoir\/#breadcrumb\"},\"inLanguage\":\"fr-FR\",\"potentialAction\":[{\"@type\":\"ReadAction\",\"target\":[\"https:\/\/vosgesinfo.fr\/gerardmerinfo\/2026\/03\/conference-le-riz-de-lassiette-au-champ-au-grattoir\/\"]}]},{\"@type\":\"ImageObject\",\"inLanguage\":\"fr-FR\",\"@id\":\"https:\/\/vosgesinfo.fr\/gerardmerinfo\/2026\/03\/conference-le-riz-de-lassiette-au-champ-au-grattoir\/#primaryimage\",\"url\":\"https:\/\/vosgesinfo.fr\/app\/uploads\/sites\/6\/2026\/03\/riz-grattoir.jpg\",\"contentUrl\":\"https:\/\/vosgesinfo.fr\/app\/uploads\/sites\/6\/2026\/03\/riz-grattoir.jpg\",\"width\":515,\"height\":733},{\"@type\":\"BreadcrumbList\",\"@id\":\"https:\/\/vosgesinfo.fr\/gerardmerinfo\/2026\/03\/conference-le-riz-de-lassiette-au-champ-au-grattoir\/#breadcrumb\",\"itemListElement\":[{\"@type\":\"ListItem\",\"position\":1,\"name\":\"Home\",\"item\":\"https:\/\/vosgesinfo.fr\/gerardmerinfo\/\"},{\"@type\":\"ListItem\",\"position\":2,\"name\":\"Conf\u00e9rence : \u00ab\u00a0Le riz : de l\u2019assiette au champ\u00a0\u00bb au Grattoir\"}]},{\"@type\":\"WebSite\",\"@id\":\"https:\/\/vosgesinfo.fr\/gerardmerinfo\/#website\",\"url\":\"https:\/\/vosgesinfo.fr\/gerardmerinfo\/\",\"name\":\"Gerardmer Info\",\"description\":\"Toute l&#039;actualit\u00e9 de G\u00e9rardmer\",\"publisher\":{\"@id\":\"https:\/\/vosgesinfo.fr\/gerardmerinfo\/#organization\"},\"alternateName\":\"Toute l'actualit\u00e9 de G\u00e9rardmer\",\"potentialAction\":[{\"@type\":\"SearchAction\",\"target\":{\"@type\":\"EntryPoint\",\"urlTemplate\":\"https:\/\/vosgesinfo.fr\/gerardmerinfo\/?s={search_term_string}\"},\"query-input\":\"required name=search_term_string\"}],\"inLanguage\":\"fr-FR\"},{\"@type\":\"Organization\",\"@id\":\"https:\/\/vosgesinfo.fr\/gerardmerinfo\/#organization\",\"name\":\"Gerardmer Info\",\"url\":\"https:\/\/vosgesinfo.fr\/gerardmerinfo\/\",\"logo\":{\"@type\":\"ImageObject\",\"inLanguage\":\"fr-FR\",\"@id\":\"https:\/\/vosgesinfo.fr\/gerardmerinfo\/#\/schema\/logo\/image\/\",\"url\":\"https:\/\/vosgesinfo.fr\/app\/uploads\/sites\/6\/2023\/08\/favicon-gerardmerinfo.png\",\"contentUrl\":\"https:\/\/vosgesinfo.fr\/app\/uploads\/sites\/6\/2023\/08\/favicon-gerardmerinfo.png\",\"width\":512,\"height\":512,\"caption\":\"Gerardmer Info\"},\"image\":{\"@id\":\"https:\/\/vosgesinfo.fr\/gerardmerinfo\/#\/schema\/logo\/image\/\"},\"sameAs\":[\"https:\/\/www.facebook.com\/profile.php?id=100049475262660\",\"https:\/\/x.com\/VosgesInfo88\",\"https:\/\/www.youtube.com\/@vosgesinfo\"]},{\"@type\":\"Person\",\"@id\":\"https:\/\/vosgesinfo.fr\/gerardmerinfo\/#\/schema\/person\/27a3695b06db98895b354c0765cdfc31\",\"name\":\"La redaction\",\"image\":{\"@type\":\"ImageObject\",\"inLanguage\":\"fr-FR\",\"@id\":\"https:\/\/vosgesinfo.fr\/gerardmerinfo\/#\/schema\/person\/image\/\",\"url\":\"https:\/\/secure.gravatar.com\/avatar\/64c76a78e501cedee55736f43f332df901e1896ae9cd8fad269ae2236dd0e8b6?s=96&d=mm&r=g\",\"contentUrl\":\"https:\/\/secure.gravatar.com\/avatar\/64c76a78e501cedee55736f43f332df901e1896ae9cd8fad269ae2236dd0e8b6?s=96&d=mm&r=g\",\"caption\":\"La redaction\"},\"url\":\"https:\/\/vosgesinfo.fr\/gerardmerinfo\/author\/la-redaction\/\"}]}<\/script>\n<!-- \/ Yoast SEO plugin. -->","yoast_head_json":{"title":"Conf\u00e9rence : \"Le riz : de l\u2019assiette au champ\" au Grattoir - Gerardmer Info","robots":{"index":"index","follow":"follow","max-snippet":"max-snippet:-1","max-image-preview":"max-image-preview:large","max-video-preview":"max-video-preview:-1"},"canonical":"https:\/\/vosgesinfo.fr\/gerardmerinfo\/2026\/03\/conference-le-riz-de-lassiette-au-champ-au-grattoir\/","twitter_card":"summary_large_image","twitter_title":"Conf\u00e9rence : \"Le riz : de l\u2019assiette au champ\" au Grattoir - Gerardmer Info","twitter_description":"&nbsp; Le riz\u00a0: de l\u2019assiette au champ Apr\u00e8s une br\u00e8ve description de cette plante embl\u00e9matique, nous passerons en revue les [&hellip;]","twitter_image":"https:\/\/vosgesinfo.fr\/app\/uploads\/sites\/6\/2026\/03\/riz-grattoir.jpg","twitter_creator":"@VosgesInfo88","twitter_site":"@VosgesInfo88","twitter_misc":{"\u00c9crit par":"La redaction","Dur\u00e9e de lecture estim\u00e9e":"1 minute"},"schema":{"@context":"https:\/\/schema.org","@graph":[{"@type":"Article","@id":"https:\/\/vosgesinfo.fr\/gerardmerinfo\/2026\/03\/conference-le-riz-de-lassiette-au-champ-au-grattoir\/#article","isPartOf":{"@id":"https:\/\/vosgesinfo.fr\/gerardmerinfo\/2026\/03\/conference-le-riz-de-lassiette-au-champ-au-grattoir\/"},"author":{"name":"La redaction","@id":"https:\/\/vosgesinfo.fr\/gerardmerinfo\/#\/schema\/person\/27a3695b06db98895b354c0765cdfc31"},"headline":"Conf\u00e9rence : \u00ab\u00a0Le riz : de l\u2019assiette au champ\u00a0\u00bb au Grattoir","datePublished":"2026-03-11T04:55:24+00:00","dateModified":"2026-03-09T19:19:46+00:00","mainEntityOfPage":{"@id":"https:\/\/vosgesinfo.fr\/gerardmerinfo\/2026\/03\/conference-le-riz-de-lassiette-au-champ-au-grattoir\/"},"wordCount":246,"commentCount":0,"publisher":{"@id":"https:\/\/vosgesinfo.fr\/gerardmerinfo\/#organization"},"image":{"@id":"https:\/\/vosgesinfo.fr\/gerardmerinfo\/2026\/03\/conference-le-riz-de-lassiette-au-champ-au-grattoir\/#primaryimage"},"thumbnailUrl":"https:\/\/vosgesinfo.fr\/app\/uploads\/sites\/6\/2026\/03\/riz-grattoir.jpg","keywords":["bar le grattoir","Herv\u00e9 Thieblemont"],"inLanguage":"fr-FR","potentialAction":[{"@type":"CommentAction","name":"Comment","target":["https:\/\/vosgesinfo.fr\/gerardmerinfo\/2026\/03\/conference-le-riz-de-lassiette-au-champ-au-grattoir\/#respond"]}]},{"@type":"WebPage","@id":"https:\/\/vosgesinfo.fr\/gerardmerinfo\/2026\/03\/conference-le-riz-de-lassiette-au-champ-au-grattoir\/","url":"https:\/\/vosgesinfo.fr\/gerardmerinfo\/2026\/03\/conference-le-riz-de-lassiette-au-champ-au-grattoir\/","name":"Conf\u00e9rence : \"Le riz : de l\u2019assiette au champ\" au Grattoir - Gerardmer Info","isPartOf":{"@id":"https:\/\/vosgesinfo.fr\/gerardmerinfo\/#website"},"primaryImageOfPage":{"@id":"https:\/\/vosgesinfo.fr\/gerardmerinfo\/2026\/03\/conference-le-riz-de-lassiette-au-champ-au-grattoir\/#primaryimage"},"image":{"@id":"https:\/\/vosgesinfo.fr\/gerardmerinfo\/2026\/03\/conference-le-riz-de-lassiette-au-champ-au-grattoir\/#primaryimage"},"thumbnailUrl":"https:\/\/vosgesinfo.fr\/app\/uploads\/sites\/6\/2026\/03\/riz-grattoir.jpg","datePublished":"2026-03-11T04:55:24+00:00","dateModified":"2026-03-09T19:19:46+00:00","breadcrumb":{"@id":"https:\/\/vosgesinfo.fr\/gerardmerinfo\/2026\/03\/conference-le-riz-de-lassiette-au-champ-au-grattoir\/#breadcrumb"},"inLanguage":"fr-FR","potentialAction":[{"@type":"ReadAction","target":["https:\/\/vosgesinfo.fr\/gerardmerinfo\/2026\/03\/conference-le-riz-de-lassiette-au-champ-au-grattoir\/"]}]},{"@type":"ImageObject","inLanguage":"fr-FR","@id":"https:\/\/vosgesinfo.fr\/gerardmerinfo\/2026\/03\/conference-le-riz-de-lassiette-au-champ-au-grattoir\/#primaryimage","url":"https:\/\/vosgesinfo.fr\/app\/uploads\/sites\/6\/2026\/03\/riz-grattoir.jpg","contentUrl":"https:\/\/vosgesinfo.fr\/app\/uploads\/sites\/6\/2026\/03\/riz-grattoir.jpg","width":515,"height":733},{"@type":"BreadcrumbList","@id":"https:\/\/vosgesinfo.fr\/gerardmerinfo\/2026\/03\/conference-le-riz-de-lassiette-au-champ-au-grattoir\/#breadcrumb","itemListElement":[{"@type":"ListItem","position":1,"name":"Home","item":"https:\/\/vosgesinfo.fr\/gerardmerinfo\/"},{"@type":"ListItem","position":2,"name":"Conf\u00e9rence : \u00ab\u00a0Le riz : de l\u2019assiette au champ\u00a0\u00bb au Grattoir"}]},{"@type":"WebSite","@id":"https:\/\/vosgesinfo.fr\/gerardmerinfo\/#website","url":"https:\/\/vosgesinfo.fr\/gerardmerinfo\/","name":"Gerardmer Info","description":"Toute l&#039;actualit\u00e9 de G\u00e9rardmer","publisher":{"@id":"https:\/\/vosgesinfo.fr\/gerardmerinfo\/#organization"},"alternateName":"Toute l'actualit\u00e9 de G\u00e9rardmer","potentialAction":[{"@type":"SearchAction","target":{"@type":"EntryPoint","urlTemplate":"https:\/\/vosgesinfo.fr\/gerardmerinfo\/?s={search_term_string}"},"query-input":"required name=search_term_string"}],"inLanguage":"fr-FR"},{"@type":"Organization","@id":"https:\/\/vosgesinfo.fr\/gerardmerinfo\/#organization","name":"Gerardmer Info","url":"https:\/\/vosgesinfo.fr\/gerardmerinfo\/","logo":{"@type":"ImageObject","inLanguage":"fr-FR","@id":"https:\/\/vosgesinfo.fr\/gerardmerinfo\/#\/schema\/logo\/image\/","url":"https:\/\/vosgesinfo.fr\/app\/uploads\/sites\/6\/2023\/08\/favicon-gerardmerinfo.png","contentUrl":"https:\/\/vosgesinfo.fr\/app\/uploads\/sites\/6\/2023\/08\/favicon-gerardmerinfo.png","width":512,"height":512,"caption":"Gerardmer Info"},"image":{"@id":"https:\/\/vosgesinfo.fr\/gerardmerinfo\/#\/schema\/logo\/image\/"},"sameAs":["https:\/\/www.facebook.com\/profile.php?id=100049475262660","https:\/\/x.com\/VosgesInfo88","https:\/\/www.youtube.com\/@vosgesinfo"]},{"@type":"Person","@id":"https:\/\/vosgesinfo.fr\/gerardmerinfo\/#\/schema\/person\/27a3695b06db98895b354c0765cdfc31","name":"La redaction","image":{"@type":"ImageObject","inLanguage":"fr-FR","@id":"https:\/\/vosgesinfo.fr\/gerardmerinfo\/#\/schema\/person\/image\/","url":"https:\/\/secure.gravatar.com\/avatar\/64c76a78e501cedee55736f43f332df901e1896ae9cd8fad269ae2236dd0e8b6?s=96&d=mm&r=g","contentUrl":"https:\/\/secure.gravatar.com\/avatar\/64c76a78e501cedee55736f43f332df901e1896ae9cd8fad269ae2236dd0e8b6?s=96&d=mm&r=g","caption":"La redaction"},"url":"https:\/\/vosgesinfo.fr\/gerardmerinfo\/author\/la-redaction\/"}]}},"_links":{"self":[{"href":"https:\/\/vosgesinfo.fr\/gerardmerinfo\/wp-json\/wp\/v2\/posts\/88940","targetHints":{"allow":["GET"]}}],"collection":[{"href":"https:\/\/vosgesinfo.fr\/gerardmerinfo\/wp-json\/wp\/v2\/posts"}],"about":[{"href":"https:\/\/vosgesinfo.fr\/gerardmerinfo\/wp-json\/wp\/v2\/types\/post"}],"author":[{"embeddable":true,"href":"https:\/\/vosgesinfo.fr\/gerardmerinfo\/wp-json\/wp\/v2\/users\/391"}],"replies":[{"embeddable":true,"href":"https:\/\/vosgesinfo.fr\/gerardmerinfo\/wp-json\/wp\/v2\/comments?post=88940"}],"version-history":[{"count":1,"href":"https:\/\/vosgesinfo.fr\/gerardmerinfo\/wp-json\/wp\/v2\/posts\/88940\/revisions"}],"predecessor-version":[{"id":88942,"href":"https:\/\/vosgesinfo.fr\/gerardmerinfo\/wp-json\/wp\/v2\/posts\/88940\/revisions\/88942"}],"wp:featuredmedia":[{"embeddable":true,"href":"https:\/\/vosgesinfo.fr\/gerardmerinfo\/wp-json\/wp\/v2\/media\/88941"}],"wp:attachment":[{"href":"https:\/\/vosgesinfo.fr\/gerardmerinfo\/wp-json\/wp\/v2\/media?parent=88940"}],"wp:term":[{"taxonomy":"category","embeddable":true,"href":"https:\/\/vosgesinfo.fr\/gerardmerinfo\/wp-json\/wp\/v2\/categories?post=88940"},{"taxonomy":"post_tag","embeddable":true,"href":"https:\/\/vosgesinfo.fr\/gerardmerinfo\/wp-json\/wp\/v2\/tags?post=88940"}],"curies":[{"name":"wp","href":"https:\/\/api.w.org\/{rel}","templated":true}]}}