{"id":88943,"date":"2026-03-12T05:55:09","date_gmt":"2026-03-12T04:55:09","guid":{"rendered":"https:\/\/vosgesinfo.fr\/gerardmerinfo\/?p=88943"},"modified":"2026-03-11T14:33:39","modified_gmt":"2026-03-11T13:33:39","slug":"liezey-une-ancienne-ferme-transformee-en-logements-a-lannee-le-chantier-est-lance","status":"publish","type":"post","link":"https:\/\/vosgesinfo.fr\/gerardmerinfo\/2026\/03\/liezey-une-ancienne-ferme-transformee-en-logements-a-lannee-le-chantier-est-lance\/","title":{"rendered":"Li\u00e9zey : une ancienne ferme transform\u00e9e en logements \u00e0 l\u2019ann\u00e9e, le chantier est lanc\u00e9"},"content":{"rendered":"<p data-start=\"0\" data-end=\"103\"><strong data-start=\"14\" data-end=\"103\"><a href=\"https:\/\/vosgesinfo.fr\/app\/uploads\/sites\/6\/2026\/03\/liezey-renovation-la-ferme-jole-1.jpg\"><img decoding=\"async\" class=\"aligncenter size-large wp-image-88945\" src=\"https:\/\/vosgesinfo.fr\/app\/uploads\/sites\/6\/2026\/03\/liezey-renovation-la-ferme-jole-1-1024x768.jpg\" alt=\"\" width=\"1024\" height=\"768\" srcset=\"https:\/\/vosgesinfo.fr\/app\/uploads\/sites\/6\/2026\/03\/liezey-renovation-la-ferme-jole-1-1024x768.jpg 1024w, https:\/\/vosgesinfo.fr\/app\/uploads\/sites\/6\/2026\/03\/liezey-renovation-la-ferme-jole-1-300x225.jpg 300w, https:\/\/vosgesinfo.fr\/app\/uploads\/sites\/6\/2026\/03\/liezey-renovation-la-ferme-jole-1-768x576.jpg 768w, https:\/\/vosgesinfo.fr\/app\/uploads\/sites\/6\/2026\/03\/liezey-renovation-la-ferme-jole-1.jpg 1440w\" sizes=\"(max-width: 1024px) 100vw, 1024px\" \/><\/a><\/strong><\/p>\n<p data-start=\"105\" data-end=\"361\"><br data-start=\"118\" data-end=\"121\" \/><strong>La commune de <span class=\"hover:entity-accent entity-underline inline cursor-pointer align-baseline\"><span class=\"whitespace-normal\">Li\u00e9zey<\/span><\/span> engage la r\u00e9habilitation d\u2019une ancienne ferme pour cr\u00e9er cinq logements locatifs \u00e0 l\u2019ann\u00e9e. Un projet ambitieux destin\u00e9 \u00e0 attirer de nouveaux habitants et pr\u00e9server la vitalit\u00e9 du village.<\/strong><\/p>\n<p>&nbsp;<\/p>\n<div id=\"attachment_88944\" style=\"width: 310px\" class=\"wp-caption alignright\"><a href=\"https:\/\/vosgesinfo.fr\/app\/uploads\/sites\/6\/2026\/03\/liezey-renovation-la-ferme-jole-2.jpg\"><img decoding=\"async\" aria-describedby=\"caption-attachment-88944\" class=\"size-medium wp-image-88944\" src=\"https:\/\/vosgesinfo.fr\/app\/uploads\/sites\/6\/2026\/03\/liezey-renovation-la-ferme-jole-2-300x225.jpg\" alt=\"\" width=\"300\" height=\"225\" srcset=\"https:\/\/vosgesinfo.fr\/app\/uploads\/sites\/6\/2026\/03\/liezey-renovation-la-ferme-jole-2-300x225.jpg 300w, https:\/\/vosgesinfo.fr\/app\/uploads\/sites\/6\/2026\/03\/liezey-renovation-la-ferme-jole-2-1024x768.jpg 1024w, https:\/\/vosgesinfo.fr\/app\/uploads\/sites\/6\/2026\/03\/liezey-renovation-la-ferme-jole-2-768x576.jpg 768w, https:\/\/vosgesinfo.fr\/app\/uploads\/sites\/6\/2026\/03\/liezey-renovation-la-ferme-jole-2.jpg 1440w\" sizes=\"(max-width: 300px) 100vw, 300px\" \/><\/a><p id=\"caption-attachment-88944\" class=\"wp-caption-text\"><span style=\"color: #800000;\">Patrick Schmitt, pr\u00e9sident directeur g\u00e9n\u00e9ral du Toit Vosgien.<\/span><\/p><\/div>\n<p data-start=\"383\" data-end=\"720\">\u00c0 <span class=\"hover:entity-accent entity-underline inline cursor-pointer align-baseline\"><span class=\"whitespace-normal\">Li\u00e9zey<\/span><\/span>, la transformation d\u2019une ferme embl\u00e9matique du village va bient\u00f4t entrer dans sa phase concr\u00e8te. Situ\u00e9e au 14 route du Bannerot, l\u2019ancienne ferme de Marcel Jol\u00e9 fait l\u2019objet d\u2019un projet de r\u00e9habilitation port\u00e9 par la municipalit\u00e9 afin de cr\u00e9er des logements destin\u00e9s \u00e0 l\u2019habitation permanente.<\/p>\n<p data-start=\"722\" data-end=\"1015\">D\u00e8s le d\u00e9but des ann\u00e9es 2020, la commune a engag\u00e9 une r\u00e9flexion sur le maintien de sa population \u00e0 l\u2019ann\u00e9e. Dans ce village des Hautes-Vosges o\u00f9 les r\u00e9sidences secondaires sont nombreuses, l\u2019objectif est clair : attirer de nouveaux habitants, maintenir les services et pr\u00e9server la vie locale.<\/p>\n<p data-start=\"1017\" data-end=\"1266\">Pour y parvenir, la municipalit\u00e9 d\u00e9cide en 2022 d\u2019acqu\u00e9rir la ferme et ses terrains. Le projet consiste alors \u00e0 r\u00e9habiliter le b\u00e2timent agricole tout en valorisant ce patrimoine rural, afin d\u2019y cr\u00e9er des logements locatifs accessibles \u00e0 l\u2019ann\u00e9e.<\/p>\n<p data-start=\"1268\" data-end=\"1594\">En mai 2023, les habitants avaient pu d\u00e9couvrir les lieux lors d\u2019une visite organis\u00e9e par la commune, accompagn\u00e9e d\u2019un vide-maison avant le lancement des travaux. Dans la foul\u00e9e, la municipalit\u00e9 conclut un bail emphyt\u00e9otique avec le bailleur social <span class=\"hover:entity-accent entity-underline inline cursor-pointer align-baseline\"><span class=\"whitespace-normal\">Le Toit Vosgien<\/span><\/span>, charg\u00e9 de piloter l\u2019op\u00e9ration. Le projet architectural est confi\u00e9 \u00e0 l\u2019architecte g\u00e9r\u00f4mois <span class=\"hover:entity-accent entity-underline inline cursor-pointer align-baseline\"><span class=\"whitespace-normal\">Laurent Bonne<\/span><\/span>, qui pr\u00e9voit la cr\u00e9ation de cinq logements dans le b\u00e2timent r\u00e9habilit\u00e9.<\/p>\n<h3 data-section-id=\"1nue3qh\" data-start=\"1775\" data-end=\"1813\">Des entreprises locales mobilis\u00e9es<\/h3>\n<p data-start=\"1815\" data-end=\"1933\">Apr\u00e8s la phase d\u2019appels d\u2019offres, douze entreprises vosgiennes ont \u00e9t\u00e9 retenues pour intervenir sur le chantier.<\/p>\n<p data-start=\"1935\" data-end=\"2142\">\u00ab Les entreprises sont toutes situ\u00e9es \u00e0 moins de 32 kilom\u00e8tres du chantier et ce sont 1,15 million d\u2019euros qui vont \u00eatre inject\u00e9s dans l\u2019\u00e9conomie locale \u00bb, souligne <span class=\"hover:entity-accent entity-underline inline cursor-pointer align-baseline\"><span class=\"whitespace-normal\">Vincent Chevallier<\/span><\/span>. Le directeur g\u00e9n\u00e9ral du bailleur social, <span class=\"hover:entity-accent entity-underline inline cursor-pointer align-baseline\"><span class=\"whitespace-normal\">Patrick Schmitt<\/span><\/span>, s\u2019est d\u00e9plac\u00e9 pour r\u00e9unir les entreprises et lancer officiellement l\u2019op\u00e9ration. L\u2019ambition est \u00e9galement environnementale. \u00ab Notre objectif est de r\u00e9aliser des travaux d\u00e9carbon\u00e9s avec des mat\u00e9riaux biosourc\u00e9s : laine de bois, paille, pompe \u00e0 chaleur et ventilation double flux \u00bb, explique <span class=\"hover:entity-accent entity-underline inline cursor-pointer align-baseline\"><span class=\"whitespace-normal\">J\u00e9r\u00e9my Girot<\/span><\/span>. Particularit\u00e9 du projet : la r\u00e9habilitation d\u2019une ferme en logements sociaux reste rare. \u00ab C\u2019est une premi\u00e8re ferme r\u00e9habilit\u00e9e en secteur HLM. C\u2019est assez exceptionnel \u00bb, pr\u00e9cise-t-il.<\/p>\n<h3 data-section-id=\"r2r5cl\" data-start=\"2746\" data-end=\"2783\">Des logements attendus d\u00e9but 2027<\/h3>\n<p data-start=\"2785\" data-end=\"3020\">Le projet a toutefois connu des retards. La crise sanitaire li\u00e9e au <span class=\"hover:entity-accent entity-underline inline cursor-pointer align-baseline\"><span class=\"whitespace-normal\">COVID-19<\/span><\/span> et la hausse d\u2019environ 30 % du prix des mat\u00e9riaux ont contraint les porteurs du projet \u00e0 revoir les calculs et le calendrier. Les travaux doivent d\u00e9sormais d\u00e9buter dans les prochains jours pour une livraison pr\u00e9vue d\u00e9but 2027. Le programme comprendra deux T2, deux T3 et un T4.<\/p>\n<p data-start=\"3183\" data-end=\"3495\">Pour le maire de la commune, <span class=\"hover:entity-accent entity-underline inline cursor-pointer align-baseline\"><span class=\"whitespace-normal\">Damien Descoups<\/span><\/span>, cette \u00e9tape marque l\u2019aboutissement d\u2019un long travail :<br data-start=\"3305\" data-end=\"3308\" \/>\u00ab C\u2019est un moment important pour notre village. Ce projet permettra de proposer des logements \u00e0 l\u2019ann\u00e9e et contribue au bien-vivre \u00e0 Li\u00e9zey tout en pr\u00e9servant la d\u00e9mographie du village. \u00bb<\/p>\n<p data-start=\"3497\" data-end=\"3722\">Cette op\u00e9ration s\u2019inscrit plus largement dans la strat\u00e9gie de revitalisation des petits villages des Hautes-Vosges, confront\u00e9s \u00e0 la pression des r\u00e9sidences secondaires mais soucieux de maintenir une population permanente.<\/p>\n","protected":false},"excerpt":{"rendered":"<p>La commune de Li\u00e9zey engage la r\u00e9habilitation d\u2019une ancienne ferme pour cr\u00e9er cinq logements locatifs \u00e0 l\u2019ann\u00e9e. Un projet ambitieux [&hellip;]<\/p>\n","protected":false},"author":42,"featured_media":88945,"comment_status":"open","ping_status":"open","sticky":false,"template":"","format":"standard","meta":{"footnotes":""},"categories":[20,5647,41,16],"tags":[8473,683],"class_list":["post-88943","post","type-post","status-publish","format-standard","has-post-thumbnail","hentry","category-a-la-une","category-gerardmer-autres-sites","category-liezey","category-urbanisme","tag-marcel-jole","tag-toit-vosgien"],"acf":[],"yoast_head":"<!-- This site is optimized with the Yoast SEO plugin v22.5 - https:\/\/yoast.com\/wordpress\/plugins\/seo\/ -->\n<title>Li\u00e9zey : une ancienne ferme transform\u00e9e en logements \u00e0 l\u2019ann\u00e9e, le chantier est lanc\u00e9 - Gerardmer Info<\/title>\n<meta name=\"robots\" content=\"index, follow, max-snippet:-1, max-image-preview:large, max-video-preview:-1\" \/>\n<link rel=\"canonical\" href=\"https:\/\/vosgesinfo.fr\/gerardmerinfo\/2026\/03\/liezey-une-ancienne-ferme-transformee-en-logements-a-lannee-le-chantier-est-lance\/\" \/>\n<meta name=\"twitter:card\" content=\"summary_large_image\" \/>\n<meta name=\"twitter:title\" content=\"Li\u00e9zey : une ancienne ferme transform\u00e9e en logements \u00e0 l\u2019ann\u00e9e, le chantier est lanc\u00e9 - Gerardmer Info\" \/>\n<meta name=\"twitter:description\" content=\"La commune de Li\u00e9zey engage la r\u00e9habilitation d\u2019une ancienne ferme pour cr\u00e9er cinq logements locatifs \u00e0 l\u2019ann\u00e9e. Un projet ambitieux [&hellip;]\" \/>\n<meta name=\"twitter:image\" content=\"https:\/\/vosgesinfo.fr\/app\/uploads\/sites\/6\/2026\/03\/liezey-renovation-la-ferme-jole-1.jpg\" \/>\n<meta name=\"twitter:creator\" content=\"@VosgesInfo88\" \/>\n<meta name=\"twitter:site\" content=\"@VosgesInfo88\" \/>\n<meta name=\"twitter:label1\" content=\"\u00c9crit par\" \/>\n\t<meta name=\"twitter:data1\" content=\"QG\" \/>\n\t<meta name=\"twitter:label2\" content=\"Dur\u00e9e de lecture estim\u00e9e\" \/>\n\t<meta name=\"twitter:data2\" content=\"4 minutes\" \/>\n<script type=\"application\/ld+json\" class=\"yoast-schema-graph\">{\"@context\":\"https:\/\/schema.org\",\"@graph\":[{\"@type\":\"Article\",\"@id\":\"https:\/\/vosgesinfo.fr\/gerardmerinfo\/2026\/03\/liezey-une-ancienne-ferme-transformee-en-logements-a-lannee-le-chantier-est-lance\/#article\",\"isPartOf\":{\"@id\":\"https:\/\/vosgesinfo.fr\/gerardmerinfo\/2026\/03\/liezey-une-ancienne-ferme-transformee-en-logements-a-lannee-le-chantier-est-lance\/\"},\"author\":{\"name\":\"QG\",\"@id\":\"https:\/\/vosgesinfo.fr\/gerardmerinfo\/#\/schema\/person\/db5605779a843dad16b5368f3e7613a5\"},\"headline\":\"Li\u00e9zey : une ancienne ferme transform\u00e9e en logements \u00e0 l\u2019ann\u00e9e, le chantier est lanc\u00e9\",\"datePublished\":\"2026-03-12T04:55:09+00:00\",\"dateModified\":\"2026-03-11T13:33:39+00:00\",\"mainEntityOfPage\":{\"@id\":\"https:\/\/vosgesinfo.fr\/gerardmerinfo\/2026\/03\/liezey-une-ancienne-ferme-transformee-en-logements-a-lannee-le-chantier-est-lance\/\"},\"wordCount\":605,\"commentCount\":0,\"publisher\":{\"@id\":\"https:\/\/vosgesinfo.fr\/gerardmerinfo\/#organization\"},\"image\":{\"@id\":\"https:\/\/vosgesinfo.fr\/gerardmerinfo\/2026\/03\/liezey-une-ancienne-ferme-transformee-en-logements-a-lannee-le-chantier-est-lance\/#primaryimage\"},\"thumbnailUrl\":\"https:\/\/vosgesinfo.fr\/app\/uploads\/sites\/6\/2026\/03\/liezey-renovation-la-ferme-jole-1.jpg\",\"keywords\":[\"Marcel Jol\u00e9\",\"Toit Vosgien\"],\"articleSection\":[\"A la une\",\"Gerardmer\",\"Liezey\",\"Urbanisme\"],\"inLanguage\":\"fr-FR\",\"potentialAction\":[{\"@type\":\"CommentAction\",\"name\":\"Comment\",\"target\":[\"https:\/\/vosgesinfo.fr\/gerardmerinfo\/2026\/03\/liezey-une-ancienne-ferme-transformee-en-logements-a-lannee-le-chantier-est-lance\/#respond\"]}]},{\"@type\":\"WebPage\",\"@id\":\"https:\/\/vosgesinfo.fr\/gerardmerinfo\/2026\/03\/liezey-une-ancienne-ferme-transformee-en-logements-a-lannee-le-chantier-est-lance\/\",\"url\":\"https:\/\/vosgesinfo.fr\/gerardmerinfo\/2026\/03\/liezey-une-ancienne-ferme-transformee-en-logements-a-lannee-le-chantier-est-lance\/\",\"name\":\"Li\u00e9zey : une ancienne ferme transform\u00e9e en logements \u00e0 l\u2019ann\u00e9e, le chantier est lanc\u00e9 - Gerardmer Info\",\"isPartOf\":{\"@id\":\"https:\/\/vosgesinfo.fr\/gerardmerinfo\/#website\"},\"primaryImageOfPage\":{\"@id\":\"https:\/\/vosgesinfo.fr\/gerardmerinfo\/2026\/03\/liezey-une-ancienne-ferme-transformee-en-logements-a-lannee-le-chantier-est-lance\/#primaryimage\"},\"image\":{\"@id\":\"https:\/\/vosgesinfo.fr\/gerardmerinfo\/2026\/03\/liezey-une-ancienne-ferme-transformee-en-logements-a-lannee-le-chantier-est-lance\/#primaryimage\"},\"thumbnailUrl\":\"https:\/\/vosgesinfo.fr\/app\/uploads\/sites\/6\/2026\/03\/liezey-renovation-la-ferme-jole-1.jpg\",\"datePublished\":\"2026-03-12T04:55:09+00:00\",\"dateModified\":\"2026-03-11T13:33:39+00:00\",\"breadcrumb\":{\"@id\":\"https:\/\/vosgesinfo.fr\/gerardmerinfo\/2026\/03\/liezey-une-ancienne-ferme-transformee-en-logements-a-lannee-le-chantier-est-lance\/#breadcrumb\"},\"inLanguage\":\"fr-FR\",\"potentialAction\":[{\"@type\":\"ReadAction\",\"target\":[\"https:\/\/vosgesinfo.fr\/gerardmerinfo\/2026\/03\/liezey-une-ancienne-ferme-transformee-en-logements-a-lannee-le-chantier-est-lance\/\"]}]},{\"@type\":\"ImageObject\",\"inLanguage\":\"fr-FR\",\"@id\":\"https:\/\/vosgesinfo.fr\/gerardmerinfo\/2026\/03\/liezey-une-ancienne-ferme-transformee-en-logements-a-lannee-le-chantier-est-lance\/#primaryimage\",\"url\":\"https:\/\/vosgesinfo.fr\/app\/uploads\/sites\/6\/2026\/03\/liezey-renovation-la-ferme-jole-1.jpg\",\"contentUrl\":\"https:\/\/vosgesinfo.fr\/app\/uploads\/sites\/6\/2026\/03\/liezey-renovation-la-ferme-jole-1.jpg\",\"width\":1440,\"height\":1080},{\"@type\":\"BreadcrumbList\",\"@id\":\"https:\/\/vosgesinfo.fr\/gerardmerinfo\/2026\/03\/liezey-une-ancienne-ferme-transformee-en-logements-a-lannee-le-chantier-est-lance\/#breadcrumb\",\"itemListElement\":[{\"@type\":\"ListItem\",\"position\":1,\"name\":\"Home\",\"item\":\"https:\/\/vosgesinfo.fr\/gerardmerinfo\/\"},{\"@type\":\"ListItem\",\"position\":2,\"name\":\"Li\u00e9zey : une ancienne ferme transform\u00e9e en logements \u00e0 l\u2019ann\u00e9e, le chantier est lanc\u00e9\"}]},{\"@type\":\"WebSite\",\"@id\":\"https:\/\/vosgesinfo.fr\/gerardmerinfo\/#website\",\"url\":\"https:\/\/vosgesinfo.fr\/gerardmerinfo\/\",\"name\":\"Gerardmer Info\",\"description\":\"Toute l&#039;actualit\u00e9 de G\u00e9rardmer\",\"publisher\":{\"@id\":\"https:\/\/vosgesinfo.fr\/gerardmerinfo\/#organization\"},\"alternateName\":\"Toute l'actualit\u00e9 de G\u00e9rardmer\",\"potentialAction\":[{\"@type\":\"SearchAction\",\"target\":{\"@type\":\"EntryPoint\",\"urlTemplate\":\"https:\/\/vosgesinfo.fr\/gerardmerinfo\/?s={search_term_string}\"},\"query-input\":\"required name=search_term_string\"}],\"inLanguage\":\"fr-FR\"},{\"@type\":\"Organization\",\"@id\":\"https:\/\/vosgesinfo.fr\/gerardmerinfo\/#organization\",\"name\":\"Gerardmer Info\",\"url\":\"https:\/\/vosgesinfo.fr\/gerardmerinfo\/\",\"logo\":{\"@type\":\"ImageObject\",\"inLanguage\":\"fr-FR\",\"@id\":\"https:\/\/vosgesinfo.fr\/gerardmerinfo\/#\/schema\/logo\/image\/\",\"url\":\"https:\/\/vosgesinfo.fr\/app\/uploads\/sites\/6\/2023\/08\/favicon-gerardmerinfo.png\",\"contentUrl\":\"https:\/\/vosgesinfo.fr\/app\/uploads\/sites\/6\/2023\/08\/favicon-gerardmerinfo.png\",\"width\":512,\"height\":512,\"caption\":\"Gerardmer Info\"},\"image\":{\"@id\":\"https:\/\/vosgesinfo.fr\/gerardmerinfo\/#\/schema\/logo\/image\/\"},\"sameAs\":[\"https:\/\/www.facebook.com\/profile.php?id=100049475262660\",\"https:\/\/x.com\/VosgesInfo88\",\"https:\/\/www.youtube.com\/@vosgesinfo\"]},{\"@type\":\"Person\",\"@id\":\"https:\/\/vosgesinfo.fr\/gerardmerinfo\/#\/schema\/person\/db5605779a843dad16b5368f3e7613a5\",\"name\":\"QG\",\"image\":{\"@type\":\"ImageObject\",\"inLanguage\":\"fr-FR\",\"@id\":\"https:\/\/vosgesinfo.fr\/gerardmerinfo\/#\/schema\/person\/image\/\",\"url\":\"https:\/\/secure.gravatar.com\/avatar\/ea80c42c204b534408512832fde52504ecabb9706bcb6151cf6175e5b64e6793?s=96&d=mm&r=g\",\"contentUrl\":\"https:\/\/secure.gravatar.com\/avatar\/ea80c42c204b534408512832fde52504ecabb9706bcb6151cf6175e5b64e6793?s=96&d=mm&r=g\",\"caption\":\"QG\"},\"url\":\"https:\/\/vosgesinfo.fr\/gerardmerinfo\/author\/quentin88\/\"}]}<\/script>\n<!-- \/ Yoast SEO plugin. -->","yoast_head_json":{"title":"Li\u00e9zey : une ancienne ferme transform\u00e9e en logements \u00e0 l\u2019ann\u00e9e, le chantier est lanc\u00e9 - Gerardmer Info","robots":{"index":"index","follow":"follow","max-snippet":"max-snippet:-1","max-image-preview":"max-image-preview:large","max-video-preview":"max-video-preview:-1"},"canonical":"https:\/\/vosgesinfo.fr\/gerardmerinfo\/2026\/03\/liezey-une-ancienne-ferme-transformee-en-logements-a-lannee-le-chantier-est-lance\/","twitter_card":"summary_large_image","twitter_title":"Li\u00e9zey : une ancienne ferme transform\u00e9e en logements \u00e0 l\u2019ann\u00e9e, le chantier est lanc\u00e9 - Gerardmer Info","twitter_description":"La commune de Li\u00e9zey engage la r\u00e9habilitation d\u2019une ancienne ferme pour cr\u00e9er cinq logements locatifs \u00e0 l\u2019ann\u00e9e. Un projet ambitieux [&hellip;]","twitter_image":"https:\/\/vosgesinfo.fr\/app\/uploads\/sites\/6\/2026\/03\/liezey-renovation-la-ferme-jole-1.jpg","twitter_creator":"@VosgesInfo88","twitter_site":"@VosgesInfo88","twitter_misc":{"\u00c9crit par":"QG","Dur\u00e9e de lecture estim\u00e9e":"4 minutes"},"schema":{"@context":"https:\/\/schema.org","@graph":[{"@type":"Article","@id":"https:\/\/vosgesinfo.fr\/gerardmerinfo\/2026\/03\/liezey-une-ancienne-ferme-transformee-en-logements-a-lannee-le-chantier-est-lance\/#article","isPartOf":{"@id":"https:\/\/vosgesinfo.fr\/gerardmerinfo\/2026\/03\/liezey-une-ancienne-ferme-transformee-en-logements-a-lannee-le-chantier-est-lance\/"},"author":{"name":"QG","@id":"https:\/\/vosgesinfo.fr\/gerardmerinfo\/#\/schema\/person\/db5605779a843dad16b5368f3e7613a5"},"headline":"Li\u00e9zey : une ancienne ferme transform\u00e9e en logements \u00e0 l\u2019ann\u00e9e, le chantier est lanc\u00e9","datePublished":"2026-03-12T04:55:09+00:00","dateModified":"2026-03-11T13:33:39+00:00","mainEntityOfPage":{"@id":"https:\/\/vosgesinfo.fr\/gerardmerinfo\/2026\/03\/liezey-une-ancienne-ferme-transformee-en-logements-a-lannee-le-chantier-est-lance\/"},"wordCount":605,"commentCount":0,"publisher":{"@id":"https:\/\/vosgesinfo.fr\/gerardmerinfo\/#organization"},"image":{"@id":"https:\/\/vosgesinfo.fr\/gerardmerinfo\/2026\/03\/liezey-une-ancienne-ferme-transformee-en-logements-a-lannee-le-chantier-est-lance\/#primaryimage"},"thumbnailUrl":"https:\/\/vosgesinfo.fr\/app\/uploads\/sites\/6\/2026\/03\/liezey-renovation-la-ferme-jole-1.jpg","keywords":["Marcel Jol\u00e9","Toit Vosgien"],"articleSection":["A la une","Gerardmer","Liezey","Urbanisme"],"inLanguage":"fr-FR","potentialAction":[{"@type":"CommentAction","name":"Comment","target":["https:\/\/vosgesinfo.fr\/gerardmerinfo\/2026\/03\/liezey-une-ancienne-ferme-transformee-en-logements-a-lannee-le-chantier-est-lance\/#respond"]}]},{"@type":"WebPage","@id":"https:\/\/vosgesinfo.fr\/gerardmerinfo\/2026\/03\/liezey-une-ancienne-ferme-transformee-en-logements-a-lannee-le-chantier-est-lance\/","url":"https:\/\/vosgesinfo.fr\/gerardmerinfo\/2026\/03\/liezey-une-ancienne-ferme-transformee-en-logements-a-lannee-le-chantier-est-lance\/","name":"Li\u00e9zey : une ancienne ferme transform\u00e9e en logements \u00e0 l\u2019ann\u00e9e, le chantier est lanc\u00e9 - Gerardmer Info","isPartOf":{"@id":"https:\/\/vosgesinfo.fr\/gerardmerinfo\/#website"},"primaryImageOfPage":{"@id":"https:\/\/vosgesinfo.fr\/gerardmerinfo\/2026\/03\/liezey-une-ancienne-ferme-transformee-en-logements-a-lannee-le-chantier-est-lance\/#primaryimage"},"image":{"@id":"https:\/\/vosgesinfo.fr\/gerardmerinfo\/2026\/03\/liezey-une-ancienne-ferme-transformee-en-logements-a-lannee-le-chantier-est-lance\/#primaryimage"},"thumbnailUrl":"https:\/\/vosgesinfo.fr\/app\/uploads\/sites\/6\/2026\/03\/liezey-renovation-la-ferme-jole-1.jpg","datePublished":"2026-03-12T04:55:09+00:00","dateModified":"2026-03-11T13:33:39+00:00","breadcrumb":{"@id":"https:\/\/vosgesinfo.fr\/gerardmerinfo\/2026\/03\/liezey-une-ancienne-ferme-transformee-en-logements-a-lannee-le-chantier-est-lance\/#breadcrumb"},"inLanguage":"fr-FR","potentialAction":[{"@type":"ReadAction","target":["https:\/\/vosgesinfo.fr\/gerardmerinfo\/2026\/03\/liezey-une-ancienne-ferme-transformee-en-logements-a-lannee-le-chantier-est-lance\/"]}]},{"@type":"ImageObject","inLanguage":"fr-FR","@id":"https:\/\/vosgesinfo.fr\/gerardmerinfo\/2026\/03\/liezey-une-ancienne-ferme-transformee-en-logements-a-lannee-le-chantier-est-lance\/#primaryimage","url":"https:\/\/vosgesinfo.fr\/app\/uploads\/sites\/6\/2026\/03\/liezey-renovation-la-ferme-jole-1.jpg","contentUrl":"https:\/\/vosgesinfo.fr\/app\/uploads\/sites\/6\/2026\/03\/liezey-renovation-la-ferme-jole-1.jpg","width":1440,"height":1080},{"@type":"BreadcrumbList","@id":"https:\/\/vosgesinfo.fr\/gerardmerinfo\/2026\/03\/liezey-une-ancienne-ferme-transformee-en-logements-a-lannee-le-chantier-est-lance\/#breadcrumb","itemListElement":[{"@type":"ListItem","position":1,"name":"Home","item":"https:\/\/vosgesinfo.fr\/gerardmerinfo\/"},{"@type":"ListItem","position":2,"name":"Li\u00e9zey : une ancienne ferme transform\u00e9e en logements \u00e0 l\u2019ann\u00e9e, le chantier est lanc\u00e9"}]},{"@type":"WebSite","@id":"https:\/\/vosgesinfo.fr\/gerardmerinfo\/#website","url":"https:\/\/vosgesinfo.fr\/gerardmerinfo\/","name":"Gerardmer Info","description":"Toute l&#039;actualit\u00e9 de G\u00e9rardmer","publisher":{"@id":"https:\/\/vosgesinfo.fr\/gerardmerinfo\/#organization"},"alternateName":"Toute l'actualit\u00e9 de G\u00e9rardmer","potentialAction":[{"@type":"SearchAction","target":{"@type":"EntryPoint","urlTemplate":"https:\/\/vosgesinfo.fr\/gerardmerinfo\/?s={search_term_string}"},"query-input":"required name=search_term_string"}],"inLanguage":"fr-FR"},{"@type":"Organization","@id":"https:\/\/vosgesinfo.fr\/gerardmerinfo\/#organization","name":"Gerardmer Info","url":"https:\/\/vosgesinfo.fr\/gerardmerinfo\/","logo":{"@type":"ImageObject","inLanguage":"fr-FR","@id":"https:\/\/vosgesinfo.fr\/gerardmerinfo\/#\/schema\/logo\/image\/","url":"https:\/\/vosgesinfo.fr\/app\/uploads\/sites\/6\/2023\/08\/favicon-gerardmerinfo.png","contentUrl":"https:\/\/vosgesinfo.fr\/app\/uploads\/sites\/6\/2023\/08\/favicon-gerardmerinfo.png","width":512,"height":512,"caption":"Gerardmer Info"},"image":{"@id":"https:\/\/vosgesinfo.fr\/gerardmerinfo\/#\/schema\/logo\/image\/"},"sameAs":["https:\/\/www.facebook.com\/profile.php?id=100049475262660","https:\/\/x.com\/VosgesInfo88","https:\/\/www.youtube.com\/@vosgesinfo"]},{"@type":"Person","@id":"https:\/\/vosgesinfo.fr\/gerardmerinfo\/#\/schema\/person\/db5605779a843dad16b5368f3e7613a5","name":"QG","image":{"@type":"ImageObject","inLanguage":"fr-FR","@id":"https:\/\/vosgesinfo.fr\/gerardmerinfo\/#\/schema\/person\/image\/","url":"https:\/\/secure.gravatar.com\/avatar\/ea80c42c204b534408512832fde52504ecabb9706bcb6151cf6175e5b64e6793?s=96&d=mm&r=g","contentUrl":"https:\/\/secure.gravatar.com\/avatar\/ea80c42c204b534408512832fde52504ecabb9706bcb6151cf6175e5b64e6793?s=96&d=mm&r=g","caption":"QG"},"url":"https:\/\/vosgesinfo.fr\/gerardmerinfo\/author\/quentin88\/"}]}},"_links":{"self":[{"href":"https:\/\/vosgesinfo.fr\/gerardmerinfo\/wp-json\/wp\/v2\/posts\/88943","targetHints":{"allow":["GET"]}}],"collection":[{"href":"https:\/\/vosgesinfo.fr\/gerardmerinfo\/wp-json\/wp\/v2\/posts"}],"about":[{"href":"https:\/\/vosgesinfo.fr\/gerardmerinfo\/wp-json\/wp\/v2\/types\/post"}],"author":[{"embeddable":true,"href":"https:\/\/vosgesinfo.fr\/gerardmerinfo\/wp-json\/wp\/v2\/users\/42"}],"replies":[{"embeddable":true,"href":"https:\/\/vosgesinfo.fr\/gerardmerinfo\/wp-json\/wp\/v2\/comments?post=88943"}],"version-history":[{"count":4,"href":"https:\/\/vosgesinfo.fr\/gerardmerinfo\/wp-json\/wp\/v2\/posts\/88943\/revisions"}],"predecessor-version":[{"id":88990,"href":"https:\/\/vosgesinfo.fr\/gerardmerinfo\/wp-json\/wp\/v2\/posts\/88943\/revisions\/88990"}],"wp:featuredmedia":[{"embeddable":true,"href":"https:\/\/vosgesinfo.fr\/gerardmerinfo\/wp-json\/wp\/v2\/media\/88945"}],"wp:attachment":[{"href":"https:\/\/vosgesinfo.fr\/gerardmerinfo\/wp-json\/wp\/v2\/media?parent=88943"}],"wp:term":[{"taxonomy":"category","embeddable":true,"href":"https:\/\/vosgesinfo.fr\/gerardmerinfo\/wp-json\/wp\/v2\/categories?post=88943"},{"taxonomy":"post_tag","embeddable":true,"href":"https:\/\/vosgesinfo.fr\/gerardmerinfo\/wp-json\/wp\/v2\/tags?post=88943"}],"curies":[{"name":"wp","href":"https:\/\/api.w.org\/{rel}","templated":true}]}}