{"id":88953,"date":"2026-03-10T08:29:44","date_gmt":"2026-03-10T07:29:44","guid":{"rendered":"https:\/\/vosgesinfo.fr\/gerardmerinfo\/2026\/03\/herve-courtois-art-fenetres-pour-un-printemps-sous-le-signe-du-renouveau\/"},"modified":"2026-03-10T08:29:44","modified_gmt":"2026-03-10T07:29:44","slug":"herve-courtois-art-fenetres-pour-un-printemps-sous-le-signe-du-renouveau","status":"publish","type":"post","link":"https:\/\/vosgesinfo.fr\/gerardmerinfo\/2026\/03\/herve-courtois-art-fenetres-pour-un-printemps-sous-le-signe-du-renouveau\/","title":{"rendered":"Herv\u00e9 Courtois \u00ab\u00a0Art &#038; Fen\u00eatres\u00a0\u00bb pour un printemps sous le signe du renouveau"},"content":{"rendered":"\n\t\t<style type=\"text\/css\">\n\t\t\t#gallery-1 {\n\t\t\t\tmargin: auto;\n\t\t\t}\n\t\t\t#gallery-1 .gallery-item {\n\t\t\t\tfloat: left;\n\t\t\t\tmargin-top: 10px;\n\t\t\t\ttext-align: center;\n\t\t\t\twidth: 33%;\n\t\t\t}\n\t\t\t#gallery-1 img {\n\t\t\t\tborder: 2px solid #cfcfcf;\n\t\t\t}\n\t\t\t#gallery-1 .gallery-caption {\n\t\t\t\tmargin-left: 0;\n\t\t\t}\n\t\t\t\/* see gallery_shortcode() in wp-includes\/media.php *\/\n\t\t<\/style>\n\t\t<div id='gallery-1' class='gallery galleryid-88953 gallery-columns-3 gallery-size-thumbnail'><dl class='gallery-item'>\n\t\t\t<dt class='gallery-icon landscape'>\n\t\t\t\t<a href='https:\/\/vosgesinfo.fr\/app\/uploads\/sites\/6\/2026\/03\/hc21.jpg'><img decoding=\"async\" width=\"150\" height=\"150\" src=\"https:\/\/vosgesinfo.fr\/app\/uploads\/sites\/6\/2026\/03\/hc21-150x150.jpg\" class=\"attachment-thumbnail size-thumbnail\" alt=\"\" \/><\/a>\n\t\t\t<\/dt><\/dl><dl class='gallery-item'>\n\t\t\t<dt class='gallery-icon landscape'>\n\t\t\t\t<a href='https:\/\/vosgesinfo.fr\/app\/uploads\/sites\/6\/2026\/03\/hc22.jpg'><img decoding=\"async\" width=\"150\" height=\"150\" src=\"https:\/\/vosgesinfo.fr\/app\/uploads\/sites\/6\/2026\/03\/hc22-150x150.jpg\" class=\"attachment-thumbnail size-thumbnail\" alt=\"\" \/><\/a>\n\t\t\t<\/dt><\/dl><dl class='gallery-item'>\n\t\t\t<dt class='gallery-icon landscape'>\n\t\t\t\t<a href='https:\/\/vosgesinfo.fr\/app\/uploads\/sites\/6\/2026\/03\/hc23.jpg'><img decoding=\"async\" width=\"150\" height=\"150\" src=\"https:\/\/vosgesinfo.fr\/app\/uploads\/sites\/6\/2026\/03\/hc23-150x150.jpg\" class=\"attachment-thumbnail size-thumbnail\" alt=\"\" \/><\/a>\n\t\t\t<\/dt><\/dl><br style=\"clear: both\" \/><dl class='gallery-item'>\n\t\t\t<dt class='gallery-icon landscape'>\n\t\t\t\t<a href='https:\/\/vosgesinfo.fr\/app\/uploads\/sites\/6\/2026\/03\/hc24.jpg'><img decoding=\"async\" width=\"150\" height=\"150\" src=\"https:\/\/vosgesinfo.fr\/app\/uploads\/sites\/6\/2026\/03\/hc24-150x150.jpg\" class=\"attachment-thumbnail size-thumbnail\" alt=\"\" \/><\/a>\n\t\t\t<\/dt><\/dl>\n\t\t\t<br style='clear: both' \/>\n\t\t<\/div>\n\n<p><strong>Depuis 1996, la soci\u00e9t\u00e9 Herv\u00e9 Courtois \u00e0 Hadol et Golbey est sp\u00e9cialis\u00e9e en installation de fen\u00eatres, portes, volets, portails et vous garantit un travail de haute qualit\u00e9. <\/strong><\/p>\n<p>Au service des particuliers en construction neuve et en r\u00e9novation d\u2019habitat, les professionnels Herv\u00e9 Courtois vous guident et vous conseillent dans vos projets afin de trouver la solution optimis\u00e9e r\u00e9pondant au plus pr\u00e9cis de vos attentes.\u00a0 <strong>\u00a0\u00a0\u00a0<\/strong><\/p>\n<p>Avec l\u2019arriv\u00e9e du printemps revient l\u2019envie du renouveau, <strong>mais aussi<\/strong> <strong>celle de profiter des meilleures offres. <\/strong>Membre reconnu du r\u00e9seau Art &amp; Fen\u00eatres, Herv\u00e9 Courtois vous en fait b\u00e9n\u00e9ficier. <strong>Jusqu\u2019au 31 mars 2026, , profitez jusqu\u2019\u00e0 2.500 \u20ac de remise sur les fabrications \u00ab\u00a0Art &amp; Fen\u00eatres\u00a0\u00bb. <\/strong>Il s\u2019agit d\u2019une offre non cumulable, sous forme d\u2019une remise de 150 \u20ac TTC tous les 1.000 \u20ac TTC d\u2019achats et plafonn\u00e9e \u00e0 2.500 \u20ac TTC (pour un total de 16.666 TTC d\u2019achats).<\/p>\n<p>L\u2019offre s\u2019\u00e9tend jusqu\u2019au 31 mars 2026\u00a0 inclus et porte uniquement sur la fourniture des produits, hors pose et hors chantiers neufs.\u00a0 <strong>\u00a0\u00a0\u00a0\u00a0\u00a0<\/strong><\/p>\n<p>De l\u2019\u00e9tude du projet au financement personnalis\u00e9, des conseillers sont l\u00e0 pour vous aider \u00e0 concilier confort thermique, esth\u00e9tisme et \u00e9conomies. Adh\u00e9rente du r\u00e9seau Art &amp; Fen\u00eatres, la soci\u00e9t\u00e9 Herv\u00e9 Courtois vous propose une large gamme de produits allant des fen\u00eatres PVC, fibre de verre, aluminium et bois ainsi que portes d\u2019entr\u00e9e dot\u00e9es de serrures 5 points et portails.<\/p>\n<p><strong>Un gage de<\/strong> <strong>qualit\u00e9 et de confiance <\/strong><\/p>\n<p>Herv\u00e9 Courtois et ses \u00e9quipes se pr\u00e9sentent en v\u00e9ritables sp\u00e9cialistes pour optimiser l\u2019isolation de vos fen\u00eatres avec la pose de volets roulants manuels ou motoris\u00e9s, mais \u00e9galement des volets battants \u00e0 la fois esth\u00e9tiques et performants qui apporteront du cachet \u00e0 votre habitation tout en la prot\u00e9geant. Les \u00e9quipes Herv\u00e9 Courtois assurent aussi l\u2019installation et l\u2019automatisation de vos portails et portillons ainsi que la pose de vos cl\u00f4tures.<\/p>\n<p>C\u2019est encore sans oublier les pergolas afin de profiter de vos ext\u00e9rieurs toute l\u2019ann\u00e9e, ainsi que toute une gamme de stores int\u00e9rieurs et ext\u00e9rieurs afin de vous prot\u00e9ger du soleil et des regards indiscrets. La Soci\u00e9t\u00e9 Herv\u00e9 Courtois travaille par ailleurs en \u00e9troite collaboration avec l\u2019entreprise Moos, vous permettant de disposer de portes de garage sans rails de guidage avec motorisation, vous assurant un r\u00e9sultat d\u2019exception.<\/p>\n<p>Et pour compl\u00e9ter ses services, la soci\u00e9t\u00e9 Herv\u00e9 Courtois assure d\u00e9sormais la fourniture et la pose de menuiseries int\u00e9rieures : portes, placards et dressings. Des services complets\u00a0 rehauss\u00e9s du gage alliant confiance et qualit\u00e9.<\/p>\n<p>SARL Herv\u00e9 Courtois<\/p>\n<p>55 route d\u2019Epinal<\/p>\n<p>88220 HADOL,34 rue du G\u00e9n\u00e9ral Leclerc et\u00a0 88190 GOLBEY \u2013 tel. 03.29.32.55.82 &#8211;<\/p>\n<p><a href=\"http:\/\/www.courtois-herve.fr\/\">www.courtois-herve.fr<\/a><\/p>\n<p><a href=\"http:\/\/www.courtois-herve.artetfenetres.com\/\">www.courtois-herve.artetfenetres.com<\/a><\/p>\n","protected":false},"excerpt":{"rendered":"<p>Depuis 1996, la soci\u00e9t\u00e9 Herv\u00e9 Courtois \u00e0 Hadol et Golbey est sp\u00e9cialis\u00e9e en installation de fen\u00eatres, portes, volets, portails et [&hellip;]<\/p>\n","protected":false},"author":39,"featured_media":88954,"comment_status":"open","ping_status":"open","sticky":false,"template":"","format":"standard","meta":{"footnotes":""},"categories":[20,25,21,868],"tags":[],"class_list":["post-88953","post","type-post","status-publish","format-standard","has-post-thumbnail","hentry","category-a-la-une","category-gerardmer","category-publireportage","category-remiremont"],"acf":[],"yoast_head":"<!-- This site is optimized with the Yoast SEO plugin v22.5 - https:\/\/yoast.com\/wordpress\/plugins\/seo\/ -->\n<title>Herv\u00e9 Courtois \u00ab\u00a0Art &amp; Fen\u00eatres\u00a0\u00bb pour un printemps sous le signe du renouveau - Gerardmer Info<\/title>\n<meta name=\"robots\" content=\"index, follow, max-snippet:-1, max-image-preview:large, max-video-preview:-1\" \/>\n<link rel=\"canonical\" href=\"https:\/\/vosgesinfo.fr\/gerardmerinfo\/2026\/03\/herve-courtois-art-fenetres-pour-un-printemps-sous-le-signe-du-renouveau\/\" \/>\n<meta name=\"twitter:card\" content=\"summary_large_image\" \/>\n<meta name=\"twitter:title\" content=\"Herv\u00e9 Courtois \u00ab\u00a0Art &amp; Fen\u00eatres\u00a0\u00bb pour un printemps sous le signe du renouveau - Gerardmer Info\" \/>\n<meta name=\"twitter:description\" content=\"Depuis 1996, la soci\u00e9t\u00e9 Herv\u00e9 Courtois \u00e0 Hadol et Golbey est sp\u00e9cialis\u00e9e en installation de fen\u00eatres, portes, volets, portails et [&hellip;]\" \/>\n<meta name=\"twitter:image\" content=\"https:\/\/vosgesinfo.fr\/app\/uploads\/sites\/6\/2026\/03\/hc24-1.jpg\" \/>\n<meta name=\"twitter:creator\" content=\"@VosgesInfo88\" \/>\n<meta name=\"twitter:site\" content=\"@VosgesInfo88\" \/>\n<meta name=\"twitter:label1\" content=\"\u00c9crit par\" \/>\n\t<meta name=\"twitter:data1\" content=\"Phj\" \/>\n\t<meta name=\"twitter:label2\" content=\"Dur\u00e9e de lecture estim\u00e9e\" \/>\n\t<meta name=\"twitter:data2\" content=\"2 minutes\" \/>\n<script type=\"application\/ld+json\" class=\"yoast-schema-graph\">{\"@context\":\"https:\/\/schema.org\",\"@graph\":[{\"@type\":\"Article\",\"@id\":\"https:\/\/vosgesinfo.fr\/gerardmerinfo\/2026\/03\/herve-courtois-art-fenetres-pour-un-printemps-sous-le-signe-du-renouveau\/#article\",\"isPartOf\":{\"@id\":\"https:\/\/vosgesinfo.fr\/gerardmerinfo\/2026\/03\/herve-courtois-art-fenetres-pour-un-printemps-sous-le-signe-du-renouveau\/\"},\"author\":{\"name\":\"Phj\",\"@id\":\"https:\/\/vosgesinfo.fr\/gerardmerinfo\/#\/schema\/person\/4f57dc393faf2ac8b9f1cab30ad79250\"},\"headline\":\"Herv\u00e9 Courtois \u00ab\u00a0Art &#038; Fen\u00eatres\u00a0\u00bb pour un printemps sous le signe du renouveau\",\"datePublished\":\"2026-03-10T07:29:44+00:00\",\"dateModified\":\"2026-03-10T07:29:44+00:00\",\"mainEntityOfPage\":{\"@id\":\"https:\/\/vosgesinfo.fr\/gerardmerinfo\/2026\/03\/herve-courtois-art-fenetres-pour-un-printemps-sous-le-signe-du-renouveau\/\"},\"wordCount\":480,\"commentCount\":0,\"publisher\":{\"@id\":\"https:\/\/vosgesinfo.fr\/gerardmerinfo\/#organization\"},\"image\":{\"@id\":\"https:\/\/vosgesinfo.fr\/gerardmerinfo\/2026\/03\/herve-courtois-art-fenetres-pour-un-printemps-sous-le-signe-du-renouveau\/#primaryimage\"},\"thumbnailUrl\":\"https:\/\/vosgesinfo.fr\/app\/uploads\/sites\/6\/2026\/03\/hc24-1.jpg\",\"articleSection\":[\"A la une\",\"G\u00e9rardmer\",\"Publireportage\",\"Remiremont\"],\"inLanguage\":\"fr-FR\",\"potentialAction\":[{\"@type\":\"CommentAction\",\"name\":\"Comment\",\"target\":[\"https:\/\/vosgesinfo.fr\/gerardmerinfo\/2026\/03\/herve-courtois-art-fenetres-pour-un-printemps-sous-le-signe-du-renouveau\/#respond\"]}]},{\"@type\":\"WebPage\",\"@id\":\"https:\/\/vosgesinfo.fr\/gerardmerinfo\/2026\/03\/herve-courtois-art-fenetres-pour-un-printemps-sous-le-signe-du-renouveau\/\",\"url\":\"https:\/\/vosgesinfo.fr\/gerardmerinfo\/2026\/03\/herve-courtois-art-fenetres-pour-un-printemps-sous-le-signe-du-renouveau\/\",\"name\":\"Herv\u00e9 Courtois \u00ab\u00a0Art & Fen\u00eatres\u00a0\u00bb pour un printemps sous le signe du renouveau - Gerardmer Info\",\"isPartOf\":{\"@id\":\"https:\/\/vosgesinfo.fr\/gerardmerinfo\/#website\"},\"primaryImageOfPage\":{\"@id\":\"https:\/\/vosgesinfo.fr\/gerardmerinfo\/2026\/03\/herve-courtois-art-fenetres-pour-un-printemps-sous-le-signe-du-renouveau\/#primaryimage\"},\"image\":{\"@id\":\"https:\/\/vosgesinfo.fr\/gerardmerinfo\/2026\/03\/herve-courtois-art-fenetres-pour-un-printemps-sous-le-signe-du-renouveau\/#primaryimage\"},\"thumbnailUrl\":\"https:\/\/vosgesinfo.fr\/app\/uploads\/sites\/6\/2026\/03\/hc24-1.jpg\",\"datePublished\":\"2026-03-10T07:29:44+00:00\",\"dateModified\":\"2026-03-10T07:29:44+00:00\",\"breadcrumb\":{\"@id\":\"https:\/\/vosgesinfo.fr\/gerardmerinfo\/2026\/03\/herve-courtois-art-fenetres-pour-un-printemps-sous-le-signe-du-renouveau\/#breadcrumb\"},\"inLanguage\":\"fr-FR\",\"potentialAction\":[{\"@type\":\"ReadAction\",\"target\":[\"https:\/\/vosgesinfo.fr\/gerardmerinfo\/2026\/03\/herve-courtois-art-fenetres-pour-un-printemps-sous-le-signe-du-renouveau\/\"]}]},{\"@type\":\"ImageObject\",\"inLanguage\":\"fr-FR\",\"@id\":\"https:\/\/vosgesinfo.fr\/gerardmerinfo\/2026\/03\/herve-courtois-art-fenetres-pour-un-printemps-sous-le-signe-du-renouveau\/#primaryimage\",\"url\":\"https:\/\/vosgesinfo.fr\/app\/uploads\/sites\/6\/2026\/03\/hc24-1.jpg\",\"contentUrl\":\"https:\/\/vosgesinfo.fr\/app\/uploads\/sites\/6\/2026\/03\/hc24-1.jpg\",\"width\":1620,\"height\":1080},{\"@type\":\"BreadcrumbList\",\"@id\":\"https:\/\/vosgesinfo.fr\/gerardmerinfo\/2026\/03\/herve-courtois-art-fenetres-pour-un-printemps-sous-le-signe-du-renouveau\/#breadcrumb\",\"itemListElement\":[{\"@type\":\"ListItem\",\"position\":1,\"name\":\"Home\",\"item\":\"https:\/\/vosgesinfo.fr\/gerardmerinfo\/\"},{\"@type\":\"ListItem\",\"position\":2,\"name\":\"Herv\u00e9 Courtois \u00ab\u00a0Art &#038; Fen\u00eatres\u00a0\u00bb pour un printemps sous le signe du renouveau\"}]},{\"@type\":\"WebSite\",\"@id\":\"https:\/\/vosgesinfo.fr\/gerardmerinfo\/#website\",\"url\":\"https:\/\/vosgesinfo.fr\/gerardmerinfo\/\",\"name\":\"Gerardmer Info\",\"description\":\"Toute l&#039;actualit\u00e9 de G\u00e9rardmer\",\"publisher\":{\"@id\":\"https:\/\/vosgesinfo.fr\/gerardmerinfo\/#organization\"},\"alternateName\":\"Toute l'actualit\u00e9 de G\u00e9rardmer\",\"potentialAction\":[{\"@type\":\"SearchAction\",\"target\":{\"@type\":\"EntryPoint\",\"urlTemplate\":\"https:\/\/vosgesinfo.fr\/gerardmerinfo\/?s={search_term_string}\"},\"query-input\":\"required name=search_term_string\"}],\"inLanguage\":\"fr-FR\"},{\"@type\":\"Organization\",\"@id\":\"https:\/\/vosgesinfo.fr\/gerardmerinfo\/#organization\",\"name\":\"Gerardmer Info\",\"url\":\"https:\/\/vosgesinfo.fr\/gerardmerinfo\/\",\"logo\":{\"@type\":\"ImageObject\",\"inLanguage\":\"fr-FR\",\"@id\":\"https:\/\/vosgesinfo.fr\/gerardmerinfo\/#\/schema\/logo\/image\/\",\"url\":\"https:\/\/vosgesinfo.fr\/app\/uploads\/sites\/6\/2023\/08\/favicon-gerardmerinfo.png\",\"contentUrl\":\"https:\/\/vosgesinfo.fr\/app\/uploads\/sites\/6\/2023\/08\/favicon-gerardmerinfo.png\",\"width\":512,\"height\":512,\"caption\":\"Gerardmer Info\"},\"image\":{\"@id\":\"https:\/\/vosgesinfo.fr\/gerardmerinfo\/#\/schema\/logo\/image\/\"},\"sameAs\":[\"https:\/\/www.facebook.com\/profile.php?id=100049475262660\",\"https:\/\/x.com\/VosgesInfo88\",\"https:\/\/www.youtube.com\/@vosgesinfo\"]},{\"@type\":\"Person\",\"@id\":\"https:\/\/vosgesinfo.fr\/gerardmerinfo\/#\/schema\/person\/4f57dc393faf2ac8b9f1cab30ad79250\",\"name\":\"Phj\",\"image\":{\"@type\":\"ImageObject\",\"inLanguage\":\"fr-FR\",\"@id\":\"https:\/\/vosgesinfo.fr\/gerardmerinfo\/#\/schema\/person\/image\/\",\"url\":\"https:\/\/secure.gravatar.com\/avatar\/ada60265080fb9a89c9809bf0abb1f448a128cb85db1c08905baa5038fbe3cfe?s=96&d=mm&r=g\",\"contentUrl\":\"https:\/\/secure.gravatar.com\/avatar\/ada60265080fb9a89c9809bf0abb1f448a128cb85db1c08905baa5038fbe3cfe?s=96&d=mm&r=g\",\"caption\":\"Phj\"},\"url\":\"https:\/\/vosgesinfo.fr\/gerardmerinfo\/author\/phj\/\"}]}<\/script>\n<!-- \/ Yoast SEO plugin. -->","yoast_head_json":{"title":"Herv\u00e9 Courtois \u00ab\u00a0Art & Fen\u00eatres\u00a0\u00bb pour un printemps sous le signe du renouveau - Gerardmer Info","robots":{"index":"index","follow":"follow","max-snippet":"max-snippet:-1","max-image-preview":"max-image-preview:large","max-video-preview":"max-video-preview:-1"},"canonical":"https:\/\/vosgesinfo.fr\/gerardmerinfo\/2026\/03\/herve-courtois-art-fenetres-pour-un-printemps-sous-le-signe-du-renouveau\/","twitter_card":"summary_large_image","twitter_title":"Herv\u00e9 Courtois \u00ab\u00a0Art & Fen\u00eatres\u00a0\u00bb pour un printemps sous le signe du renouveau - Gerardmer Info","twitter_description":"Depuis 1996, la soci\u00e9t\u00e9 Herv\u00e9 Courtois \u00e0 Hadol et Golbey est sp\u00e9cialis\u00e9e en installation de fen\u00eatres, portes, volets, portails et [&hellip;]","twitter_image":"https:\/\/vosgesinfo.fr\/app\/uploads\/sites\/6\/2026\/03\/hc24-1.jpg","twitter_creator":"@VosgesInfo88","twitter_site":"@VosgesInfo88","twitter_misc":{"\u00c9crit par":"Phj","Dur\u00e9e de lecture estim\u00e9e":"2 minutes"},"schema":{"@context":"https:\/\/schema.org","@graph":[{"@type":"Article","@id":"https:\/\/vosgesinfo.fr\/gerardmerinfo\/2026\/03\/herve-courtois-art-fenetres-pour-un-printemps-sous-le-signe-du-renouveau\/#article","isPartOf":{"@id":"https:\/\/vosgesinfo.fr\/gerardmerinfo\/2026\/03\/herve-courtois-art-fenetres-pour-un-printemps-sous-le-signe-du-renouveau\/"},"author":{"name":"Phj","@id":"https:\/\/vosgesinfo.fr\/gerardmerinfo\/#\/schema\/person\/4f57dc393faf2ac8b9f1cab30ad79250"},"headline":"Herv\u00e9 Courtois \u00ab\u00a0Art &#038; Fen\u00eatres\u00a0\u00bb pour un printemps sous le signe du renouveau","datePublished":"2026-03-10T07:29:44+00:00","dateModified":"2026-03-10T07:29:44+00:00","mainEntityOfPage":{"@id":"https:\/\/vosgesinfo.fr\/gerardmerinfo\/2026\/03\/herve-courtois-art-fenetres-pour-un-printemps-sous-le-signe-du-renouveau\/"},"wordCount":480,"commentCount":0,"publisher":{"@id":"https:\/\/vosgesinfo.fr\/gerardmerinfo\/#organization"},"image":{"@id":"https:\/\/vosgesinfo.fr\/gerardmerinfo\/2026\/03\/herve-courtois-art-fenetres-pour-un-printemps-sous-le-signe-du-renouveau\/#primaryimage"},"thumbnailUrl":"https:\/\/vosgesinfo.fr\/app\/uploads\/sites\/6\/2026\/03\/hc24-1.jpg","articleSection":["A la une","G\u00e9rardmer","Publireportage","Remiremont"],"inLanguage":"fr-FR","potentialAction":[{"@type":"CommentAction","name":"Comment","target":["https:\/\/vosgesinfo.fr\/gerardmerinfo\/2026\/03\/herve-courtois-art-fenetres-pour-un-printemps-sous-le-signe-du-renouveau\/#respond"]}]},{"@type":"WebPage","@id":"https:\/\/vosgesinfo.fr\/gerardmerinfo\/2026\/03\/herve-courtois-art-fenetres-pour-un-printemps-sous-le-signe-du-renouveau\/","url":"https:\/\/vosgesinfo.fr\/gerardmerinfo\/2026\/03\/herve-courtois-art-fenetres-pour-un-printemps-sous-le-signe-du-renouveau\/","name":"Herv\u00e9 Courtois \u00ab\u00a0Art & Fen\u00eatres\u00a0\u00bb pour un printemps sous le signe du renouveau - Gerardmer Info","isPartOf":{"@id":"https:\/\/vosgesinfo.fr\/gerardmerinfo\/#website"},"primaryImageOfPage":{"@id":"https:\/\/vosgesinfo.fr\/gerardmerinfo\/2026\/03\/herve-courtois-art-fenetres-pour-un-printemps-sous-le-signe-du-renouveau\/#primaryimage"},"image":{"@id":"https:\/\/vosgesinfo.fr\/gerardmerinfo\/2026\/03\/herve-courtois-art-fenetres-pour-un-printemps-sous-le-signe-du-renouveau\/#primaryimage"},"thumbnailUrl":"https:\/\/vosgesinfo.fr\/app\/uploads\/sites\/6\/2026\/03\/hc24-1.jpg","datePublished":"2026-03-10T07:29:44+00:00","dateModified":"2026-03-10T07:29:44+00:00","breadcrumb":{"@id":"https:\/\/vosgesinfo.fr\/gerardmerinfo\/2026\/03\/herve-courtois-art-fenetres-pour-un-printemps-sous-le-signe-du-renouveau\/#breadcrumb"},"inLanguage":"fr-FR","potentialAction":[{"@type":"ReadAction","target":["https:\/\/vosgesinfo.fr\/gerardmerinfo\/2026\/03\/herve-courtois-art-fenetres-pour-un-printemps-sous-le-signe-du-renouveau\/"]}]},{"@type":"ImageObject","inLanguage":"fr-FR","@id":"https:\/\/vosgesinfo.fr\/gerardmerinfo\/2026\/03\/herve-courtois-art-fenetres-pour-un-printemps-sous-le-signe-du-renouveau\/#primaryimage","url":"https:\/\/vosgesinfo.fr\/app\/uploads\/sites\/6\/2026\/03\/hc24-1.jpg","contentUrl":"https:\/\/vosgesinfo.fr\/app\/uploads\/sites\/6\/2026\/03\/hc24-1.jpg","width":1620,"height":1080},{"@type":"BreadcrumbList","@id":"https:\/\/vosgesinfo.fr\/gerardmerinfo\/2026\/03\/herve-courtois-art-fenetres-pour-un-printemps-sous-le-signe-du-renouveau\/#breadcrumb","itemListElement":[{"@type":"ListItem","position":1,"name":"Home","item":"https:\/\/vosgesinfo.fr\/gerardmerinfo\/"},{"@type":"ListItem","position":2,"name":"Herv\u00e9 Courtois \u00ab\u00a0Art &#038; Fen\u00eatres\u00a0\u00bb pour un printemps sous le signe du renouveau"}]},{"@type":"WebSite","@id":"https:\/\/vosgesinfo.fr\/gerardmerinfo\/#website","url":"https:\/\/vosgesinfo.fr\/gerardmerinfo\/","name":"Gerardmer Info","description":"Toute l&#039;actualit\u00e9 de G\u00e9rardmer","publisher":{"@id":"https:\/\/vosgesinfo.fr\/gerardmerinfo\/#organization"},"alternateName":"Toute l'actualit\u00e9 de G\u00e9rardmer","potentialAction":[{"@type":"SearchAction","target":{"@type":"EntryPoint","urlTemplate":"https:\/\/vosgesinfo.fr\/gerardmerinfo\/?s={search_term_string}"},"query-input":"required name=search_term_string"}],"inLanguage":"fr-FR"},{"@type":"Organization","@id":"https:\/\/vosgesinfo.fr\/gerardmerinfo\/#organization","name":"Gerardmer Info","url":"https:\/\/vosgesinfo.fr\/gerardmerinfo\/","logo":{"@type":"ImageObject","inLanguage":"fr-FR","@id":"https:\/\/vosgesinfo.fr\/gerardmerinfo\/#\/schema\/logo\/image\/","url":"https:\/\/vosgesinfo.fr\/app\/uploads\/sites\/6\/2023\/08\/favicon-gerardmerinfo.png","contentUrl":"https:\/\/vosgesinfo.fr\/app\/uploads\/sites\/6\/2023\/08\/favicon-gerardmerinfo.png","width":512,"height":512,"caption":"Gerardmer Info"},"image":{"@id":"https:\/\/vosgesinfo.fr\/gerardmerinfo\/#\/schema\/logo\/image\/"},"sameAs":["https:\/\/www.facebook.com\/profile.php?id=100049475262660","https:\/\/x.com\/VosgesInfo88","https:\/\/www.youtube.com\/@vosgesinfo"]},{"@type":"Person","@id":"https:\/\/vosgesinfo.fr\/gerardmerinfo\/#\/schema\/person\/4f57dc393faf2ac8b9f1cab30ad79250","name":"Phj","image":{"@type":"ImageObject","inLanguage":"fr-FR","@id":"https:\/\/vosgesinfo.fr\/gerardmerinfo\/#\/schema\/person\/image\/","url":"https:\/\/secure.gravatar.com\/avatar\/ada60265080fb9a89c9809bf0abb1f448a128cb85db1c08905baa5038fbe3cfe?s=96&d=mm&r=g","contentUrl":"https:\/\/secure.gravatar.com\/avatar\/ada60265080fb9a89c9809bf0abb1f448a128cb85db1c08905baa5038fbe3cfe?s=96&d=mm&r=g","caption":"Phj"},"url":"https:\/\/vosgesinfo.fr\/gerardmerinfo\/author\/phj\/"}]}},"_links":{"self":[{"href":"https:\/\/vosgesinfo.fr\/gerardmerinfo\/wp-json\/wp\/v2\/posts\/88953","targetHints":{"allow":["GET"]}}],"collection":[{"href":"https:\/\/vosgesinfo.fr\/gerardmerinfo\/wp-json\/wp\/v2\/posts"}],"about":[{"href":"https:\/\/vosgesinfo.fr\/gerardmerinfo\/wp-json\/wp\/v2\/types\/post"}],"author":[{"embeddable":true,"href":"https:\/\/vosgesinfo.fr\/gerardmerinfo\/wp-json\/wp\/v2\/users\/39"}],"replies":[{"embeddable":true,"href":"https:\/\/vosgesinfo.fr\/gerardmerinfo\/wp-json\/wp\/v2\/comments?post=88953"}],"version-history":[{"count":0,"href":"https:\/\/vosgesinfo.fr\/gerardmerinfo\/wp-json\/wp\/v2\/posts\/88953\/revisions"}],"wp:featuredmedia":[{"embeddable":true,"href":"https:\/\/vosgesinfo.fr\/gerardmerinfo\/wp-json\/wp\/v2\/media\/88954"}],"wp:attachment":[{"href":"https:\/\/vosgesinfo.fr\/gerardmerinfo\/wp-json\/wp\/v2\/media?parent=88953"}],"wp:term":[{"taxonomy":"category","embeddable":true,"href":"https:\/\/vosgesinfo.fr\/gerardmerinfo\/wp-json\/wp\/v2\/categories?post=88953"},{"taxonomy":"post_tag","embeddable":true,"href":"https:\/\/vosgesinfo.fr\/gerardmerinfo\/wp-json\/wp\/v2\/tags?post=88953"}],"curies":[{"name":"wp","href":"https:\/\/api.w.org\/{rel}","templated":true}]}}