{"id":88972,"date":"2026-03-12T05:58:42","date_gmt":"2026-03-12T04:58:42","guid":{"rendered":"https:\/\/vosgesinfo.fr\/gerardmerinfo\/?p=88972"},"modified":"2026-03-10T19:17:42","modified_gmt":"2026-03-10T18:17:42","slug":"collecte-de-produits-dhygiene-feminine-un-elan-de-solidarite-particulierement-apprecie","status":"publish","type":"post","link":"https:\/\/vosgesinfo.fr\/gerardmerinfo\/2026\/03\/collecte-de-produits-dhygiene-feminine-un-elan-de-solidarite-particulierement-apprecie\/","title":{"rendered":"Collecte de produits d&rsquo;hygi\u00e8ne f\u00e9minine &#8211; un \u00e9lan de solidarit\u00e9 particuli\u00e8rement appr\u00e9ci\u00e9"},"content":{"rendered":"<p><a href=\"https:\/\/vosgesinfo.fr\/app\/uploads\/sites\/6\/2026\/03\/collecte-hygiene-feminine-gerardmer-5.jpg\"><img decoding=\"async\" class=\"aligncenter size-full wp-image-88977\" src=\"https:\/\/vosgesinfo.fr\/app\/uploads\/sites\/6\/2026\/03\/collecte-hygiene-feminine-gerardmer-5.jpg\" alt=\"\" width=\"1440\" height=\"1080\" srcset=\"https:\/\/vosgesinfo.fr\/app\/uploads\/sites\/6\/2026\/03\/collecte-hygiene-feminine-gerardmer-5.jpg 1440w, https:\/\/vosgesinfo.fr\/app\/uploads\/sites\/6\/2026\/03\/collecte-hygiene-feminine-gerardmer-5-300x225.jpg 300w, https:\/\/vosgesinfo.fr\/app\/uploads\/sites\/6\/2026\/03\/collecte-hygiene-feminine-gerardmer-5-1024x768.jpg 1024w, https:\/\/vosgesinfo.fr\/app\/uploads\/sites\/6\/2026\/03\/collecte-hygiene-feminine-gerardmer-5-768x576.jpg 768w\" sizes=\"(max-width: 1440px) 100vw, 1440px\" \/><\/a><\/p>\n\n\t\t<style type=\"text\/css\">\n\t\t\t#gallery-1 {\n\t\t\t\tmargin: auto;\n\t\t\t}\n\t\t\t#gallery-1 .gallery-item {\n\t\t\t\tfloat: left;\n\t\t\t\tmargin-top: 10px;\n\t\t\t\ttext-align: center;\n\t\t\t\twidth: 50%;\n\t\t\t}\n\t\t\t#gallery-1 img {\n\t\t\t\tborder: 2px solid #cfcfcf;\n\t\t\t}\n\t\t\t#gallery-1 .gallery-caption {\n\t\t\t\tmargin-left: 0;\n\t\t\t}\n\t\t\t\/* see gallery_shortcode() in wp-includes\/media.php *\/\n\t\t<\/style>\n\t\t<div id='gallery-1' class='gallery galleryid-88972 gallery-columns-2 gallery-size-medium'><dl class='gallery-item'>\n\t\t\t<dt class='gallery-icon landscape'>\n\t\t\t\t<a href='https:\/\/vosgesinfo.fr\/app\/uploads\/sites\/6\/2026\/03\/collecte-hygiene-feminine-gerardmer-4.jpg'><img decoding=\"async\" width=\"300\" height=\"225\" src=\"https:\/\/vosgesinfo.fr\/app\/uploads\/sites\/6\/2026\/03\/collecte-hygiene-feminine-gerardmer-4-300x225.jpg\" class=\"attachment-medium size-medium\" alt=\"\" srcset=\"https:\/\/vosgesinfo.fr\/app\/uploads\/sites\/6\/2026\/03\/collecte-hygiene-feminine-gerardmer-4-300x225.jpg 300w, https:\/\/vosgesinfo.fr\/app\/uploads\/sites\/6\/2026\/03\/collecte-hygiene-feminine-gerardmer-4-1024x768.jpg 1024w, https:\/\/vosgesinfo.fr\/app\/uploads\/sites\/6\/2026\/03\/collecte-hygiene-feminine-gerardmer-4-768x576.jpg 768w, https:\/\/vosgesinfo.fr\/app\/uploads\/sites\/6\/2026\/03\/collecte-hygiene-feminine-gerardmer-4.jpg 1440w\" sizes=\"(max-width: 300px) 100vw, 300px\" \/><\/a>\n\t\t\t<\/dt><\/dl><dl class='gallery-item'>\n\t\t\t<dt class='gallery-icon landscape'>\n\t\t\t\t<a href='https:\/\/vosgesinfo.fr\/app\/uploads\/sites\/6\/2026\/03\/collecte-hygiene-feminine-gerardmer-3.jpg'><img decoding=\"async\" width=\"300\" height=\"225\" src=\"https:\/\/vosgesinfo.fr\/app\/uploads\/sites\/6\/2026\/03\/collecte-hygiene-feminine-gerardmer-3-300x225.jpg\" class=\"attachment-medium size-medium\" alt=\"\" srcset=\"https:\/\/vosgesinfo.fr\/app\/uploads\/sites\/6\/2026\/03\/collecte-hygiene-feminine-gerardmer-3-300x225.jpg 300w, https:\/\/vosgesinfo.fr\/app\/uploads\/sites\/6\/2026\/03\/collecte-hygiene-feminine-gerardmer-3-1024x768.jpg 1024w, https:\/\/vosgesinfo.fr\/app\/uploads\/sites\/6\/2026\/03\/collecte-hygiene-feminine-gerardmer-3-768x576.jpg 768w, https:\/\/vosgesinfo.fr\/app\/uploads\/sites\/6\/2026\/03\/collecte-hygiene-feminine-gerardmer-3.jpg 1440w\" sizes=\"(max-width: 300px) 100vw, 300px\" \/><\/a>\n\t\t\t<\/dt><\/dl><br style=\"clear: both\" \/>\n\t\t<\/div>\n\n<p>&nbsp;<\/p>\n<p><strong>Mardi soir avait lieu la donation des produits d\u2019hygi\u00e8ne f\u00e9minine r\u00e9colt\u00e9s le 4 mars dernier en grandes surfaces par les \u00e9lus et agents g\u00e9r\u00f4mois, les membres du Conseil Municipal des Jeunes et leurs homologues du conseil des S\u00e9niors.<\/strong><\/p>\n<div id=\"attachment_88973\" style=\"width: 235px\" class=\"wp-caption alignright\"><a href=\"https:\/\/vosgesinfo.fr\/app\/uploads\/sites\/6\/2026\/03\/collecte-hygiene-feminine-gerardmer-1.jpg\"><img decoding=\"async\" aria-describedby=\"caption-attachment-88973\" class=\"size-medium wp-image-88973\" src=\"https:\/\/vosgesinfo.fr\/app\/uploads\/sites\/6\/2026\/03\/collecte-hygiene-feminine-gerardmer-1-225x300.jpg\" alt=\"\" width=\"225\" height=\"300\" srcset=\"https:\/\/vosgesinfo.fr\/app\/uploads\/sites\/6\/2026\/03\/collecte-hygiene-feminine-gerardmer-1-225x300.jpg 225w, https:\/\/vosgesinfo.fr\/app\/uploads\/sites\/6\/2026\/03\/collecte-hygiene-feminine-gerardmer-1-768x1024.jpg 768w, https:\/\/vosgesinfo.fr\/app\/uploads\/sites\/6\/2026\/03\/collecte-hygiene-feminine-gerardmer-1.jpg 810w\" sizes=\"(max-width: 225px) 100vw, 225px\" \/><\/a><p id=\"caption-attachment-88973\" class=\"wp-caption-text\"><span style=\"color: #800000;\">Les repr\u00e9sentantes du CMJ en compagnie de Claire Beugnot.<\/span><\/p><\/div>\n<p>Sensible \u00e0 cette probl\u00e9matique, la commune de G\u00e9rardmer lan\u00e7ait pour la deuxi\u00e8me ann\u00e9e cons\u00e9cutive cette collecte en faveur des restos du C\u0153ur, de la Croix Rouge, de la MSVSn du Foyer du Beillard, du Secours Catholique ainsi que des trois lyc\u00e9es de G\u00e9rardmer. L&rsquo;op\u00e9ration a permis de r\u00e9colter 28,2 kg de dons dans les 5 supermarch\u00e9s g\u00e9r\u00f4mois qui ont accept\u00e9 de particip\u00e9 \u00e0 cet \u00e9lan de solidarit\u00e9 particuli\u00e8rement appr\u00e9ci\u00e9 : \u00ab\u00a0Nous avons beaucoup de filles en difficult\u00e9 \u00e0 ce niveau l\u00e0, soit freiner dans l&rsquo;achat de ces produits par pudeur, soit au niveau financier car ces produits sont co\u00fbteux. Cette aide est donc tr\u00e8s appr\u00e9ci\u00e9e. Nous mettons les produits \u00e0 disposition \u00e0 plusieurs endroits dans le lyc\u00e9e : dans l&rsquo;infirmerie, \u00e0 l&rsquo;internat et il y a un distributeur \u00e0 la vie scolaire\u00a0\u00bb explique Bernadette Rakotondrazaka, infirmi\u00e8re scolaire au lyc\u00e9e Chardin. des propos que confirme la proviseure adjointe du lyc\u00e9e de Gennes, Claire Beugnot. on peut donc affirmer qu&rsquo;il s&rsquo;agit d&rsquo;une action solidaire qui m\u00e9rite de perdurer et dont l&rsquo;utilit\u00e9 s&rsquo;impose comme une \u00e9vidence.<\/p>\n<p><a href=\"https:\/\/vosgesinfo.fr\/app\/uploads\/sites\/6\/2026\/03\/collecte-hygiene-feminine-gerardmer-2.jpg\"><img decoding=\"async\" class=\"aligncenter size-large wp-image-88974\" src=\"https:\/\/vosgesinfo.fr\/app\/uploads\/sites\/6\/2026\/03\/collecte-hygiene-feminine-gerardmer-2-1024x768.jpg\" alt=\"\" width=\"1024\" height=\"768\" srcset=\"https:\/\/vosgesinfo.fr\/app\/uploads\/sites\/6\/2026\/03\/collecte-hygiene-feminine-gerardmer-2-1024x768.jpg 1024w, https:\/\/vosgesinfo.fr\/app\/uploads\/sites\/6\/2026\/03\/collecte-hygiene-feminine-gerardmer-2-300x225.jpg 300w, https:\/\/vosgesinfo.fr\/app\/uploads\/sites\/6\/2026\/03\/collecte-hygiene-feminine-gerardmer-2-768x576.jpg 768w, https:\/\/vosgesinfo.fr\/app\/uploads\/sites\/6\/2026\/03\/collecte-hygiene-feminine-gerardmer-2.jpg 1440w\" sizes=\"(max-width: 1024px) 100vw, 1024px\" \/><\/a><\/p>\n","protected":false},"excerpt":{"rendered":"<p>&nbsp; Mardi soir avait lieu la donation des produits d\u2019hygi\u00e8ne f\u00e9minine r\u00e9colt\u00e9s le 4 mars dernier en grandes surfaces par [&hellip;]<\/p>\n","protected":false},"author":42,"featured_media":88976,"comment_status":"open","ping_status":"open","sticky":false,"template":"","format":"standard","meta":{"footnotes":""},"categories":[20,25,5647,12],"tags":[],"class_list":["post-88972","post","type-post","status-publish","format-standard","has-post-thumbnail","hentry","category-a-la-une","category-gerardmer","category-gerardmer-autres-sites","category-sante"],"acf":[],"yoast_head":"<!-- This site is optimized with the Yoast SEO plugin v22.5 - https:\/\/yoast.com\/wordpress\/plugins\/seo\/ -->\n<title>Collecte de produits d&#039;hygi\u00e8ne f\u00e9minine - un \u00e9lan de solidarit\u00e9 particuli\u00e8rement appr\u00e9ci\u00e9 - Gerardmer Info<\/title>\n<meta name=\"robots\" content=\"index, follow, max-snippet:-1, max-image-preview:large, max-video-preview:-1\" \/>\n<link rel=\"canonical\" href=\"https:\/\/vosgesinfo.fr\/gerardmerinfo\/2026\/03\/collecte-de-produits-dhygiene-feminine-un-elan-de-solidarite-particulierement-apprecie\/\" \/>\n<meta name=\"twitter:card\" content=\"summary_large_image\" \/>\n<meta name=\"twitter:title\" content=\"Collecte de produits d&#039;hygi\u00e8ne f\u00e9minine - un \u00e9lan de solidarit\u00e9 particuli\u00e8rement appr\u00e9ci\u00e9 - Gerardmer Info\" \/>\n<meta name=\"twitter:description\" content=\"&nbsp; Mardi soir avait lieu la donation des produits d\u2019hygi\u00e8ne f\u00e9minine r\u00e9colt\u00e9s le 4 mars dernier en grandes surfaces par [&hellip;]\" \/>\n<meta name=\"twitter:image\" content=\"https:\/\/vosgesinfo.fr\/app\/uploads\/sites\/6\/2026\/03\/collecte-hygiene-feminine-gerardmer-4.jpg\" \/>\n<meta name=\"twitter:creator\" content=\"@VosgesInfo88\" \/>\n<meta name=\"twitter:site\" content=\"@VosgesInfo88\" \/>\n<meta name=\"twitter:label1\" content=\"\u00c9crit par\" \/>\n\t<meta name=\"twitter:data1\" content=\"QG\" \/>\n\t<meta name=\"twitter:label2\" content=\"Dur\u00e9e de lecture estim\u00e9e\" \/>\n\t<meta name=\"twitter:data2\" content=\"1 minute\" \/>\n<script type=\"application\/ld+json\" class=\"yoast-schema-graph\">{\"@context\":\"https:\/\/schema.org\",\"@graph\":[{\"@type\":\"Article\",\"@id\":\"https:\/\/vosgesinfo.fr\/gerardmerinfo\/2026\/03\/collecte-de-produits-dhygiene-feminine-un-elan-de-solidarite-particulierement-apprecie\/#article\",\"isPartOf\":{\"@id\":\"https:\/\/vosgesinfo.fr\/gerardmerinfo\/2026\/03\/collecte-de-produits-dhygiene-feminine-un-elan-de-solidarite-particulierement-apprecie\/\"},\"author\":{\"name\":\"QG\",\"@id\":\"https:\/\/vosgesinfo.fr\/gerardmerinfo\/#\/schema\/person\/db5605779a843dad16b5368f3e7613a5\"},\"headline\":\"Collecte de produits d&rsquo;hygi\u00e8ne f\u00e9minine &#8211; un \u00e9lan de solidarit\u00e9 particuli\u00e8rement appr\u00e9ci\u00e9\",\"datePublished\":\"2026-03-12T04:58:42+00:00\",\"dateModified\":\"2026-03-10T18:17:42+00:00\",\"mainEntityOfPage\":{\"@id\":\"https:\/\/vosgesinfo.fr\/gerardmerinfo\/2026\/03\/collecte-de-produits-dhygiene-feminine-un-elan-de-solidarite-particulierement-apprecie\/\"},\"wordCount\":283,\"commentCount\":0,\"publisher\":{\"@id\":\"https:\/\/vosgesinfo.fr\/gerardmerinfo\/#organization\"},\"image\":{\"@id\":\"https:\/\/vosgesinfo.fr\/gerardmerinfo\/2026\/03\/collecte-de-produits-dhygiene-feminine-un-elan-de-solidarite-particulierement-apprecie\/#primaryimage\"},\"thumbnailUrl\":\"https:\/\/vosgesinfo.fr\/app\/uploads\/sites\/6\/2026\/03\/collecte-hygiene-feminine-gerardmer-4.jpg\",\"articleSection\":[\"A la une\",\"G\u00e9rardmer\",\"Gerardmer\",\"Sant\u00e9\"],\"inLanguage\":\"fr-FR\",\"potentialAction\":[{\"@type\":\"CommentAction\",\"name\":\"Comment\",\"target\":[\"https:\/\/vosgesinfo.fr\/gerardmerinfo\/2026\/03\/collecte-de-produits-dhygiene-feminine-un-elan-de-solidarite-particulierement-apprecie\/#respond\"]}]},{\"@type\":\"WebPage\",\"@id\":\"https:\/\/vosgesinfo.fr\/gerardmerinfo\/2026\/03\/collecte-de-produits-dhygiene-feminine-un-elan-de-solidarite-particulierement-apprecie\/\",\"url\":\"https:\/\/vosgesinfo.fr\/gerardmerinfo\/2026\/03\/collecte-de-produits-dhygiene-feminine-un-elan-de-solidarite-particulierement-apprecie\/\",\"name\":\"Collecte de produits d'hygi\u00e8ne f\u00e9minine - un \u00e9lan de solidarit\u00e9 particuli\u00e8rement appr\u00e9ci\u00e9 - Gerardmer Info\",\"isPartOf\":{\"@id\":\"https:\/\/vosgesinfo.fr\/gerardmerinfo\/#website\"},\"primaryImageOfPage\":{\"@id\":\"https:\/\/vosgesinfo.fr\/gerardmerinfo\/2026\/03\/collecte-de-produits-dhygiene-feminine-un-elan-de-solidarite-particulierement-apprecie\/#primaryimage\"},\"image\":{\"@id\":\"https:\/\/vosgesinfo.fr\/gerardmerinfo\/2026\/03\/collecte-de-produits-dhygiene-feminine-un-elan-de-solidarite-particulierement-apprecie\/#primaryimage\"},\"thumbnailUrl\":\"https:\/\/vosgesinfo.fr\/app\/uploads\/sites\/6\/2026\/03\/collecte-hygiene-feminine-gerardmer-4.jpg\",\"datePublished\":\"2026-03-12T04:58:42+00:00\",\"dateModified\":\"2026-03-10T18:17:42+00:00\",\"breadcrumb\":{\"@id\":\"https:\/\/vosgesinfo.fr\/gerardmerinfo\/2026\/03\/collecte-de-produits-dhygiene-feminine-un-elan-de-solidarite-particulierement-apprecie\/#breadcrumb\"},\"inLanguage\":\"fr-FR\",\"potentialAction\":[{\"@type\":\"ReadAction\",\"target\":[\"https:\/\/vosgesinfo.fr\/gerardmerinfo\/2026\/03\/collecte-de-produits-dhygiene-feminine-un-elan-de-solidarite-particulierement-apprecie\/\"]}]},{\"@type\":\"ImageObject\",\"inLanguage\":\"fr-FR\",\"@id\":\"https:\/\/vosgesinfo.fr\/gerardmerinfo\/2026\/03\/collecte-de-produits-dhygiene-feminine-un-elan-de-solidarite-particulierement-apprecie\/#primaryimage\",\"url\":\"https:\/\/vosgesinfo.fr\/app\/uploads\/sites\/6\/2026\/03\/collecte-hygiene-feminine-gerardmer-4.jpg\",\"contentUrl\":\"https:\/\/vosgesinfo.fr\/app\/uploads\/sites\/6\/2026\/03\/collecte-hygiene-feminine-gerardmer-4.jpg\",\"width\":1440,\"height\":1080},{\"@type\":\"BreadcrumbList\",\"@id\":\"https:\/\/vosgesinfo.fr\/gerardmerinfo\/2026\/03\/collecte-de-produits-dhygiene-feminine-un-elan-de-solidarite-particulierement-apprecie\/#breadcrumb\",\"itemListElement\":[{\"@type\":\"ListItem\",\"position\":1,\"name\":\"Home\",\"item\":\"https:\/\/vosgesinfo.fr\/gerardmerinfo\/\"},{\"@type\":\"ListItem\",\"position\":2,\"name\":\"Collecte de produits d&rsquo;hygi\u00e8ne f\u00e9minine &#8211; un \u00e9lan de solidarit\u00e9 particuli\u00e8rement appr\u00e9ci\u00e9\"}]},{\"@type\":\"WebSite\",\"@id\":\"https:\/\/vosgesinfo.fr\/gerardmerinfo\/#website\",\"url\":\"https:\/\/vosgesinfo.fr\/gerardmerinfo\/\",\"name\":\"Gerardmer Info\",\"description\":\"Toute l&#039;actualit\u00e9 de G\u00e9rardmer\",\"publisher\":{\"@id\":\"https:\/\/vosgesinfo.fr\/gerardmerinfo\/#organization\"},\"alternateName\":\"Toute l'actualit\u00e9 de G\u00e9rardmer\",\"potentialAction\":[{\"@type\":\"SearchAction\",\"target\":{\"@type\":\"EntryPoint\",\"urlTemplate\":\"https:\/\/vosgesinfo.fr\/gerardmerinfo\/?s={search_term_string}\"},\"query-input\":\"required name=search_term_string\"}],\"inLanguage\":\"fr-FR\"},{\"@type\":\"Organization\",\"@id\":\"https:\/\/vosgesinfo.fr\/gerardmerinfo\/#organization\",\"name\":\"Gerardmer Info\",\"url\":\"https:\/\/vosgesinfo.fr\/gerardmerinfo\/\",\"logo\":{\"@type\":\"ImageObject\",\"inLanguage\":\"fr-FR\",\"@id\":\"https:\/\/vosgesinfo.fr\/gerardmerinfo\/#\/schema\/logo\/image\/\",\"url\":\"https:\/\/vosgesinfo.fr\/app\/uploads\/sites\/6\/2023\/08\/favicon-gerardmerinfo.png\",\"contentUrl\":\"https:\/\/vosgesinfo.fr\/app\/uploads\/sites\/6\/2023\/08\/favicon-gerardmerinfo.png\",\"width\":512,\"height\":512,\"caption\":\"Gerardmer Info\"},\"image\":{\"@id\":\"https:\/\/vosgesinfo.fr\/gerardmerinfo\/#\/schema\/logo\/image\/\"},\"sameAs\":[\"https:\/\/www.facebook.com\/profile.php?id=100049475262660\",\"https:\/\/x.com\/VosgesInfo88\",\"https:\/\/www.youtube.com\/@vosgesinfo\"]},{\"@type\":\"Person\",\"@id\":\"https:\/\/vosgesinfo.fr\/gerardmerinfo\/#\/schema\/person\/db5605779a843dad16b5368f3e7613a5\",\"name\":\"QG\",\"image\":{\"@type\":\"ImageObject\",\"inLanguage\":\"fr-FR\",\"@id\":\"https:\/\/vosgesinfo.fr\/gerardmerinfo\/#\/schema\/person\/image\/\",\"url\":\"https:\/\/secure.gravatar.com\/avatar\/ea80c42c204b534408512832fde52504ecabb9706bcb6151cf6175e5b64e6793?s=96&d=mm&r=g\",\"contentUrl\":\"https:\/\/secure.gravatar.com\/avatar\/ea80c42c204b534408512832fde52504ecabb9706bcb6151cf6175e5b64e6793?s=96&d=mm&r=g\",\"caption\":\"QG\"},\"url\":\"https:\/\/vosgesinfo.fr\/gerardmerinfo\/author\/quentin88\/\"}]}<\/script>\n<!-- \/ Yoast SEO plugin. -->","yoast_head_json":{"title":"Collecte de produits d'hygi\u00e8ne f\u00e9minine - un \u00e9lan de solidarit\u00e9 particuli\u00e8rement appr\u00e9ci\u00e9 - Gerardmer Info","robots":{"index":"index","follow":"follow","max-snippet":"max-snippet:-1","max-image-preview":"max-image-preview:large","max-video-preview":"max-video-preview:-1"},"canonical":"https:\/\/vosgesinfo.fr\/gerardmerinfo\/2026\/03\/collecte-de-produits-dhygiene-feminine-un-elan-de-solidarite-particulierement-apprecie\/","twitter_card":"summary_large_image","twitter_title":"Collecte de produits d'hygi\u00e8ne f\u00e9minine - un \u00e9lan de solidarit\u00e9 particuli\u00e8rement appr\u00e9ci\u00e9 - Gerardmer Info","twitter_description":"&nbsp; Mardi soir avait lieu la donation des produits d\u2019hygi\u00e8ne f\u00e9minine r\u00e9colt\u00e9s le 4 mars dernier en grandes surfaces par [&hellip;]","twitter_image":"https:\/\/vosgesinfo.fr\/app\/uploads\/sites\/6\/2026\/03\/collecte-hygiene-feminine-gerardmer-4.jpg","twitter_creator":"@VosgesInfo88","twitter_site":"@VosgesInfo88","twitter_misc":{"\u00c9crit par":"QG","Dur\u00e9e de lecture estim\u00e9e":"1 minute"},"schema":{"@context":"https:\/\/schema.org","@graph":[{"@type":"Article","@id":"https:\/\/vosgesinfo.fr\/gerardmerinfo\/2026\/03\/collecte-de-produits-dhygiene-feminine-un-elan-de-solidarite-particulierement-apprecie\/#article","isPartOf":{"@id":"https:\/\/vosgesinfo.fr\/gerardmerinfo\/2026\/03\/collecte-de-produits-dhygiene-feminine-un-elan-de-solidarite-particulierement-apprecie\/"},"author":{"name":"QG","@id":"https:\/\/vosgesinfo.fr\/gerardmerinfo\/#\/schema\/person\/db5605779a843dad16b5368f3e7613a5"},"headline":"Collecte de produits d&rsquo;hygi\u00e8ne f\u00e9minine &#8211; un \u00e9lan de solidarit\u00e9 particuli\u00e8rement appr\u00e9ci\u00e9","datePublished":"2026-03-12T04:58:42+00:00","dateModified":"2026-03-10T18:17:42+00:00","mainEntityOfPage":{"@id":"https:\/\/vosgesinfo.fr\/gerardmerinfo\/2026\/03\/collecte-de-produits-dhygiene-feminine-un-elan-de-solidarite-particulierement-apprecie\/"},"wordCount":283,"commentCount":0,"publisher":{"@id":"https:\/\/vosgesinfo.fr\/gerardmerinfo\/#organization"},"image":{"@id":"https:\/\/vosgesinfo.fr\/gerardmerinfo\/2026\/03\/collecte-de-produits-dhygiene-feminine-un-elan-de-solidarite-particulierement-apprecie\/#primaryimage"},"thumbnailUrl":"https:\/\/vosgesinfo.fr\/app\/uploads\/sites\/6\/2026\/03\/collecte-hygiene-feminine-gerardmer-4.jpg","articleSection":["A la une","G\u00e9rardmer","Gerardmer","Sant\u00e9"],"inLanguage":"fr-FR","potentialAction":[{"@type":"CommentAction","name":"Comment","target":["https:\/\/vosgesinfo.fr\/gerardmerinfo\/2026\/03\/collecte-de-produits-dhygiene-feminine-un-elan-de-solidarite-particulierement-apprecie\/#respond"]}]},{"@type":"WebPage","@id":"https:\/\/vosgesinfo.fr\/gerardmerinfo\/2026\/03\/collecte-de-produits-dhygiene-feminine-un-elan-de-solidarite-particulierement-apprecie\/","url":"https:\/\/vosgesinfo.fr\/gerardmerinfo\/2026\/03\/collecte-de-produits-dhygiene-feminine-un-elan-de-solidarite-particulierement-apprecie\/","name":"Collecte de produits d'hygi\u00e8ne f\u00e9minine - un \u00e9lan de solidarit\u00e9 particuli\u00e8rement appr\u00e9ci\u00e9 - Gerardmer Info","isPartOf":{"@id":"https:\/\/vosgesinfo.fr\/gerardmerinfo\/#website"},"primaryImageOfPage":{"@id":"https:\/\/vosgesinfo.fr\/gerardmerinfo\/2026\/03\/collecte-de-produits-dhygiene-feminine-un-elan-de-solidarite-particulierement-apprecie\/#primaryimage"},"image":{"@id":"https:\/\/vosgesinfo.fr\/gerardmerinfo\/2026\/03\/collecte-de-produits-dhygiene-feminine-un-elan-de-solidarite-particulierement-apprecie\/#primaryimage"},"thumbnailUrl":"https:\/\/vosgesinfo.fr\/app\/uploads\/sites\/6\/2026\/03\/collecte-hygiene-feminine-gerardmer-4.jpg","datePublished":"2026-03-12T04:58:42+00:00","dateModified":"2026-03-10T18:17:42+00:00","breadcrumb":{"@id":"https:\/\/vosgesinfo.fr\/gerardmerinfo\/2026\/03\/collecte-de-produits-dhygiene-feminine-un-elan-de-solidarite-particulierement-apprecie\/#breadcrumb"},"inLanguage":"fr-FR","potentialAction":[{"@type":"ReadAction","target":["https:\/\/vosgesinfo.fr\/gerardmerinfo\/2026\/03\/collecte-de-produits-dhygiene-feminine-un-elan-de-solidarite-particulierement-apprecie\/"]}]},{"@type":"ImageObject","inLanguage":"fr-FR","@id":"https:\/\/vosgesinfo.fr\/gerardmerinfo\/2026\/03\/collecte-de-produits-dhygiene-feminine-un-elan-de-solidarite-particulierement-apprecie\/#primaryimage","url":"https:\/\/vosgesinfo.fr\/app\/uploads\/sites\/6\/2026\/03\/collecte-hygiene-feminine-gerardmer-4.jpg","contentUrl":"https:\/\/vosgesinfo.fr\/app\/uploads\/sites\/6\/2026\/03\/collecte-hygiene-feminine-gerardmer-4.jpg","width":1440,"height":1080},{"@type":"BreadcrumbList","@id":"https:\/\/vosgesinfo.fr\/gerardmerinfo\/2026\/03\/collecte-de-produits-dhygiene-feminine-un-elan-de-solidarite-particulierement-apprecie\/#breadcrumb","itemListElement":[{"@type":"ListItem","position":1,"name":"Home","item":"https:\/\/vosgesinfo.fr\/gerardmerinfo\/"},{"@type":"ListItem","position":2,"name":"Collecte de produits d&rsquo;hygi\u00e8ne f\u00e9minine &#8211; un \u00e9lan de solidarit\u00e9 particuli\u00e8rement appr\u00e9ci\u00e9"}]},{"@type":"WebSite","@id":"https:\/\/vosgesinfo.fr\/gerardmerinfo\/#website","url":"https:\/\/vosgesinfo.fr\/gerardmerinfo\/","name":"Gerardmer Info","description":"Toute l&#039;actualit\u00e9 de G\u00e9rardmer","publisher":{"@id":"https:\/\/vosgesinfo.fr\/gerardmerinfo\/#organization"},"alternateName":"Toute l'actualit\u00e9 de G\u00e9rardmer","potentialAction":[{"@type":"SearchAction","target":{"@type":"EntryPoint","urlTemplate":"https:\/\/vosgesinfo.fr\/gerardmerinfo\/?s={search_term_string}"},"query-input":"required name=search_term_string"}],"inLanguage":"fr-FR"},{"@type":"Organization","@id":"https:\/\/vosgesinfo.fr\/gerardmerinfo\/#organization","name":"Gerardmer Info","url":"https:\/\/vosgesinfo.fr\/gerardmerinfo\/","logo":{"@type":"ImageObject","inLanguage":"fr-FR","@id":"https:\/\/vosgesinfo.fr\/gerardmerinfo\/#\/schema\/logo\/image\/","url":"https:\/\/vosgesinfo.fr\/app\/uploads\/sites\/6\/2023\/08\/favicon-gerardmerinfo.png","contentUrl":"https:\/\/vosgesinfo.fr\/app\/uploads\/sites\/6\/2023\/08\/favicon-gerardmerinfo.png","width":512,"height":512,"caption":"Gerardmer Info"},"image":{"@id":"https:\/\/vosgesinfo.fr\/gerardmerinfo\/#\/schema\/logo\/image\/"},"sameAs":["https:\/\/www.facebook.com\/profile.php?id=100049475262660","https:\/\/x.com\/VosgesInfo88","https:\/\/www.youtube.com\/@vosgesinfo"]},{"@type":"Person","@id":"https:\/\/vosgesinfo.fr\/gerardmerinfo\/#\/schema\/person\/db5605779a843dad16b5368f3e7613a5","name":"QG","image":{"@type":"ImageObject","inLanguage":"fr-FR","@id":"https:\/\/vosgesinfo.fr\/gerardmerinfo\/#\/schema\/person\/image\/","url":"https:\/\/secure.gravatar.com\/avatar\/ea80c42c204b534408512832fde52504ecabb9706bcb6151cf6175e5b64e6793?s=96&d=mm&r=g","contentUrl":"https:\/\/secure.gravatar.com\/avatar\/ea80c42c204b534408512832fde52504ecabb9706bcb6151cf6175e5b64e6793?s=96&d=mm&r=g","caption":"QG"},"url":"https:\/\/vosgesinfo.fr\/gerardmerinfo\/author\/quentin88\/"}]}},"_links":{"self":[{"href":"https:\/\/vosgesinfo.fr\/gerardmerinfo\/wp-json\/wp\/v2\/posts\/88972","targetHints":{"allow":["GET"]}}],"collection":[{"href":"https:\/\/vosgesinfo.fr\/gerardmerinfo\/wp-json\/wp\/v2\/posts"}],"about":[{"href":"https:\/\/vosgesinfo.fr\/gerardmerinfo\/wp-json\/wp\/v2\/types\/post"}],"author":[{"embeddable":true,"href":"https:\/\/vosgesinfo.fr\/gerardmerinfo\/wp-json\/wp\/v2\/users\/42"}],"replies":[{"embeddable":true,"href":"https:\/\/vosgesinfo.fr\/gerardmerinfo\/wp-json\/wp\/v2\/comments?post=88972"}],"version-history":[{"count":2,"href":"https:\/\/vosgesinfo.fr\/gerardmerinfo\/wp-json\/wp\/v2\/posts\/88972\/revisions"}],"predecessor-version":[{"id":88979,"href":"https:\/\/vosgesinfo.fr\/gerardmerinfo\/wp-json\/wp\/v2\/posts\/88972\/revisions\/88979"}],"wp:featuredmedia":[{"embeddable":true,"href":"https:\/\/vosgesinfo.fr\/gerardmerinfo\/wp-json\/wp\/v2\/media\/88976"}],"wp:attachment":[{"href":"https:\/\/vosgesinfo.fr\/gerardmerinfo\/wp-json\/wp\/v2\/media?parent=88972"}],"wp:term":[{"taxonomy":"category","embeddable":true,"href":"https:\/\/vosgesinfo.fr\/gerardmerinfo\/wp-json\/wp\/v2\/categories?post=88972"},{"taxonomy":"post_tag","embeddable":true,"href":"https:\/\/vosgesinfo.fr\/gerardmerinfo\/wp-json\/wp\/v2\/tags?post=88972"}],"curies":[{"name":"wp","href":"https:\/\/api.w.org\/{rel}","templated":true}]}}