{"id":89008,"date":"2026-03-13T05:55:10","date_gmt":"2026-03-13T04:55:10","guid":{"rendered":"https:\/\/vosgesinfo.fr\/gerardmerinfo\/?p=89008"},"modified":"2026-03-12T13:36:43","modified_gmt":"2026-03-12T12:36:43","slug":"rappel-aux-electeurs-a-lapproche-des-elections-municipales","status":"publish","type":"post","link":"https:\/\/vosgesinfo.fr\/gerardmerinfo\/2026\/03\/rappel-aux-electeurs-a-lapproche-des-elections-municipales\/","title":{"rendered":"Rappel aux \u00e9lecteurs \u00e0 l\u2019approche des \u00e9lections municipales"},"content":{"rendered":"<h3 class=\"m_3340945330540713590MsoNoSpacing\">\u00c0 l\u2019approche des \u00e9lections municipales, la Ville de G\u00e9rardmer souhaite rappeler \u00e0 l\u2019ensemble des \u00e9lecteurs les modalit\u00e9s pratiques pour participer au scrutin dans les meilleures conditions.<u><\/u><u><\/u><\/h3>\n<p class=\"m_3340945330540713590MsoNoSpacing\"><u><\/u>\u00a0<u><\/u><\/p>\n<ul type=\"disc\">\n<li class=\"m_3340945330540713590MsoNoSpacing\">La carte \u00e9lectorale facilite l\u2019identification de votre bureau de vote et contribue au bon d\u00e9roulement des op\u00e9rations \u00e9lectorales. Il est donc recommand\u00e9 de l\u2019apporter lors de votre venue au bureau de vote. Toutefois, conform\u00e9ment \u00e0 l\u2019article R.60 du Code Electoral, <u>la pr\u00e9sentation d\u2019une pi\u00e8ce d\u2019identit\u00e9 physique en cours de validit\u00e9 est obligatoire<\/u> pour pouvoir voter. Les \u00e9lecteurs, m\u00eame s\u2019ils ne disposent pas de leur carte \u00e9lectorale, sont donc invit\u00e9s \u00e0 se munir prioritairement de leur carte nationale d\u2019identit\u00e9, passeport ou autre pi\u00e8ce d\u2019identit\u00e9 conforme \u00e0 l\u2019article 1<sup>er<\/sup> de l\u2019Arr\u00eat\u00e9 du 16.11.2018. Sans pr\u00e9sentation d\u2019une pi\u00e8ce d\u2019identit\u00e9 physique, l\u2019\u00e9lecteur ne sera pas autoris\u00e9 \u00e0 prendre part au scrutin. <u><\/u><u><\/u><\/li>\n<\/ul>\n<p class=\"m_3340945330540713590MsoNoSpacing\"><u><\/u>\u00a0<u><\/u><\/p>\n<ul type=\"disc\">\n<li class=\"m_3340945330540713590MsoNoSpacing\">Les \u00e9lecteurs disposant d\u2019une procuration sont invit\u00e9s \u00e0 se pr\u00e9senter dans le bureau de vote de la personne pour laquelle ils votent, et non dans leur propre bureau de vote.<u><\/u><u><\/u><\/li>\n<\/ul>\n<p class=\"m_3340945330540713590MsoNoSpacing\"><u><\/u>\u00a0<u><\/u><\/p>\n<ul type=\"disc\">\n<li class=\"m_3340945330540713590MsoNoSpacing\">Les bureaux de vote de la commune de G\u00e9rardmer seront ouverts de 8h00 \u00e0 18h00. Chaque \u00e9lecteur est invit\u00e9 \u00e0 v\u00e9rifier l\u2019adresse de son bureau de vote indiqu\u00e9e sur sa carte \u00e9lectorale ou sur les services en ligne d\u00e9di\u00e9s (<a href=\"https:\/\/www.service-public.gouv.fr\/particuliers\/vosdroits\/R51788\" target=\"_blank\" rel=\"noopener\" data-saferedirecturl=\"https:\/\/www.google.com\/url?q=https:\/\/www.service-public.gouv.fr\/particuliers\/vosdroits\/R51788&amp;source=gmail&amp;ust=1773405271177000&amp;usg=AOvVaw2XSEUwZ1YRBY1ktYpSYUAt\">https:\/\/www.service-public.<wbr \/>gouv.fr\/particuliers\/<wbr \/>vosdroits\/R51788<\/a>). <u><\/u><u><\/u><\/li>\n<\/ul>\n<p class=\"m_3340945330540713590MsoNoSpacing\"><u><\/u>\u00a0<u><\/u><\/p>\n<p class=\"m_3340945330540713590MsoNoSpacing\">Les \u00e9lecteurs pourront se rendre dans leur bureau de vote habituel, r\u00e9parti sur les sites suivants :<u><\/u><u><\/u><\/p>\n<ul type=\"disc\">\n<li class=\"m_3340945330540713590MsoNoSpacing\"><b>Bureaux N\u00b01 \u00e0 N\u00b04<\/b>\u00a0: Espace Tilleul \u2013 16 rue Charles de Gaulle<u><\/u><u><\/u><\/li>\n<li class=\"m_3340945330540713590MsoNoSpacing\"><b>Bureau N\u00b05<\/b>\u00a0: Mairie \u2013 46 rue Charles de Gaulle<u><\/u><u><\/u><\/li>\n<li class=\"m_3340945330540713590MsoNoSpacing\"><b>Bureau N\u00b06<\/b>\u00a0: Ecole Jules Ferry \u2013 7 rue Jules Ferry<\/li>\n<\/ul>\n","protected":false},"excerpt":{"rendered":"<p>\u00c0 l\u2019approche des \u00e9lections municipales, la Ville de G\u00e9rardmer souhaite rappeler \u00e0 l\u2019ensemble des \u00e9lecteurs les modalit\u00e9s pratiques pour participer [&hellip;]<\/p>\n","protected":false},"author":391,"featured_media":87726,"comment_status":"closed","ping_status":"open","sticky":false,"template":"","format":"standard","meta":{"footnotes":""},"categories":[20,25,5647,13],"tags":[],"class_list":["post-89008","post","type-post","status-publish","format-standard","has-post-thumbnail","hentry","category-a-la-une","category-gerardmer","category-gerardmer-autres-sites","category-societe"],"acf":[],"yoast_head":"<!-- This site is optimized with the Yoast SEO plugin v22.5 - https:\/\/yoast.com\/wordpress\/plugins\/seo\/ -->\n<title>Rappel aux \u00e9lecteurs \u00e0 l\u2019approche des \u00e9lections municipales - Gerardmer Info<\/title>\n<meta name=\"robots\" content=\"index, follow, max-snippet:-1, max-image-preview:large, max-video-preview:-1\" \/>\n<link rel=\"canonical\" href=\"https:\/\/vosgesinfo.fr\/gerardmerinfo\/2026\/03\/rappel-aux-electeurs-a-lapproche-des-elections-municipales\/\" \/>\n<meta name=\"twitter:card\" content=\"summary_large_image\" \/>\n<meta name=\"twitter:title\" content=\"Rappel aux \u00e9lecteurs \u00e0 l\u2019approche des \u00e9lections municipales - Gerardmer Info\" \/>\n<meta name=\"twitter:description\" content=\"\u00c0 l\u2019approche des \u00e9lections municipales, la Ville de G\u00e9rardmer souhaite rappeler \u00e0 l\u2019ensemble des \u00e9lecteurs les modalit\u00e9s pratiques pour participer [&hellip;]\" \/>\n<meta name=\"twitter:image\" content=\"https:\/\/vosgesinfo.fr\/app\/uploads\/sites\/6\/2026\/02\/vote-elections-municipales.jpg\" \/>\n<meta name=\"twitter:creator\" content=\"@VosgesInfo88\" \/>\n<meta name=\"twitter:site\" content=\"@VosgesInfo88\" \/>\n<meta name=\"twitter:label1\" content=\"\u00c9crit par\" \/>\n\t<meta name=\"twitter:data1\" content=\"La redaction\" \/>\n\t<meta name=\"twitter:label2\" content=\"Dur\u00e9e de lecture estim\u00e9e\" \/>\n\t<meta name=\"twitter:data2\" content=\"1 minute\" \/>\n<script type=\"application\/ld+json\" class=\"yoast-schema-graph\">{\"@context\":\"https:\/\/schema.org\",\"@graph\":[{\"@type\":\"Article\",\"@id\":\"https:\/\/vosgesinfo.fr\/gerardmerinfo\/2026\/03\/rappel-aux-electeurs-a-lapproche-des-elections-municipales\/#article\",\"isPartOf\":{\"@id\":\"https:\/\/vosgesinfo.fr\/gerardmerinfo\/2026\/03\/rappel-aux-electeurs-a-lapproche-des-elections-municipales\/\"},\"author\":{\"name\":\"La redaction\",\"@id\":\"https:\/\/vosgesinfo.fr\/gerardmerinfo\/#\/schema\/person\/27a3695b06db98895b354c0765cdfc31\"},\"headline\":\"Rappel aux \u00e9lecteurs \u00e0 l\u2019approche des \u00e9lections municipales\",\"datePublished\":\"2026-03-13T04:55:10+00:00\",\"dateModified\":\"2026-03-12T12:36:43+00:00\",\"mainEntityOfPage\":{\"@id\":\"https:\/\/vosgesinfo.fr\/gerardmerinfo\/2026\/03\/rappel-aux-electeurs-a-lapproche-des-elections-municipales\/\"},\"wordCount\":286,\"publisher\":{\"@id\":\"https:\/\/vosgesinfo.fr\/gerardmerinfo\/#organization\"},\"image\":{\"@id\":\"https:\/\/vosgesinfo.fr\/gerardmerinfo\/2026\/03\/rappel-aux-electeurs-a-lapproche-des-elections-municipales\/#primaryimage\"},\"thumbnailUrl\":\"https:\/\/vosgesinfo.fr\/app\/uploads\/sites\/6\/2026\/02\/vote-elections-municipales.jpg\",\"articleSection\":[\"A la une\",\"G\u00e9rardmer\",\"Gerardmer\",\"Soci\u00e9t\u00e9\"],\"inLanguage\":\"fr-FR\"},{\"@type\":\"WebPage\",\"@id\":\"https:\/\/vosgesinfo.fr\/gerardmerinfo\/2026\/03\/rappel-aux-electeurs-a-lapproche-des-elections-municipales\/\",\"url\":\"https:\/\/vosgesinfo.fr\/gerardmerinfo\/2026\/03\/rappel-aux-electeurs-a-lapproche-des-elections-municipales\/\",\"name\":\"Rappel aux \u00e9lecteurs \u00e0 l\u2019approche des \u00e9lections municipales - Gerardmer Info\",\"isPartOf\":{\"@id\":\"https:\/\/vosgesinfo.fr\/gerardmerinfo\/#website\"},\"primaryImageOfPage\":{\"@id\":\"https:\/\/vosgesinfo.fr\/gerardmerinfo\/2026\/03\/rappel-aux-electeurs-a-lapproche-des-elections-municipales\/#primaryimage\"},\"image\":{\"@id\":\"https:\/\/vosgesinfo.fr\/gerardmerinfo\/2026\/03\/rappel-aux-electeurs-a-lapproche-des-elections-municipales\/#primaryimage\"},\"thumbnailUrl\":\"https:\/\/vosgesinfo.fr\/app\/uploads\/sites\/6\/2026\/02\/vote-elections-municipales.jpg\",\"datePublished\":\"2026-03-13T04:55:10+00:00\",\"dateModified\":\"2026-03-12T12:36:43+00:00\",\"breadcrumb\":{\"@id\":\"https:\/\/vosgesinfo.fr\/gerardmerinfo\/2026\/03\/rappel-aux-electeurs-a-lapproche-des-elections-municipales\/#breadcrumb\"},\"inLanguage\":\"fr-FR\",\"potentialAction\":[{\"@type\":\"ReadAction\",\"target\":[\"https:\/\/vosgesinfo.fr\/gerardmerinfo\/2026\/03\/rappel-aux-electeurs-a-lapproche-des-elections-municipales\/\"]}]},{\"@type\":\"ImageObject\",\"inLanguage\":\"fr-FR\",\"@id\":\"https:\/\/vosgesinfo.fr\/gerardmerinfo\/2026\/03\/rappel-aux-electeurs-a-lapproche-des-elections-municipales\/#primaryimage\",\"url\":\"https:\/\/vosgesinfo.fr\/app\/uploads\/sites\/6\/2026\/02\/vote-elections-municipales.jpg\",\"contentUrl\":\"https:\/\/vosgesinfo.fr\/app\/uploads\/sites\/6\/2026\/02\/vote-elections-municipales.jpg\",\"width\":1536,\"height\":1024},{\"@type\":\"BreadcrumbList\",\"@id\":\"https:\/\/vosgesinfo.fr\/gerardmerinfo\/2026\/03\/rappel-aux-electeurs-a-lapproche-des-elections-municipales\/#breadcrumb\",\"itemListElement\":[{\"@type\":\"ListItem\",\"position\":1,\"name\":\"Home\",\"item\":\"https:\/\/vosgesinfo.fr\/gerardmerinfo\/\"},{\"@type\":\"ListItem\",\"position\":2,\"name\":\"Rappel aux \u00e9lecteurs \u00e0 l\u2019approche des \u00e9lections municipales\"}]},{\"@type\":\"WebSite\",\"@id\":\"https:\/\/vosgesinfo.fr\/gerardmerinfo\/#website\",\"url\":\"https:\/\/vosgesinfo.fr\/gerardmerinfo\/\",\"name\":\"Gerardmer Info\",\"description\":\"Toute l&#039;actualit\u00e9 de G\u00e9rardmer\",\"publisher\":{\"@id\":\"https:\/\/vosgesinfo.fr\/gerardmerinfo\/#organization\"},\"alternateName\":\"Toute l'actualit\u00e9 de G\u00e9rardmer\",\"potentialAction\":[{\"@type\":\"SearchAction\",\"target\":{\"@type\":\"EntryPoint\",\"urlTemplate\":\"https:\/\/vosgesinfo.fr\/gerardmerinfo\/?s={search_term_string}\"},\"query-input\":\"required name=search_term_string\"}],\"inLanguage\":\"fr-FR\"},{\"@type\":\"Organization\",\"@id\":\"https:\/\/vosgesinfo.fr\/gerardmerinfo\/#organization\",\"name\":\"Gerardmer Info\",\"url\":\"https:\/\/vosgesinfo.fr\/gerardmerinfo\/\",\"logo\":{\"@type\":\"ImageObject\",\"inLanguage\":\"fr-FR\",\"@id\":\"https:\/\/vosgesinfo.fr\/gerardmerinfo\/#\/schema\/logo\/image\/\",\"url\":\"https:\/\/vosgesinfo.fr\/app\/uploads\/sites\/6\/2023\/08\/favicon-gerardmerinfo.png\",\"contentUrl\":\"https:\/\/vosgesinfo.fr\/app\/uploads\/sites\/6\/2023\/08\/favicon-gerardmerinfo.png\",\"width\":512,\"height\":512,\"caption\":\"Gerardmer Info\"},\"image\":{\"@id\":\"https:\/\/vosgesinfo.fr\/gerardmerinfo\/#\/schema\/logo\/image\/\"},\"sameAs\":[\"https:\/\/www.facebook.com\/profile.php?id=100049475262660\",\"https:\/\/x.com\/VosgesInfo88\",\"https:\/\/www.youtube.com\/@vosgesinfo\"]},{\"@type\":\"Person\",\"@id\":\"https:\/\/vosgesinfo.fr\/gerardmerinfo\/#\/schema\/person\/27a3695b06db98895b354c0765cdfc31\",\"name\":\"La redaction\",\"image\":{\"@type\":\"ImageObject\",\"inLanguage\":\"fr-FR\",\"@id\":\"https:\/\/vosgesinfo.fr\/gerardmerinfo\/#\/schema\/person\/image\/\",\"url\":\"https:\/\/secure.gravatar.com\/avatar\/64c76a78e501cedee55736f43f332df901e1896ae9cd8fad269ae2236dd0e8b6?s=96&d=mm&r=g\",\"contentUrl\":\"https:\/\/secure.gravatar.com\/avatar\/64c76a78e501cedee55736f43f332df901e1896ae9cd8fad269ae2236dd0e8b6?s=96&d=mm&r=g\",\"caption\":\"La redaction\"},\"url\":\"https:\/\/vosgesinfo.fr\/gerardmerinfo\/author\/la-redaction\/\"}]}<\/script>\n<!-- \/ Yoast SEO plugin. -->","yoast_head_json":{"title":"Rappel aux \u00e9lecteurs \u00e0 l\u2019approche des \u00e9lections municipales - Gerardmer Info","robots":{"index":"index","follow":"follow","max-snippet":"max-snippet:-1","max-image-preview":"max-image-preview:large","max-video-preview":"max-video-preview:-1"},"canonical":"https:\/\/vosgesinfo.fr\/gerardmerinfo\/2026\/03\/rappel-aux-electeurs-a-lapproche-des-elections-municipales\/","twitter_card":"summary_large_image","twitter_title":"Rappel aux \u00e9lecteurs \u00e0 l\u2019approche des \u00e9lections municipales - Gerardmer Info","twitter_description":"\u00c0 l\u2019approche des \u00e9lections municipales, la Ville de G\u00e9rardmer souhaite rappeler \u00e0 l\u2019ensemble des \u00e9lecteurs les modalit\u00e9s pratiques pour participer [&hellip;]","twitter_image":"https:\/\/vosgesinfo.fr\/app\/uploads\/sites\/6\/2026\/02\/vote-elections-municipales.jpg","twitter_creator":"@VosgesInfo88","twitter_site":"@VosgesInfo88","twitter_misc":{"\u00c9crit par":"La redaction","Dur\u00e9e de lecture estim\u00e9e":"1 minute"},"schema":{"@context":"https:\/\/schema.org","@graph":[{"@type":"Article","@id":"https:\/\/vosgesinfo.fr\/gerardmerinfo\/2026\/03\/rappel-aux-electeurs-a-lapproche-des-elections-municipales\/#article","isPartOf":{"@id":"https:\/\/vosgesinfo.fr\/gerardmerinfo\/2026\/03\/rappel-aux-electeurs-a-lapproche-des-elections-municipales\/"},"author":{"name":"La redaction","@id":"https:\/\/vosgesinfo.fr\/gerardmerinfo\/#\/schema\/person\/27a3695b06db98895b354c0765cdfc31"},"headline":"Rappel aux \u00e9lecteurs \u00e0 l\u2019approche des \u00e9lections municipales","datePublished":"2026-03-13T04:55:10+00:00","dateModified":"2026-03-12T12:36:43+00:00","mainEntityOfPage":{"@id":"https:\/\/vosgesinfo.fr\/gerardmerinfo\/2026\/03\/rappel-aux-electeurs-a-lapproche-des-elections-municipales\/"},"wordCount":286,"publisher":{"@id":"https:\/\/vosgesinfo.fr\/gerardmerinfo\/#organization"},"image":{"@id":"https:\/\/vosgesinfo.fr\/gerardmerinfo\/2026\/03\/rappel-aux-electeurs-a-lapproche-des-elections-municipales\/#primaryimage"},"thumbnailUrl":"https:\/\/vosgesinfo.fr\/app\/uploads\/sites\/6\/2026\/02\/vote-elections-municipales.jpg","articleSection":["A la une","G\u00e9rardmer","Gerardmer","Soci\u00e9t\u00e9"],"inLanguage":"fr-FR"},{"@type":"WebPage","@id":"https:\/\/vosgesinfo.fr\/gerardmerinfo\/2026\/03\/rappel-aux-electeurs-a-lapproche-des-elections-municipales\/","url":"https:\/\/vosgesinfo.fr\/gerardmerinfo\/2026\/03\/rappel-aux-electeurs-a-lapproche-des-elections-municipales\/","name":"Rappel aux \u00e9lecteurs \u00e0 l\u2019approche des \u00e9lections municipales - Gerardmer Info","isPartOf":{"@id":"https:\/\/vosgesinfo.fr\/gerardmerinfo\/#website"},"primaryImageOfPage":{"@id":"https:\/\/vosgesinfo.fr\/gerardmerinfo\/2026\/03\/rappel-aux-electeurs-a-lapproche-des-elections-municipales\/#primaryimage"},"image":{"@id":"https:\/\/vosgesinfo.fr\/gerardmerinfo\/2026\/03\/rappel-aux-electeurs-a-lapproche-des-elections-municipales\/#primaryimage"},"thumbnailUrl":"https:\/\/vosgesinfo.fr\/app\/uploads\/sites\/6\/2026\/02\/vote-elections-municipales.jpg","datePublished":"2026-03-13T04:55:10+00:00","dateModified":"2026-03-12T12:36:43+00:00","breadcrumb":{"@id":"https:\/\/vosgesinfo.fr\/gerardmerinfo\/2026\/03\/rappel-aux-electeurs-a-lapproche-des-elections-municipales\/#breadcrumb"},"inLanguage":"fr-FR","potentialAction":[{"@type":"ReadAction","target":["https:\/\/vosgesinfo.fr\/gerardmerinfo\/2026\/03\/rappel-aux-electeurs-a-lapproche-des-elections-municipales\/"]}]},{"@type":"ImageObject","inLanguage":"fr-FR","@id":"https:\/\/vosgesinfo.fr\/gerardmerinfo\/2026\/03\/rappel-aux-electeurs-a-lapproche-des-elections-municipales\/#primaryimage","url":"https:\/\/vosgesinfo.fr\/app\/uploads\/sites\/6\/2026\/02\/vote-elections-municipales.jpg","contentUrl":"https:\/\/vosgesinfo.fr\/app\/uploads\/sites\/6\/2026\/02\/vote-elections-municipales.jpg","width":1536,"height":1024},{"@type":"BreadcrumbList","@id":"https:\/\/vosgesinfo.fr\/gerardmerinfo\/2026\/03\/rappel-aux-electeurs-a-lapproche-des-elections-municipales\/#breadcrumb","itemListElement":[{"@type":"ListItem","position":1,"name":"Home","item":"https:\/\/vosgesinfo.fr\/gerardmerinfo\/"},{"@type":"ListItem","position":2,"name":"Rappel aux \u00e9lecteurs \u00e0 l\u2019approche des \u00e9lections municipales"}]},{"@type":"WebSite","@id":"https:\/\/vosgesinfo.fr\/gerardmerinfo\/#website","url":"https:\/\/vosgesinfo.fr\/gerardmerinfo\/","name":"Gerardmer Info","description":"Toute l&#039;actualit\u00e9 de G\u00e9rardmer","publisher":{"@id":"https:\/\/vosgesinfo.fr\/gerardmerinfo\/#organization"},"alternateName":"Toute l'actualit\u00e9 de G\u00e9rardmer","potentialAction":[{"@type":"SearchAction","target":{"@type":"EntryPoint","urlTemplate":"https:\/\/vosgesinfo.fr\/gerardmerinfo\/?s={search_term_string}"},"query-input":"required name=search_term_string"}],"inLanguage":"fr-FR"},{"@type":"Organization","@id":"https:\/\/vosgesinfo.fr\/gerardmerinfo\/#organization","name":"Gerardmer Info","url":"https:\/\/vosgesinfo.fr\/gerardmerinfo\/","logo":{"@type":"ImageObject","inLanguage":"fr-FR","@id":"https:\/\/vosgesinfo.fr\/gerardmerinfo\/#\/schema\/logo\/image\/","url":"https:\/\/vosgesinfo.fr\/app\/uploads\/sites\/6\/2023\/08\/favicon-gerardmerinfo.png","contentUrl":"https:\/\/vosgesinfo.fr\/app\/uploads\/sites\/6\/2023\/08\/favicon-gerardmerinfo.png","width":512,"height":512,"caption":"Gerardmer Info"},"image":{"@id":"https:\/\/vosgesinfo.fr\/gerardmerinfo\/#\/schema\/logo\/image\/"},"sameAs":["https:\/\/www.facebook.com\/profile.php?id=100049475262660","https:\/\/x.com\/VosgesInfo88","https:\/\/www.youtube.com\/@vosgesinfo"]},{"@type":"Person","@id":"https:\/\/vosgesinfo.fr\/gerardmerinfo\/#\/schema\/person\/27a3695b06db98895b354c0765cdfc31","name":"La redaction","image":{"@type":"ImageObject","inLanguage":"fr-FR","@id":"https:\/\/vosgesinfo.fr\/gerardmerinfo\/#\/schema\/person\/image\/","url":"https:\/\/secure.gravatar.com\/avatar\/64c76a78e501cedee55736f43f332df901e1896ae9cd8fad269ae2236dd0e8b6?s=96&d=mm&r=g","contentUrl":"https:\/\/secure.gravatar.com\/avatar\/64c76a78e501cedee55736f43f332df901e1896ae9cd8fad269ae2236dd0e8b6?s=96&d=mm&r=g","caption":"La redaction"},"url":"https:\/\/vosgesinfo.fr\/gerardmerinfo\/author\/la-redaction\/"}]}},"_links":{"self":[{"href":"https:\/\/vosgesinfo.fr\/gerardmerinfo\/wp-json\/wp\/v2\/posts\/89008","targetHints":{"allow":["GET"]}}],"collection":[{"href":"https:\/\/vosgesinfo.fr\/gerardmerinfo\/wp-json\/wp\/v2\/posts"}],"about":[{"href":"https:\/\/vosgesinfo.fr\/gerardmerinfo\/wp-json\/wp\/v2\/types\/post"}],"author":[{"embeddable":true,"href":"https:\/\/vosgesinfo.fr\/gerardmerinfo\/wp-json\/wp\/v2\/users\/391"}],"replies":[{"embeddable":true,"href":"https:\/\/vosgesinfo.fr\/gerardmerinfo\/wp-json\/wp\/v2\/comments?post=89008"}],"version-history":[{"count":1,"href":"https:\/\/vosgesinfo.fr\/gerardmerinfo\/wp-json\/wp\/v2\/posts\/89008\/revisions"}],"predecessor-version":[{"id":89009,"href":"https:\/\/vosgesinfo.fr\/gerardmerinfo\/wp-json\/wp\/v2\/posts\/89008\/revisions\/89009"}],"wp:featuredmedia":[{"embeddable":true,"href":"https:\/\/vosgesinfo.fr\/gerardmerinfo\/wp-json\/wp\/v2\/media\/87726"}],"wp:attachment":[{"href":"https:\/\/vosgesinfo.fr\/gerardmerinfo\/wp-json\/wp\/v2\/media?parent=89008"}],"wp:term":[{"taxonomy":"category","embeddable":true,"href":"https:\/\/vosgesinfo.fr\/gerardmerinfo\/wp-json\/wp\/v2\/categories?post=89008"},{"taxonomy":"post_tag","embeddable":true,"href":"https:\/\/vosgesinfo.fr\/gerardmerinfo\/wp-json\/wp\/v2\/tags?post=89008"}],"curies":[{"name":"wp","href":"https:\/\/api.w.org\/{rel}","templated":true}]}}